{"id":222531,"date":"2025-08-28T19:41:48","date_gmt":"2025-08-29T02:41:48","guid":{"rendered":"https:\/\/www.sonoraenequipo.com.mx\/?p=222531"},"modified":"2025-08-28T19:41:48","modified_gmt":"2025-08-29T02:41:48","slug":"marco-rubio-viajara-a-mexico-y-ecuador-la-proxima-semana","status":"publish","type":"post","link":"https:\/\/www.sonoraenequipo.com.mx\/marco-rubio-viajara-a-mexico-y-ecuador-la-proxima-semana\/","title":{"rendered":"Marco Rubio viajar\u00e1 a M\u00e9xico y Ecuador la pr\u00f3xima semana"},"content":{"rendered":"<p>El secretario de Estado de Estados Unidos Marco Rubio viajar\u00e1 a M\u00e9xico y Ecuador la pr\u00f3xima semana, dos visitas en las que busca avanzar en temas clave para el Gobierno de Estados Unidos, como la lucha contra el narcotr\u00e1fico y la inmigraci\u00f3n ilegal, la reducci\u00f3n del d\u00e9ficit comercial y contrarrestar la influencia de China en Latinoam\u00e9rica, se inform\u00f3 oficialmente el jueves (28.08.2025).<\/p>\n<p>&nbsp;<\/p>\n<p>Este viaje se produce cuando Washington refuerza su lucha contra grupos criminales con conexiones transnacionales, desde los carteles mexicanos a la banda transnacional Tren de Aragua o el Cartel de los Soles, ambos con origen en Venezuela, mientras la tensi\u00f3n est\u00e1 disparada ante el nutrido despliegue militar estadounidense en el Caribe para combatir el tr\u00e1fico de drogas.<\/p>\n<p>&nbsp;<\/p>\n<p>En M\u00e9xico est\u00e1 previsto que Rubio converse sobre el nuevo acuerdo de seguridad bilateral, que busca mayor coordinaci\u00f3n para combatir el flujo de narc\u00f3ticos hacia EE.UU., especialmente fentanilo, y el de armas hacia M\u00e9xico para cortar el suministro de los carteles.<\/p>\n<p>&nbsp;<\/p>\n<p>En Ecuador, la visita se enfocar\u00e1 en \u201ccontrarrestar a los actores malignos extra continentales\u201d, seg\u00fan explica un comunicado del Departamento de Estado publicado este jueves, en referencia a los compromisos adquiridos por Ecuador con China.<\/p>\n<p>Rubio aterriza el 2 de septiembre en la capital mexicana, donde est\u00e1 previsto que se re\u00fana con la presidenta Claudia Sheinbaum.<\/p>\n<p>&nbsp;<\/p>\n<p>Seg\u00fan un representante del Departamento de Estado, no se espera la firma de un documento relacionado con el acuerdo de seguridad exhaustivo, sino m\u00e1s bien la designaci\u00f3n de una serie de \u00abpasos adicionales para implementar en mayor profundidad el marco acordado en febrero\u201d.<\/p>\n<p>&nbsp;<\/p>\n<p>El marco mencionado se centraba en el respeto a la soberan\u00eda y la integridad territorial de cada pa\u00eds y mecanismos para fomentar la confianza y la cooperaci\u00f3n bilateral.<\/p>\n<p>&nbsp;<\/p>\n<p>En materia de inmigraci\u00f3n, Washington busca atajar los cruces fronterizos ilegales a EE.UU. de ciudadanos mexicanos, despu\u00e9s de que las pol\u00edticas del Gobierno Trump han desincentivado a migrantes de terceros pa\u00edses de tratar de llegar a territorio estadounidense.<\/p>\n<p>&nbsp;<\/p>\n<p>Reducir el d\u00e9ficit comercial mexicano con su vecino, que en 2024 fue de m\u00e1s de 157.000 millones de d\u00f3lares, o evitar que China aproveche el tr\u00e1nsito por territorio mexicano de sus mercanc\u00edas para que tengan acceso al mercado estadounidense sin abonar aranceles tambi\u00e9n estar\u00e1 sobre la mesa.<\/p>\n<p>&nbsp;<\/p>\n<p>En Ecuador, donde la llegada del secretario de Estado est\u00e1 prevista el 3 de septiembre, Washington espera poder conocer de cerca las necesidades del Gobierno de Noboa para tratar de reducir la excesiva dependencia que, seg\u00fan EE.UU., se gener\u00f3 con China durante la era de Rafael Correa.<\/p>\n<p><strong>Fecha de publicaci\u00f3n jueves 28 de agosto de 2025\/DW<\/strong><\/p>\n","protected":false},"excerpt":{"rendered":"<p>El secretario de Estado de Estados Unidos Marco Rubio viajar\u00e1 a M\u00e9xico y Ecuador la&#8230;<\/p>\n","protected":false},"author":1,"featured_media":222532,"comment_status":"open","ping_status":"open","sticky":false,"template":"","format":"standard","meta":{"_monsterinsights_skip_tracking":false,"_monsterinsights_sitenote_active":false,"_monsterinsights_sitenote_note":"","_monsterinsights_sitenote_category":0,"footnotes":""},"categories":[3],"tags":[2031,1916,53],"class_list":["post"],"yoast_head":" \n<title>Sonora en Equipo. Marco Rubio viajar\u00e1 a M\u00e9xico y Ecuador la pr\u00f3xima semana MUNDO<\/title>\n<meta name=\"description\" content=\"El secretario de Estado de Estados Unidos Marco Rubio viajar\u00e1 a M\u00e9xico y Ecuador la pr\u00f3xima semana, dos visitas en las que busca avanzar en temas clave En Sonora en Equipo publicamos toda la informaci\u00f3n de Sonora, M\u00e9xico y el Mundo de manera oportuna y busca que la libertad de expresi\u00f3n sea real. Visita nuestro medio informativo publicado desde Hermosillo, Sonora. %\" \/>\n<meta name=\"robots\" content=\"index, follow, max-snippet:-1, max-image-preview:large, max-video-preview:-1\" \/>\n<link rel=\"canonical\" href=\"https:\/\/www.sonoraenequipo.com.mx\/marco-rubio-viajara-a-mexico-y-ecuador-la-proxima-semana\/\" \/>\n<meta property=\"og:locale\" content=\"es_ES\" \/>\n<meta property=\"og:type\" content=\"article\" \/>\n<meta property=\"og:title\" content=\"Sonora en Equipo. Marco Rubio viajar\u00e1 a M\u00e9xico y Ecuador la pr\u00f3xima semana MUNDO\" \/>\n<meta property=\"og:description\" content=\"El secretario de Estado de Estados Unidos Marco Rubio viajar\u00e1 a M\u00e9xico y Ecuador la pr\u00f3xima semana, dos visitas en las que busca avanzar en temas clave En Sonora en Equipo publicamos toda la informaci\u00f3n de Sonora, M\u00e9xico y el Mundo de manera oportuna y busca que la libertad de expresi\u00f3n sea real. Visita nuestro medio informativo publicado desde Hermosillo, Sonora. %\" \/>\n<meta property=\"og:url\" content=\"https:\/\/www.sonoraenequipo.com.mx\/marco-rubio-viajara-a-mexico-y-ecuador-la-proxima-semana\/\" \/>\n<meta property=\"og:site_name\" content=\"Sonora en Equipo.\" \/>\n<meta property=\"article:publisher\" content=\"https:\/\/www.facebook.com\/SonoraEE\/\" \/>\n<meta property=\"article:author\" content=\"https:\/\/www.facebook.com\/SonoraEE\" \/>\n<meta property=\"article:published_time\" content=\"2025-08-29T02:41:48+00:00\" \/>\n<meta property=\"og:image\" content=\"https:\/\/www.sonoraenequipo.com.mx\/storage\/2025\/08\/marco-rubio.jpg\" \/>\n\t<meta property=\"og:image:width\" content=\"620\" \/>\n\t<meta property=\"og:image:height\" content=\"420\" \/>\n\t<meta property=\"og:image:type\" content=\"image\/jpeg\" \/>\n<meta name=\"author\" content=\"enequipo\" \/>\n<meta name=\"twitter:card\" content=\"summary_large_image\" \/>\n<meta name=\"twitter:creator\" content=\"@sonoraenequipo\" \/>\n<meta name=\"twitter:site\" content=\"@sonoraenequipo\" \/>\n<meta name=\"twitter:label1\" content=\"Escrito por\" \/>\n\t<meta name=\"twitter:data1\" content=\"enequipo\" \/>\n\t<meta name=\"twitter:label2\" content=\"Tiempo de lectura\" \/>\n\t<meta name=\"twitter:data2\" content=\"2 minutos\" \/>\n<script type=\"application\/ld+json\" class=\"yoast-schema-graph\">{\"@context\":\"https:\/\/schema.org\",\"@graph\":[{\"@type\":\"Article\",\"@id\":\"https:\/\/www.sonoraenequipo.com.mx\/marco-rubio-viajara-a-mexico-y-ecuador-la-proxima-semana\/#article\",\"isPartOf\":{\"@id\":\"https:\/\/www.sonoraenequipo.com.mx\/marco-rubio-viajara-a-mexico-y-ecuador-la-proxima-semana\/\"},\"author\":{\"name\":\"enequipo\",\"@id\":\"https:\/\/www.sonoraenequipo.com.mx\/#\/schema\/person\/50102df0fb23a8fa9e8effad8fa81386\"},\"headline\":\"Marco Rubio viajar\u00e1 a M\u00e9xico y Ecuador la pr\u00f3xima semana\",\"datePublished\":\"2025-08-29T02:41:48+00:00\",\"mainEntityOfPage\":{\"@id\":\"https:\/\/www.sonoraenequipo.com.mx\/marco-rubio-viajara-a-mexico-y-ecuador-la-proxima-semana\/\"},\"wordCount\":478,\"commentCount\":0,\"publisher\":{\"@id\":\"https:\/\/www.sonoraenequipo.com.mx\/#organization\"},\"image\":{\"@id\":\"https:\/\/www.sonoraenequipo.com.mx\/marco-rubio-viajara-a-mexico-y-ecuador-la-proxima-semana\/#primaryimage\"},\"thumbnailUrl\":\"https:\/\/www.sonoraenequipo.com.mx\/storage\/2025\/08\/marco-rubio.jpg\",\"keywords\":[\"Ecuador\",\"EE UU\",\"mexico\"],\"articleSection\":[\"MUNDO\"],\"inLanguage\":\"es\",\"potentialAction\":[{\"@type\":\"CommentAction\",\"name\":\"Comment\",\"target\":[\"https:\/\/www.sonoraenequipo.com.mx\/marco-rubio-viajara-a-mexico-y-ecuador-la-proxima-semana\/#respond\"]}]},{\"@type\":\"WebPage\",\"@id\":\"https:\/\/www.sonoraenequipo.com.mx\/marco-rubio-viajara-a-mexico-y-ecuador-la-proxima-semana\/\",\"url\":\"https:\/\/www.sonoraenequipo.com.mx\/marco-rubio-viajara-a-mexico-y-ecuador-la-proxima-semana\/\",\"name\":\"Sonora en Equipo. Marco Rubio viajar\u00e1 a M\u00e9xico y Ecuador la pr\u00f3xima semana MUNDO\",\"isPartOf\":{\"@id\":\"https:\/\/www.sonoraenequipo.com.mx\/#website\"},\"primaryImageOfPage\":{\"@id\":\"https:\/\/www.sonoraenequipo.com.mx\/marco-rubio-viajara-a-mexico-y-ecuador-la-proxima-semana\/#primaryimage\"},\"image\":{\"@id\":\"https:\/\/www.sonoraenequipo.com.mx\/marco-rubio-viajara-a-mexico-y-ecuador-la-proxima-semana\/#primaryimage\"},\"thumbnailUrl\":\"https:\/\/www.sonoraenequipo.com.mx\/storage\/2025\/08\/marco-rubio.jpg\",\"datePublished\":\"2025-08-29T02:41:48+00:00\",\"description\":\"El secretario de Estado de Estados Unidos Marco Rubio viajar\u00e1 a M\u00e9xico y Ecuador la pr\u00f3xima semana, dos visitas en las que busca avanzar en temas clave En Sonora en Equipo publicamos toda la informaci\u00f3n de Sonora, M\u00e9xico y el Mundo de manera oportuna y busca que la libertad de expresi\u00f3n sea real. Visita nuestro medio informativo publicado desde Hermosillo, Sonora. %\",\"breadcrumb\":{\"@id\":\"https:\/\/www.sonoraenequipo.com.mx\/marco-rubio-viajara-a-mexico-y-ecuador-la-proxima-semana\/#breadcrumb\"},\"inLanguage\":\"es\",\"potentialAction\":[{\"@type\":\"ReadAction\",\"target\":[\"https:\/\/www.sonoraenequipo.com.mx\/marco-rubio-viajara-a-mexico-y-ecuador-la-proxima-semana\/\"]}]},{\"@type\":\"ImageObject\",\"inLanguage\":\"es\",\"@id\":\"https:\/\/www.sonoraenequipo.com.mx\/marco-rubio-viajara-a-mexico-y-ecuador-la-proxima-semana\/#primaryimage\",\"url\":\"https:\/\/www.sonoraenequipo.com.mx\/storage\/2025\/08\/marco-rubio.jpg\",\"contentUrl\":\"https:\/\/www.sonoraenequipo.com.mx\/storage\/2025\/08\/marco-rubio.jpg\",\"width\":620,\"height\":420,\"caption\":\"Marco Rubio imagen de archivo. AFP\"},{\"@type\":\"BreadcrumbList\",\"@id\":\"https:\/\/www.sonoraenequipo.com.mx\/marco-rubio-viajara-a-mexico-y-ecuador-la-proxima-semana\/#breadcrumb\",\"itemListElement\":[{\"@type\":\"ListItem\",\"position\":1,\"name\":\"Portada\",\"item\":\"https:\/\/www.sonoraenequipo.com.mx\/\"},{\"@type\":\"ListItem\",\"position\":2,\"name\":\"Marco Rubio viajar\u00e1 a M\u00e9xico y Ecuador la pr\u00f3xima semana\"}]},{\"@type\":\"WebSite\",\"@id\":\"https:\/\/www.sonoraenequipo.com.mx\/#website\",\"url\":\"https:\/\/www.sonoraenequipo.com.mx\/\",\"name\":\"Sonora en Equipo.\",\"description\":\"Diario en l\u00ednea con Noticias desde Hermosillo, Sonora\",\"publisher\":{\"@id\":\"https:\/\/www.sonoraenequipo.com.mx\/#organization\"},\"potentialAction\":[{\"@type\":\"SearchAction\",\"target\":{\"@type\":\"EntryPoint\",\"urlTemplate\":\"https:\/\/www.sonoraenequipo.com.mx\/?s={search_term_string}\"},\"query-input\":{\"@type\":\"PropertyValueSpecification\",\"valueRequired\":true,\"valueName\":\"search_term_string\"}}],\"inLanguage\":\"es\"},{\"@type\":\"Organization\",\"@id\":\"https:\/\/www.sonoraenequipo.com.mx\/#organization\",\"name\":\"Sonoraenequipo.com.mx\",\"url\":\"https:\/\/www.sonoraenequipo.com.mx\/\",\"logo\":{\"@type\":\"ImageObject\",\"inLanguage\":\"es\",\"@id\":\"https:\/\/www.sonoraenequipo.com.mx\/#\/schema\/logo\/image\/\",\"url\":\"https:\/\/www.sonoraenequipo.com.mx\/storage\/2019\/01\/sonoraenequipo_opt.png\",\"contentUrl\":\"https:\/\/www.sonoraenequipo.com.mx\/storage\/2019\/01\/sonoraenequipo_opt.png\",\"width\":375,\"height\":125,\"caption\":\"Sonoraenequipo.com.mx\"},\"image\":{\"@id\":\"https:\/\/www.sonoraenequipo.com.mx\/#\/schema\/logo\/image\/\"},\"sameAs\":[\"https:\/\/www.facebook.com\/SonoraEE\/\",\"https:\/\/x.com\/sonoraenequipo\",\"https:\/\/www.youtube.com\/channel\/UC338nW-lPEYmJQs4ZABQ1SQ\"]},{\"@type\":\"Person\",\"@id\":\"https:\/\/www.sonoraenequipo.com.mx\/#\/schema\/person\/50102df0fb23a8fa9e8effad8fa81386\",\"name\":\"enequipo\",\"image\":{\"@type\":\"ImageObject\",\"inLanguage\":\"es\",\"@id\":\"https:\/\/www.sonoraenequipo.com.mx\/#\/schema\/person\/image\/\",\"url\":\"https:\/\/secure.gravatar.com\/avatar\/049821681b589dabc0bc20695993ccebb09f5b5d4d790cd9251b97faac7c652b?s=96&d=blank&r=g\",\"contentUrl\":\"https:\/\/secure.gravatar.com\/avatar\/049821681b589dabc0bc20695993ccebb09f5b5d4d790cd9251b97faac7c652b?s=96&d=blank&r=g\",\"caption\":\"enequipo\"},\"sameAs\":[\"https:\/\/www.facebook.com\/SonoraEE\"]}]}<\/script>\n ","yoast_head_json":{"title":"Sonora en Equipo. Marco Rubio viajar\u00e1 a M\u00e9xico y Ecuador la pr\u00f3xima semana MUNDO","description":"El secretario de Estado de Estados Unidos Marco Rubio viajar\u00e1 a M\u00e9xico y Ecuador la pr\u00f3xima semana, dos visitas en las que busca avanzar en temas clave En Sonora en Equipo publicamos toda la informaci\u00f3n de Sonora, M\u00e9xico y el Mundo de manera oportuna y busca que la libertad de expresi\u00f3n sea real. Visita nuestro medio informativo publicado desde Hermosillo, Sonora. %","robots":{"index":"index","follow":"follow","max-snippet":"max-snippet:-1","max-image-preview":"max-image-preview:large","max-video-preview":"max-video-preview:-1"},"canonical":"https:\/\/www.sonoraenequipo.com.mx\/marco-rubio-viajara-a-mexico-y-ecuador-la-proxima-semana\/","og_locale":"es_ES","og_type":"article","og_title":"Sonora en Equipo. Marco Rubio viajar\u00e1 a M\u00e9xico y Ecuador la pr\u00f3xima semana MUNDO","og_description":"El secretario de Estado de Estados Unidos Marco Rubio viajar\u00e1 a M\u00e9xico y Ecuador la pr\u00f3xima semana, dos visitas en las que busca avanzar en temas clave En Sonora en Equipo publicamos toda la informaci\u00f3n de Sonora, M\u00e9xico y el Mundo de manera oportuna y busca que la libertad de expresi\u00f3n sea real. Visita nuestro medio informativo publicado desde Hermosillo, Sonora. %","og_url":"https:\/\/www.sonoraenequipo.com.mx\/marco-rubio-viajara-a-mexico-y-ecuador-la-proxima-semana\/","og_site_name":"Sonora en Equipo.","article_publisher":"https:\/\/www.facebook.com\/SonoraEE\/","article_author":"https:\/\/www.facebook.com\/SonoraEE","article_published_time":"2025-08-29T02:41:48+00:00","og_image":[{"width":620,"height":420,"url":"https:\/\/www.sonoraenequipo.com.mx\/storage\/2025\/08\/marco-rubio.jpg","type":"image\/jpeg"}],"author":"enequipo","twitter_card":"summary_large_image","twitter_creator":"@sonoraenequipo","twitter_site":"@sonoraenequipo","twitter_misc":{"Escrito por":"enequipo","Tiempo de lectura":"2 minutos"},"schema":{"@context":"https:\/\/schema.org","@graph":[{"@type":"Article","@id":"https:\/\/www.sonoraenequipo.com.mx\/marco-rubio-viajara-a-mexico-y-ecuador-la-proxima-semana\/#article","isPartOf":{"@id":"https:\/\/www.sonoraenequipo.com.mx\/marco-rubio-viajara-a-mexico-y-ecuador-la-proxima-semana\/"},"author":{"name":"enequipo","@id":"https:\/\/www.sonoraenequipo.com.mx\/#\/schema\/person\/50102df0fb23a8fa9e8effad8fa81386"},"headline":"Marco Rubio viajar\u00e1 a M\u00e9xico y Ecuador la pr\u00f3xima semana","datePublished":"2025-08-29T02:41:48+00:00","mainEntityOfPage":{"@id":"https:\/\/www.sonoraenequipo.com.mx\/marco-rubio-viajara-a-mexico-y-ecuador-la-proxima-semana\/"},"wordCount":478,"commentCount":0,"publisher":{"@id":"https:\/\/www.sonoraenequipo.com.mx\/#organization"},"image":{"@id":"https:\/\/www.sonoraenequipo.com.mx\/marco-rubio-viajara-a-mexico-y-ecuador-la-proxima-semana\/#primaryimage"},"thumbnailUrl":"https:\/\/www.sonoraenequipo.com.mx\/storage\/2025\/08\/marco-rubio.jpg","keywords":["Ecuador","EE UU","mexico"],"articleSection":["MUNDO"],"inLanguage":"es","potentialAction":[{"@type":"CommentAction","name":"Comment","target":["https:\/\/www.sonoraenequipo.com.mx\/marco-rubio-viajara-a-mexico-y-ecuador-la-proxima-semana\/#respond"]}]},{"@type":"WebPage","@id":"https:\/\/www.sonoraenequipo.com.mx\/marco-rubio-viajara-a-mexico-y-ecuador-la-proxima-semana\/","url":"https:\/\/www.sonoraenequipo.com.mx\/marco-rubio-viajara-a-mexico-y-ecuador-la-proxima-semana\/","name":"Sonora en Equipo. Marco Rubio viajar\u00e1 a M\u00e9xico y Ecuador la pr\u00f3xima semana MUNDO","isPartOf":{"@id":"https:\/\/www.sonoraenequipo.com.mx\/#website"},"primaryImageOfPage":{"@id":"https:\/\/www.sonoraenequipo.com.mx\/marco-rubio-viajara-a-mexico-y-ecuador-la-proxima-semana\/#primaryimage"},"image":{"@id":"https:\/\/www.sonoraenequipo.com.mx\/marco-rubio-viajara-a-mexico-y-ecuador-la-proxima-semana\/#primaryimage"},"thumbnailUrl":"https:\/\/www.sonoraenequipo.com.mx\/storage\/2025\/08\/marco-rubio.jpg","datePublished":"2025-08-29T02:41:48+00:00","description":"El secretario de Estado de Estados Unidos Marco Rubio viajar\u00e1 a M\u00e9xico y Ecuador la pr\u00f3xima semana, dos visitas en las que busca avanzar en temas clave En Sonora en Equipo publicamos toda la informaci\u00f3n de Sonora, M\u00e9xico y el Mundo de manera oportuna y busca que la libertad de expresi\u00f3n sea real. Visita nuestro medio informativo publicado desde Hermosillo, Sonora. %","breadcrumb":{"@id":"https:\/\/www.sonoraenequipo.com.mx\/marco-rubio-viajara-a-mexico-y-ecuador-la-proxima-semana\/#breadcrumb"},"inLanguage":"es","potentialAction":[{"@type":"ReadAction","target":["https:\/\/www.sonoraenequipo.com.mx\/marco-rubio-viajara-a-mexico-y-ecuador-la-proxima-semana\/"]}]},{"@type":"ImageObject","inLanguage":"es","@id":"https:\/\/www.sonoraenequipo.com.mx\/marco-rubio-viajara-a-mexico-y-ecuador-la-proxima-semana\/#primaryimage","url":"https:\/\/www.sonoraenequipo.com.mx\/storage\/2025\/08\/marco-rubio.jpg","contentUrl":"https:\/\/www.sonoraenequipo.com.mx\/storage\/2025\/08\/marco-rubio.jpg","width":620,"height":420,"caption":"Marco Rubio imagen de archivo. AFP"},{"@type":"BreadcrumbList","@id":"https:\/\/www.sonoraenequipo.com.mx\/marco-rubio-viajara-a-mexico-y-ecuador-la-proxima-semana\/#breadcrumb","itemListElement":[{"@type":"ListItem","position":1,"name":"Portada","item":"https:\/\/www.sonoraenequipo.com.mx\/"},{"@type":"ListItem","position":2,"name":"Marco Rubio viajar\u00e1 a M\u00e9xico y Ecuador la pr\u00f3xima semana"}]},{"@type":"WebSite","@id":"https:\/\/www.sonoraenequipo.com.mx\/#website","url":"https:\/\/www.sonoraenequipo.com.mx\/","name":"Sonora en Equipo.","description":"Diario en l\u00ednea con Noticias desde Hermosillo, Sonora","publisher":{"@id":"https:\/\/www.sonoraenequipo.com.mx\/#organization"},"potentialAction":[{"@type":"SearchAction","target":{"@type":"EntryPoint","urlTemplate":"https:\/\/www.sonoraenequipo.com.mx\/?s={search_term_string}"},"query-input":{"@type":"PropertyValueSpecification","valueRequired":true,"valueName":"search_term_string"}}],"inLanguage":"es"},{"@type":"Organization","@id":"https:\/\/www.sonoraenequipo.com.mx\/#organization","name":"Sonoraenequipo.com.mx","url":"https:\/\/www.sonoraenequipo.com.mx\/","logo":{"@type":"ImageObject","inLanguage":"es","@id":"https:\/\/www.sonoraenequipo.com.mx\/#\/schema\/logo\/image\/","url":"https:\/\/www.sonoraenequipo.com.mx\/storage\/2019\/01\/sonoraenequipo_opt.png","contentUrl":"https:\/\/www.sonoraenequipo.com.mx\/storage\/2019\/01\/sonoraenequipo_opt.png","width":375,"height":125,"caption":"Sonoraenequipo.com.mx"},"image":{"@id":"https:\/\/www.sonoraenequipo.com.mx\/#\/schema\/logo\/image\/"},"sameAs":["https:\/\/www.facebook.com\/SonoraEE\/","https:\/\/x.com\/sonoraenequipo","https:\/\/www.youtube.com\/channel\/UC338nW-lPEYmJQs4ZABQ1SQ"]},{"@type":"Person","@id":"https:\/\/www.sonoraenequipo.com.mx\/#\/schema\/person\/50102df0fb23a8fa9e8effad8fa81386","name":"enequipo","image":{"@type":"ImageObject","inLanguage":"es","@id":"https:\/\/www.sonoraenequipo.com.mx\/#\/schema\/person\/image\/","url":"https:\/\/secure.gravatar.com\/avatar\/049821681b589dabc0bc20695993ccebb09f5b5d4d790cd9251b97faac7c652b?s=96&d=blank&r=g","contentUrl":"https:\/\/secure.gravatar.com\/avatar\/049821681b589dabc0bc20695993ccebb09f5b5d4d790cd9251b97faac7c652b?s=96&d=blank&r=g","caption":"enequipo"},"sameAs":["https:\/\/www.facebook.com\/SonoraEE"]}]}},"jetpack_featured_media_url":"https:\/\/www.sonoraenequipo.com.mx\/storage\/2025\/08\/marco-rubio.jpg","_links":{"self":[{"href":"https:\/\/www.sonoraenequipo.com.mx\/api\/wp\/v2\/posts\/222531","targetHints":{"allow":["GET"]}}],"collection":[{"href":"https:\/\/www.sonoraenequipo.com.mx\/api\/wp\/v2\/posts"}],"about":[{"href":"https:\/\/www.sonoraenequipo.com.mx\/api\/wp\/v2\/types\/post"}],"author":[{"embeddable":true,"href":"https:\/\/www.sonoraenequipo.com.mx\/api\/wp\/v2\/users\/1"}],"replies":[{"embeddable":true,"href":"https:\/\/www.sonoraenequipo.com.mx\/api\/wp\/v2\/comments?post=222531"}],"version-history":[{"count":1,"href":"https:\/\/www.sonoraenequipo.com.mx\/api\/wp\/v2\/posts\/222531\/revisions"}],"predecessor-version":[{"id":222533,"href":"https:\/\/www.sonoraenequipo.com.mx\/api\/wp\/v2\/posts\/222531\/revisions\/222533"}],"wp:featuredmedia":[{"embeddable":true,"href":"https:\/\/www.sonoraenequipo.com.mx\/api\/wp\/v2\/media\/222532"}],"wp:attachment":[{"href":"https:\/\/www.sonoraenequipo.com.mx\/api\/wp\/v2\/media?parent=222531"}],"wp:term":[{"taxonomy":"category","embeddable":true,"href":"https:\/\/www.sonoraenequipo.com.mx\/api\/wp\/v2\/categories?post=222531"},{"taxonomy":"post_tag","embeddable":true,"href":"https:\/\/www.sonoraenequipo.com.mx\/api\/wp\/v2\/tags?post=222531"}],"curies":[{"name":"wp","href":"https:\/\/api.w.org\/{rel}","templated":true}]}}