{"id":222535,"date":"2025-08-28T19:54:18","date_gmt":"2025-08-29T02:54:18","guid":{"rendered":"https:\/\/www.sonoraenequipo.com.mx\/?p=222535"},"modified":"2025-08-28T19:54:18","modified_gmt":"2025-08-29T02:54:18","slug":"mexico-y-brasil-estrechan-su-relacion-comercial","status":"publish","type":"post","link":"https:\/\/www.sonoraenequipo.com.mx\/mexico-y-brasil-estrechan-su-relacion-comercial\/","title":{"rendered":"M\u00e9xico y Brasil estrechan su relaci\u00f3n comercial"},"content":{"rendered":"<p><strong>CIUDAD DE M\u00c9XICO.<\/strong><strong> \u0336 \u0336\u00a0 <\/strong>M\u00e9xico y Brasil acordaron fortalecer la cooperaci\u00f3n en desarrollo cient\u00edfico, econ\u00f3mico y comercial, tras dos d\u00edas de \u00abproductivas\u00bb reuniones en Ciudad de M\u00e9xico en medio de la preocupaci\u00f3n por las tensiones comerciales desatadas por el proteccionismo de Estados Unidos.<\/p>\n<p>&nbsp;<\/p>\n<p>El encuentro de alto nivel concluy\u00f3 este jueves (28.08.2025) con la reuni\u00f3n entre la presidenta mexicana, Claudia Sheinbaum, con la delegaci\u00f3n brasile\u00f1a en Palacio Nacional, encabezada por el vicepresidente de Brasil, Geraldo Alckmin, e integrada por casi 200 empresarios.<\/p>\n<p>&nbsp;<\/p>\n<p>\u00abRecibimos en Palacio Nacional a la delegaci\u00f3n de Brasil encabezada por el vicepresidente Geraldo Alckmin. En estos dos d\u00edas, se celebraron reuniones muy productivas entre autoridades y empresarios mexicanos y brasile\u00f1os para fortalecer la cooperaci\u00f3n en desarrollo cient\u00edfico, econ\u00f3mico y ambiental; tambi\u00e9n compartieron experiencias de impulso a la industrializaci\u00f3n\u201d, expuso Sheinbaum\u00a0 en un mensaje en redes sociales.<\/p>\n<p>&nbsp;<\/p>\n<p>Posterior al encuentro, Alckmin, tambi\u00e9n ministro de Desarrollo, Industria, Comercio y Servicios de Brasil, inform\u00f3 a medios que \u00abla conversaci\u00f3n fue muy buena\u00bb con el gobierno de Sheinbaum.<\/p>\n<p>Crear sinerg\u00edas entre las dos mayores econom\u00edas de Latinoam\u00e9rica<\/p>\n<p>Alckmin tambi\u00e9n aclar\u00f3 que Brasil \u00aben ning\u00fan momento se pens\u00f3 en tener una tratado libre comercio con M\u00e9xico, esto luego de que la mandataria mexicana descartase esa posibilidad.<\/p>\n<p>&nbsp;<\/p>\n<p>Alckmin destac\u00f3 que Brasil y M\u00e9xico \u00abson las dos econom\u00edas m\u00e1s grandes de Am\u00e9rica Latina, por lo que todo el trabajo consiste en crear sinergias, en poder aumentar el flujo comercial, que ya es importante (&#8230;) el trabajo consiste en aumentar estas inversiones rec\u00edprocas y el flujo comercial\u00bb.<\/p>\n<p>&nbsp;<\/p>\n<p>En cuanto al flujo comercial, dijo que \u00abM\u00e9xico es el sexto destino\u00bb de las exportaciones brasile\u00f1as.<\/p>\n<p>&nbsp;<\/p>\n<p>\u00abEs el d\u00e9cimo en importaciones y el s\u00e9ptimo en flujo comercial. El a\u00f1o pasado fueron casi 14.000 millones de d\u00f3lares. Hay un super\u00e1vit para Brasil de m\u00e1s de 2.000 millones de d\u00f3lares. Por lo tanto, es un flujo comercial importante\u00bb, remarc\u00f3.<\/p>\n<p>&nbsp;<\/p>\n<p>Por su parte, el secretario de Econom\u00eda mexicano, Marcelo Ebrard, anunci\u00f3 que ambos gobiernos firmaron un memor\u00e1ndum de entendimiento \u00abpara iniciar tareas de cooperaci\u00f3n\u00bb que tambi\u00e9n permitan a M\u00e9xico aumentar sus exportaciones automotrices a Brasil.<\/p>\n<p>&nbsp;<\/p>\n<p>De igual manera, se plante\u00f3 un pacto entre las agencias reguladoras sanitarias de ambos pa\u00edses para acelerar la aprobaci\u00f3n de nuevos medicamentos y la colaboraci\u00f3n en exploraci\u00f3n de petr\u00f3leo en aguas profundas, donde Brasil tiene \u00abuna experiencia muy grande\u00bb, destac\u00f3 Ebrard.<\/p>\n<p>&nbsp;<\/p>\n<p>\u00abBrasil produce y tiene tecnolog\u00eda en ciertas \u00e1reas que le interesan a M\u00e9xico y tambi\u00e9n nosotros tenemos desarrollo en ciertas \u00e1reas que le interesan\u00bb al pa\u00eds sudamericano, resumi\u00f3 la presidenta Sheinbaum.<\/p>\n<p><strong>Fecha de publicaci\u00f3n jueves 28 de agosto de 2025\/DW<\/strong><\/p>\n<p>&nbsp;<\/p>\n<p>&nbsp;<\/p>\n","protected":false},"excerpt":{"rendered":"<p>CIUDAD DE M\u00c9XICO. \u0336 \u0336\u00a0 M\u00e9xico y Brasil acordaron fortalecer la cooperaci\u00f3n en desarrollo cient\u00edfico,&#8230;<\/p>\n","protected":false},"author":1,"featured_media":220524,"comment_status":"open","ping_status":"open","sticky":false,"template":"","format":"standard","meta":{"_monsterinsights_skip_tracking":false,"_monsterinsights_sitenote_active":false,"_monsterinsights_sitenote_note":"","_monsterinsights_sitenote_category":0,"footnotes":""},"categories":[6493],"tags":[280,1953,53],"class_list":["post"],"yoast_head":" \n<title>Sonora en Equipo. M\u00e9xico y Brasil estrechan su relaci\u00f3n comercial PALABRAS Y N\u00daMEROS<\/title>\n<meta name=\"description\" content=\"CIUDAD DE M\u00c9XICO. \u0336 \u0336\u00a0 M\u00e9xico y Brasil acordaron fortalecer la cooperaci\u00f3n en desarrollo cient\u00edfico, econ\u00f3mico y comercial, tras dos d\u00edas de &quot;productivas&quot; En Sonora en Equipo publicamos toda la informaci\u00f3n de Sonora, M\u00e9xico y el Mundo de manera oportuna y busca que la libertad de expresi\u00f3n sea real. Visita nuestro medio informativo publicado desde Hermosillo, Sonora. %\" \/>\n<meta name=\"robots\" content=\"index, follow, max-snippet:-1, max-image-preview:large, max-video-preview:-1\" \/>\n<link rel=\"canonical\" href=\"https:\/\/www.sonoraenequipo.com.mx\/mexico-y-brasil-estrechan-su-relacion-comercial\/\" \/>\n<meta property=\"og:locale\" content=\"es_ES\" \/>\n<meta property=\"og:type\" content=\"article\" \/>\n<meta property=\"og:title\" content=\"Sonora en Equipo. M\u00e9xico y Brasil estrechan su relaci\u00f3n comercial PALABRAS Y N\u00daMEROS\" \/>\n<meta property=\"og:description\" content=\"CIUDAD DE M\u00c9XICO. \u0336 \u0336\u00a0 M\u00e9xico y Brasil acordaron fortalecer la cooperaci\u00f3n en desarrollo cient\u00edfico, econ\u00f3mico y comercial, tras dos d\u00edas de &quot;productivas&quot; En Sonora en Equipo publicamos toda la informaci\u00f3n de Sonora, M\u00e9xico y el Mundo de manera oportuna y busca que la libertad de expresi\u00f3n sea real. Visita nuestro medio informativo publicado desde Hermosillo, Sonora. %\" \/>\n<meta property=\"og:url\" content=\"https:\/\/www.sonoraenequipo.com.mx\/mexico-y-brasil-estrechan-su-relacion-comercial\/\" \/>\n<meta property=\"og:site_name\" content=\"Sonora en Equipo.\" \/>\n<meta property=\"article:publisher\" content=\"https:\/\/www.facebook.com\/SonoraEE\/\" \/>\n<meta property=\"article:author\" content=\"https:\/\/www.facebook.com\/SonoraEE\" \/>\n<meta property=\"article:published_time\" content=\"2025-08-29T02:54:18+00:00\" \/>\n<meta property=\"og:image\" content=\"https:\/\/www.sonoraenequipo.com.mx\/storage\/2025\/07\/csp-1.jpg\" \/>\n\t<meta property=\"og:image:width\" content=\"620\" \/>\n\t<meta property=\"og:image:height\" content=\"420\" \/>\n\t<meta property=\"og:image:type\" content=\"image\/jpeg\" \/>\n<meta name=\"author\" content=\"enequipo\" \/>\n<meta name=\"twitter:card\" content=\"summary_large_image\" \/>\n<meta name=\"twitter:creator\" content=\"@sonoraenequipo\" \/>\n<meta name=\"twitter:site\" content=\"@sonoraenequipo\" \/>\n<meta name=\"twitter:label1\" content=\"Escrito por\" \/>\n\t<meta name=\"twitter:data1\" content=\"enequipo\" \/>\n\t<meta name=\"twitter:label2\" content=\"Tiempo de lectura\" \/>\n\t<meta name=\"twitter:data2\" content=\"2 minutos\" \/>\n<script type=\"application\/ld+json\" class=\"yoast-schema-graph\">{\"@context\":\"https:\/\/schema.org\",\"@graph\":[{\"@type\":\"Article\",\"@id\":\"https:\/\/www.sonoraenequipo.com.mx\/mexico-y-brasil-estrechan-su-relacion-comercial\/#article\",\"isPartOf\":{\"@id\":\"https:\/\/www.sonoraenequipo.com.mx\/mexico-y-brasil-estrechan-su-relacion-comercial\/\"},\"author\":{\"name\":\"enequipo\",\"@id\":\"https:\/\/www.sonoraenequipo.com.mx\/#\/schema\/person\/50102df0fb23a8fa9e8effad8fa81386\"},\"headline\":\"M\u00e9xico y Brasil estrechan su relaci\u00f3n comercial\",\"datePublished\":\"2025-08-29T02:54:18+00:00\",\"mainEntityOfPage\":{\"@id\":\"https:\/\/www.sonoraenequipo.com.mx\/mexico-y-brasil-estrechan-su-relacion-comercial\/\"},\"wordCount\":494,\"commentCount\":0,\"publisher\":{\"@id\":\"https:\/\/www.sonoraenequipo.com.mx\/#organization\"},\"image\":{\"@id\":\"https:\/\/www.sonoraenequipo.com.mx\/mexico-y-brasil-estrechan-su-relacion-comercial\/#primaryimage\"},\"thumbnailUrl\":\"https:\/\/www.sonoraenequipo.com.mx\/storage\/2025\/07\/csp-1.jpg\",\"keywords\":[\"Brasil\",\"Comercio\",\"mexico\"],\"articleSection\":[\"PALABRAS Y N\u00daMEROS\"],\"inLanguage\":\"es\",\"potentialAction\":[{\"@type\":\"CommentAction\",\"name\":\"Comment\",\"target\":[\"https:\/\/www.sonoraenequipo.com.mx\/mexico-y-brasil-estrechan-su-relacion-comercial\/#respond\"]}]},{\"@type\":\"WebPage\",\"@id\":\"https:\/\/www.sonoraenequipo.com.mx\/mexico-y-brasil-estrechan-su-relacion-comercial\/\",\"url\":\"https:\/\/www.sonoraenequipo.com.mx\/mexico-y-brasil-estrechan-su-relacion-comercial\/\",\"name\":\"Sonora en Equipo. M\u00e9xico y Brasil estrechan su relaci\u00f3n comercial PALABRAS Y N\u00daMEROS\",\"isPartOf\":{\"@id\":\"https:\/\/www.sonoraenequipo.com.mx\/#website\"},\"primaryImageOfPage\":{\"@id\":\"https:\/\/www.sonoraenequipo.com.mx\/mexico-y-brasil-estrechan-su-relacion-comercial\/#primaryimage\"},\"image\":{\"@id\":\"https:\/\/www.sonoraenequipo.com.mx\/mexico-y-brasil-estrechan-su-relacion-comercial\/#primaryimage\"},\"thumbnailUrl\":\"https:\/\/www.sonoraenequipo.com.mx\/storage\/2025\/07\/csp-1.jpg\",\"datePublished\":\"2025-08-29T02:54:18+00:00\",\"description\":\"CIUDAD DE M\u00c9XICO. \u0336 \u0336\u00a0 M\u00e9xico y Brasil acordaron fortalecer la cooperaci\u00f3n en desarrollo cient\u00edfico, econ\u00f3mico y comercial, tras dos d\u00edas de \\\"productivas\\\" En Sonora en Equipo publicamos toda la informaci\u00f3n de Sonora, M\u00e9xico y el Mundo de manera oportuna y busca que la libertad de expresi\u00f3n sea real. Visita nuestro medio informativo publicado desde Hermosillo, Sonora. %\",\"breadcrumb\":{\"@id\":\"https:\/\/www.sonoraenequipo.com.mx\/mexico-y-brasil-estrechan-su-relacion-comercial\/#breadcrumb\"},\"inLanguage\":\"es\",\"potentialAction\":[{\"@type\":\"ReadAction\",\"target\":[\"https:\/\/www.sonoraenequipo.com.mx\/mexico-y-brasil-estrechan-su-relacion-comercial\/\"]}]},{\"@type\":\"ImageObject\",\"inLanguage\":\"es\",\"@id\":\"https:\/\/www.sonoraenequipo.com.mx\/mexico-y-brasil-estrechan-su-relacion-comercial\/#primaryimage\",\"url\":\"https:\/\/www.sonoraenequipo.com.mx\/storage\/2025\/07\/csp-1.jpg\",\"contentUrl\":\"https:\/\/www.sonoraenequipo.com.mx\/storage\/2025\/07\/csp-1.jpg\",\"width\":620,\"height\":420,\"caption\":\"Claudia Sheinbaum. Imagen archivo: presidencia\"},{\"@type\":\"BreadcrumbList\",\"@id\":\"https:\/\/www.sonoraenequipo.com.mx\/mexico-y-brasil-estrechan-su-relacion-comercial\/#breadcrumb\",\"itemListElement\":[{\"@type\":\"ListItem\",\"position\":1,\"name\":\"Portada\",\"item\":\"https:\/\/www.sonoraenequipo.com.mx\/\"},{\"@type\":\"ListItem\",\"position\":2,\"name\":\"M\u00e9xico y Brasil estrechan su relaci\u00f3n comercial\"}]},{\"@type\":\"WebSite\",\"@id\":\"https:\/\/www.sonoraenequipo.com.mx\/#website\",\"url\":\"https:\/\/www.sonoraenequipo.com.mx\/\",\"name\":\"Sonora en Equipo.\",\"description\":\"Diario en l\u00ednea con Noticias desde Hermosillo, Sonora\",\"publisher\":{\"@id\":\"https:\/\/www.sonoraenequipo.com.mx\/#organization\"},\"potentialAction\":[{\"@type\":\"SearchAction\",\"target\":{\"@type\":\"EntryPoint\",\"urlTemplate\":\"https:\/\/www.sonoraenequipo.com.mx\/?s={search_term_string}\"},\"query-input\":{\"@type\":\"PropertyValueSpecification\",\"valueRequired\":true,\"valueName\":\"search_term_string\"}}],\"inLanguage\":\"es\"},{\"@type\":\"Organization\",\"@id\":\"https:\/\/www.sonoraenequipo.com.mx\/#organization\",\"name\":\"Sonoraenequipo.com.mx\",\"url\":\"https:\/\/www.sonoraenequipo.com.mx\/\",\"logo\":{\"@type\":\"ImageObject\",\"inLanguage\":\"es\",\"@id\":\"https:\/\/www.sonoraenequipo.com.mx\/#\/schema\/logo\/image\/\",\"url\":\"https:\/\/www.sonoraenequipo.com.mx\/storage\/2019\/01\/sonoraenequipo_opt.png\",\"contentUrl\":\"https:\/\/www.sonoraenequipo.com.mx\/storage\/2019\/01\/sonoraenequipo_opt.png\",\"width\":375,\"height\":125,\"caption\":\"Sonoraenequipo.com.mx\"},\"image\":{\"@id\":\"https:\/\/www.sonoraenequipo.com.mx\/#\/schema\/logo\/image\/\"},\"sameAs\":[\"https:\/\/www.facebook.com\/SonoraEE\/\",\"https:\/\/x.com\/sonoraenequipo\",\"https:\/\/www.youtube.com\/channel\/UC338nW-lPEYmJQs4ZABQ1SQ\"]},{\"@type\":\"Person\",\"@id\":\"https:\/\/www.sonoraenequipo.com.mx\/#\/schema\/person\/50102df0fb23a8fa9e8effad8fa81386\",\"name\":\"enequipo\",\"image\":{\"@type\":\"ImageObject\",\"inLanguage\":\"es\",\"@id\":\"https:\/\/www.sonoraenequipo.com.mx\/#\/schema\/person\/image\/\",\"url\":\"https:\/\/secure.gravatar.com\/avatar\/049821681b589dabc0bc20695993ccebb09f5b5d4d790cd9251b97faac7c652b?s=96&d=blank&r=g\",\"contentUrl\":\"https:\/\/secure.gravatar.com\/avatar\/049821681b589dabc0bc20695993ccebb09f5b5d4d790cd9251b97faac7c652b?s=96&d=blank&r=g\",\"caption\":\"enequipo\"},\"sameAs\":[\"https:\/\/www.facebook.com\/SonoraEE\"]}]}<\/script>\n ","yoast_head_json":{"title":"Sonora en Equipo. M\u00e9xico y Brasil estrechan su relaci\u00f3n comercial PALABRAS Y N\u00daMEROS","description":"CIUDAD DE M\u00c9XICO. \u0336 \u0336\u00a0 M\u00e9xico y Brasil acordaron fortalecer la cooperaci\u00f3n en desarrollo cient\u00edfico, econ\u00f3mico y comercial, tras dos d\u00edas de \"productivas\" En Sonora en Equipo publicamos toda la informaci\u00f3n de Sonora, M\u00e9xico y el Mundo de manera oportuna y busca que la libertad de expresi\u00f3n sea real. Visita nuestro medio informativo publicado desde Hermosillo, Sonora. %","robots":{"index":"index","follow":"follow","max-snippet":"max-snippet:-1","max-image-preview":"max-image-preview:large","max-video-preview":"max-video-preview:-1"},"canonical":"https:\/\/www.sonoraenequipo.com.mx\/mexico-y-brasil-estrechan-su-relacion-comercial\/","og_locale":"es_ES","og_type":"article","og_title":"Sonora en Equipo. M\u00e9xico y Brasil estrechan su relaci\u00f3n comercial PALABRAS Y N\u00daMEROS","og_description":"CIUDAD DE M\u00c9XICO. \u0336 \u0336\u00a0 M\u00e9xico y Brasil acordaron fortalecer la cooperaci\u00f3n en desarrollo cient\u00edfico, econ\u00f3mico y comercial, tras dos d\u00edas de \"productivas\" En Sonora en Equipo publicamos toda la informaci\u00f3n de Sonora, M\u00e9xico y el Mundo de manera oportuna y busca que la libertad de expresi\u00f3n sea real. Visita nuestro medio informativo publicado desde Hermosillo, Sonora. %","og_url":"https:\/\/www.sonoraenequipo.com.mx\/mexico-y-brasil-estrechan-su-relacion-comercial\/","og_site_name":"Sonora en Equipo.","article_publisher":"https:\/\/www.facebook.com\/SonoraEE\/","article_author":"https:\/\/www.facebook.com\/SonoraEE","article_published_time":"2025-08-29T02:54:18+00:00","og_image":[{"width":620,"height":420,"url":"https:\/\/www.sonoraenequipo.com.mx\/storage\/2025\/07\/csp-1.jpg","type":"image\/jpeg"}],"author":"enequipo","twitter_card":"summary_large_image","twitter_creator":"@sonoraenequipo","twitter_site":"@sonoraenequipo","twitter_misc":{"Escrito por":"enequipo","Tiempo de lectura":"2 minutos"},"schema":{"@context":"https:\/\/schema.org","@graph":[{"@type":"Article","@id":"https:\/\/www.sonoraenequipo.com.mx\/mexico-y-brasil-estrechan-su-relacion-comercial\/#article","isPartOf":{"@id":"https:\/\/www.sonoraenequipo.com.mx\/mexico-y-brasil-estrechan-su-relacion-comercial\/"},"author":{"name":"enequipo","@id":"https:\/\/www.sonoraenequipo.com.mx\/#\/schema\/person\/50102df0fb23a8fa9e8effad8fa81386"},"headline":"M\u00e9xico y Brasil estrechan su relaci\u00f3n comercial","datePublished":"2025-08-29T02:54:18+00:00","mainEntityOfPage":{"@id":"https:\/\/www.sonoraenequipo.com.mx\/mexico-y-brasil-estrechan-su-relacion-comercial\/"},"wordCount":494,"commentCount":0,"publisher":{"@id":"https:\/\/www.sonoraenequipo.com.mx\/#organization"},"image":{"@id":"https:\/\/www.sonoraenequipo.com.mx\/mexico-y-brasil-estrechan-su-relacion-comercial\/#primaryimage"},"thumbnailUrl":"https:\/\/www.sonoraenequipo.com.mx\/storage\/2025\/07\/csp-1.jpg","keywords":["Brasil","Comercio","mexico"],"articleSection":["PALABRAS Y N\u00daMEROS"],"inLanguage":"es","potentialAction":[{"@type":"CommentAction","name":"Comment","target":["https:\/\/www.sonoraenequipo.com.mx\/mexico-y-brasil-estrechan-su-relacion-comercial\/#respond"]}]},{"@type":"WebPage","@id":"https:\/\/www.sonoraenequipo.com.mx\/mexico-y-brasil-estrechan-su-relacion-comercial\/","url":"https:\/\/www.sonoraenequipo.com.mx\/mexico-y-brasil-estrechan-su-relacion-comercial\/","name":"Sonora en Equipo. M\u00e9xico y Brasil estrechan su relaci\u00f3n comercial PALABRAS Y N\u00daMEROS","isPartOf":{"@id":"https:\/\/www.sonoraenequipo.com.mx\/#website"},"primaryImageOfPage":{"@id":"https:\/\/www.sonoraenequipo.com.mx\/mexico-y-brasil-estrechan-su-relacion-comercial\/#primaryimage"},"image":{"@id":"https:\/\/www.sonoraenequipo.com.mx\/mexico-y-brasil-estrechan-su-relacion-comercial\/#primaryimage"},"thumbnailUrl":"https:\/\/www.sonoraenequipo.com.mx\/storage\/2025\/07\/csp-1.jpg","datePublished":"2025-08-29T02:54:18+00:00","description":"CIUDAD DE M\u00c9XICO. \u0336 \u0336\u00a0 M\u00e9xico y Brasil acordaron fortalecer la cooperaci\u00f3n en desarrollo cient\u00edfico, econ\u00f3mico y comercial, tras dos d\u00edas de \"productivas\" En Sonora en Equipo publicamos toda la informaci\u00f3n de Sonora, M\u00e9xico y el Mundo de manera oportuna y busca que la libertad de expresi\u00f3n sea real. Visita nuestro medio informativo publicado desde Hermosillo, Sonora. %","breadcrumb":{"@id":"https:\/\/www.sonoraenequipo.com.mx\/mexico-y-brasil-estrechan-su-relacion-comercial\/#breadcrumb"},"inLanguage":"es","potentialAction":[{"@type":"ReadAction","target":["https:\/\/www.sonoraenequipo.com.mx\/mexico-y-brasil-estrechan-su-relacion-comercial\/"]}]},{"@type":"ImageObject","inLanguage":"es","@id":"https:\/\/www.sonoraenequipo.com.mx\/mexico-y-brasil-estrechan-su-relacion-comercial\/#primaryimage","url":"https:\/\/www.sonoraenequipo.com.mx\/storage\/2025\/07\/csp-1.jpg","contentUrl":"https:\/\/www.sonoraenequipo.com.mx\/storage\/2025\/07\/csp-1.jpg","width":620,"height":420,"caption":"Claudia Sheinbaum. Imagen archivo: presidencia"},{"@type":"BreadcrumbList","@id":"https:\/\/www.sonoraenequipo.com.mx\/mexico-y-brasil-estrechan-su-relacion-comercial\/#breadcrumb","itemListElement":[{"@type":"ListItem","position":1,"name":"Portada","item":"https:\/\/www.sonoraenequipo.com.mx\/"},{"@type":"ListItem","position":2,"name":"M\u00e9xico y Brasil estrechan su relaci\u00f3n comercial"}]},{"@type":"WebSite","@id":"https:\/\/www.sonoraenequipo.com.mx\/#website","url":"https:\/\/www.sonoraenequipo.com.mx\/","name":"Sonora en Equipo.","description":"Diario en l\u00ednea con Noticias desde Hermosillo, Sonora","publisher":{"@id":"https:\/\/www.sonoraenequipo.com.mx\/#organization"},"potentialAction":[{"@type":"SearchAction","target":{"@type":"EntryPoint","urlTemplate":"https:\/\/www.sonoraenequipo.com.mx\/?s={search_term_string}"},"query-input":{"@type":"PropertyValueSpecification","valueRequired":true,"valueName":"search_term_string"}}],"inLanguage":"es"},{"@type":"Organization","@id":"https:\/\/www.sonoraenequipo.com.mx\/#organization","name":"Sonoraenequipo.com.mx","url":"https:\/\/www.sonoraenequipo.com.mx\/","logo":{"@type":"ImageObject","inLanguage":"es","@id":"https:\/\/www.sonoraenequipo.com.mx\/#\/schema\/logo\/image\/","url":"https:\/\/www.sonoraenequipo.com.mx\/storage\/2019\/01\/sonoraenequipo_opt.png","contentUrl":"https:\/\/www.sonoraenequipo.com.mx\/storage\/2019\/01\/sonoraenequipo_opt.png","width":375,"height":125,"caption":"Sonoraenequipo.com.mx"},"image":{"@id":"https:\/\/www.sonoraenequipo.com.mx\/#\/schema\/logo\/image\/"},"sameAs":["https:\/\/www.facebook.com\/SonoraEE\/","https:\/\/x.com\/sonoraenequipo","https:\/\/www.youtube.com\/channel\/UC338nW-lPEYmJQs4ZABQ1SQ"]},{"@type":"Person","@id":"https:\/\/www.sonoraenequipo.com.mx\/#\/schema\/person\/50102df0fb23a8fa9e8effad8fa81386","name":"enequipo","image":{"@type":"ImageObject","inLanguage":"es","@id":"https:\/\/www.sonoraenequipo.com.mx\/#\/schema\/person\/image\/","url":"https:\/\/secure.gravatar.com\/avatar\/049821681b589dabc0bc20695993ccebb09f5b5d4d790cd9251b97faac7c652b?s=96&d=blank&r=g","contentUrl":"https:\/\/secure.gravatar.com\/avatar\/049821681b589dabc0bc20695993ccebb09f5b5d4d790cd9251b97faac7c652b?s=96&d=blank&r=g","caption":"enequipo"},"sameAs":["https:\/\/www.facebook.com\/SonoraEE"]}]}},"jetpack_featured_media_url":"https:\/\/www.sonoraenequipo.com.mx\/storage\/2025\/07\/csp-1.jpg","_links":{"self":[{"href":"https:\/\/www.sonoraenequipo.com.mx\/api\/wp\/v2\/posts\/222535","targetHints":{"allow":["GET"]}}],"collection":[{"href":"https:\/\/www.sonoraenequipo.com.mx\/api\/wp\/v2\/posts"}],"about":[{"href":"https:\/\/www.sonoraenequipo.com.mx\/api\/wp\/v2\/types\/post"}],"author":[{"embeddable":true,"href":"https:\/\/www.sonoraenequipo.com.mx\/api\/wp\/v2\/users\/1"}],"replies":[{"embeddable":true,"href":"https:\/\/www.sonoraenequipo.com.mx\/api\/wp\/v2\/comments?post=222535"}],"version-history":[{"count":1,"href":"https:\/\/www.sonoraenequipo.com.mx\/api\/wp\/v2\/posts\/222535\/revisions"}],"predecessor-version":[{"id":222536,"href":"https:\/\/www.sonoraenequipo.com.mx\/api\/wp\/v2\/posts\/222535\/revisions\/222536"}],"wp:featuredmedia":[{"embeddable":true,"href":"https:\/\/www.sonoraenequipo.com.mx\/api\/wp\/v2\/media\/220524"}],"wp:attachment":[{"href":"https:\/\/www.sonoraenequipo.com.mx\/api\/wp\/v2\/media?parent=222535"}],"wp:term":[{"taxonomy":"category","embeddable":true,"href":"https:\/\/www.sonoraenequipo.com.mx\/api\/wp\/v2\/categories?post=222535"},{"taxonomy":"post_tag","embeddable":true,"href":"https:\/\/www.sonoraenequipo.com.mx\/api\/wp\/v2\/tags?post=222535"}],"curies":[{"name":"wp","href":"https:\/\/api.w.org\/{rel}","templated":true}]}}