{"id":222537,"date":"2025-08-29T11:41:19","date_gmt":"2025-08-29T18:41:19","guid":{"rendered":"https:\/\/www.sonoraenequipo.com.mx\/?p=222537"},"modified":"2025-08-29T11:41:19","modified_gmt":"2025-08-29T18:41:19","slug":"analizan-en-comision-reforma-a-la-ley-de-obras-publicas-y-servicios","status":"publish","type":"post","link":"https:\/\/www.sonoraenequipo.com.mx\/analizan-en-comision-reforma-a-la-ley-de-obras-publicas-y-servicios\/","title":{"rendered":"Analizan en comisi\u00f3n reforma a la Ley de Obras P\u00fablicas y Servicios"},"content":{"rendered":"<p><strong>HERMOSILLO, SONORA, MX.<\/strong> \u2014 La Comisi\u00f3n de Obras y Servicios P\u00fablicos del Congreso del Estado llev\u00f3 a cabo una reuni\u00f3n en la que se analiz\u00f3 la propuesta de iniciativa que busca reformar la Ley de Obras P\u00fablicas y Servicios Relacionados con las Mismas.<\/p>\n<p>&nbsp;<\/p>\n<p>El diputado Norberto Barraza Almaz\u00e1n, presidente de la comisi\u00f3n, inform\u00f3 que esta propuesta fue suscrita por las y los integrantes del \u00f3rgano colegiado, con el prop\u00f3sito de incorporar, con derecho a voz, a un representante de la comisi\u00f3n en el Comit\u00e9 Estatal de Obras P\u00fablicas y Servicios del Estado. Explic\u00f3 que, con esta medida, se busca consolidar un esquema de trabajo m\u00e1s cercano y coordinado, que permita enriquecer y generar un mayor impacto en la toma de decisiones sobre proyectos de infraestructura.<\/p>\n<p>&nbsp;<\/p>\n<p>&nbsp;<\/p>\n<p>&nbsp;<\/p>\n<p>Por su parte, el secretario t\u00e9cnico de la comisi\u00f3n, Norberto Gracia Figueroa, destac\u00f3 que la incorporaci\u00f3n del Poder Legislativo a dicho comit\u00e9 permitir\u00e1 fortalecer los procesos de planeaci\u00f3n y ejecuci\u00f3n de la obra p\u00fablica.<\/p>\n<p>&nbsp;<\/p>\n<p>&nbsp;<\/p>\n<p>&nbsp;<\/p>\n<p>Se inform\u00f3 que la iniciativa ser\u00e1 presentada en los pr\u00f3ximos d\u00edas ante el Pleno del Congreso del Estado, a fin de que pueda ser discutida y, en su caso, aprobada por la 64 Legislatura.<\/p>\n<p>&nbsp;<\/p>\n<p>&nbsp;<\/p>\n<p>&nbsp;<\/p>\n<p>Durante la reuni\u00f3n, tambi\u00e9n se aprob\u00f3 desechar diversos asuntos turnados y remitidos a la Comisi\u00f3n de Obras y Servicios P\u00fablicos por la legislatura anterior, en virtud de haber cumplido con la figura de caducidad legislativa.<\/p>\n<p>&nbsp;<\/p>\n<p>Asimismo, estuvieron presentes la diputada Elia Sallard Hern\u00e1ndez (Morena) y el diputado Ra\u00fal Gonz\u00e1lez de la Vega.<\/p>\n<p><strong>Fecha de publicaci\u00f3n viernes 29 de agosto de 2025<\/strong><\/p>\n","protected":false},"excerpt":{"rendered":"<p>HERMOSILLO, SONORA, MX. \u2014 La Comisi\u00f3n de Obras y Servicios P\u00fablicos del Congreso del Estado&#8230;<\/p>\n","protected":false},"author":1,"featured_media":222538,"comment_status":"open","ping_status":"open","sticky":false,"template":"","format":"standard","meta":{"_monsterinsights_skip_tracking":false,"_monsterinsights_sitenote_active":false,"_monsterinsights_sitenote_note":"","_monsterinsights_sitenote_category":0,"footnotes":""},"categories":[3281],"tags":[11701],"class_list":["post"],"yoast_head":" \n<title>Sonora en Equipo. Analizan en comisi\u00f3n reforma a la Ley de Obras P\u00fablicas y Servicios Congreso<\/title>\n<meta name=\"description\" content=\"HERMOSILLO, SONORA, MX. \u2014 La Comisi\u00f3n de Obras y Servicios P\u00fablicos del Congreso del Estado llev\u00f3 a cabo una reuni\u00f3n en la que se analiz\u00f3 la propuesta de En Sonora en Equipo publicamos toda la informaci\u00f3n de Sonora, M\u00e9xico y el Mundo de manera oportuna y busca que la libertad de expresi\u00f3n sea real. Visita nuestro medio informativo publicado desde Hermosillo, Sonora. %\" \/>\n<meta name=\"robots\" content=\"index, follow, max-snippet:-1, max-image-preview:large, max-video-preview:-1\" \/>\n<link rel=\"canonical\" href=\"https:\/\/www.sonoraenequipo.com.mx\/analizan-en-comision-reforma-a-la-ley-de-obras-publicas-y-servicios\/\" \/>\n<meta property=\"og:locale\" content=\"es_ES\" \/>\n<meta property=\"og:type\" content=\"article\" \/>\n<meta property=\"og:title\" content=\"Sonora en Equipo. Analizan en comisi\u00f3n reforma a la Ley de Obras P\u00fablicas y Servicios Congreso\" \/>\n<meta property=\"og:description\" content=\"HERMOSILLO, SONORA, MX. \u2014 La Comisi\u00f3n de Obras y Servicios P\u00fablicos del Congreso del Estado llev\u00f3 a cabo una reuni\u00f3n en la que se analiz\u00f3 la propuesta de En Sonora en Equipo publicamos toda la informaci\u00f3n de Sonora, M\u00e9xico y el Mundo de manera oportuna y busca que la libertad de expresi\u00f3n sea real. Visita nuestro medio informativo publicado desde Hermosillo, Sonora. %\" \/>\n<meta property=\"og:url\" content=\"https:\/\/www.sonoraenequipo.com.mx\/analizan-en-comision-reforma-a-la-ley-de-obras-publicas-y-servicios\/\" \/>\n<meta property=\"og:site_name\" content=\"Sonora en Equipo.\" \/>\n<meta property=\"article:publisher\" content=\"https:\/\/www.facebook.com\/SonoraEE\/\" \/>\n<meta property=\"article:author\" content=\"https:\/\/www.facebook.com\/SonoraEE\" \/>\n<meta property=\"article:published_time\" content=\"2025-08-29T18:41:19+00:00\" \/>\n<meta property=\"og:image\" content=\"https:\/\/www.sonoraenequipo.com.mx\/storage\/2025\/08\/comision-obras.jpg\" \/>\n\t<meta property=\"og:image:width\" content=\"620\" \/>\n\t<meta property=\"og:image:height\" content=\"420\" \/>\n\t<meta property=\"og:image:type\" content=\"image\/jpeg\" \/>\n<meta name=\"author\" content=\"enequipo\" \/>\n<meta name=\"twitter:card\" content=\"summary_large_image\" \/>\n<meta name=\"twitter:creator\" content=\"@sonoraenequipo\" \/>\n<meta name=\"twitter:site\" content=\"@sonoraenequipo\" \/>\n<meta name=\"twitter:label1\" content=\"Escrito por\" \/>\n\t<meta name=\"twitter:data1\" content=\"enequipo\" \/>\n\t<meta name=\"twitter:label2\" content=\"Tiempo de lectura\" \/>\n\t<meta name=\"twitter:data2\" content=\"1 minuto\" \/>\n<script type=\"application\/ld+json\" class=\"yoast-schema-graph\">{\"@context\":\"https:\/\/schema.org\",\"@graph\":[{\"@type\":\"Article\",\"@id\":\"https:\/\/www.sonoraenequipo.com.mx\/analizan-en-comision-reforma-a-la-ley-de-obras-publicas-y-servicios\/#article\",\"isPartOf\":{\"@id\":\"https:\/\/www.sonoraenequipo.com.mx\/analizan-en-comision-reforma-a-la-ley-de-obras-publicas-y-servicios\/\"},\"author\":{\"name\":\"enequipo\",\"@id\":\"https:\/\/www.sonoraenequipo.com.mx\/#\/schema\/person\/50102df0fb23a8fa9e8effad8fa81386\"},\"headline\":\"Analizan en comisi\u00f3n reforma a la Ley de Obras P\u00fablicas y Servicios\",\"datePublished\":\"2025-08-29T18:41:19+00:00\",\"mainEntityOfPage\":{\"@id\":\"https:\/\/www.sonoraenequipo.com.mx\/analizan-en-comision-reforma-a-la-ley-de-obras-publicas-y-servicios\/\"},\"wordCount\":301,\"commentCount\":0,\"publisher\":{\"@id\":\"https:\/\/www.sonoraenequipo.com.mx\/#organization\"},\"image\":{\"@id\":\"https:\/\/www.sonoraenequipo.com.mx\/analizan-en-comision-reforma-a-la-ley-de-obras-publicas-y-servicios\/#primaryimage\"},\"thumbnailUrl\":\"https:\/\/www.sonoraenequipo.com.mx\/storage\/2025\/08\/comision-obras.jpg\",\"keywords\":[\"ley de servicios publicos\"],\"articleSection\":[\"Congreso\"],\"inLanguage\":\"es\",\"potentialAction\":[{\"@type\":\"CommentAction\",\"name\":\"Comment\",\"target\":[\"https:\/\/www.sonoraenequipo.com.mx\/analizan-en-comision-reforma-a-la-ley-de-obras-publicas-y-servicios\/#respond\"]}]},{\"@type\":\"WebPage\",\"@id\":\"https:\/\/www.sonoraenequipo.com.mx\/analizan-en-comision-reforma-a-la-ley-de-obras-publicas-y-servicios\/\",\"url\":\"https:\/\/www.sonoraenequipo.com.mx\/analizan-en-comision-reforma-a-la-ley-de-obras-publicas-y-servicios\/\",\"name\":\"Sonora en Equipo. Analizan en comisi\u00f3n reforma a la Ley de Obras P\u00fablicas y Servicios Congreso\",\"isPartOf\":{\"@id\":\"https:\/\/www.sonoraenequipo.com.mx\/#website\"},\"primaryImageOfPage\":{\"@id\":\"https:\/\/www.sonoraenequipo.com.mx\/analizan-en-comision-reforma-a-la-ley-de-obras-publicas-y-servicios\/#primaryimage\"},\"image\":{\"@id\":\"https:\/\/www.sonoraenequipo.com.mx\/analizan-en-comision-reforma-a-la-ley-de-obras-publicas-y-servicios\/#primaryimage\"},\"thumbnailUrl\":\"https:\/\/www.sonoraenequipo.com.mx\/storage\/2025\/08\/comision-obras.jpg\",\"datePublished\":\"2025-08-29T18:41:19+00:00\",\"description\":\"HERMOSILLO, SONORA, MX. \u2014 La Comisi\u00f3n de Obras y Servicios P\u00fablicos del Congreso del Estado llev\u00f3 a cabo una reuni\u00f3n en la que se analiz\u00f3 la propuesta de En Sonora en Equipo publicamos toda la informaci\u00f3n de Sonora, M\u00e9xico y el Mundo de manera oportuna y busca que la libertad de expresi\u00f3n sea real. Visita nuestro medio informativo publicado desde Hermosillo, Sonora. %\",\"breadcrumb\":{\"@id\":\"https:\/\/www.sonoraenequipo.com.mx\/analizan-en-comision-reforma-a-la-ley-de-obras-publicas-y-servicios\/#breadcrumb\"},\"inLanguage\":\"es\",\"potentialAction\":[{\"@type\":\"ReadAction\",\"target\":[\"https:\/\/www.sonoraenequipo.com.mx\/analizan-en-comision-reforma-a-la-ley-de-obras-publicas-y-servicios\/\"]}]},{\"@type\":\"ImageObject\",\"inLanguage\":\"es\",\"@id\":\"https:\/\/www.sonoraenequipo.com.mx\/analizan-en-comision-reforma-a-la-ley-de-obras-publicas-y-servicios\/#primaryimage\",\"url\":\"https:\/\/www.sonoraenequipo.com.mx\/storage\/2025\/08\/comision-obras.jpg\",\"contentUrl\":\"https:\/\/www.sonoraenequipo.com.mx\/storage\/2025\/08\/comision-obras.jpg\",\"width\":620,\"height\":420},{\"@type\":\"BreadcrumbList\",\"@id\":\"https:\/\/www.sonoraenequipo.com.mx\/analizan-en-comision-reforma-a-la-ley-de-obras-publicas-y-servicios\/#breadcrumb\",\"itemListElement\":[{\"@type\":\"ListItem\",\"position\":1,\"name\":\"Portada\",\"item\":\"https:\/\/www.sonoraenequipo.com.mx\/\"},{\"@type\":\"ListItem\",\"position\":2,\"name\":\"Analizan en comisi\u00f3n reforma a la Ley de Obras P\u00fablicas y Servicios\"}]},{\"@type\":\"WebSite\",\"@id\":\"https:\/\/www.sonoraenequipo.com.mx\/#website\",\"url\":\"https:\/\/www.sonoraenequipo.com.mx\/\",\"name\":\"Sonora en Equipo.\",\"description\":\"Diario en l\u00ednea con Noticias desde Hermosillo, Sonora\",\"publisher\":{\"@id\":\"https:\/\/www.sonoraenequipo.com.mx\/#organization\"},\"potentialAction\":[{\"@type\":\"SearchAction\",\"target\":{\"@type\":\"EntryPoint\",\"urlTemplate\":\"https:\/\/www.sonoraenequipo.com.mx\/?s={search_term_string}\"},\"query-input\":{\"@type\":\"PropertyValueSpecification\",\"valueRequired\":true,\"valueName\":\"search_term_string\"}}],\"inLanguage\":\"es\"},{\"@type\":\"Organization\",\"@id\":\"https:\/\/www.sonoraenequipo.com.mx\/#organization\",\"name\":\"Sonoraenequipo.com.mx\",\"url\":\"https:\/\/www.sonoraenequipo.com.mx\/\",\"logo\":{\"@type\":\"ImageObject\",\"inLanguage\":\"es\",\"@id\":\"https:\/\/www.sonoraenequipo.com.mx\/#\/schema\/logo\/image\/\",\"url\":\"https:\/\/www.sonoraenequipo.com.mx\/storage\/2019\/01\/sonoraenequipo_opt.png\",\"contentUrl\":\"https:\/\/www.sonoraenequipo.com.mx\/storage\/2019\/01\/sonoraenequipo_opt.png\",\"width\":375,\"height\":125,\"caption\":\"Sonoraenequipo.com.mx\"},\"image\":{\"@id\":\"https:\/\/www.sonoraenequipo.com.mx\/#\/schema\/logo\/image\/\"},\"sameAs\":[\"https:\/\/www.facebook.com\/SonoraEE\/\",\"https:\/\/x.com\/sonoraenequipo\",\"https:\/\/www.youtube.com\/channel\/UC338nW-lPEYmJQs4ZABQ1SQ\"]},{\"@type\":\"Person\",\"@id\":\"https:\/\/www.sonoraenequipo.com.mx\/#\/schema\/person\/50102df0fb23a8fa9e8effad8fa81386\",\"name\":\"enequipo\",\"image\":{\"@type\":\"ImageObject\",\"inLanguage\":\"es\",\"@id\":\"https:\/\/www.sonoraenequipo.com.mx\/#\/schema\/person\/image\/\",\"url\":\"https:\/\/secure.gravatar.com\/avatar\/049821681b589dabc0bc20695993ccebb09f5b5d4d790cd9251b97faac7c652b?s=96&d=blank&r=g\",\"contentUrl\":\"https:\/\/secure.gravatar.com\/avatar\/049821681b589dabc0bc20695993ccebb09f5b5d4d790cd9251b97faac7c652b?s=96&d=blank&r=g\",\"caption\":\"enequipo\"},\"sameAs\":[\"https:\/\/www.facebook.com\/SonoraEE\"]}]}<\/script>\n ","yoast_head_json":{"title":"Sonora en Equipo. Analizan en comisi\u00f3n reforma a la Ley de Obras P\u00fablicas y Servicios Congreso","description":"HERMOSILLO, SONORA, MX. \u2014 La Comisi\u00f3n de Obras y Servicios P\u00fablicos del Congreso del Estado llev\u00f3 a cabo una reuni\u00f3n en la que se analiz\u00f3 la propuesta de En Sonora en Equipo publicamos toda la informaci\u00f3n de Sonora, M\u00e9xico y el Mundo de manera oportuna y busca que la libertad de expresi\u00f3n sea real. Visita nuestro medio informativo publicado desde Hermosillo, Sonora. %","robots":{"index":"index","follow":"follow","max-snippet":"max-snippet:-1","max-image-preview":"max-image-preview:large","max-video-preview":"max-video-preview:-1"},"canonical":"https:\/\/www.sonoraenequipo.com.mx\/analizan-en-comision-reforma-a-la-ley-de-obras-publicas-y-servicios\/","og_locale":"es_ES","og_type":"article","og_title":"Sonora en Equipo. Analizan en comisi\u00f3n reforma a la Ley de Obras P\u00fablicas y Servicios Congreso","og_description":"HERMOSILLO, SONORA, MX. \u2014 La Comisi\u00f3n de Obras y Servicios P\u00fablicos del Congreso del Estado llev\u00f3 a cabo una reuni\u00f3n en la que se analiz\u00f3 la propuesta de En Sonora en Equipo publicamos toda la informaci\u00f3n de Sonora, M\u00e9xico y el Mundo de manera oportuna y busca que la libertad de expresi\u00f3n sea real. Visita nuestro medio informativo publicado desde Hermosillo, Sonora. %","og_url":"https:\/\/www.sonoraenequipo.com.mx\/analizan-en-comision-reforma-a-la-ley-de-obras-publicas-y-servicios\/","og_site_name":"Sonora en Equipo.","article_publisher":"https:\/\/www.facebook.com\/SonoraEE\/","article_author":"https:\/\/www.facebook.com\/SonoraEE","article_published_time":"2025-08-29T18:41:19+00:00","og_image":[{"width":620,"height":420,"url":"https:\/\/www.sonoraenequipo.com.mx\/storage\/2025\/08\/comision-obras.jpg","type":"image\/jpeg"}],"author":"enequipo","twitter_card":"summary_large_image","twitter_creator":"@sonoraenequipo","twitter_site":"@sonoraenequipo","twitter_misc":{"Escrito por":"enequipo","Tiempo de lectura":"1 minuto"},"schema":{"@context":"https:\/\/schema.org","@graph":[{"@type":"Article","@id":"https:\/\/www.sonoraenequipo.com.mx\/analizan-en-comision-reforma-a-la-ley-de-obras-publicas-y-servicios\/#article","isPartOf":{"@id":"https:\/\/www.sonoraenequipo.com.mx\/analizan-en-comision-reforma-a-la-ley-de-obras-publicas-y-servicios\/"},"author":{"name":"enequipo","@id":"https:\/\/www.sonoraenequipo.com.mx\/#\/schema\/person\/50102df0fb23a8fa9e8effad8fa81386"},"headline":"Analizan en comisi\u00f3n reforma a la Ley de Obras P\u00fablicas y Servicios","datePublished":"2025-08-29T18:41:19+00:00","mainEntityOfPage":{"@id":"https:\/\/www.sonoraenequipo.com.mx\/analizan-en-comision-reforma-a-la-ley-de-obras-publicas-y-servicios\/"},"wordCount":301,"commentCount":0,"publisher":{"@id":"https:\/\/www.sonoraenequipo.com.mx\/#organization"},"image":{"@id":"https:\/\/www.sonoraenequipo.com.mx\/analizan-en-comision-reforma-a-la-ley-de-obras-publicas-y-servicios\/#primaryimage"},"thumbnailUrl":"https:\/\/www.sonoraenequipo.com.mx\/storage\/2025\/08\/comision-obras.jpg","keywords":["ley de servicios publicos"],"articleSection":["Congreso"],"inLanguage":"es","potentialAction":[{"@type":"CommentAction","name":"Comment","target":["https:\/\/www.sonoraenequipo.com.mx\/analizan-en-comision-reforma-a-la-ley-de-obras-publicas-y-servicios\/#respond"]}]},{"@type":"WebPage","@id":"https:\/\/www.sonoraenequipo.com.mx\/analizan-en-comision-reforma-a-la-ley-de-obras-publicas-y-servicios\/","url":"https:\/\/www.sonoraenequipo.com.mx\/analizan-en-comision-reforma-a-la-ley-de-obras-publicas-y-servicios\/","name":"Sonora en Equipo. Analizan en comisi\u00f3n reforma a la Ley de Obras P\u00fablicas y Servicios Congreso","isPartOf":{"@id":"https:\/\/www.sonoraenequipo.com.mx\/#website"},"primaryImageOfPage":{"@id":"https:\/\/www.sonoraenequipo.com.mx\/analizan-en-comision-reforma-a-la-ley-de-obras-publicas-y-servicios\/#primaryimage"},"image":{"@id":"https:\/\/www.sonoraenequipo.com.mx\/analizan-en-comision-reforma-a-la-ley-de-obras-publicas-y-servicios\/#primaryimage"},"thumbnailUrl":"https:\/\/www.sonoraenequipo.com.mx\/storage\/2025\/08\/comision-obras.jpg","datePublished":"2025-08-29T18:41:19+00:00","description":"HERMOSILLO, SONORA, MX. \u2014 La Comisi\u00f3n de Obras y Servicios P\u00fablicos del Congreso del Estado llev\u00f3 a cabo una reuni\u00f3n en la que se analiz\u00f3 la propuesta de En Sonora en Equipo publicamos toda la informaci\u00f3n de Sonora, M\u00e9xico y el Mundo de manera oportuna y busca que la libertad de expresi\u00f3n sea real. Visita nuestro medio informativo publicado desde Hermosillo, Sonora. %","breadcrumb":{"@id":"https:\/\/www.sonoraenequipo.com.mx\/analizan-en-comision-reforma-a-la-ley-de-obras-publicas-y-servicios\/#breadcrumb"},"inLanguage":"es","potentialAction":[{"@type":"ReadAction","target":["https:\/\/www.sonoraenequipo.com.mx\/analizan-en-comision-reforma-a-la-ley-de-obras-publicas-y-servicios\/"]}]},{"@type":"ImageObject","inLanguage":"es","@id":"https:\/\/www.sonoraenequipo.com.mx\/analizan-en-comision-reforma-a-la-ley-de-obras-publicas-y-servicios\/#primaryimage","url":"https:\/\/www.sonoraenequipo.com.mx\/storage\/2025\/08\/comision-obras.jpg","contentUrl":"https:\/\/www.sonoraenequipo.com.mx\/storage\/2025\/08\/comision-obras.jpg","width":620,"height":420},{"@type":"BreadcrumbList","@id":"https:\/\/www.sonoraenequipo.com.mx\/analizan-en-comision-reforma-a-la-ley-de-obras-publicas-y-servicios\/#breadcrumb","itemListElement":[{"@type":"ListItem","position":1,"name":"Portada","item":"https:\/\/www.sonoraenequipo.com.mx\/"},{"@type":"ListItem","position":2,"name":"Analizan en comisi\u00f3n reforma a la Ley de Obras P\u00fablicas y Servicios"}]},{"@type":"WebSite","@id":"https:\/\/www.sonoraenequipo.com.mx\/#website","url":"https:\/\/www.sonoraenequipo.com.mx\/","name":"Sonora en Equipo.","description":"Diario en l\u00ednea con Noticias desde Hermosillo, Sonora","publisher":{"@id":"https:\/\/www.sonoraenequipo.com.mx\/#organization"},"potentialAction":[{"@type":"SearchAction","target":{"@type":"EntryPoint","urlTemplate":"https:\/\/www.sonoraenequipo.com.mx\/?s={search_term_string}"},"query-input":{"@type":"PropertyValueSpecification","valueRequired":true,"valueName":"search_term_string"}}],"inLanguage":"es"},{"@type":"Organization","@id":"https:\/\/www.sonoraenequipo.com.mx\/#organization","name":"Sonoraenequipo.com.mx","url":"https:\/\/www.sonoraenequipo.com.mx\/","logo":{"@type":"ImageObject","inLanguage":"es","@id":"https:\/\/www.sonoraenequipo.com.mx\/#\/schema\/logo\/image\/","url":"https:\/\/www.sonoraenequipo.com.mx\/storage\/2019\/01\/sonoraenequipo_opt.png","contentUrl":"https:\/\/www.sonoraenequipo.com.mx\/storage\/2019\/01\/sonoraenequipo_opt.png","width":375,"height":125,"caption":"Sonoraenequipo.com.mx"},"image":{"@id":"https:\/\/www.sonoraenequipo.com.mx\/#\/schema\/logo\/image\/"},"sameAs":["https:\/\/www.facebook.com\/SonoraEE\/","https:\/\/x.com\/sonoraenequipo","https:\/\/www.youtube.com\/channel\/UC338nW-lPEYmJQs4ZABQ1SQ"]},{"@type":"Person","@id":"https:\/\/www.sonoraenequipo.com.mx\/#\/schema\/person\/50102df0fb23a8fa9e8effad8fa81386","name":"enequipo","image":{"@type":"ImageObject","inLanguage":"es","@id":"https:\/\/www.sonoraenequipo.com.mx\/#\/schema\/person\/image\/","url":"https:\/\/secure.gravatar.com\/avatar\/049821681b589dabc0bc20695993ccebb09f5b5d4d790cd9251b97faac7c652b?s=96&d=blank&r=g","contentUrl":"https:\/\/secure.gravatar.com\/avatar\/049821681b589dabc0bc20695993ccebb09f5b5d4d790cd9251b97faac7c652b?s=96&d=blank&r=g","caption":"enequipo"},"sameAs":["https:\/\/www.facebook.com\/SonoraEE"]}]}},"jetpack_featured_media_url":"https:\/\/www.sonoraenequipo.com.mx\/storage\/2025\/08\/comision-obras.jpg","_links":{"self":[{"href":"https:\/\/www.sonoraenequipo.com.mx\/api\/wp\/v2\/posts\/222537","targetHints":{"allow":["GET"]}}],"collection":[{"href":"https:\/\/www.sonoraenequipo.com.mx\/api\/wp\/v2\/posts"}],"about":[{"href":"https:\/\/www.sonoraenequipo.com.mx\/api\/wp\/v2\/types\/post"}],"author":[{"embeddable":true,"href":"https:\/\/www.sonoraenequipo.com.mx\/api\/wp\/v2\/users\/1"}],"replies":[{"embeddable":true,"href":"https:\/\/www.sonoraenequipo.com.mx\/api\/wp\/v2\/comments?post=222537"}],"version-history":[{"count":1,"href":"https:\/\/www.sonoraenequipo.com.mx\/api\/wp\/v2\/posts\/222537\/revisions"}],"predecessor-version":[{"id":222539,"href":"https:\/\/www.sonoraenequipo.com.mx\/api\/wp\/v2\/posts\/222537\/revisions\/222539"}],"wp:featuredmedia":[{"embeddable":true,"href":"https:\/\/www.sonoraenequipo.com.mx\/api\/wp\/v2\/media\/222538"}],"wp:attachment":[{"href":"https:\/\/www.sonoraenequipo.com.mx\/api\/wp\/v2\/media?parent=222537"}],"wp:term":[{"taxonomy":"category","embeddable":true,"href":"https:\/\/www.sonoraenequipo.com.mx\/api\/wp\/v2\/categories?post=222537"},{"taxonomy":"post_tag","embeddable":true,"href":"https:\/\/www.sonoraenequipo.com.mx\/api\/wp\/v2\/tags?post=222537"}],"curies":[{"name":"wp","href":"https:\/\/api.w.org\/{rel}","templated":true}]}}