{"id":222556,"date":"2025-08-29T12:30:14","date_gmt":"2025-08-29T19:30:14","guid":{"rendered":"https:\/\/www.sonoraenequipo.com.mx\/?p=222556"},"modified":"2025-08-29T12:30:14","modified_gmt":"2025-08-29T19:30:14","slug":"no-necesitas-a-nadie-somos-nuestra-memoria","status":"publish","type":"post","link":"https:\/\/www.sonoraenequipo.com.mx\/no-necesitas-a-nadie-somos-nuestra-memoria\/","title":{"rendered":"\u00a0NO NECESITAS A NADIE .Somos nuestra memoria"},"content":{"rendered":"<p>\u201cNo necesitas a nadie, mental\u00edzate y enf\u00f3cate en ti\u201d, me dijo una persona joven de entre 25 y 30 a\u00f1os que estaba pasando por un muy mal momento; pidi\u00f3 ayuda antes de \u201chacer alguna otra cosa\u201d, obviamente ten\u00eda en sus pensamientos el suicidio.<\/p>\n<p>En realidad, escucho esas palabras e historias de manera reiterada todos los d\u00edas y los perfiles de estos hombres son muy similares, al borde del colapso, con la muerte soplando fuerte.<\/p>\n<p>En primera son hombres que muchas veces van al gimnasio y buscan por medio de distintas formas sacarse problemas que tienen en sus relaciones personales; lo hacen a trav\u00e9s del ejercicio, corriendo, en bicicleta, consumiendo prote\u00ednas, sustancias\u2026 buscan modificar su cuerpo -donde tienen encarnado el dolor no tramitado-, pensando que con modificar el cuerpo van a modificar su sufrimiento psicol\u00f3gico.<\/p>\n<p>Con ello no estoy diciendo que el practicar alg\u00fan deporte o actividad f\u00edsica es incorrecto, lo preocupante es cuando se hace de manera inconscientemente obsesiva, intentando a trav\u00e9s de \u00e9ste, disfrazar las necesidades emocionales, taponar los deseos que la subjetividad nos marca.<\/p>\n<p>\u201cNo necesitas a nadie\u201d: En realidad esa frase inicial tiene distintas formas de interpretarse. No necesitar a nadie en realidad es una creencia social falsa y err\u00f3nea, ya que la vida humana se encuentra interconectada con otras personas de manera cotidiana, y lo que se requiere m\u00e1s bien es contar con habilidades sociales para relacionarnos, bajarle al ego y subirle a la humildad. Nacemos y morimos con los otros, ese viejo cuento de Robinson Crusoe es otro invento gringo.<\/p>\n<p>No necesitar a nadie puede ser un llamado de auxilio tambi\u00e9n para aprender a vivir la soledad y el silencio, esas misteriosas formas de vida con la que andamos todas y todos siempre; tomar distancia como el puerco esp\u00edn, ni tan cerca que espine ni tan lejos que muera de fr\u00edo.<\/p>\n<p>No necesitar a nadie en general y todo el tiempo, es un exceso con fatales consecuencias, donde solo la terquedad es lo \u00fanico que nos es fiel.<\/p>\n<p>\u201cMental\u00edzate\u201d: Es un t\u00e9rmino antiguo que se est\u00e1 poniendo de moda nuevamente, sobre todo por la falta de novedades en la investigaci\u00f3n psicol\u00f3gica. Mentalizar muchas veces se usaba en referencia a pensar, a meditar, y algunas otras de manera despectiva con relaci\u00f3n a hipnotizar, transmitir pensamientos o leer la mente.<\/p>\n<p>El problema de la mentalizaci\u00f3n es que muchas veces se supone que se encuentra en una base org\u00e1nica y cerebral, cuando en realidad las funciones cognitivas y psicol\u00f3gicas de la mentalizaci\u00f3n justamente acontecen como un acto humano y subjetivo, definido por la interacci\u00f3n social, pol\u00edtica e hist\u00f3rica, que requiere nuevamente de habilidades socioemocionales, necesita de pr\u00e1cticas que solamente con las y los dem\u00e1s podemos lograr, con paciencia, dedicaci\u00f3n y ejercicios de generosidad; se requieren ejercicios de correspondencia justa, de atenci\u00f3n rec\u00edproca. La gente descuidada tiene pavor a eso, al encuentro de mundos entre las personas. Las pol\u00edticas p\u00fablicas y muchas relaciones de pareja modernas act\u00faan con sesgos de la mentalizaci\u00f3n.<\/p>\n<p>Como puede verse, decidir en la vida implica procesos mentales complejos, que no pueden resolverse de manera individual.<\/p>\n<p>\u201cEnf\u00f3cate en ti mismo\u201d: Es un esfuerzo por buscar dejar de pensar y gastar energ\u00eda en otras personas, lo que es imposible y tambi\u00e9n tormentoso. Enfocarse s\u00f3lo en la persona es un estado de locura, un ensimismamiento radical, y eso es casi imposible, o al menos sus consecuencias son indeseables, aunque no se sepa.<\/p>\n<p>Uno puede llegar a enfocarse en algunas partes de s\u00ed como algo necesario, es m\u00e1s, es un imperativo categ\u00f3rico olvidar, y en algunos momentos en la vida propia eso es real.<\/p>\n<p>Pero de eso a que el enfoque haga que nos desenfocamos de las dem\u00e1s personas, es producir un estado psic\u00f3tico, casi esquizofr\u00e9nico, donde la realidad se ver\u00e1 alterada a un punto sin regreso.<\/p>\n<p>Causas y azares\u2026<\/p>\n<ul>\n<li>Los empleados eventuales de la Secretar\u00eda de Salud se calculan en 3200 por Estado, con m\u00e1s de 18 a\u00f1os sosteniendo los servicios p\u00fablicos de salud, pasando por una pandemia, y siguen sin las mismas prestaciones que los recomendados disfrutan sin empacho y sin desquitar su salario, gracias a la hipocres\u00eda de las autoridades.<\/li>\n<li>La corrupci\u00f3n en el servicio p\u00fablico se encuentra tan desenfrenada, jugando a las locas en los medios de comunicaci\u00f3n, que los \u00fanicos que se sirven de ella son los pol\u00edticos\u2026 mientras saquean el presupuesto, y prometen que van por m\u00e1s.<\/li>\n<li>Comprar una casa de 12 millones, meter a toda la familia al presupuesto y declarar que la austeridad es para el pueblo bueno y sabio, viniendo de un partido r\u00e9mora, habla de la decadencia despreciable de los hambreados de siempre y del nivel de tonter\u00edas que se tienen que soportar en la calle.<\/li>\n<\/ul>\n<p>Hasta la pr\u00f3xima, que uno planta su propio jard\u00edn y decora su propia alma, en lugar de esperar a que alguien le traiga flores.<\/p>\n<p>Conoce m\u00e1s en: <a href=\"https:\/\/www.facebook.com\/psicologiaparatiii\/\">https:\/\/www.facebook.com\/psicologiaparatiii\/<\/a><\/p>\n<p><strong>Fecha de publicaci\u00f3n viernes 29 de agosto de 2025<\/strong><\/p>\n<p>&nbsp;<\/p>\n","protected":false},"excerpt":{"rendered":"<p>\u201cNo necesitas a nadie, mental\u00edzate y enf\u00f3cate en ti\u201d, me dijo una persona joven de&#8230;<\/p>\n","protected":false},"author":1,"featured_media":222557,"comment_status":"open","ping_status":"open","sticky":false,"template":"","format":"standard","meta":{"_monsterinsights_skip_tracking":false,"_monsterinsights_sitenote_active":false,"_monsterinsights_sitenote_note":"","_monsterinsights_sitenote_category":0,"footnotes":""},"categories":[14],"tags":[2110],"class_list":["post"],"yoast_head":" \n<title>Sonora en Equipo. \u00a0NO NECESITAS A NADIE .Somos nuestra memoria Voces<\/title>\n<meta name=\"description\" content=\"\u201cNo necesitas a nadie, mental\u00edzate y enf\u00f3cate en ti\u201d, me dijo una persona joven de entre 25 y 30 a\u00f1os que estaba pasando por un muy mal momento; pidi\u00f3 En Sonora en Equipo publicamos toda la informaci\u00f3n de Sonora, M\u00e9xico y el Mundo de manera oportuna y busca que la libertad de expresi\u00f3n sea real. Visita nuestro medio informativo publicado desde Hermosillo, Sonora. %\" \/>\n<meta name=\"robots\" content=\"index, follow, max-snippet:-1, max-image-preview:large, max-video-preview:-1\" \/>\n<link rel=\"canonical\" href=\"https:\/\/www.sonoraenequipo.com.mx\/no-necesitas-a-nadie-somos-nuestra-memoria\/\" \/>\n<meta property=\"og:locale\" content=\"es_ES\" \/>\n<meta property=\"og:type\" content=\"article\" \/>\n<meta property=\"og:title\" content=\"Sonora en Equipo. \u00a0NO NECESITAS A NADIE .Somos nuestra memoria Voces\" \/>\n<meta property=\"og:description\" content=\"\u201cNo necesitas a nadie, mental\u00edzate y enf\u00f3cate en ti\u201d, me dijo una persona joven de entre 25 y 30 a\u00f1os que estaba pasando por un muy mal momento; pidi\u00f3 En Sonora en Equipo publicamos toda la informaci\u00f3n de Sonora, M\u00e9xico y el Mundo de manera oportuna y busca que la libertad de expresi\u00f3n sea real. Visita nuestro medio informativo publicado desde Hermosillo, Sonora. %\" \/>\n<meta property=\"og:url\" content=\"https:\/\/www.sonoraenequipo.com.mx\/no-necesitas-a-nadie-somos-nuestra-memoria\/\" \/>\n<meta property=\"og:site_name\" content=\"Sonora en Equipo.\" \/>\n<meta property=\"article:publisher\" content=\"https:\/\/www.facebook.com\/SonoraEE\/\" \/>\n<meta property=\"article:author\" content=\"https:\/\/www.facebook.com\/SonoraEE\" \/>\n<meta property=\"article:published_time\" content=\"2025-08-29T19:30:14+00:00\" \/>\n<meta property=\"og:image\" content=\"https:\/\/www.sonoraenequipo.com.mx\/storage\/2025\/08\/columna-boris.jpg\" \/>\n\t<meta property=\"og:image:width\" content=\"620\" \/>\n\t<meta property=\"og:image:height\" content=\"420\" \/>\n\t<meta property=\"og:image:type\" content=\"image\/jpeg\" \/>\n<meta name=\"author\" content=\"enequipo\" \/>\n<meta name=\"twitter:card\" content=\"summary_large_image\" \/>\n<meta name=\"twitter:creator\" content=\"@sonoraenequipo\" \/>\n<meta name=\"twitter:site\" content=\"@sonoraenequipo\" \/>\n<meta name=\"twitter:label1\" content=\"Escrito por\" \/>\n\t<meta name=\"twitter:data1\" content=\"enequipo\" \/>\n\t<meta name=\"twitter:label2\" content=\"Tiempo de lectura\" \/>\n\t<meta name=\"twitter:data2\" content=\"4 minutos\" \/>\n<script type=\"application\/ld+json\" class=\"yoast-schema-graph\">{\"@context\":\"https:\/\/schema.org\",\"@graph\":[{\"@type\":\"Article\",\"@id\":\"https:\/\/www.sonoraenequipo.com.mx\/no-necesitas-a-nadie-somos-nuestra-memoria\/#article\",\"isPartOf\":{\"@id\":\"https:\/\/www.sonoraenequipo.com.mx\/no-necesitas-a-nadie-somos-nuestra-memoria\/\"},\"author\":{\"name\":\"enequipo\",\"@id\":\"https:\/\/www.sonoraenequipo.com.mx\/#\/schema\/person\/50102df0fb23a8fa9e8effad8fa81386\"},\"headline\":\"\u00a0NO NECESITAS A NADIE .Somos nuestra memoria\",\"datePublished\":\"2025-08-29T19:30:14+00:00\",\"mainEntityOfPage\":{\"@id\":\"https:\/\/www.sonoraenequipo.com.mx\/no-necesitas-a-nadie-somos-nuestra-memoria\/\"},\"wordCount\":882,\"commentCount\":0,\"publisher\":{\"@id\":\"https:\/\/www.sonoraenequipo.com.mx\/#organization\"},\"image\":{\"@id\":\"https:\/\/www.sonoraenequipo.com.mx\/no-necesitas-a-nadie-somos-nuestra-memoria\/#primaryimage\"},\"thumbnailUrl\":\"https:\/\/www.sonoraenequipo.com.mx\/storage\/2025\/08\/columna-boris.jpg\",\"keywords\":[\"Salud Mental\"],\"articleSection\":[\"Voces\"],\"inLanguage\":\"es\",\"potentialAction\":[{\"@type\":\"CommentAction\",\"name\":\"Comment\",\"target\":[\"https:\/\/www.sonoraenequipo.com.mx\/no-necesitas-a-nadie-somos-nuestra-memoria\/#respond\"]}]},{\"@type\":\"WebPage\",\"@id\":\"https:\/\/www.sonoraenequipo.com.mx\/no-necesitas-a-nadie-somos-nuestra-memoria\/\",\"url\":\"https:\/\/www.sonoraenequipo.com.mx\/no-necesitas-a-nadie-somos-nuestra-memoria\/\",\"name\":\"Sonora en Equipo. \u00a0NO NECESITAS A NADIE .Somos nuestra memoria Voces\",\"isPartOf\":{\"@id\":\"https:\/\/www.sonoraenequipo.com.mx\/#website\"},\"primaryImageOfPage\":{\"@id\":\"https:\/\/www.sonoraenequipo.com.mx\/no-necesitas-a-nadie-somos-nuestra-memoria\/#primaryimage\"},\"image\":{\"@id\":\"https:\/\/www.sonoraenequipo.com.mx\/no-necesitas-a-nadie-somos-nuestra-memoria\/#primaryimage\"},\"thumbnailUrl\":\"https:\/\/www.sonoraenequipo.com.mx\/storage\/2025\/08\/columna-boris.jpg\",\"datePublished\":\"2025-08-29T19:30:14+00:00\",\"description\":\"\u201cNo necesitas a nadie, mental\u00edzate y enf\u00f3cate en ti\u201d, me dijo una persona joven de entre 25 y 30 a\u00f1os que estaba pasando por un muy mal momento; pidi\u00f3 En Sonora en Equipo publicamos toda la informaci\u00f3n de Sonora, M\u00e9xico y el Mundo de manera oportuna y busca que la libertad de expresi\u00f3n sea real. Visita nuestro medio informativo publicado desde Hermosillo, Sonora. %\",\"breadcrumb\":{\"@id\":\"https:\/\/www.sonoraenequipo.com.mx\/no-necesitas-a-nadie-somos-nuestra-memoria\/#breadcrumb\"},\"inLanguage\":\"es\",\"potentialAction\":[{\"@type\":\"ReadAction\",\"target\":[\"https:\/\/www.sonoraenequipo.com.mx\/no-necesitas-a-nadie-somos-nuestra-memoria\/\"]}]},{\"@type\":\"ImageObject\",\"inLanguage\":\"es\",\"@id\":\"https:\/\/www.sonoraenequipo.com.mx\/no-necesitas-a-nadie-somos-nuestra-memoria\/#primaryimage\",\"url\":\"https:\/\/www.sonoraenequipo.com.mx\/storage\/2025\/08\/columna-boris.jpg\",\"contentUrl\":\"https:\/\/www.sonoraenequipo.com.mx\/storage\/2025\/08\/columna-boris.jpg\",\"width\":620,\"height\":420,\"caption\":\"Imagen de archivo para ilustrar\"},{\"@type\":\"BreadcrumbList\",\"@id\":\"https:\/\/www.sonoraenequipo.com.mx\/no-necesitas-a-nadie-somos-nuestra-memoria\/#breadcrumb\",\"itemListElement\":[{\"@type\":\"ListItem\",\"position\":1,\"name\":\"Portada\",\"item\":\"https:\/\/www.sonoraenequipo.com.mx\/\"},{\"@type\":\"ListItem\",\"position\":2,\"name\":\"\u00a0NO NECESITAS A NADIE .Somos nuestra memoria\"}]},{\"@type\":\"WebSite\",\"@id\":\"https:\/\/www.sonoraenequipo.com.mx\/#website\",\"url\":\"https:\/\/www.sonoraenequipo.com.mx\/\",\"name\":\"Sonora en Equipo.\",\"description\":\"Diario en l\u00ednea con Noticias desde Hermosillo, Sonora\",\"publisher\":{\"@id\":\"https:\/\/www.sonoraenequipo.com.mx\/#organization\"},\"potentialAction\":[{\"@type\":\"SearchAction\",\"target\":{\"@type\":\"EntryPoint\",\"urlTemplate\":\"https:\/\/www.sonoraenequipo.com.mx\/?s={search_term_string}\"},\"query-input\":{\"@type\":\"PropertyValueSpecification\",\"valueRequired\":true,\"valueName\":\"search_term_string\"}}],\"inLanguage\":\"es\"},{\"@type\":\"Organization\",\"@id\":\"https:\/\/www.sonoraenequipo.com.mx\/#organization\",\"name\":\"Sonoraenequipo.com.mx\",\"url\":\"https:\/\/www.sonoraenequipo.com.mx\/\",\"logo\":{\"@type\":\"ImageObject\",\"inLanguage\":\"es\",\"@id\":\"https:\/\/www.sonoraenequipo.com.mx\/#\/schema\/logo\/image\/\",\"url\":\"https:\/\/www.sonoraenequipo.com.mx\/storage\/2019\/01\/sonoraenequipo_opt.png\",\"contentUrl\":\"https:\/\/www.sonoraenequipo.com.mx\/storage\/2019\/01\/sonoraenequipo_opt.png\",\"width\":375,\"height\":125,\"caption\":\"Sonoraenequipo.com.mx\"},\"image\":{\"@id\":\"https:\/\/www.sonoraenequipo.com.mx\/#\/schema\/logo\/image\/\"},\"sameAs\":[\"https:\/\/www.facebook.com\/SonoraEE\/\",\"https:\/\/x.com\/sonoraenequipo\",\"https:\/\/www.youtube.com\/channel\/UC338nW-lPEYmJQs4ZABQ1SQ\"]},{\"@type\":\"Person\",\"@id\":\"https:\/\/www.sonoraenequipo.com.mx\/#\/schema\/person\/50102df0fb23a8fa9e8effad8fa81386\",\"name\":\"enequipo\",\"image\":{\"@type\":\"ImageObject\",\"inLanguage\":\"es\",\"@id\":\"https:\/\/www.sonoraenequipo.com.mx\/#\/schema\/person\/image\/\",\"url\":\"https:\/\/secure.gravatar.com\/avatar\/049821681b589dabc0bc20695993ccebb09f5b5d4d790cd9251b97faac7c652b?s=96&d=blank&r=g\",\"contentUrl\":\"https:\/\/secure.gravatar.com\/avatar\/049821681b589dabc0bc20695993ccebb09f5b5d4d790cd9251b97faac7c652b?s=96&d=blank&r=g\",\"caption\":\"enequipo\"},\"sameAs\":[\"https:\/\/www.facebook.com\/SonoraEE\"]}]}<\/script>\n ","yoast_head_json":{"title":"Sonora en Equipo. \u00a0NO NECESITAS A NADIE .Somos nuestra memoria Voces","description":"\u201cNo necesitas a nadie, mental\u00edzate y enf\u00f3cate en ti\u201d, me dijo una persona joven de entre 25 y 30 a\u00f1os que estaba pasando por un muy mal momento; pidi\u00f3 En Sonora en Equipo publicamos toda la informaci\u00f3n de Sonora, M\u00e9xico y el Mundo de manera oportuna y busca que la libertad de expresi\u00f3n sea real. Visita nuestro medio informativo publicado desde Hermosillo, Sonora. %","robots":{"index":"index","follow":"follow","max-snippet":"max-snippet:-1","max-image-preview":"max-image-preview:large","max-video-preview":"max-video-preview:-1"},"canonical":"https:\/\/www.sonoraenequipo.com.mx\/no-necesitas-a-nadie-somos-nuestra-memoria\/","og_locale":"es_ES","og_type":"article","og_title":"Sonora en Equipo. \u00a0NO NECESITAS A NADIE .Somos nuestra memoria Voces","og_description":"\u201cNo necesitas a nadie, mental\u00edzate y enf\u00f3cate en ti\u201d, me dijo una persona joven de entre 25 y 30 a\u00f1os que estaba pasando por un muy mal momento; pidi\u00f3 En Sonora en Equipo publicamos toda la informaci\u00f3n de Sonora, M\u00e9xico y el Mundo de manera oportuna y busca que la libertad de expresi\u00f3n sea real. Visita nuestro medio informativo publicado desde Hermosillo, Sonora. %","og_url":"https:\/\/www.sonoraenequipo.com.mx\/no-necesitas-a-nadie-somos-nuestra-memoria\/","og_site_name":"Sonora en Equipo.","article_publisher":"https:\/\/www.facebook.com\/SonoraEE\/","article_author":"https:\/\/www.facebook.com\/SonoraEE","article_published_time":"2025-08-29T19:30:14+00:00","og_image":[{"width":620,"height":420,"url":"https:\/\/www.sonoraenequipo.com.mx\/storage\/2025\/08\/columna-boris.jpg","type":"image\/jpeg"}],"author":"enequipo","twitter_card":"summary_large_image","twitter_creator":"@sonoraenequipo","twitter_site":"@sonoraenequipo","twitter_misc":{"Escrito por":"enequipo","Tiempo de lectura":"4 minutos"},"schema":{"@context":"https:\/\/schema.org","@graph":[{"@type":"Article","@id":"https:\/\/www.sonoraenequipo.com.mx\/no-necesitas-a-nadie-somos-nuestra-memoria\/#article","isPartOf":{"@id":"https:\/\/www.sonoraenequipo.com.mx\/no-necesitas-a-nadie-somos-nuestra-memoria\/"},"author":{"name":"enequipo","@id":"https:\/\/www.sonoraenequipo.com.mx\/#\/schema\/person\/50102df0fb23a8fa9e8effad8fa81386"},"headline":"\u00a0NO NECESITAS A NADIE .Somos nuestra memoria","datePublished":"2025-08-29T19:30:14+00:00","mainEntityOfPage":{"@id":"https:\/\/www.sonoraenequipo.com.mx\/no-necesitas-a-nadie-somos-nuestra-memoria\/"},"wordCount":882,"commentCount":0,"publisher":{"@id":"https:\/\/www.sonoraenequipo.com.mx\/#organization"},"image":{"@id":"https:\/\/www.sonoraenequipo.com.mx\/no-necesitas-a-nadie-somos-nuestra-memoria\/#primaryimage"},"thumbnailUrl":"https:\/\/www.sonoraenequipo.com.mx\/storage\/2025\/08\/columna-boris.jpg","keywords":["Salud Mental"],"articleSection":["Voces"],"inLanguage":"es","potentialAction":[{"@type":"CommentAction","name":"Comment","target":["https:\/\/www.sonoraenequipo.com.mx\/no-necesitas-a-nadie-somos-nuestra-memoria\/#respond"]}]},{"@type":"WebPage","@id":"https:\/\/www.sonoraenequipo.com.mx\/no-necesitas-a-nadie-somos-nuestra-memoria\/","url":"https:\/\/www.sonoraenequipo.com.mx\/no-necesitas-a-nadie-somos-nuestra-memoria\/","name":"Sonora en Equipo. \u00a0NO NECESITAS A NADIE .Somos nuestra memoria Voces","isPartOf":{"@id":"https:\/\/www.sonoraenequipo.com.mx\/#website"},"primaryImageOfPage":{"@id":"https:\/\/www.sonoraenequipo.com.mx\/no-necesitas-a-nadie-somos-nuestra-memoria\/#primaryimage"},"image":{"@id":"https:\/\/www.sonoraenequipo.com.mx\/no-necesitas-a-nadie-somos-nuestra-memoria\/#primaryimage"},"thumbnailUrl":"https:\/\/www.sonoraenequipo.com.mx\/storage\/2025\/08\/columna-boris.jpg","datePublished":"2025-08-29T19:30:14+00:00","description":"\u201cNo necesitas a nadie, mental\u00edzate y enf\u00f3cate en ti\u201d, me dijo una persona joven de entre 25 y 30 a\u00f1os que estaba pasando por un muy mal momento; pidi\u00f3 En Sonora en Equipo publicamos toda la informaci\u00f3n de Sonora, M\u00e9xico y el Mundo de manera oportuna y busca que la libertad de expresi\u00f3n sea real. Visita nuestro medio informativo publicado desde Hermosillo, Sonora. %","breadcrumb":{"@id":"https:\/\/www.sonoraenequipo.com.mx\/no-necesitas-a-nadie-somos-nuestra-memoria\/#breadcrumb"},"inLanguage":"es","potentialAction":[{"@type":"ReadAction","target":["https:\/\/www.sonoraenequipo.com.mx\/no-necesitas-a-nadie-somos-nuestra-memoria\/"]}]},{"@type":"ImageObject","inLanguage":"es","@id":"https:\/\/www.sonoraenequipo.com.mx\/no-necesitas-a-nadie-somos-nuestra-memoria\/#primaryimage","url":"https:\/\/www.sonoraenequipo.com.mx\/storage\/2025\/08\/columna-boris.jpg","contentUrl":"https:\/\/www.sonoraenequipo.com.mx\/storage\/2025\/08\/columna-boris.jpg","width":620,"height":420,"caption":"Imagen de archivo para ilustrar"},{"@type":"BreadcrumbList","@id":"https:\/\/www.sonoraenequipo.com.mx\/no-necesitas-a-nadie-somos-nuestra-memoria\/#breadcrumb","itemListElement":[{"@type":"ListItem","position":1,"name":"Portada","item":"https:\/\/www.sonoraenequipo.com.mx\/"},{"@type":"ListItem","position":2,"name":"\u00a0NO NECESITAS A NADIE .Somos nuestra memoria"}]},{"@type":"WebSite","@id":"https:\/\/www.sonoraenequipo.com.mx\/#website","url":"https:\/\/www.sonoraenequipo.com.mx\/","name":"Sonora en Equipo.","description":"Diario en l\u00ednea con Noticias desde Hermosillo, Sonora","publisher":{"@id":"https:\/\/www.sonoraenequipo.com.mx\/#organization"},"potentialAction":[{"@type":"SearchAction","target":{"@type":"EntryPoint","urlTemplate":"https:\/\/www.sonoraenequipo.com.mx\/?s={search_term_string}"},"query-input":{"@type":"PropertyValueSpecification","valueRequired":true,"valueName":"search_term_string"}}],"inLanguage":"es"},{"@type":"Organization","@id":"https:\/\/www.sonoraenequipo.com.mx\/#organization","name":"Sonoraenequipo.com.mx","url":"https:\/\/www.sonoraenequipo.com.mx\/","logo":{"@type":"ImageObject","inLanguage":"es","@id":"https:\/\/www.sonoraenequipo.com.mx\/#\/schema\/logo\/image\/","url":"https:\/\/www.sonoraenequipo.com.mx\/storage\/2019\/01\/sonoraenequipo_opt.png","contentUrl":"https:\/\/www.sonoraenequipo.com.mx\/storage\/2019\/01\/sonoraenequipo_opt.png","width":375,"height":125,"caption":"Sonoraenequipo.com.mx"},"image":{"@id":"https:\/\/www.sonoraenequipo.com.mx\/#\/schema\/logo\/image\/"},"sameAs":["https:\/\/www.facebook.com\/SonoraEE\/","https:\/\/x.com\/sonoraenequipo","https:\/\/www.youtube.com\/channel\/UC338nW-lPEYmJQs4ZABQ1SQ"]},{"@type":"Person","@id":"https:\/\/www.sonoraenequipo.com.mx\/#\/schema\/person\/50102df0fb23a8fa9e8effad8fa81386","name":"enequipo","image":{"@type":"ImageObject","inLanguage":"es","@id":"https:\/\/www.sonoraenequipo.com.mx\/#\/schema\/person\/image\/","url":"https:\/\/secure.gravatar.com\/avatar\/049821681b589dabc0bc20695993ccebb09f5b5d4d790cd9251b97faac7c652b?s=96&d=blank&r=g","contentUrl":"https:\/\/secure.gravatar.com\/avatar\/049821681b589dabc0bc20695993ccebb09f5b5d4d790cd9251b97faac7c652b?s=96&d=blank&r=g","caption":"enequipo"},"sameAs":["https:\/\/www.facebook.com\/SonoraEE"]}]}},"jetpack_featured_media_url":"https:\/\/www.sonoraenequipo.com.mx\/storage\/2025\/08\/columna-boris.jpg","_links":{"self":[{"href":"https:\/\/www.sonoraenequipo.com.mx\/api\/wp\/v2\/posts\/222556","targetHints":{"allow":["GET"]}}],"collection":[{"href":"https:\/\/www.sonoraenequipo.com.mx\/api\/wp\/v2\/posts"}],"about":[{"href":"https:\/\/www.sonoraenequipo.com.mx\/api\/wp\/v2\/types\/post"}],"author":[{"embeddable":true,"href":"https:\/\/www.sonoraenequipo.com.mx\/api\/wp\/v2\/users\/1"}],"replies":[{"embeddable":true,"href":"https:\/\/www.sonoraenequipo.com.mx\/api\/wp\/v2\/comments?post=222556"}],"version-history":[{"count":1,"href":"https:\/\/www.sonoraenequipo.com.mx\/api\/wp\/v2\/posts\/222556\/revisions"}],"predecessor-version":[{"id":222558,"href":"https:\/\/www.sonoraenequipo.com.mx\/api\/wp\/v2\/posts\/222556\/revisions\/222558"}],"wp:featuredmedia":[{"embeddable":true,"href":"https:\/\/www.sonoraenequipo.com.mx\/api\/wp\/v2\/media\/222557"}],"wp:attachment":[{"href":"https:\/\/www.sonoraenequipo.com.mx\/api\/wp\/v2\/media?parent=222556"}],"wp:term":[{"taxonomy":"category","embeddable":true,"href":"https:\/\/www.sonoraenequipo.com.mx\/api\/wp\/v2\/categories?post=222556"},{"taxonomy":"post_tag","embeddable":true,"href":"https:\/\/www.sonoraenequipo.com.mx\/api\/wp\/v2\/tags?post=222556"}],"curies":[{"name":"wp","href":"https:\/\/api.w.org\/{rel}","templated":true}]}}