{"id":222564,"date":"2025-08-29T14:51:11","date_gmt":"2025-08-29T21:51:11","guid":{"rendered":"https:\/\/www.sonoraenequipo.com.mx\/?p=222564"},"modified":"2025-08-29T14:51:11","modified_gmt":"2025-08-29T21:51:11","slug":"notas-sueltas-despropositos-democraticos","status":"publish","type":"post","link":"https:\/\/www.sonoraenequipo.com.mx\/notas-sueltas-despropositos-democraticos\/","title":{"rendered":"NOTAS SUELTAS. Desprop\u00f3sitos democr\u00e1ticos"},"content":{"rendered":"<p>\u201cHechos, no palabras\u201d (frase popular).<\/p>\n<p><strong>HERMOSILLO, SONORA, MX.<\/strong> \u2014 Alicia B\u00e1rcena, titular de Semarnat, habl\u00f3 del clima y sus retos en conferencia internacional donde subray\u00f3 la importancia internacional de las \u00e1reas protegidas. En un punto de su participaci\u00f3n, salt\u00f3 a lo eminentemente coyuntural declar\u00f3 que \u201clas mujeres no aspiramos a mucho. Lo \u00fanico que queremos es el poder\u201d ( <a href=\"https:\/\/goo.su\/P5T7wE\">https:\/\/goo.su\/P5T7wE<\/a>).<\/p>\n<p>&nbsp;<\/p>\n<p>\u00c9sta \u00faltima afirmaci\u00f3n llama la atenci\u00f3n por tener cierto tufo supremacista, discriminatorio y sexista, en un contexto donde la palabra igualdad se mantiene como prop\u00f3sito y objetivo democr\u00e1tico.<\/p>\n<p>&nbsp;<\/p>\n<p>Querer el poder no pasa de ser un prop\u00f3sito pueril y ego\u00edsta si se trata de personas, adem\u00e1s de absurdo si se trata de un sexo en un contexto donde la pluralidad es un valor democr\u00e1tico defendible, y que la se\u00f1ora secretaria no acredita la capacidad de hablar por todas las mujeres, si acaso por el gobierno al que pertenece y dentro de sus facultades legales.<\/p>\n<p>&nbsp;<\/p>\n<p>Llama la atenci\u00f3n porque en la elecci\u00f3n que llev\u00f3 a la titularidad del Poder Ejecutivo a Claudia Sheinbaum Pardo, la mayor\u00eda de sus votos fueron de hombres, el 62 por ciento. Y cabe decir que quienes la apoyamos lo hicimos en raz\u00f3n al proyecto pol\u00edtico que representa, donde vale decir que la independencia y soberan\u00eda son valores centrales en el discurso del nuevo gobierno.<\/p>\n<p>&nbsp;<\/p>\n<p>El proyecto de naci\u00f3n sostiene como eje fundamental la igualdad y el respeto a la diversidad, la recuperaci\u00f3n del espacio econ\u00f3mico y pol\u00edtico que fue liquidado durante la etapa del PRI y el PAN bajo el modelo neoliberal perif\u00e9rico, que creaba econom\u00edas complementarias e imped\u00eda la autosuficiencia productiva y el desarrollo nacional.<\/p>\n<p>&nbsp;<\/p>\n<p>Los prop\u00f3sitos transformadores suponen la recuperaci\u00f3n econ\u00f3mica por v\u00eda del impulso a la industria nacional, el fortalecimiento del mercado interno y la expectativa de a\u00f1adir valor a las exportaciones, incluyendo el factor cient\u00edfico y tecnol\u00f3gico nacional a la ecuaci\u00f3n exportadora.<\/p>\n<p>&nbsp;<\/p>\n<p>Sin embargo, hasta ahora lo que se ve es la ampliaci\u00f3n de las posibilidades de inversi\u00f3n y establecimiento de empresas transnacionales, la adopci\u00f3n del discurso del progresismo incubado en organismos como Open Society, el Foro Econ\u00f3mico Mundial y las calenturientas ideas demogr\u00e1ficas que sostiene Bill Gates, entre otros multimillonarios en la l\u00ednea del control de la natalidad neomathusiana.<\/p>\n<p>&nbsp;<\/p>\n<p>En este contexto, apoyar fervorosamente la permanencia del T-MEC y la transnacionalizaci\u00f3n econ\u00f3mica, incluyendo su respuesta social y conductual, no abona mucho al supuesto abandono de las ideas y pr\u00e1cticas neoliberales.<\/p>\n<p>&nbsp;<\/p>\n<p>Insistir en el mantenimiento del T-MEC es hacerlo por el modelo que se instaur\u00f3 en la d\u00e9cada de los 80 y se fortaleci\u00f3 en los 90, lo que, traducido en t\u00e9rminos pol\u00edticos, dio por resultado cambios constitucionales y en la legislaci\u00f3n secundaria que remodelaron el sector p\u00fablico ampliando la influencia del Mercado a costa de la reducci\u00f3n y casi intrascendencia del Estado.<\/p>\n<p>&nbsp;<\/p>\n<p>Sucede que el neoliberalismo no se combate solamente con frases lapidarias y poses de una beligerancia que no llega a las v\u00edas de hecho. Los actos masivos en el Z\u00f3calo de la Ciudad de M\u00e9xico resultan balas de salva y fuegos de artificio cuando se combate al neoliberalismo sin cambiar un \u00e1pice su estructura productiva, su din\u00e1mica distributiva, su narrativa en el nivel del consumidor y los hogares.<\/p>\n<p>&nbsp;<\/p>\n<p>Cuando en un sistema econ\u00f3mico centrado en la utilidad o ganancia de plusval\u00eda producto del trabajo, la lucha termina siendo de frases y no de clases, y se perpetra una farsa cuyos costos dan en el blanco de la soberan\u00eda nacional y la credibilidad del gobierno. No se transforman las condiciones objetivas de la realidad nacional, simplemente se maquillan y disimulan.<\/p>\n<p>&nbsp;<\/p>\n<p>Ahora la transformaci\u00f3n social se nos presenta como una lucha por los derechos humanos, por las reivindicaciones de g\u00e9nero, por la igualdad sustantiva, por el empoderamiento femenino, mas no se habla de la emancipaci\u00f3n de la clase trabajadora y con ella de la mujer. No es lo mismo empoderar que emancipar.<\/p>\n<p>&nbsp;<\/p>\n<p>Si la clase trabajadora no reconoce el papel de trabajo y del salario en sus luchas, tampoco reconoce la naturaleza del sistema y la l\u00f3gica de la explotaci\u00f3n. En este sentido, los costos sociales s\u00f3lo aumentan el beneficio de la clase dominante, y la demagogia, la simulaci\u00f3n y el enga\u00f1o son los recursos obligados de la permanencia del sistema.<\/p>\n<p>&nbsp;<\/p>\n<p>Muchos votamos por un proyecto que fuera capaz de comprometerse por la naci\u00f3n, libre, independiente y soberana. Muchos pensamos que el T-MEC y el discurso de g\u00e9nero, cada uno en su dimensi\u00f3n, preservan el sistema que supuestamente se combate y distraen los esfuerzos transformadores de la clase trabajadora frente a los avances del capital. \u00bfCambiar para no cambiar? Ser\u00eda tr\u00e1gico y francamente atemorizante.<\/p>\n<p>&nbsp;<\/p>\n<p>Es necesario insistir en la igualdad legal ciudadana respetando las diferencias propias de la naturaleza humana, de ah\u00ed la importancia de atender por igual la igualdad legal y la equidad natural.<\/p>\n<p>&nbsp;<\/p>\n<p>Es esencial impulsar el desarrollo tecnol\u00f3gico y cient\u00edfico nacional y el fortalecimiento del aparato productivo con un horizonte de proyecto nacionalista, y no un espacio de maniobras log\u00edsticas, extractivas, experimentales, sociales o pol\u00edticas de Estados Unidos o cualquiera otro pa\u00eds. Mientras no ocurra, seguiremos siendo parte del traspatio imperial del norte.<\/p>\n<p>&nbsp;<\/p>\n<p>Cabe la esperanza de que el actual no sea un sexenio de desprop\u00f3sitos democr\u00e1ticos y frases efectistas, de proclamas cada vez con menor sentido, de expectativas sin asidero en la realidad, y que la ideolog\u00eda del progresismo evacuada de los s\u00f3tanos sociol\u00f3gicos de Estados Unidos sea sustituida por la reconsideraci\u00f3n de nuestra historia y los valores nacionales, del orgullo de ser mexicanos, de la fe en el ma\u00f1ana colectivo que como naci\u00f3n debemos construir.<\/p>\n<p>&nbsp;<\/p>\n<p><a href=\"http:\/\/jdarredondo.blogspot.com\">http:\/\/jdarredondo.blogspot.com<\/a><\/p>\n<p><strong>Fecha de publicaci\u00f3n viernes 29 de agosto de 2025<\/strong><\/p>\n<p>&nbsp;<\/p>\n<p>&nbsp;<\/p>\n<p>&nbsp;<\/p>\n","protected":false},"excerpt":{"rendered":"<p>\u201cHechos, no palabras\u201d (frase popular). HERMOSILLO, SONORA, MX. \u2014 Alicia B\u00e1rcena, titular de Semarnat, habl\u00f3&#8230;<\/p>\n","protected":false},"author":8,"featured_media":0,"comment_status":"open","ping_status":"open","sticky":false,"template":"","format":"standard","meta":{"_monsterinsights_skip_tracking":false,"_monsterinsights_sitenote_active":false,"_monsterinsights_sitenote_note":"","_monsterinsights_sitenote_category":0,"footnotes":""},"categories":[5],"tags":[11702,11703],"class_list":["post"],"yoast_head":" \n<title>Sonora en Equipo. NOTAS SUELTAS. Desprop\u00f3sitos democr\u00e1ticos Rep\u00fablica<\/title>\n<meta name=\"description\" content=\"\u201cHechos, no palabras\u201d (frase popular). HERMOSILLO, SONORA, MX. \u2014 Alicia B\u00e1rcena, titular de Semarnat, habl\u00f3 del clima y sus retos en conferencia En Sonora en Equipo publicamos toda la informaci\u00f3n de Sonora, M\u00e9xico y el Mundo de manera oportuna y busca que la libertad de expresi\u00f3n sea real. Visita nuestro medio informativo publicado desde Hermosillo, Sonora. %\" \/>\n<meta name=\"robots\" content=\"index, follow, max-snippet:-1, max-image-preview:large, max-video-preview:-1\" \/>\n<link rel=\"canonical\" href=\"https:\/\/www.sonoraenequipo.com.mx\/notas-sueltas-despropositos-democraticos\/\" \/>\n<meta property=\"og:locale\" content=\"es_ES\" \/>\n<meta property=\"og:type\" content=\"article\" \/>\n<meta property=\"og:title\" content=\"Sonora en Equipo. NOTAS SUELTAS. Desprop\u00f3sitos democr\u00e1ticos Rep\u00fablica\" \/>\n<meta property=\"og:description\" content=\"\u201cHechos, no palabras\u201d (frase popular). HERMOSILLO, SONORA, MX. \u2014 Alicia B\u00e1rcena, titular de Semarnat, habl\u00f3 del clima y sus retos en conferencia En Sonora en Equipo publicamos toda la informaci\u00f3n de Sonora, M\u00e9xico y el Mundo de manera oportuna y busca que la libertad de expresi\u00f3n sea real. Visita nuestro medio informativo publicado desde Hermosillo, Sonora. %\" \/>\n<meta property=\"og:url\" content=\"https:\/\/www.sonoraenequipo.com.mx\/notas-sueltas-despropositos-democraticos\/\" \/>\n<meta property=\"og:site_name\" content=\"Sonora en Equipo.\" \/>\n<meta property=\"article:publisher\" content=\"https:\/\/www.facebook.com\/SonoraEE\/\" \/>\n<meta property=\"article:published_time\" content=\"2025-08-29T21:51:11+00:00\" \/>\n<meta property=\"og:image\" content=\"https:\/\/www.sonoraenequipo.com.mx\/storage\/2025\/08\/alicia-barcena-1.jpg\" \/>\n\t<meta property=\"og:image:width\" content=\"620\" \/>\n\t<meta property=\"og:image:height\" content=\"420\" \/>\n\t<meta property=\"og:image:type\" content=\"image\/jpeg\" \/>\n<meta name=\"author\" content=\"Jos\u00e9 Dar\u00edo Arredondo L\u00f3pez\" \/>\n<meta name=\"twitter:card\" content=\"summary_large_image\" \/>\n<meta name=\"twitter:creator\" content=\"@sonoraenequipo\" \/>\n<meta name=\"twitter:site\" content=\"@sonoraenequipo\" \/>\n<meta name=\"twitter:label1\" content=\"Escrito por\" \/>\n\t<meta name=\"twitter:data1\" content=\"Jos\u00e9 Dar\u00edo Arredondo L\u00f3pez\" \/>\n\t<meta name=\"twitter:label2\" content=\"Tiempo de lectura\" \/>\n\t<meta name=\"twitter:data2\" content=\"5 minutos\" \/>\n<script type=\"application\/ld+json\" class=\"yoast-schema-graph\">{\"@context\":\"https:\/\/schema.org\",\"@graph\":[{\"@type\":\"Article\",\"@id\":\"https:\/\/www.sonoraenequipo.com.mx\/notas-sueltas-despropositos-democraticos\/#article\",\"isPartOf\":{\"@id\":\"https:\/\/www.sonoraenequipo.com.mx\/notas-sueltas-despropositos-democraticos\/\"},\"author\":{\"name\":\"Jos\u00e9 Dar\u00edo Arredondo L\u00f3pez\",\"@id\":\"https:\/\/www.sonoraenequipo.com.mx\/#\/schema\/person\/b2f7d4b3e5504aad00b5aca5d6793968\"},\"headline\":\"NOTAS SUELTAS. Desprop\u00f3sitos democr\u00e1ticos\",\"datePublished\":\"2025-08-29T21:51:11+00:00\",\"mainEntityOfPage\":{\"@id\":\"https:\/\/www.sonoraenequipo.com.mx\/notas-sueltas-despropositos-democraticos\/\"},\"wordCount\":1037,\"commentCount\":0,\"publisher\":{\"@id\":\"https:\/\/www.sonoraenequipo.com.mx\/#organization\"},\"keywords\":[\"alicia\",\"barcena\"],\"articleSection\":[\"Rep\u00fablica\"],\"inLanguage\":\"es\",\"potentialAction\":[{\"@type\":\"CommentAction\",\"name\":\"Comment\",\"target\":[\"https:\/\/www.sonoraenequipo.com.mx\/notas-sueltas-despropositos-democraticos\/#respond\"]}]},{\"@type\":\"WebPage\",\"@id\":\"https:\/\/www.sonoraenequipo.com.mx\/notas-sueltas-despropositos-democraticos\/\",\"url\":\"https:\/\/www.sonoraenequipo.com.mx\/notas-sueltas-despropositos-democraticos\/\",\"name\":\"Sonora en Equipo. NOTAS SUELTAS. Desprop\u00f3sitos democr\u00e1ticos Rep\u00fablica\",\"isPartOf\":{\"@id\":\"https:\/\/www.sonoraenequipo.com.mx\/#website\"},\"datePublished\":\"2025-08-29T21:51:11+00:00\",\"description\":\"\u201cHechos, no palabras\u201d (frase popular). HERMOSILLO, SONORA, MX. \u2014 Alicia B\u00e1rcena, titular de Semarnat, habl\u00f3 del clima y sus retos en conferencia En Sonora en Equipo publicamos toda la informaci\u00f3n de Sonora, M\u00e9xico y el Mundo de manera oportuna y busca que la libertad de expresi\u00f3n sea real. Visita nuestro medio informativo publicado desde Hermosillo, Sonora. %\",\"breadcrumb\":{\"@id\":\"https:\/\/www.sonoraenequipo.com.mx\/notas-sueltas-despropositos-democraticos\/#breadcrumb\"},\"inLanguage\":\"es\",\"potentialAction\":[{\"@type\":\"ReadAction\",\"target\":[\"https:\/\/www.sonoraenequipo.com.mx\/notas-sueltas-despropositos-democraticos\/\"]}]},{\"@type\":\"BreadcrumbList\",\"@id\":\"https:\/\/www.sonoraenequipo.com.mx\/notas-sueltas-despropositos-democraticos\/#breadcrumb\",\"itemListElement\":[{\"@type\":\"ListItem\",\"position\":1,\"name\":\"Portada\",\"item\":\"https:\/\/www.sonoraenequipo.com.mx\/\"},{\"@type\":\"ListItem\",\"position\":2,\"name\":\"NOTAS SUELTAS. Desprop\u00f3sitos democr\u00e1ticos\"}]},{\"@type\":\"WebSite\",\"@id\":\"https:\/\/www.sonoraenequipo.com.mx\/#website\",\"url\":\"https:\/\/www.sonoraenequipo.com.mx\/\",\"name\":\"Sonora en Equipo.\",\"description\":\"Diario en l\u00ednea con Noticias desde Hermosillo, Sonora\",\"publisher\":{\"@id\":\"https:\/\/www.sonoraenequipo.com.mx\/#organization\"},\"potentialAction\":[{\"@type\":\"SearchAction\",\"target\":{\"@type\":\"EntryPoint\",\"urlTemplate\":\"https:\/\/www.sonoraenequipo.com.mx\/?s={search_term_string}\"},\"query-input\":{\"@type\":\"PropertyValueSpecification\",\"valueRequired\":true,\"valueName\":\"search_term_string\"}}],\"inLanguage\":\"es\"},{\"@type\":\"Organization\",\"@id\":\"https:\/\/www.sonoraenequipo.com.mx\/#organization\",\"name\":\"Sonoraenequipo.com.mx\",\"url\":\"https:\/\/www.sonoraenequipo.com.mx\/\",\"logo\":{\"@type\":\"ImageObject\",\"inLanguage\":\"es\",\"@id\":\"https:\/\/www.sonoraenequipo.com.mx\/#\/schema\/logo\/image\/\",\"url\":\"https:\/\/www.sonoraenequipo.com.mx\/storage\/2019\/01\/sonoraenequipo_opt.png\",\"contentUrl\":\"https:\/\/www.sonoraenequipo.com.mx\/storage\/2019\/01\/sonoraenequipo_opt.png\",\"width\":375,\"height\":125,\"caption\":\"Sonoraenequipo.com.mx\"},\"image\":{\"@id\":\"https:\/\/www.sonoraenequipo.com.mx\/#\/schema\/logo\/image\/\"},\"sameAs\":[\"https:\/\/www.facebook.com\/SonoraEE\/\",\"https:\/\/x.com\/sonoraenequipo\",\"https:\/\/www.youtube.com\/channel\/UC338nW-lPEYmJQs4ZABQ1SQ\"]},{\"@type\":\"Person\",\"@id\":\"https:\/\/www.sonoraenequipo.com.mx\/#\/schema\/person\/b2f7d4b3e5504aad00b5aca5d6793968\",\"name\":\"Jos\u00e9 Dar\u00edo Arredondo L\u00f3pez\",\"image\":{\"@type\":\"ImageObject\",\"inLanguage\":\"es\",\"@id\":\"https:\/\/www.sonoraenequipo.com.mx\/#\/schema\/person\/image\/\",\"url\":\"https:\/\/secure.gravatar.com\/avatar\/f2045d0fa3f125a8f9d8560826b10fdcf77b66c7124667565c680e91be13a925?s=96&d=blank&r=g\",\"contentUrl\":\"https:\/\/secure.gravatar.com\/avatar\/f2045d0fa3f125a8f9d8560826b10fdcf77b66c7124667565c680e91be13a925?s=96&d=blank&r=g\",\"caption\":\"Jos\u00e9 Dar\u00edo Arredondo L\u00f3pez\"},\"sameAs\":[\"http:\/\/sonoraenequipo.com.mx\"]}]}<\/script>\n ","yoast_head_json":{"title":"Sonora en Equipo. NOTAS SUELTAS. Desprop\u00f3sitos democr\u00e1ticos Rep\u00fablica","description":"\u201cHechos, no palabras\u201d (frase popular). HERMOSILLO, SONORA, MX. \u2014 Alicia B\u00e1rcena, titular de Semarnat, habl\u00f3 del clima y sus retos en conferencia En Sonora en Equipo publicamos toda la informaci\u00f3n de Sonora, M\u00e9xico y el Mundo de manera oportuna y busca que la libertad de expresi\u00f3n sea real. Visita nuestro medio informativo publicado desde Hermosillo, Sonora. %","robots":{"index":"index","follow":"follow","max-snippet":"max-snippet:-1","max-image-preview":"max-image-preview:large","max-video-preview":"max-video-preview:-1"},"canonical":"https:\/\/www.sonoraenequipo.com.mx\/notas-sueltas-despropositos-democraticos\/","og_locale":"es_ES","og_type":"article","og_title":"Sonora en Equipo. NOTAS SUELTAS. Desprop\u00f3sitos democr\u00e1ticos Rep\u00fablica","og_description":"\u201cHechos, no palabras\u201d (frase popular). HERMOSILLO, SONORA, MX. \u2014 Alicia B\u00e1rcena, titular de Semarnat, habl\u00f3 del clima y sus retos en conferencia En Sonora en Equipo publicamos toda la informaci\u00f3n de Sonora, M\u00e9xico y el Mundo de manera oportuna y busca que la libertad de expresi\u00f3n sea real. Visita nuestro medio informativo publicado desde Hermosillo, Sonora. %","og_url":"https:\/\/www.sonoraenequipo.com.mx\/notas-sueltas-despropositos-democraticos\/","og_site_name":"Sonora en Equipo.","article_publisher":"https:\/\/www.facebook.com\/SonoraEE\/","article_published_time":"2025-08-29T21:51:11+00:00","og_image":[{"width":620,"height":420,"url":"https:\/\/www.sonoraenequipo.com.mx\/storage\/2025\/08\/alicia-barcena-1.jpg","type":"image\/jpeg"}],"author":"Jos\u00e9 Dar\u00edo Arredondo L\u00f3pez","twitter_card":"summary_large_image","twitter_creator":"@sonoraenequipo","twitter_site":"@sonoraenequipo","twitter_misc":{"Escrito por":"Jos\u00e9 Dar\u00edo Arredondo L\u00f3pez","Tiempo de lectura":"5 minutos"},"schema":{"@context":"https:\/\/schema.org","@graph":[{"@type":"Article","@id":"https:\/\/www.sonoraenequipo.com.mx\/notas-sueltas-despropositos-democraticos\/#article","isPartOf":{"@id":"https:\/\/www.sonoraenequipo.com.mx\/notas-sueltas-despropositos-democraticos\/"},"author":{"name":"Jos\u00e9 Dar\u00edo Arredondo L\u00f3pez","@id":"https:\/\/www.sonoraenequipo.com.mx\/#\/schema\/person\/b2f7d4b3e5504aad00b5aca5d6793968"},"headline":"NOTAS SUELTAS. Desprop\u00f3sitos democr\u00e1ticos","datePublished":"2025-08-29T21:51:11+00:00","mainEntityOfPage":{"@id":"https:\/\/www.sonoraenequipo.com.mx\/notas-sueltas-despropositos-democraticos\/"},"wordCount":1037,"commentCount":0,"publisher":{"@id":"https:\/\/www.sonoraenequipo.com.mx\/#organization"},"keywords":["alicia","barcena"],"articleSection":["Rep\u00fablica"],"inLanguage":"es","potentialAction":[{"@type":"CommentAction","name":"Comment","target":["https:\/\/www.sonoraenequipo.com.mx\/notas-sueltas-despropositos-democraticos\/#respond"]}]},{"@type":"WebPage","@id":"https:\/\/www.sonoraenequipo.com.mx\/notas-sueltas-despropositos-democraticos\/","url":"https:\/\/www.sonoraenequipo.com.mx\/notas-sueltas-despropositos-democraticos\/","name":"Sonora en Equipo. NOTAS SUELTAS. Desprop\u00f3sitos democr\u00e1ticos Rep\u00fablica","isPartOf":{"@id":"https:\/\/www.sonoraenequipo.com.mx\/#website"},"datePublished":"2025-08-29T21:51:11+00:00","description":"\u201cHechos, no palabras\u201d (frase popular). HERMOSILLO, SONORA, MX. \u2014 Alicia B\u00e1rcena, titular de Semarnat, habl\u00f3 del clima y sus retos en conferencia En Sonora en Equipo publicamos toda la informaci\u00f3n de Sonora, M\u00e9xico y el Mundo de manera oportuna y busca que la libertad de expresi\u00f3n sea real. Visita nuestro medio informativo publicado desde Hermosillo, Sonora. %","breadcrumb":{"@id":"https:\/\/www.sonoraenequipo.com.mx\/notas-sueltas-despropositos-democraticos\/#breadcrumb"},"inLanguage":"es","potentialAction":[{"@type":"ReadAction","target":["https:\/\/www.sonoraenequipo.com.mx\/notas-sueltas-despropositos-democraticos\/"]}]},{"@type":"BreadcrumbList","@id":"https:\/\/www.sonoraenequipo.com.mx\/notas-sueltas-despropositos-democraticos\/#breadcrumb","itemListElement":[{"@type":"ListItem","position":1,"name":"Portada","item":"https:\/\/www.sonoraenequipo.com.mx\/"},{"@type":"ListItem","position":2,"name":"NOTAS SUELTAS. Desprop\u00f3sitos democr\u00e1ticos"}]},{"@type":"WebSite","@id":"https:\/\/www.sonoraenequipo.com.mx\/#website","url":"https:\/\/www.sonoraenequipo.com.mx\/","name":"Sonora en Equipo.","description":"Diario en l\u00ednea con Noticias desde Hermosillo, Sonora","publisher":{"@id":"https:\/\/www.sonoraenequipo.com.mx\/#organization"},"potentialAction":[{"@type":"SearchAction","target":{"@type":"EntryPoint","urlTemplate":"https:\/\/www.sonoraenequipo.com.mx\/?s={search_term_string}"},"query-input":{"@type":"PropertyValueSpecification","valueRequired":true,"valueName":"search_term_string"}}],"inLanguage":"es"},{"@type":"Organization","@id":"https:\/\/www.sonoraenequipo.com.mx\/#organization","name":"Sonoraenequipo.com.mx","url":"https:\/\/www.sonoraenequipo.com.mx\/","logo":{"@type":"ImageObject","inLanguage":"es","@id":"https:\/\/www.sonoraenequipo.com.mx\/#\/schema\/logo\/image\/","url":"https:\/\/www.sonoraenequipo.com.mx\/storage\/2019\/01\/sonoraenequipo_opt.png","contentUrl":"https:\/\/www.sonoraenequipo.com.mx\/storage\/2019\/01\/sonoraenequipo_opt.png","width":375,"height":125,"caption":"Sonoraenequipo.com.mx"},"image":{"@id":"https:\/\/www.sonoraenequipo.com.mx\/#\/schema\/logo\/image\/"},"sameAs":["https:\/\/www.facebook.com\/SonoraEE\/","https:\/\/x.com\/sonoraenequipo","https:\/\/www.youtube.com\/channel\/UC338nW-lPEYmJQs4ZABQ1SQ"]},{"@type":"Person","@id":"https:\/\/www.sonoraenequipo.com.mx\/#\/schema\/person\/b2f7d4b3e5504aad00b5aca5d6793968","name":"Jos\u00e9 Dar\u00edo Arredondo L\u00f3pez","image":{"@type":"ImageObject","inLanguage":"es","@id":"https:\/\/www.sonoraenequipo.com.mx\/#\/schema\/person\/image\/","url":"https:\/\/secure.gravatar.com\/avatar\/f2045d0fa3f125a8f9d8560826b10fdcf77b66c7124667565c680e91be13a925?s=96&d=blank&r=g","contentUrl":"https:\/\/secure.gravatar.com\/avatar\/f2045d0fa3f125a8f9d8560826b10fdcf77b66c7124667565c680e91be13a925?s=96&d=blank&r=g","caption":"Jos\u00e9 Dar\u00edo Arredondo L\u00f3pez"},"sameAs":["http:\/\/sonoraenequipo.com.mx"]}]}},"jetpack_featured_media_url":"","_links":{"self":[{"href":"https:\/\/www.sonoraenequipo.com.mx\/api\/wp\/v2\/posts\/222564","targetHints":{"allow":["GET"]}}],"collection":[{"href":"https:\/\/www.sonoraenequipo.com.mx\/api\/wp\/v2\/posts"}],"about":[{"href":"https:\/\/www.sonoraenequipo.com.mx\/api\/wp\/v2\/types\/post"}],"author":[{"embeddable":true,"href":"https:\/\/www.sonoraenequipo.com.mx\/api\/wp\/v2\/users\/8"}],"replies":[{"embeddable":true,"href":"https:\/\/www.sonoraenequipo.com.mx\/api\/wp\/v2\/comments?post=222564"}],"version-history":[{"count":1,"href":"https:\/\/www.sonoraenequipo.com.mx\/api\/wp\/v2\/posts\/222564\/revisions"}],"predecessor-version":[{"id":222567,"href":"https:\/\/www.sonoraenequipo.com.mx\/api\/wp\/v2\/posts\/222564\/revisions\/222567"}],"wp:attachment":[{"href":"https:\/\/www.sonoraenequipo.com.mx\/api\/wp\/v2\/media?parent=222564"}],"wp:term":[{"taxonomy":"category","embeddable":true,"href":"https:\/\/www.sonoraenequipo.com.mx\/api\/wp\/v2\/categories?post=222564"},{"taxonomy":"post_tag","embeddable":true,"href":"https:\/\/www.sonoraenequipo.com.mx\/api\/wp\/v2\/tags?post=222564"}],"curies":[{"name":"wp","href":"https:\/\/api.w.org\/{rel}","templated":true}]}}