{"id":222568,"date":"2025-08-29T15:07:28","date_gmt":"2025-08-29T22:07:28","guid":{"rendered":"https:\/\/www.sonoraenequipo.com.mx\/?p=222568"},"modified":"2025-08-29T15:08:46","modified_gmt":"2025-08-29T22:08:46","slug":"fortalece-unison-programa-de-apoyo-al-transporte-de-estudiantes-del-poblado-miguel-aleman","status":"publish","type":"post","link":"https:\/\/www.sonoraenequipo.com.mx\/fortalece-unison-programa-de-apoyo-al-transporte-de-estudiantes-del-poblado-miguel-aleman\/","title":{"rendered":"Fortalece Unison programa de apoyo al transporte de estudiantes del Poblado M. A."},"content":{"rendered":"<p><strong>HERMOSILLO, SONORA, MX.<\/strong> \u2014 A trav\u00e9s de la Direcci\u00f3n Administrativa del Campus Hermosillo, la Universidad de Sonora contin\u00faa con el programa de apoyo al transporte dirigido a los estudiantes del Poblado Miguel Alem\u00e1n (M.A.) reforzando el compromiso con la equidad educativa.<\/p>\n<p>Juan Carlos G\u00e1lvez Ruiz, director Administrativo del Campus Hermosillo, record\u00f3 que el programa inici\u00f3 en 2019 con la firma de convenios con empresas de transporte para garantizar un medio seguro y permanente de traslado de los j\u00f3venes y que esto no fuera un obst\u00e1culo para continuar con su formaci\u00f3n profesional.<\/p>\n<p>\u201cEste programa se ha retomado con mucho \u00e9xito desde haber iniciado con 70 estudiantes y ahora, el \u00faltimo semestre, ya hemos apoyado a m\u00e1s de 275 j\u00f3venes, creo que es un programa de mucho beneficio y los muchachos agradecen el apoyo que se les brinda, darles este boleto de ida y vuelta diario, de lunes a viernes, para que puedan ellos asistir diario a su formaci\u00f3n en el Campus Hermosillo\u201d, coment\u00f3.<\/p>\n<p>Inform\u00f3 que este programa se vio temporalmente suspendido durante la pandemia, pero desde su reactivaci\u00f3n ha crecido cada semestre con un impacto muy positivo y una inversi\u00f3n, desde el 2023 hasta el primer semestre de este 2025 de aproximadamente 1 mill\u00f3n 924 mil pesos.<\/p>\n<p>G\u00e1lvez Ruiz a\u00f1adi\u00f3 que la instituci\u00f3n mantiene un trato muy cercano con los beneficiarios y se lleva un registro puntual a los j\u00f3venes que solicitan el apoyo tanto de su situaci\u00f3n acad\u00e9mica como personal y hasta familiar.<\/p>\n<p>Precis\u00f3 que, para acceder al beneficio, los estudiantes deben estar inscritos en alguno de los programas acad\u00e9micos de la instituci\u00f3n, contar con credencial vigente, presentar su comprobante de domicilio en el Poblado Miguel Alem\u00e1n, y su INE domiciliado en el mismo lugar.<\/p>\n<p>Se\u00f1al\u00f3 que este programa se sustenta con recursos que provienen del Fondo de Cuotas Escolares reflejando el esfuerzo colectivo de la comunidad universitaria para apoyar a quienes m\u00e1s lo necesitan.<\/p>\n<p>Con este programa, indic\u00f3, cada cuota pagada se traduce en un beneficio tangible para estudiantes que, posiblemente, sin este apoyo ver\u00edan limitada la posibilidad de continuar en la universidad.<\/p>\n<p>Adelant\u00f3 que se analiza la posibilidad, junto con el municipio de Hermosillo, de ampliar este beneficio hacia otras zonas vulnerables de la ciudad, principalmente con las que se ubican hacia el oriente de Hermosillo.<\/p>\n<p>G\u00e1lvez Ruiz destac\u00f3 que este programa institucional complementa otros esquemas de apoyo al transporte que ya existen como el descuento del gobierno del estado en el servicio p\u00fablico gratuito para estudiantes y otros convenios en los diferentes campus de la Unison con los que se busca reducir las barreras para el acceso a la educaci\u00f3n superior.<\/p>\n<p>\u201cLa Universidad de Sonora no solo ofrece una formaci\u00f3n de calidad, tambi\u00e9n se preocupa por acompa\u00f1ar a sus estudiantes en sus proyectos de vida y brindarles las condiciones necesarias para que logren sus metas\u201d, concluy\u00f3, luego de invitar a los estudiantes del Poblado Miguel Alem\u00e1n a solicitar informaci\u00f3n y registrarse en el programa.<\/p>\n<p><strong>Fecha de publicaci\u00f3n viernes 29 de agosto de 2025<\/strong><\/p>\n","protected":false},"excerpt":{"rendered":"<p>HERMOSILLO, SONORA, MX. \u2014 A trav\u00e9s de la Direcci\u00f3n Administrativa del Campus Hermosillo, la Universidad&#8230;<\/p>\n","protected":false},"author":1,"featured_media":222571,"comment_status":"open","ping_status":"open","sticky":false,"template":"","format":"standard","meta":{"_monsterinsights_skip_tracking":false,"_monsterinsights_sitenote_active":false,"_monsterinsights_sitenote_note":"","_monsterinsights_sitenote_category":0,"footnotes":""},"categories":[22],"tags":[63],"class_list":["post"],"yoast_head":" \n<title>Sonora en Equipo. Fortalece Unison programa de apoyo al transporte de estudiantes del Poblado M. A. Sonora<\/title>\n<meta name=\"description\" content=\"HERMOSILLO, SONORA, MX. \u2014 A trav\u00e9s de la Direcci\u00f3n Administrativa del Campus Hermosillo, la Universidad de Sonora contin\u00faa con el programa de apoyo al En Sonora en Equipo publicamos toda la informaci\u00f3n de Sonora, M\u00e9xico y el Mundo de manera oportuna y busca que la libertad de expresi\u00f3n sea real. Visita nuestro medio informativo publicado desde Hermosillo, Sonora. %\" \/>\n<meta name=\"robots\" content=\"index, follow, max-snippet:-1, max-image-preview:large, max-video-preview:-1\" \/>\n<link rel=\"canonical\" href=\"https:\/\/www.sonoraenequipo.com.mx\/fortalece-unison-programa-de-apoyo-al-transporte-de-estudiantes-del-poblado-miguel-aleman\/\" \/>\n<meta property=\"og:locale\" content=\"es_ES\" \/>\n<meta property=\"og:type\" content=\"article\" \/>\n<meta property=\"og:title\" content=\"Sonora en Equipo. Fortalece Unison programa de apoyo al transporte de estudiantes del Poblado M. A. Sonora\" \/>\n<meta property=\"og:description\" content=\"HERMOSILLO, SONORA, MX. \u2014 A trav\u00e9s de la Direcci\u00f3n Administrativa del Campus Hermosillo, la Universidad de Sonora contin\u00faa con el programa de apoyo al En Sonora en Equipo publicamos toda la informaci\u00f3n de Sonora, M\u00e9xico y el Mundo de manera oportuna y busca que la libertad de expresi\u00f3n sea real. Visita nuestro medio informativo publicado desde Hermosillo, Sonora. %\" \/>\n<meta property=\"og:url\" content=\"https:\/\/www.sonoraenequipo.com.mx\/fortalece-unison-programa-de-apoyo-al-transporte-de-estudiantes-del-poblado-miguel-aleman\/\" \/>\n<meta property=\"og:site_name\" content=\"Sonora en Equipo.\" \/>\n<meta property=\"article:publisher\" content=\"https:\/\/www.facebook.com\/SonoraEE\/\" \/>\n<meta property=\"article:author\" content=\"https:\/\/www.facebook.com\/SonoraEE\" \/>\n<meta property=\"article:published_time\" content=\"2025-08-29T22:07:28+00:00\" \/>\n<meta property=\"article:modified_time\" content=\"2025-08-29T22:08:46+00:00\" \/>\n<meta property=\"og:image\" content=\"https:\/\/www.sonoraenequipo.com.mx\/storage\/2025\/08\/juan-carlos.jpg\" \/>\n\t<meta property=\"og:image:width\" content=\"620\" \/>\n\t<meta property=\"og:image:height\" content=\"420\" \/>\n\t<meta property=\"og:image:type\" content=\"image\/jpeg\" \/>\n<meta name=\"author\" content=\"enequipo\" \/>\n<meta name=\"twitter:card\" content=\"summary_large_image\" \/>\n<meta name=\"twitter:creator\" content=\"@sonoraenequipo\" \/>\n<meta name=\"twitter:site\" content=\"@sonoraenequipo\" \/>\n<meta name=\"twitter:label1\" content=\"Escrito por\" \/>\n\t<meta name=\"twitter:data1\" content=\"enequipo\" \/>\n\t<meta name=\"twitter:label2\" content=\"Tiempo de lectura\" \/>\n\t<meta name=\"twitter:data2\" content=\"3 minutos\" \/>\n<script type=\"application\/ld+json\" class=\"yoast-schema-graph\">{\"@context\":\"https:\/\/schema.org\",\"@graph\":[{\"@type\":\"Article\",\"@id\":\"https:\/\/www.sonoraenequipo.com.mx\/fortalece-unison-programa-de-apoyo-al-transporte-de-estudiantes-del-poblado-miguel-aleman\/#article\",\"isPartOf\":{\"@id\":\"https:\/\/www.sonoraenequipo.com.mx\/fortalece-unison-programa-de-apoyo-al-transporte-de-estudiantes-del-poblado-miguel-aleman\/\"},\"author\":{\"name\":\"enequipo\",\"@id\":\"https:\/\/www.sonoraenequipo.com.mx\/#\/schema\/person\/50102df0fb23a8fa9e8effad8fa81386\"},\"headline\":\"Fortalece Unison programa de apoyo al transporte de estudiantes del Poblado M. A.\",\"datePublished\":\"2025-08-29T22:07:28+00:00\",\"dateModified\":\"2025-08-29T22:08:46+00:00\",\"mainEntityOfPage\":{\"@id\":\"https:\/\/www.sonoraenequipo.com.mx\/fortalece-unison-programa-de-apoyo-al-transporte-de-estudiantes-del-poblado-miguel-aleman\/\"},\"wordCount\":535,\"commentCount\":0,\"publisher\":{\"@id\":\"https:\/\/www.sonoraenequipo.com.mx\/#organization\"},\"image\":{\"@id\":\"https:\/\/www.sonoraenequipo.com.mx\/fortalece-unison-programa-de-apoyo-al-transporte-de-estudiantes-del-poblado-miguel-aleman\/#primaryimage\"},\"thumbnailUrl\":\"https:\/\/www.sonoraenequipo.com.mx\/storage\/2025\/08\/juan-carlos.jpg\",\"keywords\":[\"UniSon\"],\"articleSection\":[\"Sonora\"],\"inLanguage\":\"es\",\"potentialAction\":[{\"@type\":\"CommentAction\",\"name\":\"Comment\",\"target\":[\"https:\/\/www.sonoraenequipo.com.mx\/fortalece-unison-programa-de-apoyo-al-transporte-de-estudiantes-del-poblado-miguel-aleman\/#respond\"]}]},{\"@type\":\"WebPage\",\"@id\":\"https:\/\/www.sonoraenequipo.com.mx\/fortalece-unison-programa-de-apoyo-al-transporte-de-estudiantes-del-poblado-miguel-aleman\/\",\"url\":\"https:\/\/www.sonoraenequipo.com.mx\/fortalece-unison-programa-de-apoyo-al-transporte-de-estudiantes-del-poblado-miguel-aleman\/\",\"name\":\"Sonora en Equipo. Fortalece Unison programa de apoyo al transporte de estudiantes del Poblado M. A. Sonora\",\"isPartOf\":{\"@id\":\"https:\/\/www.sonoraenequipo.com.mx\/#website\"},\"primaryImageOfPage\":{\"@id\":\"https:\/\/www.sonoraenequipo.com.mx\/fortalece-unison-programa-de-apoyo-al-transporte-de-estudiantes-del-poblado-miguel-aleman\/#primaryimage\"},\"image\":{\"@id\":\"https:\/\/www.sonoraenequipo.com.mx\/fortalece-unison-programa-de-apoyo-al-transporte-de-estudiantes-del-poblado-miguel-aleman\/#primaryimage\"},\"thumbnailUrl\":\"https:\/\/www.sonoraenequipo.com.mx\/storage\/2025\/08\/juan-carlos.jpg\",\"datePublished\":\"2025-08-29T22:07:28+00:00\",\"dateModified\":\"2025-08-29T22:08:46+00:00\",\"description\":\"HERMOSILLO, SONORA, MX. \u2014 A trav\u00e9s de la Direcci\u00f3n Administrativa del Campus Hermosillo, la Universidad de Sonora contin\u00faa con el programa de apoyo al En Sonora en Equipo publicamos toda la informaci\u00f3n de Sonora, M\u00e9xico y el Mundo de manera oportuna y busca que la libertad de expresi\u00f3n sea real. Visita nuestro medio informativo publicado desde Hermosillo, Sonora. %\",\"breadcrumb\":{\"@id\":\"https:\/\/www.sonoraenequipo.com.mx\/fortalece-unison-programa-de-apoyo-al-transporte-de-estudiantes-del-poblado-miguel-aleman\/#breadcrumb\"},\"inLanguage\":\"es\",\"potentialAction\":[{\"@type\":\"ReadAction\",\"target\":[\"https:\/\/www.sonoraenequipo.com.mx\/fortalece-unison-programa-de-apoyo-al-transporte-de-estudiantes-del-poblado-miguel-aleman\/\"]}]},{\"@type\":\"ImageObject\",\"inLanguage\":\"es\",\"@id\":\"https:\/\/www.sonoraenequipo.com.mx\/fortalece-unison-programa-de-apoyo-al-transporte-de-estudiantes-del-poblado-miguel-aleman\/#primaryimage\",\"url\":\"https:\/\/www.sonoraenequipo.com.mx\/storage\/2025\/08\/juan-carlos.jpg\",\"contentUrl\":\"https:\/\/www.sonoraenequipo.com.mx\/storage\/2025\/08\/juan-carlos.jpg\",\"width\":620,\"height\":420,\"caption\":\"Juan Carlos G\u00e1lvez Ruiz, director Administrativo del Campus Hermosillo\"},{\"@type\":\"BreadcrumbList\",\"@id\":\"https:\/\/www.sonoraenequipo.com.mx\/fortalece-unison-programa-de-apoyo-al-transporte-de-estudiantes-del-poblado-miguel-aleman\/#breadcrumb\",\"itemListElement\":[{\"@type\":\"ListItem\",\"position\":1,\"name\":\"Portada\",\"item\":\"https:\/\/www.sonoraenequipo.com.mx\/\"},{\"@type\":\"ListItem\",\"position\":2,\"name\":\"Fortalece Unison programa de apoyo al transporte de estudiantes del Poblado M. A.\"}]},{\"@type\":\"WebSite\",\"@id\":\"https:\/\/www.sonoraenequipo.com.mx\/#website\",\"url\":\"https:\/\/www.sonoraenequipo.com.mx\/\",\"name\":\"Sonora en Equipo.\",\"description\":\"Diario en l\u00ednea con Noticias desde Hermosillo, Sonora\",\"publisher\":{\"@id\":\"https:\/\/www.sonoraenequipo.com.mx\/#organization\"},\"potentialAction\":[{\"@type\":\"SearchAction\",\"target\":{\"@type\":\"EntryPoint\",\"urlTemplate\":\"https:\/\/www.sonoraenequipo.com.mx\/?s={search_term_string}\"},\"query-input\":{\"@type\":\"PropertyValueSpecification\",\"valueRequired\":true,\"valueName\":\"search_term_string\"}}],\"inLanguage\":\"es\"},{\"@type\":\"Organization\",\"@id\":\"https:\/\/www.sonoraenequipo.com.mx\/#organization\",\"name\":\"Sonoraenequipo.com.mx\",\"url\":\"https:\/\/www.sonoraenequipo.com.mx\/\",\"logo\":{\"@type\":\"ImageObject\",\"inLanguage\":\"es\",\"@id\":\"https:\/\/www.sonoraenequipo.com.mx\/#\/schema\/logo\/image\/\",\"url\":\"https:\/\/www.sonoraenequipo.com.mx\/storage\/2019\/01\/sonoraenequipo_opt.png\",\"contentUrl\":\"https:\/\/www.sonoraenequipo.com.mx\/storage\/2019\/01\/sonoraenequipo_opt.png\",\"width\":375,\"height\":125,\"caption\":\"Sonoraenequipo.com.mx\"},\"image\":{\"@id\":\"https:\/\/www.sonoraenequipo.com.mx\/#\/schema\/logo\/image\/\"},\"sameAs\":[\"https:\/\/www.facebook.com\/SonoraEE\/\",\"https:\/\/x.com\/sonoraenequipo\",\"https:\/\/www.youtube.com\/channel\/UC338nW-lPEYmJQs4ZABQ1SQ\"]},{\"@type\":\"Person\",\"@id\":\"https:\/\/www.sonoraenequipo.com.mx\/#\/schema\/person\/50102df0fb23a8fa9e8effad8fa81386\",\"name\":\"enequipo\",\"image\":{\"@type\":\"ImageObject\",\"inLanguage\":\"es\",\"@id\":\"https:\/\/www.sonoraenequipo.com.mx\/#\/schema\/person\/image\/\",\"url\":\"https:\/\/secure.gravatar.com\/avatar\/049821681b589dabc0bc20695993ccebb09f5b5d4d790cd9251b97faac7c652b?s=96&d=blank&r=g\",\"contentUrl\":\"https:\/\/secure.gravatar.com\/avatar\/049821681b589dabc0bc20695993ccebb09f5b5d4d790cd9251b97faac7c652b?s=96&d=blank&r=g\",\"caption\":\"enequipo\"},\"sameAs\":[\"https:\/\/www.facebook.com\/SonoraEE\"]}]}<\/script>\n ","yoast_head_json":{"title":"Sonora en Equipo. Fortalece Unison programa de apoyo al transporte de estudiantes del Poblado M. A. Sonora","description":"HERMOSILLO, SONORA, MX. \u2014 A trav\u00e9s de la Direcci\u00f3n Administrativa del Campus Hermosillo, la Universidad de Sonora contin\u00faa con el programa de apoyo al En Sonora en Equipo publicamos toda la informaci\u00f3n de Sonora, M\u00e9xico y el Mundo de manera oportuna y busca que la libertad de expresi\u00f3n sea real. Visita nuestro medio informativo publicado desde Hermosillo, Sonora. %","robots":{"index":"index","follow":"follow","max-snippet":"max-snippet:-1","max-image-preview":"max-image-preview:large","max-video-preview":"max-video-preview:-1"},"canonical":"https:\/\/www.sonoraenequipo.com.mx\/fortalece-unison-programa-de-apoyo-al-transporte-de-estudiantes-del-poblado-miguel-aleman\/","og_locale":"es_ES","og_type":"article","og_title":"Sonora en Equipo. Fortalece Unison programa de apoyo al transporte de estudiantes del Poblado M. A. Sonora","og_description":"HERMOSILLO, SONORA, MX. \u2014 A trav\u00e9s de la Direcci\u00f3n Administrativa del Campus Hermosillo, la Universidad de Sonora contin\u00faa con el programa de apoyo al En Sonora en Equipo publicamos toda la informaci\u00f3n de Sonora, M\u00e9xico y el Mundo de manera oportuna y busca que la libertad de expresi\u00f3n sea real. Visita nuestro medio informativo publicado desde Hermosillo, Sonora. %","og_url":"https:\/\/www.sonoraenequipo.com.mx\/fortalece-unison-programa-de-apoyo-al-transporte-de-estudiantes-del-poblado-miguel-aleman\/","og_site_name":"Sonora en Equipo.","article_publisher":"https:\/\/www.facebook.com\/SonoraEE\/","article_author":"https:\/\/www.facebook.com\/SonoraEE","article_published_time":"2025-08-29T22:07:28+00:00","article_modified_time":"2025-08-29T22:08:46+00:00","og_image":[{"width":620,"height":420,"url":"https:\/\/www.sonoraenequipo.com.mx\/storage\/2025\/08\/juan-carlos.jpg","type":"image\/jpeg"}],"author":"enequipo","twitter_card":"summary_large_image","twitter_creator":"@sonoraenequipo","twitter_site":"@sonoraenequipo","twitter_misc":{"Escrito por":"enequipo","Tiempo de lectura":"3 minutos"},"schema":{"@context":"https:\/\/schema.org","@graph":[{"@type":"Article","@id":"https:\/\/www.sonoraenequipo.com.mx\/fortalece-unison-programa-de-apoyo-al-transporte-de-estudiantes-del-poblado-miguel-aleman\/#article","isPartOf":{"@id":"https:\/\/www.sonoraenequipo.com.mx\/fortalece-unison-programa-de-apoyo-al-transporte-de-estudiantes-del-poblado-miguel-aleman\/"},"author":{"name":"enequipo","@id":"https:\/\/www.sonoraenequipo.com.mx\/#\/schema\/person\/50102df0fb23a8fa9e8effad8fa81386"},"headline":"Fortalece Unison programa de apoyo al transporte de estudiantes del Poblado M. A.","datePublished":"2025-08-29T22:07:28+00:00","dateModified":"2025-08-29T22:08:46+00:00","mainEntityOfPage":{"@id":"https:\/\/www.sonoraenequipo.com.mx\/fortalece-unison-programa-de-apoyo-al-transporte-de-estudiantes-del-poblado-miguel-aleman\/"},"wordCount":535,"commentCount":0,"publisher":{"@id":"https:\/\/www.sonoraenequipo.com.mx\/#organization"},"image":{"@id":"https:\/\/www.sonoraenequipo.com.mx\/fortalece-unison-programa-de-apoyo-al-transporte-de-estudiantes-del-poblado-miguel-aleman\/#primaryimage"},"thumbnailUrl":"https:\/\/www.sonoraenequipo.com.mx\/storage\/2025\/08\/juan-carlos.jpg","keywords":["UniSon"],"articleSection":["Sonora"],"inLanguage":"es","potentialAction":[{"@type":"CommentAction","name":"Comment","target":["https:\/\/www.sonoraenequipo.com.mx\/fortalece-unison-programa-de-apoyo-al-transporte-de-estudiantes-del-poblado-miguel-aleman\/#respond"]}]},{"@type":"WebPage","@id":"https:\/\/www.sonoraenequipo.com.mx\/fortalece-unison-programa-de-apoyo-al-transporte-de-estudiantes-del-poblado-miguel-aleman\/","url":"https:\/\/www.sonoraenequipo.com.mx\/fortalece-unison-programa-de-apoyo-al-transporte-de-estudiantes-del-poblado-miguel-aleman\/","name":"Sonora en Equipo. Fortalece Unison programa de apoyo al transporte de estudiantes del Poblado M. A. Sonora","isPartOf":{"@id":"https:\/\/www.sonoraenequipo.com.mx\/#website"},"primaryImageOfPage":{"@id":"https:\/\/www.sonoraenequipo.com.mx\/fortalece-unison-programa-de-apoyo-al-transporte-de-estudiantes-del-poblado-miguel-aleman\/#primaryimage"},"image":{"@id":"https:\/\/www.sonoraenequipo.com.mx\/fortalece-unison-programa-de-apoyo-al-transporte-de-estudiantes-del-poblado-miguel-aleman\/#primaryimage"},"thumbnailUrl":"https:\/\/www.sonoraenequipo.com.mx\/storage\/2025\/08\/juan-carlos.jpg","datePublished":"2025-08-29T22:07:28+00:00","dateModified":"2025-08-29T22:08:46+00:00","description":"HERMOSILLO, SONORA, MX. \u2014 A trav\u00e9s de la Direcci\u00f3n Administrativa del Campus Hermosillo, la Universidad de Sonora contin\u00faa con el programa de apoyo al En Sonora en Equipo publicamos toda la informaci\u00f3n de Sonora, M\u00e9xico y el Mundo de manera oportuna y busca que la libertad de expresi\u00f3n sea real. Visita nuestro medio informativo publicado desde Hermosillo, Sonora. %","breadcrumb":{"@id":"https:\/\/www.sonoraenequipo.com.mx\/fortalece-unison-programa-de-apoyo-al-transporte-de-estudiantes-del-poblado-miguel-aleman\/#breadcrumb"},"inLanguage":"es","potentialAction":[{"@type":"ReadAction","target":["https:\/\/www.sonoraenequipo.com.mx\/fortalece-unison-programa-de-apoyo-al-transporte-de-estudiantes-del-poblado-miguel-aleman\/"]}]},{"@type":"ImageObject","inLanguage":"es","@id":"https:\/\/www.sonoraenequipo.com.mx\/fortalece-unison-programa-de-apoyo-al-transporte-de-estudiantes-del-poblado-miguel-aleman\/#primaryimage","url":"https:\/\/www.sonoraenequipo.com.mx\/storage\/2025\/08\/juan-carlos.jpg","contentUrl":"https:\/\/www.sonoraenequipo.com.mx\/storage\/2025\/08\/juan-carlos.jpg","width":620,"height":420,"caption":"Juan Carlos G\u00e1lvez Ruiz, director Administrativo del Campus Hermosillo"},{"@type":"BreadcrumbList","@id":"https:\/\/www.sonoraenequipo.com.mx\/fortalece-unison-programa-de-apoyo-al-transporte-de-estudiantes-del-poblado-miguel-aleman\/#breadcrumb","itemListElement":[{"@type":"ListItem","position":1,"name":"Portada","item":"https:\/\/www.sonoraenequipo.com.mx\/"},{"@type":"ListItem","position":2,"name":"Fortalece Unison programa de apoyo al transporte de estudiantes del Poblado M. A."}]},{"@type":"WebSite","@id":"https:\/\/www.sonoraenequipo.com.mx\/#website","url":"https:\/\/www.sonoraenequipo.com.mx\/","name":"Sonora en Equipo.","description":"Diario en l\u00ednea con Noticias desde Hermosillo, Sonora","publisher":{"@id":"https:\/\/www.sonoraenequipo.com.mx\/#organization"},"potentialAction":[{"@type":"SearchAction","target":{"@type":"EntryPoint","urlTemplate":"https:\/\/www.sonoraenequipo.com.mx\/?s={search_term_string}"},"query-input":{"@type":"PropertyValueSpecification","valueRequired":true,"valueName":"search_term_string"}}],"inLanguage":"es"},{"@type":"Organization","@id":"https:\/\/www.sonoraenequipo.com.mx\/#organization","name":"Sonoraenequipo.com.mx","url":"https:\/\/www.sonoraenequipo.com.mx\/","logo":{"@type":"ImageObject","inLanguage":"es","@id":"https:\/\/www.sonoraenequipo.com.mx\/#\/schema\/logo\/image\/","url":"https:\/\/www.sonoraenequipo.com.mx\/storage\/2019\/01\/sonoraenequipo_opt.png","contentUrl":"https:\/\/www.sonoraenequipo.com.mx\/storage\/2019\/01\/sonoraenequipo_opt.png","width":375,"height":125,"caption":"Sonoraenequipo.com.mx"},"image":{"@id":"https:\/\/www.sonoraenequipo.com.mx\/#\/schema\/logo\/image\/"},"sameAs":["https:\/\/www.facebook.com\/SonoraEE\/","https:\/\/x.com\/sonoraenequipo","https:\/\/www.youtube.com\/channel\/UC338nW-lPEYmJQs4ZABQ1SQ"]},{"@type":"Person","@id":"https:\/\/www.sonoraenequipo.com.mx\/#\/schema\/person\/50102df0fb23a8fa9e8effad8fa81386","name":"enequipo","image":{"@type":"ImageObject","inLanguage":"es","@id":"https:\/\/www.sonoraenequipo.com.mx\/#\/schema\/person\/image\/","url":"https:\/\/secure.gravatar.com\/avatar\/049821681b589dabc0bc20695993ccebb09f5b5d4d790cd9251b97faac7c652b?s=96&d=blank&r=g","contentUrl":"https:\/\/secure.gravatar.com\/avatar\/049821681b589dabc0bc20695993ccebb09f5b5d4d790cd9251b97faac7c652b?s=96&d=blank&r=g","caption":"enequipo"},"sameAs":["https:\/\/www.facebook.com\/SonoraEE"]}]}},"jetpack_featured_media_url":"https:\/\/www.sonoraenequipo.com.mx\/storage\/2025\/08\/juan-carlos.jpg","_links":{"self":[{"href":"https:\/\/www.sonoraenequipo.com.mx\/api\/wp\/v2\/posts\/222568","targetHints":{"allow":["GET"]}}],"collection":[{"href":"https:\/\/www.sonoraenequipo.com.mx\/api\/wp\/v2\/posts"}],"about":[{"href":"https:\/\/www.sonoraenequipo.com.mx\/api\/wp\/v2\/types\/post"}],"author":[{"embeddable":true,"href":"https:\/\/www.sonoraenequipo.com.mx\/api\/wp\/v2\/users\/1"}],"replies":[{"embeddable":true,"href":"https:\/\/www.sonoraenequipo.com.mx\/api\/wp\/v2\/comments?post=222568"}],"version-history":[{"count":3,"href":"https:\/\/www.sonoraenequipo.com.mx\/api\/wp\/v2\/posts\/222568\/revisions"}],"predecessor-version":[{"id":222574,"href":"https:\/\/www.sonoraenequipo.com.mx\/api\/wp\/v2\/posts\/222568\/revisions\/222574"}],"wp:featuredmedia":[{"embeddable":true,"href":"https:\/\/www.sonoraenequipo.com.mx\/api\/wp\/v2\/media\/222571"}],"wp:attachment":[{"href":"https:\/\/www.sonoraenequipo.com.mx\/api\/wp\/v2\/media?parent=222568"}],"wp:term":[{"taxonomy":"category","embeddable":true,"href":"https:\/\/www.sonoraenequipo.com.mx\/api\/wp\/v2\/categories?post=222568"},{"taxonomy":"post_tag","embeddable":true,"href":"https:\/\/www.sonoraenequipo.com.mx\/api\/wp\/v2\/tags?post=222568"}],"curies":[{"name":"wp","href":"https:\/\/api.w.org\/{rel}","templated":true}]}}