{"id":222577,"date":"2025-08-29T15:59:58","date_gmt":"2025-08-29T22:59:58","guid":{"rendered":"https:\/\/www.sonoraenequipo.com.mx\/?p=222577"},"modified":"2025-08-29T15:59:58","modified_gmt":"2025-08-29T22:59:58","slug":"tiene-mexico-alta-tasa-de-muertes-fetales-en-2024","status":"publish","type":"post","link":"https:\/\/www.sonoraenequipo.com.mx\/tiene-mexico-alta-tasa-de-muertes-fetales-en-2024\/","title":{"rendered":"Tiene M\u00e9xico alta tasa de muertes fetales en 2024"},"content":{"rendered":"<p><strong>CIUDAD DE M\u00c9XICO.<\/strong><strong> \u0336 \u0336\u00a0<\/strong><\/p>\n<ul>\n<li>Del total de muertes fetales, 81.8 % ocurri\u00f3 antes del parto, 16.8 % sucedi\u00f3 durante el parto, y en 1.4 % de los casos no se especific\u00f3 el momento.<\/li>\n<li>Colima registr\u00f3 la tasa m\u00e1s alta por cada 100 mil mujeres de 15 a 49 a\u00f1os,<\/li>\n<\/ul>\n<p>con 86.5.<\/p>\n<ul>\n<li>En 37.8 % de las muertes, el sexo del feto fue femenino y en 52.7 %, masculino.<\/li>\n<\/ul>\n<p>En 9.5 % de los casos no se especific\u00f3 el sexo.<\/p>\n<p><strong>PRINCIPALES RESULTADOS DE 2024<\/strong><\/p>\n<p>Caracter\u00edsticas de la defunci\u00f3n<\/p>\n<p>&nbsp;<\/p>\n<p>La tasa nacional de embarazos que terminaron en muerte fetal fue de 62.9 por cada\u00a0 100 mil mujeres en edad f\u00e9rtil (15 a 49 a\u00f1os). La tasa considera la informaci\u00f3n adicional de la Secretar\u00eda de Salud. Con la captaci\u00f3n tradicional, la tasa fue de 46.6.<\/p>\n<p>Las entidades federativas que presentaron las tasas m\u00e1s altas fueron: Colima, con 86.5; San Luis Potos\u00ed, con 84.9 y el estado de M\u00e9xico, con 82.7. Las tasas m\u00e1s bajas se registraron en Oaxaca, con 27.8; Zacatecas, con 39.3 y Quintana Roo, con 40.0<\/p>\n<p>La tasa nacional de defunciones fetales por cada mil personas que nacieron vivas fue de 15.6; con la informaci\u00f3n adicional de la Secretar\u00eda de Salud. Con la captaci\u00f3n tradicional fue de 11.6.<\/p>\n<p>Del total de muertes fetales, 81.8 % ocurri\u00f3 antes del parto; 16.8 % durante el mismo y en<\/p>\n<p>1.4 % de los casos no se especific\u00f3 el momento.<\/p>\n<p><strong>Caracter\u00edsticas del embarazo y del parto<\/strong><\/p>\n<p>El mayor porcentaje de muertes fetales correspondi\u00f3 a embarazos \u00fanicos, con 93.7 por ciento. Siguieron los gemelares, con 6.1 % (ver gr\u00e1fica 3). Respecto al procedimiento de expulsi\u00f3n o extracci\u00f3n, el parto vaginal espont\u00e1neo fue el que registr\u00f3 m\u00e1s casos, con 59.2 por ciento. Sigui\u00f3 la ces\u00e1rea, con 18.1 por ciento.<\/p>\n<p><strong>Caracter\u00edsticas del feto o producto<\/strong><\/p>\n<p>&nbsp;<\/p>\n<p>Con base en la edad gestacional (duraci\u00f3n del periodo de gestaci\u00f3n), las muertes fetales intermedias (20 a 27 semanas) representaron el mayor porcentaje de casos, con 37.8 %; siguieron las tard\u00edas (28 semanas y m\u00e1s), con 34.5 %, y las precoces (12 a 19 semanas),<\/p>\n<p>con 27.1 % (ver gr\u00e1fica 4). Seg\u00fan el sexo del feto, 37.8 % correspondi\u00f3 a mujeres y 52.7 %, a hombres. En 9.5 % de los casos no se especific\u00f3 el sexo.<\/p>\n<p><strong>Caracter\u00edsticas de la madre<\/strong><\/p>\n<p>&nbsp;<\/p>\n<p>De acuerdo con la edad de la madre, el grupo de mujeres que concentr\u00f3 el mayor n\u00famero de embarazos con alguna complicaci\u00f3n, que termin\u00f3 con la muerte del producto, fue el de 20 a 24 a\u00f1os, con 24.40 por ciento. Sigui\u00f3 el de 25 a 29, con<\/p>\n<p>22.59 % y el de 30 a 34, con 19.26 por ciento. En conjunto, estos tres grupos representaron 66.25 % del total (ver gr\u00e1fica 5). Del total de mujeres, 96.8 % era de nacionalidad mexicana; 1.1 %, extranjera y 2.1 % no lo especific\u00f3.<\/p>\n<p><strong>Fecha de publicaci\u00f3n viernes 29 de agosto de 2025<\/strong><\/p>\n","protected":false},"excerpt":{"rendered":"<p>CIUDAD DE M\u00c9XICO. \u0336 \u0336\u00a0 Del total de muertes fetales, 81.8 % ocurri\u00f3 antes del&#8230;<\/p>\n","protected":false},"author":1,"featured_media":67342,"comment_status":"open","ping_status":"open","sticky":false,"template":"","format":"standard","meta":{"_monsterinsights_skip_tracking":false,"_monsterinsights_sitenote_active":false,"_monsterinsights_sitenote_note":"","_monsterinsights_sitenote_category":0,"footnotes":""},"categories":[6493],"tags":[11704,2663],"class_list":["post"],"yoast_head":" \n<title>Sonora en Equipo. Tiene M\u00e9xico alta tasa de muertes fetales en 2024 PALABRAS Y N\u00daMEROS<\/title>\n<meta name=\"description\" content=\"CIUDAD DE M\u00c9XICO. \u0336 \u0336\u00a0 Del total de muertes fetales, 81.8 % ocurri\u00f3 antes del parto, 16.8 % sucedi\u00f3 durante el parto, y en 1.4 % de los casos no se En Sonora en Equipo publicamos toda la informaci\u00f3n de Sonora, M\u00e9xico y el Mundo de manera oportuna y busca que la libertad de expresi\u00f3n sea real. Visita nuestro medio informativo publicado desde Hermosillo, Sonora. %\" \/>\n<meta name=\"robots\" content=\"index, follow, max-snippet:-1, max-image-preview:large, max-video-preview:-1\" \/>\n<link rel=\"canonical\" href=\"https:\/\/www.sonoraenequipo.com.mx\/tiene-mexico-alta-tasa-de-muertes-fetales-en-2024\/\" \/>\n<meta property=\"og:locale\" content=\"es_ES\" \/>\n<meta property=\"og:type\" content=\"article\" \/>\n<meta property=\"og:title\" content=\"Sonora en Equipo. Tiene M\u00e9xico alta tasa de muertes fetales en 2024 PALABRAS Y N\u00daMEROS\" \/>\n<meta property=\"og:description\" content=\"CIUDAD DE M\u00c9XICO. \u0336 \u0336\u00a0 Del total de muertes fetales, 81.8 % ocurri\u00f3 antes del parto, 16.8 % sucedi\u00f3 durante el parto, y en 1.4 % de los casos no se En Sonora en Equipo publicamos toda la informaci\u00f3n de Sonora, M\u00e9xico y el Mundo de manera oportuna y busca que la libertad de expresi\u00f3n sea real. Visita nuestro medio informativo publicado desde Hermosillo, Sonora. %\" \/>\n<meta property=\"og:url\" content=\"https:\/\/www.sonoraenequipo.com.mx\/tiene-mexico-alta-tasa-de-muertes-fetales-en-2024\/\" \/>\n<meta property=\"og:site_name\" content=\"Sonora en Equipo.\" \/>\n<meta property=\"article:publisher\" content=\"https:\/\/www.facebook.com\/SonoraEE\/\" \/>\n<meta property=\"article:author\" content=\"https:\/\/www.facebook.com\/SonoraEE\" \/>\n<meta property=\"article:published_time\" content=\"2025-08-29T22:59:58+00:00\" \/>\n<meta property=\"og:image\" content=\"https:\/\/www.sonoraenequipo.com.mx\/storage\/2019\/09\/embarazo_opt1.jpg\" \/>\n\t<meta property=\"og:image:width\" content=\"596\" \/>\n\t<meta property=\"og:image:height\" content=\"400\" \/>\n\t<meta property=\"og:image:type\" content=\"image\/jpeg\" \/>\n<meta name=\"author\" content=\"enequipo\" \/>\n<meta name=\"twitter:card\" content=\"summary_large_image\" \/>\n<meta name=\"twitter:creator\" content=\"@sonoraenequipo\" \/>\n<meta name=\"twitter:site\" content=\"@sonoraenequipo\" \/>\n<meta name=\"twitter:label1\" content=\"Escrito por\" \/>\n\t<meta name=\"twitter:data1\" content=\"enequipo\" \/>\n\t<meta name=\"twitter:label2\" content=\"Tiempo de lectura\" \/>\n\t<meta name=\"twitter:data2\" content=\"2 minutos\" \/>\n<script type=\"application\/ld+json\" class=\"yoast-schema-graph\">{\"@context\":\"https:\/\/schema.org\",\"@graph\":[{\"@type\":\"Article\",\"@id\":\"https:\/\/www.sonoraenequipo.com.mx\/tiene-mexico-alta-tasa-de-muertes-fetales-en-2024\/#article\",\"isPartOf\":{\"@id\":\"https:\/\/www.sonoraenequipo.com.mx\/tiene-mexico-alta-tasa-de-muertes-fetales-en-2024\/\"},\"author\":{\"name\":\"enequipo\",\"@id\":\"https:\/\/www.sonoraenequipo.com.mx\/#\/schema\/person\/50102df0fb23a8fa9e8effad8fa81386\"},\"headline\":\"Tiene M\u00e9xico alta tasa de muertes fetales en 2024\",\"datePublished\":\"2025-08-29T22:59:58+00:00\",\"mainEntityOfPage\":{\"@id\":\"https:\/\/www.sonoraenequipo.com.mx\/tiene-mexico-alta-tasa-de-muertes-fetales-en-2024\/\"},\"wordCount\":444,\"commentCount\":0,\"publisher\":{\"@id\":\"https:\/\/www.sonoraenequipo.com.mx\/#organization\"},\"image\":{\"@id\":\"https:\/\/www.sonoraenequipo.com.mx\/tiene-mexico-alta-tasa-de-muertes-fetales-en-2024\/#primaryimage\"},\"thumbnailUrl\":\"https:\/\/www.sonoraenequipo.com.mx\/storage\/2019\/09\/embarazo_opt1.jpg\",\"keywords\":[\"fetales\",\"muertes\"],\"articleSection\":[\"PALABRAS Y N\u00daMEROS\"],\"inLanguage\":\"es\",\"potentialAction\":[{\"@type\":\"CommentAction\",\"name\":\"Comment\",\"target\":[\"https:\/\/www.sonoraenequipo.com.mx\/tiene-mexico-alta-tasa-de-muertes-fetales-en-2024\/#respond\"]}]},{\"@type\":\"WebPage\",\"@id\":\"https:\/\/www.sonoraenequipo.com.mx\/tiene-mexico-alta-tasa-de-muertes-fetales-en-2024\/\",\"url\":\"https:\/\/www.sonoraenequipo.com.mx\/tiene-mexico-alta-tasa-de-muertes-fetales-en-2024\/\",\"name\":\"Sonora en Equipo. Tiene M\u00e9xico alta tasa de muertes fetales en 2024 PALABRAS Y N\u00daMEROS\",\"isPartOf\":{\"@id\":\"https:\/\/www.sonoraenequipo.com.mx\/#website\"},\"primaryImageOfPage\":{\"@id\":\"https:\/\/www.sonoraenequipo.com.mx\/tiene-mexico-alta-tasa-de-muertes-fetales-en-2024\/#primaryimage\"},\"image\":{\"@id\":\"https:\/\/www.sonoraenequipo.com.mx\/tiene-mexico-alta-tasa-de-muertes-fetales-en-2024\/#primaryimage\"},\"thumbnailUrl\":\"https:\/\/www.sonoraenequipo.com.mx\/storage\/2019\/09\/embarazo_opt1.jpg\",\"datePublished\":\"2025-08-29T22:59:58+00:00\",\"description\":\"CIUDAD DE M\u00c9XICO. \u0336 \u0336\u00a0 Del total de muertes fetales, 81.8 % ocurri\u00f3 antes del parto, 16.8 % sucedi\u00f3 durante el parto, y en 1.4 % de los casos no se En Sonora en Equipo publicamos toda la informaci\u00f3n de Sonora, M\u00e9xico y el Mundo de manera oportuna y busca que la libertad de expresi\u00f3n sea real. Visita nuestro medio informativo publicado desde Hermosillo, Sonora. %\",\"breadcrumb\":{\"@id\":\"https:\/\/www.sonoraenequipo.com.mx\/tiene-mexico-alta-tasa-de-muertes-fetales-en-2024\/#breadcrumb\"},\"inLanguage\":\"es\",\"potentialAction\":[{\"@type\":\"ReadAction\",\"target\":[\"https:\/\/www.sonoraenequipo.com.mx\/tiene-mexico-alta-tasa-de-muertes-fetales-en-2024\/\"]}]},{\"@type\":\"ImageObject\",\"inLanguage\":\"es\",\"@id\":\"https:\/\/www.sonoraenequipo.com.mx\/tiene-mexico-alta-tasa-de-muertes-fetales-en-2024\/#primaryimage\",\"url\":\"https:\/\/www.sonoraenequipo.com.mx\/storage\/2019\/09\/embarazo_opt1.jpg\",\"contentUrl\":\"https:\/\/www.sonoraenequipo.com.mx\/storage\/2019\/09\/embarazo_opt1.jpg\",\"width\":596,\"height\":400},{\"@type\":\"BreadcrumbList\",\"@id\":\"https:\/\/www.sonoraenequipo.com.mx\/tiene-mexico-alta-tasa-de-muertes-fetales-en-2024\/#breadcrumb\",\"itemListElement\":[{\"@type\":\"ListItem\",\"position\":1,\"name\":\"Portada\",\"item\":\"https:\/\/www.sonoraenequipo.com.mx\/\"},{\"@type\":\"ListItem\",\"position\":2,\"name\":\"Tiene M\u00e9xico alta tasa de muertes fetales en 2024\"}]},{\"@type\":\"WebSite\",\"@id\":\"https:\/\/www.sonoraenequipo.com.mx\/#website\",\"url\":\"https:\/\/www.sonoraenequipo.com.mx\/\",\"name\":\"Sonora en Equipo.\",\"description\":\"Diario en l\u00ednea con Noticias desde Hermosillo, Sonora\",\"publisher\":{\"@id\":\"https:\/\/www.sonoraenequipo.com.mx\/#organization\"},\"potentialAction\":[{\"@type\":\"SearchAction\",\"target\":{\"@type\":\"EntryPoint\",\"urlTemplate\":\"https:\/\/www.sonoraenequipo.com.mx\/?s={search_term_string}\"},\"query-input\":{\"@type\":\"PropertyValueSpecification\",\"valueRequired\":true,\"valueName\":\"search_term_string\"}}],\"inLanguage\":\"es\"},{\"@type\":\"Organization\",\"@id\":\"https:\/\/www.sonoraenequipo.com.mx\/#organization\",\"name\":\"Sonoraenequipo.com.mx\",\"url\":\"https:\/\/www.sonoraenequipo.com.mx\/\",\"logo\":{\"@type\":\"ImageObject\",\"inLanguage\":\"es\",\"@id\":\"https:\/\/www.sonoraenequipo.com.mx\/#\/schema\/logo\/image\/\",\"url\":\"https:\/\/www.sonoraenequipo.com.mx\/storage\/2019\/01\/sonoraenequipo_opt.png\",\"contentUrl\":\"https:\/\/www.sonoraenequipo.com.mx\/storage\/2019\/01\/sonoraenequipo_opt.png\",\"width\":375,\"height\":125,\"caption\":\"Sonoraenequipo.com.mx\"},\"image\":{\"@id\":\"https:\/\/www.sonoraenequipo.com.mx\/#\/schema\/logo\/image\/\"},\"sameAs\":[\"https:\/\/www.facebook.com\/SonoraEE\/\",\"https:\/\/x.com\/sonoraenequipo\",\"https:\/\/www.youtube.com\/channel\/UC338nW-lPEYmJQs4ZABQ1SQ\"]},{\"@type\":\"Person\",\"@id\":\"https:\/\/www.sonoraenequipo.com.mx\/#\/schema\/person\/50102df0fb23a8fa9e8effad8fa81386\",\"name\":\"enequipo\",\"image\":{\"@type\":\"ImageObject\",\"inLanguage\":\"es\",\"@id\":\"https:\/\/www.sonoraenequipo.com.mx\/#\/schema\/person\/image\/\",\"url\":\"https:\/\/secure.gravatar.com\/avatar\/049821681b589dabc0bc20695993ccebb09f5b5d4d790cd9251b97faac7c652b?s=96&d=blank&r=g\",\"contentUrl\":\"https:\/\/secure.gravatar.com\/avatar\/049821681b589dabc0bc20695993ccebb09f5b5d4d790cd9251b97faac7c652b?s=96&d=blank&r=g\",\"caption\":\"enequipo\"},\"sameAs\":[\"https:\/\/www.facebook.com\/SonoraEE\"]}]}<\/script>\n ","yoast_head_json":{"title":"Sonora en Equipo. Tiene M\u00e9xico alta tasa de muertes fetales en 2024 PALABRAS Y N\u00daMEROS","description":"CIUDAD DE M\u00c9XICO. \u0336 \u0336\u00a0 Del total de muertes fetales, 81.8 % ocurri\u00f3 antes del parto, 16.8 % sucedi\u00f3 durante el parto, y en 1.4 % de los casos no se En Sonora en Equipo publicamos toda la informaci\u00f3n de Sonora, M\u00e9xico y el Mundo de manera oportuna y busca que la libertad de expresi\u00f3n sea real. Visita nuestro medio informativo publicado desde Hermosillo, Sonora. %","robots":{"index":"index","follow":"follow","max-snippet":"max-snippet:-1","max-image-preview":"max-image-preview:large","max-video-preview":"max-video-preview:-1"},"canonical":"https:\/\/www.sonoraenequipo.com.mx\/tiene-mexico-alta-tasa-de-muertes-fetales-en-2024\/","og_locale":"es_ES","og_type":"article","og_title":"Sonora en Equipo. Tiene M\u00e9xico alta tasa de muertes fetales en 2024 PALABRAS Y N\u00daMEROS","og_description":"CIUDAD DE M\u00c9XICO. \u0336 \u0336\u00a0 Del total de muertes fetales, 81.8 % ocurri\u00f3 antes del parto, 16.8 % sucedi\u00f3 durante el parto, y en 1.4 % de los casos no se En Sonora en Equipo publicamos toda la informaci\u00f3n de Sonora, M\u00e9xico y el Mundo de manera oportuna y busca que la libertad de expresi\u00f3n sea real. Visita nuestro medio informativo publicado desde Hermosillo, Sonora. %","og_url":"https:\/\/www.sonoraenequipo.com.mx\/tiene-mexico-alta-tasa-de-muertes-fetales-en-2024\/","og_site_name":"Sonora en Equipo.","article_publisher":"https:\/\/www.facebook.com\/SonoraEE\/","article_author":"https:\/\/www.facebook.com\/SonoraEE","article_published_time":"2025-08-29T22:59:58+00:00","og_image":[{"width":596,"height":400,"url":"https:\/\/www.sonoraenequipo.com.mx\/storage\/2019\/09\/embarazo_opt1.jpg","type":"image\/jpeg"}],"author":"enequipo","twitter_card":"summary_large_image","twitter_creator":"@sonoraenequipo","twitter_site":"@sonoraenequipo","twitter_misc":{"Escrito por":"enequipo","Tiempo de lectura":"2 minutos"},"schema":{"@context":"https:\/\/schema.org","@graph":[{"@type":"Article","@id":"https:\/\/www.sonoraenequipo.com.mx\/tiene-mexico-alta-tasa-de-muertes-fetales-en-2024\/#article","isPartOf":{"@id":"https:\/\/www.sonoraenequipo.com.mx\/tiene-mexico-alta-tasa-de-muertes-fetales-en-2024\/"},"author":{"name":"enequipo","@id":"https:\/\/www.sonoraenequipo.com.mx\/#\/schema\/person\/50102df0fb23a8fa9e8effad8fa81386"},"headline":"Tiene M\u00e9xico alta tasa de muertes fetales en 2024","datePublished":"2025-08-29T22:59:58+00:00","mainEntityOfPage":{"@id":"https:\/\/www.sonoraenequipo.com.mx\/tiene-mexico-alta-tasa-de-muertes-fetales-en-2024\/"},"wordCount":444,"commentCount":0,"publisher":{"@id":"https:\/\/www.sonoraenequipo.com.mx\/#organization"},"image":{"@id":"https:\/\/www.sonoraenequipo.com.mx\/tiene-mexico-alta-tasa-de-muertes-fetales-en-2024\/#primaryimage"},"thumbnailUrl":"https:\/\/www.sonoraenequipo.com.mx\/storage\/2019\/09\/embarazo_opt1.jpg","keywords":["fetales","muertes"],"articleSection":["PALABRAS Y N\u00daMEROS"],"inLanguage":"es","potentialAction":[{"@type":"CommentAction","name":"Comment","target":["https:\/\/www.sonoraenequipo.com.mx\/tiene-mexico-alta-tasa-de-muertes-fetales-en-2024\/#respond"]}]},{"@type":"WebPage","@id":"https:\/\/www.sonoraenequipo.com.mx\/tiene-mexico-alta-tasa-de-muertes-fetales-en-2024\/","url":"https:\/\/www.sonoraenequipo.com.mx\/tiene-mexico-alta-tasa-de-muertes-fetales-en-2024\/","name":"Sonora en Equipo. Tiene M\u00e9xico alta tasa de muertes fetales en 2024 PALABRAS Y N\u00daMEROS","isPartOf":{"@id":"https:\/\/www.sonoraenequipo.com.mx\/#website"},"primaryImageOfPage":{"@id":"https:\/\/www.sonoraenequipo.com.mx\/tiene-mexico-alta-tasa-de-muertes-fetales-en-2024\/#primaryimage"},"image":{"@id":"https:\/\/www.sonoraenequipo.com.mx\/tiene-mexico-alta-tasa-de-muertes-fetales-en-2024\/#primaryimage"},"thumbnailUrl":"https:\/\/www.sonoraenequipo.com.mx\/storage\/2019\/09\/embarazo_opt1.jpg","datePublished":"2025-08-29T22:59:58+00:00","description":"CIUDAD DE M\u00c9XICO. \u0336 \u0336\u00a0 Del total de muertes fetales, 81.8 % ocurri\u00f3 antes del parto, 16.8 % sucedi\u00f3 durante el parto, y en 1.4 % de los casos no se En Sonora en Equipo publicamos toda la informaci\u00f3n de Sonora, M\u00e9xico y el Mundo de manera oportuna y busca que la libertad de expresi\u00f3n sea real. Visita nuestro medio informativo publicado desde Hermosillo, Sonora. %","breadcrumb":{"@id":"https:\/\/www.sonoraenequipo.com.mx\/tiene-mexico-alta-tasa-de-muertes-fetales-en-2024\/#breadcrumb"},"inLanguage":"es","potentialAction":[{"@type":"ReadAction","target":["https:\/\/www.sonoraenequipo.com.mx\/tiene-mexico-alta-tasa-de-muertes-fetales-en-2024\/"]}]},{"@type":"ImageObject","inLanguage":"es","@id":"https:\/\/www.sonoraenequipo.com.mx\/tiene-mexico-alta-tasa-de-muertes-fetales-en-2024\/#primaryimage","url":"https:\/\/www.sonoraenequipo.com.mx\/storage\/2019\/09\/embarazo_opt1.jpg","contentUrl":"https:\/\/www.sonoraenequipo.com.mx\/storage\/2019\/09\/embarazo_opt1.jpg","width":596,"height":400},{"@type":"BreadcrumbList","@id":"https:\/\/www.sonoraenequipo.com.mx\/tiene-mexico-alta-tasa-de-muertes-fetales-en-2024\/#breadcrumb","itemListElement":[{"@type":"ListItem","position":1,"name":"Portada","item":"https:\/\/www.sonoraenequipo.com.mx\/"},{"@type":"ListItem","position":2,"name":"Tiene M\u00e9xico alta tasa de muertes fetales en 2024"}]},{"@type":"WebSite","@id":"https:\/\/www.sonoraenequipo.com.mx\/#website","url":"https:\/\/www.sonoraenequipo.com.mx\/","name":"Sonora en Equipo.","description":"Diario en l\u00ednea con Noticias desde Hermosillo, Sonora","publisher":{"@id":"https:\/\/www.sonoraenequipo.com.mx\/#organization"},"potentialAction":[{"@type":"SearchAction","target":{"@type":"EntryPoint","urlTemplate":"https:\/\/www.sonoraenequipo.com.mx\/?s={search_term_string}"},"query-input":{"@type":"PropertyValueSpecification","valueRequired":true,"valueName":"search_term_string"}}],"inLanguage":"es"},{"@type":"Organization","@id":"https:\/\/www.sonoraenequipo.com.mx\/#organization","name":"Sonoraenequipo.com.mx","url":"https:\/\/www.sonoraenequipo.com.mx\/","logo":{"@type":"ImageObject","inLanguage":"es","@id":"https:\/\/www.sonoraenequipo.com.mx\/#\/schema\/logo\/image\/","url":"https:\/\/www.sonoraenequipo.com.mx\/storage\/2019\/01\/sonoraenequipo_opt.png","contentUrl":"https:\/\/www.sonoraenequipo.com.mx\/storage\/2019\/01\/sonoraenequipo_opt.png","width":375,"height":125,"caption":"Sonoraenequipo.com.mx"},"image":{"@id":"https:\/\/www.sonoraenequipo.com.mx\/#\/schema\/logo\/image\/"},"sameAs":["https:\/\/www.facebook.com\/SonoraEE\/","https:\/\/x.com\/sonoraenequipo","https:\/\/www.youtube.com\/channel\/UC338nW-lPEYmJQs4ZABQ1SQ"]},{"@type":"Person","@id":"https:\/\/www.sonoraenequipo.com.mx\/#\/schema\/person\/50102df0fb23a8fa9e8effad8fa81386","name":"enequipo","image":{"@type":"ImageObject","inLanguage":"es","@id":"https:\/\/www.sonoraenequipo.com.mx\/#\/schema\/person\/image\/","url":"https:\/\/secure.gravatar.com\/avatar\/049821681b589dabc0bc20695993ccebb09f5b5d4d790cd9251b97faac7c652b?s=96&d=blank&r=g","contentUrl":"https:\/\/secure.gravatar.com\/avatar\/049821681b589dabc0bc20695993ccebb09f5b5d4d790cd9251b97faac7c652b?s=96&d=blank&r=g","caption":"enequipo"},"sameAs":["https:\/\/www.facebook.com\/SonoraEE"]}]}},"jetpack_featured_media_url":"https:\/\/www.sonoraenequipo.com.mx\/storage\/2019\/09\/embarazo_opt1.jpg","_links":{"self":[{"href":"https:\/\/www.sonoraenequipo.com.mx\/api\/wp\/v2\/posts\/222577","targetHints":{"allow":["GET"]}}],"collection":[{"href":"https:\/\/www.sonoraenequipo.com.mx\/api\/wp\/v2\/posts"}],"about":[{"href":"https:\/\/www.sonoraenequipo.com.mx\/api\/wp\/v2\/types\/post"}],"author":[{"embeddable":true,"href":"https:\/\/www.sonoraenequipo.com.mx\/api\/wp\/v2\/users\/1"}],"replies":[{"embeddable":true,"href":"https:\/\/www.sonoraenequipo.com.mx\/api\/wp\/v2\/comments?post=222577"}],"version-history":[{"count":1,"href":"https:\/\/www.sonoraenequipo.com.mx\/api\/wp\/v2\/posts\/222577\/revisions"}],"predecessor-version":[{"id":222578,"href":"https:\/\/www.sonoraenequipo.com.mx\/api\/wp\/v2\/posts\/222577\/revisions\/222578"}],"wp:featuredmedia":[{"embeddable":true,"href":"https:\/\/www.sonoraenequipo.com.mx\/api\/wp\/v2\/media\/67342"}],"wp:attachment":[{"href":"https:\/\/www.sonoraenequipo.com.mx\/api\/wp\/v2\/media?parent=222577"}],"wp:term":[{"taxonomy":"category","embeddable":true,"href":"https:\/\/www.sonoraenequipo.com.mx\/api\/wp\/v2\/categories?post=222577"},{"taxonomy":"post_tag","embeddable":true,"href":"https:\/\/www.sonoraenequipo.com.mx\/api\/wp\/v2\/tags?post=222577"}],"curies":[{"name":"wp","href":"https:\/\/api.w.org\/{rel}","templated":true}]}}