{"id":222579,"date":"2025-08-29T16:10:05","date_gmt":"2025-08-29T23:10:05","guid":{"rendered":"https:\/\/www.sonoraenequipo.com.mx\/?p=222579"},"modified":"2025-08-29T16:10:05","modified_gmt":"2025-08-29T23:10:05","slug":"gobierno-de-sonora-llama-a-prevenir-el-golpe-de-calor-y-actuar-con-rapidez-ante-una-emergencia","status":"publish","type":"post","link":"https:\/\/www.sonoraenequipo.com.mx\/gobierno-de-sonora-llama-a-prevenir-el-golpe-de-calor-y-actuar-con-rapidez-ante-una-emergencia\/","title":{"rendered":"Gobierno de Sonora llama a prevenir el golpe de calor y actuar con rapidez ante una emergencia"},"content":{"rendered":"<p>&nbsp;<\/p>\n<p>&nbsp;<\/p>\n<p><strong>HERMOSILLO, SONORA, MX.<\/strong> \u2014 Debido a las altas temperaturas que se registran en gran parte del estado, el Gobierno de Sonora, a trav\u00e9s de la Secretar\u00eda de Salud (SSP), reiter\u00f3 la importancia de tomar medidas preventivas para evitar el golpe de calor, una condici\u00f3n que puede poner en riesgo la vida si no se atiende de manera oportuna.<\/p>\n<p>&nbsp;<\/p>\n<p>&nbsp;<\/p>\n<p>&nbsp;<\/p>\n<p>El golpe de calor se presenta cuando el organismo pierde la capacidad de regular su temperatura tras una exposici\u00f3n prolongada a un ambiente extremo. Esta situaci\u00f3n constituye una urgencia m\u00e9dica, por lo que la mejor herramienta para salvar vidas es la prevenci\u00f3n.<\/p>\n<p>&nbsp;<\/p>\n<p>&nbsp;<\/p>\n<p>&nbsp;<\/p>\n<p>La SSP explic\u00f3 que los s\u00edntomas clave son: temperatura corporal elevada y alteraciones en el estado mental o de comportamiento, las cuales pueden manifestarse como confusi\u00f3n, incoherencia, euforia, p\u00e9rdida de conciencia o desmayos. Por ello, es fundamental que las personas cercanas a un afectado sepan identificar estas se\u00f1ales y brindar ayuda inmediata.<\/p>\n<p>&nbsp;<\/p>\n<p>&nbsp;<\/p>\n<p>&nbsp;<\/p>\n<p>En caso de presentarse un golpe de calor, se deben aplicar de manera estricta cuatro pasos de primeros auxilios: el primer paso es llamar al 911; el segundo es trasladar al afectado a un sitio con sombra o fresco; el tercero es retirar el exceso de ropa y el cuarto paso es iniciar de inmediato el enfriamiento del cuerpo con agua fr\u00eda, pa\u00f1os h\u00famedos o ventilaci\u00f3n, mientras llega la atenci\u00f3n m\u00e9dica.<\/p>\n<p>&nbsp;<\/p>\n<p>&nbsp;<\/p>\n<p>&nbsp;<\/p>\n<p>La dependencia insisti\u00f3 en que, muchas veces, la persona afectada no es consciente del peligro que enfrenta, por lo que la prevenci\u00f3n es clave: mantenerse hidratado, usar ropa ligera, evitar la exposici\u00f3n directa al sol entre las 11:00 y 16:00 horas y procurar permanecer en lugares frescos.<\/p>\n<p>&nbsp;<\/p>\n<p>&nbsp;<\/p>\n<p>&nbsp;<\/p>\n<p>La SSP subray\u00f3 que la mejor manera de proteger la salud en esta temporada es anticiparse al golpe de calor y evitar situaciones de riesgo, y en caso de que se presente, llamar de inmediato a la l\u00ednea de emergencia 911.<\/p>\n<p><strong>Fecha de publicaci\u00f3n viernes 29 de agosto de 2025<\/strong><\/p>\n","protected":false},"excerpt":{"rendered":"<p>&nbsp; &nbsp; HERMOSILLO, SONORA, MX. \u2014 Debido a las altas temperaturas que se registran en&#8230;<\/p>\n","protected":false},"author":1,"featured_media":168714,"comment_status":"open","ping_status":"open","sticky":false,"template":"","format":"standard","meta":{"_monsterinsights_skip_tracking":false,"_monsterinsights_sitenote_active":false,"_monsterinsights_sitenote_note":"","_monsterinsights_sitenote_category":0,"footnotes":""},"categories":[22],"tags":[3209,15],"class_list":["post"],"yoast_head":" \n<title>Sonora en Equipo. Gobierno de Sonora llama a prevenir el golpe de calor y actuar con rapidez ante una emergencia Sonora<\/title>\n<meta name=\"description\" content=\"&nbsp; &nbsp; HERMOSILLO, SONORA, MX. \u2014 Debido a las altas temperaturas que se registran en gran parte del estado, el Gobierno de Sonora, a trav\u00e9s de la En Sonora en Equipo publicamos toda la informaci\u00f3n de Sonora, M\u00e9xico y el Mundo de manera oportuna y busca que la libertad de expresi\u00f3n sea real. Visita nuestro medio informativo publicado desde Hermosillo, Sonora. %\" \/>\n<meta name=\"robots\" content=\"index, follow, max-snippet:-1, max-image-preview:large, max-video-preview:-1\" \/>\n<link rel=\"canonical\" href=\"https:\/\/www.sonoraenequipo.com.mx\/gobierno-de-sonora-llama-a-prevenir-el-golpe-de-calor-y-actuar-con-rapidez-ante-una-emergencia\/\" \/>\n<meta property=\"og:locale\" content=\"es_ES\" \/>\n<meta property=\"og:type\" content=\"article\" \/>\n<meta property=\"og:title\" content=\"Sonora en Equipo. Gobierno de Sonora llama a prevenir el golpe de calor y actuar con rapidez ante una emergencia Sonora\" \/>\n<meta property=\"og:description\" content=\"&nbsp; &nbsp; HERMOSILLO, SONORA, MX. \u2014 Debido a las altas temperaturas que se registran en gran parte del estado, el Gobierno de Sonora, a trav\u00e9s de la En Sonora en Equipo publicamos toda la informaci\u00f3n de Sonora, M\u00e9xico y el Mundo de manera oportuna y busca que la libertad de expresi\u00f3n sea real. Visita nuestro medio informativo publicado desde Hermosillo, Sonora. %\" \/>\n<meta property=\"og:url\" content=\"https:\/\/www.sonoraenequipo.com.mx\/gobierno-de-sonora-llama-a-prevenir-el-golpe-de-calor-y-actuar-con-rapidez-ante-una-emergencia\/\" \/>\n<meta property=\"og:site_name\" content=\"Sonora en Equipo.\" \/>\n<meta property=\"article:publisher\" content=\"https:\/\/www.facebook.com\/SonoraEE\/\" \/>\n<meta property=\"article:author\" content=\"https:\/\/www.facebook.com\/SonoraEE\" \/>\n<meta property=\"article:published_time\" content=\"2025-08-29T23:10:05+00:00\" \/>\n<meta property=\"og:image\" content=\"https:\/\/www.sonoraenequipo.com.mx\/storage\/2023\/06\/calor-ninas-ninos-min.jpg\" \/>\n\t<meta property=\"og:image:width\" content=\"1200\" \/>\n\t<meta property=\"og:image:height\" content=\"683\" \/>\n\t<meta property=\"og:image:type\" content=\"image\/jpeg\" \/>\n<meta name=\"author\" content=\"enequipo\" \/>\n<meta name=\"twitter:card\" content=\"summary_large_image\" \/>\n<meta name=\"twitter:creator\" content=\"@sonoraenequipo\" \/>\n<meta name=\"twitter:site\" content=\"@sonoraenequipo\" \/>\n<meta name=\"twitter:label1\" content=\"Escrito por\" \/>\n\t<meta name=\"twitter:data1\" content=\"enequipo\" \/>\n\t<meta name=\"twitter:label2\" content=\"Tiempo de lectura\" \/>\n\t<meta name=\"twitter:data2\" content=\"2 minutos\" \/>\n<script type=\"application\/ld+json\" class=\"yoast-schema-graph\">{\"@context\":\"https:\/\/schema.org\",\"@graph\":[{\"@type\":\"Article\",\"@id\":\"https:\/\/www.sonoraenequipo.com.mx\/gobierno-de-sonora-llama-a-prevenir-el-golpe-de-calor-y-actuar-con-rapidez-ante-una-emergencia\/#article\",\"isPartOf\":{\"@id\":\"https:\/\/www.sonoraenequipo.com.mx\/gobierno-de-sonora-llama-a-prevenir-el-golpe-de-calor-y-actuar-con-rapidez-ante-una-emergencia\/\"},\"author\":{\"name\":\"enequipo\",\"@id\":\"https:\/\/www.sonoraenequipo.com.mx\/#\/schema\/person\/50102df0fb23a8fa9e8effad8fa81386\"},\"headline\":\"Gobierno de Sonora llama a prevenir el golpe de calor y actuar con rapidez ante una emergencia\",\"datePublished\":\"2025-08-29T23:10:05+00:00\",\"mainEntityOfPage\":{\"@id\":\"https:\/\/www.sonoraenequipo.com.mx\/gobierno-de-sonora-llama-a-prevenir-el-golpe-de-calor-y-actuar-con-rapidez-ante-una-emergencia\/\"},\"wordCount\":368,\"commentCount\":0,\"publisher\":{\"@id\":\"https:\/\/www.sonoraenequipo.com.mx\/#organization\"},\"image\":{\"@id\":\"https:\/\/www.sonoraenequipo.com.mx\/gobierno-de-sonora-llama-a-prevenir-el-golpe-de-calor-y-actuar-con-rapidez-ante-una-emergencia\/#primaryimage\"},\"thumbnailUrl\":\"https:\/\/www.sonoraenequipo.com.mx\/storage\/2023\/06\/calor-ninas-ninos-min.jpg\",\"keywords\":[\"calor\",\"Sonora\"],\"articleSection\":[\"Sonora\"],\"inLanguage\":\"es\",\"potentialAction\":[{\"@type\":\"CommentAction\",\"name\":\"Comment\",\"target\":[\"https:\/\/www.sonoraenequipo.com.mx\/gobierno-de-sonora-llama-a-prevenir-el-golpe-de-calor-y-actuar-con-rapidez-ante-una-emergencia\/#respond\"]}]},{\"@type\":\"WebPage\",\"@id\":\"https:\/\/www.sonoraenequipo.com.mx\/gobierno-de-sonora-llama-a-prevenir-el-golpe-de-calor-y-actuar-con-rapidez-ante-una-emergencia\/\",\"url\":\"https:\/\/www.sonoraenequipo.com.mx\/gobierno-de-sonora-llama-a-prevenir-el-golpe-de-calor-y-actuar-con-rapidez-ante-una-emergencia\/\",\"name\":\"Sonora en Equipo. Gobierno de Sonora llama a prevenir el golpe de calor y actuar con rapidez ante una emergencia Sonora\",\"isPartOf\":{\"@id\":\"https:\/\/www.sonoraenequipo.com.mx\/#website\"},\"primaryImageOfPage\":{\"@id\":\"https:\/\/www.sonoraenequipo.com.mx\/gobierno-de-sonora-llama-a-prevenir-el-golpe-de-calor-y-actuar-con-rapidez-ante-una-emergencia\/#primaryimage\"},\"image\":{\"@id\":\"https:\/\/www.sonoraenequipo.com.mx\/gobierno-de-sonora-llama-a-prevenir-el-golpe-de-calor-y-actuar-con-rapidez-ante-una-emergencia\/#primaryimage\"},\"thumbnailUrl\":\"https:\/\/www.sonoraenequipo.com.mx\/storage\/2023\/06\/calor-ninas-ninos-min.jpg\",\"datePublished\":\"2025-08-29T23:10:05+00:00\",\"description\":\"&nbsp; &nbsp; HERMOSILLO, SONORA, MX. \u2014 Debido a las altas temperaturas que se registran en gran parte del estado, el Gobierno de Sonora, a trav\u00e9s de la En Sonora en Equipo publicamos toda la informaci\u00f3n de Sonora, M\u00e9xico y el Mundo de manera oportuna y busca que la libertad de expresi\u00f3n sea real. Visita nuestro medio informativo publicado desde Hermosillo, Sonora. %\",\"breadcrumb\":{\"@id\":\"https:\/\/www.sonoraenequipo.com.mx\/gobierno-de-sonora-llama-a-prevenir-el-golpe-de-calor-y-actuar-con-rapidez-ante-una-emergencia\/#breadcrumb\"},\"inLanguage\":\"es\",\"potentialAction\":[{\"@type\":\"ReadAction\",\"target\":[\"https:\/\/www.sonoraenequipo.com.mx\/gobierno-de-sonora-llama-a-prevenir-el-golpe-de-calor-y-actuar-con-rapidez-ante-una-emergencia\/\"]}]},{\"@type\":\"ImageObject\",\"inLanguage\":\"es\",\"@id\":\"https:\/\/www.sonoraenequipo.com.mx\/gobierno-de-sonora-llama-a-prevenir-el-golpe-de-calor-y-actuar-con-rapidez-ante-una-emergencia\/#primaryimage\",\"url\":\"https:\/\/www.sonoraenequipo.com.mx\/storage\/2023\/06\/calor-ninas-ninos-min.jpg\",\"contentUrl\":\"https:\/\/www.sonoraenequipo.com.mx\/storage\/2023\/06\/calor-ninas-ninos-min.jpg\",\"width\":1200,\"height\":683},{\"@type\":\"BreadcrumbList\",\"@id\":\"https:\/\/www.sonoraenequipo.com.mx\/gobierno-de-sonora-llama-a-prevenir-el-golpe-de-calor-y-actuar-con-rapidez-ante-una-emergencia\/#breadcrumb\",\"itemListElement\":[{\"@type\":\"ListItem\",\"position\":1,\"name\":\"Portada\",\"item\":\"https:\/\/www.sonoraenequipo.com.mx\/\"},{\"@type\":\"ListItem\",\"position\":2,\"name\":\"Gobierno de Sonora llama a prevenir el golpe de calor y actuar con rapidez ante una emergencia\"}]},{\"@type\":\"WebSite\",\"@id\":\"https:\/\/www.sonoraenequipo.com.mx\/#website\",\"url\":\"https:\/\/www.sonoraenequipo.com.mx\/\",\"name\":\"Sonora en Equipo.\",\"description\":\"Diario en l\u00ednea con Noticias desde Hermosillo, Sonora\",\"publisher\":{\"@id\":\"https:\/\/www.sonoraenequipo.com.mx\/#organization\"},\"potentialAction\":[{\"@type\":\"SearchAction\",\"target\":{\"@type\":\"EntryPoint\",\"urlTemplate\":\"https:\/\/www.sonoraenequipo.com.mx\/?s={search_term_string}\"},\"query-input\":{\"@type\":\"PropertyValueSpecification\",\"valueRequired\":true,\"valueName\":\"search_term_string\"}}],\"inLanguage\":\"es\"},{\"@type\":\"Organization\",\"@id\":\"https:\/\/www.sonoraenequipo.com.mx\/#organization\",\"name\":\"Sonoraenequipo.com.mx\",\"url\":\"https:\/\/www.sonoraenequipo.com.mx\/\",\"logo\":{\"@type\":\"ImageObject\",\"inLanguage\":\"es\",\"@id\":\"https:\/\/www.sonoraenequipo.com.mx\/#\/schema\/logo\/image\/\",\"url\":\"https:\/\/www.sonoraenequipo.com.mx\/storage\/2019\/01\/sonoraenequipo_opt.png\",\"contentUrl\":\"https:\/\/www.sonoraenequipo.com.mx\/storage\/2019\/01\/sonoraenequipo_opt.png\",\"width\":375,\"height\":125,\"caption\":\"Sonoraenequipo.com.mx\"},\"image\":{\"@id\":\"https:\/\/www.sonoraenequipo.com.mx\/#\/schema\/logo\/image\/\"},\"sameAs\":[\"https:\/\/www.facebook.com\/SonoraEE\/\",\"https:\/\/x.com\/sonoraenequipo\",\"https:\/\/www.youtube.com\/channel\/UC338nW-lPEYmJQs4ZABQ1SQ\"]},{\"@type\":\"Person\",\"@id\":\"https:\/\/www.sonoraenequipo.com.mx\/#\/schema\/person\/50102df0fb23a8fa9e8effad8fa81386\",\"name\":\"enequipo\",\"image\":{\"@type\":\"ImageObject\",\"inLanguage\":\"es\",\"@id\":\"https:\/\/www.sonoraenequipo.com.mx\/#\/schema\/person\/image\/\",\"url\":\"https:\/\/secure.gravatar.com\/avatar\/049821681b589dabc0bc20695993ccebb09f5b5d4d790cd9251b97faac7c652b?s=96&d=blank&r=g\",\"contentUrl\":\"https:\/\/secure.gravatar.com\/avatar\/049821681b589dabc0bc20695993ccebb09f5b5d4d790cd9251b97faac7c652b?s=96&d=blank&r=g\",\"caption\":\"enequipo\"},\"sameAs\":[\"https:\/\/www.facebook.com\/SonoraEE\"]}]}<\/script>\n ","yoast_head_json":{"title":"Sonora en Equipo. Gobierno de Sonora llama a prevenir el golpe de calor y actuar con rapidez ante una emergencia Sonora","description":"&nbsp; &nbsp; HERMOSILLO, SONORA, MX. \u2014 Debido a las altas temperaturas que se registran en gran parte del estado, el Gobierno de Sonora, a trav\u00e9s de la En Sonora en Equipo publicamos toda la informaci\u00f3n de Sonora, M\u00e9xico y el Mundo de manera oportuna y busca que la libertad de expresi\u00f3n sea real. Visita nuestro medio informativo publicado desde Hermosillo, Sonora. %","robots":{"index":"index","follow":"follow","max-snippet":"max-snippet:-1","max-image-preview":"max-image-preview:large","max-video-preview":"max-video-preview:-1"},"canonical":"https:\/\/www.sonoraenequipo.com.mx\/gobierno-de-sonora-llama-a-prevenir-el-golpe-de-calor-y-actuar-con-rapidez-ante-una-emergencia\/","og_locale":"es_ES","og_type":"article","og_title":"Sonora en Equipo. Gobierno de Sonora llama a prevenir el golpe de calor y actuar con rapidez ante una emergencia Sonora","og_description":"&nbsp; &nbsp; HERMOSILLO, SONORA, MX. \u2014 Debido a las altas temperaturas que se registran en gran parte del estado, el Gobierno de Sonora, a trav\u00e9s de la En Sonora en Equipo publicamos toda la informaci\u00f3n de Sonora, M\u00e9xico y el Mundo de manera oportuna y busca que la libertad de expresi\u00f3n sea real. Visita nuestro medio informativo publicado desde Hermosillo, Sonora. %","og_url":"https:\/\/www.sonoraenequipo.com.mx\/gobierno-de-sonora-llama-a-prevenir-el-golpe-de-calor-y-actuar-con-rapidez-ante-una-emergencia\/","og_site_name":"Sonora en Equipo.","article_publisher":"https:\/\/www.facebook.com\/SonoraEE\/","article_author":"https:\/\/www.facebook.com\/SonoraEE","article_published_time":"2025-08-29T23:10:05+00:00","og_image":[{"width":1200,"height":683,"url":"https:\/\/www.sonoraenequipo.com.mx\/storage\/2023\/06\/calor-ninas-ninos-min.jpg","type":"image\/jpeg"}],"author":"enequipo","twitter_card":"summary_large_image","twitter_creator":"@sonoraenequipo","twitter_site":"@sonoraenequipo","twitter_misc":{"Escrito por":"enequipo","Tiempo de lectura":"2 minutos"},"schema":{"@context":"https:\/\/schema.org","@graph":[{"@type":"Article","@id":"https:\/\/www.sonoraenequipo.com.mx\/gobierno-de-sonora-llama-a-prevenir-el-golpe-de-calor-y-actuar-con-rapidez-ante-una-emergencia\/#article","isPartOf":{"@id":"https:\/\/www.sonoraenequipo.com.mx\/gobierno-de-sonora-llama-a-prevenir-el-golpe-de-calor-y-actuar-con-rapidez-ante-una-emergencia\/"},"author":{"name":"enequipo","@id":"https:\/\/www.sonoraenequipo.com.mx\/#\/schema\/person\/50102df0fb23a8fa9e8effad8fa81386"},"headline":"Gobierno de Sonora llama a prevenir el golpe de calor y actuar con rapidez ante una emergencia","datePublished":"2025-08-29T23:10:05+00:00","mainEntityOfPage":{"@id":"https:\/\/www.sonoraenequipo.com.mx\/gobierno-de-sonora-llama-a-prevenir-el-golpe-de-calor-y-actuar-con-rapidez-ante-una-emergencia\/"},"wordCount":368,"commentCount":0,"publisher":{"@id":"https:\/\/www.sonoraenequipo.com.mx\/#organization"},"image":{"@id":"https:\/\/www.sonoraenequipo.com.mx\/gobierno-de-sonora-llama-a-prevenir-el-golpe-de-calor-y-actuar-con-rapidez-ante-una-emergencia\/#primaryimage"},"thumbnailUrl":"https:\/\/www.sonoraenequipo.com.mx\/storage\/2023\/06\/calor-ninas-ninos-min.jpg","keywords":["calor","Sonora"],"articleSection":["Sonora"],"inLanguage":"es","potentialAction":[{"@type":"CommentAction","name":"Comment","target":["https:\/\/www.sonoraenequipo.com.mx\/gobierno-de-sonora-llama-a-prevenir-el-golpe-de-calor-y-actuar-con-rapidez-ante-una-emergencia\/#respond"]}]},{"@type":"WebPage","@id":"https:\/\/www.sonoraenequipo.com.mx\/gobierno-de-sonora-llama-a-prevenir-el-golpe-de-calor-y-actuar-con-rapidez-ante-una-emergencia\/","url":"https:\/\/www.sonoraenequipo.com.mx\/gobierno-de-sonora-llama-a-prevenir-el-golpe-de-calor-y-actuar-con-rapidez-ante-una-emergencia\/","name":"Sonora en Equipo. Gobierno de Sonora llama a prevenir el golpe de calor y actuar con rapidez ante una emergencia Sonora","isPartOf":{"@id":"https:\/\/www.sonoraenequipo.com.mx\/#website"},"primaryImageOfPage":{"@id":"https:\/\/www.sonoraenequipo.com.mx\/gobierno-de-sonora-llama-a-prevenir-el-golpe-de-calor-y-actuar-con-rapidez-ante-una-emergencia\/#primaryimage"},"image":{"@id":"https:\/\/www.sonoraenequipo.com.mx\/gobierno-de-sonora-llama-a-prevenir-el-golpe-de-calor-y-actuar-con-rapidez-ante-una-emergencia\/#primaryimage"},"thumbnailUrl":"https:\/\/www.sonoraenequipo.com.mx\/storage\/2023\/06\/calor-ninas-ninos-min.jpg","datePublished":"2025-08-29T23:10:05+00:00","description":"&nbsp; &nbsp; HERMOSILLO, SONORA, MX. \u2014 Debido a las altas temperaturas que se registran en gran parte del estado, el Gobierno de Sonora, a trav\u00e9s de la En Sonora en Equipo publicamos toda la informaci\u00f3n de Sonora, M\u00e9xico y el Mundo de manera oportuna y busca que la libertad de expresi\u00f3n sea real. Visita nuestro medio informativo publicado desde Hermosillo, Sonora. %","breadcrumb":{"@id":"https:\/\/www.sonoraenequipo.com.mx\/gobierno-de-sonora-llama-a-prevenir-el-golpe-de-calor-y-actuar-con-rapidez-ante-una-emergencia\/#breadcrumb"},"inLanguage":"es","potentialAction":[{"@type":"ReadAction","target":["https:\/\/www.sonoraenequipo.com.mx\/gobierno-de-sonora-llama-a-prevenir-el-golpe-de-calor-y-actuar-con-rapidez-ante-una-emergencia\/"]}]},{"@type":"ImageObject","inLanguage":"es","@id":"https:\/\/www.sonoraenequipo.com.mx\/gobierno-de-sonora-llama-a-prevenir-el-golpe-de-calor-y-actuar-con-rapidez-ante-una-emergencia\/#primaryimage","url":"https:\/\/www.sonoraenequipo.com.mx\/storage\/2023\/06\/calor-ninas-ninos-min.jpg","contentUrl":"https:\/\/www.sonoraenequipo.com.mx\/storage\/2023\/06\/calor-ninas-ninos-min.jpg","width":1200,"height":683},{"@type":"BreadcrumbList","@id":"https:\/\/www.sonoraenequipo.com.mx\/gobierno-de-sonora-llama-a-prevenir-el-golpe-de-calor-y-actuar-con-rapidez-ante-una-emergencia\/#breadcrumb","itemListElement":[{"@type":"ListItem","position":1,"name":"Portada","item":"https:\/\/www.sonoraenequipo.com.mx\/"},{"@type":"ListItem","position":2,"name":"Gobierno de Sonora llama a prevenir el golpe de calor y actuar con rapidez ante una emergencia"}]},{"@type":"WebSite","@id":"https:\/\/www.sonoraenequipo.com.mx\/#website","url":"https:\/\/www.sonoraenequipo.com.mx\/","name":"Sonora en Equipo.","description":"Diario en l\u00ednea con Noticias desde Hermosillo, Sonora","publisher":{"@id":"https:\/\/www.sonoraenequipo.com.mx\/#organization"},"potentialAction":[{"@type":"SearchAction","target":{"@type":"EntryPoint","urlTemplate":"https:\/\/www.sonoraenequipo.com.mx\/?s={search_term_string}"},"query-input":{"@type":"PropertyValueSpecification","valueRequired":true,"valueName":"search_term_string"}}],"inLanguage":"es"},{"@type":"Organization","@id":"https:\/\/www.sonoraenequipo.com.mx\/#organization","name":"Sonoraenequipo.com.mx","url":"https:\/\/www.sonoraenequipo.com.mx\/","logo":{"@type":"ImageObject","inLanguage":"es","@id":"https:\/\/www.sonoraenequipo.com.mx\/#\/schema\/logo\/image\/","url":"https:\/\/www.sonoraenequipo.com.mx\/storage\/2019\/01\/sonoraenequipo_opt.png","contentUrl":"https:\/\/www.sonoraenequipo.com.mx\/storage\/2019\/01\/sonoraenequipo_opt.png","width":375,"height":125,"caption":"Sonoraenequipo.com.mx"},"image":{"@id":"https:\/\/www.sonoraenequipo.com.mx\/#\/schema\/logo\/image\/"},"sameAs":["https:\/\/www.facebook.com\/SonoraEE\/","https:\/\/x.com\/sonoraenequipo","https:\/\/www.youtube.com\/channel\/UC338nW-lPEYmJQs4ZABQ1SQ"]},{"@type":"Person","@id":"https:\/\/www.sonoraenequipo.com.mx\/#\/schema\/person\/50102df0fb23a8fa9e8effad8fa81386","name":"enequipo","image":{"@type":"ImageObject","inLanguage":"es","@id":"https:\/\/www.sonoraenequipo.com.mx\/#\/schema\/person\/image\/","url":"https:\/\/secure.gravatar.com\/avatar\/049821681b589dabc0bc20695993ccebb09f5b5d4d790cd9251b97faac7c652b?s=96&d=blank&r=g","contentUrl":"https:\/\/secure.gravatar.com\/avatar\/049821681b589dabc0bc20695993ccebb09f5b5d4d790cd9251b97faac7c652b?s=96&d=blank&r=g","caption":"enequipo"},"sameAs":["https:\/\/www.facebook.com\/SonoraEE"]}]}},"jetpack_featured_media_url":"https:\/\/www.sonoraenequipo.com.mx\/storage\/2023\/06\/calor-ninas-ninos-min.jpg","_links":{"self":[{"href":"https:\/\/www.sonoraenequipo.com.mx\/api\/wp\/v2\/posts\/222579","targetHints":{"allow":["GET"]}}],"collection":[{"href":"https:\/\/www.sonoraenequipo.com.mx\/api\/wp\/v2\/posts"}],"about":[{"href":"https:\/\/www.sonoraenequipo.com.mx\/api\/wp\/v2\/types\/post"}],"author":[{"embeddable":true,"href":"https:\/\/www.sonoraenequipo.com.mx\/api\/wp\/v2\/users\/1"}],"replies":[{"embeddable":true,"href":"https:\/\/www.sonoraenequipo.com.mx\/api\/wp\/v2\/comments?post=222579"}],"version-history":[{"count":1,"href":"https:\/\/www.sonoraenequipo.com.mx\/api\/wp\/v2\/posts\/222579\/revisions"}],"predecessor-version":[{"id":222581,"href":"https:\/\/www.sonoraenequipo.com.mx\/api\/wp\/v2\/posts\/222579\/revisions\/222581"}],"wp:featuredmedia":[{"embeddable":true,"href":"https:\/\/www.sonoraenequipo.com.mx\/api\/wp\/v2\/media\/168714"}],"wp:attachment":[{"href":"https:\/\/www.sonoraenequipo.com.mx\/api\/wp\/v2\/media?parent=222579"}],"wp:term":[{"taxonomy":"category","embeddable":true,"href":"https:\/\/www.sonoraenequipo.com.mx\/api\/wp\/v2\/categories?post=222579"},{"taxonomy":"post_tag","embeddable":true,"href":"https:\/\/www.sonoraenequipo.com.mx\/api\/wp\/v2\/tags?post=222579"}],"curies":[{"name":"wp","href":"https:\/\/api.w.org\/{rel}","templated":true}]}}