{"id":222597,"date":"2025-08-29T17:09:07","date_gmt":"2025-08-30T00:09:07","guid":{"rendered":"https:\/\/www.sonoraenequipo.com.mx\/?p=222597"},"modified":"2025-08-29T17:09:07","modified_gmt":"2025-08-30T00:09:07","slug":"tribunal-federal-considera-ilegales-aranceles-de-trump","status":"publish","type":"post","link":"https:\/\/www.sonoraenequipo.com.mx\/tribunal-federal-considera-ilegales-aranceles-de-trump\/","title":{"rendered":"Tribunal federal considera ilegales aranceles de Trump"},"content":{"rendered":"<p>Un tribunal federal de apelaciones de Estados Unidos determin\u00f3 este viernes (29.08.2025) que gran parte de los aranceles impuestos por Donald Trump son ilegales, confirmando un fallo de un tribunal inferior y socavando la ofensiva proteccionista del presidente que prometi\u00f3 acudir a la Corte Suprema.<\/p>\n<p>&nbsp;<\/p>\n<p>El caso se refiere a los aranceles globales, es decir los que no afecten a sectores espec\u00edficos. El fallo, adoptado por una mayor\u00eda de 7 a 4, permite que los aranceles generales se mantengan vigentes hasta mediados de octubre.<\/p>\n<p>&nbsp;<\/p>\n<p>La corte emiti\u00f3 el fallo \u00abincorrectamente\u00bb, \u00abpero saben que Estados Unidos de Am\u00e9rica ganar\u00e1 al final\u00bb, coment\u00f3 Trump en su plataforma Truth Social, agregando que luchar\u00e1 por mantener las tarifas aduaneras.<\/p>\n<p>&nbsp;<\/p>\n<p>\u00ab\u00a1TODOS LOS ARANCELES SIGUEN VIGENTES!\u00bb, se\u00f1al\u00f3. \u00abAhora, con la ayuda de la Corte Suprema de Estados Unidos, los utilizaremos al servicio de nuestro pa\u00eds\u00bb.<\/p>\n<p>&nbsp;<\/p>\n<p>El fallo del viernes, que confirma la decisi\u00f3n de un tribunal inferior, debilita la ofensiva proteccionista del presidente.<\/p>\n<p>&nbsp;<\/p>\n<p>Trump: decisi\u00f3n \u00abaltamente politizada\u00bb<\/p>\n<p>Seg\u00fan el texto de la resoluci\u00f3n, \u00abla ley otorga al presidente amplios poderes para tomar diversas medidas en respuesta a una emergencia nacional declarada, pero ninguna de estas acciones incluye expl\u00edcitamente la facultad de imponer aranceles y otros impuestos\u00bb.<\/p>\n<p>&nbsp;<\/p>\n<p>La ejecuci\u00f3n de la sentencia ha sido suspendida hasta el 14 de octubre para dar tiempo a cualquier recurso ante la Corte Suprema. Durante ese lapso, los aranceles en disputa siguen vigentes.<\/p>\n<p>&nbsp;<\/p>\n<p>Desde su regreso al poder, en enero, Trump ha implementado en varias oleadas nuevos recargos a los productos que ingresan a Estados Unidos, que var\u00edan entre el 10% y el 50%, dependiendo de la situaci\u00f3n y el pa\u00eds.<\/p>\n<p>&nbsp;<\/p>\n<p>Son estos aranceles, que difieren de aquellos que afectan a sectores espec\u00edficos (automotor, acero, aluminio, cobre), los que han sido impugnados en los tribunales.<\/p>\n<p>&nbsp;<\/p>\n<p>En su mensaje en Truth Social, el presidente considera la decisi\u00f3n de los jueces \u00abaltamente politizada\u00bb.<\/p>\n<p>&nbsp;<\/p>\n<p>Seg\u00fan \u00e9l, si se eliminaran los aranceles aduaneros, \u00abser\u00eda una cat\u00e1strofe total para el pa\u00eds\u00bb, que quedar\u00eda \u00abdestruido\u00bb.<\/p>\n<p><strong>Fecha de publicaci\u00f3n viernes 29 de agosto de 2025\/DW<\/strong><\/p>\n<p>&nbsp;<\/p>\n","protected":false},"excerpt":{"rendered":"<p>Un tribunal federal de apelaciones de Estados Unidos determin\u00f3 este viernes (29.08.2025) que gran parte&#8230;<\/p>\n","protected":false},"author":1,"featured_media":222598,"comment_status":"open","ping_status":"open","sticky":false,"template":"","format":"standard","meta":{"_monsterinsights_skip_tracking":false,"_monsterinsights_sitenote_active":false,"_monsterinsights_sitenote_note":"","_monsterinsights_sitenote_category":0,"footnotes":""},"categories":[3],"tags":[],"class_list":["post"],"yoast_head":" \n<title>Sonora en Equipo. Tribunal federal considera ilegales aranceles de Trump MUNDO<\/title>\n<meta name=\"description\" content=\"Un tribunal federal de apelaciones de Estados Unidos determin\u00f3 este viernes (29.08.2025) que gran parte de los aranceles impuestos por Donald Trump son En Sonora en Equipo publicamos toda la informaci\u00f3n de Sonora, M\u00e9xico y el Mundo de manera oportuna y busca que la libertad de expresi\u00f3n sea real. Visita nuestro medio informativo publicado desde Hermosillo, Sonora. %\" \/>\n<meta name=\"robots\" content=\"index, follow, max-snippet:-1, max-image-preview:large, max-video-preview:-1\" \/>\n<link rel=\"canonical\" href=\"https:\/\/www.sonoraenequipo.com.mx\/tribunal-federal-considera-ilegales-aranceles-de-trump\/\" \/>\n<meta property=\"og:locale\" content=\"es_ES\" \/>\n<meta property=\"og:type\" content=\"article\" \/>\n<meta property=\"og:title\" content=\"Sonora en Equipo. Tribunal federal considera ilegales aranceles de Trump MUNDO\" \/>\n<meta property=\"og:description\" content=\"Un tribunal federal de apelaciones de Estados Unidos determin\u00f3 este viernes (29.08.2025) que gran parte de los aranceles impuestos por Donald Trump son En Sonora en Equipo publicamos toda la informaci\u00f3n de Sonora, M\u00e9xico y el Mundo de manera oportuna y busca que la libertad de expresi\u00f3n sea real. Visita nuestro medio informativo publicado desde Hermosillo, Sonora. %\" \/>\n<meta property=\"og:url\" content=\"https:\/\/www.sonoraenequipo.com.mx\/tribunal-federal-considera-ilegales-aranceles-de-trump\/\" \/>\n<meta property=\"og:site_name\" content=\"Sonora en Equipo.\" \/>\n<meta property=\"article:publisher\" content=\"https:\/\/www.facebook.com\/SonoraEE\/\" \/>\n<meta property=\"article:author\" content=\"https:\/\/www.facebook.com\/SonoraEE\" \/>\n<meta property=\"article:published_time\" content=\"2025-08-30T00:09:07+00:00\" \/>\n<meta property=\"og:image\" content=\"https:\/\/www.sonoraenequipo.com.mx\/storage\/2025\/08\/trump-molesto.jpg\" \/>\n\t<meta property=\"og:image:width\" content=\"620\" \/>\n\t<meta property=\"og:image:height\" content=\"420\" \/>\n\t<meta property=\"og:image:type\" content=\"image\/jpeg\" \/>\n<meta name=\"author\" content=\"enequipo\" \/>\n<meta name=\"twitter:card\" content=\"summary_large_image\" \/>\n<meta name=\"twitter:creator\" content=\"@sonoraenequipo\" \/>\n<meta name=\"twitter:site\" content=\"@sonoraenequipo\" \/>\n<meta name=\"twitter:label1\" content=\"Escrito por\" \/>\n\t<meta name=\"twitter:data1\" content=\"enequipo\" \/>\n\t<meta name=\"twitter:label2\" content=\"Tiempo de lectura\" \/>\n\t<meta name=\"twitter:data2\" content=\"2 minutos\" \/>\n<script type=\"application\/ld+json\" class=\"yoast-schema-graph\">{\"@context\":\"https:\/\/schema.org\",\"@graph\":[{\"@type\":\"Article\",\"@id\":\"https:\/\/www.sonoraenequipo.com.mx\/tribunal-federal-considera-ilegales-aranceles-de-trump\/#article\",\"isPartOf\":{\"@id\":\"https:\/\/www.sonoraenequipo.com.mx\/tribunal-federal-considera-ilegales-aranceles-de-trump\/\"},\"author\":{\"name\":\"enequipo\",\"@id\":\"https:\/\/www.sonoraenequipo.com.mx\/#\/schema\/person\/50102df0fb23a8fa9e8effad8fa81386\"},\"headline\":\"Tribunal federal considera ilegales aranceles de Trump\",\"datePublished\":\"2025-08-30T00:09:07+00:00\",\"mainEntityOfPage\":{\"@id\":\"https:\/\/www.sonoraenequipo.com.mx\/tribunal-federal-considera-ilegales-aranceles-de-trump\/\"},\"wordCount\":370,\"commentCount\":0,\"publisher\":{\"@id\":\"https:\/\/www.sonoraenequipo.com.mx\/#organization\"},\"image\":{\"@id\":\"https:\/\/www.sonoraenequipo.com.mx\/tribunal-federal-considera-ilegales-aranceles-de-trump\/#primaryimage\"},\"thumbnailUrl\":\"https:\/\/www.sonoraenequipo.com.mx\/storage\/2025\/08\/trump-molesto.jpg\",\"articleSection\":[\"MUNDO\"],\"inLanguage\":\"es\",\"potentialAction\":[{\"@type\":\"CommentAction\",\"name\":\"Comment\",\"target\":[\"https:\/\/www.sonoraenequipo.com.mx\/tribunal-federal-considera-ilegales-aranceles-de-trump\/#respond\"]}]},{\"@type\":\"WebPage\",\"@id\":\"https:\/\/www.sonoraenequipo.com.mx\/tribunal-federal-considera-ilegales-aranceles-de-trump\/\",\"url\":\"https:\/\/www.sonoraenequipo.com.mx\/tribunal-federal-considera-ilegales-aranceles-de-trump\/\",\"name\":\"Sonora en Equipo. Tribunal federal considera ilegales aranceles de Trump MUNDO\",\"isPartOf\":{\"@id\":\"https:\/\/www.sonoraenequipo.com.mx\/#website\"},\"primaryImageOfPage\":{\"@id\":\"https:\/\/www.sonoraenequipo.com.mx\/tribunal-federal-considera-ilegales-aranceles-de-trump\/#primaryimage\"},\"image\":{\"@id\":\"https:\/\/www.sonoraenequipo.com.mx\/tribunal-federal-considera-ilegales-aranceles-de-trump\/#primaryimage\"},\"thumbnailUrl\":\"https:\/\/www.sonoraenequipo.com.mx\/storage\/2025\/08\/trump-molesto.jpg\",\"datePublished\":\"2025-08-30T00:09:07+00:00\",\"description\":\"Un tribunal federal de apelaciones de Estados Unidos determin\u00f3 este viernes (29.08.2025) que gran parte de los aranceles impuestos por Donald Trump son En Sonora en Equipo publicamos toda la informaci\u00f3n de Sonora, M\u00e9xico y el Mundo de manera oportuna y busca que la libertad de expresi\u00f3n sea real. Visita nuestro medio informativo publicado desde Hermosillo, Sonora. %\",\"breadcrumb\":{\"@id\":\"https:\/\/www.sonoraenequipo.com.mx\/tribunal-federal-considera-ilegales-aranceles-de-trump\/#breadcrumb\"},\"inLanguage\":\"es\",\"potentialAction\":[{\"@type\":\"ReadAction\",\"target\":[\"https:\/\/www.sonoraenequipo.com.mx\/tribunal-federal-considera-ilegales-aranceles-de-trump\/\"]}]},{\"@type\":\"ImageObject\",\"inLanguage\":\"es\",\"@id\":\"https:\/\/www.sonoraenequipo.com.mx\/tribunal-federal-considera-ilegales-aranceles-de-trump\/#primaryimage\",\"url\":\"https:\/\/www.sonoraenequipo.com.mx\/storage\/2025\/08\/trump-molesto.jpg\",\"contentUrl\":\"https:\/\/www.sonoraenequipo.com.mx\/storage\/2025\/08\/trump-molesto.jpg\",\"width\":620,\"height\":420,\"caption\":\"Donald Trump, presidente de Estados Unidos. (Imagen de archivo 25.08.2025)Imagen: Alex Brandon\/AP Photo\/picture alliance\"},{\"@type\":\"BreadcrumbList\",\"@id\":\"https:\/\/www.sonoraenequipo.com.mx\/tribunal-federal-considera-ilegales-aranceles-de-trump\/#breadcrumb\",\"itemListElement\":[{\"@type\":\"ListItem\",\"position\":1,\"name\":\"Portada\",\"item\":\"https:\/\/www.sonoraenequipo.com.mx\/\"},{\"@type\":\"ListItem\",\"position\":2,\"name\":\"Tribunal federal considera ilegales aranceles de Trump\"}]},{\"@type\":\"WebSite\",\"@id\":\"https:\/\/www.sonoraenequipo.com.mx\/#website\",\"url\":\"https:\/\/www.sonoraenequipo.com.mx\/\",\"name\":\"Sonora en Equipo.\",\"description\":\"Diario en l\u00ednea con Noticias desde Hermosillo, Sonora\",\"publisher\":{\"@id\":\"https:\/\/www.sonoraenequipo.com.mx\/#organization\"},\"potentialAction\":[{\"@type\":\"SearchAction\",\"target\":{\"@type\":\"EntryPoint\",\"urlTemplate\":\"https:\/\/www.sonoraenequipo.com.mx\/?s={search_term_string}\"},\"query-input\":{\"@type\":\"PropertyValueSpecification\",\"valueRequired\":true,\"valueName\":\"search_term_string\"}}],\"inLanguage\":\"es\"},{\"@type\":\"Organization\",\"@id\":\"https:\/\/www.sonoraenequipo.com.mx\/#organization\",\"name\":\"Sonoraenequipo.com.mx\",\"url\":\"https:\/\/www.sonoraenequipo.com.mx\/\",\"logo\":{\"@type\":\"ImageObject\",\"inLanguage\":\"es\",\"@id\":\"https:\/\/www.sonoraenequipo.com.mx\/#\/schema\/logo\/image\/\",\"url\":\"https:\/\/www.sonoraenequipo.com.mx\/storage\/2019\/01\/sonoraenequipo_opt.png\",\"contentUrl\":\"https:\/\/www.sonoraenequipo.com.mx\/storage\/2019\/01\/sonoraenequipo_opt.png\",\"width\":375,\"height\":125,\"caption\":\"Sonoraenequipo.com.mx\"},\"image\":{\"@id\":\"https:\/\/www.sonoraenequipo.com.mx\/#\/schema\/logo\/image\/\"},\"sameAs\":[\"https:\/\/www.facebook.com\/SonoraEE\/\",\"https:\/\/x.com\/sonoraenequipo\",\"https:\/\/www.youtube.com\/channel\/UC338nW-lPEYmJQs4ZABQ1SQ\"]},{\"@type\":\"Person\",\"@id\":\"https:\/\/www.sonoraenequipo.com.mx\/#\/schema\/person\/50102df0fb23a8fa9e8effad8fa81386\",\"name\":\"enequipo\",\"image\":{\"@type\":\"ImageObject\",\"inLanguage\":\"es\",\"@id\":\"https:\/\/www.sonoraenequipo.com.mx\/#\/schema\/person\/image\/\",\"url\":\"https:\/\/secure.gravatar.com\/avatar\/049821681b589dabc0bc20695993ccebb09f5b5d4d790cd9251b97faac7c652b?s=96&d=blank&r=g\",\"contentUrl\":\"https:\/\/secure.gravatar.com\/avatar\/049821681b589dabc0bc20695993ccebb09f5b5d4d790cd9251b97faac7c652b?s=96&d=blank&r=g\",\"caption\":\"enequipo\"},\"sameAs\":[\"https:\/\/www.facebook.com\/SonoraEE\"]}]}<\/script>\n ","yoast_head_json":{"title":"Sonora en Equipo. Tribunal federal considera ilegales aranceles de Trump MUNDO","description":"Un tribunal federal de apelaciones de Estados Unidos determin\u00f3 este viernes (29.08.2025) que gran parte de los aranceles impuestos por Donald Trump son En Sonora en Equipo publicamos toda la informaci\u00f3n de Sonora, M\u00e9xico y el Mundo de manera oportuna y busca que la libertad de expresi\u00f3n sea real. Visita nuestro medio informativo publicado desde Hermosillo, Sonora. %","robots":{"index":"index","follow":"follow","max-snippet":"max-snippet:-1","max-image-preview":"max-image-preview:large","max-video-preview":"max-video-preview:-1"},"canonical":"https:\/\/www.sonoraenequipo.com.mx\/tribunal-federal-considera-ilegales-aranceles-de-trump\/","og_locale":"es_ES","og_type":"article","og_title":"Sonora en Equipo. Tribunal federal considera ilegales aranceles de Trump MUNDO","og_description":"Un tribunal federal de apelaciones de Estados Unidos determin\u00f3 este viernes (29.08.2025) que gran parte de los aranceles impuestos por Donald Trump son En Sonora en Equipo publicamos toda la informaci\u00f3n de Sonora, M\u00e9xico y el Mundo de manera oportuna y busca que la libertad de expresi\u00f3n sea real. Visita nuestro medio informativo publicado desde Hermosillo, Sonora. %","og_url":"https:\/\/www.sonoraenequipo.com.mx\/tribunal-federal-considera-ilegales-aranceles-de-trump\/","og_site_name":"Sonora en Equipo.","article_publisher":"https:\/\/www.facebook.com\/SonoraEE\/","article_author":"https:\/\/www.facebook.com\/SonoraEE","article_published_time":"2025-08-30T00:09:07+00:00","og_image":[{"width":620,"height":420,"url":"https:\/\/www.sonoraenequipo.com.mx\/storage\/2025\/08\/trump-molesto.jpg","type":"image\/jpeg"}],"author":"enequipo","twitter_card":"summary_large_image","twitter_creator":"@sonoraenequipo","twitter_site":"@sonoraenequipo","twitter_misc":{"Escrito por":"enequipo","Tiempo de lectura":"2 minutos"},"schema":{"@context":"https:\/\/schema.org","@graph":[{"@type":"Article","@id":"https:\/\/www.sonoraenequipo.com.mx\/tribunal-federal-considera-ilegales-aranceles-de-trump\/#article","isPartOf":{"@id":"https:\/\/www.sonoraenequipo.com.mx\/tribunal-federal-considera-ilegales-aranceles-de-trump\/"},"author":{"name":"enequipo","@id":"https:\/\/www.sonoraenequipo.com.mx\/#\/schema\/person\/50102df0fb23a8fa9e8effad8fa81386"},"headline":"Tribunal federal considera ilegales aranceles de Trump","datePublished":"2025-08-30T00:09:07+00:00","mainEntityOfPage":{"@id":"https:\/\/www.sonoraenequipo.com.mx\/tribunal-federal-considera-ilegales-aranceles-de-trump\/"},"wordCount":370,"commentCount":0,"publisher":{"@id":"https:\/\/www.sonoraenequipo.com.mx\/#organization"},"image":{"@id":"https:\/\/www.sonoraenequipo.com.mx\/tribunal-federal-considera-ilegales-aranceles-de-trump\/#primaryimage"},"thumbnailUrl":"https:\/\/www.sonoraenequipo.com.mx\/storage\/2025\/08\/trump-molesto.jpg","articleSection":["MUNDO"],"inLanguage":"es","potentialAction":[{"@type":"CommentAction","name":"Comment","target":["https:\/\/www.sonoraenequipo.com.mx\/tribunal-federal-considera-ilegales-aranceles-de-trump\/#respond"]}]},{"@type":"WebPage","@id":"https:\/\/www.sonoraenequipo.com.mx\/tribunal-federal-considera-ilegales-aranceles-de-trump\/","url":"https:\/\/www.sonoraenequipo.com.mx\/tribunal-federal-considera-ilegales-aranceles-de-trump\/","name":"Sonora en Equipo. Tribunal federal considera ilegales aranceles de Trump MUNDO","isPartOf":{"@id":"https:\/\/www.sonoraenequipo.com.mx\/#website"},"primaryImageOfPage":{"@id":"https:\/\/www.sonoraenequipo.com.mx\/tribunal-federal-considera-ilegales-aranceles-de-trump\/#primaryimage"},"image":{"@id":"https:\/\/www.sonoraenequipo.com.mx\/tribunal-federal-considera-ilegales-aranceles-de-trump\/#primaryimage"},"thumbnailUrl":"https:\/\/www.sonoraenequipo.com.mx\/storage\/2025\/08\/trump-molesto.jpg","datePublished":"2025-08-30T00:09:07+00:00","description":"Un tribunal federal de apelaciones de Estados Unidos determin\u00f3 este viernes (29.08.2025) que gran parte de los aranceles impuestos por Donald Trump son En Sonora en Equipo publicamos toda la informaci\u00f3n de Sonora, M\u00e9xico y el Mundo de manera oportuna y busca que la libertad de expresi\u00f3n sea real. Visita nuestro medio informativo publicado desde Hermosillo, Sonora. %","breadcrumb":{"@id":"https:\/\/www.sonoraenequipo.com.mx\/tribunal-federal-considera-ilegales-aranceles-de-trump\/#breadcrumb"},"inLanguage":"es","potentialAction":[{"@type":"ReadAction","target":["https:\/\/www.sonoraenequipo.com.mx\/tribunal-federal-considera-ilegales-aranceles-de-trump\/"]}]},{"@type":"ImageObject","inLanguage":"es","@id":"https:\/\/www.sonoraenequipo.com.mx\/tribunal-federal-considera-ilegales-aranceles-de-trump\/#primaryimage","url":"https:\/\/www.sonoraenequipo.com.mx\/storage\/2025\/08\/trump-molesto.jpg","contentUrl":"https:\/\/www.sonoraenequipo.com.mx\/storage\/2025\/08\/trump-molesto.jpg","width":620,"height":420,"caption":"Donald Trump, presidente de Estados Unidos. (Imagen de archivo 25.08.2025)Imagen: Alex Brandon\/AP Photo\/picture alliance"},{"@type":"BreadcrumbList","@id":"https:\/\/www.sonoraenequipo.com.mx\/tribunal-federal-considera-ilegales-aranceles-de-trump\/#breadcrumb","itemListElement":[{"@type":"ListItem","position":1,"name":"Portada","item":"https:\/\/www.sonoraenequipo.com.mx\/"},{"@type":"ListItem","position":2,"name":"Tribunal federal considera ilegales aranceles de Trump"}]},{"@type":"WebSite","@id":"https:\/\/www.sonoraenequipo.com.mx\/#website","url":"https:\/\/www.sonoraenequipo.com.mx\/","name":"Sonora en Equipo.","description":"Diario en l\u00ednea con Noticias desde Hermosillo, Sonora","publisher":{"@id":"https:\/\/www.sonoraenequipo.com.mx\/#organization"},"potentialAction":[{"@type":"SearchAction","target":{"@type":"EntryPoint","urlTemplate":"https:\/\/www.sonoraenequipo.com.mx\/?s={search_term_string}"},"query-input":{"@type":"PropertyValueSpecification","valueRequired":true,"valueName":"search_term_string"}}],"inLanguage":"es"},{"@type":"Organization","@id":"https:\/\/www.sonoraenequipo.com.mx\/#organization","name":"Sonoraenequipo.com.mx","url":"https:\/\/www.sonoraenequipo.com.mx\/","logo":{"@type":"ImageObject","inLanguage":"es","@id":"https:\/\/www.sonoraenequipo.com.mx\/#\/schema\/logo\/image\/","url":"https:\/\/www.sonoraenequipo.com.mx\/storage\/2019\/01\/sonoraenequipo_opt.png","contentUrl":"https:\/\/www.sonoraenequipo.com.mx\/storage\/2019\/01\/sonoraenequipo_opt.png","width":375,"height":125,"caption":"Sonoraenequipo.com.mx"},"image":{"@id":"https:\/\/www.sonoraenequipo.com.mx\/#\/schema\/logo\/image\/"},"sameAs":["https:\/\/www.facebook.com\/SonoraEE\/","https:\/\/x.com\/sonoraenequipo","https:\/\/www.youtube.com\/channel\/UC338nW-lPEYmJQs4ZABQ1SQ"]},{"@type":"Person","@id":"https:\/\/www.sonoraenequipo.com.mx\/#\/schema\/person\/50102df0fb23a8fa9e8effad8fa81386","name":"enequipo","image":{"@type":"ImageObject","inLanguage":"es","@id":"https:\/\/www.sonoraenequipo.com.mx\/#\/schema\/person\/image\/","url":"https:\/\/secure.gravatar.com\/avatar\/049821681b589dabc0bc20695993ccebb09f5b5d4d790cd9251b97faac7c652b?s=96&d=blank&r=g","contentUrl":"https:\/\/secure.gravatar.com\/avatar\/049821681b589dabc0bc20695993ccebb09f5b5d4d790cd9251b97faac7c652b?s=96&d=blank&r=g","caption":"enequipo"},"sameAs":["https:\/\/www.facebook.com\/SonoraEE"]}]}},"jetpack_featured_media_url":"https:\/\/www.sonoraenequipo.com.mx\/storage\/2025\/08\/trump-molesto.jpg","_links":{"self":[{"href":"https:\/\/www.sonoraenequipo.com.mx\/api\/wp\/v2\/posts\/222597","targetHints":{"allow":["GET"]}}],"collection":[{"href":"https:\/\/www.sonoraenequipo.com.mx\/api\/wp\/v2\/posts"}],"about":[{"href":"https:\/\/www.sonoraenequipo.com.mx\/api\/wp\/v2\/types\/post"}],"author":[{"embeddable":true,"href":"https:\/\/www.sonoraenequipo.com.mx\/api\/wp\/v2\/users\/1"}],"replies":[{"embeddable":true,"href":"https:\/\/www.sonoraenequipo.com.mx\/api\/wp\/v2\/comments?post=222597"}],"version-history":[{"count":1,"href":"https:\/\/www.sonoraenequipo.com.mx\/api\/wp\/v2\/posts\/222597\/revisions"}],"predecessor-version":[{"id":222599,"href":"https:\/\/www.sonoraenequipo.com.mx\/api\/wp\/v2\/posts\/222597\/revisions\/222599"}],"wp:featuredmedia":[{"embeddable":true,"href":"https:\/\/www.sonoraenequipo.com.mx\/api\/wp\/v2\/media\/222598"}],"wp:attachment":[{"href":"https:\/\/www.sonoraenequipo.com.mx\/api\/wp\/v2\/media?parent=222597"}],"wp:term":[{"taxonomy":"category","embeddable":true,"href":"https:\/\/www.sonoraenequipo.com.mx\/api\/wp\/v2\/categories?post=222597"},{"taxonomy":"post_tag","embeddable":true,"href":"https:\/\/www.sonoraenequipo.com.mx\/api\/wp\/v2\/tags?post=222597"}],"curies":[{"name":"wp","href":"https:\/\/api.w.org\/{rel}","templated":true}]}}