{"id":222604,"date":"2025-08-29T18:38:30","date_gmt":"2025-08-30T01:38:30","guid":{"rendered":"https:\/\/www.sonoraenequipo.com.mx\/?p=222604"},"modified":"2025-08-29T18:03:24","modified_gmt":"2025-08-30T01:03:24","slug":"gobierno-de-sonora-impulsa-talento-juvenil-nogalense-con-el-programa-jovenes-impulsando-la-industria","status":"publish","type":"post","link":"https:\/\/www.sonoraenequipo.com.mx\/gobierno-de-sonora-impulsa-talento-juvenil-nogalense-con-el-programa-jovenes-impulsando-la-industria\/","title":{"rendered":"Gobierno de Sonora impulsa talento juvenil nogalense con el Programa J\u00f3venes Impulsando la Industria"},"content":{"rendered":"<p><strong>NOGALES, SONORA.MX. \u2014 <\/strong>\u00a0Como parte de la visi\u00f3n del gobernador Alfonso Durazo de abrir espacios para la juventud y fortalecer el talento local dentro del Plan Sonora de Energ\u00edas Sostenibles, el Gobierno de Sonora, a trav\u00e9s de la Secretar\u00eda de Econom\u00eda y Turismo y el Consejo Estatal de Ciencia y Tecnolog\u00eda (Coecyt), en coordinaci\u00f3n con la Secretar\u00eda de Educaci\u00f3n y Cultura y el H. Ayuntamiento de Nogales, lanz\u00f3 el programa \u201cJ\u00f3venes Impulsando la Industria\u201d.<\/p>\n<p>&nbsp;<\/p>\n<p>&nbsp;<\/p>\n<p>&nbsp;<\/p>\n<p> <\/p>\n<p>Esta iniciativa tiene como objetivo fomentar la vinculaci\u00f3n entre la academia y el sector productivo, permitiendo que j\u00f3venes universitarios desarrollen proyectos innovadores que brinden soluciones a desaf\u00edos reales de la industria.<\/p>\n<p>&nbsp;<\/p>\n<p>&nbsp;<\/p>\n<p>&nbsp;<\/p>\n<p>&nbsp;<\/p>\n<p>Durante el evento de lanzamiento, en el que participaron representantes del sector empresarial, gubernamental y acad\u00e9mico, se hizo un llamado a estudiantes de universidades p\u00fablicas y privadas de Nogales para postularse y contribuir con propuestas que atiendan retos planteados por empresas l\u00edderes en sus sectores: Collectron International Services (manufactura\u2013shelter), Molex Nogales (manufactura\u2013el\u00e9ctrico-electr\u00f3nica) y Assa Abloy Nogales (manufactura\u2013sistemas de acceso).<\/p>\n<p>&nbsp;<\/p>\n<p>&nbsp;<\/p>\n<p>&nbsp;<\/p>\n<p>&nbsp;<\/p>\n<p>Los participantes recibir\u00e1n capacitaci\u00f3n en metodolog\u00eda de administraci\u00f3n de proyectos y, conforme avancen en las distintas fases, trabajar\u00e1n directamente con las empresas para desarrollar soluciones viables. Al finalizar el programa, en diciembre, se otorgar\u00e1 un premio de 50 mil pesos a los proyectos ganadores, as\u00ed como reconocimientos para los j\u00f3venes y sus maestros tutores.<\/p>\n<p>&nbsp;<\/p>\n<p>&nbsp;<\/p>\n<p>&nbsp;<\/p>\n<p>&nbsp;<\/p>\n<p>El Gobierno de Sonora reafirma su compromiso con la formaci\u00f3n de talento y el fortalecimiento del sector productivo, brindando a los estudiantes herramientas que les permitan innovar y aportar al desarrollo tecnol\u00f3gico de la entidad. Este tipo de iniciativas impulsan la generaci\u00f3n de nuevos productos, procesos y servicios, facilitan la transferencia de conocimientos y consolidan a Sonora como un referente en la industria.<\/p>\n<p>&nbsp;<\/p>\n<p>&nbsp;<\/p>\n<p>&nbsp;<\/p>\n<p>PUBLICADO EL 29 DE AGOSTO DE 2025 Con informaci\u00f3n de GOBSON 0825261)<\/p>\n","protected":false},"excerpt":{"rendered":"<p>NOGALES, SONORA.MX. \u2014 \u00a0Como parte de la visi\u00f3n del gobernador Alfonso Durazo de abrir espacios&#8230;<\/p>\n","protected":false},"author":1,"featured_media":222589,"comment_status":"open","ping_status":"open","sticky":false,"template":"","format":"standard","meta":{"_monsterinsights_skip_tracking":false,"_monsterinsights_sitenote_active":false,"_monsterinsights_sitenote_note":"","_monsterinsights_sitenote_category":0,"footnotes":""},"categories":[22],"tags":[],"class_list":["post"],"yoast_head":" \n<title>Sonora en Equipo. Gobierno de Sonora impulsa talento juvenil nogalense con el Programa J\u00f3venes Impulsando la Industria Sonora<\/title>\n<meta name=\"description\" content=\"NOGALES, SONORA.MX. \u2014 \u00a0Como parte de la visi\u00f3n del gobernador Alfonso Durazo de abrir espacios para la juventud y fortalecer el talento local dentro del En Sonora en Equipo publicamos toda la informaci\u00f3n de Sonora, M\u00e9xico y el Mundo de manera oportuna y busca que la libertad de expresi\u00f3n sea real. Visita nuestro medio informativo publicado desde Hermosillo, Sonora. %\" \/>\n<meta name=\"robots\" content=\"index, follow, max-snippet:-1, max-image-preview:large, max-video-preview:-1\" \/>\n<link rel=\"canonical\" href=\"https:\/\/www.sonoraenequipo.com.mx\/gobierno-de-sonora-impulsa-talento-juvenil-nogalense-con-el-programa-jovenes-impulsando-la-industria\/\" \/>\n<meta property=\"og:locale\" content=\"es_ES\" \/>\n<meta property=\"og:type\" content=\"article\" \/>\n<meta property=\"og:title\" content=\"Sonora en Equipo. Gobierno de Sonora impulsa talento juvenil nogalense con el Programa J\u00f3venes Impulsando la Industria Sonora\" \/>\n<meta property=\"og:description\" content=\"NOGALES, SONORA.MX. \u2014 \u00a0Como parte de la visi\u00f3n del gobernador Alfonso Durazo de abrir espacios para la juventud y fortalecer el talento local dentro del En Sonora en Equipo publicamos toda la informaci\u00f3n de Sonora, M\u00e9xico y el Mundo de manera oportuna y busca que la libertad de expresi\u00f3n sea real. Visita nuestro medio informativo publicado desde Hermosillo, Sonora. %\" \/>\n<meta property=\"og:url\" content=\"https:\/\/www.sonoraenequipo.com.mx\/gobierno-de-sonora-impulsa-talento-juvenil-nogalense-con-el-programa-jovenes-impulsando-la-industria\/\" \/>\n<meta property=\"og:site_name\" content=\"Sonora en Equipo.\" \/>\n<meta property=\"article:publisher\" content=\"https:\/\/www.facebook.com\/SonoraEE\/\" \/>\n<meta property=\"article:author\" content=\"https:\/\/www.facebook.com\/SonoraEE\" \/>\n<meta property=\"article:published_time\" content=\"2025-08-30T01:38:30+00:00\" \/>\n<meta property=\"og:image\" content=\"https:\/\/www.sonoraenequipo.com.mx\/storage\/2025\/08\/GOBSON-impulsa-telento-juvenil-min.jpg\" \/>\n\t<meta property=\"og:image:width\" content=\"1000\" \/>\n\t<meta property=\"og:image:height\" content=\"705\" \/>\n\t<meta property=\"og:image:type\" content=\"image\/jpeg\" \/>\n<meta name=\"author\" content=\"enequipo\" \/>\n<meta name=\"twitter:card\" content=\"summary_large_image\" \/>\n<meta name=\"twitter:creator\" content=\"@sonoraenequipo\" \/>\n<meta name=\"twitter:site\" content=\"@sonoraenequipo\" \/>\n<meta name=\"twitter:label1\" content=\"Escrito por\" \/>\n\t<meta name=\"twitter:data1\" content=\"enequipo\" \/>\n\t<meta name=\"twitter:label2\" content=\"Tiempo de lectura\" \/>\n\t<meta name=\"twitter:data2\" content=\"2 minutos\" \/>\n<script type=\"application\/ld+json\" class=\"yoast-schema-graph\">{\"@context\":\"https:\/\/schema.org\",\"@graph\":[{\"@type\":\"Article\",\"@id\":\"https:\/\/www.sonoraenequipo.com.mx\/gobierno-de-sonora-impulsa-talento-juvenil-nogalense-con-el-programa-jovenes-impulsando-la-industria\/#article\",\"isPartOf\":{\"@id\":\"https:\/\/www.sonoraenequipo.com.mx\/gobierno-de-sonora-impulsa-talento-juvenil-nogalense-con-el-programa-jovenes-impulsando-la-industria\/\"},\"author\":{\"name\":\"enequipo\",\"@id\":\"https:\/\/www.sonoraenequipo.com.mx\/#\/schema\/person\/50102df0fb23a8fa9e8effad8fa81386\"},\"headline\":\"Gobierno de Sonora impulsa talento juvenil nogalense con el Programa J\u00f3venes Impulsando la Industria\",\"datePublished\":\"2025-08-30T01:38:30+00:00\",\"mainEntityOfPage\":{\"@id\":\"https:\/\/www.sonoraenequipo.com.mx\/gobierno-de-sonora-impulsa-talento-juvenil-nogalense-con-el-programa-jovenes-impulsando-la-industria\/\"},\"wordCount\":353,\"commentCount\":0,\"publisher\":{\"@id\":\"https:\/\/www.sonoraenequipo.com.mx\/#organization\"},\"image\":{\"@id\":\"https:\/\/www.sonoraenequipo.com.mx\/gobierno-de-sonora-impulsa-talento-juvenil-nogalense-con-el-programa-jovenes-impulsando-la-industria\/#primaryimage\"},\"thumbnailUrl\":\"https:\/\/www.sonoraenequipo.com.mx\/storage\/2025\/08\/GOBSON-impulsa-telento-juvenil-min.jpg\",\"articleSection\":[\"Sonora\"],\"inLanguage\":\"es\",\"potentialAction\":[{\"@type\":\"CommentAction\",\"name\":\"Comment\",\"target\":[\"https:\/\/www.sonoraenequipo.com.mx\/gobierno-de-sonora-impulsa-talento-juvenil-nogalense-con-el-programa-jovenes-impulsando-la-industria\/#respond\"]}]},{\"@type\":\"WebPage\",\"@id\":\"https:\/\/www.sonoraenequipo.com.mx\/gobierno-de-sonora-impulsa-talento-juvenil-nogalense-con-el-programa-jovenes-impulsando-la-industria\/\",\"url\":\"https:\/\/www.sonoraenequipo.com.mx\/gobierno-de-sonora-impulsa-talento-juvenil-nogalense-con-el-programa-jovenes-impulsando-la-industria\/\",\"name\":\"Sonora en Equipo. Gobierno de Sonora impulsa talento juvenil nogalense con el Programa J\u00f3venes Impulsando la Industria Sonora\",\"isPartOf\":{\"@id\":\"https:\/\/www.sonoraenequipo.com.mx\/#website\"},\"primaryImageOfPage\":{\"@id\":\"https:\/\/www.sonoraenequipo.com.mx\/gobierno-de-sonora-impulsa-talento-juvenil-nogalense-con-el-programa-jovenes-impulsando-la-industria\/#primaryimage\"},\"image\":{\"@id\":\"https:\/\/www.sonoraenequipo.com.mx\/gobierno-de-sonora-impulsa-talento-juvenil-nogalense-con-el-programa-jovenes-impulsando-la-industria\/#primaryimage\"},\"thumbnailUrl\":\"https:\/\/www.sonoraenequipo.com.mx\/storage\/2025\/08\/GOBSON-impulsa-telento-juvenil-min.jpg\",\"datePublished\":\"2025-08-30T01:38:30+00:00\",\"description\":\"NOGALES, SONORA.MX. \u2014 \u00a0Como parte de la visi\u00f3n del gobernador Alfonso Durazo de abrir espacios para la juventud y fortalecer el talento local dentro del En Sonora en Equipo publicamos toda la informaci\u00f3n de Sonora, M\u00e9xico y el Mundo de manera oportuna y busca que la libertad de expresi\u00f3n sea real. Visita nuestro medio informativo publicado desde Hermosillo, Sonora. %\",\"breadcrumb\":{\"@id\":\"https:\/\/www.sonoraenequipo.com.mx\/gobierno-de-sonora-impulsa-talento-juvenil-nogalense-con-el-programa-jovenes-impulsando-la-industria\/#breadcrumb\"},\"inLanguage\":\"es\",\"potentialAction\":[{\"@type\":\"ReadAction\",\"target\":[\"https:\/\/www.sonoraenequipo.com.mx\/gobierno-de-sonora-impulsa-talento-juvenil-nogalense-con-el-programa-jovenes-impulsando-la-industria\/\"]}]},{\"@type\":\"ImageObject\",\"inLanguage\":\"es\",\"@id\":\"https:\/\/www.sonoraenequipo.com.mx\/gobierno-de-sonora-impulsa-talento-juvenil-nogalense-con-el-programa-jovenes-impulsando-la-industria\/#primaryimage\",\"url\":\"https:\/\/www.sonoraenequipo.com.mx\/storage\/2025\/08\/GOBSON-impulsa-telento-juvenil-min.jpg\",\"contentUrl\":\"https:\/\/www.sonoraenequipo.com.mx\/storage\/2025\/08\/GOBSON-impulsa-telento-juvenil-min.jpg\",\"width\":1000,\"height\":705},{\"@type\":\"BreadcrumbList\",\"@id\":\"https:\/\/www.sonoraenequipo.com.mx\/gobierno-de-sonora-impulsa-talento-juvenil-nogalense-con-el-programa-jovenes-impulsando-la-industria\/#breadcrumb\",\"itemListElement\":[{\"@type\":\"ListItem\",\"position\":1,\"name\":\"Portada\",\"item\":\"https:\/\/www.sonoraenequipo.com.mx\/\"},{\"@type\":\"ListItem\",\"position\":2,\"name\":\"Gobierno de Sonora impulsa talento juvenil nogalense con el Programa J\u00f3venes Impulsando la Industria\"}]},{\"@type\":\"WebSite\",\"@id\":\"https:\/\/www.sonoraenequipo.com.mx\/#website\",\"url\":\"https:\/\/www.sonoraenequipo.com.mx\/\",\"name\":\"Sonora en Equipo.\",\"description\":\"Diario en l\u00ednea con Noticias desde Hermosillo, Sonora\",\"publisher\":{\"@id\":\"https:\/\/www.sonoraenequipo.com.mx\/#organization\"},\"potentialAction\":[{\"@type\":\"SearchAction\",\"target\":{\"@type\":\"EntryPoint\",\"urlTemplate\":\"https:\/\/www.sonoraenequipo.com.mx\/?s={search_term_string}\"},\"query-input\":{\"@type\":\"PropertyValueSpecification\",\"valueRequired\":true,\"valueName\":\"search_term_string\"}}],\"inLanguage\":\"es\"},{\"@type\":\"Organization\",\"@id\":\"https:\/\/www.sonoraenequipo.com.mx\/#organization\",\"name\":\"Sonoraenequipo.com.mx\",\"url\":\"https:\/\/www.sonoraenequipo.com.mx\/\",\"logo\":{\"@type\":\"ImageObject\",\"inLanguage\":\"es\",\"@id\":\"https:\/\/www.sonoraenequipo.com.mx\/#\/schema\/logo\/image\/\",\"url\":\"https:\/\/www.sonoraenequipo.com.mx\/storage\/2019\/01\/sonoraenequipo_opt.png\",\"contentUrl\":\"https:\/\/www.sonoraenequipo.com.mx\/storage\/2019\/01\/sonoraenequipo_opt.png\",\"width\":375,\"height\":125,\"caption\":\"Sonoraenequipo.com.mx\"},\"image\":{\"@id\":\"https:\/\/www.sonoraenequipo.com.mx\/#\/schema\/logo\/image\/\"},\"sameAs\":[\"https:\/\/www.facebook.com\/SonoraEE\/\",\"https:\/\/x.com\/sonoraenequipo\",\"https:\/\/www.youtube.com\/channel\/UC338nW-lPEYmJQs4ZABQ1SQ\"]},{\"@type\":\"Person\",\"@id\":\"https:\/\/www.sonoraenequipo.com.mx\/#\/schema\/person\/50102df0fb23a8fa9e8effad8fa81386\",\"name\":\"enequipo\",\"image\":{\"@type\":\"ImageObject\",\"inLanguage\":\"es\",\"@id\":\"https:\/\/www.sonoraenequipo.com.mx\/#\/schema\/person\/image\/\",\"url\":\"https:\/\/secure.gravatar.com\/avatar\/049821681b589dabc0bc20695993ccebb09f5b5d4d790cd9251b97faac7c652b?s=96&d=blank&r=g\",\"contentUrl\":\"https:\/\/secure.gravatar.com\/avatar\/049821681b589dabc0bc20695993ccebb09f5b5d4d790cd9251b97faac7c652b?s=96&d=blank&r=g\",\"caption\":\"enequipo\"},\"sameAs\":[\"https:\/\/www.facebook.com\/SonoraEE\"]}]}<\/script>\n ","yoast_head_json":{"title":"Sonora en Equipo. Gobierno de Sonora impulsa talento juvenil nogalense con el Programa J\u00f3venes Impulsando la Industria Sonora","description":"NOGALES, SONORA.MX. \u2014 \u00a0Como parte de la visi\u00f3n del gobernador Alfonso Durazo de abrir espacios para la juventud y fortalecer el talento local dentro del En Sonora en Equipo publicamos toda la informaci\u00f3n de Sonora, M\u00e9xico y el Mundo de manera oportuna y busca que la libertad de expresi\u00f3n sea real. Visita nuestro medio informativo publicado desde Hermosillo, Sonora. %","robots":{"index":"index","follow":"follow","max-snippet":"max-snippet:-1","max-image-preview":"max-image-preview:large","max-video-preview":"max-video-preview:-1"},"canonical":"https:\/\/www.sonoraenequipo.com.mx\/gobierno-de-sonora-impulsa-talento-juvenil-nogalense-con-el-programa-jovenes-impulsando-la-industria\/","og_locale":"es_ES","og_type":"article","og_title":"Sonora en Equipo. Gobierno de Sonora impulsa talento juvenil nogalense con el Programa J\u00f3venes Impulsando la Industria Sonora","og_description":"NOGALES, SONORA.MX. \u2014 \u00a0Como parte de la visi\u00f3n del gobernador Alfonso Durazo de abrir espacios para la juventud y fortalecer el talento local dentro del En Sonora en Equipo publicamos toda la informaci\u00f3n de Sonora, M\u00e9xico y el Mundo de manera oportuna y busca que la libertad de expresi\u00f3n sea real. Visita nuestro medio informativo publicado desde Hermosillo, Sonora. %","og_url":"https:\/\/www.sonoraenequipo.com.mx\/gobierno-de-sonora-impulsa-talento-juvenil-nogalense-con-el-programa-jovenes-impulsando-la-industria\/","og_site_name":"Sonora en Equipo.","article_publisher":"https:\/\/www.facebook.com\/SonoraEE\/","article_author":"https:\/\/www.facebook.com\/SonoraEE","article_published_time":"2025-08-30T01:38:30+00:00","og_image":[{"width":1000,"height":705,"url":"https:\/\/www.sonoraenequipo.com.mx\/storage\/2025\/08\/GOBSON-impulsa-telento-juvenil-min.jpg","type":"image\/jpeg"}],"author":"enequipo","twitter_card":"summary_large_image","twitter_creator":"@sonoraenequipo","twitter_site":"@sonoraenequipo","twitter_misc":{"Escrito por":"enequipo","Tiempo de lectura":"2 minutos"},"schema":{"@context":"https:\/\/schema.org","@graph":[{"@type":"Article","@id":"https:\/\/www.sonoraenequipo.com.mx\/gobierno-de-sonora-impulsa-talento-juvenil-nogalense-con-el-programa-jovenes-impulsando-la-industria\/#article","isPartOf":{"@id":"https:\/\/www.sonoraenequipo.com.mx\/gobierno-de-sonora-impulsa-talento-juvenil-nogalense-con-el-programa-jovenes-impulsando-la-industria\/"},"author":{"name":"enequipo","@id":"https:\/\/www.sonoraenequipo.com.mx\/#\/schema\/person\/50102df0fb23a8fa9e8effad8fa81386"},"headline":"Gobierno de Sonora impulsa talento juvenil nogalense con el Programa J\u00f3venes Impulsando la Industria","datePublished":"2025-08-30T01:38:30+00:00","mainEntityOfPage":{"@id":"https:\/\/www.sonoraenequipo.com.mx\/gobierno-de-sonora-impulsa-talento-juvenil-nogalense-con-el-programa-jovenes-impulsando-la-industria\/"},"wordCount":353,"commentCount":0,"publisher":{"@id":"https:\/\/www.sonoraenequipo.com.mx\/#organization"},"image":{"@id":"https:\/\/www.sonoraenequipo.com.mx\/gobierno-de-sonora-impulsa-talento-juvenil-nogalense-con-el-programa-jovenes-impulsando-la-industria\/#primaryimage"},"thumbnailUrl":"https:\/\/www.sonoraenequipo.com.mx\/storage\/2025\/08\/GOBSON-impulsa-telento-juvenil-min.jpg","articleSection":["Sonora"],"inLanguage":"es","potentialAction":[{"@type":"CommentAction","name":"Comment","target":["https:\/\/www.sonoraenequipo.com.mx\/gobierno-de-sonora-impulsa-talento-juvenil-nogalense-con-el-programa-jovenes-impulsando-la-industria\/#respond"]}]},{"@type":"WebPage","@id":"https:\/\/www.sonoraenequipo.com.mx\/gobierno-de-sonora-impulsa-talento-juvenil-nogalense-con-el-programa-jovenes-impulsando-la-industria\/","url":"https:\/\/www.sonoraenequipo.com.mx\/gobierno-de-sonora-impulsa-talento-juvenil-nogalense-con-el-programa-jovenes-impulsando-la-industria\/","name":"Sonora en Equipo. Gobierno de Sonora impulsa talento juvenil nogalense con el Programa J\u00f3venes Impulsando la Industria Sonora","isPartOf":{"@id":"https:\/\/www.sonoraenequipo.com.mx\/#website"},"primaryImageOfPage":{"@id":"https:\/\/www.sonoraenequipo.com.mx\/gobierno-de-sonora-impulsa-talento-juvenil-nogalense-con-el-programa-jovenes-impulsando-la-industria\/#primaryimage"},"image":{"@id":"https:\/\/www.sonoraenequipo.com.mx\/gobierno-de-sonora-impulsa-talento-juvenil-nogalense-con-el-programa-jovenes-impulsando-la-industria\/#primaryimage"},"thumbnailUrl":"https:\/\/www.sonoraenequipo.com.mx\/storage\/2025\/08\/GOBSON-impulsa-telento-juvenil-min.jpg","datePublished":"2025-08-30T01:38:30+00:00","description":"NOGALES, SONORA.MX. \u2014 \u00a0Como parte de la visi\u00f3n del gobernador Alfonso Durazo de abrir espacios para la juventud y fortalecer el talento local dentro del En Sonora en Equipo publicamos toda la informaci\u00f3n de Sonora, M\u00e9xico y el Mundo de manera oportuna y busca que la libertad de expresi\u00f3n sea real. Visita nuestro medio informativo publicado desde Hermosillo, Sonora. %","breadcrumb":{"@id":"https:\/\/www.sonoraenequipo.com.mx\/gobierno-de-sonora-impulsa-talento-juvenil-nogalense-con-el-programa-jovenes-impulsando-la-industria\/#breadcrumb"},"inLanguage":"es","potentialAction":[{"@type":"ReadAction","target":["https:\/\/www.sonoraenequipo.com.mx\/gobierno-de-sonora-impulsa-talento-juvenil-nogalense-con-el-programa-jovenes-impulsando-la-industria\/"]}]},{"@type":"ImageObject","inLanguage":"es","@id":"https:\/\/www.sonoraenequipo.com.mx\/gobierno-de-sonora-impulsa-talento-juvenil-nogalense-con-el-programa-jovenes-impulsando-la-industria\/#primaryimage","url":"https:\/\/www.sonoraenequipo.com.mx\/storage\/2025\/08\/GOBSON-impulsa-telento-juvenil-min.jpg","contentUrl":"https:\/\/www.sonoraenequipo.com.mx\/storage\/2025\/08\/GOBSON-impulsa-telento-juvenil-min.jpg","width":1000,"height":705},{"@type":"BreadcrumbList","@id":"https:\/\/www.sonoraenequipo.com.mx\/gobierno-de-sonora-impulsa-talento-juvenil-nogalense-con-el-programa-jovenes-impulsando-la-industria\/#breadcrumb","itemListElement":[{"@type":"ListItem","position":1,"name":"Portada","item":"https:\/\/www.sonoraenequipo.com.mx\/"},{"@type":"ListItem","position":2,"name":"Gobierno de Sonora impulsa talento juvenil nogalense con el Programa J\u00f3venes Impulsando la Industria"}]},{"@type":"WebSite","@id":"https:\/\/www.sonoraenequipo.com.mx\/#website","url":"https:\/\/www.sonoraenequipo.com.mx\/","name":"Sonora en Equipo.","description":"Diario en l\u00ednea con Noticias desde Hermosillo, Sonora","publisher":{"@id":"https:\/\/www.sonoraenequipo.com.mx\/#organization"},"potentialAction":[{"@type":"SearchAction","target":{"@type":"EntryPoint","urlTemplate":"https:\/\/www.sonoraenequipo.com.mx\/?s={search_term_string}"},"query-input":{"@type":"PropertyValueSpecification","valueRequired":true,"valueName":"search_term_string"}}],"inLanguage":"es"},{"@type":"Organization","@id":"https:\/\/www.sonoraenequipo.com.mx\/#organization","name":"Sonoraenequipo.com.mx","url":"https:\/\/www.sonoraenequipo.com.mx\/","logo":{"@type":"ImageObject","inLanguage":"es","@id":"https:\/\/www.sonoraenequipo.com.mx\/#\/schema\/logo\/image\/","url":"https:\/\/www.sonoraenequipo.com.mx\/storage\/2019\/01\/sonoraenequipo_opt.png","contentUrl":"https:\/\/www.sonoraenequipo.com.mx\/storage\/2019\/01\/sonoraenequipo_opt.png","width":375,"height":125,"caption":"Sonoraenequipo.com.mx"},"image":{"@id":"https:\/\/www.sonoraenequipo.com.mx\/#\/schema\/logo\/image\/"},"sameAs":["https:\/\/www.facebook.com\/SonoraEE\/","https:\/\/x.com\/sonoraenequipo","https:\/\/www.youtube.com\/channel\/UC338nW-lPEYmJQs4ZABQ1SQ"]},{"@type":"Person","@id":"https:\/\/www.sonoraenequipo.com.mx\/#\/schema\/person\/50102df0fb23a8fa9e8effad8fa81386","name":"enequipo","image":{"@type":"ImageObject","inLanguage":"es","@id":"https:\/\/www.sonoraenequipo.com.mx\/#\/schema\/person\/image\/","url":"https:\/\/secure.gravatar.com\/avatar\/049821681b589dabc0bc20695993ccebb09f5b5d4d790cd9251b97faac7c652b?s=96&d=blank&r=g","contentUrl":"https:\/\/secure.gravatar.com\/avatar\/049821681b589dabc0bc20695993ccebb09f5b5d4d790cd9251b97faac7c652b?s=96&d=blank&r=g","caption":"enequipo"},"sameAs":["https:\/\/www.facebook.com\/SonoraEE"]}]}},"jetpack_featured_media_url":"https:\/\/www.sonoraenequipo.com.mx\/storage\/2025\/08\/GOBSON-impulsa-telento-juvenil-min.jpg","_links":{"self":[{"href":"https:\/\/www.sonoraenequipo.com.mx\/api\/wp\/v2\/posts\/222604","targetHints":{"allow":["GET"]}}],"collection":[{"href":"https:\/\/www.sonoraenequipo.com.mx\/api\/wp\/v2\/posts"}],"about":[{"href":"https:\/\/www.sonoraenequipo.com.mx\/api\/wp\/v2\/types\/post"}],"author":[{"embeddable":true,"href":"https:\/\/www.sonoraenequipo.com.mx\/api\/wp\/v2\/users\/1"}],"replies":[{"embeddable":true,"href":"https:\/\/www.sonoraenequipo.com.mx\/api\/wp\/v2\/comments?post=222604"}],"version-history":[{"count":1,"href":"https:\/\/www.sonoraenequipo.com.mx\/api\/wp\/v2\/posts\/222604\/revisions"}],"predecessor-version":[{"id":222605,"href":"https:\/\/www.sonoraenequipo.com.mx\/api\/wp\/v2\/posts\/222604\/revisions\/222605"}],"wp:featuredmedia":[{"embeddable":true,"href":"https:\/\/www.sonoraenequipo.com.mx\/api\/wp\/v2\/media\/222589"}],"wp:attachment":[{"href":"https:\/\/www.sonoraenequipo.com.mx\/api\/wp\/v2\/media?parent=222604"}],"wp:term":[{"taxonomy":"category","embeddable":true,"href":"https:\/\/www.sonoraenequipo.com.mx\/api\/wp\/v2\/categories?post=222604"},{"taxonomy":"post_tag","embeddable":true,"href":"https:\/\/www.sonoraenequipo.com.mx\/api\/wp\/v2\/tags?post=222604"}],"curies":[{"name":"wp","href":"https:\/\/api.w.org\/{rel}","templated":true}]}}