{"id":222606,"date":"2025-08-29T18:59:38","date_gmt":"2025-08-30T01:59:38","guid":{"rendered":"https:\/\/www.sonoraenequipo.com.mx\/?p=222606"},"modified":"2025-08-29T19:00:05","modified_gmt":"2025-08-30T02:00:05","slug":"anuncia-apple-sus-gafas-inteligentes-n50","status":"publish","type":"post","link":"https:\/\/www.sonoraenequipo.com.mx\/anuncia-apple-sus-gafas-inteligentes-n50\/","title":{"rendered":"Anuncia Apple sus gafas inteligentes N50"},"content":{"rendered":"<p><strong>ESTADOS UNIDOS DEL NORTE DE AM\u00c9RICA.\u2014<\/strong> La compa\u00f1\u00eda de Cupertino lleva tiempo trabajando en unas gafas inteligentes similares a las Ray-Ban Meta.\u00a0 <strong>N50<\/strong> es el nombre en clave de las gafas inteligentes que Apple est\u00e1 desarrollando, equipadas con funciones de Apple Intelligence para analizar el entorno del usuario.<\/p>\n<p>&nbsp;<\/p>\n<p>&nbsp;<\/p>\n<p>&nbsp;<\/p>\n<p>&nbsp;<\/p>\n<p> <\/p>\n<p>La compa\u00f1\u00eda de Cupertino lleva tiempo trabajando en unas gafas inteligentes similares a las Ray-Ban Meta y en unos auriculares AirPods con c\u00e1maras integradas, dispositivos que se espera est\u00e9n disponibles en 2027.<\/p>\n<p>&nbsp;<\/p>\n<p>&nbsp;<\/p>\n<p>&nbsp;<\/p>\n<p>&nbsp;<\/p>\n<p>Ambos dispositivos aprovechar\u00e1n las capacidades de inteligencia visual del Vision Pro, proporcionando informaci\u00f3n relevante basada en lo que el usuario est\u00e9 observando. No obstante, las gafas no ofrecer\u00e1n grandes avances en realidad aumentada, seg\u00fan se\u00f1ala el periodista Mark Gurman en su bolet\u00edn Power On.<\/p>\n<p>&nbsp;<\/p>\n<p>&nbsp;<\/p>\n<p>&nbsp;<\/p>\n<h3>Caracter\u00edsticas y expectativas de las gafas N50<\/h3>\n<p>&nbsp;<\/p>\n<p>&nbsp;<\/p>\n<p>Mark Gurman revel\u00f3 que las gafas, en desarrollo bajo el nombre en clave N50, todav\u00eda tardar\u00e1n en llegar al mercado. La intenci\u00f3n de Apple es convertirlas en un dispositivo enfocado en Apple Intelligence, integrando funciones de asistencia contextual mediante inteligencia artificial directamente en el dispositivo.<\/p>\n<p>&nbsp;<\/p>\n<p>&nbsp;<\/p>\n<p>&nbsp;<\/p>\n<p>Gurman no cree que estas gafas compitan directamente con Meta, cuya pr\u00f3xima generaci\u00f3n de gafas inteligentes podr\u00eda superar los 1,000 d\u00f3lares y llegar al mercado en octubre de 2024.<\/p>\n<p>&nbsp;<\/p>\n<p>&nbsp;<\/p>\n<p>&nbsp;<\/p>\n<p>Apple Intelligence es la nueva iniciativa de la compa\u00f1\u00eda, integrando capacidades de inteligencia artificial generativa de forma local en los dispositivos, priorizando la privacidad del usuario frente a modelos basados en la nube.<\/p>\n<p>&nbsp;<\/p>\n<p>&nbsp;<\/p>\n<p>&nbsp;<\/p>\n<p>Respecto a las gafas inteligentes N50, se tratar\u00eda de un producto m\u00e1s liviano y asequible en comparaci\u00f3n con el Apple Vision Pro, lanzado en febrero de 2024 por 3,499 d\u00f3lares en Estados Unidos.<\/p>\n<p>&nbsp;<\/p>\n<p>&nbsp;<\/p>\n<p>&nbsp;<\/p>\n<p>La l\u00ednea Ray-Ban Meta, ya disponible en el mercado, ofrece funciones como asistente de voz, grabaci\u00f3n de video y transmisi\u00f3n en vivo. Su pr\u00f3xima generaci\u00f3n integrar\u00e1 la identificaci\u00f3n de objetos en tiempo real mediante visi\u00f3n computacional, fortaleciendo su posici\u00f3n en el sector de dispositivos wearables.<\/p>\n<p>&nbsp;<\/p>\n<p>&nbsp;<\/p>\n<p>&nbsp;<\/p>\n<p>&nbsp;<\/p>\n<p>Actualmente, se estima que el mercado global de gafas inteligentes podr\u00eda alcanzar los 12.8 mil millones de d\u00f3lares en 2030, impulsado por el crecimiento de la inteligencia artificial y la demanda de dispositivos port\u00e1tiles m\u00e1s inteligentes, seg\u00fan datos de Fortune Business Insights (2024).<\/p>\n<p>&nbsp;<\/p>\n<p>&nbsp;<\/p>\n<h3>Exploraci\u00f3n de nuevas funciones biom\u00e9tricas<\/h3>\n<p>&nbsp;<\/p>\n<p>&nbsp;<\/p>\n<p>Adem\u00e1s, seg\u00fan un reporte reciente de The Information, Apple tambi\u00e9n est\u00e1 explorando integrar en las gafas N50 sensores biom\u00e9tricos avanzados, como monitoreo de salud visual y detecci\u00f3n de se\u00f1ales ambientales, lo cual ampliar\u00eda su funcionalidad m\u00e1s all\u00e1 de la asistencia visual.<\/p>\n<p>&nbsp;<\/p>\n<p>&nbsp;<\/p>\n<p>Aunque el producto a\u00fan se encuentra en una fase temprana de desarrollo, la estrategia refleja el inter\u00e9s creciente de Apple en consolidarse en el mercado emergente de dispositivos inteligentes de bajo peso y alta portabilidad.<\/p>\n<p>&nbsp;<\/p>\n<p>&nbsp;<\/p>\n<p>&nbsp;<\/p>\n<p>PUBLICADO EL 29 DE AGOSTO DE 2025 Con informaci\u00f3n de EXCELSIOR)<\/p>\n","protected":false},"excerpt":{"rendered":"<p>ESTADOS UNIDOS DEL NORTE DE AM\u00c9RICA.\u2014 La compa\u00f1\u00eda de Cupertino lleva tiempo trabajando en unas&#8230;<\/p>\n","protected":false},"author":1,"featured_media":222608,"comment_status":"open","ping_status":"open","sticky":false,"template":"","format":"standard","meta":{"_monsterinsights_skip_tracking":false,"_monsterinsights_sitenote_active":false,"_monsterinsights_sitenote_note":"","_monsterinsights_sitenote_category":0,"footnotes":""},"categories":[2216],"tags":[],"class_list":["post"],"yoast_head":" \n<title>Sonora en Equipo. Anuncia Apple sus gafas inteligentes N50 Ciencia y Tecnolog\u00eda<\/title>\n<meta name=\"description\" content=\"ESTADOS UNIDOS DEL NORTE DE AM\u00c9RICA.\u2014 La compa\u00f1\u00eda de Cupertino lleva tiempo trabajando en unas gafas inteligentes similares a las Ray-Ban Meta.\u00a0 N50 es el En Sonora en Equipo publicamos toda la informaci\u00f3n de Sonora, M\u00e9xico y el Mundo de manera oportuna y busca que la libertad de expresi\u00f3n sea real. Visita nuestro medio informativo publicado desde Hermosillo, Sonora. %\" \/>\n<meta name=\"robots\" content=\"index, follow, max-snippet:-1, max-image-preview:large, max-video-preview:-1\" \/>\n<link rel=\"canonical\" href=\"https:\/\/www.sonoraenequipo.com.mx\/anuncia-apple-sus-gafas-inteligentes-n50\/\" \/>\n<meta property=\"og:locale\" content=\"es_ES\" \/>\n<meta property=\"og:type\" content=\"article\" \/>\n<meta property=\"og:title\" content=\"Sonora en Equipo. Anuncia Apple sus gafas inteligentes N50 Ciencia y Tecnolog\u00eda\" \/>\n<meta property=\"og:description\" content=\"ESTADOS UNIDOS DEL NORTE DE AM\u00c9RICA.\u2014 La compa\u00f1\u00eda de Cupertino lleva tiempo trabajando en unas gafas inteligentes similares a las Ray-Ban Meta.\u00a0 N50 es el En Sonora en Equipo publicamos toda la informaci\u00f3n de Sonora, M\u00e9xico y el Mundo de manera oportuna y busca que la libertad de expresi\u00f3n sea real. Visita nuestro medio informativo publicado desde Hermosillo, Sonora. %\" \/>\n<meta property=\"og:url\" content=\"https:\/\/www.sonoraenequipo.com.mx\/anuncia-apple-sus-gafas-inteligentes-n50\/\" \/>\n<meta property=\"og:site_name\" content=\"Sonora en Equipo.\" \/>\n<meta property=\"article:publisher\" content=\"https:\/\/www.facebook.com\/SonoraEE\/\" \/>\n<meta property=\"article:author\" content=\"https:\/\/www.facebook.com\/SonoraEE\" \/>\n<meta property=\"article:published_time\" content=\"2025-08-30T01:59:38+00:00\" \/>\n<meta property=\"article:modified_time\" content=\"2025-08-30T02:00:05+00:00\" \/>\n<meta property=\"og:image\" content=\"https:\/\/www.sonoraenequipo.com.mx\/storage\/2025\/08\/anuncia-apple-sus-gafas-inteligentes-n50-min.jpg\" \/>\n\t<meta property=\"og:image:width\" content=\"1000\" \/>\n\t<meta property=\"og:image:height\" content=\"698\" \/>\n\t<meta property=\"og:image:type\" content=\"image\/jpeg\" \/>\n<meta name=\"author\" content=\"enequipo\" \/>\n<meta name=\"twitter:card\" content=\"summary_large_image\" \/>\n<meta name=\"twitter:creator\" content=\"@sonoraenequipo\" \/>\n<meta name=\"twitter:site\" content=\"@sonoraenequipo\" \/>\n<meta name=\"twitter:label1\" content=\"Escrito por\" \/>\n\t<meta name=\"twitter:data1\" content=\"enequipo\" \/>\n\t<meta name=\"twitter:label2\" content=\"Tiempo de lectura\" \/>\n\t<meta name=\"twitter:data2\" content=\"3 minutos\" \/>\n<script type=\"application\/ld+json\" class=\"yoast-schema-graph\">{\"@context\":\"https:\/\/schema.org\",\"@graph\":[{\"@type\":\"Article\",\"@id\":\"https:\/\/www.sonoraenequipo.com.mx\/anuncia-apple-sus-gafas-inteligentes-n50\/#article\",\"isPartOf\":{\"@id\":\"https:\/\/www.sonoraenequipo.com.mx\/anuncia-apple-sus-gafas-inteligentes-n50\/\"},\"author\":{\"name\":\"enequipo\",\"@id\":\"https:\/\/www.sonoraenequipo.com.mx\/#\/schema\/person\/50102df0fb23a8fa9e8effad8fa81386\"},\"headline\":\"Anuncia Apple sus gafas inteligentes N50\",\"datePublished\":\"2025-08-30T01:59:38+00:00\",\"dateModified\":\"2025-08-30T02:00:05+00:00\",\"mainEntityOfPage\":{\"@id\":\"https:\/\/www.sonoraenequipo.com.mx\/anuncia-apple-sus-gafas-inteligentes-n50\/\"},\"wordCount\":535,\"commentCount\":0,\"publisher\":{\"@id\":\"https:\/\/www.sonoraenequipo.com.mx\/#organization\"},\"image\":{\"@id\":\"https:\/\/www.sonoraenequipo.com.mx\/anuncia-apple-sus-gafas-inteligentes-n50\/#primaryimage\"},\"thumbnailUrl\":\"https:\/\/www.sonoraenequipo.com.mx\/storage\/2025\/08\/anuncia-apple-sus-gafas-inteligentes-n50-min.jpg\",\"articleSection\":[\"Ciencia y Tecnolog\u00eda\"],\"inLanguage\":\"es\",\"potentialAction\":[{\"@type\":\"CommentAction\",\"name\":\"Comment\",\"target\":[\"https:\/\/www.sonoraenequipo.com.mx\/anuncia-apple-sus-gafas-inteligentes-n50\/#respond\"]}]},{\"@type\":\"WebPage\",\"@id\":\"https:\/\/www.sonoraenequipo.com.mx\/anuncia-apple-sus-gafas-inteligentes-n50\/\",\"url\":\"https:\/\/www.sonoraenequipo.com.mx\/anuncia-apple-sus-gafas-inteligentes-n50\/\",\"name\":\"Sonora en Equipo. Anuncia Apple sus gafas inteligentes N50 Ciencia y Tecnolog\u00eda\",\"isPartOf\":{\"@id\":\"https:\/\/www.sonoraenequipo.com.mx\/#website\"},\"primaryImageOfPage\":{\"@id\":\"https:\/\/www.sonoraenequipo.com.mx\/anuncia-apple-sus-gafas-inteligentes-n50\/#primaryimage\"},\"image\":{\"@id\":\"https:\/\/www.sonoraenequipo.com.mx\/anuncia-apple-sus-gafas-inteligentes-n50\/#primaryimage\"},\"thumbnailUrl\":\"https:\/\/www.sonoraenequipo.com.mx\/storage\/2025\/08\/anuncia-apple-sus-gafas-inteligentes-n50-min.jpg\",\"datePublished\":\"2025-08-30T01:59:38+00:00\",\"dateModified\":\"2025-08-30T02:00:05+00:00\",\"description\":\"ESTADOS UNIDOS DEL NORTE DE AM\u00c9RICA.\u2014 La compa\u00f1\u00eda de Cupertino lleva tiempo trabajando en unas gafas inteligentes similares a las Ray-Ban Meta.\u00a0 N50 es el En Sonora en Equipo publicamos toda la informaci\u00f3n de Sonora, M\u00e9xico y el Mundo de manera oportuna y busca que la libertad de expresi\u00f3n sea real. Visita nuestro medio informativo publicado desde Hermosillo, Sonora. %\",\"breadcrumb\":{\"@id\":\"https:\/\/www.sonoraenequipo.com.mx\/anuncia-apple-sus-gafas-inteligentes-n50\/#breadcrumb\"},\"inLanguage\":\"es\",\"potentialAction\":[{\"@type\":\"ReadAction\",\"target\":[\"https:\/\/www.sonoraenequipo.com.mx\/anuncia-apple-sus-gafas-inteligentes-n50\/\"]}]},{\"@type\":\"ImageObject\",\"inLanguage\":\"es\",\"@id\":\"https:\/\/www.sonoraenequipo.com.mx\/anuncia-apple-sus-gafas-inteligentes-n50\/#primaryimage\",\"url\":\"https:\/\/www.sonoraenequipo.com.mx\/storage\/2025\/08\/anuncia-apple-sus-gafas-inteligentes-n50-min.jpg\",\"contentUrl\":\"https:\/\/www.sonoraenequipo.com.mx\/storage\/2025\/08\/anuncia-apple-sus-gafas-inteligentes-n50-min.jpg\",\"width\":1000,\"height\":698},{\"@type\":\"BreadcrumbList\",\"@id\":\"https:\/\/www.sonoraenequipo.com.mx\/anuncia-apple-sus-gafas-inteligentes-n50\/#breadcrumb\",\"itemListElement\":[{\"@type\":\"ListItem\",\"position\":1,\"name\":\"Portada\",\"item\":\"https:\/\/www.sonoraenequipo.com.mx\/\"},{\"@type\":\"ListItem\",\"position\":2,\"name\":\"Anuncia Apple sus gafas inteligentes N50\"}]},{\"@type\":\"WebSite\",\"@id\":\"https:\/\/www.sonoraenequipo.com.mx\/#website\",\"url\":\"https:\/\/www.sonoraenequipo.com.mx\/\",\"name\":\"Sonora en Equipo.\",\"description\":\"Diario en l\u00ednea con Noticias desde Hermosillo, Sonora\",\"publisher\":{\"@id\":\"https:\/\/www.sonoraenequipo.com.mx\/#organization\"},\"potentialAction\":[{\"@type\":\"SearchAction\",\"target\":{\"@type\":\"EntryPoint\",\"urlTemplate\":\"https:\/\/www.sonoraenequipo.com.mx\/?s={search_term_string}\"},\"query-input\":{\"@type\":\"PropertyValueSpecification\",\"valueRequired\":true,\"valueName\":\"search_term_string\"}}],\"inLanguage\":\"es\"},{\"@type\":\"Organization\",\"@id\":\"https:\/\/www.sonoraenequipo.com.mx\/#organization\",\"name\":\"Sonoraenequipo.com.mx\",\"url\":\"https:\/\/www.sonoraenequipo.com.mx\/\",\"logo\":{\"@type\":\"ImageObject\",\"inLanguage\":\"es\",\"@id\":\"https:\/\/www.sonoraenequipo.com.mx\/#\/schema\/logo\/image\/\",\"url\":\"https:\/\/www.sonoraenequipo.com.mx\/storage\/2019\/01\/sonoraenequipo_opt.png\",\"contentUrl\":\"https:\/\/www.sonoraenequipo.com.mx\/storage\/2019\/01\/sonoraenequipo_opt.png\",\"width\":375,\"height\":125,\"caption\":\"Sonoraenequipo.com.mx\"},\"image\":{\"@id\":\"https:\/\/www.sonoraenequipo.com.mx\/#\/schema\/logo\/image\/\"},\"sameAs\":[\"https:\/\/www.facebook.com\/SonoraEE\/\",\"https:\/\/x.com\/sonoraenequipo\",\"https:\/\/www.youtube.com\/channel\/UC338nW-lPEYmJQs4ZABQ1SQ\"]},{\"@type\":\"Person\",\"@id\":\"https:\/\/www.sonoraenequipo.com.mx\/#\/schema\/person\/50102df0fb23a8fa9e8effad8fa81386\",\"name\":\"enequipo\",\"image\":{\"@type\":\"ImageObject\",\"inLanguage\":\"es\",\"@id\":\"https:\/\/www.sonoraenequipo.com.mx\/#\/schema\/person\/image\/\",\"url\":\"https:\/\/secure.gravatar.com\/avatar\/049821681b589dabc0bc20695993ccebb09f5b5d4d790cd9251b97faac7c652b?s=96&d=blank&r=g\",\"contentUrl\":\"https:\/\/secure.gravatar.com\/avatar\/049821681b589dabc0bc20695993ccebb09f5b5d4d790cd9251b97faac7c652b?s=96&d=blank&r=g\",\"caption\":\"enequipo\"},\"sameAs\":[\"https:\/\/www.facebook.com\/SonoraEE\"]}]}<\/script>\n ","yoast_head_json":{"title":"Sonora en Equipo. Anuncia Apple sus gafas inteligentes N50 Ciencia y Tecnolog\u00eda","description":"ESTADOS UNIDOS DEL NORTE DE AM\u00c9RICA.\u2014 La compa\u00f1\u00eda de Cupertino lleva tiempo trabajando en unas gafas inteligentes similares a las Ray-Ban Meta.\u00a0 N50 es el En Sonora en Equipo publicamos toda la informaci\u00f3n de Sonora, M\u00e9xico y el Mundo de manera oportuna y busca que la libertad de expresi\u00f3n sea real. Visita nuestro medio informativo publicado desde Hermosillo, Sonora. %","robots":{"index":"index","follow":"follow","max-snippet":"max-snippet:-1","max-image-preview":"max-image-preview:large","max-video-preview":"max-video-preview:-1"},"canonical":"https:\/\/www.sonoraenequipo.com.mx\/anuncia-apple-sus-gafas-inteligentes-n50\/","og_locale":"es_ES","og_type":"article","og_title":"Sonora en Equipo. Anuncia Apple sus gafas inteligentes N50 Ciencia y Tecnolog\u00eda","og_description":"ESTADOS UNIDOS DEL NORTE DE AM\u00c9RICA.\u2014 La compa\u00f1\u00eda de Cupertino lleva tiempo trabajando en unas gafas inteligentes similares a las Ray-Ban Meta.\u00a0 N50 es el En Sonora en Equipo publicamos toda la informaci\u00f3n de Sonora, M\u00e9xico y el Mundo de manera oportuna y busca que la libertad de expresi\u00f3n sea real. Visita nuestro medio informativo publicado desde Hermosillo, Sonora. %","og_url":"https:\/\/www.sonoraenequipo.com.mx\/anuncia-apple-sus-gafas-inteligentes-n50\/","og_site_name":"Sonora en Equipo.","article_publisher":"https:\/\/www.facebook.com\/SonoraEE\/","article_author":"https:\/\/www.facebook.com\/SonoraEE","article_published_time":"2025-08-30T01:59:38+00:00","article_modified_time":"2025-08-30T02:00:05+00:00","og_image":[{"width":1000,"height":698,"url":"https:\/\/www.sonoraenequipo.com.mx\/storage\/2025\/08\/anuncia-apple-sus-gafas-inteligentes-n50-min.jpg","type":"image\/jpeg"}],"author":"enequipo","twitter_card":"summary_large_image","twitter_creator":"@sonoraenequipo","twitter_site":"@sonoraenequipo","twitter_misc":{"Escrito por":"enequipo","Tiempo de lectura":"3 minutos"},"schema":{"@context":"https:\/\/schema.org","@graph":[{"@type":"Article","@id":"https:\/\/www.sonoraenequipo.com.mx\/anuncia-apple-sus-gafas-inteligentes-n50\/#article","isPartOf":{"@id":"https:\/\/www.sonoraenequipo.com.mx\/anuncia-apple-sus-gafas-inteligentes-n50\/"},"author":{"name":"enequipo","@id":"https:\/\/www.sonoraenequipo.com.mx\/#\/schema\/person\/50102df0fb23a8fa9e8effad8fa81386"},"headline":"Anuncia Apple sus gafas inteligentes N50","datePublished":"2025-08-30T01:59:38+00:00","dateModified":"2025-08-30T02:00:05+00:00","mainEntityOfPage":{"@id":"https:\/\/www.sonoraenequipo.com.mx\/anuncia-apple-sus-gafas-inteligentes-n50\/"},"wordCount":535,"commentCount":0,"publisher":{"@id":"https:\/\/www.sonoraenequipo.com.mx\/#organization"},"image":{"@id":"https:\/\/www.sonoraenequipo.com.mx\/anuncia-apple-sus-gafas-inteligentes-n50\/#primaryimage"},"thumbnailUrl":"https:\/\/www.sonoraenequipo.com.mx\/storage\/2025\/08\/anuncia-apple-sus-gafas-inteligentes-n50-min.jpg","articleSection":["Ciencia y Tecnolog\u00eda"],"inLanguage":"es","potentialAction":[{"@type":"CommentAction","name":"Comment","target":["https:\/\/www.sonoraenequipo.com.mx\/anuncia-apple-sus-gafas-inteligentes-n50\/#respond"]}]},{"@type":"WebPage","@id":"https:\/\/www.sonoraenequipo.com.mx\/anuncia-apple-sus-gafas-inteligentes-n50\/","url":"https:\/\/www.sonoraenequipo.com.mx\/anuncia-apple-sus-gafas-inteligentes-n50\/","name":"Sonora en Equipo. Anuncia Apple sus gafas inteligentes N50 Ciencia y Tecnolog\u00eda","isPartOf":{"@id":"https:\/\/www.sonoraenequipo.com.mx\/#website"},"primaryImageOfPage":{"@id":"https:\/\/www.sonoraenequipo.com.mx\/anuncia-apple-sus-gafas-inteligentes-n50\/#primaryimage"},"image":{"@id":"https:\/\/www.sonoraenequipo.com.mx\/anuncia-apple-sus-gafas-inteligentes-n50\/#primaryimage"},"thumbnailUrl":"https:\/\/www.sonoraenequipo.com.mx\/storage\/2025\/08\/anuncia-apple-sus-gafas-inteligentes-n50-min.jpg","datePublished":"2025-08-30T01:59:38+00:00","dateModified":"2025-08-30T02:00:05+00:00","description":"ESTADOS UNIDOS DEL NORTE DE AM\u00c9RICA.\u2014 La compa\u00f1\u00eda de Cupertino lleva tiempo trabajando en unas gafas inteligentes similares a las Ray-Ban Meta.\u00a0 N50 es el En Sonora en Equipo publicamos toda la informaci\u00f3n de Sonora, M\u00e9xico y el Mundo de manera oportuna y busca que la libertad de expresi\u00f3n sea real. Visita nuestro medio informativo publicado desde Hermosillo, Sonora. %","breadcrumb":{"@id":"https:\/\/www.sonoraenequipo.com.mx\/anuncia-apple-sus-gafas-inteligentes-n50\/#breadcrumb"},"inLanguage":"es","potentialAction":[{"@type":"ReadAction","target":["https:\/\/www.sonoraenequipo.com.mx\/anuncia-apple-sus-gafas-inteligentes-n50\/"]}]},{"@type":"ImageObject","inLanguage":"es","@id":"https:\/\/www.sonoraenequipo.com.mx\/anuncia-apple-sus-gafas-inteligentes-n50\/#primaryimage","url":"https:\/\/www.sonoraenequipo.com.mx\/storage\/2025\/08\/anuncia-apple-sus-gafas-inteligentes-n50-min.jpg","contentUrl":"https:\/\/www.sonoraenequipo.com.mx\/storage\/2025\/08\/anuncia-apple-sus-gafas-inteligentes-n50-min.jpg","width":1000,"height":698},{"@type":"BreadcrumbList","@id":"https:\/\/www.sonoraenequipo.com.mx\/anuncia-apple-sus-gafas-inteligentes-n50\/#breadcrumb","itemListElement":[{"@type":"ListItem","position":1,"name":"Portada","item":"https:\/\/www.sonoraenequipo.com.mx\/"},{"@type":"ListItem","position":2,"name":"Anuncia Apple sus gafas inteligentes N50"}]},{"@type":"WebSite","@id":"https:\/\/www.sonoraenequipo.com.mx\/#website","url":"https:\/\/www.sonoraenequipo.com.mx\/","name":"Sonora en Equipo.","description":"Diario en l\u00ednea con Noticias desde Hermosillo, Sonora","publisher":{"@id":"https:\/\/www.sonoraenequipo.com.mx\/#organization"},"potentialAction":[{"@type":"SearchAction","target":{"@type":"EntryPoint","urlTemplate":"https:\/\/www.sonoraenequipo.com.mx\/?s={search_term_string}"},"query-input":{"@type":"PropertyValueSpecification","valueRequired":true,"valueName":"search_term_string"}}],"inLanguage":"es"},{"@type":"Organization","@id":"https:\/\/www.sonoraenequipo.com.mx\/#organization","name":"Sonoraenequipo.com.mx","url":"https:\/\/www.sonoraenequipo.com.mx\/","logo":{"@type":"ImageObject","inLanguage":"es","@id":"https:\/\/www.sonoraenequipo.com.mx\/#\/schema\/logo\/image\/","url":"https:\/\/www.sonoraenequipo.com.mx\/storage\/2019\/01\/sonoraenequipo_opt.png","contentUrl":"https:\/\/www.sonoraenequipo.com.mx\/storage\/2019\/01\/sonoraenequipo_opt.png","width":375,"height":125,"caption":"Sonoraenequipo.com.mx"},"image":{"@id":"https:\/\/www.sonoraenequipo.com.mx\/#\/schema\/logo\/image\/"},"sameAs":["https:\/\/www.facebook.com\/SonoraEE\/","https:\/\/x.com\/sonoraenequipo","https:\/\/www.youtube.com\/channel\/UC338nW-lPEYmJQs4ZABQ1SQ"]},{"@type":"Person","@id":"https:\/\/www.sonoraenequipo.com.mx\/#\/schema\/person\/50102df0fb23a8fa9e8effad8fa81386","name":"enequipo","image":{"@type":"ImageObject","inLanguage":"es","@id":"https:\/\/www.sonoraenequipo.com.mx\/#\/schema\/person\/image\/","url":"https:\/\/secure.gravatar.com\/avatar\/049821681b589dabc0bc20695993ccebb09f5b5d4d790cd9251b97faac7c652b?s=96&d=blank&r=g","contentUrl":"https:\/\/secure.gravatar.com\/avatar\/049821681b589dabc0bc20695993ccebb09f5b5d4d790cd9251b97faac7c652b?s=96&d=blank&r=g","caption":"enequipo"},"sameAs":["https:\/\/www.facebook.com\/SonoraEE"]}]}},"jetpack_featured_media_url":"https:\/\/www.sonoraenequipo.com.mx\/storage\/2025\/08\/anuncia-apple-sus-gafas-inteligentes-n50-min.jpg","_links":{"self":[{"href":"https:\/\/www.sonoraenequipo.com.mx\/api\/wp\/v2\/posts\/222606","targetHints":{"allow":["GET"]}}],"collection":[{"href":"https:\/\/www.sonoraenequipo.com.mx\/api\/wp\/v2\/posts"}],"about":[{"href":"https:\/\/www.sonoraenequipo.com.mx\/api\/wp\/v2\/types\/post"}],"author":[{"embeddable":true,"href":"https:\/\/www.sonoraenequipo.com.mx\/api\/wp\/v2\/users\/1"}],"replies":[{"embeddable":true,"href":"https:\/\/www.sonoraenequipo.com.mx\/api\/wp\/v2\/comments?post=222606"}],"version-history":[{"count":2,"href":"https:\/\/www.sonoraenequipo.com.mx\/api\/wp\/v2\/posts\/222606\/revisions"}],"predecessor-version":[{"id":222612,"href":"https:\/\/www.sonoraenequipo.com.mx\/api\/wp\/v2\/posts\/222606\/revisions\/222612"}],"wp:featuredmedia":[{"embeddable":true,"href":"https:\/\/www.sonoraenequipo.com.mx\/api\/wp\/v2\/media\/222608"}],"wp:attachment":[{"href":"https:\/\/www.sonoraenequipo.com.mx\/api\/wp\/v2\/media?parent=222606"}],"wp:term":[{"taxonomy":"category","embeddable":true,"href":"https:\/\/www.sonoraenequipo.com.mx\/api\/wp\/v2\/categories?post=222606"},{"taxonomy":"post_tag","embeddable":true,"href":"https:\/\/www.sonoraenequipo.com.mx\/api\/wp\/v2\/tags?post=222606"}],"curies":[{"name":"wp","href":"https:\/\/api.w.org\/{rel}","templated":true}]}}