{"id":222614,"date":"2025-08-29T19:08:30","date_gmt":"2025-08-30T02:08:30","guid":{"rendered":"https:\/\/www.sonoraenequipo.com.mx\/?p=222614"},"modified":"2025-08-29T19:10:30","modified_gmt":"2025-08-30T02:10:30","slug":"quita-la-escolta-de-servicio-secreto-trump-a-kamala-harris","status":"publish","type":"post","link":"https:\/\/www.sonoraenequipo.com.mx\/quita-la-escolta-de-servicio-secreto-trump-a-kamala-harris\/","title":{"rendered":"Quita la escolta de Servicio Secreto Trump a Kamala Harris"},"content":{"rendered":"<p><strong>WASHINGTON,ESTADOS UNIDOS. DEL NORTE DE AM\u00c9RICA. \u2014<\/strong> Por ley, los vicepresidentes estadounidenses tienen derecho a seis meses de protecci\u00f3n del Servicio Secreto desde el d\u00eda que dejan de ejercer sus funciones, un per\u00edodo que en el caso de Harris culmin\u00f3 el pasado 21 de julio.<\/p>\n<p>&nbsp;<\/p>\n<p>&nbsp;<\/p>\n<p>&nbsp;<\/p>\n<p>&nbsp;<\/p>\n<p> <br \/>\nEl presidente de Estados Unidos, Donald Trump, firm\u00f3 una orden que revoca la protecci\u00f3n del Servicio Secreto a la exvicepresidenta dem\u00f3crata Kamala Harris, despu\u00e9s de que su predecesor, Joe Biden, extendiera la protecci\u00f3n un a\u00f1o m\u00e1s de lo habitual.<\/p>\n<p>&nbsp;<\/p>\n<p>&nbsp;<\/p>\n<p>&nbsp;<\/p>\n<p>&nbsp;<\/p>\n<p>&nbsp;<\/p>\n<p>El memorando, que se dio a conocer hoy, ordena \u201cdescontinuar cualquier tiempo de procedimiento de seguridad anteriormente autorizados por Memorando Ejecutivo m\u00e1s all\u00e1 de lo que es requerido por la ley\u201d desde el 1 de septiembre a Kamala Harris, rival de Trump en las elecciones presidenciales del pasado a\u00f1o.<\/p>\n<p>&nbsp;<\/p>\n<p>&nbsp;<\/p>\n<p>&nbsp;<\/p>\n<p>&nbsp;<\/p>\n<p>Por ley, los vicepresidentes estadounidenses tienen derecho a seis meses de protecci\u00f3n del Servicio Secreto desde el d\u00eda que dejan de ejercer sus funciones, un per\u00edodo que en el caso de Harris culmin\u00f3 el pasado 21 de julio.<\/p>\n<p>&nbsp;<\/p>\n<p>&nbsp;<\/p>\n<p>&nbsp;<\/p>\n<p>&nbsp;<\/p>\n<p>&nbsp;<\/p>\n<p>No obstante, el expresidente Joe Biden firm\u00f3 una orden no hecha p\u00fablica hasta ahora antes de abandonar el cargo en la que extend\u00eda un a\u00f1o m\u00e1s la protecci\u00f3n federal a Harris, seg\u00fan indicaron fuentes a la CNN, medio que adelant\u00f3 la noticia.<\/p>\n<p>&nbsp;<\/p>\n<p>&nbsp;<\/p>\n<p>&nbsp;<\/p>\n<p>Normalmente, solo los expresidentes tienen protecci\u00f3n del Servicio Secreto de por vida y no los exvicepresidentes.<\/p>\n<p>&nbsp;<\/p>\n<p>&nbsp;<\/p>\n<p>&nbsp;<\/p>\n<p>El final de la protecci\u00f3n federal de Harris, se da poco antes de que comience la gira nacional de su libro de memorias sobre la campa\u00f1a electoral de 2024, titulado \u201c107 Days\u201d y que estar\u00e1 disponible a partir del 23 de septiembre en todo EE.UU.<\/p>\n<p>&nbsp;<\/p>\n<p>&nbsp;<\/p>\n<p>&nbsp;<\/p>\n<p>Kirsten Allen, asesora de Harris, indic\u00f3 en un comunicado que <strong><em>\u201cla vicepresidenta est\u00e1 agradecida al Servicio Secreto por su profesionalismo, dedicaci\u00f3n y su incansable compromiso con la seguridad\u201d.<\/em><\/strong><\/p>\n<p>&nbsp;<\/p>\n<p>&nbsp;<\/p>\n<p>PUBLICADO EL 29 DE AGOSTO DE 2025 Con informaci\u00f3n de AP)<\/p>\n","protected":false},"excerpt":{"rendered":"<p>WASHINGTON,ESTADOS UNIDOS. DEL NORTE DE AM\u00c9RICA. \u2014 Por ley, los vicepresidentes estadounidenses tienen derecho a&#8230;<\/p>\n","protected":false},"author":1,"featured_media":222615,"comment_status":"open","ping_status":"open","sticky":false,"template":"","format":"standard","meta":{"_monsterinsights_skip_tracking":false,"_monsterinsights_sitenote_active":false,"_monsterinsights_sitenote_note":"","_monsterinsights_sitenote_category":0,"footnotes":""},"categories":[3],"tags":[],"class_list":["post"],"yoast_head":" \n<title>Sonora en Equipo. Quita la escolta de Servicio Secreto Trump a Kamala Harris MUNDO<\/title>\n<meta name=\"description\" content=\"WASHINGTON,ESTADOS UNIDOS. DEL NORTE DE AM\u00c9RICA. \u2014 Por ley, los vicepresidentes estadounidenses tienen derecho a seis meses de protecci\u00f3n del Servicio En Sonora en Equipo publicamos toda la informaci\u00f3n de Sonora, M\u00e9xico y el Mundo de manera oportuna y busca que la libertad de expresi\u00f3n sea real. Visita nuestro medio informativo publicado desde Hermosillo, Sonora. %\" \/>\n<meta name=\"robots\" content=\"index, follow, max-snippet:-1, max-image-preview:large, max-video-preview:-1\" \/>\n<link rel=\"canonical\" href=\"https:\/\/www.sonoraenequipo.com.mx\/quita-la-escolta-de-servicio-secreto-trump-a-kamala-harris\/\" \/>\n<meta property=\"og:locale\" content=\"es_ES\" \/>\n<meta property=\"og:type\" content=\"article\" \/>\n<meta property=\"og:title\" content=\"Sonora en Equipo. Quita la escolta de Servicio Secreto Trump a Kamala Harris MUNDO\" \/>\n<meta property=\"og:description\" content=\"WASHINGTON,ESTADOS UNIDOS. DEL NORTE DE AM\u00c9RICA. \u2014 Por ley, los vicepresidentes estadounidenses tienen derecho a seis meses de protecci\u00f3n del Servicio En Sonora en Equipo publicamos toda la informaci\u00f3n de Sonora, M\u00e9xico y el Mundo de manera oportuna y busca que la libertad de expresi\u00f3n sea real. Visita nuestro medio informativo publicado desde Hermosillo, Sonora. %\" \/>\n<meta property=\"og:url\" content=\"https:\/\/www.sonoraenequipo.com.mx\/quita-la-escolta-de-servicio-secreto-trump-a-kamala-harris\/\" \/>\n<meta property=\"og:site_name\" content=\"Sonora en Equipo.\" \/>\n<meta property=\"article:publisher\" content=\"https:\/\/www.facebook.com\/SonoraEE\/\" \/>\n<meta property=\"article:author\" content=\"https:\/\/www.facebook.com\/SonoraEE\" \/>\n<meta property=\"article:published_time\" content=\"2025-08-30T02:08:30+00:00\" \/>\n<meta property=\"article:modified_time\" content=\"2025-08-30T02:10:30+00:00\" \/>\n<meta property=\"og:image\" content=\"https:\/\/www.sonoraenequipo.com.mx\/storage\/2025\/08\/quita-la-escolta-de-servicio-secreto-trump-a-kamala-harris-min.jpg\" \/>\n\t<meta property=\"og:image:width\" content=\"937\" \/>\n\t<meta property=\"og:image:height\" content=\"577\" \/>\n\t<meta property=\"og:image:type\" content=\"image\/jpeg\" \/>\n<meta name=\"author\" content=\"enequipo\" \/>\n<meta name=\"twitter:card\" content=\"summary_large_image\" \/>\n<meta name=\"twitter:creator\" content=\"@sonoraenequipo\" \/>\n<meta name=\"twitter:site\" content=\"@sonoraenequipo\" \/>\n<meta name=\"twitter:label1\" content=\"Escrito por\" \/>\n\t<meta name=\"twitter:data1\" content=\"enequipo\" \/>\n\t<meta name=\"twitter:label2\" content=\"Tiempo de lectura\" \/>\n\t<meta name=\"twitter:data2\" content=\"2 minutos\" \/>\n<script type=\"application\/ld+json\" class=\"yoast-schema-graph\">{\"@context\":\"https:\/\/schema.org\",\"@graph\":[{\"@type\":\"Article\",\"@id\":\"https:\/\/www.sonoraenequipo.com.mx\/quita-la-escolta-de-servicio-secreto-trump-a-kamala-harris\/#article\",\"isPartOf\":{\"@id\":\"https:\/\/www.sonoraenequipo.com.mx\/quita-la-escolta-de-servicio-secreto-trump-a-kamala-harris\/\"},\"author\":{\"name\":\"enequipo\",\"@id\":\"https:\/\/www.sonoraenequipo.com.mx\/#\/schema\/person\/50102df0fb23a8fa9e8effad8fa81386\"},\"headline\":\"Quita la escolta de Servicio Secreto Trump a Kamala Harris\",\"datePublished\":\"2025-08-30T02:08:30+00:00\",\"dateModified\":\"2025-08-30T02:10:30+00:00\",\"mainEntityOfPage\":{\"@id\":\"https:\/\/www.sonoraenequipo.com.mx\/quita-la-escolta-de-servicio-secreto-trump-a-kamala-harris\/\"},\"wordCount\":371,\"commentCount\":0,\"publisher\":{\"@id\":\"https:\/\/www.sonoraenequipo.com.mx\/#organization\"},\"image\":{\"@id\":\"https:\/\/www.sonoraenequipo.com.mx\/quita-la-escolta-de-servicio-secreto-trump-a-kamala-harris\/#primaryimage\"},\"thumbnailUrl\":\"https:\/\/www.sonoraenequipo.com.mx\/storage\/2025\/08\/quita-la-escolta-de-servicio-secreto-trump-a-kamala-harris-min.jpg\",\"articleSection\":[\"MUNDO\"],\"inLanguage\":\"es\",\"potentialAction\":[{\"@type\":\"CommentAction\",\"name\":\"Comment\",\"target\":[\"https:\/\/www.sonoraenequipo.com.mx\/quita-la-escolta-de-servicio-secreto-trump-a-kamala-harris\/#respond\"]}]},{\"@type\":\"WebPage\",\"@id\":\"https:\/\/www.sonoraenequipo.com.mx\/quita-la-escolta-de-servicio-secreto-trump-a-kamala-harris\/\",\"url\":\"https:\/\/www.sonoraenequipo.com.mx\/quita-la-escolta-de-servicio-secreto-trump-a-kamala-harris\/\",\"name\":\"Sonora en Equipo. Quita la escolta de Servicio Secreto Trump a Kamala Harris MUNDO\",\"isPartOf\":{\"@id\":\"https:\/\/www.sonoraenequipo.com.mx\/#website\"},\"primaryImageOfPage\":{\"@id\":\"https:\/\/www.sonoraenequipo.com.mx\/quita-la-escolta-de-servicio-secreto-trump-a-kamala-harris\/#primaryimage\"},\"image\":{\"@id\":\"https:\/\/www.sonoraenequipo.com.mx\/quita-la-escolta-de-servicio-secreto-trump-a-kamala-harris\/#primaryimage\"},\"thumbnailUrl\":\"https:\/\/www.sonoraenequipo.com.mx\/storage\/2025\/08\/quita-la-escolta-de-servicio-secreto-trump-a-kamala-harris-min.jpg\",\"datePublished\":\"2025-08-30T02:08:30+00:00\",\"dateModified\":\"2025-08-30T02:10:30+00:00\",\"description\":\"WASHINGTON,ESTADOS UNIDOS. DEL NORTE DE AM\u00c9RICA. \u2014 Por ley, los vicepresidentes estadounidenses tienen derecho a seis meses de protecci\u00f3n del Servicio En Sonora en Equipo publicamos toda la informaci\u00f3n de Sonora, M\u00e9xico y el Mundo de manera oportuna y busca que la libertad de expresi\u00f3n sea real. Visita nuestro medio informativo publicado desde Hermosillo, Sonora. %\",\"breadcrumb\":{\"@id\":\"https:\/\/www.sonoraenequipo.com.mx\/quita-la-escolta-de-servicio-secreto-trump-a-kamala-harris\/#breadcrumb\"},\"inLanguage\":\"es\",\"potentialAction\":[{\"@type\":\"ReadAction\",\"target\":[\"https:\/\/www.sonoraenequipo.com.mx\/quita-la-escolta-de-servicio-secreto-trump-a-kamala-harris\/\"]}]},{\"@type\":\"ImageObject\",\"inLanguage\":\"es\",\"@id\":\"https:\/\/www.sonoraenequipo.com.mx\/quita-la-escolta-de-servicio-secreto-trump-a-kamala-harris\/#primaryimage\",\"url\":\"https:\/\/www.sonoraenequipo.com.mx\/storage\/2025\/08\/quita-la-escolta-de-servicio-secreto-trump-a-kamala-harris-min.jpg\",\"contentUrl\":\"https:\/\/www.sonoraenequipo.com.mx\/storage\/2025\/08\/quita-la-escolta-de-servicio-secreto-trump-a-kamala-harris-min.jpg\",\"width\":937,\"height\":577},{\"@type\":\"BreadcrumbList\",\"@id\":\"https:\/\/www.sonoraenequipo.com.mx\/quita-la-escolta-de-servicio-secreto-trump-a-kamala-harris\/#breadcrumb\",\"itemListElement\":[{\"@type\":\"ListItem\",\"position\":1,\"name\":\"Portada\",\"item\":\"https:\/\/www.sonoraenequipo.com.mx\/\"},{\"@type\":\"ListItem\",\"position\":2,\"name\":\"Quita la escolta de Servicio Secreto Trump a Kamala Harris\"}]},{\"@type\":\"WebSite\",\"@id\":\"https:\/\/www.sonoraenequipo.com.mx\/#website\",\"url\":\"https:\/\/www.sonoraenequipo.com.mx\/\",\"name\":\"Sonora en Equipo.\",\"description\":\"Diario en l\u00ednea con Noticias desde Hermosillo, Sonora\",\"publisher\":{\"@id\":\"https:\/\/www.sonoraenequipo.com.mx\/#organization\"},\"potentialAction\":[{\"@type\":\"SearchAction\",\"target\":{\"@type\":\"EntryPoint\",\"urlTemplate\":\"https:\/\/www.sonoraenequipo.com.mx\/?s={search_term_string}\"},\"query-input\":{\"@type\":\"PropertyValueSpecification\",\"valueRequired\":true,\"valueName\":\"search_term_string\"}}],\"inLanguage\":\"es\"},{\"@type\":\"Organization\",\"@id\":\"https:\/\/www.sonoraenequipo.com.mx\/#organization\",\"name\":\"Sonoraenequipo.com.mx\",\"url\":\"https:\/\/www.sonoraenequipo.com.mx\/\",\"logo\":{\"@type\":\"ImageObject\",\"inLanguage\":\"es\",\"@id\":\"https:\/\/www.sonoraenequipo.com.mx\/#\/schema\/logo\/image\/\",\"url\":\"https:\/\/www.sonoraenequipo.com.mx\/storage\/2019\/01\/sonoraenequipo_opt.png\",\"contentUrl\":\"https:\/\/www.sonoraenequipo.com.mx\/storage\/2019\/01\/sonoraenequipo_opt.png\",\"width\":375,\"height\":125,\"caption\":\"Sonoraenequipo.com.mx\"},\"image\":{\"@id\":\"https:\/\/www.sonoraenequipo.com.mx\/#\/schema\/logo\/image\/\"},\"sameAs\":[\"https:\/\/www.facebook.com\/SonoraEE\/\",\"https:\/\/x.com\/sonoraenequipo\",\"https:\/\/www.youtube.com\/channel\/UC338nW-lPEYmJQs4ZABQ1SQ\"]},{\"@type\":\"Person\",\"@id\":\"https:\/\/www.sonoraenequipo.com.mx\/#\/schema\/person\/50102df0fb23a8fa9e8effad8fa81386\",\"name\":\"enequipo\",\"image\":{\"@type\":\"ImageObject\",\"inLanguage\":\"es\",\"@id\":\"https:\/\/www.sonoraenequipo.com.mx\/#\/schema\/person\/image\/\",\"url\":\"https:\/\/secure.gravatar.com\/avatar\/049821681b589dabc0bc20695993ccebb09f5b5d4d790cd9251b97faac7c652b?s=96&d=blank&r=g\",\"contentUrl\":\"https:\/\/secure.gravatar.com\/avatar\/049821681b589dabc0bc20695993ccebb09f5b5d4d790cd9251b97faac7c652b?s=96&d=blank&r=g\",\"caption\":\"enequipo\"},\"sameAs\":[\"https:\/\/www.facebook.com\/SonoraEE\"]}]}<\/script>\n ","yoast_head_json":{"title":"Sonora en Equipo. Quita la escolta de Servicio Secreto Trump a Kamala Harris MUNDO","description":"WASHINGTON,ESTADOS UNIDOS. DEL NORTE DE AM\u00c9RICA. \u2014 Por ley, los vicepresidentes estadounidenses tienen derecho a seis meses de protecci\u00f3n del Servicio En Sonora en Equipo publicamos toda la informaci\u00f3n de Sonora, M\u00e9xico y el Mundo de manera oportuna y busca que la libertad de expresi\u00f3n sea real. Visita nuestro medio informativo publicado desde Hermosillo, Sonora. %","robots":{"index":"index","follow":"follow","max-snippet":"max-snippet:-1","max-image-preview":"max-image-preview:large","max-video-preview":"max-video-preview:-1"},"canonical":"https:\/\/www.sonoraenequipo.com.mx\/quita-la-escolta-de-servicio-secreto-trump-a-kamala-harris\/","og_locale":"es_ES","og_type":"article","og_title":"Sonora en Equipo. Quita la escolta de Servicio Secreto Trump a Kamala Harris MUNDO","og_description":"WASHINGTON,ESTADOS UNIDOS. DEL NORTE DE AM\u00c9RICA. \u2014 Por ley, los vicepresidentes estadounidenses tienen derecho a seis meses de protecci\u00f3n del Servicio En Sonora en Equipo publicamos toda la informaci\u00f3n de Sonora, M\u00e9xico y el Mundo de manera oportuna y busca que la libertad de expresi\u00f3n sea real. Visita nuestro medio informativo publicado desde Hermosillo, Sonora. %","og_url":"https:\/\/www.sonoraenequipo.com.mx\/quita-la-escolta-de-servicio-secreto-trump-a-kamala-harris\/","og_site_name":"Sonora en Equipo.","article_publisher":"https:\/\/www.facebook.com\/SonoraEE\/","article_author":"https:\/\/www.facebook.com\/SonoraEE","article_published_time":"2025-08-30T02:08:30+00:00","article_modified_time":"2025-08-30T02:10:30+00:00","og_image":[{"width":937,"height":577,"url":"https:\/\/www.sonoraenequipo.com.mx\/storage\/2025\/08\/quita-la-escolta-de-servicio-secreto-trump-a-kamala-harris-min.jpg","type":"image\/jpeg"}],"author":"enequipo","twitter_card":"summary_large_image","twitter_creator":"@sonoraenequipo","twitter_site":"@sonoraenequipo","twitter_misc":{"Escrito por":"enequipo","Tiempo de lectura":"2 minutos"},"schema":{"@context":"https:\/\/schema.org","@graph":[{"@type":"Article","@id":"https:\/\/www.sonoraenequipo.com.mx\/quita-la-escolta-de-servicio-secreto-trump-a-kamala-harris\/#article","isPartOf":{"@id":"https:\/\/www.sonoraenequipo.com.mx\/quita-la-escolta-de-servicio-secreto-trump-a-kamala-harris\/"},"author":{"name":"enequipo","@id":"https:\/\/www.sonoraenequipo.com.mx\/#\/schema\/person\/50102df0fb23a8fa9e8effad8fa81386"},"headline":"Quita la escolta de Servicio Secreto Trump a Kamala Harris","datePublished":"2025-08-30T02:08:30+00:00","dateModified":"2025-08-30T02:10:30+00:00","mainEntityOfPage":{"@id":"https:\/\/www.sonoraenequipo.com.mx\/quita-la-escolta-de-servicio-secreto-trump-a-kamala-harris\/"},"wordCount":371,"commentCount":0,"publisher":{"@id":"https:\/\/www.sonoraenequipo.com.mx\/#organization"},"image":{"@id":"https:\/\/www.sonoraenequipo.com.mx\/quita-la-escolta-de-servicio-secreto-trump-a-kamala-harris\/#primaryimage"},"thumbnailUrl":"https:\/\/www.sonoraenequipo.com.mx\/storage\/2025\/08\/quita-la-escolta-de-servicio-secreto-trump-a-kamala-harris-min.jpg","articleSection":["MUNDO"],"inLanguage":"es","potentialAction":[{"@type":"CommentAction","name":"Comment","target":["https:\/\/www.sonoraenequipo.com.mx\/quita-la-escolta-de-servicio-secreto-trump-a-kamala-harris\/#respond"]}]},{"@type":"WebPage","@id":"https:\/\/www.sonoraenequipo.com.mx\/quita-la-escolta-de-servicio-secreto-trump-a-kamala-harris\/","url":"https:\/\/www.sonoraenequipo.com.mx\/quita-la-escolta-de-servicio-secreto-trump-a-kamala-harris\/","name":"Sonora en Equipo. Quita la escolta de Servicio Secreto Trump a Kamala Harris MUNDO","isPartOf":{"@id":"https:\/\/www.sonoraenequipo.com.mx\/#website"},"primaryImageOfPage":{"@id":"https:\/\/www.sonoraenequipo.com.mx\/quita-la-escolta-de-servicio-secreto-trump-a-kamala-harris\/#primaryimage"},"image":{"@id":"https:\/\/www.sonoraenequipo.com.mx\/quita-la-escolta-de-servicio-secreto-trump-a-kamala-harris\/#primaryimage"},"thumbnailUrl":"https:\/\/www.sonoraenequipo.com.mx\/storage\/2025\/08\/quita-la-escolta-de-servicio-secreto-trump-a-kamala-harris-min.jpg","datePublished":"2025-08-30T02:08:30+00:00","dateModified":"2025-08-30T02:10:30+00:00","description":"WASHINGTON,ESTADOS UNIDOS. DEL NORTE DE AM\u00c9RICA. \u2014 Por ley, los vicepresidentes estadounidenses tienen derecho a seis meses de protecci\u00f3n del Servicio En Sonora en Equipo publicamos toda la informaci\u00f3n de Sonora, M\u00e9xico y el Mundo de manera oportuna y busca que la libertad de expresi\u00f3n sea real. Visita nuestro medio informativo publicado desde Hermosillo, Sonora. %","breadcrumb":{"@id":"https:\/\/www.sonoraenequipo.com.mx\/quita-la-escolta-de-servicio-secreto-trump-a-kamala-harris\/#breadcrumb"},"inLanguage":"es","potentialAction":[{"@type":"ReadAction","target":["https:\/\/www.sonoraenequipo.com.mx\/quita-la-escolta-de-servicio-secreto-trump-a-kamala-harris\/"]}]},{"@type":"ImageObject","inLanguage":"es","@id":"https:\/\/www.sonoraenequipo.com.mx\/quita-la-escolta-de-servicio-secreto-trump-a-kamala-harris\/#primaryimage","url":"https:\/\/www.sonoraenequipo.com.mx\/storage\/2025\/08\/quita-la-escolta-de-servicio-secreto-trump-a-kamala-harris-min.jpg","contentUrl":"https:\/\/www.sonoraenequipo.com.mx\/storage\/2025\/08\/quita-la-escolta-de-servicio-secreto-trump-a-kamala-harris-min.jpg","width":937,"height":577},{"@type":"BreadcrumbList","@id":"https:\/\/www.sonoraenequipo.com.mx\/quita-la-escolta-de-servicio-secreto-trump-a-kamala-harris\/#breadcrumb","itemListElement":[{"@type":"ListItem","position":1,"name":"Portada","item":"https:\/\/www.sonoraenequipo.com.mx\/"},{"@type":"ListItem","position":2,"name":"Quita la escolta de Servicio Secreto Trump a Kamala Harris"}]},{"@type":"WebSite","@id":"https:\/\/www.sonoraenequipo.com.mx\/#website","url":"https:\/\/www.sonoraenequipo.com.mx\/","name":"Sonora en Equipo.","description":"Diario en l\u00ednea con Noticias desde Hermosillo, Sonora","publisher":{"@id":"https:\/\/www.sonoraenequipo.com.mx\/#organization"},"potentialAction":[{"@type":"SearchAction","target":{"@type":"EntryPoint","urlTemplate":"https:\/\/www.sonoraenequipo.com.mx\/?s={search_term_string}"},"query-input":{"@type":"PropertyValueSpecification","valueRequired":true,"valueName":"search_term_string"}}],"inLanguage":"es"},{"@type":"Organization","@id":"https:\/\/www.sonoraenequipo.com.mx\/#organization","name":"Sonoraenequipo.com.mx","url":"https:\/\/www.sonoraenequipo.com.mx\/","logo":{"@type":"ImageObject","inLanguage":"es","@id":"https:\/\/www.sonoraenequipo.com.mx\/#\/schema\/logo\/image\/","url":"https:\/\/www.sonoraenequipo.com.mx\/storage\/2019\/01\/sonoraenequipo_opt.png","contentUrl":"https:\/\/www.sonoraenequipo.com.mx\/storage\/2019\/01\/sonoraenequipo_opt.png","width":375,"height":125,"caption":"Sonoraenequipo.com.mx"},"image":{"@id":"https:\/\/www.sonoraenequipo.com.mx\/#\/schema\/logo\/image\/"},"sameAs":["https:\/\/www.facebook.com\/SonoraEE\/","https:\/\/x.com\/sonoraenequipo","https:\/\/www.youtube.com\/channel\/UC338nW-lPEYmJQs4ZABQ1SQ"]},{"@type":"Person","@id":"https:\/\/www.sonoraenequipo.com.mx\/#\/schema\/person\/50102df0fb23a8fa9e8effad8fa81386","name":"enequipo","image":{"@type":"ImageObject","inLanguage":"es","@id":"https:\/\/www.sonoraenequipo.com.mx\/#\/schema\/person\/image\/","url":"https:\/\/secure.gravatar.com\/avatar\/049821681b589dabc0bc20695993ccebb09f5b5d4d790cd9251b97faac7c652b?s=96&d=blank&r=g","contentUrl":"https:\/\/secure.gravatar.com\/avatar\/049821681b589dabc0bc20695993ccebb09f5b5d4d790cd9251b97faac7c652b?s=96&d=blank&r=g","caption":"enequipo"},"sameAs":["https:\/\/www.facebook.com\/SonoraEE"]}]}},"jetpack_featured_media_url":"https:\/\/www.sonoraenequipo.com.mx\/storage\/2025\/08\/quita-la-escolta-de-servicio-secreto-trump-a-kamala-harris-min.jpg","_links":{"self":[{"href":"https:\/\/www.sonoraenequipo.com.mx\/api\/wp\/v2\/posts\/222614","targetHints":{"allow":["GET"]}}],"collection":[{"href":"https:\/\/www.sonoraenequipo.com.mx\/api\/wp\/v2\/posts"}],"about":[{"href":"https:\/\/www.sonoraenequipo.com.mx\/api\/wp\/v2\/types\/post"}],"author":[{"embeddable":true,"href":"https:\/\/www.sonoraenequipo.com.mx\/api\/wp\/v2\/users\/1"}],"replies":[{"embeddable":true,"href":"https:\/\/www.sonoraenequipo.com.mx\/api\/wp\/v2\/comments?post=222614"}],"version-history":[{"count":1,"href":"https:\/\/www.sonoraenequipo.com.mx\/api\/wp\/v2\/posts\/222614\/revisions"}],"predecessor-version":[{"id":222618,"href":"https:\/\/www.sonoraenequipo.com.mx\/api\/wp\/v2\/posts\/222614\/revisions\/222618"}],"wp:featuredmedia":[{"embeddable":true,"href":"https:\/\/www.sonoraenequipo.com.mx\/api\/wp\/v2\/media\/222615"}],"wp:attachment":[{"href":"https:\/\/www.sonoraenequipo.com.mx\/api\/wp\/v2\/media?parent=222614"}],"wp:term":[{"taxonomy":"category","embeddable":true,"href":"https:\/\/www.sonoraenequipo.com.mx\/api\/wp\/v2\/categories?post=222614"},{"taxonomy":"post_tag","embeddable":true,"href":"https:\/\/www.sonoraenequipo.com.mx\/api\/wp\/v2\/tags?post=222614"}],"curies":[{"name":"wp","href":"https:\/\/api.w.org\/{rel}","templated":true}]}}