{"id":222625,"date":"2025-08-29T08:10:17","date_gmt":"2025-08-29T15:10:17","guid":{"rendered":"https:\/\/www.sonoraenequipo.com.mx\/?p=222625"},"modified":"2025-08-29T19:57:10","modified_gmt":"2025-08-30T02:57:10","slug":"interpone-fernandez-norona-denuncia-penal-ante-fgr-tras-altercado-con-alito","status":"publish","type":"post","link":"https:\/\/www.sonoraenequipo.com.mx\/interpone-fernandez-norona-denuncia-penal-ante-fgr-tras-altercado-con-alito\/","title":{"rendered":"Interpone Fern\u00e1ndez Noro\u00f1a denuncia penal ante FGR tras altercado con Alito"},"content":{"rendered":"<p><strong>CIUDAD DE M\u00c9XICO. MX. \u2014<\/strong> El presidente de la Comisi\u00f3n Permanente del Congreso mexicano, Gerardo Fern\u00e1ndez Noro\u00f1a, inform\u00f3 este jueves que ya interpuso una denuncia penal ante la Fiscal\u00eda General de la Rep\u00fablica (FGR) tras el altercado en tribuna que termin\u00f3 en empujones y manotazos; adem\u00e1s, adelant\u00f3 que el \u00f3rgano legislativo discutir\u00e1 una resoluci\u00f3n para condenar la violencia en su contra.<\/p>\n<p>&nbsp;<\/p>\n<p>&nbsp;<\/p>\n<p>&nbsp;<\/p>\n<p>&nbsp;<\/p>\n<p> <\/p>\n<p>Fern\u00e1ndez Noro\u00f1a explic\u00f3 que tanto \u00e9l como el trabajador Emiliano Gonz\u00e1lez formalizaron la denuncia ante la FGR, debido a que las agresiones ocurrieron en un recinto federal y contra funcionarios p\u00fablicos, lo que configuran delitos graves.<\/p>\n<p>&nbsp;<\/p>\n<p>&nbsp;<\/p>\n<p>&nbsp;<\/p>\n<p>&nbsp;<\/p>\n<p>El senador Fern\u00e1ndez se\u00f1al\u00f3 que ser\u00e1 el Ministerio P\u00fablico Federal quien determine si decreta medidas precautorias de protecci\u00f3n y si existen elementos para un eventual desafuero.<\/p>\n<p>&nbsp;<\/p>\n<p>&nbsp;<\/p>\n<p>&nbsp;<\/p>\n<p>&nbsp;<\/p>\n<p><em><strong>\u201cYo espero que eso suceda, yo creo que nosotros no debemos dejar pasar un hecho tan grave, me parece que se sentar\u00eda un precedente muy delicado\u201d<\/strong><\/em>, declar\u00f3 el legislador oficialista.<\/p>\n<p>&nbsp;<\/p>\n<p>&nbsp;<\/p>\n<p>&nbsp;<\/p>\n<h3>Comisi\u00f3n Permanente discutir\u00e1 condena a la violencia<\/h3>\n<p>&nbsp;<\/p>\n<p>&nbsp;<\/p>\n<p>&nbsp;<\/p>\n<p>El parlamentario tambi\u00e9n anunci\u00f3 que la Comisi\u00f3n Permanente sesionar\u00e1 este viernes para discutir una resoluci\u00f3n que condene las agresiones sufridas por \u00e9l, por la diputada Dolores Padierna Luna y por Gonz\u00e1lez.<\/p>\n<p>&nbsp;<\/p>\n<p>&nbsp;<\/p>\n<p>&nbsp;<\/p>\n<p>Seg\u00fan relat\u00f3, seis legisladores subieron al pres\u00eddium durante la sesi\u00f3n, tres de los cuales ni siquiera forman parte de la Comisi\u00f3n Permanente, que sesiona durante el periodo de descanso de las C\u00e1maras de Diputados y Senadores.<\/p>\n<p>&nbsp;<\/p>\n<p>&nbsp;<\/p>\n<p>&nbsp;<\/p>\n<p><em><strong>\u201cMe copan, cierran el lado derecho, cierran el lado izquierdo, est\u00e1 clar\u00edsima la violencia, y luego Alejandro Moreno dice que \u00e9l es la v\u00edctima\u201d,<\/strong><\/em> expuso.<\/p>\n<p>&nbsp;<\/p>\n<p>&nbsp;<\/p>\n<p>&nbsp;<\/p>\n<p>El diputado subray\u00f3 que la agresi\u00f3n no tiene precedente en el Congreso mexicano y que los videos difundidos acreditan la orquestaci\u00f3n del ataque e insisti\u00f3 en que se trat\u00f3 de un acto coordinado con fines de provocaci\u00f3n.<\/p>\n<p>&nbsp;<\/p>\n<p>&nbsp;<\/p>\n<p>&nbsp;<\/p>\n<p>Los hechos ocurrieron al concluir la sesi\u00f3n del mi\u00e9rcoles, cuando un enfrentamiento entre legisladores deriv\u00f3 en empujones, gritos y golpes sobre el pres\u00eddium.<\/p>\n<p>&nbsp;<\/p>\n<p>&nbsp;<\/p>\n<p>&nbsp;<\/p>\n<p>En la trifulca tambi\u00e9n result\u00f3 afectada Dolores Padierna y se destruy\u00f3 un equipo de trabajo de Gonz\u00e1lez.<\/p>\n<p>&nbsp;<\/p>\n<p>&nbsp;<\/p>\n<p>&nbsp;<\/p>\n<p><em><strong>\u201cEs una cobard\u00eda que seis (legisladores) hayan subido a agredir al presidente de la c\u00e1mara. El cobarde soy yo, el que huy\u00f3 soy yo, dicen, pero no respond\u00ed a ninguna agresi\u00f3n\u201d<\/strong><\/em>, expres\u00f3 Fern\u00e1ndez Noro\u00f1a en un mensaje a los medios.<\/p>\n<p>&nbsp;<\/p>\n<p>&nbsp;<\/p>\n<p>&nbsp;<\/p>\n<p>El senador denunci\u00f3 adem\u00e1s que, pese a lo ocurrido, se notific\u00f3 que Alejandro Moreno C\u00e1rdenas acudir\u00e1 en sustituci\u00f3n de la senadora Carolina Viggiano a la pr\u00f3xima sesi\u00f3n de la Comisi\u00f3n Permanente.<\/p>\n<p>&nbsp;<\/p>\n<p>&nbsp;<\/p>\n<p>&nbsp;<\/p>\n<p>&nbsp;<\/p>\n<p><em><strong>\u201cAcabo de responderle, de si vendr\u00e1 a golpearme nuevamente, porque seg\u00fan los medios yo soy responsable de esa violencia\u201d,<\/strong><\/em> ironiz\u00f3 Fern\u00e1ndez Noro\u00f1a.<\/p>\n<p>&nbsp;<\/p>\n<p>&nbsp;<\/p>\n<p>&nbsp;<\/p>\n<p>&nbsp;<\/p>\n<p>El debate sobre las agresiones se trasladar\u00e1 al pleno de la Permanente, que deber\u00e1 pronunciarse formalmente sobre los hechos, mientras la Fiscal\u00eda analizar\u00e1 las denuncias para decidir las medidas precautorias y el curso de la investigaci\u00f3n penal.<\/p>\n<p>&nbsp;<\/p>\n<p>&nbsp;<\/p>\n<h3>No se quiso quedar atr\u00e1s y presenta denuncian el \u00abAlito\u00bb contra Fern\u00e1ndez Noro\u00f1a<\/h3>\n<p>&nbsp;<\/p>\n<p>La denuncia tambi\u00e9n fue interpuesta contra Emiliano Gonz\u00e1lez Gonz\u00e1lez por los delitos de amenazas y otros.<\/p>\n<p>&nbsp;<\/p>\n<p>&nbsp;<\/p>\n<p>El presidente del PRI, Alejandro \u2018Alito\u2019 Moreno C\u00e1rdenas, present\u00f3 ante la Fiscal\u00eda General de la Rep\u00fablica (FGR) una denuncia penal en contra del a\u00fan presidente de la Mesa Directiva del Senado, Gerardo Fern\u00e1ndez Noro\u00f1a.<\/p>\n<p>&nbsp;<\/p>\n<p>&nbsp;<\/p>\n<p>La denuncia tambi\u00e9n fue interpuesta contra Emiliano Gonz\u00e1lez Gonz\u00e1lez por los delitos de amenazas y otros.<\/p>\n<p>&nbsp;<\/p>\n<p>&nbsp;<\/p>\n<p>Dijo que el PRI seguir\u00e1 luchando con firmeza, en defensa de la democracia y de la libertad, para exhibir a quienes abusan del poder.<\/p>\n<p>&nbsp;<\/p>\n<p>&nbsp;<\/p>\n<p><em><strong>\u201cNo vamos a permitir que quienes ostentan un cargo p\u00fablico utilicen el poder para amenazar y tratar de callar voces opositoras. No nos van a intimidar. Vamos de frente, con valor, con la ley en la mano y defendiendo al pueblo de M\u00e9xico\u201d<\/strong><\/em>, afirm\u00f3.<\/p>\n<p>&nbsp;<\/p>\n<p>&nbsp;<\/p>\n<h3><strong>\u2018Alito\u2019 como \u00abLili\u00bb\u00a0 quieren m\u00e1s seguridad\u00a0<\/strong><\/h3>\n<p>&nbsp;<\/p>\n<p>El l\u00edder del PRI tambi\u00e9n present\u00f3 ante la Secretar\u00eda de Gobernaci\u00f3n (Segob) la solicitud formal de incorporaci\u00f3n al Mecanismo de Protecci\u00f3n por <em><strong>\u201camenazas directas por parte de Gerardo Fern\u00e1ndez Noro\u00f1a y Emiliano Gonz\u00e1lez Gonz\u00e1lez\u201d.<\/strong><\/em><\/p>\n<p>&nbsp;<\/p>\n<p>&nbsp;<\/p>\n<p>&nbsp;<\/p>\n<p><em><strong>\u201cEn defensa propia y en defensa de la democracia, acudimos a las instancias correspondientes frente a la intimidaci\u00f3n y la persecuci\u00f3n pol\u00edtica que el Estado mexicano ejerce contra quienes pensamos distinto\u201d<\/strong><\/em>, se\u00f1al\u00f3.<\/p>\n<p>&nbsp;<\/p>\n<p>&nbsp;<\/p>\n<p>Asimismo, afirm\u00f3 que no van a dar un paso atr\u00e1s ni a quedarse callados.<\/p>\n<p>&nbsp;<\/p>\n<p>&nbsp;<\/p>\n<p><em><strong>\u201cVamos a seguir denunciando los abusos del poder y luchando por un M\u00e9xico libre, democr\u00e1tico y de leyes\u201d,<\/strong><\/em> reiter\u00f3.<\/p>\n<p>&nbsp;<\/p>\n<p>&nbsp;<\/p>\n<p>&nbsp;<\/p>\n<p>PUBLICADO EL 29 DE AGOSTO DE 2025 Con informaci\u00f3n de METROPOLI)<\/p>\n","protected":false},"excerpt":{"rendered":"<p>CIUDAD DE M\u00c9XICO. MX. \u2014 El presidente de la Comisi\u00f3n Permanente del Congreso mexicano, Gerardo&#8230;<\/p>\n","protected":false},"author":1,"featured_media":222626,"comment_status":"open","ping_status":"open","sticky":false,"template":"","format":"standard","meta":{"_monsterinsights_skip_tracking":false,"_monsterinsights_sitenote_active":false,"_monsterinsights_sitenote_note":"","_monsterinsights_sitenote_category":0,"footnotes":""},"categories":[5],"tags":[],"class_list":["post"],"yoast_head":" \n<title>Sonora en Equipo. Interpone Fern\u00e1ndez Noro\u00f1a denuncia penal ante FGR tras altercado con Alito Rep\u00fablica<\/title>\n<meta name=\"description\" content=\"CIUDAD DE M\u00c9XICO. MX. \u2014 El presidente de la Comisi\u00f3n Permanente del Congreso mexicano, Gerardo Fern\u00e1ndez Noro\u00f1a, inform\u00f3 este jueves que ya interpuso una En Sonora en Equipo publicamos toda la informaci\u00f3n de Sonora, M\u00e9xico y el Mundo de manera oportuna y busca que la libertad de expresi\u00f3n sea real. Visita nuestro medio informativo publicado desde Hermosillo, Sonora. %\" \/>\n<meta name=\"robots\" content=\"index, follow, max-snippet:-1, max-image-preview:large, max-video-preview:-1\" \/>\n<link rel=\"canonical\" href=\"https:\/\/www.sonoraenequipo.com.mx\/interpone-fernandez-norona-denuncia-penal-ante-fgr-tras-altercado-con-alito\/\" \/>\n<meta property=\"og:locale\" content=\"es_ES\" \/>\n<meta property=\"og:type\" content=\"article\" \/>\n<meta property=\"og:title\" content=\"Sonora en Equipo. Interpone Fern\u00e1ndez Noro\u00f1a denuncia penal ante FGR tras altercado con Alito Rep\u00fablica\" \/>\n<meta property=\"og:description\" content=\"CIUDAD DE M\u00c9XICO. MX. \u2014 El presidente de la Comisi\u00f3n Permanente del Congreso mexicano, Gerardo Fern\u00e1ndez Noro\u00f1a, inform\u00f3 este jueves que ya interpuso una En Sonora en Equipo publicamos toda la informaci\u00f3n de Sonora, M\u00e9xico y el Mundo de manera oportuna y busca que la libertad de expresi\u00f3n sea real. Visita nuestro medio informativo publicado desde Hermosillo, Sonora. %\" \/>\n<meta property=\"og:url\" content=\"https:\/\/www.sonoraenequipo.com.mx\/interpone-fernandez-norona-denuncia-penal-ante-fgr-tras-altercado-con-alito\/\" \/>\n<meta property=\"og:site_name\" content=\"Sonora en Equipo.\" \/>\n<meta property=\"article:publisher\" content=\"https:\/\/www.facebook.com\/SonoraEE\/\" \/>\n<meta property=\"article:author\" content=\"https:\/\/www.facebook.com\/SonoraEE\" \/>\n<meta property=\"article:published_time\" content=\"2025-08-29T15:10:17+00:00\" \/>\n<meta property=\"article:modified_time\" content=\"2025-08-30T02:57:10+00:00\" \/>\n<meta property=\"og:image\" content=\"https:\/\/www.sonoraenequipo.com.mx\/storage\/2025\/08\/alito-agrede-a-presidente-Norona-en-la-permante-min.jpg\" \/>\n\t<meta property=\"og:image:width\" content=\"1000\" \/>\n\t<meta property=\"og:image:height\" content=\"580\" \/>\n\t<meta property=\"og:image:type\" content=\"image\/jpeg\" \/>\n<meta name=\"author\" content=\"enequipo\" \/>\n<meta name=\"twitter:card\" content=\"summary_large_image\" \/>\n<meta name=\"twitter:creator\" content=\"@sonoraenequipo\" \/>\n<meta name=\"twitter:site\" content=\"@sonoraenequipo\" \/>\n<meta name=\"twitter:label1\" content=\"Escrito por\" \/>\n\t<meta name=\"twitter:data1\" content=\"enequipo\" \/>\n\t<meta name=\"twitter:label2\" content=\"Tiempo de lectura\" \/>\n\t<meta name=\"twitter:data2\" content=\"4 minutos\" \/>\n<script type=\"application\/ld+json\" class=\"yoast-schema-graph\">{\"@context\":\"https:\/\/schema.org\",\"@graph\":[{\"@type\":\"Article\",\"@id\":\"https:\/\/www.sonoraenequipo.com.mx\/interpone-fernandez-norona-denuncia-penal-ante-fgr-tras-altercado-con-alito\/#article\",\"isPartOf\":{\"@id\":\"https:\/\/www.sonoraenequipo.com.mx\/interpone-fernandez-norona-denuncia-penal-ante-fgr-tras-altercado-con-alito\/\"},\"author\":{\"name\":\"enequipo\",\"@id\":\"https:\/\/www.sonoraenequipo.com.mx\/#\/schema\/person\/50102df0fb23a8fa9e8effad8fa81386\"},\"headline\":\"Interpone Fern\u00e1ndez Noro\u00f1a denuncia penal ante FGR tras altercado con Alito\",\"datePublished\":\"2025-08-29T15:10:17+00:00\",\"dateModified\":\"2025-08-30T02:57:10+00:00\",\"mainEntityOfPage\":{\"@id\":\"https:\/\/www.sonoraenequipo.com.mx\/interpone-fernandez-norona-denuncia-penal-ante-fgr-tras-altercado-con-alito\/\"},\"wordCount\":892,\"commentCount\":0,\"publisher\":{\"@id\":\"https:\/\/www.sonoraenequipo.com.mx\/#organization\"},\"image\":{\"@id\":\"https:\/\/www.sonoraenequipo.com.mx\/interpone-fernandez-norona-denuncia-penal-ante-fgr-tras-altercado-con-alito\/#primaryimage\"},\"thumbnailUrl\":\"https:\/\/www.sonoraenequipo.com.mx\/storage\/2025\/08\/alito-agrede-a-presidente-Norona-en-la-permante-min.jpg\",\"articleSection\":[\"Rep\u00fablica\"],\"inLanguage\":\"es\",\"potentialAction\":[{\"@type\":\"CommentAction\",\"name\":\"Comment\",\"target\":[\"https:\/\/www.sonoraenequipo.com.mx\/interpone-fernandez-norona-denuncia-penal-ante-fgr-tras-altercado-con-alito\/#respond\"]}]},{\"@type\":\"WebPage\",\"@id\":\"https:\/\/www.sonoraenequipo.com.mx\/interpone-fernandez-norona-denuncia-penal-ante-fgr-tras-altercado-con-alito\/\",\"url\":\"https:\/\/www.sonoraenequipo.com.mx\/interpone-fernandez-norona-denuncia-penal-ante-fgr-tras-altercado-con-alito\/\",\"name\":\"Sonora en Equipo. Interpone Fern\u00e1ndez Noro\u00f1a denuncia penal ante FGR tras altercado con Alito Rep\u00fablica\",\"isPartOf\":{\"@id\":\"https:\/\/www.sonoraenequipo.com.mx\/#website\"},\"primaryImageOfPage\":{\"@id\":\"https:\/\/www.sonoraenequipo.com.mx\/interpone-fernandez-norona-denuncia-penal-ante-fgr-tras-altercado-con-alito\/#primaryimage\"},\"image\":{\"@id\":\"https:\/\/www.sonoraenequipo.com.mx\/interpone-fernandez-norona-denuncia-penal-ante-fgr-tras-altercado-con-alito\/#primaryimage\"},\"thumbnailUrl\":\"https:\/\/www.sonoraenequipo.com.mx\/storage\/2025\/08\/alito-agrede-a-presidente-Norona-en-la-permante-min.jpg\",\"datePublished\":\"2025-08-29T15:10:17+00:00\",\"dateModified\":\"2025-08-30T02:57:10+00:00\",\"description\":\"CIUDAD DE M\u00c9XICO. MX. \u2014 El presidente de la Comisi\u00f3n Permanente del Congreso mexicano, Gerardo Fern\u00e1ndez Noro\u00f1a, inform\u00f3 este jueves que ya interpuso una En Sonora en Equipo publicamos toda la informaci\u00f3n de Sonora, M\u00e9xico y el Mundo de manera oportuna y busca que la libertad de expresi\u00f3n sea real. Visita nuestro medio informativo publicado desde Hermosillo, Sonora. %\",\"breadcrumb\":{\"@id\":\"https:\/\/www.sonoraenequipo.com.mx\/interpone-fernandez-norona-denuncia-penal-ante-fgr-tras-altercado-con-alito\/#breadcrumb\"},\"inLanguage\":\"es\",\"potentialAction\":[{\"@type\":\"ReadAction\",\"target\":[\"https:\/\/www.sonoraenequipo.com.mx\/interpone-fernandez-norona-denuncia-penal-ante-fgr-tras-altercado-con-alito\/\"]}]},{\"@type\":\"ImageObject\",\"inLanguage\":\"es\",\"@id\":\"https:\/\/www.sonoraenequipo.com.mx\/interpone-fernandez-norona-denuncia-penal-ante-fgr-tras-altercado-con-alito\/#primaryimage\",\"url\":\"https:\/\/www.sonoraenequipo.com.mx\/storage\/2025\/08\/alito-agrede-a-presidente-Norona-en-la-permante-min.jpg\",\"contentUrl\":\"https:\/\/www.sonoraenequipo.com.mx\/storage\/2025\/08\/alito-agrede-a-presidente-Norona-en-la-permante-min.jpg\",\"width\":1000,\"height\":580},{\"@type\":\"BreadcrumbList\",\"@id\":\"https:\/\/www.sonoraenequipo.com.mx\/interpone-fernandez-norona-denuncia-penal-ante-fgr-tras-altercado-con-alito\/#breadcrumb\",\"itemListElement\":[{\"@type\":\"ListItem\",\"position\":1,\"name\":\"Portada\",\"item\":\"https:\/\/www.sonoraenequipo.com.mx\/\"},{\"@type\":\"ListItem\",\"position\":2,\"name\":\"Interpone Fern\u00e1ndez Noro\u00f1a denuncia penal ante FGR tras altercado con Alito\"}]},{\"@type\":\"WebSite\",\"@id\":\"https:\/\/www.sonoraenequipo.com.mx\/#website\",\"url\":\"https:\/\/www.sonoraenequipo.com.mx\/\",\"name\":\"Sonora en Equipo.\",\"description\":\"Diario en l\u00ednea con Noticias desde Hermosillo, Sonora\",\"publisher\":{\"@id\":\"https:\/\/www.sonoraenequipo.com.mx\/#organization\"},\"potentialAction\":[{\"@type\":\"SearchAction\",\"target\":{\"@type\":\"EntryPoint\",\"urlTemplate\":\"https:\/\/www.sonoraenequipo.com.mx\/?s={search_term_string}\"},\"query-input\":{\"@type\":\"PropertyValueSpecification\",\"valueRequired\":true,\"valueName\":\"search_term_string\"}}],\"inLanguage\":\"es\"},{\"@type\":\"Organization\",\"@id\":\"https:\/\/www.sonoraenequipo.com.mx\/#organization\",\"name\":\"Sonoraenequipo.com.mx\",\"url\":\"https:\/\/www.sonoraenequipo.com.mx\/\",\"logo\":{\"@type\":\"ImageObject\",\"inLanguage\":\"es\",\"@id\":\"https:\/\/www.sonoraenequipo.com.mx\/#\/schema\/logo\/image\/\",\"url\":\"https:\/\/www.sonoraenequipo.com.mx\/storage\/2019\/01\/sonoraenequipo_opt.png\",\"contentUrl\":\"https:\/\/www.sonoraenequipo.com.mx\/storage\/2019\/01\/sonoraenequipo_opt.png\",\"width\":375,\"height\":125,\"caption\":\"Sonoraenequipo.com.mx\"},\"image\":{\"@id\":\"https:\/\/www.sonoraenequipo.com.mx\/#\/schema\/logo\/image\/\"},\"sameAs\":[\"https:\/\/www.facebook.com\/SonoraEE\/\",\"https:\/\/x.com\/sonoraenequipo\",\"https:\/\/www.youtube.com\/channel\/UC338nW-lPEYmJQs4ZABQ1SQ\"]},{\"@type\":\"Person\",\"@id\":\"https:\/\/www.sonoraenequipo.com.mx\/#\/schema\/person\/50102df0fb23a8fa9e8effad8fa81386\",\"name\":\"enequipo\",\"image\":{\"@type\":\"ImageObject\",\"inLanguage\":\"es\",\"@id\":\"https:\/\/www.sonoraenequipo.com.mx\/#\/schema\/person\/image\/\",\"url\":\"https:\/\/secure.gravatar.com\/avatar\/049821681b589dabc0bc20695993ccebb09f5b5d4d790cd9251b97faac7c652b?s=96&d=blank&r=g\",\"contentUrl\":\"https:\/\/secure.gravatar.com\/avatar\/049821681b589dabc0bc20695993ccebb09f5b5d4d790cd9251b97faac7c652b?s=96&d=blank&r=g\",\"caption\":\"enequipo\"},\"sameAs\":[\"https:\/\/www.facebook.com\/SonoraEE\"]}]}<\/script>\n ","yoast_head_json":{"title":"Sonora en Equipo. Interpone Fern\u00e1ndez Noro\u00f1a denuncia penal ante FGR tras altercado con Alito Rep\u00fablica","description":"CIUDAD DE M\u00c9XICO. MX. \u2014 El presidente de la Comisi\u00f3n Permanente del Congreso mexicano, Gerardo Fern\u00e1ndez Noro\u00f1a, inform\u00f3 este jueves que ya interpuso una En Sonora en Equipo publicamos toda la informaci\u00f3n de Sonora, M\u00e9xico y el Mundo de manera oportuna y busca que la libertad de expresi\u00f3n sea real. Visita nuestro medio informativo publicado desde Hermosillo, Sonora. %","robots":{"index":"index","follow":"follow","max-snippet":"max-snippet:-1","max-image-preview":"max-image-preview:large","max-video-preview":"max-video-preview:-1"},"canonical":"https:\/\/www.sonoraenequipo.com.mx\/interpone-fernandez-norona-denuncia-penal-ante-fgr-tras-altercado-con-alito\/","og_locale":"es_ES","og_type":"article","og_title":"Sonora en Equipo. Interpone Fern\u00e1ndez Noro\u00f1a denuncia penal ante FGR tras altercado con Alito Rep\u00fablica","og_description":"CIUDAD DE M\u00c9XICO. MX. \u2014 El presidente de la Comisi\u00f3n Permanente del Congreso mexicano, Gerardo Fern\u00e1ndez Noro\u00f1a, inform\u00f3 este jueves que ya interpuso una En Sonora en Equipo publicamos toda la informaci\u00f3n de Sonora, M\u00e9xico y el Mundo de manera oportuna y busca que la libertad de expresi\u00f3n sea real. Visita nuestro medio informativo publicado desde Hermosillo, Sonora. %","og_url":"https:\/\/www.sonoraenequipo.com.mx\/interpone-fernandez-norona-denuncia-penal-ante-fgr-tras-altercado-con-alito\/","og_site_name":"Sonora en Equipo.","article_publisher":"https:\/\/www.facebook.com\/SonoraEE\/","article_author":"https:\/\/www.facebook.com\/SonoraEE","article_published_time":"2025-08-29T15:10:17+00:00","article_modified_time":"2025-08-30T02:57:10+00:00","og_image":[{"width":1000,"height":580,"url":"https:\/\/www.sonoraenequipo.com.mx\/storage\/2025\/08\/alito-agrede-a-presidente-Norona-en-la-permante-min.jpg","type":"image\/jpeg"}],"author":"enequipo","twitter_card":"summary_large_image","twitter_creator":"@sonoraenequipo","twitter_site":"@sonoraenequipo","twitter_misc":{"Escrito por":"enequipo","Tiempo de lectura":"4 minutos"},"schema":{"@context":"https:\/\/schema.org","@graph":[{"@type":"Article","@id":"https:\/\/www.sonoraenequipo.com.mx\/interpone-fernandez-norona-denuncia-penal-ante-fgr-tras-altercado-con-alito\/#article","isPartOf":{"@id":"https:\/\/www.sonoraenequipo.com.mx\/interpone-fernandez-norona-denuncia-penal-ante-fgr-tras-altercado-con-alito\/"},"author":{"name":"enequipo","@id":"https:\/\/www.sonoraenequipo.com.mx\/#\/schema\/person\/50102df0fb23a8fa9e8effad8fa81386"},"headline":"Interpone Fern\u00e1ndez Noro\u00f1a denuncia penal ante FGR tras altercado con Alito","datePublished":"2025-08-29T15:10:17+00:00","dateModified":"2025-08-30T02:57:10+00:00","mainEntityOfPage":{"@id":"https:\/\/www.sonoraenequipo.com.mx\/interpone-fernandez-norona-denuncia-penal-ante-fgr-tras-altercado-con-alito\/"},"wordCount":892,"commentCount":0,"publisher":{"@id":"https:\/\/www.sonoraenequipo.com.mx\/#organization"},"image":{"@id":"https:\/\/www.sonoraenequipo.com.mx\/interpone-fernandez-norona-denuncia-penal-ante-fgr-tras-altercado-con-alito\/#primaryimage"},"thumbnailUrl":"https:\/\/www.sonoraenequipo.com.mx\/storage\/2025\/08\/alito-agrede-a-presidente-Norona-en-la-permante-min.jpg","articleSection":["Rep\u00fablica"],"inLanguage":"es","potentialAction":[{"@type":"CommentAction","name":"Comment","target":["https:\/\/www.sonoraenequipo.com.mx\/interpone-fernandez-norona-denuncia-penal-ante-fgr-tras-altercado-con-alito\/#respond"]}]},{"@type":"WebPage","@id":"https:\/\/www.sonoraenequipo.com.mx\/interpone-fernandez-norona-denuncia-penal-ante-fgr-tras-altercado-con-alito\/","url":"https:\/\/www.sonoraenequipo.com.mx\/interpone-fernandez-norona-denuncia-penal-ante-fgr-tras-altercado-con-alito\/","name":"Sonora en Equipo. Interpone Fern\u00e1ndez Noro\u00f1a denuncia penal ante FGR tras altercado con Alito Rep\u00fablica","isPartOf":{"@id":"https:\/\/www.sonoraenequipo.com.mx\/#website"},"primaryImageOfPage":{"@id":"https:\/\/www.sonoraenequipo.com.mx\/interpone-fernandez-norona-denuncia-penal-ante-fgr-tras-altercado-con-alito\/#primaryimage"},"image":{"@id":"https:\/\/www.sonoraenequipo.com.mx\/interpone-fernandez-norona-denuncia-penal-ante-fgr-tras-altercado-con-alito\/#primaryimage"},"thumbnailUrl":"https:\/\/www.sonoraenequipo.com.mx\/storage\/2025\/08\/alito-agrede-a-presidente-Norona-en-la-permante-min.jpg","datePublished":"2025-08-29T15:10:17+00:00","dateModified":"2025-08-30T02:57:10+00:00","description":"CIUDAD DE M\u00c9XICO. MX. \u2014 El presidente de la Comisi\u00f3n Permanente del Congreso mexicano, Gerardo Fern\u00e1ndez Noro\u00f1a, inform\u00f3 este jueves que ya interpuso una En Sonora en Equipo publicamos toda la informaci\u00f3n de Sonora, M\u00e9xico y el Mundo de manera oportuna y busca que la libertad de expresi\u00f3n sea real. Visita nuestro medio informativo publicado desde Hermosillo, Sonora. %","breadcrumb":{"@id":"https:\/\/www.sonoraenequipo.com.mx\/interpone-fernandez-norona-denuncia-penal-ante-fgr-tras-altercado-con-alito\/#breadcrumb"},"inLanguage":"es","potentialAction":[{"@type":"ReadAction","target":["https:\/\/www.sonoraenequipo.com.mx\/interpone-fernandez-norona-denuncia-penal-ante-fgr-tras-altercado-con-alito\/"]}]},{"@type":"ImageObject","inLanguage":"es","@id":"https:\/\/www.sonoraenequipo.com.mx\/interpone-fernandez-norona-denuncia-penal-ante-fgr-tras-altercado-con-alito\/#primaryimage","url":"https:\/\/www.sonoraenequipo.com.mx\/storage\/2025\/08\/alito-agrede-a-presidente-Norona-en-la-permante-min.jpg","contentUrl":"https:\/\/www.sonoraenequipo.com.mx\/storage\/2025\/08\/alito-agrede-a-presidente-Norona-en-la-permante-min.jpg","width":1000,"height":580},{"@type":"BreadcrumbList","@id":"https:\/\/www.sonoraenequipo.com.mx\/interpone-fernandez-norona-denuncia-penal-ante-fgr-tras-altercado-con-alito\/#breadcrumb","itemListElement":[{"@type":"ListItem","position":1,"name":"Portada","item":"https:\/\/www.sonoraenequipo.com.mx\/"},{"@type":"ListItem","position":2,"name":"Interpone Fern\u00e1ndez Noro\u00f1a denuncia penal ante FGR tras altercado con Alito"}]},{"@type":"WebSite","@id":"https:\/\/www.sonoraenequipo.com.mx\/#website","url":"https:\/\/www.sonoraenequipo.com.mx\/","name":"Sonora en Equipo.","description":"Diario en l\u00ednea con Noticias desde Hermosillo, Sonora","publisher":{"@id":"https:\/\/www.sonoraenequipo.com.mx\/#organization"},"potentialAction":[{"@type":"SearchAction","target":{"@type":"EntryPoint","urlTemplate":"https:\/\/www.sonoraenequipo.com.mx\/?s={search_term_string}"},"query-input":{"@type":"PropertyValueSpecification","valueRequired":true,"valueName":"search_term_string"}}],"inLanguage":"es"},{"@type":"Organization","@id":"https:\/\/www.sonoraenequipo.com.mx\/#organization","name":"Sonoraenequipo.com.mx","url":"https:\/\/www.sonoraenequipo.com.mx\/","logo":{"@type":"ImageObject","inLanguage":"es","@id":"https:\/\/www.sonoraenequipo.com.mx\/#\/schema\/logo\/image\/","url":"https:\/\/www.sonoraenequipo.com.mx\/storage\/2019\/01\/sonoraenequipo_opt.png","contentUrl":"https:\/\/www.sonoraenequipo.com.mx\/storage\/2019\/01\/sonoraenequipo_opt.png","width":375,"height":125,"caption":"Sonoraenequipo.com.mx"},"image":{"@id":"https:\/\/www.sonoraenequipo.com.mx\/#\/schema\/logo\/image\/"},"sameAs":["https:\/\/www.facebook.com\/SonoraEE\/","https:\/\/x.com\/sonoraenequipo","https:\/\/www.youtube.com\/channel\/UC338nW-lPEYmJQs4ZABQ1SQ"]},{"@type":"Person","@id":"https:\/\/www.sonoraenequipo.com.mx\/#\/schema\/person\/50102df0fb23a8fa9e8effad8fa81386","name":"enequipo","image":{"@type":"ImageObject","inLanguage":"es","@id":"https:\/\/www.sonoraenequipo.com.mx\/#\/schema\/person\/image\/","url":"https:\/\/secure.gravatar.com\/avatar\/049821681b589dabc0bc20695993ccebb09f5b5d4d790cd9251b97faac7c652b?s=96&d=blank&r=g","contentUrl":"https:\/\/secure.gravatar.com\/avatar\/049821681b589dabc0bc20695993ccebb09f5b5d4d790cd9251b97faac7c652b?s=96&d=blank&r=g","caption":"enequipo"},"sameAs":["https:\/\/www.facebook.com\/SonoraEE"]}]}},"jetpack_featured_media_url":"https:\/\/www.sonoraenequipo.com.mx\/storage\/2025\/08\/alito-agrede-a-presidente-Norona-en-la-permante-min.jpg","_links":{"self":[{"href":"https:\/\/www.sonoraenequipo.com.mx\/api\/wp\/v2\/posts\/222625","targetHints":{"allow":["GET"]}}],"collection":[{"href":"https:\/\/www.sonoraenequipo.com.mx\/api\/wp\/v2\/posts"}],"about":[{"href":"https:\/\/www.sonoraenequipo.com.mx\/api\/wp\/v2\/types\/post"}],"author":[{"embeddable":true,"href":"https:\/\/www.sonoraenequipo.com.mx\/api\/wp\/v2\/users\/1"}],"replies":[{"embeddable":true,"href":"https:\/\/www.sonoraenequipo.com.mx\/api\/wp\/v2\/comments?post=222625"}],"version-history":[{"count":2,"href":"https:\/\/www.sonoraenequipo.com.mx\/api\/wp\/v2\/posts\/222625\/revisions"}],"predecessor-version":[{"id":222628,"href":"https:\/\/www.sonoraenequipo.com.mx\/api\/wp\/v2\/posts\/222625\/revisions\/222628"}],"wp:featuredmedia":[{"embeddable":true,"href":"https:\/\/www.sonoraenequipo.com.mx\/api\/wp\/v2\/media\/222626"}],"wp:attachment":[{"href":"https:\/\/www.sonoraenequipo.com.mx\/api\/wp\/v2\/media?parent=222625"}],"wp:term":[{"taxonomy":"category","embeddable":true,"href":"https:\/\/www.sonoraenequipo.com.mx\/api\/wp\/v2\/categories?post=222625"},{"taxonomy":"post_tag","embeddable":true,"href":"https:\/\/www.sonoraenequipo.com.mx\/api\/wp\/v2\/tags?post=222625"}],"curies":[{"name":"wp","href":"https:\/\/api.w.org\/{rel}","templated":true}]}}