{"id":222631,"date":"2025-08-29T22:35:53","date_gmt":"2025-08-30T05:35:53","guid":{"rendered":"https:\/\/www.sonoraenequipo.com.mx\/?p=222631"},"modified":"2025-08-30T09:18:03","modified_gmt":"2025-08-30T16:18:03","slug":"bomberos-que-combatian-incendio-en-washington-son-arrestados-por-agentes-migratorios","status":"publish","type":"post","link":"https:\/\/www.sonoraenequipo.com.mx\/bomberos-que-combatian-incendio-en-washington-son-arrestados-por-agentes-migratorios\/","title":{"rendered":"Bomberos que combat\u00edan incendio en Washington son arrestados por agentes migratorios"},"content":{"rendered":"<p><strong>WASHINGTON, ESTADOS UNIDOS DEL NORTE DE AM\u00c9RICA. \u2014<\/strong> Autoridades federales informaron que dos bomberos fueron detenidos por agentes de la Patrulla Fronteriza como parte de una investigaci\u00f3n criminal de m\u00faltiples agencias en torno a dos contratistas que hab\u00edan proporcionado un equipo de 44 personas para ayudar a combatir un incendio forestal en el estado de Washington.<\/p>\n<p>&nbsp;<\/p>\n<p>&nbsp;<\/p>\n<p>&nbsp;<\/p>\n<p>&nbsp;<\/p>\n<p> <\/p>\n<p>La Oficina de Administraci\u00f3n de Tierras (BLM por sus iniciales en ingl\u00e9s) le solicit\u00f3 a la Patrulla Fronteriza que ayudara a verificar la identidad de los trabajadores el mi\u00e9rcoles, cuando las cuadrillas trabajaban en una zona remota, indicaron el Departamento de Seguridad Nacional (DHS por sus iniciales en ingl\u00e9s) y la Patrulla Fronteriza en un comunicado.<\/p>\n<p>&nbsp;<\/p>\n<p>&nbsp;<\/p>\n<p>&nbsp;<\/p>\n<p>&nbsp;<\/p>\n<p>Los agentes de la Patrulla Fronteriza encontraron a dos trabajadores que se encontraban sin autorizaci\u00f3n legal en Estados Unidos y los detuvieron, informaron las agencias.<\/p>\n<p>&nbsp;<\/p>\n<p>&nbsp;<\/p>\n<p>&nbsp;<\/p>\n<p>Las autoridades federales no proporcionaron informaci\u00f3n sobre la investigaci\u00f3n de los contratistas y no respondieron de momento a preguntas sobre el caso penal.<\/p>\n<p>&nbsp;<\/p>\n<p>&nbsp;<\/p>\n<p>&nbsp;<\/p>\n<p>&nbsp;<\/p>\n<p>La BLM rescindi\u00f3 sus contratos con Table Rock Forestry Inc. y ASI Arden Solutions Inc. \u2014ambas con sede en Oregon\u2014 y retir\u00f3 a los 42 trabajadores de las tierras federales, seg\u00fan el comunicado. Los dos arrestados fueron trasladados a la estaci\u00f3n de Bellingham bajo cargos de entrada y reingreso ilegal, subrayaron las autoridades.<\/p>\n<p>&nbsp;<\/p>\n<p>&nbsp;<\/p>\n<p>&nbsp;<\/p>\n<p>Ninguna de las compa\u00f1\u00edas respondi\u00f3 el jueves a mensajes en busca de comentarios.<\/p>\n<p>&nbsp;<\/p>\n<p>&nbsp;<\/p>\n<p>&nbsp;<\/p>\n<p>Los reportes iniciales que indicaban que los agentes federales hab\u00edan arrestado a bomberos desataron la indignaci\u00f3n de la senadora Patty Murray. Varios bomberos que presenciaron el incidente dijeron al The Seattle Times bajo condici\u00f3n de anonimato que los agentes federales detuvieron a los dos bomberos.<\/p>\n<p>&nbsp;<\/p>\n<p>&nbsp;<\/p>\n<p>&nbsp;<\/p>\n<p>&nbsp;<\/p>\n<p>Murray respondi\u00f3 a la noticia el jueves, diciendo que el gobierno del presidente Donald Trump ha socavado la lucha contra incendios forestales al \u201cd<em><strong>iezmar el Servicio Forestal\u201d<\/strong> <\/em>y que su pol\u00edtica de migraci\u00f3n<strong><em> \u201ces fundamentalmente enfermiza\u201d.<\/em><\/strong><\/p>\n<p>&nbsp;<\/p>\n<p>&nbsp;<\/p>\n<p>&nbsp;<\/p>\n<p><em><strong>\u201cAqu\u00ed, en el noroeste, los incendios forestales pueden y han arrasado con pueblos enteros\u201d,<\/strong> <\/em>expres\u00f3 la dem\u00f3crata en un comunicado. <em><strong>\u201cEsta nueva pol\u00edtica republicana de detener a los bomberos en el trabajo es tan inmoral como peligrosa\u201d.<\/strong><\/em><\/p>\n<p>&nbsp;<\/p>\n<p>&nbsp;<\/p>\n<p>&nbsp;<\/p>\n<p>&nbsp;<\/p>\n<p>La directora de la Patrulla Fronteriza para el sector de Blaine, Rosario V\u00e1squez, dijo en un comunicado que las acciones destacan la coordinaci\u00f3n entre agencias federales para garantizar la integridad de las operaciones del gobierno.<\/p>\n<p>&nbsp;<\/p>\n<p>&nbsp;<\/p>\n<p>&nbsp;<\/p>\n<p><em><strong>\u201cLa Patrulla Fronteriza de Estados Unidos aplica las leyes federales de manera decidida y aborta las violaciones a las leyes de migraci\u00f3n, siempre que sea el caso\u201d,<\/strong> <\/em>declar\u00f3 V\u00e1squez.<\/p>\n<p>&nbsp;<\/p>\n<p>&nbsp;<\/p>\n<p>&nbsp;<\/p>\n<p>Los bomberos combat\u00edan un incendio que ya consumi\u00f3 unos 36 kil\u00f3metros cuadrados en el lado norte del lago Cushman en el Bosque Nacional Olympic, el cual estaba contenido en un 13% el jueves.<\/p>\n<p>&nbsp;<\/p>\n<p>&nbsp;<\/p>\n<p>&nbsp;<\/p>\n<p>El senador de Oregon Ron Wyden public\u00f3 en la red social X que uno de los bomberos arrestados era residente del estado y su oficina estaba trabajando para encontrarlo. El hombre cuenta con la representaci\u00f3n de abogados de la organizaci\u00f3n sin fines de lucro Innovation Law Lab y no han podido localizarlo.<\/p>\n<p>&nbsp;<\/p>\n<p>&nbsp;<\/p>\n<p>&nbsp;<\/p>\n<p>&nbsp;<\/p>\n<p>El gobernador de Washington, Bob Ferguson, dijo que estaba <em><strong>\u201csumamente preocupado\u201d<\/strong> <\/em>por la noticia, a\u00f1adiendo que los bomberos ayudan a mantener seguras a las comunidades. A\u00f1adi\u00f3 que su equipo se ha puesto en contacto con las agencias federales para obtener m\u00e1s informaci\u00f3n y <strong><em>\u201ccuestionar por qu\u00e9 las crueles pol\u00edticas de migraci\u00f3n del gobierno federal se extienden ahora a individuos que combaten incendios forestales\u201d.<\/em><\/strong><\/p>\n<p>&nbsp;<\/p>\n<p>&nbsp;<\/p>\n<p>&nbsp;<\/p>\n<p>Jennifer Risdal, portavoz del Equipo de Manejo de Incidentes del Servicio Forestal de Estados Unidos que supervisa los esfuerzos de extinci\u00f3n de incendios, dijo que estaban al tanto de las actividades de la Patrulla Fronteriza en el lugar del incendio, pero no ofreci\u00f3 informaci\u00f3n sobre lo sucedido.<\/p>\n<p>&nbsp;<\/p>\n<p>&nbsp;<\/p>\n<p>&nbsp;<\/p>\n<p>&nbsp;<\/p>\n<p><em><strong>\u201cLa operaci\u00f3n de la Patrulla Fronteriza no interfiere con la actividad de extinci\u00f3n de incendios y los bomberos de Bear Gulch contin\u00faan avanzando en el control del incendio\u201d,<\/strong><\/em> dijo Risdal en un correo electr\u00f3nico a The Associated Press.<\/p>\n<p>&nbsp;<\/p>\n<p>&nbsp;<\/p>\n<p>&nbsp;<\/p>\n<p>En el primer mandato de Trump, el DHS emiti\u00f3 un comunicado durante la temporada de incendios forestales de 2020 diciendo que la Oficina de Aduanas y Protecci\u00f3n Fronteriza de Estados Unidos (CBP por sus iniciales en ingl\u00e9s) y el Servicio de Migraci\u00f3n y Control de Aduanas (ICE por sus iniciales en ingl\u00e9s) estaban preocupados por el impacto que los incendios podr\u00edan tener en los estados del oeste y que su m\u00e1xima prioridad era<em><strong> \u201cla preservaci\u00f3n de la vida y la seguridad\u201d.<\/strong><\/em><\/p>\n<p>&nbsp;<\/p>\n<p>&nbsp;<\/p>\n<p>&nbsp;<\/p>\n<p><em><strong>\u201cEn consideraci\u00f3n a estas circunstancias, no habr\u00e1 iniciativas de aplicaci\u00f3n de la ley de inmigraci\u00f3n asociadas con evacuaciones o refugios relacionados con los incendios forestales, excepto en caso de una grave amenaza a la seguridad p\u00fablica\u201d,<\/strong> <\/em>dec\u00eda el comunicado.<\/p>\n<p>&nbsp;<\/p>\n<p>&nbsp;<\/p>\n<p>&nbsp;<\/p>\n<p>El Comisionado de Tierras P\u00fablicas, Dave Upthegrove, cuya agencia supervisa los esfuerzos de lucha contra incendios forestales en Washington, dijo que estaba al tanto de las acciones de aplicaci\u00f3n de la ley en el incendio de Bear Gulch.<\/p>\n<p>&nbsp;<\/p>\n<p>&nbsp;<\/p>\n<p>&nbsp;<\/p>\n<p><em><strong>\u201cSi bien a\u00fan no tenemos todos los detalles, todo esto ocurre en un momento en que el enfoque crudo e inhumano del gobierno de Trump hacia la aplicaci\u00f3n de las leyes de inmigraci\u00f3n ha fomentado intencional e innecesariamente el miedo y la desconfianza entre los miembros de la poblaci\u00f3n, incluidos los bomberos que arriesgan sus vidas para proteger nuestro estado\u201d<\/strong><\/em>, dijo.<\/p>\n<p>&nbsp;<\/p>\n<p>&nbsp;<\/p>\n<p>PUBLICADO EL 29 DE AGOSTO DE 2025 Con informaci\u00f3n de AP)<\/p>\n","protected":false},"excerpt":{"rendered":"<p>WASHINGTON, ESTADOS UNIDOS DEL NORTE DE AM\u00c9RICA. \u2014 Autoridades federales informaron que dos bomberos fueron&#8230;<\/p>\n","protected":false},"author":1,"featured_media":222609,"comment_status":"open","ping_status":"open","sticky":false,"template":"","format":"standard","meta":{"_monsterinsights_skip_tracking":false,"_monsterinsights_sitenote_active":false,"_monsterinsights_sitenote_note":"","_monsterinsights_sitenote_category":0,"footnotes":""},"categories":[3],"tags":[],"class_list":["post"],"yoast_head":" \n<title>Sonora en Equipo. Bomberos que combat\u00edan incendio en Washington son arrestados por agentes migratorios MUNDO<\/title>\n<meta name=\"description\" content=\"WASHINGTON, ESTADOS UNIDOS DEL NORTE DE AM\u00c9RICA. \u2014 Autoridades federales informaron que dos bomberos fueron detenidos por agentes de la Patrulla En Sonora en Equipo publicamos toda la informaci\u00f3n de Sonora, M\u00e9xico y el Mundo de manera oportuna y busca que la libertad de expresi\u00f3n sea real. Visita nuestro medio informativo publicado desde Hermosillo, Sonora. %\" \/>\n<meta name=\"robots\" content=\"index, follow, max-snippet:-1, max-image-preview:large, max-video-preview:-1\" \/>\n<link rel=\"canonical\" href=\"https:\/\/www.sonoraenequipo.com.mx\/bomberos-que-combatian-incendio-en-washington-son-arrestados-por-agentes-migratorios\/\" \/>\n<meta property=\"og:locale\" content=\"es_ES\" \/>\n<meta property=\"og:type\" content=\"article\" \/>\n<meta property=\"og:title\" content=\"Sonora en Equipo. Bomberos que combat\u00edan incendio en Washington son arrestados por agentes migratorios MUNDO\" \/>\n<meta property=\"og:description\" content=\"WASHINGTON, ESTADOS UNIDOS DEL NORTE DE AM\u00c9RICA. \u2014 Autoridades federales informaron que dos bomberos fueron detenidos por agentes de la Patrulla En Sonora en Equipo publicamos toda la informaci\u00f3n de Sonora, M\u00e9xico y el Mundo de manera oportuna y busca que la libertad de expresi\u00f3n sea real. Visita nuestro medio informativo publicado desde Hermosillo, Sonora. %\" \/>\n<meta property=\"og:url\" content=\"https:\/\/www.sonoraenequipo.com.mx\/bomberos-que-combatian-incendio-en-washington-son-arrestados-por-agentes-migratorios\/\" \/>\n<meta property=\"og:site_name\" content=\"Sonora en Equipo.\" \/>\n<meta property=\"article:publisher\" content=\"https:\/\/www.facebook.com\/SonoraEE\/\" \/>\n<meta property=\"article:author\" content=\"https:\/\/www.facebook.com\/SonoraEE\" \/>\n<meta property=\"article:published_time\" content=\"2025-08-30T05:35:53+00:00\" \/>\n<meta property=\"article:modified_time\" content=\"2025-08-30T16:18:03+00:00\" \/>\n<meta property=\"og:image\" content=\"https:\/\/www.sonoraenequipo.com.mx\/storage\/2025\/08\/bomberos-que-combatian-incendio-en-washington-son-arrestados-por-agentes-migratorios-min.jpg\" \/>\n\t<meta property=\"og:image:width\" content=\"1000\" \/>\n\t<meta property=\"og:image:height\" content=\"512\" \/>\n\t<meta property=\"og:image:type\" content=\"image\/jpeg\" \/>\n<meta name=\"author\" content=\"enequipo\" \/>\n<meta name=\"twitter:card\" content=\"summary_large_image\" \/>\n<meta name=\"twitter:creator\" content=\"@sonoraenequipo\" \/>\n<meta name=\"twitter:site\" content=\"@sonoraenequipo\" \/>\n<meta name=\"twitter:label1\" content=\"Escrito por\" \/>\n\t<meta name=\"twitter:data1\" content=\"enequipo\" \/>\n\t<meta name=\"twitter:label2\" content=\"Tiempo de lectura\" \/>\n\t<meta name=\"twitter:data2\" content=\"5 minutos\" \/>\n<script type=\"application\/ld+json\" class=\"yoast-schema-graph\">{\"@context\":\"https:\/\/schema.org\",\"@graph\":[{\"@type\":\"Article\",\"@id\":\"https:\/\/www.sonoraenequipo.com.mx\/bomberos-que-combatian-incendio-en-washington-son-arrestados-por-agentes-migratorios\/#article\",\"isPartOf\":{\"@id\":\"https:\/\/www.sonoraenequipo.com.mx\/bomberos-que-combatian-incendio-en-washington-son-arrestados-por-agentes-migratorios\/\"},\"author\":{\"name\":\"enequipo\",\"@id\":\"https:\/\/www.sonoraenequipo.com.mx\/#\/schema\/person\/50102df0fb23a8fa9e8effad8fa81386\"},\"headline\":\"Bomberos que combat\u00edan incendio en Washington son arrestados por agentes migratorios\",\"datePublished\":\"2025-08-30T05:35:53+00:00\",\"dateModified\":\"2025-08-30T16:18:03+00:00\",\"mainEntityOfPage\":{\"@id\":\"https:\/\/www.sonoraenequipo.com.mx\/bomberos-que-combatian-incendio-en-washington-son-arrestados-por-agentes-migratorios\/\"},\"wordCount\":1002,\"commentCount\":0,\"publisher\":{\"@id\":\"https:\/\/www.sonoraenequipo.com.mx\/#organization\"},\"image\":{\"@id\":\"https:\/\/www.sonoraenequipo.com.mx\/bomberos-que-combatian-incendio-en-washington-son-arrestados-por-agentes-migratorios\/#primaryimage\"},\"thumbnailUrl\":\"https:\/\/www.sonoraenequipo.com.mx\/storage\/2025\/08\/bomberos-que-combatian-incendio-en-washington-son-arrestados-por-agentes-migratorios-min.jpg\",\"articleSection\":[\"MUNDO\"],\"inLanguage\":\"es\",\"potentialAction\":[{\"@type\":\"CommentAction\",\"name\":\"Comment\",\"target\":[\"https:\/\/www.sonoraenequipo.com.mx\/bomberos-que-combatian-incendio-en-washington-son-arrestados-por-agentes-migratorios\/#respond\"]}]},{\"@type\":\"WebPage\",\"@id\":\"https:\/\/www.sonoraenequipo.com.mx\/bomberos-que-combatian-incendio-en-washington-son-arrestados-por-agentes-migratorios\/\",\"url\":\"https:\/\/www.sonoraenequipo.com.mx\/bomberos-que-combatian-incendio-en-washington-son-arrestados-por-agentes-migratorios\/\",\"name\":\"Sonora en Equipo. Bomberos que combat\u00edan incendio en Washington son arrestados por agentes migratorios MUNDO\",\"isPartOf\":{\"@id\":\"https:\/\/www.sonoraenequipo.com.mx\/#website\"},\"primaryImageOfPage\":{\"@id\":\"https:\/\/www.sonoraenequipo.com.mx\/bomberos-que-combatian-incendio-en-washington-son-arrestados-por-agentes-migratorios\/#primaryimage\"},\"image\":{\"@id\":\"https:\/\/www.sonoraenequipo.com.mx\/bomberos-que-combatian-incendio-en-washington-son-arrestados-por-agentes-migratorios\/#primaryimage\"},\"thumbnailUrl\":\"https:\/\/www.sonoraenequipo.com.mx\/storage\/2025\/08\/bomberos-que-combatian-incendio-en-washington-son-arrestados-por-agentes-migratorios-min.jpg\",\"datePublished\":\"2025-08-30T05:35:53+00:00\",\"dateModified\":\"2025-08-30T16:18:03+00:00\",\"description\":\"WASHINGTON, ESTADOS UNIDOS DEL NORTE DE AM\u00c9RICA. \u2014 Autoridades federales informaron que dos bomberos fueron detenidos por agentes de la Patrulla En Sonora en Equipo publicamos toda la informaci\u00f3n de Sonora, M\u00e9xico y el Mundo de manera oportuna y busca que la libertad de expresi\u00f3n sea real. Visita nuestro medio informativo publicado desde Hermosillo, Sonora. %\",\"breadcrumb\":{\"@id\":\"https:\/\/www.sonoraenequipo.com.mx\/bomberos-que-combatian-incendio-en-washington-son-arrestados-por-agentes-migratorios\/#breadcrumb\"},\"inLanguage\":\"es\",\"potentialAction\":[{\"@type\":\"ReadAction\",\"target\":[\"https:\/\/www.sonoraenequipo.com.mx\/bomberos-que-combatian-incendio-en-washington-son-arrestados-por-agentes-migratorios\/\"]}]},{\"@type\":\"ImageObject\",\"inLanguage\":\"es\",\"@id\":\"https:\/\/www.sonoraenequipo.com.mx\/bomberos-que-combatian-incendio-en-washington-son-arrestados-por-agentes-migratorios\/#primaryimage\",\"url\":\"https:\/\/www.sonoraenequipo.com.mx\/storage\/2025\/08\/bomberos-que-combatian-incendio-en-washington-son-arrestados-por-agentes-migratorios-min.jpg\",\"contentUrl\":\"https:\/\/www.sonoraenequipo.com.mx\/storage\/2025\/08\/bomberos-que-combatian-incendio-en-washington-son-arrestados-por-agentes-migratorios-min.jpg\",\"width\":1000,\"height\":512},{\"@type\":\"BreadcrumbList\",\"@id\":\"https:\/\/www.sonoraenequipo.com.mx\/bomberos-que-combatian-incendio-en-washington-son-arrestados-por-agentes-migratorios\/#breadcrumb\",\"itemListElement\":[{\"@type\":\"ListItem\",\"position\":1,\"name\":\"Portada\",\"item\":\"https:\/\/www.sonoraenequipo.com.mx\/\"},{\"@type\":\"ListItem\",\"position\":2,\"name\":\"Bomberos que combat\u00edan incendio en Washington son arrestados por agentes migratorios\"}]},{\"@type\":\"WebSite\",\"@id\":\"https:\/\/www.sonoraenequipo.com.mx\/#website\",\"url\":\"https:\/\/www.sonoraenequipo.com.mx\/\",\"name\":\"Sonora en Equipo.\",\"description\":\"Diario en l\u00ednea con Noticias desde Hermosillo, Sonora\",\"publisher\":{\"@id\":\"https:\/\/www.sonoraenequipo.com.mx\/#organization\"},\"potentialAction\":[{\"@type\":\"SearchAction\",\"target\":{\"@type\":\"EntryPoint\",\"urlTemplate\":\"https:\/\/www.sonoraenequipo.com.mx\/?s={search_term_string}\"},\"query-input\":{\"@type\":\"PropertyValueSpecification\",\"valueRequired\":true,\"valueName\":\"search_term_string\"}}],\"inLanguage\":\"es\"},{\"@type\":\"Organization\",\"@id\":\"https:\/\/www.sonoraenequipo.com.mx\/#organization\",\"name\":\"Sonoraenequipo.com.mx\",\"url\":\"https:\/\/www.sonoraenequipo.com.mx\/\",\"logo\":{\"@type\":\"ImageObject\",\"inLanguage\":\"es\",\"@id\":\"https:\/\/www.sonoraenequipo.com.mx\/#\/schema\/logo\/image\/\",\"url\":\"https:\/\/www.sonoraenequipo.com.mx\/storage\/2019\/01\/sonoraenequipo_opt.png\",\"contentUrl\":\"https:\/\/www.sonoraenequipo.com.mx\/storage\/2019\/01\/sonoraenequipo_opt.png\",\"width\":375,\"height\":125,\"caption\":\"Sonoraenequipo.com.mx\"},\"image\":{\"@id\":\"https:\/\/www.sonoraenequipo.com.mx\/#\/schema\/logo\/image\/\"},\"sameAs\":[\"https:\/\/www.facebook.com\/SonoraEE\/\",\"https:\/\/x.com\/sonoraenequipo\",\"https:\/\/www.youtube.com\/channel\/UC338nW-lPEYmJQs4ZABQ1SQ\"]},{\"@type\":\"Person\",\"@id\":\"https:\/\/www.sonoraenequipo.com.mx\/#\/schema\/person\/50102df0fb23a8fa9e8effad8fa81386\",\"name\":\"enequipo\",\"image\":{\"@type\":\"ImageObject\",\"inLanguage\":\"es\",\"@id\":\"https:\/\/www.sonoraenequipo.com.mx\/#\/schema\/person\/image\/\",\"url\":\"https:\/\/secure.gravatar.com\/avatar\/049821681b589dabc0bc20695993ccebb09f5b5d4d790cd9251b97faac7c652b?s=96&d=blank&r=g\",\"contentUrl\":\"https:\/\/secure.gravatar.com\/avatar\/049821681b589dabc0bc20695993ccebb09f5b5d4d790cd9251b97faac7c652b?s=96&d=blank&r=g\",\"caption\":\"enequipo\"},\"sameAs\":[\"https:\/\/www.facebook.com\/SonoraEE\"]}]}<\/script>\n ","yoast_head_json":{"title":"Sonora en Equipo. Bomberos que combat\u00edan incendio en Washington son arrestados por agentes migratorios MUNDO","description":"WASHINGTON, ESTADOS UNIDOS DEL NORTE DE AM\u00c9RICA. \u2014 Autoridades federales informaron que dos bomberos fueron detenidos por agentes de la Patrulla En Sonora en Equipo publicamos toda la informaci\u00f3n de Sonora, M\u00e9xico y el Mundo de manera oportuna y busca que la libertad de expresi\u00f3n sea real. Visita nuestro medio informativo publicado desde Hermosillo, Sonora. %","robots":{"index":"index","follow":"follow","max-snippet":"max-snippet:-1","max-image-preview":"max-image-preview:large","max-video-preview":"max-video-preview:-1"},"canonical":"https:\/\/www.sonoraenequipo.com.mx\/bomberos-que-combatian-incendio-en-washington-son-arrestados-por-agentes-migratorios\/","og_locale":"es_ES","og_type":"article","og_title":"Sonora en Equipo. Bomberos que combat\u00edan incendio en Washington son arrestados por agentes migratorios MUNDO","og_description":"WASHINGTON, ESTADOS UNIDOS DEL NORTE DE AM\u00c9RICA. \u2014 Autoridades federales informaron que dos bomberos fueron detenidos por agentes de la Patrulla En Sonora en Equipo publicamos toda la informaci\u00f3n de Sonora, M\u00e9xico y el Mundo de manera oportuna y busca que la libertad de expresi\u00f3n sea real. Visita nuestro medio informativo publicado desde Hermosillo, Sonora. %","og_url":"https:\/\/www.sonoraenequipo.com.mx\/bomberos-que-combatian-incendio-en-washington-son-arrestados-por-agentes-migratorios\/","og_site_name":"Sonora en Equipo.","article_publisher":"https:\/\/www.facebook.com\/SonoraEE\/","article_author":"https:\/\/www.facebook.com\/SonoraEE","article_published_time":"2025-08-30T05:35:53+00:00","article_modified_time":"2025-08-30T16:18:03+00:00","og_image":[{"width":1000,"height":512,"url":"https:\/\/www.sonoraenequipo.com.mx\/storage\/2025\/08\/bomberos-que-combatian-incendio-en-washington-son-arrestados-por-agentes-migratorios-min.jpg","type":"image\/jpeg"}],"author":"enequipo","twitter_card":"summary_large_image","twitter_creator":"@sonoraenequipo","twitter_site":"@sonoraenequipo","twitter_misc":{"Escrito por":"enequipo","Tiempo de lectura":"5 minutos"},"schema":{"@context":"https:\/\/schema.org","@graph":[{"@type":"Article","@id":"https:\/\/www.sonoraenequipo.com.mx\/bomberos-que-combatian-incendio-en-washington-son-arrestados-por-agentes-migratorios\/#article","isPartOf":{"@id":"https:\/\/www.sonoraenequipo.com.mx\/bomberos-que-combatian-incendio-en-washington-son-arrestados-por-agentes-migratorios\/"},"author":{"name":"enequipo","@id":"https:\/\/www.sonoraenequipo.com.mx\/#\/schema\/person\/50102df0fb23a8fa9e8effad8fa81386"},"headline":"Bomberos que combat\u00edan incendio en Washington son arrestados por agentes migratorios","datePublished":"2025-08-30T05:35:53+00:00","dateModified":"2025-08-30T16:18:03+00:00","mainEntityOfPage":{"@id":"https:\/\/www.sonoraenequipo.com.mx\/bomberos-que-combatian-incendio-en-washington-son-arrestados-por-agentes-migratorios\/"},"wordCount":1002,"commentCount":0,"publisher":{"@id":"https:\/\/www.sonoraenequipo.com.mx\/#organization"},"image":{"@id":"https:\/\/www.sonoraenequipo.com.mx\/bomberos-que-combatian-incendio-en-washington-son-arrestados-por-agentes-migratorios\/#primaryimage"},"thumbnailUrl":"https:\/\/www.sonoraenequipo.com.mx\/storage\/2025\/08\/bomberos-que-combatian-incendio-en-washington-son-arrestados-por-agentes-migratorios-min.jpg","articleSection":["MUNDO"],"inLanguage":"es","potentialAction":[{"@type":"CommentAction","name":"Comment","target":["https:\/\/www.sonoraenequipo.com.mx\/bomberos-que-combatian-incendio-en-washington-son-arrestados-por-agentes-migratorios\/#respond"]}]},{"@type":"WebPage","@id":"https:\/\/www.sonoraenequipo.com.mx\/bomberos-que-combatian-incendio-en-washington-son-arrestados-por-agentes-migratorios\/","url":"https:\/\/www.sonoraenequipo.com.mx\/bomberos-que-combatian-incendio-en-washington-son-arrestados-por-agentes-migratorios\/","name":"Sonora en Equipo. Bomberos que combat\u00edan incendio en Washington son arrestados por agentes migratorios MUNDO","isPartOf":{"@id":"https:\/\/www.sonoraenequipo.com.mx\/#website"},"primaryImageOfPage":{"@id":"https:\/\/www.sonoraenequipo.com.mx\/bomberos-que-combatian-incendio-en-washington-son-arrestados-por-agentes-migratorios\/#primaryimage"},"image":{"@id":"https:\/\/www.sonoraenequipo.com.mx\/bomberos-que-combatian-incendio-en-washington-son-arrestados-por-agentes-migratorios\/#primaryimage"},"thumbnailUrl":"https:\/\/www.sonoraenequipo.com.mx\/storage\/2025\/08\/bomberos-que-combatian-incendio-en-washington-son-arrestados-por-agentes-migratorios-min.jpg","datePublished":"2025-08-30T05:35:53+00:00","dateModified":"2025-08-30T16:18:03+00:00","description":"WASHINGTON, ESTADOS UNIDOS DEL NORTE DE AM\u00c9RICA. \u2014 Autoridades federales informaron que dos bomberos fueron detenidos por agentes de la Patrulla En Sonora en Equipo publicamos toda la informaci\u00f3n de Sonora, M\u00e9xico y el Mundo de manera oportuna y busca que la libertad de expresi\u00f3n sea real. Visita nuestro medio informativo publicado desde Hermosillo, Sonora. %","breadcrumb":{"@id":"https:\/\/www.sonoraenequipo.com.mx\/bomberos-que-combatian-incendio-en-washington-son-arrestados-por-agentes-migratorios\/#breadcrumb"},"inLanguage":"es","potentialAction":[{"@type":"ReadAction","target":["https:\/\/www.sonoraenequipo.com.mx\/bomberos-que-combatian-incendio-en-washington-son-arrestados-por-agentes-migratorios\/"]}]},{"@type":"ImageObject","inLanguage":"es","@id":"https:\/\/www.sonoraenequipo.com.mx\/bomberos-que-combatian-incendio-en-washington-son-arrestados-por-agentes-migratorios\/#primaryimage","url":"https:\/\/www.sonoraenequipo.com.mx\/storage\/2025\/08\/bomberos-que-combatian-incendio-en-washington-son-arrestados-por-agentes-migratorios-min.jpg","contentUrl":"https:\/\/www.sonoraenequipo.com.mx\/storage\/2025\/08\/bomberos-que-combatian-incendio-en-washington-son-arrestados-por-agentes-migratorios-min.jpg","width":1000,"height":512},{"@type":"BreadcrumbList","@id":"https:\/\/www.sonoraenequipo.com.mx\/bomberos-que-combatian-incendio-en-washington-son-arrestados-por-agentes-migratorios\/#breadcrumb","itemListElement":[{"@type":"ListItem","position":1,"name":"Portada","item":"https:\/\/www.sonoraenequipo.com.mx\/"},{"@type":"ListItem","position":2,"name":"Bomberos que combat\u00edan incendio en Washington son arrestados por agentes migratorios"}]},{"@type":"WebSite","@id":"https:\/\/www.sonoraenequipo.com.mx\/#website","url":"https:\/\/www.sonoraenequipo.com.mx\/","name":"Sonora en Equipo.","description":"Diario en l\u00ednea con Noticias desde Hermosillo, Sonora","publisher":{"@id":"https:\/\/www.sonoraenequipo.com.mx\/#organization"},"potentialAction":[{"@type":"SearchAction","target":{"@type":"EntryPoint","urlTemplate":"https:\/\/www.sonoraenequipo.com.mx\/?s={search_term_string}"},"query-input":{"@type":"PropertyValueSpecification","valueRequired":true,"valueName":"search_term_string"}}],"inLanguage":"es"},{"@type":"Organization","@id":"https:\/\/www.sonoraenequipo.com.mx\/#organization","name":"Sonoraenequipo.com.mx","url":"https:\/\/www.sonoraenequipo.com.mx\/","logo":{"@type":"ImageObject","inLanguage":"es","@id":"https:\/\/www.sonoraenequipo.com.mx\/#\/schema\/logo\/image\/","url":"https:\/\/www.sonoraenequipo.com.mx\/storage\/2019\/01\/sonoraenequipo_opt.png","contentUrl":"https:\/\/www.sonoraenequipo.com.mx\/storage\/2019\/01\/sonoraenequipo_opt.png","width":375,"height":125,"caption":"Sonoraenequipo.com.mx"},"image":{"@id":"https:\/\/www.sonoraenequipo.com.mx\/#\/schema\/logo\/image\/"},"sameAs":["https:\/\/www.facebook.com\/SonoraEE\/","https:\/\/x.com\/sonoraenequipo","https:\/\/www.youtube.com\/channel\/UC338nW-lPEYmJQs4ZABQ1SQ"]},{"@type":"Person","@id":"https:\/\/www.sonoraenequipo.com.mx\/#\/schema\/person\/50102df0fb23a8fa9e8effad8fa81386","name":"enequipo","image":{"@type":"ImageObject","inLanguage":"es","@id":"https:\/\/www.sonoraenequipo.com.mx\/#\/schema\/person\/image\/","url":"https:\/\/secure.gravatar.com\/avatar\/049821681b589dabc0bc20695993ccebb09f5b5d4d790cd9251b97faac7c652b?s=96&d=blank&r=g","contentUrl":"https:\/\/secure.gravatar.com\/avatar\/049821681b589dabc0bc20695993ccebb09f5b5d4d790cd9251b97faac7c652b?s=96&d=blank&r=g","caption":"enequipo"},"sameAs":["https:\/\/www.facebook.com\/SonoraEE"]}]}},"jetpack_featured_media_url":"https:\/\/www.sonoraenequipo.com.mx\/storage\/2025\/08\/bomberos-que-combatian-incendio-en-washington-son-arrestados-por-agentes-migratorios-min.jpg","_links":{"self":[{"href":"https:\/\/www.sonoraenequipo.com.mx\/api\/wp\/v2\/posts\/222631","targetHints":{"allow":["GET"]}}],"collection":[{"href":"https:\/\/www.sonoraenequipo.com.mx\/api\/wp\/v2\/posts"}],"about":[{"href":"https:\/\/www.sonoraenequipo.com.mx\/api\/wp\/v2\/types\/post"}],"author":[{"embeddable":true,"href":"https:\/\/www.sonoraenequipo.com.mx\/api\/wp\/v2\/users\/1"}],"replies":[{"embeddable":true,"href":"https:\/\/www.sonoraenequipo.com.mx\/api\/wp\/v2\/comments?post=222631"}],"version-history":[{"count":1,"href":"https:\/\/www.sonoraenequipo.com.mx\/api\/wp\/v2\/posts\/222631\/revisions"}],"predecessor-version":[{"id":222632,"href":"https:\/\/www.sonoraenequipo.com.mx\/api\/wp\/v2\/posts\/222631\/revisions\/222632"}],"wp:featuredmedia":[{"embeddable":true,"href":"https:\/\/www.sonoraenequipo.com.mx\/api\/wp\/v2\/media\/222609"}],"wp:attachment":[{"href":"https:\/\/www.sonoraenequipo.com.mx\/api\/wp\/v2\/media?parent=222631"}],"wp:term":[{"taxonomy":"category","embeddable":true,"href":"https:\/\/www.sonoraenequipo.com.mx\/api\/wp\/v2\/categories?post=222631"},{"taxonomy":"post_tag","embeddable":true,"href":"https:\/\/www.sonoraenequipo.com.mx\/api\/wp\/v2\/tags?post=222631"}],"curies":[{"name":"wp","href":"https:\/\/api.w.org\/{rel}","templated":true}]}}