{"id":224182,"date":"2025-09-18T11:04:15","date_gmt":"2025-09-18T18:04:15","guid":{"rendered":"https:\/\/www.sonoraenequipo.com.mx\/?p=224182"},"modified":"2025-09-18T11:05:23","modified_gmt":"2025-09-18T18:05:23","slug":"venezuela-anuncia-maniobras-militares-en-el-caribe","status":"publish","type":"post","link":"https:\/\/www.sonoraenequipo.com.mx\/venezuela-anuncia-maniobras-militares-en-el-caribe\/","title":{"rendered":"Venezuela anuncia maniobras militares en el Caribe"},"content":{"rendered":"<p>Maniobras a\u00e9reas, mar\u00edtimas y terrestres incluir\u00e1 el plan anunciado por el ministro de Defensa de Venezuela, Vladimir Padrino, ante lo que considera una \u00abamenaza\u00bb de Estados Unidos, que mantiene un despliegue naval en aguas internacionales cerca de la regi\u00f3n.<\/p>\n<p>&nbsp;<\/p>\n<p>Adem\u00e1s, 2500 efectivos ser\u00e1n movilizados durante tres d\u00edas en la isla de La Orchila, en el Caribe venezolano. La Orchila es un territorio insular de 43 kil\u00f3metros cuadrados, aproximadamente, que se ubica a 97 millas de la regi\u00f3n costera de La Guaira, cercana a Caracas, y donde \u00abya ha habido preparativos\u00bb para el desarrollo de esta nueva operaci\u00f3n.<\/p>\n<p>12 buques de la Armada Bolivariana \u00aben sus diferentes clases y tipos\u00bb, 22 aeronaves y una veintena de embarcaciones participar\u00e1n en la maniobra de campa\u00f1a &#8216;Caribe Soberano 200&#8217;, ordenada por el presidente, Nicol\u00e1s Maduro.<\/p>\n<p>&nbsp;<\/p>\n<p>Vladimir Padrino coment\u00f3 estos planes en un encuentro con mandos militares transmitido por la estatal Venezolana de Televisi\u00f3n (VTV) y los anunci\u00f3 en su propia cuenta de Instagram.<\/p>\n<p>&nbsp;<\/p>\n<p>\u00abEjercicio bastante completo\u00bb<\/p>\n<p>El titular de Defensa pidi\u00f3 \u00abduplicar esfuerzos\u00bb militares ante un eventual escenario armado en el mar Caribe. \u00abEn esta coyuntura especial, nosotros tenemos que duplicar los esfuerzos, elevar nuestro apresto operacional, para un escenario de conflicto armado en la mar. Y lo estamos haciendo\u00bb, afirm\u00f3.<\/p>\n<p>&nbsp;<\/p>\n<p>En ese sentido, explic\u00f3 que el plan Caribe Soberano 200 es \u00abun ejercicio bastante completo\u00bb que involucra a grupos de fuerzas especiales, de inteligencia y aeroespaciales, entre otros, as\u00ed como la utilizaci\u00f3n de drones submarinos, a\u00e9reos y de vigilancia. Igualmente, se\u00f1al\u00f3 que habr\u00e1 un \u00abimportante despliegue de buques de la Armada\u00bb, maniobras de defensa a\u00e9rea desde embarcaciones y un patrullaje tanto mar\u00edtimo como terrestre con la participaci\u00f3n de pescadores.<\/p>\n<p><strong>Fecha de publicaci\u00f3n jueves 18 de septiembre de 2025\/DW<\/strong><\/p>\n","protected":false},"excerpt":{"rendered":"<p>Maniobras a\u00e9reas, mar\u00edtimas y terrestres incluir\u00e1 el plan anunciado por el ministro de Defensa de&#8230;<\/p>\n","protected":false},"author":1,"featured_media":224183,"comment_status":"open","ping_status":"open","sticky":false,"template":"","format":"standard","meta":{"_monsterinsights_skip_tracking":false,"_monsterinsights_sitenote_active":false,"_monsterinsights_sitenote_note":"","_monsterinsights_sitenote_category":0,"footnotes":""},"categories":[3],"tags":[],"class_list":["post"],"yoast_head":" \n<title>Sonora en Equipo. Venezuela anuncia maniobras militares en el Caribe MUNDO<\/title>\n<meta name=\"description\" content=\"Maniobras a\u00e9reas, mar\u00edtimas y terrestres incluir\u00e1 el plan anunciado por el ministro de Defensa de Venezuela, Vladimir Padrino, ante lo que considera una En Sonora en Equipo publicamos toda la informaci\u00f3n de Sonora, M\u00e9xico y el Mundo de manera oportuna y busca que la libertad de expresi\u00f3n sea real. Visita nuestro medio informativo publicado desde Hermosillo, Sonora. %\" \/>\n<meta name=\"robots\" content=\"index, follow, max-snippet:-1, max-image-preview:large, max-video-preview:-1\" \/>\n<link rel=\"canonical\" href=\"https:\/\/www.sonoraenequipo.com.mx\/venezuela-anuncia-maniobras-militares-en-el-caribe\/\" \/>\n<meta property=\"og:locale\" content=\"es_ES\" \/>\n<meta property=\"og:type\" content=\"article\" \/>\n<meta property=\"og:title\" content=\"Sonora en Equipo. Venezuela anuncia maniobras militares en el Caribe MUNDO\" \/>\n<meta property=\"og:description\" content=\"Maniobras a\u00e9reas, mar\u00edtimas y terrestres incluir\u00e1 el plan anunciado por el ministro de Defensa de Venezuela, Vladimir Padrino, ante lo que considera una En Sonora en Equipo publicamos toda la informaci\u00f3n de Sonora, M\u00e9xico y el Mundo de manera oportuna y busca que la libertad de expresi\u00f3n sea real. Visita nuestro medio informativo publicado desde Hermosillo, Sonora. %\" \/>\n<meta property=\"og:url\" content=\"https:\/\/www.sonoraenequipo.com.mx\/venezuela-anuncia-maniobras-militares-en-el-caribe\/\" \/>\n<meta property=\"og:site_name\" content=\"Sonora en Equipo.\" \/>\n<meta property=\"article:publisher\" content=\"https:\/\/www.facebook.com\/SonoraEE\/\" \/>\n<meta property=\"article:author\" content=\"https:\/\/www.facebook.com\/SonoraEE\" \/>\n<meta property=\"article:published_time\" content=\"2025-09-18T18:04:15+00:00\" \/>\n<meta property=\"article:modified_time\" content=\"2025-09-18T18:05:23+00:00\" \/>\n<meta property=\"og:image\" content=\"https:\/\/www.sonoraenequipo.com.mx\/storage\/2025\/09\/vladimir-padrino.jpg\" \/>\n\t<meta property=\"og:image:width\" content=\"600\" \/>\n\t<meta property=\"og:image:height\" content=\"400\" \/>\n\t<meta property=\"og:image:type\" content=\"image\/jpeg\" \/>\n<meta name=\"author\" content=\"enequipo\" \/>\n<meta name=\"twitter:card\" content=\"summary_large_image\" \/>\n<meta name=\"twitter:creator\" content=\"@sonoraenequipo\" \/>\n<meta name=\"twitter:site\" content=\"@sonoraenequipo\" \/>\n<meta name=\"twitter:label1\" content=\"Escrito por\" \/>\n\t<meta name=\"twitter:data1\" content=\"enequipo\" \/>\n\t<meta name=\"twitter:label2\" content=\"Tiempo de lectura\" \/>\n\t<meta name=\"twitter:data2\" content=\"2 minutos\" \/>\n<script type=\"application\/ld+json\" class=\"yoast-schema-graph\">{\"@context\":\"https:\/\/schema.org\",\"@graph\":[{\"@type\":\"Article\",\"@id\":\"https:\/\/www.sonoraenequipo.com.mx\/venezuela-anuncia-maniobras-militares-en-el-caribe\/#article\",\"isPartOf\":{\"@id\":\"https:\/\/www.sonoraenequipo.com.mx\/venezuela-anuncia-maniobras-militares-en-el-caribe\/\"},\"author\":{\"name\":\"enequipo\",\"@id\":\"https:\/\/www.sonoraenequipo.com.mx\/#\/schema\/person\/50102df0fb23a8fa9e8effad8fa81386\"},\"headline\":\"Venezuela anuncia maniobras militares en el Caribe\",\"datePublished\":\"2025-09-18T18:04:15+00:00\",\"dateModified\":\"2025-09-18T18:05:23+00:00\",\"mainEntityOfPage\":{\"@id\":\"https:\/\/www.sonoraenequipo.com.mx\/venezuela-anuncia-maniobras-militares-en-el-caribe\/\"},\"wordCount\":308,\"commentCount\":0,\"publisher\":{\"@id\":\"https:\/\/www.sonoraenequipo.com.mx\/#organization\"},\"image\":{\"@id\":\"https:\/\/www.sonoraenequipo.com.mx\/venezuela-anuncia-maniobras-militares-en-el-caribe\/#primaryimage\"},\"thumbnailUrl\":\"https:\/\/www.sonoraenequipo.com.mx\/storage\/2025\/09\/vladimir-padrino.jpg\",\"articleSection\":[\"MUNDO\"],\"inLanguage\":\"es\",\"potentialAction\":[{\"@type\":\"CommentAction\",\"name\":\"Comment\",\"target\":[\"https:\/\/www.sonoraenequipo.com.mx\/venezuela-anuncia-maniobras-militares-en-el-caribe\/#respond\"]}]},{\"@type\":\"WebPage\",\"@id\":\"https:\/\/www.sonoraenequipo.com.mx\/venezuela-anuncia-maniobras-militares-en-el-caribe\/\",\"url\":\"https:\/\/www.sonoraenequipo.com.mx\/venezuela-anuncia-maniobras-militares-en-el-caribe\/\",\"name\":\"Sonora en Equipo. Venezuela anuncia maniobras militares en el Caribe MUNDO\",\"isPartOf\":{\"@id\":\"https:\/\/www.sonoraenequipo.com.mx\/#website\"},\"primaryImageOfPage\":{\"@id\":\"https:\/\/www.sonoraenequipo.com.mx\/venezuela-anuncia-maniobras-militares-en-el-caribe\/#primaryimage\"},\"image\":{\"@id\":\"https:\/\/www.sonoraenequipo.com.mx\/venezuela-anuncia-maniobras-militares-en-el-caribe\/#primaryimage\"},\"thumbnailUrl\":\"https:\/\/www.sonoraenequipo.com.mx\/storage\/2025\/09\/vladimir-padrino.jpg\",\"datePublished\":\"2025-09-18T18:04:15+00:00\",\"dateModified\":\"2025-09-18T18:05:23+00:00\",\"description\":\"Maniobras a\u00e9reas, mar\u00edtimas y terrestres incluir\u00e1 el plan anunciado por el ministro de Defensa de Venezuela, Vladimir Padrino, ante lo que considera una En Sonora en Equipo publicamos toda la informaci\u00f3n de Sonora, M\u00e9xico y el Mundo de manera oportuna y busca que la libertad de expresi\u00f3n sea real. Visita nuestro medio informativo publicado desde Hermosillo, Sonora. %\",\"breadcrumb\":{\"@id\":\"https:\/\/www.sonoraenequipo.com.mx\/venezuela-anuncia-maniobras-militares-en-el-caribe\/#breadcrumb\"},\"inLanguage\":\"es\",\"potentialAction\":[{\"@type\":\"ReadAction\",\"target\":[\"https:\/\/www.sonoraenequipo.com.mx\/venezuela-anuncia-maniobras-militares-en-el-caribe\/\"]}]},{\"@type\":\"ImageObject\",\"inLanguage\":\"es\",\"@id\":\"https:\/\/www.sonoraenequipo.com.mx\/venezuela-anuncia-maniobras-militares-en-el-caribe\/#primaryimage\",\"url\":\"https:\/\/www.sonoraenequipo.com.mx\/storage\/2025\/09\/vladimir-padrino.jpg\",\"contentUrl\":\"https:\/\/www.sonoraenequipo.com.mx\/storage\/2025\/09\/vladimir-padrino.jpg\",\"width\":600,\"height\":400,\"caption\":\"Vladimir Padrino, ministro de Defensa de Venezuela. (Imagen de 2024)Imagen: Jhon Zerpa\/dpa\/Prensa Miraflores\/picture alliance\"},{\"@type\":\"BreadcrumbList\",\"@id\":\"https:\/\/www.sonoraenequipo.com.mx\/venezuela-anuncia-maniobras-militares-en-el-caribe\/#breadcrumb\",\"itemListElement\":[{\"@type\":\"ListItem\",\"position\":1,\"name\":\"Portada\",\"item\":\"https:\/\/www.sonoraenequipo.com.mx\/\"},{\"@type\":\"ListItem\",\"position\":2,\"name\":\"Venezuela anuncia maniobras militares en el Caribe\"}]},{\"@type\":\"WebSite\",\"@id\":\"https:\/\/www.sonoraenequipo.com.mx\/#website\",\"url\":\"https:\/\/www.sonoraenequipo.com.mx\/\",\"name\":\"Sonora en Equipo.\",\"description\":\"Diario en l\u00ednea con Noticias desde Hermosillo, Sonora\",\"publisher\":{\"@id\":\"https:\/\/www.sonoraenequipo.com.mx\/#organization\"},\"potentialAction\":[{\"@type\":\"SearchAction\",\"target\":{\"@type\":\"EntryPoint\",\"urlTemplate\":\"https:\/\/www.sonoraenequipo.com.mx\/?s={search_term_string}\"},\"query-input\":{\"@type\":\"PropertyValueSpecification\",\"valueRequired\":true,\"valueName\":\"search_term_string\"}}],\"inLanguage\":\"es\"},{\"@type\":\"Organization\",\"@id\":\"https:\/\/www.sonoraenequipo.com.mx\/#organization\",\"name\":\"Sonoraenequipo.com.mx\",\"url\":\"https:\/\/www.sonoraenequipo.com.mx\/\",\"logo\":{\"@type\":\"ImageObject\",\"inLanguage\":\"es\",\"@id\":\"https:\/\/www.sonoraenequipo.com.mx\/#\/schema\/logo\/image\/\",\"url\":\"https:\/\/www.sonoraenequipo.com.mx\/storage\/2019\/01\/sonoraenequipo_opt.png\",\"contentUrl\":\"https:\/\/www.sonoraenequipo.com.mx\/storage\/2019\/01\/sonoraenequipo_opt.png\",\"width\":375,\"height\":125,\"caption\":\"Sonoraenequipo.com.mx\"},\"image\":{\"@id\":\"https:\/\/www.sonoraenequipo.com.mx\/#\/schema\/logo\/image\/\"},\"sameAs\":[\"https:\/\/www.facebook.com\/SonoraEE\/\",\"https:\/\/x.com\/sonoraenequipo\",\"https:\/\/www.youtube.com\/channel\/UC338nW-lPEYmJQs4ZABQ1SQ\"]},{\"@type\":\"Person\",\"@id\":\"https:\/\/www.sonoraenequipo.com.mx\/#\/schema\/person\/50102df0fb23a8fa9e8effad8fa81386\",\"name\":\"enequipo\",\"image\":{\"@type\":\"ImageObject\",\"inLanguage\":\"es\",\"@id\":\"https:\/\/www.sonoraenequipo.com.mx\/#\/schema\/person\/image\/\",\"url\":\"https:\/\/secure.gravatar.com\/avatar\/049821681b589dabc0bc20695993ccebb09f5b5d4d790cd9251b97faac7c652b?s=96&d=blank&r=g\",\"contentUrl\":\"https:\/\/secure.gravatar.com\/avatar\/049821681b589dabc0bc20695993ccebb09f5b5d4d790cd9251b97faac7c652b?s=96&d=blank&r=g\",\"caption\":\"enequipo\"},\"sameAs\":[\"https:\/\/www.facebook.com\/SonoraEE\"]}]}<\/script>\n ","yoast_head_json":{"title":"Sonora en Equipo. Venezuela anuncia maniobras militares en el Caribe MUNDO","description":"Maniobras a\u00e9reas, mar\u00edtimas y terrestres incluir\u00e1 el plan anunciado por el ministro de Defensa de Venezuela, Vladimir Padrino, ante lo que considera una En Sonora en Equipo publicamos toda la informaci\u00f3n de Sonora, M\u00e9xico y el Mundo de manera oportuna y busca que la libertad de expresi\u00f3n sea real. Visita nuestro medio informativo publicado desde Hermosillo, Sonora. %","robots":{"index":"index","follow":"follow","max-snippet":"max-snippet:-1","max-image-preview":"max-image-preview:large","max-video-preview":"max-video-preview:-1"},"canonical":"https:\/\/www.sonoraenequipo.com.mx\/venezuela-anuncia-maniobras-militares-en-el-caribe\/","og_locale":"es_ES","og_type":"article","og_title":"Sonora en Equipo. Venezuela anuncia maniobras militares en el Caribe MUNDO","og_description":"Maniobras a\u00e9reas, mar\u00edtimas y terrestres incluir\u00e1 el plan anunciado por el ministro de Defensa de Venezuela, Vladimir Padrino, ante lo que considera una En Sonora en Equipo publicamos toda la informaci\u00f3n de Sonora, M\u00e9xico y el Mundo de manera oportuna y busca que la libertad de expresi\u00f3n sea real. Visita nuestro medio informativo publicado desde Hermosillo, Sonora. %","og_url":"https:\/\/www.sonoraenequipo.com.mx\/venezuela-anuncia-maniobras-militares-en-el-caribe\/","og_site_name":"Sonora en Equipo.","article_publisher":"https:\/\/www.facebook.com\/SonoraEE\/","article_author":"https:\/\/www.facebook.com\/SonoraEE","article_published_time":"2025-09-18T18:04:15+00:00","article_modified_time":"2025-09-18T18:05:23+00:00","og_image":[{"width":600,"height":400,"url":"https:\/\/www.sonoraenequipo.com.mx\/storage\/2025\/09\/vladimir-padrino.jpg","type":"image\/jpeg"}],"author":"enequipo","twitter_card":"summary_large_image","twitter_creator":"@sonoraenequipo","twitter_site":"@sonoraenequipo","twitter_misc":{"Escrito por":"enequipo","Tiempo de lectura":"2 minutos"},"schema":{"@context":"https:\/\/schema.org","@graph":[{"@type":"Article","@id":"https:\/\/www.sonoraenequipo.com.mx\/venezuela-anuncia-maniobras-militares-en-el-caribe\/#article","isPartOf":{"@id":"https:\/\/www.sonoraenequipo.com.mx\/venezuela-anuncia-maniobras-militares-en-el-caribe\/"},"author":{"name":"enequipo","@id":"https:\/\/www.sonoraenequipo.com.mx\/#\/schema\/person\/50102df0fb23a8fa9e8effad8fa81386"},"headline":"Venezuela anuncia maniobras militares en el Caribe","datePublished":"2025-09-18T18:04:15+00:00","dateModified":"2025-09-18T18:05:23+00:00","mainEntityOfPage":{"@id":"https:\/\/www.sonoraenequipo.com.mx\/venezuela-anuncia-maniobras-militares-en-el-caribe\/"},"wordCount":308,"commentCount":0,"publisher":{"@id":"https:\/\/www.sonoraenequipo.com.mx\/#organization"},"image":{"@id":"https:\/\/www.sonoraenequipo.com.mx\/venezuela-anuncia-maniobras-militares-en-el-caribe\/#primaryimage"},"thumbnailUrl":"https:\/\/www.sonoraenequipo.com.mx\/storage\/2025\/09\/vladimir-padrino.jpg","articleSection":["MUNDO"],"inLanguage":"es","potentialAction":[{"@type":"CommentAction","name":"Comment","target":["https:\/\/www.sonoraenequipo.com.mx\/venezuela-anuncia-maniobras-militares-en-el-caribe\/#respond"]}]},{"@type":"WebPage","@id":"https:\/\/www.sonoraenequipo.com.mx\/venezuela-anuncia-maniobras-militares-en-el-caribe\/","url":"https:\/\/www.sonoraenequipo.com.mx\/venezuela-anuncia-maniobras-militares-en-el-caribe\/","name":"Sonora en Equipo. Venezuela anuncia maniobras militares en el Caribe MUNDO","isPartOf":{"@id":"https:\/\/www.sonoraenequipo.com.mx\/#website"},"primaryImageOfPage":{"@id":"https:\/\/www.sonoraenequipo.com.mx\/venezuela-anuncia-maniobras-militares-en-el-caribe\/#primaryimage"},"image":{"@id":"https:\/\/www.sonoraenequipo.com.mx\/venezuela-anuncia-maniobras-militares-en-el-caribe\/#primaryimage"},"thumbnailUrl":"https:\/\/www.sonoraenequipo.com.mx\/storage\/2025\/09\/vladimir-padrino.jpg","datePublished":"2025-09-18T18:04:15+00:00","dateModified":"2025-09-18T18:05:23+00:00","description":"Maniobras a\u00e9reas, mar\u00edtimas y terrestres incluir\u00e1 el plan anunciado por el ministro de Defensa de Venezuela, Vladimir Padrino, ante lo que considera una En Sonora en Equipo publicamos toda la informaci\u00f3n de Sonora, M\u00e9xico y el Mundo de manera oportuna y busca que la libertad de expresi\u00f3n sea real. Visita nuestro medio informativo publicado desde Hermosillo, Sonora. %","breadcrumb":{"@id":"https:\/\/www.sonoraenequipo.com.mx\/venezuela-anuncia-maniobras-militares-en-el-caribe\/#breadcrumb"},"inLanguage":"es","potentialAction":[{"@type":"ReadAction","target":["https:\/\/www.sonoraenequipo.com.mx\/venezuela-anuncia-maniobras-militares-en-el-caribe\/"]}]},{"@type":"ImageObject","inLanguage":"es","@id":"https:\/\/www.sonoraenequipo.com.mx\/venezuela-anuncia-maniobras-militares-en-el-caribe\/#primaryimage","url":"https:\/\/www.sonoraenequipo.com.mx\/storage\/2025\/09\/vladimir-padrino.jpg","contentUrl":"https:\/\/www.sonoraenequipo.com.mx\/storage\/2025\/09\/vladimir-padrino.jpg","width":600,"height":400,"caption":"Vladimir Padrino, ministro de Defensa de Venezuela. (Imagen de 2024)Imagen: Jhon Zerpa\/dpa\/Prensa Miraflores\/picture alliance"},{"@type":"BreadcrumbList","@id":"https:\/\/www.sonoraenequipo.com.mx\/venezuela-anuncia-maniobras-militares-en-el-caribe\/#breadcrumb","itemListElement":[{"@type":"ListItem","position":1,"name":"Portada","item":"https:\/\/www.sonoraenequipo.com.mx\/"},{"@type":"ListItem","position":2,"name":"Venezuela anuncia maniobras militares en el Caribe"}]},{"@type":"WebSite","@id":"https:\/\/www.sonoraenequipo.com.mx\/#website","url":"https:\/\/www.sonoraenequipo.com.mx\/","name":"Sonora en Equipo.","description":"Diario en l\u00ednea con Noticias desde Hermosillo, Sonora","publisher":{"@id":"https:\/\/www.sonoraenequipo.com.mx\/#organization"},"potentialAction":[{"@type":"SearchAction","target":{"@type":"EntryPoint","urlTemplate":"https:\/\/www.sonoraenequipo.com.mx\/?s={search_term_string}"},"query-input":{"@type":"PropertyValueSpecification","valueRequired":true,"valueName":"search_term_string"}}],"inLanguage":"es"},{"@type":"Organization","@id":"https:\/\/www.sonoraenequipo.com.mx\/#organization","name":"Sonoraenequipo.com.mx","url":"https:\/\/www.sonoraenequipo.com.mx\/","logo":{"@type":"ImageObject","inLanguage":"es","@id":"https:\/\/www.sonoraenequipo.com.mx\/#\/schema\/logo\/image\/","url":"https:\/\/www.sonoraenequipo.com.mx\/storage\/2019\/01\/sonoraenequipo_opt.png","contentUrl":"https:\/\/www.sonoraenequipo.com.mx\/storage\/2019\/01\/sonoraenequipo_opt.png","width":375,"height":125,"caption":"Sonoraenequipo.com.mx"},"image":{"@id":"https:\/\/www.sonoraenequipo.com.mx\/#\/schema\/logo\/image\/"},"sameAs":["https:\/\/www.facebook.com\/SonoraEE\/","https:\/\/x.com\/sonoraenequipo","https:\/\/www.youtube.com\/channel\/UC338nW-lPEYmJQs4ZABQ1SQ"]},{"@type":"Person","@id":"https:\/\/www.sonoraenequipo.com.mx\/#\/schema\/person\/50102df0fb23a8fa9e8effad8fa81386","name":"enequipo","image":{"@type":"ImageObject","inLanguage":"es","@id":"https:\/\/www.sonoraenequipo.com.mx\/#\/schema\/person\/image\/","url":"https:\/\/secure.gravatar.com\/avatar\/049821681b589dabc0bc20695993ccebb09f5b5d4d790cd9251b97faac7c652b?s=96&d=blank&r=g","contentUrl":"https:\/\/secure.gravatar.com\/avatar\/049821681b589dabc0bc20695993ccebb09f5b5d4d790cd9251b97faac7c652b?s=96&d=blank&r=g","caption":"enequipo"},"sameAs":["https:\/\/www.facebook.com\/SonoraEE"]}]}},"jetpack_featured_media_url":"https:\/\/www.sonoraenequipo.com.mx\/storage\/2025\/09\/vladimir-padrino.jpg","_links":{"self":[{"href":"https:\/\/www.sonoraenequipo.com.mx\/api\/wp\/v2\/posts\/224182","targetHints":{"allow":["GET"]}}],"collection":[{"href":"https:\/\/www.sonoraenequipo.com.mx\/api\/wp\/v2\/posts"}],"about":[{"href":"https:\/\/www.sonoraenequipo.com.mx\/api\/wp\/v2\/types\/post"}],"author":[{"embeddable":true,"href":"https:\/\/www.sonoraenequipo.com.mx\/api\/wp\/v2\/users\/1"}],"replies":[{"embeddable":true,"href":"https:\/\/www.sonoraenequipo.com.mx\/api\/wp\/v2\/comments?post=224182"}],"version-history":[{"count":1,"href":"https:\/\/www.sonoraenequipo.com.mx\/api\/wp\/v2\/posts\/224182\/revisions"}],"predecessor-version":[{"id":224184,"href":"https:\/\/www.sonoraenequipo.com.mx\/api\/wp\/v2\/posts\/224182\/revisions\/224184"}],"wp:featuredmedia":[{"embeddable":true,"href":"https:\/\/www.sonoraenequipo.com.mx\/api\/wp\/v2\/media\/224183"}],"wp:attachment":[{"href":"https:\/\/www.sonoraenequipo.com.mx\/api\/wp\/v2\/media?parent=224182"}],"wp:term":[{"taxonomy":"category","embeddable":true,"href":"https:\/\/www.sonoraenequipo.com.mx\/api\/wp\/v2\/categories?post=224182"},{"taxonomy":"post_tag","embeddable":true,"href":"https:\/\/www.sonoraenequipo.com.mx\/api\/wp\/v2\/tags?post=224182"}],"curies":[{"name":"wp","href":"https:\/\/api.w.org\/{rel}","templated":true}]}}