{"id":224211,"date":"2025-09-18T12:39:47","date_gmt":"2025-09-18T19:39:47","guid":{"rendered":"https:\/\/www.sonoraenequipo.com.mx\/?p=224211"},"modified":"2025-09-18T12:39:47","modified_gmt":"2025-09-18T19:39:47","slug":"disminuye-en-sonora-tasa-de-victimizacion-inegi","status":"publish","type":"post","link":"https:\/\/www.sonoraenequipo.com.mx\/disminuye-en-sonora-tasa-de-victimizacion-inegi\/","title":{"rendered":"Disminuye en Sonora tasa de victimizaci\u00f3n: Inegi"},"content":{"rendered":"<p>El Instituto Nacional de Estad\u00edstica y Geograf\u00eda (INEGI), dio a conocer hoy las cifras de la Nacional de Victimizaci\u00f3n y Percepci\u00f3n sobre Seguridad P\u00fablica (ENVIPE), con un comparativo 2023-2024 el estado de Sonora registr\u00f3 una considerable baja del 11.6 por ciento al pasar de 26 mil 298 v\u00edctimas de alg\u00fan delito por cada 10 mil habitantes en 2023 a 23 mil 260 en la misma proporci\u00f3n por debajo de la tasa nacional a \u00a0que fue de 24 135 v\u00edctimas por cada 100 mil habitantes, en el periodo de referencia.<\/p>\n<p><strong>CIFRAS NACIONALES.<\/strong><\/p>\n<p>23.1 millones de personas de 18 a\u00f1os y m\u00e1s fueron v\u00edctimas de alg\u00fan delito. La tasa de prevalencia delictiva fue de 24 135 v\u00edctimas por cada 100 mil habitantes.<\/p>\n<p>Los delitos m\u00e1s frecuentes fueron fraude, robo o asalto en calle o transporte p\u00fablico y extorsi\u00f3n.<\/p>\n<p>93.2 % de los 33.5 millones de delitos que ocurrieron no se denunci\u00f3 o la autoridad no inici\u00f3 una carpeta de investigaci\u00f3n. Este subregistro se conoce como cifra oculta.<\/p>\n<p>El Instituto Nacional de Estad\u00edstica y Geograf\u00eda (INEGI) presenta los resultados de la Encuesta Nacional de Victimizaci\u00f3n y Percepci\u00f3n sobre Seguridad P\u00fablica (ENVIPE) 2025. La informaci\u00f3n refiere la victimizaci\u00f3n delictiva durante 2024, la percepci\u00f3n respecto a la seguridad p\u00fablica y<\/p>\n<p>el desempe\u00f1o de las autoridades, entre marzo y abril de 2025. Las estimaciones se generan a nivel nacional, por \u00e1mbitos urbano y rural, por entidad federativa y por \u00e1reas urbanas de inter\u00e9s.<\/p>\n<p>&nbsp;<\/p>\n<ol>\n<li><strong> VICTIMIZACI\u00d3N<\/strong><\/li>\n<\/ol>\n<p>&nbsp;<\/p>\n<p>En 2024, el INEGI estim\u00f3 que en 11.4 millones de hogares (29.0 % del total del pa\u00eds), al menos una o un integrante fue v\u00edctima del delito. Este porcentaje fue superior al de 2023. Para 2024, 23.1 millones de personas de 18 a\u00f1os y m\u00e1s fueron v\u00edctimas de delito: la cifra equivale a 24 135 v\u00edctimas por cada 100 mil habitantes. La tasa para las mujeres fue de 23 399 por cada 100 mil y, para los hombres, la cifra fue de 25 010 por cada 100 mil.<\/p>\n<p>&nbsp;<\/p>\n<p>Al comparar con 2023, en 2024 la tasa de prevalencia disminuy\u00f3 en siete entidades federativas, aument\u00f3 en siete y no tuvo cambios en 18. En ese mismo a\u00f1o, en 10 entidades federativas las tasas superaron a la nacional. Las tasas m\u00e1s altas se registraron en el estado de M\u00e9xico, con 34 851; Ciudad de M\u00e9xico, con 30 804; y Tlaxcala, con 30 498. Las tasas m\u00e1s bajas se presentaron en Chiapas, con 15 576; en Tamaulipas, con 16 537; y en Michoac\u00e1n de Ocampo, con 16 572.<\/p>\n<p><strong>Fecha de publicaci\u00f3n jueves 18 de septiembre de 2025<\/strong><\/p>\n","protected":false},"excerpt":{"rendered":"<p>El Instituto Nacional de Estad\u00edstica y Geograf\u00eda (INEGI), dio a conocer hoy las cifras de&#8230;<\/p>\n","protected":false},"author":1,"featured_media":143113,"comment_status":"open","ping_status":"open","sticky":false,"template":"","format":"standard","meta":{"_monsterinsights_skip_tracking":false,"_monsterinsights_sitenote_active":false,"_monsterinsights_sitenote_note":"","_monsterinsights_sitenote_category":0,"footnotes":""},"categories":[6493],"tags":[2378,7507],"class_list":["post"],"yoast_head":" \n<title>Sonora en Equipo. Disminuye en Sonora tasa de victimizaci\u00f3n: Inegi PALABRAS Y N\u00daMEROS<\/title>\n<meta name=\"description\" content=\"El Instituto Nacional de Estad\u00edstica y Geograf\u00eda (INEGI), dio a conocer hoy las cifras de la Nacional de Victimizaci\u00f3n y Percepci\u00f3n sobre Seguridad En Sonora en Equipo publicamos toda la informaci\u00f3n de Sonora, M\u00e9xico y el Mundo de manera oportuna y busca que la libertad de expresi\u00f3n sea real. Visita nuestro medio informativo publicado desde Hermosillo, Sonora. %\" \/>\n<meta name=\"robots\" content=\"index, follow, max-snippet:-1, max-image-preview:large, max-video-preview:-1\" \/>\n<link rel=\"canonical\" href=\"https:\/\/www.sonoraenequipo.com.mx\/disminuye-en-sonora-tasa-de-victimizacion-inegi\/\" \/>\n<meta property=\"og:locale\" content=\"es_ES\" \/>\n<meta property=\"og:type\" content=\"article\" \/>\n<meta property=\"og:title\" content=\"Sonora en Equipo. Disminuye en Sonora tasa de victimizaci\u00f3n: Inegi PALABRAS Y N\u00daMEROS\" \/>\n<meta property=\"og:description\" content=\"El Instituto Nacional de Estad\u00edstica y Geograf\u00eda (INEGI), dio a conocer hoy las cifras de la Nacional de Victimizaci\u00f3n y Percepci\u00f3n sobre Seguridad En Sonora en Equipo publicamos toda la informaci\u00f3n de Sonora, M\u00e9xico y el Mundo de manera oportuna y busca que la libertad de expresi\u00f3n sea real. Visita nuestro medio informativo publicado desde Hermosillo, Sonora. %\" \/>\n<meta property=\"og:url\" content=\"https:\/\/www.sonoraenequipo.com.mx\/disminuye-en-sonora-tasa-de-victimizacion-inegi\/\" \/>\n<meta property=\"og:site_name\" content=\"Sonora en Equipo.\" \/>\n<meta property=\"article:publisher\" content=\"https:\/\/www.facebook.com\/SonoraEE\/\" \/>\n<meta property=\"article:author\" content=\"https:\/\/www.facebook.com\/SonoraEE\" \/>\n<meta property=\"article:published_time\" content=\"2025-09-18T19:39:47+00:00\" \/>\n<meta property=\"og:image\" content=\"https:\/\/www.sonoraenequipo.com.mx\/storage\/2022\/07\/inseguridad2.jpg\" \/>\n\t<meta property=\"og:image:width\" content=\"700\" \/>\n\t<meta property=\"og:image:height\" content=\"400\" \/>\n\t<meta property=\"og:image:type\" content=\"image\/jpeg\" \/>\n<meta name=\"author\" content=\"enequipo\" \/>\n<meta name=\"twitter:card\" content=\"summary_large_image\" \/>\n<meta name=\"twitter:creator\" content=\"@sonoraenequipo\" \/>\n<meta name=\"twitter:site\" content=\"@sonoraenequipo\" \/>\n<meta name=\"twitter:label1\" content=\"Escrito por\" \/>\n\t<meta name=\"twitter:data1\" content=\"enequipo\" \/>\n\t<meta name=\"twitter:label2\" content=\"Tiempo de lectura\" \/>\n\t<meta name=\"twitter:data2\" content=\"2 minutos\" \/>\n<script type=\"application\/ld+json\" class=\"yoast-schema-graph\">{\"@context\":\"https:\/\/schema.org\",\"@graph\":[{\"@type\":\"Article\",\"@id\":\"https:\/\/www.sonoraenequipo.com.mx\/disminuye-en-sonora-tasa-de-victimizacion-inegi\/#article\",\"isPartOf\":{\"@id\":\"https:\/\/www.sonoraenequipo.com.mx\/disminuye-en-sonora-tasa-de-victimizacion-inegi\/\"},\"author\":{\"name\":\"enequipo\",\"@id\":\"https:\/\/www.sonoraenequipo.com.mx\/#\/schema\/person\/50102df0fb23a8fa9e8effad8fa81386\"},\"headline\":\"Disminuye en Sonora tasa de victimizaci\u00f3n: Inegi\",\"datePublished\":\"2025-09-18T19:39:47+00:00\",\"mainEntityOfPage\":{\"@id\":\"https:\/\/www.sonoraenequipo.com.mx\/disminuye-en-sonora-tasa-de-victimizacion-inegi\/\"},\"wordCount\":420,\"commentCount\":0,\"publisher\":{\"@id\":\"https:\/\/www.sonoraenequipo.com.mx\/#organization\"},\"image\":{\"@id\":\"https:\/\/www.sonoraenequipo.com.mx\/disminuye-en-sonora-tasa-de-victimizacion-inegi\/#primaryimage\"},\"thumbnailUrl\":\"https:\/\/www.sonoraenequipo.com.mx\/storage\/2022\/07\/inseguridad2.jpg\",\"keywords\":[\"INEGI\",\"victimas\"],\"articleSection\":[\"PALABRAS Y N\u00daMEROS\"],\"inLanguage\":\"es\",\"potentialAction\":[{\"@type\":\"CommentAction\",\"name\":\"Comment\",\"target\":[\"https:\/\/www.sonoraenequipo.com.mx\/disminuye-en-sonora-tasa-de-victimizacion-inegi\/#respond\"]}]},{\"@type\":\"WebPage\",\"@id\":\"https:\/\/www.sonoraenequipo.com.mx\/disminuye-en-sonora-tasa-de-victimizacion-inegi\/\",\"url\":\"https:\/\/www.sonoraenequipo.com.mx\/disminuye-en-sonora-tasa-de-victimizacion-inegi\/\",\"name\":\"Sonora en Equipo. Disminuye en Sonora tasa de victimizaci\u00f3n: Inegi PALABRAS Y N\u00daMEROS\",\"isPartOf\":{\"@id\":\"https:\/\/www.sonoraenequipo.com.mx\/#website\"},\"primaryImageOfPage\":{\"@id\":\"https:\/\/www.sonoraenequipo.com.mx\/disminuye-en-sonora-tasa-de-victimizacion-inegi\/#primaryimage\"},\"image\":{\"@id\":\"https:\/\/www.sonoraenequipo.com.mx\/disminuye-en-sonora-tasa-de-victimizacion-inegi\/#primaryimage\"},\"thumbnailUrl\":\"https:\/\/www.sonoraenequipo.com.mx\/storage\/2022\/07\/inseguridad2.jpg\",\"datePublished\":\"2025-09-18T19:39:47+00:00\",\"description\":\"El Instituto Nacional de Estad\u00edstica y Geograf\u00eda (INEGI), dio a conocer hoy las cifras de la Nacional de Victimizaci\u00f3n y Percepci\u00f3n sobre Seguridad En Sonora en Equipo publicamos toda la informaci\u00f3n de Sonora, M\u00e9xico y el Mundo de manera oportuna y busca que la libertad de expresi\u00f3n sea real. Visita nuestro medio informativo publicado desde Hermosillo, Sonora. %\",\"breadcrumb\":{\"@id\":\"https:\/\/www.sonoraenequipo.com.mx\/disminuye-en-sonora-tasa-de-victimizacion-inegi\/#breadcrumb\"},\"inLanguage\":\"es\",\"potentialAction\":[{\"@type\":\"ReadAction\",\"target\":[\"https:\/\/www.sonoraenequipo.com.mx\/disminuye-en-sonora-tasa-de-victimizacion-inegi\/\"]}]},{\"@type\":\"ImageObject\",\"inLanguage\":\"es\",\"@id\":\"https:\/\/www.sonoraenequipo.com.mx\/disminuye-en-sonora-tasa-de-victimizacion-inegi\/#primaryimage\",\"url\":\"https:\/\/www.sonoraenequipo.com.mx\/storage\/2022\/07\/inseguridad2.jpg\",\"contentUrl\":\"https:\/\/www.sonoraenequipo.com.mx\/storage\/2022\/07\/inseguridad2.jpg\",\"width\":700,\"height\":400,\"caption\":\"Inseguridad,Imagen para ilustrar.\"},{\"@type\":\"BreadcrumbList\",\"@id\":\"https:\/\/www.sonoraenequipo.com.mx\/disminuye-en-sonora-tasa-de-victimizacion-inegi\/#breadcrumb\",\"itemListElement\":[{\"@type\":\"ListItem\",\"position\":1,\"name\":\"Portada\",\"item\":\"https:\/\/www.sonoraenequipo.com.mx\/\"},{\"@type\":\"ListItem\",\"position\":2,\"name\":\"Disminuye en Sonora tasa de victimizaci\u00f3n: Inegi\"}]},{\"@type\":\"WebSite\",\"@id\":\"https:\/\/www.sonoraenequipo.com.mx\/#website\",\"url\":\"https:\/\/www.sonoraenequipo.com.mx\/\",\"name\":\"Sonora en Equipo.\",\"description\":\"Diario en l\u00ednea con Noticias desde Hermosillo, Sonora\",\"publisher\":{\"@id\":\"https:\/\/www.sonoraenequipo.com.mx\/#organization\"},\"potentialAction\":[{\"@type\":\"SearchAction\",\"target\":{\"@type\":\"EntryPoint\",\"urlTemplate\":\"https:\/\/www.sonoraenequipo.com.mx\/?s={search_term_string}\"},\"query-input\":{\"@type\":\"PropertyValueSpecification\",\"valueRequired\":true,\"valueName\":\"search_term_string\"}}],\"inLanguage\":\"es\"},{\"@type\":\"Organization\",\"@id\":\"https:\/\/www.sonoraenequipo.com.mx\/#organization\",\"name\":\"Sonoraenequipo.com.mx\",\"url\":\"https:\/\/www.sonoraenequipo.com.mx\/\",\"logo\":{\"@type\":\"ImageObject\",\"inLanguage\":\"es\",\"@id\":\"https:\/\/www.sonoraenequipo.com.mx\/#\/schema\/logo\/image\/\",\"url\":\"https:\/\/www.sonoraenequipo.com.mx\/storage\/2019\/01\/sonoraenequipo_opt.png\",\"contentUrl\":\"https:\/\/www.sonoraenequipo.com.mx\/storage\/2019\/01\/sonoraenequipo_opt.png\",\"width\":375,\"height\":125,\"caption\":\"Sonoraenequipo.com.mx\"},\"image\":{\"@id\":\"https:\/\/www.sonoraenequipo.com.mx\/#\/schema\/logo\/image\/\"},\"sameAs\":[\"https:\/\/www.facebook.com\/SonoraEE\/\",\"https:\/\/x.com\/sonoraenequipo\",\"https:\/\/www.youtube.com\/channel\/UC338nW-lPEYmJQs4ZABQ1SQ\"]},{\"@type\":\"Person\",\"@id\":\"https:\/\/www.sonoraenequipo.com.mx\/#\/schema\/person\/50102df0fb23a8fa9e8effad8fa81386\",\"name\":\"enequipo\",\"image\":{\"@type\":\"ImageObject\",\"inLanguage\":\"es\",\"@id\":\"https:\/\/www.sonoraenequipo.com.mx\/#\/schema\/person\/image\/\",\"url\":\"https:\/\/secure.gravatar.com\/avatar\/049821681b589dabc0bc20695993ccebb09f5b5d4d790cd9251b97faac7c652b?s=96&d=blank&r=g\",\"contentUrl\":\"https:\/\/secure.gravatar.com\/avatar\/049821681b589dabc0bc20695993ccebb09f5b5d4d790cd9251b97faac7c652b?s=96&d=blank&r=g\",\"caption\":\"enequipo\"},\"sameAs\":[\"https:\/\/www.facebook.com\/SonoraEE\"]}]}<\/script>\n ","yoast_head_json":{"title":"Sonora en Equipo. Disminuye en Sonora tasa de victimizaci\u00f3n: Inegi PALABRAS Y N\u00daMEROS","description":"El Instituto Nacional de Estad\u00edstica y Geograf\u00eda (INEGI), dio a conocer hoy las cifras de la Nacional de Victimizaci\u00f3n y Percepci\u00f3n sobre Seguridad En Sonora en Equipo publicamos toda la informaci\u00f3n de Sonora, M\u00e9xico y el Mundo de manera oportuna y busca que la libertad de expresi\u00f3n sea real. Visita nuestro medio informativo publicado desde Hermosillo, Sonora. %","robots":{"index":"index","follow":"follow","max-snippet":"max-snippet:-1","max-image-preview":"max-image-preview:large","max-video-preview":"max-video-preview:-1"},"canonical":"https:\/\/www.sonoraenequipo.com.mx\/disminuye-en-sonora-tasa-de-victimizacion-inegi\/","og_locale":"es_ES","og_type":"article","og_title":"Sonora en Equipo. Disminuye en Sonora tasa de victimizaci\u00f3n: Inegi PALABRAS Y N\u00daMEROS","og_description":"El Instituto Nacional de Estad\u00edstica y Geograf\u00eda (INEGI), dio a conocer hoy las cifras de la Nacional de Victimizaci\u00f3n y Percepci\u00f3n sobre Seguridad En Sonora en Equipo publicamos toda la informaci\u00f3n de Sonora, M\u00e9xico y el Mundo de manera oportuna y busca que la libertad de expresi\u00f3n sea real. Visita nuestro medio informativo publicado desde Hermosillo, Sonora. %","og_url":"https:\/\/www.sonoraenequipo.com.mx\/disminuye-en-sonora-tasa-de-victimizacion-inegi\/","og_site_name":"Sonora en Equipo.","article_publisher":"https:\/\/www.facebook.com\/SonoraEE\/","article_author":"https:\/\/www.facebook.com\/SonoraEE","article_published_time":"2025-09-18T19:39:47+00:00","og_image":[{"width":700,"height":400,"url":"https:\/\/www.sonoraenequipo.com.mx\/storage\/2022\/07\/inseguridad2.jpg","type":"image\/jpeg"}],"author":"enequipo","twitter_card":"summary_large_image","twitter_creator":"@sonoraenequipo","twitter_site":"@sonoraenequipo","twitter_misc":{"Escrito por":"enequipo","Tiempo de lectura":"2 minutos"},"schema":{"@context":"https:\/\/schema.org","@graph":[{"@type":"Article","@id":"https:\/\/www.sonoraenequipo.com.mx\/disminuye-en-sonora-tasa-de-victimizacion-inegi\/#article","isPartOf":{"@id":"https:\/\/www.sonoraenequipo.com.mx\/disminuye-en-sonora-tasa-de-victimizacion-inegi\/"},"author":{"name":"enequipo","@id":"https:\/\/www.sonoraenequipo.com.mx\/#\/schema\/person\/50102df0fb23a8fa9e8effad8fa81386"},"headline":"Disminuye en Sonora tasa de victimizaci\u00f3n: Inegi","datePublished":"2025-09-18T19:39:47+00:00","mainEntityOfPage":{"@id":"https:\/\/www.sonoraenequipo.com.mx\/disminuye-en-sonora-tasa-de-victimizacion-inegi\/"},"wordCount":420,"commentCount":0,"publisher":{"@id":"https:\/\/www.sonoraenequipo.com.mx\/#organization"},"image":{"@id":"https:\/\/www.sonoraenequipo.com.mx\/disminuye-en-sonora-tasa-de-victimizacion-inegi\/#primaryimage"},"thumbnailUrl":"https:\/\/www.sonoraenequipo.com.mx\/storage\/2022\/07\/inseguridad2.jpg","keywords":["INEGI","victimas"],"articleSection":["PALABRAS Y N\u00daMEROS"],"inLanguage":"es","potentialAction":[{"@type":"CommentAction","name":"Comment","target":["https:\/\/www.sonoraenequipo.com.mx\/disminuye-en-sonora-tasa-de-victimizacion-inegi\/#respond"]}]},{"@type":"WebPage","@id":"https:\/\/www.sonoraenequipo.com.mx\/disminuye-en-sonora-tasa-de-victimizacion-inegi\/","url":"https:\/\/www.sonoraenequipo.com.mx\/disminuye-en-sonora-tasa-de-victimizacion-inegi\/","name":"Sonora en Equipo. Disminuye en Sonora tasa de victimizaci\u00f3n: Inegi PALABRAS Y N\u00daMEROS","isPartOf":{"@id":"https:\/\/www.sonoraenequipo.com.mx\/#website"},"primaryImageOfPage":{"@id":"https:\/\/www.sonoraenequipo.com.mx\/disminuye-en-sonora-tasa-de-victimizacion-inegi\/#primaryimage"},"image":{"@id":"https:\/\/www.sonoraenequipo.com.mx\/disminuye-en-sonora-tasa-de-victimizacion-inegi\/#primaryimage"},"thumbnailUrl":"https:\/\/www.sonoraenequipo.com.mx\/storage\/2022\/07\/inseguridad2.jpg","datePublished":"2025-09-18T19:39:47+00:00","description":"El Instituto Nacional de Estad\u00edstica y Geograf\u00eda (INEGI), dio a conocer hoy las cifras de la Nacional de Victimizaci\u00f3n y Percepci\u00f3n sobre Seguridad En Sonora en Equipo publicamos toda la informaci\u00f3n de Sonora, M\u00e9xico y el Mundo de manera oportuna y busca que la libertad de expresi\u00f3n sea real. Visita nuestro medio informativo publicado desde Hermosillo, Sonora. %","breadcrumb":{"@id":"https:\/\/www.sonoraenequipo.com.mx\/disminuye-en-sonora-tasa-de-victimizacion-inegi\/#breadcrumb"},"inLanguage":"es","potentialAction":[{"@type":"ReadAction","target":["https:\/\/www.sonoraenequipo.com.mx\/disminuye-en-sonora-tasa-de-victimizacion-inegi\/"]}]},{"@type":"ImageObject","inLanguage":"es","@id":"https:\/\/www.sonoraenequipo.com.mx\/disminuye-en-sonora-tasa-de-victimizacion-inegi\/#primaryimage","url":"https:\/\/www.sonoraenequipo.com.mx\/storage\/2022\/07\/inseguridad2.jpg","contentUrl":"https:\/\/www.sonoraenequipo.com.mx\/storage\/2022\/07\/inseguridad2.jpg","width":700,"height":400,"caption":"Inseguridad,Imagen para ilustrar."},{"@type":"BreadcrumbList","@id":"https:\/\/www.sonoraenequipo.com.mx\/disminuye-en-sonora-tasa-de-victimizacion-inegi\/#breadcrumb","itemListElement":[{"@type":"ListItem","position":1,"name":"Portada","item":"https:\/\/www.sonoraenequipo.com.mx\/"},{"@type":"ListItem","position":2,"name":"Disminuye en Sonora tasa de victimizaci\u00f3n: Inegi"}]},{"@type":"WebSite","@id":"https:\/\/www.sonoraenequipo.com.mx\/#website","url":"https:\/\/www.sonoraenequipo.com.mx\/","name":"Sonora en Equipo.","description":"Diario en l\u00ednea con Noticias desde Hermosillo, Sonora","publisher":{"@id":"https:\/\/www.sonoraenequipo.com.mx\/#organization"},"potentialAction":[{"@type":"SearchAction","target":{"@type":"EntryPoint","urlTemplate":"https:\/\/www.sonoraenequipo.com.mx\/?s={search_term_string}"},"query-input":{"@type":"PropertyValueSpecification","valueRequired":true,"valueName":"search_term_string"}}],"inLanguage":"es"},{"@type":"Organization","@id":"https:\/\/www.sonoraenequipo.com.mx\/#organization","name":"Sonoraenequipo.com.mx","url":"https:\/\/www.sonoraenequipo.com.mx\/","logo":{"@type":"ImageObject","inLanguage":"es","@id":"https:\/\/www.sonoraenequipo.com.mx\/#\/schema\/logo\/image\/","url":"https:\/\/www.sonoraenequipo.com.mx\/storage\/2019\/01\/sonoraenequipo_opt.png","contentUrl":"https:\/\/www.sonoraenequipo.com.mx\/storage\/2019\/01\/sonoraenequipo_opt.png","width":375,"height":125,"caption":"Sonoraenequipo.com.mx"},"image":{"@id":"https:\/\/www.sonoraenequipo.com.mx\/#\/schema\/logo\/image\/"},"sameAs":["https:\/\/www.facebook.com\/SonoraEE\/","https:\/\/x.com\/sonoraenequipo","https:\/\/www.youtube.com\/channel\/UC338nW-lPEYmJQs4ZABQ1SQ"]},{"@type":"Person","@id":"https:\/\/www.sonoraenequipo.com.mx\/#\/schema\/person\/50102df0fb23a8fa9e8effad8fa81386","name":"enequipo","image":{"@type":"ImageObject","inLanguage":"es","@id":"https:\/\/www.sonoraenequipo.com.mx\/#\/schema\/person\/image\/","url":"https:\/\/secure.gravatar.com\/avatar\/049821681b589dabc0bc20695993ccebb09f5b5d4d790cd9251b97faac7c652b?s=96&d=blank&r=g","contentUrl":"https:\/\/secure.gravatar.com\/avatar\/049821681b589dabc0bc20695993ccebb09f5b5d4d790cd9251b97faac7c652b?s=96&d=blank&r=g","caption":"enequipo"},"sameAs":["https:\/\/www.facebook.com\/SonoraEE"]}]}},"jetpack_featured_media_url":"https:\/\/www.sonoraenequipo.com.mx\/storage\/2022\/07\/inseguridad2.jpg","_links":{"self":[{"href":"https:\/\/www.sonoraenequipo.com.mx\/api\/wp\/v2\/posts\/224211","targetHints":{"allow":["GET"]}}],"collection":[{"href":"https:\/\/www.sonoraenequipo.com.mx\/api\/wp\/v2\/posts"}],"about":[{"href":"https:\/\/www.sonoraenequipo.com.mx\/api\/wp\/v2\/types\/post"}],"author":[{"embeddable":true,"href":"https:\/\/www.sonoraenequipo.com.mx\/api\/wp\/v2\/users\/1"}],"replies":[{"embeddable":true,"href":"https:\/\/www.sonoraenequipo.com.mx\/api\/wp\/v2\/comments?post=224211"}],"version-history":[{"count":1,"href":"https:\/\/www.sonoraenequipo.com.mx\/api\/wp\/v2\/posts\/224211\/revisions"}],"predecessor-version":[{"id":224214,"href":"https:\/\/www.sonoraenequipo.com.mx\/api\/wp\/v2\/posts\/224211\/revisions\/224214"}],"wp:featuredmedia":[{"embeddable":true,"href":"https:\/\/www.sonoraenequipo.com.mx\/api\/wp\/v2\/media\/143113"}],"wp:attachment":[{"href":"https:\/\/www.sonoraenequipo.com.mx\/api\/wp\/v2\/media?parent=224211"}],"wp:term":[{"taxonomy":"category","embeddable":true,"href":"https:\/\/www.sonoraenequipo.com.mx\/api\/wp\/v2\/categories?post=224211"},{"taxonomy":"post_tag","embeddable":true,"href":"https:\/\/www.sonoraenequipo.com.mx\/api\/wp\/v2\/tags?post=224211"}],"curies":[{"name":"wp","href":"https:\/\/api.w.org\/{rel}","templated":true}]}}