{"id":224476,"date":"2025-09-23T13:29:27","date_gmt":"2025-09-23T20:29:27","guid":{"rendered":"https:\/\/www.sonoraenequipo.com.mx\/?p=224476"},"modified":"2025-09-23T14:09:18","modified_gmt":"2025-09-23T21:09:18","slug":"inah-sonora-analiza-proyecto-de-remodelacion-en-el-bulevar-hidalgo","status":"publish","type":"post","link":"https:\/\/www.sonoraenequipo.com.mx\/inah-sonora-analiza-proyecto-de-remodelacion-en-el-bulevar-hidalgo\/","title":{"rendered":"INAH Sonora analiza proyecto de remodelaci\u00f3n en el Bulevar Hidalgo"},"content":{"rendered":"<p><strong>HERMOSILLO, SONORA. MX.<\/strong> \u2014 El Instituto Nacional de Antropolog\u00eda e Historia (INAH) Sonora se encuentra realizando un an\u00e1lisis t\u00e9cnico del proyecto de remodelaci\u00f3n en el camell\u00f3n del Bulevar Hidalgo, detall\u00f3 el director Zen\u00f3n Tiburcio Robles.<\/p>\n<p>&nbsp;<\/p>\n<p>&nbsp;<\/p>\n<p>&nbsp;<\/p>\n<p> <\/p>\n<p>Explic\u00f3 que despu\u00e9s de la suspensi\u00f3n temporal de la obra, que se llev\u00f3 a cabo el 23 de agosto, se realizaron varias reuniones con personal del Ayuntamiento. El pasado viernes se les entreg\u00f3 un documento con los detalles del proyecto, el cual todav\u00eda est\u00e1n analizando.<\/p>\n<p>&nbsp;<\/p>\n<p>&nbsp;<\/p>\n<p>\u201cRevisamos el proyecto que hab\u00edan entregado, hac\u00eda falta algo de informaci\u00f3n, detalles en concreto para saber qu\u00e9 tienen planeado hacer en esa parte y en todo el bulevar, y apenas el viernes pasado nos entregaron la carpeta. Cuando tengamos el dictamen final, nuevamente nos reuniremos con ellos\u201d, expres\u00f3.<\/p>\n<p>&nbsp;<\/p>\n<p>Se\u00f1al\u00f3 que el \u00e1rea clausurada corresponde a la zona de juegos infantiles y la cancha deportiva. Con esta intervenci\u00f3n, el INAH busca que se respete el patrimonio hist\u00f3rico que ya se ten\u00eda en el lugar y que no se invada en su totalidad con nuevas construcciones<\/p>\n<p>&nbsp;<\/p>\n<p>&nbsp;<\/p>\n<p>PUBLICADO EL 23 DE SEPTIEMBRE DE 2025 Con informaci\u00f3n de Fatima Parra)<\/p>\n","protected":false},"excerpt":{"rendered":"<p>HERMOSILLO, SONORA. MX. \u2014 El Instituto Nacional de Antropolog\u00eda e Historia (INAH) Sonora se encuentra&#8230;<\/p>\n","protected":false},"author":1,"featured_media":224528,"comment_status":"open","ping_status":"open","sticky":false,"template":"","format":"standard","meta":{"_monsterinsights_skip_tracking":false,"_monsterinsights_sitenote_active":false,"_monsterinsights_sitenote_note":"","_monsterinsights_sitenote_category":0,"footnotes":""},"categories":[22],"tags":[],"class_list":["post"],"yoast_head":" \n<title>Sonora en Equipo. INAH Sonora analiza proyecto de remodelaci\u00f3n en el Bulevar Hidalgo Sonora<\/title>\n<meta name=\"description\" content=\"HERMOSILLO, SONORA. MX. \u2014 El Instituto Nacional de Antropolog\u00eda e Historia (INAH) Sonora se encuentra realizando un an\u00e1lisis t\u00e9cnico del proyecto de En Sonora en Equipo publicamos toda la informaci\u00f3n de Sonora, M\u00e9xico y el Mundo de manera oportuna y busca que la libertad de expresi\u00f3n sea real. Visita nuestro medio informativo publicado desde Hermosillo, Sonora. %\" \/>\n<meta name=\"robots\" content=\"index, follow, max-snippet:-1, max-image-preview:large, max-video-preview:-1\" \/>\n<link rel=\"canonical\" href=\"https:\/\/www.sonoraenequipo.com.mx\/inah-sonora-analiza-proyecto-de-remodelacion-en-el-bulevar-hidalgo\/\" \/>\n<meta property=\"og:locale\" content=\"es_ES\" \/>\n<meta property=\"og:type\" content=\"article\" \/>\n<meta property=\"og:title\" content=\"Sonora en Equipo. INAH Sonora analiza proyecto de remodelaci\u00f3n en el Bulevar Hidalgo Sonora\" \/>\n<meta property=\"og:description\" content=\"HERMOSILLO, SONORA. MX. \u2014 El Instituto Nacional de Antropolog\u00eda e Historia (INAH) Sonora se encuentra realizando un an\u00e1lisis t\u00e9cnico del proyecto de En Sonora en Equipo publicamos toda la informaci\u00f3n de Sonora, M\u00e9xico y el Mundo de manera oportuna y busca que la libertad de expresi\u00f3n sea real. Visita nuestro medio informativo publicado desde Hermosillo, Sonora. %\" \/>\n<meta property=\"og:url\" content=\"https:\/\/www.sonoraenequipo.com.mx\/inah-sonora-analiza-proyecto-de-remodelacion-en-el-bulevar-hidalgo\/\" \/>\n<meta property=\"og:site_name\" content=\"Sonora en Equipo.\" \/>\n<meta property=\"article:publisher\" content=\"https:\/\/www.facebook.com\/SonoraEE\/\" \/>\n<meta property=\"article:author\" content=\"https:\/\/www.facebook.com\/SonoraEE\" \/>\n<meta property=\"article:published_time\" content=\"2025-09-23T20:29:27+00:00\" \/>\n<meta property=\"article:modified_time\" content=\"2025-09-23T21:09:18+00:00\" \/>\n<meta property=\"og:image\" content=\"https:\/\/www.sonoraenequipo.com.mx\/storage\/2025\/09\/blvd-hidalgo-min.jpg\" \/>\n\t<meta property=\"og:image:width\" content=\"1000\" \/>\n\t<meta property=\"og:image:height\" content=\"562\" \/>\n\t<meta property=\"og:image:type\" content=\"image\/jpeg\" \/>\n<meta name=\"author\" content=\"enequipo\" \/>\n<meta name=\"twitter:card\" content=\"summary_large_image\" \/>\n<meta name=\"twitter:creator\" content=\"@sonoraenequipo\" \/>\n<meta name=\"twitter:site\" content=\"@sonoraenequipo\" \/>\n<meta name=\"twitter:label1\" content=\"Escrito por\" \/>\n\t<meta name=\"twitter:data1\" content=\"enequipo\" \/>\n\t<meta name=\"twitter:label2\" content=\"Tiempo de lectura\" \/>\n\t<meta name=\"twitter:data2\" content=\"1 minuto\" \/>\n<script type=\"application\/ld+json\" class=\"yoast-schema-graph\">{\"@context\":\"https:\/\/schema.org\",\"@graph\":[{\"@type\":\"Article\",\"@id\":\"https:\/\/www.sonoraenequipo.com.mx\/inah-sonora-analiza-proyecto-de-remodelacion-en-el-bulevar-hidalgo\/#article\",\"isPartOf\":{\"@id\":\"https:\/\/www.sonoraenequipo.com.mx\/inah-sonora-analiza-proyecto-de-remodelacion-en-el-bulevar-hidalgo\/\"},\"author\":{\"name\":\"enequipo\",\"@id\":\"https:\/\/www.sonoraenequipo.com.mx\/#\/schema\/person\/50102df0fb23a8fa9e8effad8fa81386\"},\"headline\":\"INAH Sonora analiza proyecto de remodelaci\u00f3n en el Bulevar Hidalgo\",\"datePublished\":\"2025-09-23T20:29:27+00:00\",\"dateModified\":\"2025-09-23T21:09:18+00:00\",\"mainEntityOfPage\":{\"@id\":\"https:\/\/www.sonoraenequipo.com.mx\/inah-sonora-analiza-proyecto-de-remodelacion-en-el-bulevar-hidalgo\/\"},\"wordCount\":219,\"commentCount\":0,\"publisher\":{\"@id\":\"https:\/\/www.sonoraenequipo.com.mx\/#organization\"},\"image\":{\"@id\":\"https:\/\/www.sonoraenequipo.com.mx\/inah-sonora-analiza-proyecto-de-remodelacion-en-el-bulevar-hidalgo\/#primaryimage\"},\"thumbnailUrl\":\"https:\/\/www.sonoraenequipo.com.mx\/storage\/2025\/09\/blvd-hidalgo-min.jpg\",\"articleSection\":[\"Sonora\"],\"inLanguage\":\"es\",\"potentialAction\":[{\"@type\":\"CommentAction\",\"name\":\"Comment\",\"target\":[\"https:\/\/www.sonoraenequipo.com.mx\/inah-sonora-analiza-proyecto-de-remodelacion-en-el-bulevar-hidalgo\/#respond\"]}]},{\"@type\":\"WebPage\",\"@id\":\"https:\/\/www.sonoraenequipo.com.mx\/inah-sonora-analiza-proyecto-de-remodelacion-en-el-bulevar-hidalgo\/\",\"url\":\"https:\/\/www.sonoraenequipo.com.mx\/inah-sonora-analiza-proyecto-de-remodelacion-en-el-bulevar-hidalgo\/\",\"name\":\"Sonora en Equipo. INAH Sonora analiza proyecto de remodelaci\u00f3n en el Bulevar Hidalgo Sonora\",\"isPartOf\":{\"@id\":\"https:\/\/www.sonoraenequipo.com.mx\/#website\"},\"primaryImageOfPage\":{\"@id\":\"https:\/\/www.sonoraenequipo.com.mx\/inah-sonora-analiza-proyecto-de-remodelacion-en-el-bulevar-hidalgo\/#primaryimage\"},\"image\":{\"@id\":\"https:\/\/www.sonoraenequipo.com.mx\/inah-sonora-analiza-proyecto-de-remodelacion-en-el-bulevar-hidalgo\/#primaryimage\"},\"thumbnailUrl\":\"https:\/\/www.sonoraenequipo.com.mx\/storage\/2025\/09\/blvd-hidalgo-min.jpg\",\"datePublished\":\"2025-09-23T20:29:27+00:00\",\"dateModified\":\"2025-09-23T21:09:18+00:00\",\"description\":\"HERMOSILLO, SONORA. MX. \u2014 El Instituto Nacional de Antropolog\u00eda e Historia (INAH) Sonora se encuentra realizando un an\u00e1lisis t\u00e9cnico del proyecto de En Sonora en Equipo publicamos toda la informaci\u00f3n de Sonora, M\u00e9xico y el Mundo de manera oportuna y busca que la libertad de expresi\u00f3n sea real. Visita nuestro medio informativo publicado desde Hermosillo, Sonora. %\",\"breadcrumb\":{\"@id\":\"https:\/\/www.sonoraenequipo.com.mx\/inah-sonora-analiza-proyecto-de-remodelacion-en-el-bulevar-hidalgo\/#breadcrumb\"},\"inLanguage\":\"es\",\"potentialAction\":[{\"@type\":\"ReadAction\",\"target\":[\"https:\/\/www.sonoraenequipo.com.mx\/inah-sonora-analiza-proyecto-de-remodelacion-en-el-bulevar-hidalgo\/\"]}]},{\"@type\":\"ImageObject\",\"inLanguage\":\"es\",\"@id\":\"https:\/\/www.sonoraenequipo.com.mx\/inah-sonora-analiza-proyecto-de-remodelacion-en-el-bulevar-hidalgo\/#primaryimage\",\"url\":\"https:\/\/www.sonoraenequipo.com.mx\/storage\/2025\/09\/blvd-hidalgo-min.jpg\",\"contentUrl\":\"https:\/\/www.sonoraenequipo.com.mx\/storage\/2025\/09\/blvd-hidalgo-min.jpg\",\"width\":1000,\"height\":562},{\"@type\":\"BreadcrumbList\",\"@id\":\"https:\/\/www.sonoraenequipo.com.mx\/inah-sonora-analiza-proyecto-de-remodelacion-en-el-bulevar-hidalgo\/#breadcrumb\",\"itemListElement\":[{\"@type\":\"ListItem\",\"position\":1,\"name\":\"Portada\",\"item\":\"https:\/\/www.sonoraenequipo.com.mx\/\"},{\"@type\":\"ListItem\",\"position\":2,\"name\":\"INAH Sonora analiza proyecto de remodelaci\u00f3n en el Bulevar Hidalgo\"}]},{\"@type\":\"WebSite\",\"@id\":\"https:\/\/www.sonoraenequipo.com.mx\/#website\",\"url\":\"https:\/\/www.sonoraenequipo.com.mx\/\",\"name\":\"Sonora en Equipo.\",\"description\":\"Diario en l\u00ednea con Noticias desde Hermosillo, Sonora\",\"publisher\":{\"@id\":\"https:\/\/www.sonoraenequipo.com.mx\/#organization\"},\"potentialAction\":[{\"@type\":\"SearchAction\",\"target\":{\"@type\":\"EntryPoint\",\"urlTemplate\":\"https:\/\/www.sonoraenequipo.com.mx\/?s={search_term_string}\"},\"query-input\":{\"@type\":\"PropertyValueSpecification\",\"valueRequired\":true,\"valueName\":\"search_term_string\"}}],\"inLanguage\":\"es\"},{\"@type\":\"Organization\",\"@id\":\"https:\/\/www.sonoraenequipo.com.mx\/#organization\",\"name\":\"Sonoraenequipo.com.mx\",\"url\":\"https:\/\/www.sonoraenequipo.com.mx\/\",\"logo\":{\"@type\":\"ImageObject\",\"inLanguage\":\"es\",\"@id\":\"https:\/\/www.sonoraenequipo.com.mx\/#\/schema\/logo\/image\/\",\"url\":\"https:\/\/www.sonoraenequipo.com.mx\/storage\/2019\/01\/sonoraenequipo_opt.png\",\"contentUrl\":\"https:\/\/www.sonoraenequipo.com.mx\/storage\/2019\/01\/sonoraenequipo_opt.png\",\"width\":375,\"height\":125,\"caption\":\"Sonoraenequipo.com.mx\"},\"image\":{\"@id\":\"https:\/\/www.sonoraenequipo.com.mx\/#\/schema\/logo\/image\/\"},\"sameAs\":[\"https:\/\/www.facebook.com\/SonoraEE\/\",\"https:\/\/x.com\/sonoraenequipo\",\"https:\/\/www.youtube.com\/channel\/UC338nW-lPEYmJQs4ZABQ1SQ\"]},{\"@type\":\"Person\",\"@id\":\"https:\/\/www.sonoraenequipo.com.mx\/#\/schema\/person\/50102df0fb23a8fa9e8effad8fa81386\",\"name\":\"enequipo\",\"image\":{\"@type\":\"ImageObject\",\"inLanguage\":\"es\",\"@id\":\"https:\/\/www.sonoraenequipo.com.mx\/#\/schema\/person\/image\/\",\"url\":\"https:\/\/secure.gravatar.com\/avatar\/049821681b589dabc0bc20695993ccebb09f5b5d4d790cd9251b97faac7c652b?s=96&d=blank&r=g\",\"contentUrl\":\"https:\/\/secure.gravatar.com\/avatar\/049821681b589dabc0bc20695993ccebb09f5b5d4d790cd9251b97faac7c652b?s=96&d=blank&r=g\",\"caption\":\"enequipo\"},\"sameAs\":[\"https:\/\/www.facebook.com\/SonoraEE\"]}]}<\/script>\n ","yoast_head_json":{"title":"Sonora en Equipo. INAH Sonora analiza proyecto de remodelaci\u00f3n en el Bulevar Hidalgo Sonora","description":"HERMOSILLO, SONORA. MX. \u2014 El Instituto Nacional de Antropolog\u00eda e Historia (INAH) Sonora se encuentra realizando un an\u00e1lisis t\u00e9cnico del proyecto de En Sonora en Equipo publicamos toda la informaci\u00f3n de Sonora, M\u00e9xico y el Mundo de manera oportuna y busca que la libertad de expresi\u00f3n sea real. Visita nuestro medio informativo publicado desde Hermosillo, Sonora. %","robots":{"index":"index","follow":"follow","max-snippet":"max-snippet:-1","max-image-preview":"max-image-preview:large","max-video-preview":"max-video-preview:-1"},"canonical":"https:\/\/www.sonoraenequipo.com.mx\/inah-sonora-analiza-proyecto-de-remodelacion-en-el-bulevar-hidalgo\/","og_locale":"es_ES","og_type":"article","og_title":"Sonora en Equipo. INAH Sonora analiza proyecto de remodelaci\u00f3n en el Bulevar Hidalgo Sonora","og_description":"HERMOSILLO, SONORA. MX. \u2014 El Instituto Nacional de Antropolog\u00eda e Historia (INAH) Sonora se encuentra realizando un an\u00e1lisis t\u00e9cnico del proyecto de En Sonora en Equipo publicamos toda la informaci\u00f3n de Sonora, M\u00e9xico y el Mundo de manera oportuna y busca que la libertad de expresi\u00f3n sea real. Visita nuestro medio informativo publicado desde Hermosillo, Sonora. %","og_url":"https:\/\/www.sonoraenequipo.com.mx\/inah-sonora-analiza-proyecto-de-remodelacion-en-el-bulevar-hidalgo\/","og_site_name":"Sonora en Equipo.","article_publisher":"https:\/\/www.facebook.com\/SonoraEE\/","article_author":"https:\/\/www.facebook.com\/SonoraEE","article_published_time":"2025-09-23T20:29:27+00:00","article_modified_time":"2025-09-23T21:09:18+00:00","og_image":[{"width":1000,"height":562,"url":"https:\/\/www.sonoraenequipo.com.mx\/storage\/2025\/09\/blvd-hidalgo-min.jpg","type":"image\/jpeg"}],"author":"enequipo","twitter_card":"summary_large_image","twitter_creator":"@sonoraenequipo","twitter_site":"@sonoraenequipo","twitter_misc":{"Escrito por":"enequipo","Tiempo de lectura":"1 minuto"},"schema":{"@context":"https:\/\/schema.org","@graph":[{"@type":"Article","@id":"https:\/\/www.sonoraenequipo.com.mx\/inah-sonora-analiza-proyecto-de-remodelacion-en-el-bulevar-hidalgo\/#article","isPartOf":{"@id":"https:\/\/www.sonoraenequipo.com.mx\/inah-sonora-analiza-proyecto-de-remodelacion-en-el-bulevar-hidalgo\/"},"author":{"name":"enequipo","@id":"https:\/\/www.sonoraenequipo.com.mx\/#\/schema\/person\/50102df0fb23a8fa9e8effad8fa81386"},"headline":"INAH Sonora analiza proyecto de remodelaci\u00f3n en el Bulevar Hidalgo","datePublished":"2025-09-23T20:29:27+00:00","dateModified":"2025-09-23T21:09:18+00:00","mainEntityOfPage":{"@id":"https:\/\/www.sonoraenequipo.com.mx\/inah-sonora-analiza-proyecto-de-remodelacion-en-el-bulevar-hidalgo\/"},"wordCount":219,"commentCount":0,"publisher":{"@id":"https:\/\/www.sonoraenequipo.com.mx\/#organization"},"image":{"@id":"https:\/\/www.sonoraenequipo.com.mx\/inah-sonora-analiza-proyecto-de-remodelacion-en-el-bulevar-hidalgo\/#primaryimage"},"thumbnailUrl":"https:\/\/www.sonoraenequipo.com.mx\/storage\/2025\/09\/blvd-hidalgo-min.jpg","articleSection":["Sonora"],"inLanguage":"es","potentialAction":[{"@type":"CommentAction","name":"Comment","target":["https:\/\/www.sonoraenequipo.com.mx\/inah-sonora-analiza-proyecto-de-remodelacion-en-el-bulevar-hidalgo\/#respond"]}]},{"@type":"WebPage","@id":"https:\/\/www.sonoraenequipo.com.mx\/inah-sonora-analiza-proyecto-de-remodelacion-en-el-bulevar-hidalgo\/","url":"https:\/\/www.sonoraenequipo.com.mx\/inah-sonora-analiza-proyecto-de-remodelacion-en-el-bulevar-hidalgo\/","name":"Sonora en Equipo. INAH Sonora analiza proyecto de remodelaci\u00f3n en el Bulevar Hidalgo Sonora","isPartOf":{"@id":"https:\/\/www.sonoraenequipo.com.mx\/#website"},"primaryImageOfPage":{"@id":"https:\/\/www.sonoraenequipo.com.mx\/inah-sonora-analiza-proyecto-de-remodelacion-en-el-bulevar-hidalgo\/#primaryimage"},"image":{"@id":"https:\/\/www.sonoraenequipo.com.mx\/inah-sonora-analiza-proyecto-de-remodelacion-en-el-bulevar-hidalgo\/#primaryimage"},"thumbnailUrl":"https:\/\/www.sonoraenequipo.com.mx\/storage\/2025\/09\/blvd-hidalgo-min.jpg","datePublished":"2025-09-23T20:29:27+00:00","dateModified":"2025-09-23T21:09:18+00:00","description":"HERMOSILLO, SONORA. MX. \u2014 El Instituto Nacional de Antropolog\u00eda e Historia (INAH) Sonora se encuentra realizando un an\u00e1lisis t\u00e9cnico del proyecto de En Sonora en Equipo publicamos toda la informaci\u00f3n de Sonora, M\u00e9xico y el Mundo de manera oportuna y busca que la libertad de expresi\u00f3n sea real. Visita nuestro medio informativo publicado desde Hermosillo, Sonora. %","breadcrumb":{"@id":"https:\/\/www.sonoraenequipo.com.mx\/inah-sonora-analiza-proyecto-de-remodelacion-en-el-bulevar-hidalgo\/#breadcrumb"},"inLanguage":"es","potentialAction":[{"@type":"ReadAction","target":["https:\/\/www.sonoraenequipo.com.mx\/inah-sonora-analiza-proyecto-de-remodelacion-en-el-bulevar-hidalgo\/"]}]},{"@type":"ImageObject","inLanguage":"es","@id":"https:\/\/www.sonoraenequipo.com.mx\/inah-sonora-analiza-proyecto-de-remodelacion-en-el-bulevar-hidalgo\/#primaryimage","url":"https:\/\/www.sonoraenequipo.com.mx\/storage\/2025\/09\/blvd-hidalgo-min.jpg","contentUrl":"https:\/\/www.sonoraenequipo.com.mx\/storage\/2025\/09\/blvd-hidalgo-min.jpg","width":1000,"height":562},{"@type":"BreadcrumbList","@id":"https:\/\/www.sonoraenequipo.com.mx\/inah-sonora-analiza-proyecto-de-remodelacion-en-el-bulevar-hidalgo\/#breadcrumb","itemListElement":[{"@type":"ListItem","position":1,"name":"Portada","item":"https:\/\/www.sonoraenequipo.com.mx\/"},{"@type":"ListItem","position":2,"name":"INAH Sonora analiza proyecto de remodelaci\u00f3n en el Bulevar Hidalgo"}]},{"@type":"WebSite","@id":"https:\/\/www.sonoraenequipo.com.mx\/#website","url":"https:\/\/www.sonoraenequipo.com.mx\/","name":"Sonora en Equipo.","description":"Diario en l\u00ednea con Noticias desde Hermosillo, Sonora","publisher":{"@id":"https:\/\/www.sonoraenequipo.com.mx\/#organization"},"potentialAction":[{"@type":"SearchAction","target":{"@type":"EntryPoint","urlTemplate":"https:\/\/www.sonoraenequipo.com.mx\/?s={search_term_string}"},"query-input":{"@type":"PropertyValueSpecification","valueRequired":true,"valueName":"search_term_string"}}],"inLanguage":"es"},{"@type":"Organization","@id":"https:\/\/www.sonoraenequipo.com.mx\/#organization","name":"Sonoraenequipo.com.mx","url":"https:\/\/www.sonoraenequipo.com.mx\/","logo":{"@type":"ImageObject","inLanguage":"es","@id":"https:\/\/www.sonoraenequipo.com.mx\/#\/schema\/logo\/image\/","url":"https:\/\/www.sonoraenequipo.com.mx\/storage\/2019\/01\/sonoraenequipo_opt.png","contentUrl":"https:\/\/www.sonoraenequipo.com.mx\/storage\/2019\/01\/sonoraenequipo_opt.png","width":375,"height":125,"caption":"Sonoraenequipo.com.mx"},"image":{"@id":"https:\/\/www.sonoraenequipo.com.mx\/#\/schema\/logo\/image\/"},"sameAs":["https:\/\/www.facebook.com\/SonoraEE\/","https:\/\/x.com\/sonoraenequipo","https:\/\/www.youtube.com\/channel\/UC338nW-lPEYmJQs4ZABQ1SQ"]},{"@type":"Person","@id":"https:\/\/www.sonoraenequipo.com.mx\/#\/schema\/person\/50102df0fb23a8fa9e8effad8fa81386","name":"enequipo","image":{"@type":"ImageObject","inLanguage":"es","@id":"https:\/\/www.sonoraenequipo.com.mx\/#\/schema\/person\/image\/","url":"https:\/\/secure.gravatar.com\/avatar\/049821681b589dabc0bc20695993ccebb09f5b5d4d790cd9251b97faac7c652b?s=96&d=blank&r=g","contentUrl":"https:\/\/secure.gravatar.com\/avatar\/049821681b589dabc0bc20695993ccebb09f5b5d4d790cd9251b97faac7c652b?s=96&d=blank&r=g","caption":"enequipo"},"sameAs":["https:\/\/www.facebook.com\/SonoraEE"]}]}},"jetpack_featured_media_url":"https:\/\/www.sonoraenequipo.com.mx\/storage\/2025\/09\/blvd-hidalgo-min.jpg","_links":{"self":[{"href":"https:\/\/www.sonoraenequipo.com.mx\/api\/wp\/v2\/posts\/224476","targetHints":{"allow":["GET"]}}],"collection":[{"href":"https:\/\/www.sonoraenequipo.com.mx\/api\/wp\/v2\/posts"}],"about":[{"href":"https:\/\/www.sonoraenequipo.com.mx\/api\/wp\/v2\/types\/post"}],"author":[{"embeddable":true,"href":"https:\/\/www.sonoraenequipo.com.mx\/api\/wp\/v2\/users\/1"}],"replies":[{"embeddable":true,"href":"https:\/\/www.sonoraenequipo.com.mx\/api\/wp\/v2\/comments?post=224476"}],"version-history":[{"count":1,"href":"https:\/\/www.sonoraenequipo.com.mx\/api\/wp\/v2\/posts\/224476\/revisions"}],"predecessor-version":[{"id":224533,"href":"https:\/\/www.sonoraenequipo.com.mx\/api\/wp\/v2\/posts\/224476\/revisions\/224533"}],"wp:featuredmedia":[{"embeddable":true,"href":"https:\/\/www.sonoraenequipo.com.mx\/api\/wp\/v2\/media\/224528"}],"wp:attachment":[{"href":"https:\/\/www.sonoraenequipo.com.mx\/api\/wp\/v2\/media?parent=224476"}],"wp:term":[{"taxonomy":"category","embeddable":true,"href":"https:\/\/www.sonoraenequipo.com.mx\/api\/wp\/v2\/categories?post=224476"},{"taxonomy":"post_tag","embeddable":true,"href":"https:\/\/www.sonoraenequipo.com.mx\/api\/wp\/v2\/tags?post=224476"}],"curies":[{"name":"wp","href":"https:\/\/api.w.org\/{rel}","templated":true}]}}