{"id":224494,"date":"2025-09-23T12:58:05","date_gmt":"2025-09-23T19:58:05","guid":{"rendered":"https:\/\/www.sonoraenequipo.com.mx\/?p=224494"},"modified":"2025-09-23T12:58:38","modified_gmt":"2025-09-23T19:58:38","slug":"fortalece-gobierno-de-sonora-atencion-de-isssteson-con-unidad-integral-de-neurodesarrollo","status":"publish","type":"post","link":"https:\/\/www.sonoraenequipo.com.mx\/fortalece-gobierno-de-sonora-atencion-de-isssteson-con-unidad-integral-de-neurodesarrollo\/","title":{"rendered":"Fortalece Gobierno de Sonora atenci\u00f3n de Isssteson con Unidad Integral de Neurodesarrollo"},"content":{"rendered":"<p><strong>HERMOSILLO, SONORA, MX.<\/strong> \u2014 Con el respaldo del gobernador Alfonso Durazo Monta\u00f1o, Isssteson fortalece la atenci\u00f3n especializada infantil mediante la creaci\u00f3n de la Unidad Integral de Neurodesarrollo, que concentra servicios innovadores como la Unidad de Neurodesarrollo, Estimulaci\u00f3n Temprana y Terapia Infantil.<\/p>\n<p>&nbsp;<\/p>\n<p>&nbsp;<\/p>\n<p>&nbsp;<\/p>\n<p>Ubicada en el Centro Integral de Atenci\u00f3n a la Salud (CIAS) Unidad Centro, en Hermosillo, esta unidad fue estructurada desde su inicio para atender a menores de edad con alguna condici\u00f3n de neurodivergencia, tales como autismo, trastorno por d\u00e9ficit de atenci\u00f3n e hiperactividad (TDAH), entre otras.<\/p>\n<p>&nbsp;<\/p>\n<p>&nbsp;<\/p>\n<p>&nbsp;<\/p>\n<p>El plan inici\u00f3 en febrero de este mismo a\u00f1o con la apertura de la Unidad de Neurodesarrollo, en la cual se realizan diagn\u00f3sticos precisos con herramientas cl\u00ednicas, as\u00ed como intervenciones psicol\u00f3gicas que, a la fecha, suman m\u00e1s de tres mil 600 atenciones a un total de 581 derechohabientes menores de edad.<\/p>\n<p>&nbsp;<\/p>\n<p>&nbsp;<\/p>\n<p>&nbsp;<\/p>\n<p>Posteriormente, se incorporaron los servicios de Terapia Infantil y Estimulaci\u00f3n Temprana. El primero comenz\u00f3 a brindar atenci\u00f3n en junio de 2025, como parte de un plan integral de atenci\u00f3n al neurodesarrollo.<\/p>\n<p>&nbsp;<\/p>\n<p>&nbsp;<\/p>\n<p>&nbsp;<\/p>\n<p>Por su parte, el \u00e1rea de Estimulaci\u00f3n Temprana inici\u00f3 con un espacio propio el 16 de junio y, al 31 de agosto, se hab\u00edan realizado 51 evaluaciones de desarrollo infantil y ofrecido terapias a 96 ni\u00f1as y ni\u00f1os acompa\u00f1ados de sus padres.<\/p>\n<p>&nbsp;<\/p>\n<p>&nbsp;<\/p>\n<p>&nbsp;<\/p>\n<p>Estos servicios, ofrecidos por Isssteson de manera directa, sin necesidad de subrogaci\u00f3n, ya se han extendido a otras ciudades como Nogales y Cajeme, donde actualmente existen \u00e1reas de Neurodesarrollo para diagn\u00f3stico e intervenciones precisas. Muy pronto se abrir\u00e1 un espacio m\u00e1s en el CIAS Navojoa.<\/p>\n<p>&nbsp;<\/p>\n<p>&nbsp;<\/p>\n<p>&nbsp;<\/p>\n<p>Los avances presentados en la materia se suman a otros servicios que se han fortalecido en la entidad, como la regionalizaci\u00f3n de los servicios m\u00e9dicos en el Hospital del Instituto en Nogales, la ampliaci\u00f3n de m\u00e9dicos especialistas en la Cl\u00ednica-Hospital de Guaymas y la apertura de la Unidad M\u00e9dica de Especialidades en Ciudad Obreg\u00f3n.<\/p>\n<p><strong>Fecha de publicaci\u00f3n martes 23 de septiembre de 2025<\/strong><\/p>\n<p>&nbsp;<\/p>\n","protected":false},"excerpt":{"rendered":"<p>HERMOSILLO, SONORA, MX. \u2014 Con el respaldo del gobernador Alfonso Durazo Monta\u00f1o, Isssteson fortalece la&#8230;<\/p>\n","protected":false},"author":1,"featured_media":224495,"comment_status":"open","ping_status":"open","sticky":false,"template":"","format":"standard","meta":{"_monsterinsights_skip_tracking":false,"_monsterinsights_sitenote_active":false,"_monsterinsights_sitenote_note":"","_monsterinsights_sitenote_category":0,"footnotes":""},"categories":[22],"tags":[331,11800],"class_list":["post"],"yoast_head":" \n<title>Sonora en Equipo. Fortalece Gobierno de Sonora atenci\u00f3n de Isssteson con Unidad Integral de Neurodesarrollo Sonora<\/title>\n<meta name=\"description\" content=\"HERMOSILLO, SONORA, MX. \u2014 Con el respaldo del gobernador Alfonso Durazo Monta\u00f1o, Isssteson fortalece la atenci\u00f3n especializada infantil mediante la En Sonora en Equipo publicamos toda la informaci\u00f3n de Sonora, M\u00e9xico y el Mundo de manera oportuna y busca que la libertad de expresi\u00f3n sea real. Visita nuestro medio informativo publicado desde Hermosillo, Sonora. %\" \/>\n<meta name=\"robots\" content=\"index, follow, max-snippet:-1, max-image-preview:large, max-video-preview:-1\" \/>\n<link rel=\"canonical\" href=\"https:\/\/www.sonoraenequipo.com.mx\/fortalece-gobierno-de-sonora-atencion-de-isssteson-con-unidad-integral-de-neurodesarrollo\/\" \/>\n<meta property=\"og:locale\" content=\"es_ES\" \/>\n<meta property=\"og:type\" content=\"article\" \/>\n<meta property=\"og:title\" content=\"Sonora en Equipo. Fortalece Gobierno de Sonora atenci\u00f3n de Isssteson con Unidad Integral de Neurodesarrollo Sonora\" \/>\n<meta property=\"og:description\" content=\"HERMOSILLO, SONORA, MX. \u2014 Con el respaldo del gobernador Alfonso Durazo Monta\u00f1o, Isssteson fortalece la atenci\u00f3n especializada infantil mediante la En Sonora en Equipo publicamos toda la informaci\u00f3n de Sonora, M\u00e9xico y el Mundo de manera oportuna y busca que la libertad de expresi\u00f3n sea real. Visita nuestro medio informativo publicado desde Hermosillo, Sonora. %\" \/>\n<meta property=\"og:url\" content=\"https:\/\/www.sonoraenequipo.com.mx\/fortalece-gobierno-de-sonora-atencion-de-isssteson-con-unidad-integral-de-neurodesarrollo\/\" \/>\n<meta property=\"og:site_name\" content=\"Sonora en Equipo.\" \/>\n<meta property=\"article:publisher\" content=\"https:\/\/www.facebook.com\/SonoraEE\/\" \/>\n<meta property=\"article:author\" content=\"https:\/\/www.facebook.com\/SonoraEE\" \/>\n<meta property=\"article:published_time\" content=\"2025-09-23T19:58:05+00:00\" \/>\n<meta property=\"article:modified_time\" content=\"2025-09-23T19:58:38+00:00\" \/>\n<meta property=\"og:image\" content=\"https:\/\/www.sonoraenequipo.com.mx\/storage\/2025\/09\/neurodesarrollo.jpg\" \/>\n\t<meta property=\"og:image:width\" content=\"600\" \/>\n\t<meta property=\"og:image:height\" content=\"400\" \/>\n\t<meta property=\"og:image:type\" content=\"image\/jpeg\" \/>\n<meta name=\"author\" content=\"enequipo\" \/>\n<meta name=\"twitter:card\" content=\"summary_large_image\" \/>\n<meta name=\"twitter:creator\" content=\"@sonoraenequipo\" \/>\n<meta name=\"twitter:site\" content=\"@sonoraenequipo\" \/>\n<meta name=\"twitter:label1\" content=\"Escrito por\" \/>\n\t<meta name=\"twitter:data1\" content=\"enequipo\" \/>\n\t<meta name=\"twitter:label2\" content=\"Tiempo de lectura\" \/>\n\t<meta name=\"twitter:data2\" content=\"2 minutos\" \/>\n<script type=\"application\/ld+json\" class=\"yoast-schema-graph\">{\"@context\":\"https:\/\/schema.org\",\"@graph\":[{\"@type\":\"Article\",\"@id\":\"https:\/\/www.sonoraenequipo.com.mx\/fortalece-gobierno-de-sonora-atencion-de-isssteson-con-unidad-integral-de-neurodesarrollo\/#article\",\"isPartOf\":{\"@id\":\"https:\/\/www.sonoraenequipo.com.mx\/fortalece-gobierno-de-sonora-atencion-de-isssteson-con-unidad-integral-de-neurodesarrollo\/\"},\"author\":{\"name\":\"enequipo\",\"@id\":\"https:\/\/www.sonoraenequipo.com.mx\/#\/schema\/person\/50102df0fb23a8fa9e8effad8fa81386\"},\"headline\":\"Fortalece Gobierno de Sonora atenci\u00f3n de Isssteson con Unidad Integral de Neurodesarrollo\",\"datePublished\":\"2025-09-23T19:58:05+00:00\",\"dateModified\":\"2025-09-23T19:58:38+00:00\",\"mainEntityOfPage\":{\"@id\":\"https:\/\/www.sonoraenequipo.com.mx\/fortalece-gobierno-de-sonora-atencion-de-isssteson-con-unidad-integral-de-neurodesarrollo\/\"},\"wordCount\":373,\"commentCount\":0,\"publisher\":{\"@id\":\"https:\/\/www.sonoraenequipo.com.mx\/#organization\"},\"image\":{\"@id\":\"https:\/\/www.sonoraenequipo.com.mx\/fortalece-gobierno-de-sonora-atencion-de-isssteson-con-unidad-integral-de-neurodesarrollo\/#primaryimage\"},\"thumbnailUrl\":\"https:\/\/www.sonoraenequipo.com.mx\/storage\/2025\/09\/neurodesarrollo.jpg\",\"keywords\":[\"isssteson\",\"neurodesarrollo\"],\"articleSection\":[\"Sonora\"],\"inLanguage\":\"es\",\"potentialAction\":[{\"@type\":\"CommentAction\",\"name\":\"Comment\",\"target\":[\"https:\/\/www.sonoraenequipo.com.mx\/fortalece-gobierno-de-sonora-atencion-de-isssteson-con-unidad-integral-de-neurodesarrollo\/#respond\"]}]},{\"@type\":\"WebPage\",\"@id\":\"https:\/\/www.sonoraenequipo.com.mx\/fortalece-gobierno-de-sonora-atencion-de-isssteson-con-unidad-integral-de-neurodesarrollo\/\",\"url\":\"https:\/\/www.sonoraenequipo.com.mx\/fortalece-gobierno-de-sonora-atencion-de-isssteson-con-unidad-integral-de-neurodesarrollo\/\",\"name\":\"Sonora en Equipo. Fortalece Gobierno de Sonora atenci\u00f3n de Isssteson con Unidad Integral de Neurodesarrollo Sonora\",\"isPartOf\":{\"@id\":\"https:\/\/www.sonoraenequipo.com.mx\/#website\"},\"primaryImageOfPage\":{\"@id\":\"https:\/\/www.sonoraenequipo.com.mx\/fortalece-gobierno-de-sonora-atencion-de-isssteson-con-unidad-integral-de-neurodesarrollo\/#primaryimage\"},\"image\":{\"@id\":\"https:\/\/www.sonoraenequipo.com.mx\/fortalece-gobierno-de-sonora-atencion-de-isssteson-con-unidad-integral-de-neurodesarrollo\/#primaryimage\"},\"thumbnailUrl\":\"https:\/\/www.sonoraenequipo.com.mx\/storage\/2025\/09\/neurodesarrollo.jpg\",\"datePublished\":\"2025-09-23T19:58:05+00:00\",\"dateModified\":\"2025-09-23T19:58:38+00:00\",\"description\":\"HERMOSILLO, SONORA, MX. \u2014 Con el respaldo del gobernador Alfonso Durazo Monta\u00f1o, Isssteson fortalece la atenci\u00f3n especializada infantil mediante la En Sonora en Equipo publicamos toda la informaci\u00f3n de Sonora, M\u00e9xico y el Mundo de manera oportuna y busca que la libertad de expresi\u00f3n sea real. Visita nuestro medio informativo publicado desde Hermosillo, Sonora. %\",\"breadcrumb\":{\"@id\":\"https:\/\/www.sonoraenequipo.com.mx\/fortalece-gobierno-de-sonora-atencion-de-isssteson-con-unidad-integral-de-neurodesarrollo\/#breadcrumb\"},\"inLanguage\":\"es\",\"potentialAction\":[{\"@type\":\"ReadAction\",\"target\":[\"https:\/\/www.sonoraenequipo.com.mx\/fortalece-gobierno-de-sonora-atencion-de-isssteson-con-unidad-integral-de-neurodesarrollo\/\"]}]},{\"@type\":\"ImageObject\",\"inLanguage\":\"es\",\"@id\":\"https:\/\/www.sonoraenequipo.com.mx\/fortalece-gobierno-de-sonora-atencion-de-isssteson-con-unidad-integral-de-neurodesarrollo\/#primaryimage\",\"url\":\"https:\/\/www.sonoraenequipo.com.mx\/storage\/2025\/09\/neurodesarrollo.jpg\",\"contentUrl\":\"https:\/\/www.sonoraenequipo.com.mx\/storage\/2025\/09\/neurodesarrollo.jpg\",\"width\":600,\"height\":400},{\"@type\":\"BreadcrumbList\",\"@id\":\"https:\/\/www.sonoraenequipo.com.mx\/fortalece-gobierno-de-sonora-atencion-de-isssteson-con-unidad-integral-de-neurodesarrollo\/#breadcrumb\",\"itemListElement\":[{\"@type\":\"ListItem\",\"position\":1,\"name\":\"Portada\",\"item\":\"https:\/\/www.sonoraenequipo.com.mx\/\"},{\"@type\":\"ListItem\",\"position\":2,\"name\":\"Fortalece Gobierno de Sonora atenci\u00f3n de Isssteson con Unidad Integral de Neurodesarrollo\"}]},{\"@type\":\"WebSite\",\"@id\":\"https:\/\/www.sonoraenequipo.com.mx\/#website\",\"url\":\"https:\/\/www.sonoraenequipo.com.mx\/\",\"name\":\"Sonora en Equipo.\",\"description\":\"Diario en l\u00ednea con Noticias desde Hermosillo, Sonora\",\"publisher\":{\"@id\":\"https:\/\/www.sonoraenequipo.com.mx\/#organization\"},\"potentialAction\":[{\"@type\":\"SearchAction\",\"target\":{\"@type\":\"EntryPoint\",\"urlTemplate\":\"https:\/\/www.sonoraenequipo.com.mx\/?s={search_term_string}\"},\"query-input\":{\"@type\":\"PropertyValueSpecification\",\"valueRequired\":true,\"valueName\":\"search_term_string\"}}],\"inLanguage\":\"es\"},{\"@type\":\"Organization\",\"@id\":\"https:\/\/www.sonoraenequipo.com.mx\/#organization\",\"name\":\"Sonoraenequipo.com.mx\",\"url\":\"https:\/\/www.sonoraenequipo.com.mx\/\",\"logo\":{\"@type\":\"ImageObject\",\"inLanguage\":\"es\",\"@id\":\"https:\/\/www.sonoraenequipo.com.mx\/#\/schema\/logo\/image\/\",\"url\":\"https:\/\/www.sonoraenequipo.com.mx\/storage\/2019\/01\/sonoraenequipo_opt.png\",\"contentUrl\":\"https:\/\/www.sonoraenequipo.com.mx\/storage\/2019\/01\/sonoraenequipo_opt.png\",\"width\":375,\"height\":125,\"caption\":\"Sonoraenequipo.com.mx\"},\"image\":{\"@id\":\"https:\/\/www.sonoraenequipo.com.mx\/#\/schema\/logo\/image\/\"},\"sameAs\":[\"https:\/\/www.facebook.com\/SonoraEE\/\",\"https:\/\/x.com\/sonoraenequipo\",\"https:\/\/www.youtube.com\/channel\/UC338nW-lPEYmJQs4ZABQ1SQ\"]},{\"@type\":\"Person\",\"@id\":\"https:\/\/www.sonoraenequipo.com.mx\/#\/schema\/person\/50102df0fb23a8fa9e8effad8fa81386\",\"name\":\"enequipo\",\"image\":{\"@type\":\"ImageObject\",\"inLanguage\":\"es\",\"@id\":\"https:\/\/www.sonoraenequipo.com.mx\/#\/schema\/person\/image\/\",\"url\":\"https:\/\/secure.gravatar.com\/avatar\/049821681b589dabc0bc20695993ccebb09f5b5d4d790cd9251b97faac7c652b?s=96&d=blank&r=g\",\"contentUrl\":\"https:\/\/secure.gravatar.com\/avatar\/049821681b589dabc0bc20695993ccebb09f5b5d4d790cd9251b97faac7c652b?s=96&d=blank&r=g\",\"caption\":\"enequipo\"},\"sameAs\":[\"https:\/\/www.facebook.com\/SonoraEE\"]}]}<\/script>\n ","yoast_head_json":{"title":"Sonora en Equipo. Fortalece Gobierno de Sonora atenci\u00f3n de Isssteson con Unidad Integral de Neurodesarrollo Sonora","description":"HERMOSILLO, SONORA, MX. \u2014 Con el respaldo del gobernador Alfonso Durazo Monta\u00f1o, Isssteson fortalece la atenci\u00f3n especializada infantil mediante la En Sonora en Equipo publicamos toda la informaci\u00f3n de Sonora, M\u00e9xico y el Mundo de manera oportuna y busca que la libertad de expresi\u00f3n sea real. Visita nuestro medio informativo publicado desde Hermosillo, Sonora. %","robots":{"index":"index","follow":"follow","max-snippet":"max-snippet:-1","max-image-preview":"max-image-preview:large","max-video-preview":"max-video-preview:-1"},"canonical":"https:\/\/www.sonoraenequipo.com.mx\/fortalece-gobierno-de-sonora-atencion-de-isssteson-con-unidad-integral-de-neurodesarrollo\/","og_locale":"es_ES","og_type":"article","og_title":"Sonora en Equipo. Fortalece Gobierno de Sonora atenci\u00f3n de Isssteson con Unidad Integral de Neurodesarrollo Sonora","og_description":"HERMOSILLO, SONORA, MX. \u2014 Con el respaldo del gobernador Alfonso Durazo Monta\u00f1o, Isssteson fortalece la atenci\u00f3n especializada infantil mediante la En Sonora en Equipo publicamos toda la informaci\u00f3n de Sonora, M\u00e9xico y el Mundo de manera oportuna y busca que la libertad de expresi\u00f3n sea real. Visita nuestro medio informativo publicado desde Hermosillo, Sonora. %","og_url":"https:\/\/www.sonoraenequipo.com.mx\/fortalece-gobierno-de-sonora-atencion-de-isssteson-con-unidad-integral-de-neurodesarrollo\/","og_site_name":"Sonora en Equipo.","article_publisher":"https:\/\/www.facebook.com\/SonoraEE\/","article_author":"https:\/\/www.facebook.com\/SonoraEE","article_published_time":"2025-09-23T19:58:05+00:00","article_modified_time":"2025-09-23T19:58:38+00:00","og_image":[{"width":600,"height":400,"url":"https:\/\/www.sonoraenequipo.com.mx\/storage\/2025\/09\/neurodesarrollo.jpg","type":"image\/jpeg"}],"author":"enequipo","twitter_card":"summary_large_image","twitter_creator":"@sonoraenequipo","twitter_site":"@sonoraenequipo","twitter_misc":{"Escrito por":"enequipo","Tiempo de lectura":"2 minutos"},"schema":{"@context":"https:\/\/schema.org","@graph":[{"@type":"Article","@id":"https:\/\/www.sonoraenequipo.com.mx\/fortalece-gobierno-de-sonora-atencion-de-isssteson-con-unidad-integral-de-neurodesarrollo\/#article","isPartOf":{"@id":"https:\/\/www.sonoraenequipo.com.mx\/fortalece-gobierno-de-sonora-atencion-de-isssteson-con-unidad-integral-de-neurodesarrollo\/"},"author":{"name":"enequipo","@id":"https:\/\/www.sonoraenequipo.com.mx\/#\/schema\/person\/50102df0fb23a8fa9e8effad8fa81386"},"headline":"Fortalece Gobierno de Sonora atenci\u00f3n de Isssteson con Unidad Integral de Neurodesarrollo","datePublished":"2025-09-23T19:58:05+00:00","dateModified":"2025-09-23T19:58:38+00:00","mainEntityOfPage":{"@id":"https:\/\/www.sonoraenequipo.com.mx\/fortalece-gobierno-de-sonora-atencion-de-isssteson-con-unidad-integral-de-neurodesarrollo\/"},"wordCount":373,"commentCount":0,"publisher":{"@id":"https:\/\/www.sonoraenequipo.com.mx\/#organization"},"image":{"@id":"https:\/\/www.sonoraenequipo.com.mx\/fortalece-gobierno-de-sonora-atencion-de-isssteson-con-unidad-integral-de-neurodesarrollo\/#primaryimage"},"thumbnailUrl":"https:\/\/www.sonoraenequipo.com.mx\/storage\/2025\/09\/neurodesarrollo.jpg","keywords":["isssteson","neurodesarrollo"],"articleSection":["Sonora"],"inLanguage":"es","potentialAction":[{"@type":"CommentAction","name":"Comment","target":["https:\/\/www.sonoraenequipo.com.mx\/fortalece-gobierno-de-sonora-atencion-de-isssteson-con-unidad-integral-de-neurodesarrollo\/#respond"]}]},{"@type":"WebPage","@id":"https:\/\/www.sonoraenequipo.com.mx\/fortalece-gobierno-de-sonora-atencion-de-isssteson-con-unidad-integral-de-neurodesarrollo\/","url":"https:\/\/www.sonoraenequipo.com.mx\/fortalece-gobierno-de-sonora-atencion-de-isssteson-con-unidad-integral-de-neurodesarrollo\/","name":"Sonora en Equipo. Fortalece Gobierno de Sonora atenci\u00f3n de Isssteson con Unidad Integral de Neurodesarrollo Sonora","isPartOf":{"@id":"https:\/\/www.sonoraenequipo.com.mx\/#website"},"primaryImageOfPage":{"@id":"https:\/\/www.sonoraenequipo.com.mx\/fortalece-gobierno-de-sonora-atencion-de-isssteson-con-unidad-integral-de-neurodesarrollo\/#primaryimage"},"image":{"@id":"https:\/\/www.sonoraenequipo.com.mx\/fortalece-gobierno-de-sonora-atencion-de-isssteson-con-unidad-integral-de-neurodesarrollo\/#primaryimage"},"thumbnailUrl":"https:\/\/www.sonoraenequipo.com.mx\/storage\/2025\/09\/neurodesarrollo.jpg","datePublished":"2025-09-23T19:58:05+00:00","dateModified":"2025-09-23T19:58:38+00:00","description":"HERMOSILLO, SONORA, MX. \u2014 Con el respaldo del gobernador Alfonso Durazo Monta\u00f1o, Isssteson fortalece la atenci\u00f3n especializada infantil mediante la En Sonora en Equipo publicamos toda la informaci\u00f3n de Sonora, M\u00e9xico y el Mundo de manera oportuna y busca que la libertad de expresi\u00f3n sea real. Visita nuestro medio informativo publicado desde Hermosillo, Sonora. %","breadcrumb":{"@id":"https:\/\/www.sonoraenequipo.com.mx\/fortalece-gobierno-de-sonora-atencion-de-isssteson-con-unidad-integral-de-neurodesarrollo\/#breadcrumb"},"inLanguage":"es","potentialAction":[{"@type":"ReadAction","target":["https:\/\/www.sonoraenequipo.com.mx\/fortalece-gobierno-de-sonora-atencion-de-isssteson-con-unidad-integral-de-neurodesarrollo\/"]}]},{"@type":"ImageObject","inLanguage":"es","@id":"https:\/\/www.sonoraenequipo.com.mx\/fortalece-gobierno-de-sonora-atencion-de-isssteson-con-unidad-integral-de-neurodesarrollo\/#primaryimage","url":"https:\/\/www.sonoraenequipo.com.mx\/storage\/2025\/09\/neurodesarrollo.jpg","contentUrl":"https:\/\/www.sonoraenequipo.com.mx\/storage\/2025\/09\/neurodesarrollo.jpg","width":600,"height":400},{"@type":"BreadcrumbList","@id":"https:\/\/www.sonoraenequipo.com.mx\/fortalece-gobierno-de-sonora-atencion-de-isssteson-con-unidad-integral-de-neurodesarrollo\/#breadcrumb","itemListElement":[{"@type":"ListItem","position":1,"name":"Portada","item":"https:\/\/www.sonoraenequipo.com.mx\/"},{"@type":"ListItem","position":2,"name":"Fortalece Gobierno de Sonora atenci\u00f3n de Isssteson con Unidad Integral de Neurodesarrollo"}]},{"@type":"WebSite","@id":"https:\/\/www.sonoraenequipo.com.mx\/#website","url":"https:\/\/www.sonoraenequipo.com.mx\/","name":"Sonora en Equipo.","description":"Diario en l\u00ednea con Noticias desde Hermosillo, Sonora","publisher":{"@id":"https:\/\/www.sonoraenequipo.com.mx\/#organization"},"potentialAction":[{"@type":"SearchAction","target":{"@type":"EntryPoint","urlTemplate":"https:\/\/www.sonoraenequipo.com.mx\/?s={search_term_string}"},"query-input":{"@type":"PropertyValueSpecification","valueRequired":true,"valueName":"search_term_string"}}],"inLanguage":"es"},{"@type":"Organization","@id":"https:\/\/www.sonoraenequipo.com.mx\/#organization","name":"Sonoraenequipo.com.mx","url":"https:\/\/www.sonoraenequipo.com.mx\/","logo":{"@type":"ImageObject","inLanguage":"es","@id":"https:\/\/www.sonoraenequipo.com.mx\/#\/schema\/logo\/image\/","url":"https:\/\/www.sonoraenequipo.com.mx\/storage\/2019\/01\/sonoraenequipo_opt.png","contentUrl":"https:\/\/www.sonoraenequipo.com.mx\/storage\/2019\/01\/sonoraenequipo_opt.png","width":375,"height":125,"caption":"Sonoraenequipo.com.mx"},"image":{"@id":"https:\/\/www.sonoraenequipo.com.mx\/#\/schema\/logo\/image\/"},"sameAs":["https:\/\/www.facebook.com\/SonoraEE\/","https:\/\/x.com\/sonoraenequipo","https:\/\/www.youtube.com\/channel\/UC338nW-lPEYmJQs4ZABQ1SQ"]},{"@type":"Person","@id":"https:\/\/www.sonoraenequipo.com.mx\/#\/schema\/person\/50102df0fb23a8fa9e8effad8fa81386","name":"enequipo","image":{"@type":"ImageObject","inLanguage":"es","@id":"https:\/\/www.sonoraenequipo.com.mx\/#\/schema\/person\/image\/","url":"https:\/\/secure.gravatar.com\/avatar\/049821681b589dabc0bc20695993ccebb09f5b5d4d790cd9251b97faac7c652b?s=96&d=blank&r=g","contentUrl":"https:\/\/secure.gravatar.com\/avatar\/049821681b589dabc0bc20695993ccebb09f5b5d4d790cd9251b97faac7c652b?s=96&d=blank&r=g","caption":"enequipo"},"sameAs":["https:\/\/www.facebook.com\/SonoraEE"]}]}},"jetpack_featured_media_url":"https:\/\/www.sonoraenequipo.com.mx\/storage\/2025\/09\/neurodesarrollo.jpg","_links":{"self":[{"href":"https:\/\/www.sonoraenequipo.com.mx\/api\/wp\/v2\/posts\/224494","targetHints":{"allow":["GET"]}}],"collection":[{"href":"https:\/\/www.sonoraenequipo.com.mx\/api\/wp\/v2\/posts"}],"about":[{"href":"https:\/\/www.sonoraenequipo.com.mx\/api\/wp\/v2\/types\/post"}],"author":[{"embeddable":true,"href":"https:\/\/www.sonoraenequipo.com.mx\/api\/wp\/v2\/users\/1"}],"replies":[{"embeddable":true,"href":"https:\/\/www.sonoraenequipo.com.mx\/api\/wp\/v2\/comments?post=224494"}],"version-history":[{"count":1,"href":"https:\/\/www.sonoraenequipo.com.mx\/api\/wp\/v2\/posts\/224494\/revisions"}],"predecessor-version":[{"id":224496,"href":"https:\/\/www.sonoraenequipo.com.mx\/api\/wp\/v2\/posts\/224494\/revisions\/224496"}],"wp:featuredmedia":[{"embeddable":true,"href":"https:\/\/www.sonoraenequipo.com.mx\/api\/wp\/v2\/media\/224495"}],"wp:attachment":[{"href":"https:\/\/www.sonoraenequipo.com.mx\/api\/wp\/v2\/media?parent=224494"}],"wp:term":[{"taxonomy":"category","embeddable":true,"href":"https:\/\/www.sonoraenequipo.com.mx\/api\/wp\/v2\/categories?post=224494"},{"taxonomy":"post_tag","embeddable":true,"href":"https:\/\/www.sonoraenequipo.com.mx\/api\/wp\/v2\/tags?post=224494"}],"curies":[{"name":"wp","href":"https:\/\/api.w.org\/{rel}","templated":true}]}}