{"id":224500,"date":"2025-09-23T13:22:59","date_gmt":"2025-09-23T20:22:59","guid":{"rendered":"https:\/\/www.sonoraenequipo.com.mx\/?p=224500"},"modified":"2025-09-23T13:23:31","modified_gmt":"2025-09-23T20:23:31","slug":"tiene-el-bocha-sonorense-fuerte-inicio-en-paralimpiada-nacional-2025","status":"publish","type":"post","link":"https:\/\/www.sonoraenequipo.com.mx\/tiene-el-bocha-sonorense-fuerte-inicio-en-paralimpiada-nacional-2025\/","title":{"rendered":"Tiene el Bocha sonorense fuerte inicio en Paralimpiada Nacional 2025"},"content":{"rendered":"<p><strong>HERMOSILLO, SONORA, MX.<\/strong> \u2014 Una fuerte presentaci\u00f3n marc\u00f3 el equipo sonorense de bocha al obtener seis de los ocho encuentros que sostuvo, en la jornada de inicio en la Paralimpiada Nacional 2025, que empez\u00f3 este lunes en el Gimnasio Ol\u00edmpico de Aguascalientes, Aguascalientes.<\/p>\n<p>Los seleccionados nacionales Luzdana Paredes (BC1), Sebasti\u00e1n Soqui (BC4) y Rogelio Alexis Gonz\u00e1lez (BC2) salieron con triunfos, adem\u00e1s de Denise Rodr\u00edguez (BC4) y Mois\u00e9s Barcel\u00f3 (BC2); las derrotas las sufrieron Melissa L\u00f3pez (BC4) y Jes\u00fas Francisco Herrera (BC1), en el d\u00eda inicial de las eliminatorias individuales.<\/p>\n<p>&nbsp;<\/p>\n<p>En el caso de Luzdana Paredes, la sonorense venci\u00f3 en tremendo duelo a una contrincante de Quer\u00e9taro, en juego que se defini\u00f3 en desempate (5-4), mientras que Soqui dobleg\u00f3 (6-3) al Estado de M\u00e9xico y Gonz\u00e1lez Quiroz super\u00f3 a Chiapas (8-0).<\/p>\n<p>A su vez, Denise Rodr\u00edguez pas\u00f3 6-1 sobre Guanajuato y Mois\u00e9s Barcel\u00f3 domin\u00f3 8-1 a Nayarit, en tanto, Melissa L\u00f3pez cay\u00f3 (16-0) con Baja California y Jes\u00fas Francisco Herrera no pudo (6-3) ante Guerrero.<\/p>\n<p>&nbsp;<\/p>\n<p>Las acciones del bochacontinuar\u00e1n este martes en la capital aguascalentense a partir de las 9:00 de la ma\u00f1ana (8:00 de Sonora), tomando en cuenta, que, seg\u00fan el calendario, las categor\u00edas BC1 y BC3 sostendr\u00e1n sus semifinales por la tarde.<\/p>\n<p><strong>Fecha de publicaci\u00f3n martes 23 de septiembre de 2025<\/strong><\/p>\n","protected":false},"excerpt":{"rendered":"<p>HERMOSILLO, SONORA, MX. \u2014 Una fuerte presentaci\u00f3n marc\u00f3 el equipo sonorense de bocha al obtener&#8230;<\/p>\n","protected":false},"author":1,"featured_media":224501,"comment_status":"open","ping_status":"open","sticky":false,"template":"","format":"standard","meta":{"_monsterinsights_skip_tracking":false,"_monsterinsights_sitenote_active":false,"_monsterinsights_sitenote_note":"","_monsterinsights_sitenote_category":0,"footnotes":""},"categories":[10],"tags":[7573,1812,11801],"class_list":["post"],"yoast_head":" \n<title>Sonora en Equipo. Tiene el Bocha sonorense fuerte inicio en Paralimpiada Nacional 2025 Deportes<\/title>\n<meta name=\"description\" content=\"HERMOSILLO, SONORA, MX. \u2014 Una fuerte presentaci\u00f3n marc\u00f3 el equipo sonorense de bocha al obtener seis de los ocho encuentros que sostuvo, en la jornada de En Sonora en Equipo publicamos toda la informaci\u00f3n de Sonora, M\u00e9xico y el Mundo de manera oportuna y busca que la libertad de expresi\u00f3n sea real. Visita nuestro medio informativo publicado desde Hermosillo, Sonora. %\" \/>\n<meta name=\"robots\" content=\"index, follow, max-snippet:-1, max-image-preview:large, max-video-preview:-1\" \/>\n<link rel=\"canonical\" href=\"https:\/\/www.sonoraenequipo.com.mx\/tiene-el-bocha-sonorense-fuerte-inicio-en-paralimpiada-nacional-2025\/\" \/>\n<meta property=\"og:locale\" content=\"es_ES\" \/>\n<meta property=\"og:type\" content=\"article\" \/>\n<meta property=\"og:title\" content=\"Sonora en Equipo. Tiene el Bocha sonorense fuerte inicio en Paralimpiada Nacional 2025 Deportes\" \/>\n<meta property=\"og:description\" content=\"HERMOSILLO, SONORA, MX. \u2014 Una fuerte presentaci\u00f3n marc\u00f3 el equipo sonorense de bocha al obtener seis de los ocho encuentros que sostuvo, en la jornada de En Sonora en Equipo publicamos toda la informaci\u00f3n de Sonora, M\u00e9xico y el Mundo de manera oportuna y busca que la libertad de expresi\u00f3n sea real. Visita nuestro medio informativo publicado desde Hermosillo, Sonora. %\" \/>\n<meta property=\"og:url\" content=\"https:\/\/www.sonoraenequipo.com.mx\/tiene-el-bocha-sonorense-fuerte-inicio-en-paralimpiada-nacional-2025\/\" \/>\n<meta property=\"og:site_name\" content=\"Sonora en Equipo.\" \/>\n<meta property=\"article:publisher\" content=\"https:\/\/www.facebook.com\/SonoraEE\/\" \/>\n<meta property=\"article:author\" content=\"https:\/\/www.facebook.com\/SonoraEE\" \/>\n<meta property=\"article:published_time\" content=\"2025-09-23T20:22:59+00:00\" \/>\n<meta property=\"article:modified_time\" content=\"2025-09-23T20:23:31+00:00\" \/>\n<meta property=\"og:image\" content=\"https:\/\/www.sonoraenequipo.com.mx\/storage\/2025\/09\/bochas.jpg\" \/>\n\t<meta property=\"og:image:width\" content=\"600\" \/>\n\t<meta property=\"og:image:height\" content=\"400\" \/>\n\t<meta property=\"og:image:type\" content=\"image\/jpeg\" \/>\n<meta name=\"author\" content=\"enequipo\" \/>\n<meta name=\"twitter:card\" content=\"summary_large_image\" \/>\n<meta name=\"twitter:creator\" content=\"@sonoraenequipo\" \/>\n<meta name=\"twitter:site\" content=\"@sonoraenequipo\" \/>\n<meta name=\"twitter:label1\" content=\"Escrito por\" \/>\n\t<meta name=\"twitter:data1\" content=\"enequipo\" \/>\n\t<meta name=\"twitter:label2\" content=\"Tiempo de lectura\" \/>\n\t<meta name=\"twitter:data2\" content=\"1 minuto\" \/>\n<script type=\"application\/ld+json\" class=\"yoast-schema-graph\">{\"@context\":\"https:\/\/schema.org\",\"@graph\":[{\"@type\":\"Article\",\"@id\":\"https:\/\/www.sonoraenequipo.com.mx\/tiene-el-bocha-sonorense-fuerte-inicio-en-paralimpiada-nacional-2025\/#article\",\"isPartOf\":{\"@id\":\"https:\/\/www.sonoraenequipo.com.mx\/tiene-el-bocha-sonorense-fuerte-inicio-en-paralimpiada-nacional-2025\/\"},\"author\":{\"name\":\"enequipo\",\"@id\":\"https:\/\/www.sonoraenequipo.com.mx\/#\/schema\/person\/50102df0fb23a8fa9e8effad8fa81386\"},\"headline\":\"Tiene el Bocha sonorense fuerte inicio en Paralimpiada Nacional 2025\",\"datePublished\":\"2025-09-23T20:22:59+00:00\",\"dateModified\":\"2025-09-23T20:23:31+00:00\",\"mainEntityOfPage\":{\"@id\":\"https:\/\/www.sonoraenequipo.com.mx\/tiene-el-bocha-sonorense-fuerte-inicio-en-paralimpiada-nacional-2025\/\"},\"wordCount\":240,\"commentCount\":0,\"publisher\":{\"@id\":\"https:\/\/www.sonoraenequipo.com.mx\/#organization\"},\"image\":{\"@id\":\"https:\/\/www.sonoraenequipo.com.mx\/tiene-el-bocha-sonorense-fuerte-inicio-en-paralimpiada-nacional-2025\/#primaryimage\"},\"thumbnailUrl\":\"https:\/\/www.sonoraenequipo.com.mx\/storage\/2025\/09\/bochas.jpg\",\"keywords\":[\"bochas\",\"Nacional\",\"paralimpiada\"],\"articleSection\":[\"Deportes\"],\"inLanguage\":\"es\",\"potentialAction\":[{\"@type\":\"CommentAction\",\"name\":\"Comment\",\"target\":[\"https:\/\/www.sonoraenequipo.com.mx\/tiene-el-bocha-sonorense-fuerte-inicio-en-paralimpiada-nacional-2025\/#respond\"]}]},{\"@type\":\"WebPage\",\"@id\":\"https:\/\/www.sonoraenequipo.com.mx\/tiene-el-bocha-sonorense-fuerte-inicio-en-paralimpiada-nacional-2025\/\",\"url\":\"https:\/\/www.sonoraenequipo.com.mx\/tiene-el-bocha-sonorense-fuerte-inicio-en-paralimpiada-nacional-2025\/\",\"name\":\"Sonora en Equipo. Tiene el Bocha sonorense fuerte inicio en Paralimpiada Nacional 2025 Deportes\",\"isPartOf\":{\"@id\":\"https:\/\/www.sonoraenequipo.com.mx\/#website\"},\"primaryImageOfPage\":{\"@id\":\"https:\/\/www.sonoraenequipo.com.mx\/tiene-el-bocha-sonorense-fuerte-inicio-en-paralimpiada-nacional-2025\/#primaryimage\"},\"image\":{\"@id\":\"https:\/\/www.sonoraenequipo.com.mx\/tiene-el-bocha-sonorense-fuerte-inicio-en-paralimpiada-nacional-2025\/#primaryimage\"},\"thumbnailUrl\":\"https:\/\/www.sonoraenequipo.com.mx\/storage\/2025\/09\/bochas.jpg\",\"datePublished\":\"2025-09-23T20:22:59+00:00\",\"dateModified\":\"2025-09-23T20:23:31+00:00\",\"description\":\"HERMOSILLO, SONORA, MX. \u2014 Una fuerte presentaci\u00f3n marc\u00f3 el equipo sonorense de bocha al obtener seis de los ocho encuentros que sostuvo, en la jornada de En Sonora en Equipo publicamos toda la informaci\u00f3n de Sonora, M\u00e9xico y el Mundo de manera oportuna y busca que la libertad de expresi\u00f3n sea real. Visita nuestro medio informativo publicado desde Hermosillo, Sonora. %\",\"breadcrumb\":{\"@id\":\"https:\/\/www.sonoraenequipo.com.mx\/tiene-el-bocha-sonorense-fuerte-inicio-en-paralimpiada-nacional-2025\/#breadcrumb\"},\"inLanguage\":\"es\",\"potentialAction\":[{\"@type\":\"ReadAction\",\"target\":[\"https:\/\/www.sonoraenequipo.com.mx\/tiene-el-bocha-sonorense-fuerte-inicio-en-paralimpiada-nacional-2025\/\"]}]},{\"@type\":\"ImageObject\",\"inLanguage\":\"es\",\"@id\":\"https:\/\/www.sonoraenequipo.com.mx\/tiene-el-bocha-sonorense-fuerte-inicio-en-paralimpiada-nacional-2025\/#primaryimage\",\"url\":\"https:\/\/www.sonoraenequipo.com.mx\/storage\/2025\/09\/bochas.jpg\",\"contentUrl\":\"https:\/\/www.sonoraenequipo.com.mx\/storage\/2025\/09\/bochas.jpg\",\"width\":600,\"height\":400},{\"@type\":\"BreadcrumbList\",\"@id\":\"https:\/\/www.sonoraenequipo.com.mx\/tiene-el-bocha-sonorense-fuerte-inicio-en-paralimpiada-nacional-2025\/#breadcrumb\",\"itemListElement\":[{\"@type\":\"ListItem\",\"position\":1,\"name\":\"Portada\",\"item\":\"https:\/\/www.sonoraenequipo.com.mx\/\"},{\"@type\":\"ListItem\",\"position\":2,\"name\":\"Tiene el Bocha sonorense fuerte inicio en Paralimpiada Nacional 2025\"}]},{\"@type\":\"WebSite\",\"@id\":\"https:\/\/www.sonoraenequipo.com.mx\/#website\",\"url\":\"https:\/\/www.sonoraenequipo.com.mx\/\",\"name\":\"Sonora en Equipo.\",\"description\":\"Diario en l\u00ednea con Noticias desde Hermosillo, Sonora\",\"publisher\":{\"@id\":\"https:\/\/www.sonoraenequipo.com.mx\/#organization\"},\"potentialAction\":[{\"@type\":\"SearchAction\",\"target\":{\"@type\":\"EntryPoint\",\"urlTemplate\":\"https:\/\/www.sonoraenequipo.com.mx\/?s={search_term_string}\"},\"query-input\":{\"@type\":\"PropertyValueSpecification\",\"valueRequired\":true,\"valueName\":\"search_term_string\"}}],\"inLanguage\":\"es\"},{\"@type\":\"Organization\",\"@id\":\"https:\/\/www.sonoraenequipo.com.mx\/#organization\",\"name\":\"Sonoraenequipo.com.mx\",\"url\":\"https:\/\/www.sonoraenequipo.com.mx\/\",\"logo\":{\"@type\":\"ImageObject\",\"inLanguage\":\"es\",\"@id\":\"https:\/\/www.sonoraenequipo.com.mx\/#\/schema\/logo\/image\/\",\"url\":\"https:\/\/www.sonoraenequipo.com.mx\/storage\/2019\/01\/sonoraenequipo_opt.png\",\"contentUrl\":\"https:\/\/www.sonoraenequipo.com.mx\/storage\/2019\/01\/sonoraenequipo_opt.png\",\"width\":375,\"height\":125,\"caption\":\"Sonoraenequipo.com.mx\"},\"image\":{\"@id\":\"https:\/\/www.sonoraenequipo.com.mx\/#\/schema\/logo\/image\/\"},\"sameAs\":[\"https:\/\/www.facebook.com\/SonoraEE\/\",\"https:\/\/x.com\/sonoraenequipo\",\"https:\/\/www.youtube.com\/channel\/UC338nW-lPEYmJQs4ZABQ1SQ\"]},{\"@type\":\"Person\",\"@id\":\"https:\/\/www.sonoraenequipo.com.mx\/#\/schema\/person\/50102df0fb23a8fa9e8effad8fa81386\",\"name\":\"enequipo\",\"image\":{\"@type\":\"ImageObject\",\"inLanguage\":\"es\",\"@id\":\"https:\/\/www.sonoraenequipo.com.mx\/#\/schema\/person\/image\/\",\"url\":\"https:\/\/secure.gravatar.com\/avatar\/049821681b589dabc0bc20695993ccebb09f5b5d4d790cd9251b97faac7c652b?s=96&d=blank&r=g\",\"contentUrl\":\"https:\/\/secure.gravatar.com\/avatar\/049821681b589dabc0bc20695993ccebb09f5b5d4d790cd9251b97faac7c652b?s=96&d=blank&r=g\",\"caption\":\"enequipo\"},\"sameAs\":[\"https:\/\/www.facebook.com\/SonoraEE\"]}]}<\/script>\n ","yoast_head_json":{"title":"Sonora en Equipo. Tiene el Bocha sonorense fuerte inicio en Paralimpiada Nacional 2025 Deportes","description":"HERMOSILLO, SONORA, MX. \u2014 Una fuerte presentaci\u00f3n marc\u00f3 el equipo sonorense de bocha al obtener seis de los ocho encuentros que sostuvo, en la jornada de En Sonora en Equipo publicamos toda la informaci\u00f3n de Sonora, M\u00e9xico y el Mundo de manera oportuna y busca que la libertad de expresi\u00f3n sea real. Visita nuestro medio informativo publicado desde Hermosillo, Sonora. %","robots":{"index":"index","follow":"follow","max-snippet":"max-snippet:-1","max-image-preview":"max-image-preview:large","max-video-preview":"max-video-preview:-1"},"canonical":"https:\/\/www.sonoraenequipo.com.mx\/tiene-el-bocha-sonorense-fuerte-inicio-en-paralimpiada-nacional-2025\/","og_locale":"es_ES","og_type":"article","og_title":"Sonora en Equipo. Tiene el Bocha sonorense fuerte inicio en Paralimpiada Nacional 2025 Deportes","og_description":"HERMOSILLO, SONORA, MX. \u2014 Una fuerte presentaci\u00f3n marc\u00f3 el equipo sonorense de bocha al obtener seis de los ocho encuentros que sostuvo, en la jornada de En Sonora en Equipo publicamos toda la informaci\u00f3n de Sonora, M\u00e9xico y el Mundo de manera oportuna y busca que la libertad de expresi\u00f3n sea real. Visita nuestro medio informativo publicado desde Hermosillo, Sonora. %","og_url":"https:\/\/www.sonoraenequipo.com.mx\/tiene-el-bocha-sonorense-fuerte-inicio-en-paralimpiada-nacional-2025\/","og_site_name":"Sonora en Equipo.","article_publisher":"https:\/\/www.facebook.com\/SonoraEE\/","article_author":"https:\/\/www.facebook.com\/SonoraEE","article_published_time":"2025-09-23T20:22:59+00:00","article_modified_time":"2025-09-23T20:23:31+00:00","og_image":[{"width":600,"height":400,"url":"https:\/\/www.sonoraenequipo.com.mx\/storage\/2025\/09\/bochas.jpg","type":"image\/jpeg"}],"author":"enequipo","twitter_card":"summary_large_image","twitter_creator":"@sonoraenequipo","twitter_site":"@sonoraenequipo","twitter_misc":{"Escrito por":"enequipo","Tiempo de lectura":"1 minuto"},"schema":{"@context":"https:\/\/schema.org","@graph":[{"@type":"Article","@id":"https:\/\/www.sonoraenequipo.com.mx\/tiene-el-bocha-sonorense-fuerte-inicio-en-paralimpiada-nacional-2025\/#article","isPartOf":{"@id":"https:\/\/www.sonoraenequipo.com.mx\/tiene-el-bocha-sonorense-fuerte-inicio-en-paralimpiada-nacional-2025\/"},"author":{"name":"enequipo","@id":"https:\/\/www.sonoraenequipo.com.mx\/#\/schema\/person\/50102df0fb23a8fa9e8effad8fa81386"},"headline":"Tiene el Bocha sonorense fuerte inicio en Paralimpiada Nacional 2025","datePublished":"2025-09-23T20:22:59+00:00","dateModified":"2025-09-23T20:23:31+00:00","mainEntityOfPage":{"@id":"https:\/\/www.sonoraenequipo.com.mx\/tiene-el-bocha-sonorense-fuerte-inicio-en-paralimpiada-nacional-2025\/"},"wordCount":240,"commentCount":0,"publisher":{"@id":"https:\/\/www.sonoraenequipo.com.mx\/#organization"},"image":{"@id":"https:\/\/www.sonoraenequipo.com.mx\/tiene-el-bocha-sonorense-fuerte-inicio-en-paralimpiada-nacional-2025\/#primaryimage"},"thumbnailUrl":"https:\/\/www.sonoraenequipo.com.mx\/storage\/2025\/09\/bochas.jpg","keywords":["bochas","Nacional","paralimpiada"],"articleSection":["Deportes"],"inLanguage":"es","potentialAction":[{"@type":"CommentAction","name":"Comment","target":["https:\/\/www.sonoraenequipo.com.mx\/tiene-el-bocha-sonorense-fuerte-inicio-en-paralimpiada-nacional-2025\/#respond"]}]},{"@type":"WebPage","@id":"https:\/\/www.sonoraenequipo.com.mx\/tiene-el-bocha-sonorense-fuerte-inicio-en-paralimpiada-nacional-2025\/","url":"https:\/\/www.sonoraenequipo.com.mx\/tiene-el-bocha-sonorense-fuerte-inicio-en-paralimpiada-nacional-2025\/","name":"Sonora en Equipo. Tiene el Bocha sonorense fuerte inicio en Paralimpiada Nacional 2025 Deportes","isPartOf":{"@id":"https:\/\/www.sonoraenequipo.com.mx\/#website"},"primaryImageOfPage":{"@id":"https:\/\/www.sonoraenequipo.com.mx\/tiene-el-bocha-sonorense-fuerte-inicio-en-paralimpiada-nacional-2025\/#primaryimage"},"image":{"@id":"https:\/\/www.sonoraenequipo.com.mx\/tiene-el-bocha-sonorense-fuerte-inicio-en-paralimpiada-nacional-2025\/#primaryimage"},"thumbnailUrl":"https:\/\/www.sonoraenequipo.com.mx\/storage\/2025\/09\/bochas.jpg","datePublished":"2025-09-23T20:22:59+00:00","dateModified":"2025-09-23T20:23:31+00:00","description":"HERMOSILLO, SONORA, MX. \u2014 Una fuerte presentaci\u00f3n marc\u00f3 el equipo sonorense de bocha al obtener seis de los ocho encuentros que sostuvo, en la jornada de En Sonora en Equipo publicamos toda la informaci\u00f3n de Sonora, M\u00e9xico y el Mundo de manera oportuna y busca que la libertad de expresi\u00f3n sea real. Visita nuestro medio informativo publicado desde Hermosillo, Sonora. %","breadcrumb":{"@id":"https:\/\/www.sonoraenequipo.com.mx\/tiene-el-bocha-sonorense-fuerte-inicio-en-paralimpiada-nacional-2025\/#breadcrumb"},"inLanguage":"es","potentialAction":[{"@type":"ReadAction","target":["https:\/\/www.sonoraenequipo.com.mx\/tiene-el-bocha-sonorense-fuerte-inicio-en-paralimpiada-nacional-2025\/"]}]},{"@type":"ImageObject","inLanguage":"es","@id":"https:\/\/www.sonoraenequipo.com.mx\/tiene-el-bocha-sonorense-fuerte-inicio-en-paralimpiada-nacional-2025\/#primaryimage","url":"https:\/\/www.sonoraenequipo.com.mx\/storage\/2025\/09\/bochas.jpg","contentUrl":"https:\/\/www.sonoraenequipo.com.mx\/storage\/2025\/09\/bochas.jpg","width":600,"height":400},{"@type":"BreadcrumbList","@id":"https:\/\/www.sonoraenequipo.com.mx\/tiene-el-bocha-sonorense-fuerte-inicio-en-paralimpiada-nacional-2025\/#breadcrumb","itemListElement":[{"@type":"ListItem","position":1,"name":"Portada","item":"https:\/\/www.sonoraenequipo.com.mx\/"},{"@type":"ListItem","position":2,"name":"Tiene el Bocha sonorense fuerte inicio en Paralimpiada Nacional 2025"}]},{"@type":"WebSite","@id":"https:\/\/www.sonoraenequipo.com.mx\/#website","url":"https:\/\/www.sonoraenequipo.com.mx\/","name":"Sonora en Equipo.","description":"Diario en l\u00ednea con Noticias desde Hermosillo, Sonora","publisher":{"@id":"https:\/\/www.sonoraenequipo.com.mx\/#organization"},"potentialAction":[{"@type":"SearchAction","target":{"@type":"EntryPoint","urlTemplate":"https:\/\/www.sonoraenequipo.com.mx\/?s={search_term_string}"},"query-input":{"@type":"PropertyValueSpecification","valueRequired":true,"valueName":"search_term_string"}}],"inLanguage":"es"},{"@type":"Organization","@id":"https:\/\/www.sonoraenequipo.com.mx\/#organization","name":"Sonoraenequipo.com.mx","url":"https:\/\/www.sonoraenequipo.com.mx\/","logo":{"@type":"ImageObject","inLanguage":"es","@id":"https:\/\/www.sonoraenequipo.com.mx\/#\/schema\/logo\/image\/","url":"https:\/\/www.sonoraenequipo.com.mx\/storage\/2019\/01\/sonoraenequipo_opt.png","contentUrl":"https:\/\/www.sonoraenequipo.com.mx\/storage\/2019\/01\/sonoraenequipo_opt.png","width":375,"height":125,"caption":"Sonoraenequipo.com.mx"},"image":{"@id":"https:\/\/www.sonoraenequipo.com.mx\/#\/schema\/logo\/image\/"},"sameAs":["https:\/\/www.facebook.com\/SonoraEE\/","https:\/\/x.com\/sonoraenequipo","https:\/\/www.youtube.com\/channel\/UC338nW-lPEYmJQs4ZABQ1SQ"]},{"@type":"Person","@id":"https:\/\/www.sonoraenequipo.com.mx\/#\/schema\/person\/50102df0fb23a8fa9e8effad8fa81386","name":"enequipo","image":{"@type":"ImageObject","inLanguage":"es","@id":"https:\/\/www.sonoraenequipo.com.mx\/#\/schema\/person\/image\/","url":"https:\/\/secure.gravatar.com\/avatar\/049821681b589dabc0bc20695993ccebb09f5b5d4d790cd9251b97faac7c652b?s=96&d=blank&r=g","contentUrl":"https:\/\/secure.gravatar.com\/avatar\/049821681b589dabc0bc20695993ccebb09f5b5d4d790cd9251b97faac7c652b?s=96&d=blank&r=g","caption":"enequipo"},"sameAs":["https:\/\/www.facebook.com\/SonoraEE"]}]}},"jetpack_featured_media_url":"https:\/\/www.sonoraenequipo.com.mx\/storage\/2025\/09\/bochas.jpg","_links":{"self":[{"href":"https:\/\/www.sonoraenequipo.com.mx\/api\/wp\/v2\/posts\/224500","targetHints":{"allow":["GET"]}}],"collection":[{"href":"https:\/\/www.sonoraenequipo.com.mx\/api\/wp\/v2\/posts"}],"about":[{"href":"https:\/\/www.sonoraenequipo.com.mx\/api\/wp\/v2\/types\/post"}],"author":[{"embeddable":true,"href":"https:\/\/www.sonoraenequipo.com.mx\/api\/wp\/v2\/users\/1"}],"replies":[{"embeddable":true,"href":"https:\/\/www.sonoraenequipo.com.mx\/api\/wp\/v2\/comments?post=224500"}],"version-history":[{"count":1,"href":"https:\/\/www.sonoraenequipo.com.mx\/api\/wp\/v2\/posts\/224500\/revisions"}],"predecessor-version":[{"id":224502,"href":"https:\/\/www.sonoraenequipo.com.mx\/api\/wp\/v2\/posts\/224500\/revisions\/224502"}],"wp:featuredmedia":[{"embeddable":true,"href":"https:\/\/www.sonoraenequipo.com.mx\/api\/wp\/v2\/media\/224501"}],"wp:attachment":[{"href":"https:\/\/www.sonoraenequipo.com.mx\/api\/wp\/v2\/media?parent=224500"}],"wp:term":[{"taxonomy":"category","embeddable":true,"href":"https:\/\/www.sonoraenequipo.com.mx\/api\/wp\/v2\/categories?post=224500"},{"taxonomy":"post_tag","embeddable":true,"href":"https:\/\/www.sonoraenequipo.com.mx\/api\/wp\/v2\/tags?post=224500"}],"curies":[{"name":"wp","href":"https:\/\/api.w.org\/{rel}","templated":true}]}}