{"id":224503,"date":"2025-09-23T13:37:09","date_gmt":"2025-09-23T20:37:09","guid":{"rendered":"https:\/\/www.sonoraenequipo.com.mx\/?p=224503"},"modified":"2025-09-23T13:40:48","modified_gmt":"2025-09-23T20:40:48","slug":"trump-reconocer-estado-palestino-es-recompensa-para-hamas","status":"publish","type":"post","link":"https:\/\/www.sonoraenequipo.com.mx\/trump-reconocer-estado-palestino-es-recompensa-para-hamas\/","title":{"rendered":"Trump: reconocer Estado palestino es \u00abrecompensa\u00bb para Ham\u00e1s"},"content":{"rendered":"<p><strong>NUEVA YORK, EE.UU.<\/strong><strong> \u0336 \u0336\u00a0 <\/strong>El presidente de Estados Unidos, Donald Trump, denunci\u00f3 este martes (23.09.2025), durante su discurso ante la Asamblea General de la ONU, que el reconocimiento del Estado palestino por parte de varios pa\u00edses supone una \u00abrecompensa\u00bb para Ham\u00e1s.<\/p>\n<p>&nbsp;<\/p>\n<p>\u00abNo podemos olvidar el 7 de octubre. \u00bfY ahora, como si fuera para alentar el conflicto continuo, algunos en este organismo buscan reconocer unilateralmente un Estado palestino? La recompensa ser\u00eda demasiado grande para los terroristas de Ham\u00e1s por sus atrocidades\u00bb, dijo Trump durante su intervenci\u00f3n.<\/p>\n<p>&nbsp;<\/p>\n<p>El mandatario estadounidense aprovech\u00f3 su discurso para reaccionar a la decisi\u00f3n de diez pa\u00edses, entre ellos Francia, B\u00e9lgica, Canad\u00e1 o Reino Unido, de reconocer el Estado palestino durante las reuniones de alto nivel que se est\u00e1n llevando a cabo en la sede de las Naciones Unidas en Nueva York.<\/p>\n<p>&nbsp;<\/p>\n<p>Este grupo de pa\u00edses elev\u00f3 a 157 el n\u00famero de los que reconocen al Estado palestino, una amplia mayor\u00eda dentro de los 193 pa\u00edses con asiento en la ONU.<\/p>\n<p>&nbsp;<\/p>\n<p>Trump acus\u00f3 al grupo islamista Ham\u00e1s de negarse a \u00abliberar a los rehenes o aceptar un alto el fuego\u00bb y asegur\u00f3 que han \u00abrechazado repetidas veces ofertas razonables para hacer la paz\u00bb<\/p>\n<p>&nbsp;<\/p>\n<p>Una comisi\u00f3n independiente de la ONU, relatores de derechos humanos, ONG y un creciente n\u00famero de pa\u00edses califican de genocidio la ofensiva militar israel\u00ed contra la Franja de Gaza, en la que ya han muerto m\u00e1s de 65.200 palestinos, entre ellos m\u00e1s de 19.000 ni\u00f1os.<\/p>\n<p>&nbsp;<\/p>\n<p>Sin embargo, la relatora de la ONU sobre los territorios palestinos ocupados, Francesca Albanese, asegur\u00f3 que el n\u00famero de muertos en Gaza podr\u00eda ser diez veces mayor de acuerdo con varias fuentes.<\/p>\n<p><strong>Fecha de publicaci\u00f3n martes 23 de septiembre de 2025\/DW<\/strong><\/p>\n<p>&nbsp;<\/p>\n","protected":false},"excerpt":{"rendered":"<p>NUEVA YORK, EE.UU. \u0336 \u0336\u00a0 El presidente de Estados Unidos, Donald Trump, denunci\u00f3 este martes&#8230;<\/p>\n","protected":false},"author":1,"featured_media":224504,"comment_status":"open","ping_status":"open","sticky":false,"template":"","format":"standard","meta":{"_monsterinsights_skip_tracking":false,"_monsterinsights_sitenote_active":false,"_monsterinsights_sitenote_note":"","_monsterinsights_sitenote_category":0,"footnotes":""},"categories":[3],"tags":[1186,144,9036,911,1102],"class_list":["post"],"yoast_head":" \n<title>Sonora en Equipo. Trump: reconocer Estado palestino es &quot;recompensa&quot; para Ham\u00e1s MUNDO<\/title>\n<meta name=\"description\" content=\"NUEVA YORK, EE.UU. \u0336 \u0336\u00a0 El presidente de Estados Unidos, Donald Trump, denunci\u00f3 este martes (23.09.2025), durante su discurso ante la Asamblea General de En Sonora en Equipo publicamos toda la informaci\u00f3n de Sonora, M\u00e9xico y el Mundo de manera oportuna y busca que la libertad de expresi\u00f3n sea real. Visita nuestro medio informativo publicado desde Hermosillo, Sonora. %\" \/>\n<meta name=\"robots\" content=\"index, follow, max-snippet:-1, max-image-preview:large, max-video-preview:-1\" \/>\n<link rel=\"canonical\" href=\"https:\/\/www.sonoraenequipo.com.mx\/trump-reconocer-estado-palestino-es-recompensa-para-hamas\/\" \/>\n<meta property=\"og:locale\" content=\"es_ES\" \/>\n<meta property=\"og:type\" content=\"article\" \/>\n<meta property=\"og:title\" content=\"Sonora en Equipo. Trump: reconocer Estado palestino es &quot;recompensa&quot; para Ham\u00e1s MUNDO\" \/>\n<meta property=\"og:description\" content=\"NUEVA YORK, EE.UU. \u0336 \u0336\u00a0 El presidente de Estados Unidos, Donald Trump, denunci\u00f3 este martes (23.09.2025), durante su discurso ante la Asamblea General de En Sonora en Equipo publicamos toda la informaci\u00f3n de Sonora, M\u00e9xico y el Mundo de manera oportuna y busca que la libertad de expresi\u00f3n sea real. Visita nuestro medio informativo publicado desde Hermosillo, Sonora. %\" \/>\n<meta property=\"og:url\" content=\"https:\/\/www.sonoraenequipo.com.mx\/trump-reconocer-estado-palestino-es-recompensa-para-hamas\/\" \/>\n<meta property=\"og:site_name\" content=\"Sonora en Equipo.\" \/>\n<meta property=\"article:publisher\" content=\"https:\/\/www.facebook.com\/SonoraEE\/\" \/>\n<meta property=\"article:author\" content=\"https:\/\/www.facebook.com\/SonoraEE\" \/>\n<meta property=\"article:published_time\" content=\"2025-09-23T20:37:09+00:00\" \/>\n<meta property=\"article:modified_time\" content=\"2025-09-23T20:40:48+00:00\" \/>\n<meta property=\"og:image\" content=\"https:\/\/www.sonoraenequipo.com.mx\/storage\/2025\/09\/trump-onu.jpg\" \/>\n\t<meta property=\"og:image:width\" content=\"600\" \/>\n\t<meta property=\"og:image:height\" content=\"400\" \/>\n\t<meta property=\"og:image:type\" content=\"image\/jpeg\" \/>\n<meta name=\"author\" content=\"enequipo\" \/>\n<meta name=\"twitter:card\" content=\"summary_large_image\" \/>\n<meta name=\"twitter:creator\" content=\"@sonoraenequipo\" \/>\n<meta name=\"twitter:site\" content=\"@sonoraenequipo\" \/>\n<meta name=\"twitter:label1\" content=\"Escrito por\" \/>\n\t<meta name=\"twitter:data1\" content=\"enequipo\" \/>\n\t<meta name=\"twitter:label2\" content=\"Tiempo de lectura\" \/>\n\t<meta name=\"twitter:data2\" content=\"2 minutos\" \/>\n<script type=\"application\/ld+json\" class=\"yoast-schema-graph\">{\"@context\":\"https:\/\/schema.org\",\"@graph\":[{\"@type\":\"Article\",\"@id\":\"https:\/\/www.sonoraenequipo.com.mx\/trump-reconocer-estado-palestino-es-recompensa-para-hamas\/#article\",\"isPartOf\":{\"@id\":\"https:\/\/www.sonoraenequipo.com.mx\/trump-reconocer-estado-palestino-es-recompensa-para-hamas\/\"},\"author\":{\"name\":\"enequipo\",\"@id\":\"https:\/\/www.sonoraenequipo.com.mx\/#\/schema\/person\/50102df0fb23a8fa9e8effad8fa81386\"},\"headline\":\"Trump: reconocer Estado palestino es \u00abrecompensa\u00bb para Ham\u00e1s\",\"datePublished\":\"2025-09-23T20:37:09+00:00\",\"dateModified\":\"2025-09-23T20:40:48+00:00\",\"mainEntityOfPage\":{\"@id\":\"https:\/\/www.sonoraenequipo.com.mx\/trump-reconocer-estado-palestino-es-recompensa-para-hamas\/\"},\"wordCount\":314,\"commentCount\":0,\"publisher\":{\"@id\":\"https:\/\/www.sonoraenequipo.com.mx\/#organization\"},\"image\":{\"@id\":\"https:\/\/www.sonoraenequipo.com.mx\/trump-reconocer-estado-palestino-es-recompensa-para-hamas\/#primaryimage\"},\"thumbnailUrl\":\"https:\/\/www.sonoraenequipo.com.mx\/storage\/2025\/09\/trump-onu.jpg\",\"keywords\":[\"Estado\",\"guerra\",\"ham\u00e0s\",\"ISRAEL\",\"Palestina\"],\"articleSection\":[\"MUNDO\"],\"inLanguage\":\"es\",\"potentialAction\":[{\"@type\":\"CommentAction\",\"name\":\"Comment\",\"target\":[\"https:\/\/www.sonoraenequipo.com.mx\/trump-reconocer-estado-palestino-es-recompensa-para-hamas\/#respond\"]}]},{\"@type\":\"WebPage\",\"@id\":\"https:\/\/www.sonoraenequipo.com.mx\/trump-reconocer-estado-palestino-es-recompensa-para-hamas\/\",\"url\":\"https:\/\/www.sonoraenequipo.com.mx\/trump-reconocer-estado-palestino-es-recompensa-para-hamas\/\",\"name\":\"Sonora en Equipo. Trump: reconocer Estado palestino es \\\"recompensa\\\" para Ham\u00e1s MUNDO\",\"isPartOf\":{\"@id\":\"https:\/\/www.sonoraenequipo.com.mx\/#website\"},\"primaryImageOfPage\":{\"@id\":\"https:\/\/www.sonoraenequipo.com.mx\/trump-reconocer-estado-palestino-es-recompensa-para-hamas\/#primaryimage\"},\"image\":{\"@id\":\"https:\/\/www.sonoraenequipo.com.mx\/trump-reconocer-estado-palestino-es-recompensa-para-hamas\/#primaryimage\"},\"thumbnailUrl\":\"https:\/\/www.sonoraenequipo.com.mx\/storage\/2025\/09\/trump-onu.jpg\",\"datePublished\":\"2025-09-23T20:37:09+00:00\",\"dateModified\":\"2025-09-23T20:40:48+00:00\",\"description\":\"NUEVA YORK, EE.UU. \u0336 \u0336\u00a0 El presidente de Estados Unidos, Donald Trump, denunci\u00f3 este martes (23.09.2025), durante su discurso ante la Asamblea General de En Sonora en Equipo publicamos toda la informaci\u00f3n de Sonora, M\u00e9xico y el Mundo de manera oportuna y busca que la libertad de expresi\u00f3n sea real. Visita nuestro medio informativo publicado desde Hermosillo, Sonora. %\",\"breadcrumb\":{\"@id\":\"https:\/\/www.sonoraenequipo.com.mx\/trump-reconocer-estado-palestino-es-recompensa-para-hamas\/#breadcrumb\"},\"inLanguage\":\"es\",\"potentialAction\":[{\"@type\":\"ReadAction\",\"target\":[\"https:\/\/www.sonoraenequipo.com.mx\/trump-reconocer-estado-palestino-es-recompensa-para-hamas\/\"]}]},{\"@type\":\"ImageObject\",\"inLanguage\":\"es\",\"@id\":\"https:\/\/www.sonoraenequipo.com.mx\/trump-reconocer-estado-palestino-es-recompensa-para-hamas\/#primaryimage\",\"url\":\"https:\/\/www.sonoraenequipo.com.mx\/storage\/2025\/09\/trump-onu.jpg\",\"contentUrl\":\"https:\/\/www.sonoraenequipo.com.mx\/storage\/2025\/09\/trump-onu.jpg\",\"width\":600,\"height\":400,\"caption\":\"Donald Trump durante su discurso ante la Asamblea General de la ONU, en Nueva York. Imagen: Kay Nietfeld\/dpa\/picture alliance\"},{\"@type\":\"BreadcrumbList\",\"@id\":\"https:\/\/www.sonoraenequipo.com.mx\/trump-reconocer-estado-palestino-es-recompensa-para-hamas\/#breadcrumb\",\"itemListElement\":[{\"@type\":\"ListItem\",\"position\":1,\"name\":\"Portada\",\"item\":\"https:\/\/www.sonoraenequipo.com.mx\/\"},{\"@type\":\"ListItem\",\"position\":2,\"name\":\"Trump: reconocer Estado palestino es \u00abrecompensa\u00bb para Ham\u00e1s\"}]},{\"@type\":\"WebSite\",\"@id\":\"https:\/\/www.sonoraenequipo.com.mx\/#website\",\"url\":\"https:\/\/www.sonoraenequipo.com.mx\/\",\"name\":\"Sonora en Equipo.\",\"description\":\"Diario en l\u00ednea con Noticias desde Hermosillo, Sonora\",\"publisher\":{\"@id\":\"https:\/\/www.sonoraenequipo.com.mx\/#organization\"},\"potentialAction\":[{\"@type\":\"SearchAction\",\"target\":{\"@type\":\"EntryPoint\",\"urlTemplate\":\"https:\/\/www.sonoraenequipo.com.mx\/?s={search_term_string}\"},\"query-input\":{\"@type\":\"PropertyValueSpecification\",\"valueRequired\":true,\"valueName\":\"search_term_string\"}}],\"inLanguage\":\"es\"},{\"@type\":\"Organization\",\"@id\":\"https:\/\/www.sonoraenequipo.com.mx\/#organization\",\"name\":\"Sonoraenequipo.com.mx\",\"url\":\"https:\/\/www.sonoraenequipo.com.mx\/\",\"logo\":{\"@type\":\"ImageObject\",\"inLanguage\":\"es\",\"@id\":\"https:\/\/www.sonoraenequipo.com.mx\/#\/schema\/logo\/image\/\",\"url\":\"https:\/\/www.sonoraenequipo.com.mx\/storage\/2019\/01\/sonoraenequipo_opt.png\",\"contentUrl\":\"https:\/\/www.sonoraenequipo.com.mx\/storage\/2019\/01\/sonoraenequipo_opt.png\",\"width\":375,\"height\":125,\"caption\":\"Sonoraenequipo.com.mx\"},\"image\":{\"@id\":\"https:\/\/www.sonoraenequipo.com.mx\/#\/schema\/logo\/image\/\"},\"sameAs\":[\"https:\/\/www.facebook.com\/SonoraEE\/\",\"https:\/\/x.com\/sonoraenequipo\",\"https:\/\/www.youtube.com\/channel\/UC338nW-lPEYmJQs4ZABQ1SQ\"]},{\"@type\":\"Person\",\"@id\":\"https:\/\/www.sonoraenequipo.com.mx\/#\/schema\/person\/50102df0fb23a8fa9e8effad8fa81386\",\"name\":\"enequipo\",\"image\":{\"@type\":\"ImageObject\",\"inLanguage\":\"es\",\"@id\":\"https:\/\/www.sonoraenequipo.com.mx\/#\/schema\/person\/image\/\",\"url\":\"https:\/\/secure.gravatar.com\/avatar\/049821681b589dabc0bc20695993ccebb09f5b5d4d790cd9251b97faac7c652b?s=96&d=blank&r=g\",\"contentUrl\":\"https:\/\/secure.gravatar.com\/avatar\/049821681b589dabc0bc20695993ccebb09f5b5d4d790cd9251b97faac7c652b?s=96&d=blank&r=g\",\"caption\":\"enequipo\"},\"sameAs\":[\"https:\/\/www.facebook.com\/SonoraEE\"]}]}<\/script>\n ","yoast_head_json":{"title":"Sonora en Equipo. Trump: reconocer Estado palestino es \"recompensa\" para Ham\u00e1s MUNDO","description":"NUEVA YORK, EE.UU. \u0336 \u0336\u00a0 El presidente de Estados Unidos, Donald Trump, denunci\u00f3 este martes (23.09.2025), durante su discurso ante la Asamblea General de En Sonora en Equipo publicamos toda la informaci\u00f3n de Sonora, M\u00e9xico y el Mundo de manera oportuna y busca que la libertad de expresi\u00f3n sea real. Visita nuestro medio informativo publicado desde Hermosillo, Sonora. %","robots":{"index":"index","follow":"follow","max-snippet":"max-snippet:-1","max-image-preview":"max-image-preview:large","max-video-preview":"max-video-preview:-1"},"canonical":"https:\/\/www.sonoraenequipo.com.mx\/trump-reconocer-estado-palestino-es-recompensa-para-hamas\/","og_locale":"es_ES","og_type":"article","og_title":"Sonora en Equipo. Trump: reconocer Estado palestino es \"recompensa\" para Ham\u00e1s MUNDO","og_description":"NUEVA YORK, EE.UU. \u0336 \u0336\u00a0 El presidente de Estados Unidos, Donald Trump, denunci\u00f3 este martes (23.09.2025), durante su discurso ante la Asamblea General de En Sonora en Equipo publicamos toda la informaci\u00f3n de Sonora, M\u00e9xico y el Mundo de manera oportuna y busca que la libertad de expresi\u00f3n sea real. Visita nuestro medio informativo publicado desde Hermosillo, Sonora. %","og_url":"https:\/\/www.sonoraenequipo.com.mx\/trump-reconocer-estado-palestino-es-recompensa-para-hamas\/","og_site_name":"Sonora en Equipo.","article_publisher":"https:\/\/www.facebook.com\/SonoraEE\/","article_author":"https:\/\/www.facebook.com\/SonoraEE","article_published_time":"2025-09-23T20:37:09+00:00","article_modified_time":"2025-09-23T20:40:48+00:00","og_image":[{"width":600,"height":400,"url":"https:\/\/www.sonoraenequipo.com.mx\/storage\/2025\/09\/trump-onu.jpg","type":"image\/jpeg"}],"author":"enequipo","twitter_card":"summary_large_image","twitter_creator":"@sonoraenequipo","twitter_site":"@sonoraenequipo","twitter_misc":{"Escrito por":"enequipo","Tiempo de lectura":"2 minutos"},"schema":{"@context":"https:\/\/schema.org","@graph":[{"@type":"Article","@id":"https:\/\/www.sonoraenequipo.com.mx\/trump-reconocer-estado-palestino-es-recompensa-para-hamas\/#article","isPartOf":{"@id":"https:\/\/www.sonoraenequipo.com.mx\/trump-reconocer-estado-palestino-es-recompensa-para-hamas\/"},"author":{"name":"enequipo","@id":"https:\/\/www.sonoraenequipo.com.mx\/#\/schema\/person\/50102df0fb23a8fa9e8effad8fa81386"},"headline":"Trump: reconocer Estado palestino es \u00abrecompensa\u00bb para Ham\u00e1s","datePublished":"2025-09-23T20:37:09+00:00","dateModified":"2025-09-23T20:40:48+00:00","mainEntityOfPage":{"@id":"https:\/\/www.sonoraenequipo.com.mx\/trump-reconocer-estado-palestino-es-recompensa-para-hamas\/"},"wordCount":314,"commentCount":0,"publisher":{"@id":"https:\/\/www.sonoraenequipo.com.mx\/#organization"},"image":{"@id":"https:\/\/www.sonoraenequipo.com.mx\/trump-reconocer-estado-palestino-es-recompensa-para-hamas\/#primaryimage"},"thumbnailUrl":"https:\/\/www.sonoraenequipo.com.mx\/storage\/2025\/09\/trump-onu.jpg","keywords":["Estado","guerra","ham\u00e0s","ISRAEL","Palestina"],"articleSection":["MUNDO"],"inLanguage":"es","potentialAction":[{"@type":"CommentAction","name":"Comment","target":["https:\/\/www.sonoraenequipo.com.mx\/trump-reconocer-estado-palestino-es-recompensa-para-hamas\/#respond"]}]},{"@type":"WebPage","@id":"https:\/\/www.sonoraenequipo.com.mx\/trump-reconocer-estado-palestino-es-recompensa-para-hamas\/","url":"https:\/\/www.sonoraenequipo.com.mx\/trump-reconocer-estado-palestino-es-recompensa-para-hamas\/","name":"Sonora en Equipo. Trump: reconocer Estado palestino es \"recompensa\" para Ham\u00e1s MUNDO","isPartOf":{"@id":"https:\/\/www.sonoraenequipo.com.mx\/#website"},"primaryImageOfPage":{"@id":"https:\/\/www.sonoraenequipo.com.mx\/trump-reconocer-estado-palestino-es-recompensa-para-hamas\/#primaryimage"},"image":{"@id":"https:\/\/www.sonoraenequipo.com.mx\/trump-reconocer-estado-palestino-es-recompensa-para-hamas\/#primaryimage"},"thumbnailUrl":"https:\/\/www.sonoraenequipo.com.mx\/storage\/2025\/09\/trump-onu.jpg","datePublished":"2025-09-23T20:37:09+00:00","dateModified":"2025-09-23T20:40:48+00:00","description":"NUEVA YORK, EE.UU. \u0336 \u0336\u00a0 El presidente de Estados Unidos, Donald Trump, denunci\u00f3 este martes (23.09.2025), durante su discurso ante la Asamblea General de En Sonora en Equipo publicamos toda la informaci\u00f3n de Sonora, M\u00e9xico y el Mundo de manera oportuna y busca que la libertad de expresi\u00f3n sea real. Visita nuestro medio informativo publicado desde Hermosillo, Sonora. %","breadcrumb":{"@id":"https:\/\/www.sonoraenequipo.com.mx\/trump-reconocer-estado-palestino-es-recompensa-para-hamas\/#breadcrumb"},"inLanguage":"es","potentialAction":[{"@type":"ReadAction","target":["https:\/\/www.sonoraenequipo.com.mx\/trump-reconocer-estado-palestino-es-recompensa-para-hamas\/"]}]},{"@type":"ImageObject","inLanguage":"es","@id":"https:\/\/www.sonoraenequipo.com.mx\/trump-reconocer-estado-palestino-es-recompensa-para-hamas\/#primaryimage","url":"https:\/\/www.sonoraenequipo.com.mx\/storage\/2025\/09\/trump-onu.jpg","contentUrl":"https:\/\/www.sonoraenequipo.com.mx\/storage\/2025\/09\/trump-onu.jpg","width":600,"height":400,"caption":"Donald Trump durante su discurso ante la Asamblea General de la ONU, en Nueva York. Imagen: Kay Nietfeld\/dpa\/picture alliance"},{"@type":"BreadcrumbList","@id":"https:\/\/www.sonoraenequipo.com.mx\/trump-reconocer-estado-palestino-es-recompensa-para-hamas\/#breadcrumb","itemListElement":[{"@type":"ListItem","position":1,"name":"Portada","item":"https:\/\/www.sonoraenequipo.com.mx\/"},{"@type":"ListItem","position":2,"name":"Trump: reconocer Estado palestino es \u00abrecompensa\u00bb para Ham\u00e1s"}]},{"@type":"WebSite","@id":"https:\/\/www.sonoraenequipo.com.mx\/#website","url":"https:\/\/www.sonoraenequipo.com.mx\/","name":"Sonora en Equipo.","description":"Diario en l\u00ednea con Noticias desde Hermosillo, Sonora","publisher":{"@id":"https:\/\/www.sonoraenequipo.com.mx\/#organization"},"potentialAction":[{"@type":"SearchAction","target":{"@type":"EntryPoint","urlTemplate":"https:\/\/www.sonoraenequipo.com.mx\/?s={search_term_string}"},"query-input":{"@type":"PropertyValueSpecification","valueRequired":true,"valueName":"search_term_string"}}],"inLanguage":"es"},{"@type":"Organization","@id":"https:\/\/www.sonoraenequipo.com.mx\/#organization","name":"Sonoraenequipo.com.mx","url":"https:\/\/www.sonoraenequipo.com.mx\/","logo":{"@type":"ImageObject","inLanguage":"es","@id":"https:\/\/www.sonoraenequipo.com.mx\/#\/schema\/logo\/image\/","url":"https:\/\/www.sonoraenequipo.com.mx\/storage\/2019\/01\/sonoraenequipo_opt.png","contentUrl":"https:\/\/www.sonoraenequipo.com.mx\/storage\/2019\/01\/sonoraenequipo_opt.png","width":375,"height":125,"caption":"Sonoraenequipo.com.mx"},"image":{"@id":"https:\/\/www.sonoraenequipo.com.mx\/#\/schema\/logo\/image\/"},"sameAs":["https:\/\/www.facebook.com\/SonoraEE\/","https:\/\/x.com\/sonoraenequipo","https:\/\/www.youtube.com\/channel\/UC338nW-lPEYmJQs4ZABQ1SQ"]},{"@type":"Person","@id":"https:\/\/www.sonoraenequipo.com.mx\/#\/schema\/person\/50102df0fb23a8fa9e8effad8fa81386","name":"enequipo","image":{"@type":"ImageObject","inLanguage":"es","@id":"https:\/\/www.sonoraenequipo.com.mx\/#\/schema\/person\/image\/","url":"https:\/\/secure.gravatar.com\/avatar\/049821681b589dabc0bc20695993ccebb09f5b5d4d790cd9251b97faac7c652b?s=96&d=blank&r=g","contentUrl":"https:\/\/secure.gravatar.com\/avatar\/049821681b589dabc0bc20695993ccebb09f5b5d4d790cd9251b97faac7c652b?s=96&d=blank&r=g","caption":"enequipo"},"sameAs":["https:\/\/www.facebook.com\/SonoraEE"]}]}},"jetpack_featured_media_url":"https:\/\/www.sonoraenequipo.com.mx\/storage\/2025\/09\/trump-onu.jpg","_links":{"self":[{"href":"https:\/\/www.sonoraenequipo.com.mx\/api\/wp\/v2\/posts\/224503","targetHints":{"allow":["GET"]}}],"collection":[{"href":"https:\/\/www.sonoraenequipo.com.mx\/api\/wp\/v2\/posts"}],"about":[{"href":"https:\/\/www.sonoraenequipo.com.mx\/api\/wp\/v2\/types\/post"}],"author":[{"embeddable":true,"href":"https:\/\/www.sonoraenequipo.com.mx\/api\/wp\/v2\/users\/1"}],"replies":[{"embeddable":true,"href":"https:\/\/www.sonoraenequipo.com.mx\/api\/wp\/v2\/comments?post=224503"}],"version-history":[{"count":1,"href":"https:\/\/www.sonoraenequipo.com.mx\/api\/wp\/v2\/posts\/224503\/revisions"}],"predecessor-version":[{"id":224505,"href":"https:\/\/www.sonoraenequipo.com.mx\/api\/wp\/v2\/posts\/224503\/revisions\/224505"}],"wp:featuredmedia":[{"embeddable":true,"href":"https:\/\/www.sonoraenequipo.com.mx\/api\/wp\/v2\/media\/224504"}],"wp:attachment":[{"href":"https:\/\/www.sonoraenequipo.com.mx\/api\/wp\/v2\/media?parent=224503"}],"wp:term":[{"taxonomy":"category","embeddable":true,"href":"https:\/\/www.sonoraenequipo.com.mx\/api\/wp\/v2\/categories?post=224503"},{"taxonomy":"post_tag","embeddable":true,"href":"https:\/\/www.sonoraenequipo.com.mx\/api\/wp\/v2\/tags?post=224503"}],"curies":[{"name":"wp","href":"https:\/\/api.w.org\/{rel}","templated":true}]}}