{"id":224519,"date":"2025-09-23T14:06:35","date_gmt":"2025-09-23T21:06:35","guid":{"rendered":"https:\/\/www.sonoraenequipo.com.mx\/?p=224519"},"modified":"2025-09-23T16:52:48","modified_gmt":"2025-09-23T23:52:48","slug":"mexico-con-ocho-sonorenses-conquista-ecetro-panamericano-de-softbol-u-23-varonil","status":"publish","type":"post","link":"https:\/\/www.sonoraenequipo.com.mx\/mexico-con-ocho-sonorenses-conquista-ecetro-panamericano-de-softbol-u-23-varonil\/","title":{"rendered":"M\u00e9xico, con ocho sonorenses conquista, cetro\u00a0 Panamericano de Softbol U-23 Varonil"},"content":{"rendered":"<p><strong>HERMOSILLO, SONORA, MX.<\/strong> \u2014 En un hist\u00f3rico e inusitado desenlace, M\u00e9xico, con ocho sonorenses, conquist\u00f3 la corona del segundo Campeonato Panamericano U23 de Softbol Varonil, luego de que el mal clima en La Pampa, Santa Rosa, Argentina, no permiti\u00f3 la terminaci\u00f3n del torneo continental.<\/p>\n<p>El certamen panamericano culmin\u00f3 abruptamente -un d\u00eda antes de lo previsto- tomando en cuenta que la jornada del s\u00e1bado pasado se cancel\u00f3 debido a las fuertes lluvias, imposibilitando la celebraci\u00f3n de los juegos por las medallas de oro y bronce, estipulados para efectuarse en la \u00faltima fecha de competencias.<\/p>\n<p>La noche del viernes el duelo entre mexicanos y argentinos qued\u00f3 inconcluso, con el marcador empatado 1-1 (en la d\u00e9cima entrada), debido a la adversa situaci\u00f3n climatol\u00f3gica, situaci\u00f3n que prevaleci\u00f3 hasta el s\u00e1bado, de tal forma, la WBSC decidi\u00f3 decretar un campe\u00f3n en la \u201cmesa\u201d, el cual result\u00f3 el equipo \u201cTricolor\u201d, en base a su superioridad estad\u00edstica (ofensiva y de picheo), pues, tanto M\u00e9xico como Argentina, acumularon marca de 5-1 en ganados y perdidos.<\/p>\n<p>Por lo tanto, la selecci\u00f3n nacional complet\u00f3 una provechosa actuaci\u00f3n, ya que, adem\u00e1s de coronarse monarca \u2013primer cetro continental para M\u00e9xico en la \u201cpelota blanda\u201d desde 1974-, asegur\u00f3 el pase a la Copa del Mundo de Softbol U23 Varonil a celebrarse el pr\u00f3ximo a\u00f1o en Colombia.<\/p>\n<p>En ese \u00faltimo duelo, el lanzador sonorense Carlos Parra tir\u00f3 10 innings en los que recet\u00f3 20 ponches, a su vez, el tambi\u00e9n originario de Sonora, Christian del Valle, puso al frente a la selecci\u00f3n nacional (1-0) mediante un sencillo productor, pero, en el cierre del noveno, el \u201cMacumbero\u201d perdi\u00f3 el juego perfecto tras permitir un triple a Luciano Boindi, quien posteriormente anot\u00f3 en un wild pitch para provocar la igualada (1-1).<\/p>\n<p>Una entrada m\u00e1s tarde, en la d\u00e9cima, la novena azteca, bajo el mando del tambi\u00e9n sonorense, Carlos Parra Trujillo, llen\u00f3 las bases, sin embargo, cuando Jordan Solorio consum\u00eda su turno, el ampayer principal decidi\u00f3 suspender el desaf\u00edo por la pertinaz precipitaci\u00f3n y lo mojado del terreno, condiciones que imped\u00edan el desempe\u00f1o de los jugadores en el diamante.<\/p>\n<p>En resumen, de los siete peloteros sonorenses que participaron, los m\u00e1s destacados resultaron Carlos Parra (pitcheo) y Manuel Zepeda (bateo); el primero termin\u00f3 con 2-1 (ambas victorias por blanqueada) y 0.67 de efectividad (n\u00famero dos en ese departamento, adem\u00e1s de abanicar a 43 en 21 entradas), mientras tanto, el segundo lider\u00f3 al equipo azteca en porcentaje ofensivo, al acumular .462 mil\u00e9simas (13-6), para culminar como subcampe\u00f3n detr\u00e1s del argentino Biondi (.467).<\/p>\n<p>Desde el c\u00edrculo de pitcheo tambi\u00e9n vio acci\u00f3n Jos\u00e9 Manuel Contreras, quien tuvo n\u00fameros de 1-0 y 0.00 (una blanqueada con 10 ponches en 5 innings), mientras que los otros cuatro jugadores de posici\u00f3n fueron: David D\u00edaz (.214, 2 jonrones y 7 producidas, para ser el l\u00edder en cuadrangulares y remolcadas del certamen), Christian del Valle (.200, 1 y 4), Alejandro Garc\u00eda (.111, 0 y 0) y Miguel Leyva (.125, 0 y 0).<\/p>\n<p>De las cinco victorias del equipo azteca, cuatro fueron consecutivas, para iniciar invicto, luego de pasar sobre Canad\u00e1 (4-0), Estados Unidos (1-0), Guatemala (16-0) y Rep\u00fablica Dominicana (11-0), enseguida cay\u00f3 ante Venezuela (2-1), aunque inmediatamente recuper\u00f3 el camino triunfal tras imponerse a Per\u00fa (8-0).<\/p>\n<p><strong>Fecha de publicaci\u00f3n martes 23 de septiembre de 2025<\/strong><\/p>\n","protected":false},"excerpt":{"rendered":"<p>HERMOSILLO, SONORA, MX. \u2014 En un hist\u00f3rico e inusitado desenlace, M\u00e9xico, con ocho sonorenses, conquist\u00f3&#8230;<\/p>\n","protected":false},"author":1,"featured_media":224536,"comment_status":"open","ping_status":"open","sticky":false,"template":"","format":"standard","meta":{"_monsterinsights_skip_tracking":false,"_monsterinsights_sitenote_active":false,"_monsterinsights_sitenote_note":"","_monsterinsights_sitenote_category":0,"footnotes":""},"categories":[22],"tags":[11804,5945],"class_list":["post"],"yoast_head":" \n<title>Sonora en Equipo. M\u00e9xico, con ocho sonorenses conquista, cetro\u00a0 Panamericano de Softbol U-23 Varonil Sonora<\/title>\n<meta name=\"description\" content=\"HERMOSILLO, SONORA, MX. \u2014 En un hist\u00f3rico e inusitado desenlace, M\u00e9xico, con ocho sonorenses, conquist\u00f3 la corona del segundo Campeonato Panamericano U23 En Sonora en Equipo publicamos toda la informaci\u00f3n de Sonora, M\u00e9xico y el Mundo de manera oportuna y busca que la libertad de expresi\u00f3n sea real. Visita nuestro medio informativo publicado desde Hermosillo, Sonora. %\" \/>\n<meta name=\"robots\" content=\"index, follow, max-snippet:-1, max-image-preview:large, max-video-preview:-1\" \/>\n<link rel=\"canonical\" href=\"https:\/\/www.sonoraenequipo.com.mx\/mexico-con-ocho-sonorenses-conquista-ecetro-panamericano-de-softbol-u-23-varonil\/\" \/>\n<meta property=\"og:locale\" content=\"es_ES\" \/>\n<meta property=\"og:type\" content=\"article\" \/>\n<meta property=\"og:title\" content=\"Sonora en Equipo. M\u00e9xico, con ocho sonorenses conquista, cetro\u00a0 Panamericano de Softbol U-23 Varonil Sonora\" \/>\n<meta property=\"og:description\" content=\"HERMOSILLO, SONORA, MX. \u2014 En un hist\u00f3rico e inusitado desenlace, M\u00e9xico, con ocho sonorenses, conquist\u00f3 la corona del segundo Campeonato Panamericano U23 En Sonora en Equipo publicamos toda la informaci\u00f3n de Sonora, M\u00e9xico y el Mundo de manera oportuna y busca que la libertad de expresi\u00f3n sea real. Visita nuestro medio informativo publicado desde Hermosillo, Sonora. %\" \/>\n<meta property=\"og:url\" content=\"https:\/\/www.sonoraenequipo.com.mx\/mexico-con-ocho-sonorenses-conquista-ecetro-panamericano-de-softbol-u-23-varonil\/\" \/>\n<meta property=\"og:site_name\" content=\"Sonora en Equipo.\" \/>\n<meta property=\"article:publisher\" content=\"https:\/\/www.facebook.com\/SonoraEE\/\" \/>\n<meta property=\"article:author\" content=\"https:\/\/www.facebook.com\/SonoraEE\" \/>\n<meta property=\"article:published_time\" content=\"2025-09-23T21:06:35+00:00\" \/>\n<meta property=\"article:modified_time\" content=\"2025-09-23T23:52:48+00:00\" \/>\n<meta property=\"og:image\" content=\"https:\/\/www.sonoraenequipo.com.mx\/storage\/2025\/09\/softbol-u-23.jpg\" \/>\n\t<meta property=\"og:image:width\" content=\"600\" \/>\n\t<meta property=\"og:image:height\" content=\"400\" \/>\n\t<meta property=\"og:image:type\" content=\"image\/jpeg\" \/>\n<meta name=\"author\" content=\"enequipo\" \/>\n<meta name=\"twitter:card\" content=\"summary_large_image\" \/>\n<meta name=\"twitter:creator\" content=\"@sonoraenequipo\" \/>\n<meta name=\"twitter:site\" content=\"@sonoraenequipo\" \/>\n<meta name=\"twitter:label1\" content=\"Escrito por\" \/>\n\t<meta name=\"twitter:data1\" content=\"enequipo\" \/>\n\t<meta name=\"twitter:label2\" content=\"Tiempo de lectura\" \/>\n\t<meta name=\"twitter:data2\" content=\"3 minutos\" \/>\n<script type=\"application\/ld+json\" class=\"yoast-schema-graph\">{\"@context\":\"https:\/\/schema.org\",\"@graph\":[{\"@type\":\"Article\",\"@id\":\"https:\/\/www.sonoraenequipo.com.mx\/mexico-con-ocho-sonorenses-conquista-ecetro-panamericano-de-softbol-u-23-varonil\/#article\",\"isPartOf\":{\"@id\":\"https:\/\/www.sonoraenequipo.com.mx\/mexico-con-ocho-sonorenses-conquista-ecetro-panamericano-de-softbol-u-23-varonil\/\"},\"author\":{\"name\":\"enequipo\",\"@id\":\"https:\/\/www.sonoraenequipo.com.mx\/#\/schema\/person\/50102df0fb23a8fa9e8effad8fa81386\"},\"headline\":\"M\u00e9xico, con ocho sonorenses conquista, cetro\u00a0 Panamericano de Softbol U-23 Varonil\",\"datePublished\":\"2025-09-23T21:06:35+00:00\",\"dateModified\":\"2025-09-23T23:52:48+00:00\",\"mainEntityOfPage\":{\"@id\":\"https:\/\/www.sonoraenequipo.com.mx\/mexico-con-ocho-sonorenses-conquista-ecetro-panamericano-de-softbol-u-23-varonil\/\"},\"wordCount\":572,\"commentCount\":0,\"publisher\":{\"@id\":\"https:\/\/www.sonoraenequipo.com.mx\/#organization\"},\"image\":{\"@id\":\"https:\/\/www.sonoraenequipo.com.mx\/mexico-con-ocho-sonorenses-conquista-ecetro-panamericano-de-softbol-u-23-varonil\/#primaryimage\"},\"thumbnailUrl\":\"https:\/\/www.sonoraenequipo.com.mx\/storage\/2025\/09\/softbol-u-23.jpg\",\"keywords\":[\"panamericano U-23\",\"softbol\"],\"articleSection\":[\"Sonora\"],\"inLanguage\":\"es\",\"potentialAction\":[{\"@type\":\"CommentAction\",\"name\":\"Comment\",\"target\":[\"https:\/\/www.sonoraenequipo.com.mx\/mexico-con-ocho-sonorenses-conquista-ecetro-panamericano-de-softbol-u-23-varonil\/#respond\"]}]},{\"@type\":\"WebPage\",\"@id\":\"https:\/\/www.sonoraenequipo.com.mx\/mexico-con-ocho-sonorenses-conquista-ecetro-panamericano-de-softbol-u-23-varonil\/\",\"url\":\"https:\/\/www.sonoraenequipo.com.mx\/mexico-con-ocho-sonorenses-conquista-ecetro-panamericano-de-softbol-u-23-varonil\/\",\"name\":\"Sonora en Equipo. M\u00e9xico, con ocho sonorenses conquista, cetro\u00a0 Panamericano de Softbol U-23 Varonil Sonora\",\"isPartOf\":{\"@id\":\"https:\/\/www.sonoraenequipo.com.mx\/#website\"},\"primaryImageOfPage\":{\"@id\":\"https:\/\/www.sonoraenequipo.com.mx\/mexico-con-ocho-sonorenses-conquista-ecetro-panamericano-de-softbol-u-23-varonil\/#primaryimage\"},\"image\":{\"@id\":\"https:\/\/www.sonoraenequipo.com.mx\/mexico-con-ocho-sonorenses-conquista-ecetro-panamericano-de-softbol-u-23-varonil\/#primaryimage\"},\"thumbnailUrl\":\"https:\/\/www.sonoraenequipo.com.mx\/storage\/2025\/09\/softbol-u-23.jpg\",\"datePublished\":\"2025-09-23T21:06:35+00:00\",\"dateModified\":\"2025-09-23T23:52:48+00:00\",\"description\":\"HERMOSILLO, SONORA, MX. \u2014 En un hist\u00f3rico e inusitado desenlace, M\u00e9xico, con ocho sonorenses, conquist\u00f3 la corona del segundo Campeonato Panamericano U23 En Sonora en Equipo publicamos toda la informaci\u00f3n de Sonora, M\u00e9xico y el Mundo de manera oportuna y busca que la libertad de expresi\u00f3n sea real. Visita nuestro medio informativo publicado desde Hermosillo, Sonora. %\",\"breadcrumb\":{\"@id\":\"https:\/\/www.sonoraenequipo.com.mx\/mexico-con-ocho-sonorenses-conquista-ecetro-panamericano-de-softbol-u-23-varonil\/#breadcrumb\"},\"inLanguage\":\"es\",\"potentialAction\":[{\"@type\":\"ReadAction\",\"target\":[\"https:\/\/www.sonoraenequipo.com.mx\/mexico-con-ocho-sonorenses-conquista-ecetro-panamericano-de-softbol-u-23-varonil\/\"]}]},{\"@type\":\"ImageObject\",\"inLanguage\":\"es\",\"@id\":\"https:\/\/www.sonoraenequipo.com.mx\/mexico-con-ocho-sonorenses-conquista-ecetro-panamericano-de-softbol-u-23-varonil\/#primaryimage\",\"url\":\"https:\/\/www.sonoraenequipo.com.mx\/storage\/2025\/09\/softbol-u-23.jpg\",\"contentUrl\":\"https:\/\/www.sonoraenequipo.com.mx\/storage\/2025\/09\/softbol-u-23.jpg\",\"width\":600,\"height\":400},{\"@type\":\"BreadcrumbList\",\"@id\":\"https:\/\/www.sonoraenequipo.com.mx\/mexico-con-ocho-sonorenses-conquista-ecetro-panamericano-de-softbol-u-23-varonil\/#breadcrumb\",\"itemListElement\":[{\"@type\":\"ListItem\",\"position\":1,\"name\":\"Portada\",\"item\":\"https:\/\/www.sonoraenequipo.com.mx\/\"},{\"@type\":\"ListItem\",\"position\":2,\"name\":\"M\u00e9xico, con ocho sonorenses conquista, cetro\u00a0 Panamericano de Softbol U-23 Varonil\"}]},{\"@type\":\"WebSite\",\"@id\":\"https:\/\/www.sonoraenequipo.com.mx\/#website\",\"url\":\"https:\/\/www.sonoraenequipo.com.mx\/\",\"name\":\"Sonora en Equipo.\",\"description\":\"Diario en l\u00ednea con Noticias desde Hermosillo, Sonora\",\"publisher\":{\"@id\":\"https:\/\/www.sonoraenequipo.com.mx\/#organization\"},\"potentialAction\":[{\"@type\":\"SearchAction\",\"target\":{\"@type\":\"EntryPoint\",\"urlTemplate\":\"https:\/\/www.sonoraenequipo.com.mx\/?s={search_term_string}\"},\"query-input\":{\"@type\":\"PropertyValueSpecification\",\"valueRequired\":true,\"valueName\":\"search_term_string\"}}],\"inLanguage\":\"es\"},{\"@type\":\"Organization\",\"@id\":\"https:\/\/www.sonoraenequipo.com.mx\/#organization\",\"name\":\"Sonoraenequipo.com.mx\",\"url\":\"https:\/\/www.sonoraenequipo.com.mx\/\",\"logo\":{\"@type\":\"ImageObject\",\"inLanguage\":\"es\",\"@id\":\"https:\/\/www.sonoraenequipo.com.mx\/#\/schema\/logo\/image\/\",\"url\":\"https:\/\/www.sonoraenequipo.com.mx\/storage\/2019\/01\/sonoraenequipo_opt.png\",\"contentUrl\":\"https:\/\/www.sonoraenequipo.com.mx\/storage\/2019\/01\/sonoraenequipo_opt.png\",\"width\":375,\"height\":125,\"caption\":\"Sonoraenequipo.com.mx\"},\"image\":{\"@id\":\"https:\/\/www.sonoraenequipo.com.mx\/#\/schema\/logo\/image\/\"},\"sameAs\":[\"https:\/\/www.facebook.com\/SonoraEE\/\",\"https:\/\/x.com\/sonoraenequipo\",\"https:\/\/www.youtube.com\/channel\/UC338nW-lPEYmJQs4ZABQ1SQ\"]},{\"@type\":\"Person\",\"@id\":\"https:\/\/www.sonoraenequipo.com.mx\/#\/schema\/person\/50102df0fb23a8fa9e8effad8fa81386\",\"name\":\"enequipo\",\"image\":{\"@type\":\"ImageObject\",\"inLanguage\":\"es\",\"@id\":\"https:\/\/www.sonoraenequipo.com.mx\/#\/schema\/person\/image\/\",\"url\":\"https:\/\/secure.gravatar.com\/avatar\/049821681b589dabc0bc20695993ccebb09f5b5d4d790cd9251b97faac7c652b?s=96&d=blank&r=g\",\"contentUrl\":\"https:\/\/secure.gravatar.com\/avatar\/049821681b589dabc0bc20695993ccebb09f5b5d4d790cd9251b97faac7c652b?s=96&d=blank&r=g\",\"caption\":\"enequipo\"},\"sameAs\":[\"https:\/\/www.facebook.com\/SonoraEE\"]}]}<\/script>\n ","yoast_head_json":{"title":"Sonora en Equipo. M\u00e9xico, con ocho sonorenses conquista, cetro\u00a0 Panamericano de Softbol U-23 Varonil Sonora","description":"HERMOSILLO, SONORA, MX. \u2014 En un hist\u00f3rico e inusitado desenlace, M\u00e9xico, con ocho sonorenses, conquist\u00f3 la corona del segundo Campeonato Panamericano U23 En Sonora en Equipo publicamos toda la informaci\u00f3n de Sonora, M\u00e9xico y el Mundo de manera oportuna y busca que la libertad de expresi\u00f3n sea real. Visita nuestro medio informativo publicado desde Hermosillo, Sonora. %","robots":{"index":"index","follow":"follow","max-snippet":"max-snippet:-1","max-image-preview":"max-image-preview:large","max-video-preview":"max-video-preview:-1"},"canonical":"https:\/\/www.sonoraenequipo.com.mx\/mexico-con-ocho-sonorenses-conquista-ecetro-panamericano-de-softbol-u-23-varonil\/","og_locale":"es_ES","og_type":"article","og_title":"Sonora en Equipo. M\u00e9xico, con ocho sonorenses conquista, cetro\u00a0 Panamericano de Softbol U-23 Varonil Sonora","og_description":"HERMOSILLO, SONORA, MX. \u2014 En un hist\u00f3rico e inusitado desenlace, M\u00e9xico, con ocho sonorenses, conquist\u00f3 la corona del segundo Campeonato Panamericano U23 En Sonora en Equipo publicamos toda la informaci\u00f3n de Sonora, M\u00e9xico y el Mundo de manera oportuna y busca que la libertad de expresi\u00f3n sea real. Visita nuestro medio informativo publicado desde Hermosillo, Sonora. %","og_url":"https:\/\/www.sonoraenequipo.com.mx\/mexico-con-ocho-sonorenses-conquista-ecetro-panamericano-de-softbol-u-23-varonil\/","og_site_name":"Sonora en Equipo.","article_publisher":"https:\/\/www.facebook.com\/SonoraEE\/","article_author":"https:\/\/www.facebook.com\/SonoraEE","article_published_time":"2025-09-23T21:06:35+00:00","article_modified_time":"2025-09-23T23:52:48+00:00","og_image":[{"width":600,"height":400,"url":"https:\/\/www.sonoraenequipo.com.mx\/storage\/2025\/09\/softbol-u-23.jpg","type":"image\/jpeg"}],"author":"enequipo","twitter_card":"summary_large_image","twitter_creator":"@sonoraenequipo","twitter_site":"@sonoraenequipo","twitter_misc":{"Escrito por":"enequipo","Tiempo de lectura":"3 minutos"},"schema":{"@context":"https:\/\/schema.org","@graph":[{"@type":"Article","@id":"https:\/\/www.sonoraenequipo.com.mx\/mexico-con-ocho-sonorenses-conquista-ecetro-panamericano-de-softbol-u-23-varonil\/#article","isPartOf":{"@id":"https:\/\/www.sonoraenequipo.com.mx\/mexico-con-ocho-sonorenses-conquista-ecetro-panamericano-de-softbol-u-23-varonil\/"},"author":{"name":"enequipo","@id":"https:\/\/www.sonoraenequipo.com.mx\/#\/schema\/person\/50102df0fb23a8fa9e8effad8fa81386"},"headline":"M\u00e9xico, con ocho sonorenses conquista, cetro\u00a0 Panamericano de Softbol U-23 Varonil","datePublished":"2025-09-23T21:06:35+00:00","dateModified":"2025-09-23T23:52:48+00:00","mainEntityOfPage":{"@id":"https:\/\/www.sonoraenequipo.com.mx\/mexico-con-ocho-sonorenses-conquista-ecetro-panamericano-de-softbol-u-23-varonil\/"},"wordCount":572,"commentCount":0,"publisher":{"@id":"https:\/\/www.sonoraenequipo.com.mx\/#organization"},"image":{"@id":"https:\/\/www.sonoraenequipo.com.mx\/mexico-con-ocho-sonorenses-conquista-ecetro-panamericano-de-softbol-u-23-varonil\/#primaryimage"},"thumbnailUrl":"https:\/\/www.sonoraenequipo.com.mx\/storage\/2025\/09\/softbol-u-23.jpg","keywords":["panamericano U-23","softbol"],"articleSection":["Sonora"],"inLanguage":"es","potentialAction":[{"@type":"CommentAction","name":"Comment","target":["https:\/\/www.sonoraenequipo.com.mx\/mexico-con-ocho-sonorenses-conquista-ecetro-panamericano-de-softbol-u-23-varonil\/#respond"]}]},{"@type":"WebPage","@id":"https:\/\/www.sonoraenequipo.com.mx\/mexico-con-ocho-sonorenses-conquista-ecetro-panamericano-de-softbol-u-23-varonil\/","url":"https:\/\/www.sonoraenequipo.com.mx\/mexico-con-ocho-sonorenses-conquista-ecetro-panamericano-de-softbol-u-23-varonil\/","name":"Sonora en Equipo. M\u00e9xico, con ocho sonorenses conquista, cetro\u00a0 Panamericano de Softbol U-23 Varonil Sonora","isPartOf":{"@id":"https:\/\/www.sonoraenequipo.com.mx\/#website"},"primaryImageOfPage":{"@id":"https:\/\/www.sonoraenequipo.com.mx\/mexico-con-ocho-sonorenses-conquista-ecetro-panamericano-de-softbol-u-23-varonil\/#primaryimage"},"image":{"@id":"https:\/\/www.sonoraenequipo.com.mx\/mexico-con-ocho-sonorenses-conquista-ecetro-panamericano-de-softbol-u-23-varonil\/#primaryimage"},"thumbnailUrl":"https:\/\/www.sonoraenequipo.com.mx\/storage\/2025\/09\/softbol-u-23.jpg","datePublished":"2025-09-23T21:06:35+00:00","dateModified":"2025-09-23T23:52:48+00:00","description":"HERMOSILLO, SONORA, MX. \u2014 En un hist\u00f3rico e inusitado desenlace, M\u00e9xico, con ocho sonorenses, conquist\u00f3 la corona del segundo Campeonato Panamericano U23 En Sonora en Equipo publicamos toda la informaci\u00f3n de Sonora, M\u00e9xico y el Mundo de manera oportuna y busca que la libertad de expresi\u00f3n sea real. Visita nuestro medio informativo publicado desde Hermosillo, Sonora. %","breadcrumb":{"@id":"https:\/\/www.sonoraenequipo.com.mx\/mexico-con-ocho-sonorenses-conquista-ecetro-panamericano-de-softbol-u-23-varonil\/#breadcrumb"},"inLanguage":"es","potentialAction":[{"@type":"ReadAction","target":["https:\/\/www.sonoraenequipo.com.mx\/mexico-con-ocho-sonorenses-conquista-ecetro-panamericano-de-softbol-u-23-varonil\/"]}]},{"@type":"ImageObject","inLanguage":"es","@id":"https:\/\/www.sonoraenequipo.com.mx\/mexico-con-ocho-sonorenses-conquista-ecetro-panamericano-de-softbol-u-23-varonil\/#primaryimage","url":"https:\/\/www.sonoraenequipo.com.mx\/storage\/2025\/09\/softbol-u-23.jpg","contentUrl":"https:\/\/www.sonoraenequipo.com.mx\/storage\/2025\/09\/softbol-u-23.jpg","width":600,"height":400},{"@type":"BreadcrumbList","@id":"https:\/\/www.sonoraenequipo.com.mx\/mexico-con-ocho-sonorenses-conquista-ecetro-panamericano-de-softbol-u-23-varonil\/#breadcrumb","itemListElement":[{"@type":"ListItem","position":1,"name":"Portada","item":"https:\/\/www.sonoraenequipo.com.mx\/"},{"@type":"ListItem","position":2,"name":"M\u00e9xico, con ocho sonorenses conquista, cetro\u00a0 Panamericano de Softbol U-23 Varonil"}]},{"@type":"WebSite","@id":"https:\/\/www.sonoraenequipo.com.mx\/#website","url":"https:\/\/www.sonoraenequipo.com.mx\/","name":"Sonora en Equipo.","description":"Diario en l\u00ednea con Noticias desde Hermosillo, Sonora","publisher":{"@id":"https:\/\/www.sonoraenequipo.com.mx\/#organization"},"potentialAction":[{"@type":"SearchAction","target":{"@type":"EntryPoint","urlTemplate":"https:\/\/www.sonoraenequipo.com.mx\/?s={search_term_string}"},"query-input":{"@type":"PropertyValueSpecification","valueRequired":true,"valueName":"search_term_string"}}],"inLanguage":"es"},{"@type":"Organization","@id":"https:\/\/www.sonoraenequipo.com.mx\/#organization","name":"Sonoraenequipo.com.mx","url":"https:\/\/www.sonoraenequipo.com.mx\/","logo":{"@type":"ImageObject","inLanguage":"es","@id":"https:\/\/www.sonoraenequipo.com.mx\/#\/schema\/logo\/image\/","url":"https:\/\/www.sonoraenequipo.com.mx\/storage\/2019\/01\/sonoraenequipo_opt.png","contentUrl":"https:\/\/www.sonoraenequipo.com.mx\/storage\/2019\/01\/sonoraenequipo_opt.png","width":375,"height":125,"caption":"Sonoraenequipo.com.mx"},"image":{"@id":"https:\/\/www.sonoraenequipo.com.mx\/#\/schema\/logo\/image\/"},"sameAs":["https:\/\/www.facebook.com\/SonoraEE\/","https:\/\/x.com\/sonoraenequipo","https:\/\/www.youtube.com\/channel\/UC338nW-lPEYmJQs4ZABQ1SQ"]},{"@type":"Person","@id":"https:\/\/www.sonoraenequipo.com.mx\/#\/schema\/person\/50102df0fb23a8fa9e8effad8fa81386","name":"enequipo","image":{"@type":"ImageObject","inLanguage":"es","@id":"https:\/\/www.sonoraenequipo.com.mx\/#\/schema\/person\/image\/","url":"https:\/\/secure.gravatar.com\/avatar\/049821681b589dabc0bc20695993ccebb09f5b5d4d790cd9251b97faac7c652b?s=96&d=blank&r=g","contentUrl":"https:\/\/secure.gravatar.com\/avatar\/049821681b589dabc0bc20695993ccebb09f5b5d4d790cd9251b97faac7c652b?s=96&d=blank&r=g","caption":"enequipo"},"sameAs":["https:\/\/www.facebook.com\/SonoraEE"]}]}},"jetpack_featured_media_url":"https:\/\/www.sonoraenequipo.com.mx\/storage\/2025\/09\/softbol-u-23.jpg","_links":{"self":[{"href":"https:\/\/www.sonoraenequipo.com.mx\/api\/wp\/v2\/posts\/224519","targetHints":{"allow":["GET"]}}],"collection":[{"href":"https:\/\/www.sonoraenequipo.com.mx\/api\/wp\/v2\/posts"}],"about":[{"href":"https:\/\/www.sonoraenequipo.com.mx\/api\/wp\/v2\/types\/post"}],"author":[{"embeddable":true,"href":"https:\/\/www.sonoraenequipo.com.mx\/api\/wp\/v2\/users\/1"}],"replies":[{"embeddable":true,"href":"https:\/\/www.sonoraenequipo.com.mx\/api\/wp\/v2\/comments?post=224519"}],"version-history":[{"count":2,"href":"https:\/\/www.sonoraenequipo.com.mx\/api\/wp\/v2\/posts\/224519\/revisions"}],"predecessor-version":[{"id":224537,"href":"https:\/\/www.sonoraenequipo.com.mx\/api\/wp\/v2\/posts\/224519\/revisions\/224537"}],"wp:featuredmedia":[{"embeddable":true,"href":"https:\/\/www.sonoraenequipo.com.mx\/api\/wp\/v2\/media\/224536"}],"wp:attachment":[{"href":"https:\/\/www.sonoraenequipo.com.mx\/api\/wp\/v2\/media?parent=224519"}],"wp:term":[{"taxonomy":"category","embeddable":true,"href":"https:\/\/www.sonoraenequipo.com.mx\/api\/wp\/v2\/categories?post=224519"},{"taxonomy":"post_tag","embeddable":true,"href":"https:\/\/www.sonoraenequipo.com.mx\/api\/wp\/v2\/tags?post=224519"}],"curies":[{"name":"wp","href":"https:\/\/api.w.org\/{rel}","templated":true}]}}