{"id":224538,"date":"2025-09-23T16:57:19","date_gmt":"2025-09-23T23:57:19","guid":{"rendered":"https:\/\/www.sonoraenequipo.com.mx\/?p=224538"},"modified":"2025-09-23T16:57:19","modified_gmt":"2025-09-23T23:57:19","slug":"advierte-gobierno-de-sonora-a-estudiantes-sobre-uso-de-vapeadores","status":"publish","type":"post","link":"https:\/\/www.sonoraenequipo.com.mx\/advierte-gobierno-de-sonora-a-estudiantes-sobre-uso-de-vapeadores\/","title":{"rendered":"Advierte Gobierno de Sonora a estudiantes sobre uso de vapeadores"},"content":{"rendered":"<p><strong>SAN LUIS R\u00cdO COLORADO, SONORA, MX.<\/strong> \u2014 Para alertar a ni\u00f1as, ni\u00f1os y j\u00f3venes sobre los riesgos a la salud por el uso de vapeadores, el Gobierno de Sonora imparte pl\u00e1ticas permanentes en centros educativos de Hermosillo, \u00c1til, Guaymas, Nogales, B\u00e1cum y San Luis R\u00edo Colorado.<\/p>\n<p>&nbsp;<\/p>\n<p>&nbsp;<\/p>\n<p>&nbsp;<\/p>\n<p>Mediante la intervenci\u00f3n de la Secretar\u00eda de Seguridad P\u00fablica (SSP), se trabaja en la prevenci\u00f3n de adicciones en los diferentes municipios y, para ello, se visitan escuelas con el fin de promover acciones encaminadas a una vida saludable.<\/p>\n<p>&nbsp;<\/p>\n<p>&nbsp;<\/p>\n<p>&nbsp;<\/p>\n<p>Los equipos de la SSP Sonora, conformados por elementos de la Polic\u00eda Estatal pertenecientes a la Divisi\u00f3n de Proximidad Ciudadana y el Centro de Prevenci\u00f3n del Delito y Participaci\u00f3n Ciudadana, se dirigen a estudiantes para exponer las consecuencias del uso de cigarrillos electr\u00f3nicos, motiv\u00e1ndolos a practicar deportes y actividades de sano esparcimiento.<\/p>\n<p>&nbsp;<\/p>\n<p>&nbsp;<\/p>\n<p>&nbsp;<\/p>\n<p>Entre las escuelas visitadas durante la semana destacan:<\/p>\n<p>&nbsp;<\/p>\n<p>&nbsp;<\/p>\n<p>&nbsp;<\/p>\n<p>&#8211; Hermosillo: Cecytes III y Secundaria T\u00e9cnica 60<\/p>\n<p>&nbsp;<\/p>\n<p>&#8211; \u00c1til: Telesecundaria 88<\/p>\n<p>&nbsp;<\/p>\n<p>&#8211; Guaymas: Secundaria T\u00e9cnica 71<\/p>\n<p>&nbsp;<\/p>\n<p>&#8211; B\u00e1cum: Secundaria 26<\/p>\n<p>&nbsp;<\/p>\n<p>&#8211; San Luis R\u00edo Colorado: Primarias L\u00e1zaro C\u00e1rdenas, Francisco Villa y Rosaura Rivera 1 y 2; Secundaria General 4 y Cobach<\/p>\n<p><strong>Fecha de publicaci\u00f3n martes 23 de septiembre de 2025<\/strong><\/p>\n","protected":false},"excerpt":{"rendered":"<p>SAN LUIS R\u00cdO COLORADO, SONORA, MX. \u2014 Para alertar a ni\u00f1as, ni\u00f1os y j\u00f3venes sobre&#8230;<\/p>\n","protected":false},"author":1,"featured_media":206004,"comment_status":"open","ping_status":"open","sticky":false,"template":"","format":"standard","meta":{"_monsterinsights_skip_tracking":false,"_monsterinsights_sitenote_active":false,"_monsterinsights_sitenote_note":"","_monsterinsights_sitenote_category":0,"footnotes":""},"categories":[22],"tags":[7810],"class_list":["post"],"yoast_head":" \n<title>Sonora en Equipo. Advierte Gobierno de Sonora a estudiantes sobre uso de vapeadores Sonora<\/title>\n<meta name=\"description\" content=\"SAN LUIS R\u00cdO COLORADO, SONORA, MX. \u2014 Para alertar a ni\u00f1as, ni\u00f1os y j\u00f3venes sobre los riesgos a la salud por el uso de vapeadores, el Gobierno de Sonora En Sonora en Equipo publicamos toda la informaci\u00f3n de Sonora, M\u00e9xico y el Mundo de manera oportuna y busca que la libertad de expresi\u00f3n sea real. Visita nuestro medio informativo publicado desde Hermosillo, Sonora. %\" \/>\n<meta name=\"robots\" content=\"index, follow, max-snippet:-1, max-image-preview:large, max-video-preview:-1\" \/>\n<link rel=\"canonical\" href=\"https:\/\/www.sonoraenequipo.com.mx\/advierte-gobierno-de-sonora-a-estudiantes-sobre-uso-de-vapeadores\/\" \/>\n<meta property=\"og:locale\" content=\"es_ES\" \/>\n<meta property=\"og:type\" content=\"article\" \/>\n<meta property=\"og:title\" content=\"Sonora en Equipo. Advierte Gobierno de Sonora a estudiantes sobre uso de vapeadores Sonora\" \/>\n<meta property=\"og:description\" content=\"SAN LUIS R\u00cdO COLORADO, SONORA, MX. \u2014 Para alertar a ni\u00f1as, ni\u00f1os y j\u00f3venes sobre los riesgos a la salud por el uso de vapeadores, el Gobierno de Sonora En Sonora en Equipo publicamos toda la informaci\u00f3n de Sonora, M\u00e9xico y el Mundo de manera oportuna y busca que la libertad de expresi\u00f3n sea real. Visita nuestro medio informativo publicado desde Hermosillo, Sonora. %\" \/>\n<meta property=\"og:url\" content=\"https:\/\/www.sonoraenequipo.com.mx\/advierte-gobierno-de-sonora-a-estudiantes-sobre-uso-de-vapeadores\/\" \/>\n<meta property=\"og:site_name\" content=\"Sonora en Equipo.\" \/>\n<meta property=\"article:publisher\" content=\"https:\/\/www.facebook.com\/SonoraEE\/\" \/>\n<meta property=\"article:author\" content=\"https:\/\/www.facebook.com\/SonoraEE\" \/>\n<meta property=\"article:published_time\" content=\"2025-09-23T23:57:19+00:00\" \/>\n<meta property=\"og:image\" content=\"https:\/\/www.sonoraenequipo.com.mx\/storage\/2024\/12\/vapeadores-min-min-1.jpg\" \/>\n\t<meta property=\"og:image:width\" content=\"1000\" \/>\n\t<meta property=\"og:image:height\" content=\"628\" \/>\n\t<meta property=\"og:image:type\" content=\"image\/jpeg\" \/>\n<meta name=\"author\" content=\"enequipo\" \/>\n<meta name=\"twitter:card\" content=\"summary_large_image\" \/>\n<meta name=\"twitter:creator\" content=\"@sonoraenequipo\" \/>\n<meta name=\"twitter:site\" content=\"@sonoraenequipo\" \/>\n<meta name=\"twitter:label1\" content=\"Escrito por\" \/>\n\t<meta name=\"twitter:data1\" content=\"enequipo\" \/>\n\t<meta name=\"twitter:label2\" content=\"Tiempo de lectura\" \/>\n\t<meta name=\"twitter:data2\" content=\"1 minuto\" \/>\n<script type=\"application\/ld+json\" class=\"yoast-schema-graph\">{\"@context\":\"https:\/\/schema.org\",\"@graph\":[{\"@type\":\"Article\",\"@id\":\"https:\/\/www.sonoraenequipo.com.mx\/advierte-gobierno-de-sonora-a-estudiantes-sobre-uso-de-vapeadores\/#article\",\"isPartOf\":{\"@id\":\"https:\/\/www.sonoraenequipo.com.mx\/advierte-gobierno-de-sonora-a-estudiantes-sobre-uso-de-vapeadores\/\"},\"author\":{\"name\":\"enequipo\",\"@id\":\"https:\/\/www.sonoraenequipo.com.mx\/#\/schema\/person\/50102df0fb23a8fa9e8effad8fa81386\"},\"headline\":\"Advierte Gobierno de Sonora a estudiantes sobre uso de vapeadores\",\"datePublished\":\"2025-09-23T23:57:19+00:00\",\"mainEntityOfPage\":{\"@id\":\"https:\/\/www.sonoraenequipo.com.mx\/advierte-gobierno-de-sonora-a-estudiantes-sobre-uso-de-vapeadores\/\"},\"wordCount\":235,\"commentCount\":0,\"publisher\":{\"@id\":\"https:\/\/www.sonoraenequipo.com.mx\/#organization\"},\"image\":{\"@id\":\"https:\/\/www.sonoraenequipo.com.mx\/advierte-gobierno-de-sonora-a-estudiantes-sobre-uso-de-vapeadores\/#primaryimage\"},\"thumbnailUrl\":\"https:\/\/www.sonoraenequipo.com.mx\/storage\/2024\/12\/vapeadores-min-min-1.jpg\",\"keywords\":[\"vapeadores\"],\"articleSection\":[\"Sonora\"],\"inLanguage\":\"es\",\"potentialAction\":[{\"@type\":\"CommentAction\",\"name\":\"Comment\",\"target\":[\"https:\/\/www.sonoraenequipo.com.mx\/advierte-gobierno-de-sonora-a-estudiantes-sobre-uso-de-vapeadores\/#respond\"]}]},{\"@type\":\"WebPage\",\"@id\":\"https:\/\/www.sonoraenequipo.com.mx\/advierte-gobierno-de-sonora-a-estudiantes-sobre-uso-de-vapeadores\/\",\"url\":\"https:\/\/www.sonoraenequipo.com.mx\/advierte-gobierno-de-sonora-a-estudiantes-sobre-uso-de-vapeadores\/\",\"name\":\"Sonora en Equipo. Advierte Gobierno de Sonora a estudiantes sobre uso de vapeadores Sonora\",\"isPartOf\":{\"@id\":\"https:\/\/www.sonoraenequipo.com.mx\/#website\"},\"primaryImageOfPage\":{\"@id\":\"https:\/\/www.sonoraenequipo.com.mx\/advierte-gobierno-de-sonora-a-estudiantes-sobre-uso-de-vapeadores\/#primaryimage\"},\"image\":{\"@id\":\"https:\/\/www.sonoraenequipo.com.mx\/advierte-gobierno-de-sonora-a-estudiantes-sobre-uso-de-vapeadores\/#primaryimage\"},\"thumbnailUrl\":\"https:\/\/www.sonoraenequipo.com.mx\/storage\/2024\/12\/vapeadores-min-min-1.jpg\",\"datePublished\":\"2025-09-23T23:57:19+00:00\",\"description\":\"SAN LUIS R\u00cdO COLORADO, SONORA, MX. \u2014 Para alertar a ni\u00f1as, ni\u00f1os y j\u00f3venes sobre los riesgos a la salud por el uso de vapeadores, el Gobierno de Sonora En Sonora en Equipo publicamos toda la informaci\u00f3n de Sonora, M\u00e9xico y el Mundo de manera oportuna y busca que la libertad de expresi\u00f3n sea real. Visita nuestro medio informativo publicado desde Hermosillo, Sonora. %\",\"breadcrumb\":{\"@id\":\"https:\/\/www.sonoraenequipo.com.mx\/advierte-gobierno-de-sonora-a-estudiantes-sobre-uso-de-vapeadores\/#breadcrumb\"},\"inLanguage\":\"es\",\"potentialAction\":[{\"@type\":\"ReadAction\",\"target\":[\"https:\/\/www.sonoraenequipo.com.mx\/advierte-gobierno-de-sonora-a-estudiantes-sobre-uso-de-vapeadores\/\"]}]},{\"@type\":\"ImageObject\",\"inLanguage\":\"es\",\"@id\":\"https:\/\/www.sonoraenequipo.com.mx\/advierte-gobierno-de-sonora-a-estudiantes-sobre-uso-de-vapeadores\/#primaryimage\",\"url\":\"https:\/\/www.sonoraenequipo.com.mx\/storage\/2024\/12\/vapeadores-min-min-1.jpg\",\"contentUrl\":\"https:\/\/www.sonoraenequipo.com.mx\/storage\/2024\/12\/vapeadores-min-min-1.jpg\",\"width\":1000,\"height\":628},{\"@type\":\"BreadcrumbList\",\"@id\":\"https:\/\/www.sonoraenequipo.com.mx\/advierte-gobierno-de-sonora-a-estudiantes-sobre-uso-de-vapeadores\/#breadcrumb\",\"itemListElement\":[{\"@type\":\"ListItem\",\"position\":1,\"name\":\"Portada\",\"item\":\"https:\/\/www.sonoraenequipo.com.mx\/\"},{\"@type\":\"ListItem\",\"position\":2,\"name\":\"Advierte Gobierno de Sonora a estudiantes sobre uso de vapeadores\"}]},{\"@type\":\"WebSite\",\"@id\":\"https:\/\/www.sonoraenequipo.com.mx\/#website\",\"url\":\"https:\/\/www.sonoraenequipo.com.mx\/\",\"name\":\"Sonora en Equipo.\",\"description\":\"Diario en l\u00ednea con Noticias desde Hermosillo, Sonora\",\"publisher\":{\"@id\":\"https:\/\/www.sonoraenequipo.com.mx\/#organization\"},\"potentialAction\":[{\"@type\":\"SearchAction\",\"target\":{\"@type\":\"EntryPoint\",\"urlTemplate\":\"https:\/\/www.sonoraenequipo.com.mx\/?s={search_term_string}\"},\"query-input\":{\"@type\":\"PropertyValueSpecification\",\"valueRequired\":true,\"valueName\":\"search_term_string\"}}],\"inLanguage\":\"es\"},{\"@type\":\"Organization\",\"@id\":\"https:\/\/www.sonoraenequipo.com.mx\/#organization\",\"name\":\"Sonoraenequipo.com.mx\",\"url\":\"https:\/\/www.sonoraenequipo.com.mx\/\",\"logo\":{\"@type\":\"ImageObject\",\"inLanguage\":\"es\",\"@id\":\"https:\/\/www.sonoraenequipo.com.mx\/#\/schema\/logo\/image\/\",\"url\":\"https:\/\/www.sonoraenequipo.com.mx\/storage\/2019\/01\/sonoraenequipo_opt.png\",\"contentUrl\":\"https:\/\/www.sonoraenequipo.com.mx\/storage\/2019\/01\/sonoraenequipo_opt.png\",\"width\":375,\"height\":125,\"caption\":\"Sonoraenequipo.com.mx\"},\"image\":{\"@id\":\"https:\/\/www.sonoraenequipo.com.mx\/#\/schema\/logo\/image\/\"},\"sameAs\":[\"https:\/\/www.facebook.com\/SonoraEE\/\",\"https:\/\/x.com\/sonoraenequipo\",\"https:\/\/www.youtube.com\/channel\/UC338nW-lPEYmJQs4ZABQ1SQ\"]},{\"@type\":\"Person\",\"@id\":\"https:\/\/www.sonoraenequipo.com.mx\/#\/schema\/person\/50102df0fb23a8fa9e8effad8fa81386\",\"name\":\"enequipo\",\"image\":{\"@type\":\"ImageObject\",\"inLanguage\":\"es\",\"@id\":\"https:\/\/www.sonoraenequipo.com.mx\/#\/schema\/person\/image\/\",\"url\":\"https:\/\/secure.gravatar.com\/avatar\/049821681b589dabc0bc20695993ccebb09f5b5d4d790cd9251b97faac7c652b?s=96&d=blank&r=g\",\"contentUrl\":\"https:\/\/secure.gravatar.com\/avatar\/049821681b589dabc0bc20695993ccebb09f5b5d4d790cd9251b97faac7c652b?s=96&d=blank&r=g\",\"caption\":\"enequipo\"},\"sameAs\":[\"https:\/\/www.facebook.com\/SonoraEE\"]}]}<\/script>\n ","yoast_head_json":{"title":"Sonora en Equipo. Advierte Gobierno de Sonora a estudiantes sobre uso de vapeadores Sonora","description":"SAN LUIS R\u00cdO COLORADO, SONORA, MX. \u2014 Para alertar a ni\u00f1as, ni\u00f1os y j\u00f3venes sobre los riesgos a la salud por el uso de vapeadores, el Gobierno de Sonora En Sonora en Equipo publicamos toda la informaci\u00f3n de Sonora, M\u00e9xico y el Mundo de manera oportuna y busca que la libertad de expresi\u00f3n sea real. Visita nuestro medio informativo publicado desde Hermosillo, Sonora. %","robots":{"index":"index","follow":"follow","max-snippet":"max-snippet:-1","max-image-preview":"max-image-preview:large","max-video-preview":"max-video-preview:-1"},"canonical":"https:\/\/www.sonoraenequipo.com.mx\/advierte-gobierno-de-sonora-a-estudiantes-sobre-uso-de-vapeadores\/","og_locale":"es_ES","og_type":"article","og_title":"Sonora en Equipo. Advierte Gobierno de Sonora a estudiantes sobre uso de vapeadores Sonora","og_description":"SAN LUIS R\u00cdO COLORADO, SONORA, MX. \u2014 Para alertar a ni\u00f1as, ni\u00f1os y j\u00f3venes sobre los riesgos a la salud por el uso de vapeadores, el Gobierno de Sonora En Sonora en Equipo publicamos toda la informaci\u00f3n de Sonora, M\u00e9xico y el Mundo de manera oportuna y busca que la libertad de expresi\u00f3n sea real. Visita nuestro medio informativo publicado desde Hermosillo, Sonora. %","og_url":"https:\/\/www.sonoraenequipo.com.mx\/advierte-gobierno-de-sonora-a-estudiantes-sobre-uso-de-vapeadores\/","og_site_name":"Sonora en Equipo.","article_publisher":"https:\/\/www.facebook.com\/SonoraEE\/","article_author":"https:\/\/www.facebook.com\/SonoraEE","article_published_time":"2025-09-23T23:57:19+00:00","og_image":[{"width":1000,"height":628,"url":"https:\/\/www.sonoraenequipo.com.mx\/storage\/2024\/12\/vapeadores-min-min-1.jpg","type":"image\/jpeg"}],"author":"enequipo","twitter_card":"summary_large_image","twitter_creator":"@sonoraenequipo","twitter_site":"@sonoraenequipo","twitter_misc":{"Escrito por":"enequipo","Tiempo de lectura":"1 minuto"},"schema":{"@context":"https:\/\/schema.org","@graph":[{"@type":"Article","@id":"https:\/\/www.sonoraenequipo.com.mx\/advierte-gobierno-de-sonora-a-estudiantes-sobre-uso-de-vapeadores\/#article","isPartOf":{"@id":"https:\/\/www.sonoraenequipo.com.mx\/advierte-gobierno-de-sonora-a-estudiantes-sobre-uso-de-vapeadores\/"},"author":{"name":"enequipo","@id":"https:\/\/www.sonoraenequipo.com.mx\/#\/schema\/person\/50102df0fb23a8fa9e8effad8fa81386"},"headline":"Advierte Gobierno de Sonora a estudiantes sobre uso de vapeadores","datePublished":"2025-09-23T23:57:19+00:00","mainEntityOfPage":{"@id":"https:\/\/www.sonoraenequipo.com.mx\/advierte-gobierno-de-sonora-a-estudiantes-sobre-uso-de-vapeadores\/"},"wordCount":235,"commentCount":0,"publisher":{"@id":"https:\/\/www.sonoraenequipo.com.mx\/#organization"},"image":{"@id":"https:\/\/www.sonoraenequipo.com.mx\/advierte-gobierno-de-sonora-a-estudiantes-sobre-uso-de-vapeadores\/#primaryimage"},"thumbnailUrl":"https:\/\/www.sonoraenequipo.com.mx\/storage\/2024\/12\/vapeadores-min-min-1.jpg","keywords":["vapeadores"],"articleSection":["Sonora"],"inLanguage":"es","potentialAction":[{"@type":"CommentAction","name":"Comment","target":["https:\/\/www.sonoraenequipo.com.mx\/advierte-gobierno-de-sonora-a-estudiantes-sobre-uso-de-vapeadores\/#respond"]}]},{"@type":"WebPage","@id":"https:\/\/www.sonoraenequipo.com.mx\/advierte-gobierno-de-sonora-a-estudiantes-sobre-uso-de-vapeadores\/","url":"https:\/\/www.sonoraenequipo.com.mx\/advierte-gobierno-de-sonora-a-estudiantes-sobre-uso-de-vapeadores\/","name":"Sonora en Equipo. Advierte Gobierno de Sonora a estudiantes sobre uso de vapeadores Sonora","isPartOf":{"@id":"https:\/\/www.sonoraenequipo.com.mx\/#website"},"primaryImageOfPage":{"@id":"https:\/\/www.sonoraenequipo.com.mx\/advierte-gobierno-de-sonora-a-estudiantes-sobre-uso-de-vapeadores\/#primaryimage"},"image":{"@id":"https:\/\/www.sonoraenequipo.com.mx\/advierte-gobierno-de-sonora-a-estudiantes-sobre-uso-de-vapeadores\/#primaryimage"},"thumbnailUrl":"https:\/\/www.sonoraenequipo.com.mx\/storage\/2024\/12\/vapeadores-min-min-1.jpg","datePublished":"2025-09-23T23:57:19+00:00","description":"SAN LUIS R\u00cdO COLORADO, SONORA, MX. \u2014 Para alertar a ni\u00f1as, ni\u00f1os y j\u00f3venes sobre los riesgos a la salud por el uso de vapeadores, el Gobierno de Sonora En Sonora en Equipo publicamos toda la informaci\u00f3n de Sonora, M\u00e9xico y el Mundo de manera oportuna y busca que la libertad de expresi\u00f3n sea real. Visita nuestro medio informativo publicado desde Hermosillo, Sonora. %","breadcrumb":{"@id":"https:\/\/www.sonoraenequipo.com.mx\/advierte-gobierno-de-sonora-a-estudiantes-sobre-uso-de-vapeadores\/#breadcrumb"},"inLanguage":"es","potentialAction":[{"@type":"ReadAction","target":["https:\/\/www.sonoraenequipo.com.mx\/advierte-gobierno-de-sonora-a-estudiantes-sobre-uso-de-vapeadores\/"]}]},{"@type":"ImageObject","inLanguage":"es","@id":"https:\/\/www.sonoraenequipo.com.mx\/advierte-gobierno-de-sonora-a-estudiantes-sobre-uso-de-vapeadores\/#primaryimage","url":"https:\/\/www.sonoraenequipo.com.mx\/storage\/2024\/12\/vapeadores-min-min-1.jpg","contentUrl":"https:\/\/www.sonoraenequipo.com.mx\/storage\/2024\/12\/vapeadores-min-min-1.jpg","width":1000,"height":628},{"@type":"BreadcrumbList","@id":"https:\/\/www.sonoraenequipo.com.mx\/advierte-gobierno-de-sonora-a-estudiantes-sobre-uso-de-vapeadores\/#breadcrumb","itemListElement":[{"@type":"ListItem","position":1,"name":"Portada","item":"https:\/\/www.sonoraenequipo.com.mx\/"},{"@type":"ListItem","position":2,"name":"Advierte Gobierno de Sonora a estudiantes sobre uso de vapeadores"}]},{"@type":"WebSite","@id":"https:\/\/www.sonoraenequipo.com.mx\/#website","url":"https:\/\/www.sonoraenequipo.com.mx\/","name":"Sonora en Equipo.","description":"Diario en l\u00ednea con Noticias desde Hermosillo, Sonora","publisher":{"@id":"https:\/\/www.sonoraenequipo.com.mx\/#organization"},"potentialAction":[{"@type":"SearchAction","target":{"@type":"EntryPoint","urlTemplate":"https:\/\/www.sonoraenequipo.com.mx\/?s={search_term_string}"},"query-input":{"@type":"PropertyValueSpecification","valueRequired":true,"valueName":"search_term_string"}}],"inLanguage":"es"},{"@type":"Organization","@id":"https:\/\/www.sonoraenequipo.com.mx\/#organization","name":"Sonoraenequipo.com.mx","url":"https:\/\/www.sonoraenequipo.com.mx\/","logo":{"@type":"ImageObject","inLanguage":"es","@id":"https:\/\/www.sonoraenequipo.com.mx\/#\/schema\/logo\/image\/","url":"https:\/\/www.sonoraenequipo.com.mx\/storage\/2019\/01\/sonoraenequipo_opt.png","contentUrl":"https:\/\/www.sonoraenequipo.com.mx\/storage\/2019\/01\/sonoraenequipo_opt.png","width":375,"height":125,"caption":"Sonoraenequipo.com.mx"},"image":{"@id":"https:\/\/www.sonoraenequipo.com.mx\/#\/schema\/logo\/image\/"},"sameAs":["https:\/\/www.facebook.com\/SonoraEE\/","https:\/\/x.com\/sonoraenequipo","https:\/\/www.youtube.com\/channel\/UC338nW-lPEYmJQs4ZABQ1SQ"]},{"@type":"Person","@id":"https:\/\/www.sonoraenequipo.com.mx\/#\/schema\/person\/50102df0fb23a8fa9e8effad8fa81386","name":"enequipo","image":{"@type":"ImageObject","inLanguage":"es","@id":"https:\/\/www.sonoraenequipo.com.mx\/#\/schema\/person\/image\/","url":"https:\/\/secure.gravatar.com\/avatar\/049821681b589dabc0bc20695993ccebb09f5b5d4d790cd9251b97faac7c652b?s=96&d=blank&r=g","contentUrl":"https:\/\/secure.gravatar.com\/avatar\/049821681b589dabc0bc20695993ccebb09f5b5d4d790cd9251b97faac7c652b?s=96&d=blank&r=g","caption":"enequipo"},"sameAs":["https:\/\/www.facebook.com\/SonoraEE"]}]}},"jetpack_featured_media_url":"https:\/\/www.sonoraenequipo.com.mx\/storage\/2024\/12\/vapeadores-min-min-1.jpg","_links":{"self":[{"href":"https:\/\/www.sonoraenequipo.com.mx\/api\/wp\/v2\/posts\/224538","targetHints":{"allow":["GET"]}}],"collection":[{"href":"https:\/\/www.sonoraenequipo.com.mx\/api\/wp\/v2\/posts"}],"about":[{"href":"https:\/\/www.sonoraenequipo.com.mx\/api\/wp\/v2\/types\/post"}],"author":[{"embeddable":true,"href":"https:\/\/www.sonoraenequipo.com.mx\/api\/wp\/v2\/users\/1"}],"replies":[{"embeddable":true,"href":"https:\/\/www.sonoraenequipo.com.mx\/api\/wp\/v2\/comments?post=224538"}],"version-history":[{"count":1,"href":"https:\/\/www.sonoraenequipo.com.mx\/api\/wp\/v2\/posts\/224538\/revisions"}],"predecessor-version":[{"id":224539,"href":"https:\/\/www.sonoraenequipo.com.mx\/api\/wp\/v2\/posts\/224538\/revisions\/224539"}],"wp:featuredmedia":[{"embeddable":true,"href":"https:\/\/www.sonoraenequipo.com.mx\/api\/wp\/v2\/media\/206004"}],"wp:attachment":[{"href":"https:\/\/www.sonoraenequipo.com.mx\/api\/wp\/v2\/media?parent=224538"}],"wp:term":[{"taxonomy":"category","embeddable":true,"href":"https:\/\/www.sonoraenequipo.com.mx\/api\/wp\/v2\/categories?post=224538"},{"taxonomy":"post_tag","embeddable":true,"href":"https:\/\/www.sonoraenequipo.com.mx\/api\/wp\/v2\/tags?post=224538"}],"curies":[{"name":"wp","href":"https:\/\/api.w.org\/{rel}","templated":true}]}}