{"id":224547,"date":"2025-09-23T18:12:27","date_gmt":"2025-09-24T01:12:27","guid":{"rendered":"https:\/\/www.sonoraenequipo.com.mx\/?p=224547"},"modified":"2025-09-23T18:12:27","modified_gmt":"2025-09-24T01:12:27","slug":"llama-gobierno-de-sonora-a-estar-alerta-ante-riesgos-por-calor-extremo","status":"publish","type":"post","link":"https:\/\/www.sonoraenequipo.com.mx\/llama-gobierno-de-sonora-a-estar-alerta-ante-riesgos-por-calor-extremo\/","title":{"rendered":"Llama Gobierno de Sonora a estar alerta ante riesgos por calor extremo"},"content":{"rendered":"<p>&nbsp;<\/p>\n<p>&nbsp;<\/p>\n<p>&#8211; Estos riesgos pueden provocar golpes de calor, deshidrataci\u00f3n, quemaduras solares e insolaci\u00f3n, causantes de graves afectaciones a la salud e incluso la muerte<\/p>\n<p>&nbsp;<\/p>\n<p><strong>HERMOSILLO, SONORA. MX. \u2014\u00a0<\/strong> El Gobierno de Sonora, a trav\u00e9s de la Secretar\u00eda de Salud P\u00fablica, hace un llamado urgente a la poblaci\u00f3n para estar alerta ante los riesgos de golpe de calor durante las altas temperaturas de la temporada. Este padecimiento, que puede ser mortal si no se atiende a tiempo, se presenta cuando la temperatura corporal alcanza los 40 \u00b0C o m\u00e1s y se acompa\u00f1a de varios s\u00edntomas graves que requieren atenci\u00f3n inmediata.<\/p>\n<p>&nbsp;<\/p>\n<p>&nbsp;<\/p>\n<p>&nbsp;<\/p>\n<p> <\/p>\n<p>Entre los signos a observar est\u00e1n: alteraciones en el estado mental, confusi\u00f3n o p\u00e9rdida de conocimiento, n\u00e1useas y\/o v\u00f3mito, piel enrojecida, caliente y seca sin sudoraci\u00f3n, as\u00ed como aumento en la frecuencia card\u00edaca.<\/p>\n<p>&nbsp;<\/p>\n<p>&nbsp;<\/p>\n<p>&nbsp;<\/p>\n<p>Si una persona presenta alguno de estos s\u00edntomas, es crucial actuar de inmediato. La primera recomendaci\u00f3n es llamar al 9-1-1 o al n\u00famero de emergencia local para solicitar ayuda m\u00e9dica urgente. Mientras se espera la atenci\u00f3n profesional, se debe trasladar a la persona afectada a un lugar fresco o con sombra, retirarle el exceso de ropa y empezar a enfriarla por cualquier medio disponible, como pa\u00f1os fr\u00edos, ventiladores o agua. Es importante recordar que la persona afectada puede no ser consciente de su condici\u00f3n, por lo que es fundamental que quienes la rodean reconozcan estos s\u00edntomas y act\u00faen con rapidez.<\/p>\n<p>&nbsp;<\/p>\n<p>&nbsp;<\/p>\n<p>&nbsp;<\/p>\n<p>Ante un golpe de calor, la rapidez en la respuesta es clave para evitar complicaciones graves, como da\u00f1o cerebral o incluso la muerte. Por ello, la Secretar\u00eda de Salud enfatiza que toda la poblaci\u00f3n debe estar preparada para identificar los signos de alerta, no solo en s\u00ed mismos, sino tambi\u00e9n en los dem\u00e1s, especialmente en ni\u00f1os, adultos mayores y personas que realizan actividades f\u00edsicas al aire libre, quienes son particularmente vulnerables y requieren vigilancia constante durante las olas de calor.<\/p>\n<p>&nbsp;<\/p>\n<p>&nbsp;<\/p>\n<h3>En cuanto a la prevenci\u00f3n, la dependencia estatal recomienda:<\/h3>\n<p>&nbsp;<\/p>\n<p>&nbsp;<\/p>\n<p><strong><img loading=\"lazy\" decoding=\"async\" class=\"x-center size-full \" src=\"https:\/\/www.sonoraenequipo.com.mx\/storage\/2025\/09\/preparados-para-mas-calor-min.jpg\" alt=\"\" width=\"1200\" height=\"800\" \/><\/strong><\/p>\n<p>&nbsp;<\/p>\n<p><strong>&#8211; Mantenerse bien hidratados, incrementando el consumo de agua simple.<\/strong><\/p>\n<p>&nbsp;<\/p>\n<p>&nbsp;<\/p>\n<p><strong>&#8211; Evitar bebidas deshidratantes como refrescos azucarados, jugos artificiales y alcohol.<\/strong><\/p>\n<p>&nbsp;<\/p>\n<p>&nbsp;<\/p>\n<p><strong>&#8211; Reducir las actividades f\u00edsicas al aire libre entre las 10:00 y 17:00 horas.<\/strong><\/p>\n<p>&nbsp;<\/p>\n<p>&nbsp;<\/p>\n<p><strong>&#8211; Descansar en lugares frescos y evitar la exposici\u00f3n directa al sol por tiempos prolongados.<\/strong><\/p>\n<p>&nbsp;<\/p>\n<p>&nbsp;<\/p>\n<p><strong>&#8211; Usar prendas ligeras, preferentemente de algod\u00f3n y colores claros, as\u00ed como protegerse con gorra o sombrero.<\/strong><\/p>\n<p>&nbsp;<\/p>\n<p>&nbsp;<\/p>\n<p><strong>&#8211; Nunca dejar solos a adultos mayores durante una onda de calor.<\/strong><\/p>\n<p>&nbsp;<\/p>\n<p>&nbsp;<\/p>\n<p>&nbsp;<\/p>\n<p>La SSP reitera la importancia de tomar en serio las recomendaciones de prevenci\u00f3n y de actuar con rapidez ante los primeros signos de golpe de calor. La salud de todas y todos depende de la responsabilidad colectiva, especialmente durante las altas temperaturas que afectan la regi\u00f3n.<\/p>\n<p>&nbsp;<\/p>\n<p>&nbsp;<\/p>\n<p>PUBLICADO EL 23 DE SEPTIEMBRE DE 2025 Con informaci\u00f3n de GOBSON 0925210)<\/p>\n","protected":false},"excerpt":{"rendered":"<p>&nbsp; &nbsp; &#8211; Estos riesgos pueden provocar golpes de calor, deshidrataci\u00f3n, quemaduras solares e insolaci\u00f3n,&#8230;<\/p>\n","protected":false},"author":1,"featured_media":224549,"comment_status":"open","ping_status":"open","sticky":false,"template":"","format":"standard","meta":{"_monsterinsights_skip_tracking":false,"_monsterinsights_sitenote_active":false,"_monsterinsights_sitenote_note":"","_monsterinsights_sitenote_category":0,"footnotes":""},"categories":[22],"tags":[],"class_list":["post"],"yoast_head":" \n<title>Sonora en Equipo. Llama Gobierno de Sonora a estar alerta ante riesgos por calor extremo Sonora<\/title>\n<meta name=\"description\" content=\"&nbsp; &nbsp; - Estos riesgos pueden provocar golpes de calor, deshidrataci\u00f3n, quemaduras solares e insolaci\u00f3n, causantes de graves afectaciones a la En Sonora en Equipo publicamos toda la informaci\u00f3n de Sonora, M\u00e9xico y el Mundo de manera oportuna y busca que la libertad de expresi\u00f3n sea real. Visita nuestro medio informativo publicado desde Hermosillo, Sonora. %\" \/>\n<meta name=\"robots\" content=\"index, follow, max-snippet:-1, max-image-preview:large, max-video-preview:-1\" \/>\n<link rel=\"canonical\" href=\"https:\/\/www.sonoraenequipo.com.mx\/llama-gobierno-de-sonora-a-estar-alerta-ante-riesgos-por-calor-extremo\/\" \/>\n<meta property=\"og:locale\" content=\"es_ES\" \/>\n<meta property=\"og:type\" content=\"article\" \/>\n<meta property=\"og:title\" content=\"Sonora en Equipo. Llama Gobierno de Sonora a estar alerta ante riesgos por calor extremo Sonora\" \/>\n<meta property=\"og:description\" content=\"&nbsp; &nbsp; - Estos riesgos pueden provocar golpes de calor, deshidrataci\u00f3n, quemaduras solares e insolaci\u00f3n, causantes de graves afectaciones a la En Sonora en Equipo publicamos toda la informaci\u00f3n de Sonora, M\u00e9xico y el Mundo de manera oportuna y busca que la libertad de expresi\u00f3n sea real. Visita nuestro medio informativo publicado desde Hermosillo, Sonora. %\" \/>\n<meta property=\"og:url\" content=\"https:\/\/www.sonoraenequipo.com.mx\/llama-gobierno-de-sonora-a-estar-alerta-ante-riesgos-por-calor-extremo\/\" \/>\n<meta property=\"og:site_name\" content=\"Sonora en Equipo.\" \/>\n<meta property=\"article:publisher\" content=\"https:\/\/www.facebook.com\/SonoraEE\/\" \/>\n<meta property=\"article:author\" content=\"https:\/\/www.facebook.com\/SonoraEE\" \/>\n<meta property=\"article:published_time\" content=\"2025-09-24T01:12:27+00:00\" \/>\n<meta property=\"og:image\" content=\"https:\/\/www.sonoraenequipo.com.mx\/storage\/2025\/09\/calor-en-Sonora-min.jpg\" \/>\n\t<meta property=\"og:image:width\" content=\"1000\" \/>\n\t<meta property=\"og:image:height\" content=\"666\" \/>\n\t<meta property=\"og:image:type\" content=\"image\/jpeg\" \/>\n<meta name=\"author\" content=\"enequipo\" \/>\n<meta name=\"twitter:card\" content=\"summary_large_image\" \/>\n<meta name=\"twitter:creator\" content=\"@sonoraenequipo\" \/>\n<meta name=\"twitter:site\" content=\"@sonoraenequipo\" \/>\n<meta name=\"twitter:label1\" content=\"Escrito por\" \/>\n\t<meta name=\"twitter:data1\" content=\"enequipo\" \/>\n\t<meta name=\"twitter:label2\" content=\"Tiempo de lectura\" \/>\n\t<meta name=\"twitter:data2\" content=\"3 minutos\" \/>\n<script type=\"application\/ld+json\" class=\"yoast-schema-graph\">{\"@context\":\"https:\/\/schema.org\",\"@graph\":[{\"@type\":\"Article\",\"@id\":\"https:\/\/www.sonoraenequipo.com.mx\/llama-gobierno-de-sonora-a-estar-alerta-ante-riesgos-por-calor-extremo\/#article\",\"isPartOf\":{\"@id\":\"https:\/\/www.sonoraenequipo.com.mx\/llama-gobierno-de-sonora-a-estar-alerta-ante-riesgos-por-calor-extremo\/\"},\"author\":{\"name\":\"enequipo\",\"@id\":\"https:\/\/www.sonoraenequipo.com.mx\/#\/schema\/person\/50102df0fb23a8fa9e8effad8fa81386\"},\"headline\":\"Llama Gobierno de Sonora a estar alerta ante riesgos por calor extremo\",\"datePublished\":\"2025-09-24T01:12:27+00:00\",\"mainEntityOfPage\":{\"@id\":\"https:\/\/www.sonoraenequipo.com.mx\/llama-gobierno-de-sonora-a-estar-alerta-ante-riesgos-por-calor-extremo\/\"},\"wordCount\":538,\"commentCount\":0,\"publisher\":{\"@id\":\"https:\/\/www.sonoraenequipo.com.mx\/#organization\"},\"image\":{\"@id\":\"https:\/\/www.sonoraenequipo.com.mx\/llama-gobierno-de-sonora-a-estar-alerta-ante-riesgos-por-calor-extremo\/#primaryimage\"},\"thumbnailUrl\":\"https:\/\/www.sonoraenequipo.com.mx\/storage\/2025\/09\/calor-en-Sonora-min.jpg\",\"articleSection\":[\"Sonora\"],\"inLanguage\":\"es\",\"potentialAction\":[{\"@type\":\"CommentAction\",\"name\":\"Comment\",\"target\":[\"https:\/\/www.sonoraenequipo.com.mx\/llama-gobierno-de-sonora-a-estar-alerta-ante-riesgos-por-calor-extremo\/#respond\"]}]},{\"@type\":\"WebPage\",\"@id\":\"https:\/\/www.sonoraenequipo.com.mx\/llama-gobierno-de-sonora-a-estar-alerta-ante-riesgos-por-calor-extremo\/\",\"url\":\"https:\/\/www.sonoraenequipo.com.mx\/llama-gobierno-de-sonora-a-estar-alerta-ante-riesgos-por-calor-extremo\/\",\"name\":\"Sonora en Equipo. Llama Gobierno de Sonora a estar alerta ante riesgos por calor extremo Sonora\",\"isPartOf\":{\"@id\":\"https:\/\/www.sonoraenequipo.com.mx\/#website\"},\"primaryImageOfPage\":{\"@id\":\"https:\/\/www.sonoraenequipo.com.mx\/llama-gobierno-de-sonora-a-estar-alerta-ante-riesgos-por-calor-extremo\/#primaryimage\"},\"image\":{\"@id\":\"https:\/\/www.sonoraenequipo.com.mx\/llama-gobierno-de-sonora-a-estar-alerta-ante-riesgos-por-calor-extremo\/#primaryimage\"},\"thumbnailUrl\":\"https:\/\/www.sonoraenequipo.com.mx\/storage\/2025\/09\/calor-en-Sonora-min.jpg\",\"datePublished\":\"2025-09-24T01:12:27+00:00\",\"description\":\"&nbsp; &nbsp; - Estos riesgos pueden provocar golpes de calor, deshidrataci\u00f3n, quemaduras solares e insolaci\u00f3n, causantes de graves afectaciones a la En Sonora en Equipo publicamos toda la informaci\u00f3n de Sonora, M\u00e9xico y el Mundo de manera oportuna y busca que la libertad de expresi\u00f3n sea real. Visita nuestro medio informativo publicado desde Hermosillo, Sonora. %\",\"breadcrumb\":{\"@id\":\"https:\/\/www.sonoraenequipo.com.mx\/llama-gobierno-de-sonora-a-estar-alerta-ante-riesgos-por-calor-extremo\/#breadcrumb\"},\"inLanguage\":\"es\",\"potentialAction\":[{\"@type\":\"ReadAction\",\"target\":[\"https:\/\/www.sonoraenequipo.com.mx\/llama-gobierno-de-sonora-a-estar-alerta-ante-riesgos-por-calor-extremo\/\"]}]},{\"@type\":\"ImageObject\",\"inLanguage\":\"es\",\"@id\":\"https:\/\/www.sonoraenequipo.com.mx\/llama-gobierno-de-sonora-a-estar-alerta-ante-riesgos-por-calor-extremo\/#primaryimage\",\"url\":\"https:\/\/www.sonoraenequipo.com.mx\/storage\/2025\/09\/calor-en-Sonora-min.jpg\",\"contentUrl\":\"https:\/\/www.sonoraenequipo.com.mx\/storage\/2025\/09\/calor-en-Sonora-min.jpg\",\"width\":1000,\"height\":666},{\"@type\":\"BreadcrumbList\",\"@id\":\"https:\/\/www.sonoraenequipo.com.mx\/llama-gobierno-de-sonora-a-estar-alerta-ante-riesgos-por-calor-extremo\/#breadcrumb\",\"itemListElement\":[{\"@type\":\"ListItem\",\"position\":1,\"name\":\"Portada\",\"item\":\"https:\/\/www.sonoraenequipo.com.mx\/\"},{\"@type\":\"ListItem\",\"position\":2,\"name\":\"Llama Gobierno de Sonora a estar alerta ante riesgos por calor extremo\"}]},{\"@type\":\"WebSite\",\"@id\":\"https:\/\/www.sonoraenequipo.com.mx\/#website\",\"url\":\"https:\/\/www.sonoraenequipo.com.mx\/\",\"name\":\"Sonora en Equipo.\",\"description\":\"Diario en l\u00ednea con Noticias desde Hermosillo, Sonora\",\"publisher\":{\"@id\":\"https:\/\/www.sonoraenequipo.com.mx\/#organization\"},\"potentialAction\":[{\"@type\":\"SearchAction\",\"target\":{\"@type\":\"EntryPoint\",\"urlTemplate\":\"https:\/\/www.sonoraenequipo.com.mx\/?s={search_term_string}\"},\"query-input\":{\"@type\":\"PropertyValueSpecification\",\"valueRequired\":true,\"valueName\":\"search_term_string\"}}],\"inLanguage\":\"es\"},{\"@type\":\"Organization\",\"@id\":\"https:\/\/www.sonoraenequipo.com.mx\/#organization\",\"name\":\"Sonoraenequipo.com.mx\",\"url\":\"https:\/\/www.sonoraenequipo.com.mx\/\",\"logo\":{\"@type\":\"ImageObject\",\"inLanguage\":\"es\",\"@id\":\"https:\/\/www.sonoraenequipo.com.mx\/#\/schema\/logo\/image\/\",\"url\":\"https:\/\/www.sonoraenequipo.com.mx\/storage\/2019\/01\/sonoraenequipo_opt.png\",\"contentUrl\":\"https:\/\/www.sonoraenequipo.com.mx\/storage\/2019\/01\/sonoraenequipo_opt.png\",\"width\":375,\"height\":125,\"caption\":\"Sonoraenequipo.com.mx\"},\"image\":{\"@id\":\"https:\/\/www.sonoraenequipo.com.mx\/#\/schema\/logo\/image\/\"},\"sameAs\":[\"https:\/\/www.facebook.com\/SonoraEE\/\",\"https:\/\/x.com\/sonoraenequipo\",\"https:\/\/www.youtube.com\/channel\/UC338nW-lPEYmJQs4ZABQ1SQ\"]},{\"@type\":\"Person\",\"@id\":\"https:\/\/www.sonoraenequipo.com.mx\/#\/schema\/person\/50102df0fb23a8fa9e8effad8fa81386\",\"name\":\"enequipo\",\"image\":{\"@type\":\"ImageObject\",\"inLanguage\":\"es\",\"@id\":\"https:\/\/www.sonoraenequipo.com.mx\/#\/schema\/person\/image\/\",\"url\":\"https:\/\/secure.gravatar.com\/avatar\/049821681b589dabc0bc20695993ccebb09f5b5d4d790cd9251b97faac7c652b?s=96&d=blank&r=g\",\"contentUrl\":\"https:\/\/secure.gravatar.com\/avatar\/049821681b589dabc0bc20695993ccebb09f5b5d4d790cd9251b97faac7c652b?s=96&d=blank&r=g\",\"caption\":\"enequipo\"},\"sameAs\":[\"https:\/\/www.facebook.com\/SonoraEE\"]}]}<\/script>\n ","yoast_head_json":{"title":"Sonora en Equipo. Llama Gobierno de Sonora a estar alerta ante riesgos por calor extremo Sonora","description":"&nbsp; &nbsp; - Estos riesgos pueden provocar golpes de calor, deshidrataci\u00f3n, quemaduras solares e insolaci\u00f3n, causantes de graves afectaciones a la En Sonora en Equipo publicamos toda la informaci\u00f3n de Sonora, M\u00e9xico y el Mundo de manera oportuna y busca que la libertad de expresi\u00f3n sea real. Visita nuestro medio informativo publicado desde Hermosillo, Sonora. %","robots":{"index":"index","follow":"follow","max-snippet":"max-snippet:-1","max-image-preview":"max-image-preview:large","max-video-preview":"max-video-preview:-1"},"canonical":"https:\/\/www.sonoraenequipo.com.mx\/llama-gobierno-de-sonora-a-estar-alerta-ante-riesgos-por-calor-extremo\/","og_locale":"es_ES","og_type":"article","og_title":"Sonora en Equipo. Llama Gobierno de Sonora a estar alerta ante riesgos por calor extremo Sonora","og_description":"&nbsp; &nbsp; - Estos riesgos pueden provocar golpes de calor, deshidrataci\u00f3n, quemaduras solares e insolaci\u00f3n, causantes de graves afectaciones a la En Sonora en Equipo publicamos toda la informaci\u00f3n de Sonora, M\u00e9xico y el Mundo de manera oportuna y busca que la libertad de expresi\u00f3n sea real. Visita nuestro medio informativo publicado desde Hermosillo, Sonora. %","og_url":"https:\/\/www.sonoraenequipo.com.mx\/llama-gobierno-de-sonora-a-estar-alerta-ante-riesgos-por-calor-extremo\/","og_site_name":"Sonora en Equipo.","article_publisher":"https:\/\/www.facebook.com\/SonoraEE\/","article_author":"https:\/\/www.facebook.com\/SonoraEE","article_published_time":"2025-09-24T01:12:27+00:00","og_image":[{"width":1000,"height":666,"url":"https:\/\/www.sonoraenequipo.com.mx\/storage\/2025\/09\/calor-en-Sonora-min.jpg","type":"image\/jpeg"}],"author":"enequipo","twitter_card":"summary_large_image","twitter_creator":"@sonoraenequipo","twitter_site":"@sonoraenequipo","twitter_misc":{"Escrito por":"enequipo","Tiempo de lectura":"3 minutos"},"schema":{"@context":"https:\/\/schema.org","@graph":[{"@type":"Article","@id":"https:\/\/www.sonoraenequipo.com.mx\/llama-gobierno-de-sonora-a-estar-alerta-ante-riesgos-por-calor-extremo\/#article","isPartOf":{"@id":"https:\/\/www.sonoraenequipo.com.mx\/llama-gobierno-de-sonora-a-estar-alerta-ante-riesgos-por-calor-extremo\/"},"author":{"name":"enequipo","@id":"https:\/\/www.sonoraenequipo.com.mx\/#\/schema\/person\/50102df0fb23a8fa9e8effad8fa81386"},"headline":"Llama Gobierno de Sonora a estar alerta ante riesgos por calor extremo","datePublished":"2025-09-24T01:12:27+00:00","mainEntityOfPage":{"@id":"https:\/\/www.sonoraenequipo.com.mx\/llama-gobierno-de-sonora-a-estar-alerta-ante-riesgos-por-calor-extremo\/"},"wordCount":538,"commentCount":0,"publisher":{"@id":"https:\/\/www.sonoraenequipo.com.mx\/#organization"},"image":{"@id":"https:\/\/www.sonoraenequipo.com.mx\/llama-gobierno-de-sonora-a-estar-alerta-ante-riesgos-por-calor-extremo\/#primaryimage"},"thumbnailUrl":"https:\/\/www.sonoraenequipo.com.mx\/storage\/2025\/09\/calor-en-Sonora-min.jpg","articleSection":["Sonora"],"inLanguage":"es","potentialAction":[{"@type":"CommentAction","name":"Comment","target":["https:\/\/www.sonoraenequipo.com.mx\/llama-gobierno-de-sonora-a-estar-alerta-ante-riesgos-por-calor-extremo\/#respond"]}]},{"@type":"WebPage","@id":"https:\/\/www.sonoraenequipo.com.mx\/llama-gobierno-de-sonora-a-estar-alerta-ante-riesgos-por-calor-extremo\/","url":"https:\/\/www.sonoraenequipo.com.mx\/llama-gobierno-de-sonora-a-estar-alerta-ante-riesgos-por-calor-extremo\/","name":"Sonora en Equipo. Llama Gobierno de Sonora a estar alerta ante riesgos por calor extremo Sonora","isPartOf":{"@id":"https:\/\/www.sonoraenequipo.com.mx\/#website"},"primaryImageOfPage":{"@id":"https:\/\/www.sonoraenequipo.com.mx\/llama-gobierno-de-sonora-a-estar-alerta-ante-riesgos-por-calor-extremo\/#primaryimage"},"image":{"@id":"https:\/\/www.sonoraenequipo.com.mx\/llama-gobierno-de-sonora-a-estar-alerta-ante-riesgos-por-calor-extremo\/#primaryimage"},"thumbnailUrl":"https:\/\/www.sonoraenequipo.com.mx\/storage\/2025\/09\/calor-en-Sonora-min.jpg","datePublished":"2025-09-24T01:12:27+00:00","description":"&nbsp; &nbsp; - Estos riesgos pueden provocar golpes de calor, deshidrataci\u00f3n, quemaduras solares e insolaci\u00f3n, causantes de graves afectaciones a la En Sonora en Equipo publicamos toda la informaci\u00f3n de Sonora, M\u00e9xico y el Mundo de manera oportuna y busca que la libertad de expresi\u00f3n sea real. Visita nuestro medio informativo publicado desde Hermosillo, Sonora. %","breadcrumb":{"@id":"https:\/\/www.sonoraenequipo.com.mx\/llama-gobierno-de-sonora-a-estar-alerta-ante-riesgos-por-calor-extremo\/#breadcrumb"},"inLanguage":"es","potentialAction":[{"@type":"ReadAction","target":["https:\/\/www.sonoraenequipo.com.mx\/llama-gobierno-de-sonora-a-estar-alerta-ante-riesgos-por-calor-extremo\/"]}]},{"@type":"ImageObject","inLanguage":"es","@id":"https:\/\/www.sonoraenequipo.com.mx\/llama-gobierno-de-sonora-a-estar-alerta-ante-riesgos-por-calor-extremo\/#primaryimage","url":"https:\/\/www.sonoraenequipo.com.mx\/storage\/2025\/09\/calor-en-Sonora-min.jpg","contentUrl":"https:\/\/www.sonoraenequipo.com.mx\/storage\/2025\/09\/calor-en-Sonora-min.jpg","width":1000,"height":666},{"@type":"BreadcrumbList","@id":"https:\/\/www.sonoraenequipo.com.mx\/llama-gobierno-de-sonora-a-estar-alerta-ante-riesgos-por-calor-extremo\/#breadcrumb","itemListElement":[{"@type":"ListItem","position":1,"name":"Portada","item":"https:\/\/www.sonoraenequipo.com.mx\/"},{"@type":"ListItem","position":2,"name":"Llama Gobierno de Sonora a estar alerta ante riesgos por calor extremo"}]},{"@type":"WebSite","@id":"https:\/\/www.sonoraenequipo.com.mx\/#website","url":"https:\/\/www.sonoraenequipo.com.mx\/","name":"Sonora en Equipo.","description":"Diario en l\u00ednea con Noticias desde Hermosillo, Sonora","publisher":{"@id":"https:\/\/www.sonoraenequipo.com.mx\/#organization"},"potentialAction":[{"@type":"SearchAction","target":{"@type":"EntryPoint","urlTemplate":"https:\/\/www.sonoraenequipo.com.mx\/?s={search_term_string}"},"query-input":{"@type":"PropertyValueSpecification","valueRequired":true,"valueName":"search_term_string"}}],"inLanguage":"es"},{"@type":"Organization","@id":"https:\/\/www.sonoraenequipo.com.mx\/#organization","name":"Sonoraenequipo.com.mx","url":"https:\/\/www.sonoraenequipo.com.mx\/","logo":{"@type":"ImageObject","inLanguage":"es","@id":"https:\/\/www.sonoraenequipo.com.mx\/#\/schema\/logo\/image\/","url":"https:\/\/www.sonoraenequipo.com.mx\/storage\/2019\/01\/sonoraenequipo_opt.png","contentUrl":"https:\/\/www.sonoraenequipo.com.mx\/storage\/2019\/01\/sonoraenequipo_opt.png","width":375,"height":125,"caption":"Sonoraenequipo.com.mx"},"image":{"@id":"https:\/\/www.sonoraenequipo.com.mx\/#\/schema\/logo\/image\/"},"sameAs":["https:\/\/www.facebook.com\/SonoraEE\/","https:\/\/x.com\/sonoraenequipo","https:\/\/www.youtube.com\/channel\/UC338nW-lPEYmJQs4ZABQ1SQ"]},{"@type":"Person","@id":"https:\/\/www.sonoraenequipo.com.mx\/#\/schema\/person\/50102df0fb23a8fa9e8effad8fa81386","name":"enequipo","image":{"@type":"ImageObject","inLanguage":"es","@id":"https:\/\/www.sonoraenequipo.com.mx\/#\/schema\/person\/image\/","url":"https:\/\/secure.gravatar.com\/avatar\/049821681b589dabc0bc20695993ccebb09f5b5d4d790cd9251b97faac7c652b?s=96&d=blank&r=g","contentUrl":"https:\/\/secure.gravatar.com\/avatar\/049821681b589dabc0bc20695993ccebb09f5b5d4d790cd9251b97faac7c652b?s=96&d=blank&r=g","caption":"enequipo"},"sameAs":["https:\/\/www.facebook.com\/SonoraEE"]}]}},"jetpack_featured_media_url":"https:\/\/www.sonoraenequipo.com.mx\/storage\/2025\/09\/calor-en-Sonora-min.jpg","_links":{"self":[{"href":"https:\/\/www.sonoraenequipo.com.mx\/api\/wp\/v2\/posts\/224547","targetHints":{"allow":["GET"]}}],"collection":[{"href":"https:\/\/www.sonoraenequipo.com.mx\/api\/wp\/v2\/posts"}],"about":[{"href":"https:\/\/www.sonoraenequipo.com.mx\/api\/wp\/v2\/types\/post"}],"author":[{"embeddable":true,"href":"https:\/\/www.sonoraenequipo.com.mx\/api\/wp\/v2\/users\/1"}],"replies":[{"embeddable":true,"href":"https:\/\/www.sonoraenequipo.com.mx\/api\/wp\/v2\/comments?post=224547"}],"version-history":[{"count":1,"href":"https:\/\/www.sonoraenequipo.com.mx\/api\/wp\/v2\/posts\/224547\/revisions"}],"predecessor-version":[{"id":224551,"href":"https:\/\/www.sonoraenequipo.com.mx\/api\/wp\/v2\/posts\/224547\/revisions\/224551"}],"wp:featuredmedia":[{"embeddable":true,"href":"https:\/\/www.sonoraenequipo.com.mx\/api\/wp\/v2\/media\/224549"}],"wp:attachment":[{"href":"https:\/\/www.sonoraenequipo.com.mx\/api\/wp\/v2\/media?parent=224547"}],"wp:term":[{"taxonomy":"category","embeddable":true,"href":"https:\/\/www.sonoraenequipo.com.mx\/api\/wp\/v2\/categories?post=224547"},{"taxonomy":"post_tag","embeddable":true,"href":"https:\/\/www.sonoraenequipo.com.mx\/api\/wp\/v2\/tags?post=224547"}],"curies":[{"name":"wp","href":"https:\/\/api.w.org\/{rel}","templated":true}]}}