{"id":224552,"date":"2025-09-23T18:28:33","date_gmt":"2025-09-24T01:28:33","guid":{"rendered":"https:\/\/www.sonoraenequipo.com.mx\/?p=224552"},"modified":"2025-09-23T18:21:19","modified_gmt":"2025-09-24T01:21:19","slug":"creo-que-ucrania-con-el-apoyo-de-la-ue-esta-en-condiciones-de-luchar-y-recuperar-todo-su-territorio-original-dice-trump","status":"publish","type":"post","link":"https:\/\/www.sonoraenequipo.com.mx\/creo-que-ucrania-con-el-apoyo-de-la-ue-esta-en-condiciones-de-luchar-y-recuperar-todo-su-territorio-original-dice-trump\/","title":{"rendered":"\u00abCreo que Ucrania, con el apoyo de la UE, est\u00e1 en condiciones de luchar y recuperar todo su territorio original\u00bb, dice Trump"},"content":{"rendered":"<p><strong>WASHINGTON, ESTADOS UNIDOS DEL NORTE DE AM\u00c9RCIA. \u2014<\/strong> El presidente de EE.UU., Donald Trump, afirm\u00f3 este martes que Ucrania es capaz de seguir luchando con el respaldo de la Uni\u00f3n Europea, pudiendo incluso recuperar los nuevos territorios rusos sobre los que tiene reivindicaciones.<\/p>\n<p>&nbsp;<\/p>\n<p>&nbsp;<\/p>\n<p>&nbsp;<\/p>\n<p> <\/p>\n<p>\u00abDespu\u00e9s de conocer y comprender a fondo la situaci\u00f3n militar y econ\u00f3mica de Ucrania y de Rusia, y tras ver los problemas econ\u00f3micos que est\u00e1 causando a Rusia, creo que Ucrania, con el apoyo de la Uni\u00f3n Europea, est\u00e1 en condiciones de luchar y de recuperar todo el territorio ucraniano en su forma original\u00bb, escribi\u00f3 el mandatario estadounidense en su plataforma Truth Social. En esta misma l\u00ednea, agreg\u00f3 que, con recursos y \u00abpaciencia\u00bb de los pa\u00edses europeos y, en particular, de la OTAN, Kiev podr\u00eda alcanzar su objetivo territorial. \u00ab\u00bfPor qu\u00e9 no?\u00bb, se pregunt\u00f3 Trump.<\/p>\n<p>&nbsp;<\/p>\n<p>&nbsp;<\/p>\n<p>&nbsp;<\/p>\n<p>\u00abRusia lleva tres a\u00f1os y medio luchando sin rumbo fijo en una guerra que una potencia militar real habr\u00eda ganado en menos de una semana. Esto no es caracter\u00edstico de Rusia. De hecho, la hace parecer como un &#8216;tigre de papel'\u00bb, se\u00f1al\u00f3 el inquilino de la Casa Blanca, subrayando que, seg\u00fan \u00e9l, en Rusia hay una serie de problemas econ\u00f3micos.<\/p>\n<p>&nbsp;<\/p>\n<p>&nbsp;<\/p>\n<h3>\u00ab\u00a1Buena suerte a todos!\u00bb<\/h3>\n<p>&nbsp;<\/p>\n<p>En su publicaci\u00f3n, que difundi\u00f3 tras reunirse con el l\u00edder del r\u00e9gimen de Kiev, Vlad\u00edmir Zelenski, el presidente de EE.UU. evoc\u00f3 la posibilidad de que Ucrania no solo obtenga los nuevos territorios de Rusia, sino que quiz\u00e1s \u00abir\u00eda m\u00e1s all\u00e1\u00bb. \u00abEste es el momento de que Ucrania act\u00fae. En cualquier caso, le deseo lo mejor a ambos pa\u00edses. Seguiremos suministrando armas a la OTAN para que la OTAN haga lo que quiera con ellas. \u00a1Buena suerte a todos!\u00bb, subray\u00f3 Trump.<\/p>\n<p>&nbsp;<\/p>\n<p>&nbsp;<\/p>\n<p>&nbsp;<\/p>\n<p>Sin embargo, en abril de este a\u00f1o, la ret\u00f3rica del mandatario estadounidense fue diametralmente distinta. Trump sostuvo que la pen\u00ednsula de Crimea \u00abseguir\u00e1 siendo parte de Rusia\u00bb como parte del acuerdo de paz en el conflicto ruso-ucraniano. Entonces, Trump acus\u00f3 a Kiev de iniciar el conflicto y situ\u00f3 el origen de la crisis en el momento en que \u00abempezaron a hablar de la entrada [de Ucrania] en la OTAN\u00bb.<\/p>\n<p>&nbsp;<\/p>\n<p>&nbsp;<\/p>\n<p>\u00abY Zelenski lo entiende, y todo el mundo entiende que [Crimea] ha estado con ellos [con Rusia] durante mucho tiempo\u00bb, indic\u00f3. Asimismo, Trump destac\u00f3 entonces que a lo mejor Ucrania \u00abjam\u00e1s\u00bb podr\u00e1 adherirse a la OTAN.<\/p>\n<p>&nbsp;<\/p>\n<h3><\/h3>\n<h3>Rusia est\u00e1 lista para un acuerdo<\/h3>\n<h3><\/h3>\n<p>El presidente ruso, Vlad\u00edmir Putin, ha declarado repetidamente que su pa\u00eds est\u00e1 listo para el di\u00e1logo y un acuerdo, pero insisti\u00f3 en la necesidad de abordar las causas profundas del conflicto, como la expansi\u00f3n de la OTAN y la discriminaci\u00f3n de las personas de habla rusa en Ucrania.<\/p>\n<p>&nbsp;<\/p>\n<p>&nbsp;<\/p>\n<p>&nbsp;<\/p>\n<p>Asimismo, ha se\u00f1alado que Mosc\u00fa est\u00e1 dispuesto a encontrar la soluci\u00f3n a la crisis, mientras que Occidente y Kiev buscan prolongar el conflicto. En cuanto a Ucrania, el jefe del Estado ruso siempre denuncia que \u00abel actual r\u00e9gimen de Kiev no necesita la paz en absoluto\u00bb. \u00abLo m\u00e1s probable es que la paz signifique para \u00e9l la p\u00e9rdida del poder\u00bb, explic\u00f3 en junio.<\/p>\n<p>&nbsp;<\/p>\n<p>&nbsp;<\/p>\n<p>&nbsp;<\/p>\n<p>En lo que toca a Occidente, sigue alimentando a Ucrania con armas. En julio, desde el Ministerio ruso de Exteriores advirtieron que Mosc\u00fa se reserva el derecho a usar armas contra instalaciones militares de pa\u00edses que permitan a Kiev atacar con su armamento el interior del territorio ruso internacionalmente reconocido.<\/p>\n<p>&nbsp;<\/p>\n<p>&nbsp;<\/p>\n<p>La propuesta de Mosc\u00fa contempla que Kiev retire completamente sus tropas de las Rep\u00fablicas Populares de Donetsk y Lugansk y de las provincias de Zaporozhie y Jers\u00f3n (incorporadas a Rusia despu\u00e9s de consultas populares en 2022) y reconozca estos territorios, as\u00ed como Crimea y Sebastopol, como sujetos de la Federaci\u00f3n Rusa. Adem\u00e1s, debe garantizarse la neutralidad, la no alineaci\u00f3n, as\u00ed como la desnuclearizaci\u00f3n, desmilitarizaci\u00f3n y desnazificaci\u00f3n de Ucrania<\/p>\n<p>&nbsp;<\/p>\n<p>&nbsp;<\/p>\n<p>&nbsp;<\/p>\n<p>PUBLICADO EL 23 DE SEPTIEMBRE DE 2025 Con informaci\u00f3n de AFP)<\/p>\n","protected":false},"excerpt":{"rendered":"<p>WASHINGTON, ESTADOS UNIDOS DEL NORTE DE AM\u00c9RCIA. \u2014 El presidente de EE.UU., Donald Trump, afirm\u00f3&#8230;<\/p>\n","protected":false},"author":1,"featured_media":224510,"comment_status":"open","ping_status":"open","sticky":false,"template":"","format":"standard","meta":{"_monsterinsights_skip_tracking":false,"_monsterinsights_sitenote_active":false,"_monsterinsights_sitenote_note":"","_monsterinsights_sitenote_category":0,"footnotes":""},"categories":[3],"tags":[],"class_list":["post"],"yoast_head":" \n<title>Sonora en Equipo. &quot;Creo que Ucrania, con el apoyo de la UE, est\u00e1 en condiciones de luchar y recuperar todo su territorio original&quot;, dice Trump MUNDO<\/title>\n<meta name=\"description\" content=\"WASHINGTON, ESTADOS UNIDOS DEL NORTE DE AM\u00c9RCIA. \u2014 El presidente de EE.UU., Donald Trump, afirm\u00f3 este martes que Ucrania es capaz de seguir luchando con En Sonora en Equipo publicamos toda la informaci\u00f3n de Sonora, M\u00e9xico y el Mundo de manera oportuna y busca que la libertad de expresi\u00f3n sea real. Visita nuestro medio informativo publicado desde Hermosillo, Sonora. %\" \/>\n<meta name=\"robots\" content=\"index, follow, max-snippet:-1, max-image-preview:large, max-video-preview:-1\" \/>\n<link rel=\"canonical\" href=\"https:\/\/www.sonoraenequipo.com.mx\/creo-que-ucrania-con-el-apoyo-de-la-ue-esta-en-condiciones-de-luchar-y-recuperar-todo-su-territorio-original-dice-trump\/\" \/>\n<meta property=\"og:locale\" content=\"es_ES\" \/>\n<meta property=\"og:type\" content=\"article\" \/>\n<meta property=\"og:title\" content=\"Sonora en Equipo. &quot;Creo que Ucrania, con el apoyo de la UE, est\u00e1 en condiciones de luchar y recuperar todo su territorio original&quot;, dice Trump MUNDO\" \/>\n<meta property=\"og:description\" content=\"WASHINGTON, ESTADOS UNIDOS DEL NORTE DE AM\u00c9RCIA. \u2014 El presidente de EE.UU., Donald Trump, afirm\u00f3 este martes que Ucrania es capaz de seguir luchando con En Sonora en Equipo publicamos toda la informaci\u00f3n de Sonora, M\u00e9xico y el Mundo de manera oportuna y busca que la libertad de expresi\u00f3n sea real. Visita nuestro medio informativo publicado desde Hermosillo, Sonora. %\" \/>\n<meta property=\"og:url\" content=\"https:\/\/www.sonoraenequipo.com.mx\/creo-que-ucrania-con-el-apoyo-de-la-ue-esta-en-condiciones-de-luchar-y-recuperar-todo-su-territorio-original-dice-trump\/\" \/>\n<meta property=\"og:site_name\" content=\"Sonora en Equipo.\" \/>\n<meta property=\"article:publisher\" content=\"https:\/\/www.facebook.com\/SonoraEE\/\" \/>\n<meta property=\"article:author\" content=\"https:\/\/www.facebook.com\/SonoraEE\" \/>\n<meta property=\"article:published_time\" content=\"2025-09-24T01:28:33+00:00\" \/>\n<meta property=\"og:image\" content=\"https:\/\/www.sonoraenequipo.com.mx\/storage\/2025\/09\/Zelensky-y-Donaldo-Trump-min.jpg\" \/>\n\t<meta property=\"og:image:width\" content=\"1104\" \/>\n\t<meta property=\"og:image:height\" content=\"622\" \/>\n\t<meta property=\"og:image:type\" content=\"image\/jpeg\" \/>\n<meta name=\"author\" content=\"enequipo\" \/>\n<meta name=\"twitter:card\" content=\"summary_large_image\" \/>\n<meta name=\"twitter:creator\" content=\"@sonoraenequipo\" \/>\n<meta name=\"twitter:site\" content=\"@sonoraenequipo\" \/>\n<meta name=\"twitter:label1\" content=\"Escrito por\" \/>\n\t<meta name=\"twitter:data1\" content=\"enequipo\" \/>\n\t<meta name=\"twitter:label2\" content=\"Tiempo de lectura\" \/>\n\t<meta name=\"twitter:data2\" content=\"4 minutos\" \/>\n<script type=\"application\/ld+json\" class=\"yoast-schema-graph\">{\"@context\":\"https:\/\/schema.org\",\"@graph\":[{\"@type\":\"Article\",\"@id\":\"https:\/\/www.sonoraenequipo.com.mx\/creo-que-ucrania-con-el-apoyo-de-la-ue-esta-en-condiciones-de-luchar-y-recuperar-todo-su-territorio-original-dice-trump\/#article\",\"isPartOf\":{\"@id\":\"https:\/\/www.sonoraenequipo.com.mx\/creo-que-ucrania-con-el-apoyo-de-la-ue-esta-en-condiciones-de-luchar-y-recuperar-todo-su-territorio-original-dice-trump\/\"},\"author\":{\"name\":\"enequipo\",\"@id\":\"https:\/\/www.sonoraenequipo.com.mx\/#\/schema\/person\/50102df0fb23a8fa9e8effad8fa81386\"},\"headline\":\"\u00abCreo que Ucrania, con el apoyo de la UE, est\u00e1 en condiciones de luchar y recuperar todo su territorio original\u00bb, dice Trump\",\"datePublished\":\"2025-09-24T01:28:33+00:00\",\"mainEntityOfPage\":{\"@id\":\"https:\/\/www.sonoraenequipo.com.mx\/creo-que-ucrania-con-el-apoyo-de-la-ue-esta-en-condiciones-de-luchar-y-recuperar-todo-su-territorio-original-dice-trump\/\"},\"wordCount\":729,\"commentCount\":0,\"publisher\":{\"@id\":\"https:\/\/www.sonoraenequipo.com.mx\/#organization\"},\"image\":{\"@id\":\"https:\/\/www.sonoraenequipo.com.mx\/creo-que-ucrania-con-el-apoyo-de-la-ue-esta-en-condiciones-de-luchar-y-recuperar-todo-su-territorio-original-dice-trump\/#primaryimage\"},\"thumbnailUrl\":\"https:\/\/www.sonoraenequipo.com.mx\/storage\/2025\/09\/Zelensky-y-Donaldo-Trump-min.jpg\",\"articleSection\":[\"MUNDO\"],\"inLanguage\":\"es\",\"potentialAction\":[{\"@type\":\"CommentAction\",\"name\":\"Comment\",\"target\":[\"https:\/\/www.sonoraenequipo.com.mx\/creo-que-ucrania-con-el-apoyo-de-la-ue-esta-en-condiciones-de-luchar-y-recuperar-todo-su-territorio-original-dice-trump\/#respond\"]}]},{\"@type\":\"WebPage\",\"@id\":\"https:\/\/www.sonoraenequipo.com.mx\/creo-que-ucrania-con-el-apoyo-de-la-ue-esta-en-condiciones-de-luchar-y-recuperar-todo-su-territorio-original-dice-trump\/\",\"url\":\"https:\/\/www.sonoraenequipo.com.mx\/creo-que-ucrania-con-el-apoyo-de-la-ue-esta-en-condiciones-de-luchar-y-recuperar-todo-su-territorio-original-dice-trump\/\",\"name\":\"Sonora en Equipo. \\\"Creo que Ucrania, con el apoyo de la UE, est\u00e1 en condiciones de luchar y recuperar todo su territorio original\\\", dice Trump MUNDO\",\"isPartOf\":{\"@id\":\"https:\/\/www.sonoraenequipo.com.mx\/#website\"},\"primaryImageOfPage\":{\"@id\":\"https:\/\/www.sonoraenequipo.com.mx\/creo-que-ucrania-con-el-apoyo-de-la-ue-esta-en-condiciones-de-luchar-y-recuperar-todo-su-territorio-original-dice-trump\/#primaryimage\"},\"image\":{\"@id\":\"https:\/\/www.sonoraenequipo.com.mx\/creo-que-ucrania-con-el-apoyo-de-la-ue-esta-en-condiciones-de-luchar-y-recuperar-todo-su-territorio-original-dice-trump\/#primaryimage\"},\"thumbnailUrl\":\"https:\/\/www.sonoraenequipo.com.mx\/storage\/2025\/09\/Zelensky-y-Donaldo-Trump-min.jpg\",\"datePublished\":\"2025-09-24T01:28:33+00:00\",\"description\":\"WASHINGTON, ESTADOS UNIDOS DEL NORTE DE AM\u00c9RCIA. \u2014 El presidente de EE.UU., Donald Trump, afirm\u00f3 este martes que Ucrania es capaz de seguir luchando con En Sonora en Equipo publicamos toda la informaci\u00f3n de Sonora, M\u00e9xico y el Mundo de manera oportuna y busca que la libertad de expresi\u00f3n sea real. Visita nuestro medio informativo publicado desde Hermosillo, Sonora. %\",\"breadcrumb\":{\"@id\":\"https:\/\/www.sonoraenequipo.com.mx\/creo-que-ucrania-con-el-apoyo-de-la-ue-esta-en-condiciones-de-luchar-y-recuperar-todo-su-territorio-original-dice-trump\/#breadcrumb\"},\"inLanguage\":\"es\",\"potentialAction\":[{\"@type\":\"ReadAction\",\"target\":[\"https:\/\/www.sonoraenequipo.com.mx\/creo-que-ucrania-con-el-apoyo-de-la-ue-esta-en-condiciones-de-luchar-y-recuperar-todo-su-territorio-original-dice-trump\/\"]}]},{\"@type\":\"ImageObject\",\"inLanguage\":\"es\",\"@id\":\"https:\/\/www.sonoraenequipo.com.mx\/creo-que-ucrania-con-el-apoyo-de-la-ue-esta-en-condiciones-de-luchar-y-recuperar-todo-su-territorio-original-dice-trump\/#primaryimage\",\"url\":\"https:\/\/www.sonoraenequipo.com.mx\/storage\/2025\/09\/Zelensky-y-Donaldo-Trump-min.jpg\",\"contentUrl\":\"https:\/\/www.sonoraenequipo.com.mx\/storage\/2025\/09\/Zelensky-y-Donaldo-Trump-min.jpg\",\"width\":1104,\"height\":622,\"caption\":\"zelensky y Trump en una de las reuniones que ha sostenido\"},{\"@type\":\"BreadcrumbList\",\"@id\":\"https:\/\/www.sonoraenequipo.com.mx\/creo-que-ucrania-con-el-apoyo-de-la-ue-esta-en-condiciones-de-luchar-y-recuperar-todo-su-territorio-original-dice-trump\/#breadcrumb\",\"itemListElement\":[{\"@type\":\"ListItem\",\"position\":1,\"name\":\"Portada\",\"item\":\"https:\/\/www.sonoraenequipo.com.mx\/\"},{\"@type\":\"ListItem\",\"position\":2,\"name\":\"\u00abCreo que Ucrania, con el apoyo de la UE, est\u00e1 en condiciones de luchar y recuperar todo su territorio original\u00bb, dice Trump\"}]},{\"@type\":\"WebSite\",\"@id\":\"https:\/\/www.sonoraenequipo.com.mx\/#website\",\"url\":\"https:\/\/www.sonoraenequipo.com.mx\/\",\"name\":\"Sonora en Equipo.\",\"description\":\"Diario en l\u00ednea con Noticias desde Hermosillo, Sonora\",\"publisher\":{\"@id\":\"https:\/\/www.sonoraenequipo.com.mx\/#organization\"},\"potentialAction\":[{\"@type\":\"SearchAction\",\"target\":{\"@type\":\"EntryPoint\",\"urlTemplate\":\"https:\/\/www.sonoraenequipo.com.mx\/?s={search_term_string}\"},\"query-input\":{\"@type\":\"PropertyValueSpecification\",\"valueRequired\":true,\"valueName\":\"search_term_string\"}}],\"inLanguage\":\"es\"},{\"@type\":\"Organization\",\"@id\":\"https:\/\/www.sonoraenequipo.com.mx\/#organization\",\"name\":\"Sonoraenequipo.com.mx\",\"url\":\"https:\/\/www.sonoraenequipo.com.mx\/\",\"logo\":{\"@type\":\"ImageObject\",\"inLanguage\":\"es\",\"@id\":\"https:\/\/www.sonoraenequipo.com.mx\/#\/schema\/logo\/image\/\",\"url\":\"https:\/\/www.sonoraenequipo.com.mx\/storage\/2019\/01\/sonoraenequipo_opt.png\",\"contentUrl\":\"https:\/\/www.sonoraenequipo.com.mx\/storage\/2019\/01\/sonoraenequipo_opt.png\",\"width\":375,\"height\":125,\"caption\":\"Sonoraenequipo.com.mx\"},\"image\":{\"@id\":\"https:\/\/www.sonoraenequipo.com.mx\/#\/schema\/logo\/image\/\"},\"sameAs\":[\"https:\/\/www.facebook.com\/SonoraEE\/\",\"https:\/\/x.com\/sonoraenequipo\",\"https:\/\/www.youtube.com\/channel\/UC338nW-lPEYmJQs4ZABQ1SQ\"]},{\"@type\":\"Person\",\"@id\":\"https:\/\/www.sonoraenequipo.com.mx\/#\/schema\/person\/50102df0fb23a8fa9e8effad8fa81386\",\"name\":\"enequipo\",\"image\":{\"@type\":\"ImageObject\",\"inLanguage\":\"es\",\"@id\":\"https:\/\/www.sonoraenequipo.com.mx\/#\/schema\/person\/image\/\",\"url\":\"https:\/\/secure.gravatar.com\/avatar\/049821681b589dabc0bc20695993ccebb09f5b5d4d790cd9251b97faac7c652b?s=96&d=blank&r=g\",\"contentUrl\":\"https:\/\/secure.gravatar.com\/avatar\/049821681b589dabc0bc20695993ccebb09f5b5d4d790cd9251b97faac7c652b?s=96&d=blank&r=g\",\"caption\":\"enequipo\"},\"sameAs\":[\"https:\/\/www.facebook.com\/SonoraEE\"]}]}<\/script>\n ","yoast_head_json":{"title":"Sonora en Equipo. \"Creo que Ucrania, con el apoyo de la UE, est\u00e1 en condiciones de luchar y recuperar todo su territorio original\", dice Trump MUNDO","description":"WASHINGTON, ESTADOS UNIDOS DEL NORTE DE AM\u00c9RCIA. \u2014 El presidente de EE.UU., Donald Trump, afirm\u00f3 este martes que Ucrania es capaz de seguir luchando con En Sonora en Equipo publicamos toda la informaci\u00f3n de Sonora, M\u00e9xico y el Mundo de manera oportuna y busca que la libertad de expresi\u00f3n sea real. Visita nuestro medio informativo publicado desde Hermosillo, Sonora. %","robots":{"index":"index","follow":"follow","max-snippet":"max-snippet:-1","max-image-preview":"max-image-preview:large","max-video-preview":"max-video-preview:-1"},"canonical":"https:\/\/www.sonoraenequipo.com.mx\/creo-que-ucrania-con-el-apoyo-de-la-ue-esta-en-condiciones-de-luchar-y-recuperar-todo-su-territorio-original-dice-trump\/","og_locale":"es_ES","og_type":"article","og_title":"Sonora en Equipo. \"Creo que Ucrania, con el apoyo de la UE, est\u00e1 en condiciones de luchar y recuperar todo su territorio original\", dice Trump MUNDO","og_description":"WASHINGTON, ESTADOS UNIDOS DEL NORTE DE AM\u00c9RCIA. \u2014 El presidente de EE.UU., Donald Trump, afirm\u00f3 este martes que Ucrania es capaz de seguir luchando con En Sonora en Equipo publicamos toda la informaci\u00f3n de Sonora, M\u00e9xico y el Mundo de manera oportuna y busca que la libertad de expresi\u00f3n sea real. Visita nuestro medio informativo publicado desde Hermosillo, Sonora. %","og_url":"https:\/\/www.sonoraenequipo.com.mx\/creo-que-ucrania-con-el-apoyo-de-la-ue-esta-en-condiciones-de-luchar-y-recuperar-todo-su-territorio-original-dice-trump\/","og_site_name":"Sonora en Equipo.","article_publisher":"https:\/\/www.facebook.com\/SonoraEE\/","article_author":"https:\/\/www.facebook.com\/SonoraEE","article_published_time":"2025-09-24T01:28:33+00:00","og_image":[{"width":1104,"height":622,"url":"https:\/\/www.sonoraenequipo.com.mx\/storage\/2025\/09\/Zelensky-y-Donaldo-Trump-min.jpg","type":"image\/jpeg"}],"author":"enequipo","twitter_card":"summary_large_image","twitter_creator":"@sonoraenequipo","twitter_site":"@sonoraenequipo","twitter_misc":{"Escrito por":"enequipo","Tiempo de lectura":"4 minutos"},"schema":{"@context":"https:\/\/schema.org","@graph":[{"@type":"Article","@id":"https:\/\/www.sonoraenequipo.com.mx\/creo-que-ucrania-con-el-apoyo-de-la-ue-esta-en-condiciones-de-luchar-y-recuperar-todo-su-territorio-original-dice-trump\/#article","isPartOf":{"@id":"https:\/\/www.sonoraenequipo.com.mx\/creo-que-ucrania-con-el-apoyo-de-la-ue-esta-en-condiciones-de-luchar-y-recuperar-todo-su-territorio-original-dice-trump\/"},"author":{"name":"enequipo","@id":"https:\/\/www.sonoraenequipo.com.mx\/#\/schema\/person\/50102df0fb23a8fa9e8effad8fa81386"},"headline":"\u00abCreo que Ucrania, con el apoyo de la UE, est\u00e1 en condiciones de luchar y recuperar todo su territorio original\u00bb, dice Trump","datePublished":"2025-09-24T01:28:33+00:00","mainEntityOfPage":{"@id":"https:\/\/www.sonoraenequipo.com.mx\/creo-que-ucrania-con-el-apoyo-de-la-ue-esta-en-condiciones-de-luchar-y-recuperar-todo-su-territorio-original-dice-trump\/"},"wordCount":729,"commentCount":0,"publisher":{"@id":"https:\/\/www.sonoraenequipo.com.mx\/#organization"},"image":{"@id":"https:\/\/www.sonoraenequipo.com.mx\/creo-que-ucrania-con-el-apoyo-de-la-ue-esta-en-condiciones-de-luchar-y-recuperar-todo-su-territorio-original-dice-trump\/#primaryimage"},"thumbnailUrl":"https:\/\/www.sonoraenequipo.com.mx\/storage\/2025\/09\/Zelensky-y-Donaldo-Trump-min.jpg","articleSection":["MUNDO"],"inLanguage":"es","potentialAction":[{"@type":"CommentAction","name":"Comment","target":["https:\/\/www.sonoraenequipo.com.mx\/creo-que-ucrania-con-el-apoyo-de-la-ue-esta-en-condiciones-de-luchar-y-recuperar-todo-su-territorio-original-dice-trump\/#respond"]}]},{"@type":"WebPage","@id":"https:\/\/www.sonoraenequipo.com.mx\/creo-que-ucrania-con-el-apoyo-de-la-ue-esta-en-condiciones-de-luchar-y-recuperar-todo-su-territorio-original-dice-trump\/","url":"https:\/\/www.sonoraenequipo.com.mx\/creo-que-ucrania-con-el-apoyo-de-la-ue-esta-en-condiciones-de-luchar-y-recuperar-todo-su-territorio-original-dice-trump\/","name":"Sonora en Equipo. \"Creo que Ucrania, con el apoyo de la UE, est\u00e1 en condiciones de luchar y recuperar todo su territorio original\", dice Trump MUNDO","isPartOf":{"@id":"https:\/\/www.sonoraenequipo.com.mx\/#website"},"primaryImageOfPage":{"@id":"https:\/\/www.sonoraenequipo.com.mx\/creo-que-ucrania-con-el-apoyo-de-la-ue-esta-en-condiciones-de-luchar-y-recuperar-todo-su-territorio-original-dice-trump\/#primaryimage"},"image":{"@id":"https:\/\/www.sonoraenequipo.com.mx\/creo-que-ucrania-con-el-apoyo-de-la-ue-esta-en-condiciones-de-luchar-y-recuperar-todo-su-territorio-original-dice-trump\/#primaryimage"},"thumbnailUrl":"https:\/\/www.sonoraenequipo.com.mx\/storage\/2025\/09\/Zelensky-y-Donaldo-Trump-min.jpg","datePublished":"2025-09-24T01:28:33+00:00","description":"WASHINGTON, ESTADOS UNIDOS DEL NORTE DE AM\u00c9RCIA. \u2014 El presidente de EE.UU., Donald Trump, afirm\u00f3 este martes que Ucrania es capaz de seguir luchando con En Sonora en Equipo publicamos toda la informaci\u00f3n de Sonora, M\u00e9xico y el Mundo de manera oportuna y busca que la libertad de expresi\u00f3n sea real. Visita nuestro medio informativo publicado desde Hermosillo, Sonora. %","breadcrumb":{"@id":"https:\/\/www.sonoraenequipo.com.mx\/creo-que-ucrania-con-el-apoyo-de-la-ue-esta-en-condiciones-de-luchar-y-recuperar-todo-su-territorio-original-dice-trump\/#breadcrumb"},"inLanguage":"es","potentialAction":[{"@type":"ReadAction","target":["https:\/\/www.sonoraenequipo.com.mx\/creo-que-ucrania-con-el-apoyo-de-la-ue-esta-en-condiciones-de-luchar-y-recuperar-todo-su-territorio-original-dice-trump\/"]}]},{"@type":"ImageObject","inLanguage":"es","@id":"https:\/\/www.sonoraenequipo.com.mx\/creo-que-ucrania-con-el-apoyo-de-la-ue-esta-en-condiciones-de-luchar-y-recuperar-todo-su-territorio-original-dice-trump\/#primaryimage","url":"https:\/\/www.sonoraenequipo.com.mx\/storage\/2025\/09\/Zelensky-y-Donaldo-Trump-min.jpg","contentUrl":"https:\/\/www.sonoraenequipo.com.mx\/storage\/2025\/09\/Zelensky-y-Donaldo-Trump-min.jpg","width":1104,"height":622,"caption":"zelensky y Trump en una de las reuniones que ha sostenido"},{"@type":"BreadcrumbList","@id":"https:\/\/www.sonoraenequipo.com.mx\/creo-que-ucrania-con-el-apoyo-de-la-ue-esta-en-condiciones-de-luchar-y-recuperar-todo-su-territorio-original-dice-trump\/#breadcrumb","itemListElement":[{"@type":"ListItem","position":1,"name":"Portada","item":"https:\/\/www.sonoraenequipo.com.mx\/"},{"@type":"ListItem","position":2,"name":"\u00abCreo que Ucrania, con el apoyo de la UE, est\u00e1 en condiciones de luchar y recuperar todo su territorio original\u00bb, dice Trump"}]},{"@type":"WebSite","@id":"https:\/\/www.sonoraenequipo.com.mx\/#website","url":"https:\/\/www.sonoraenequipo.com.mx\/","name":"Sonora en Equipo.","description":"Diario en l\u00ednea con Noticias desde Hermosillo, Sonora","publisher":{"@id":"https:\/\/www.sonoraenequipo.com.mx\/#organization"},"potentialAction":[{"@type":"SearchAction","target":{"@type":"EntryPoint","urlTemplate":"https:\/\/www.sonoraenequipo.com.mx\/?s={search_term_string}"},"query-input":{"@type":"PropertyValueSpecification","valueRequired":true,"valueName":"search_term_string"}}],"inLanguage":"es"},{"@type":"Organization","@id":"https:\/\/www.sonoraenequipo.com.mx\/#organization","name":"Sonoraenequipo.com.mx","url":"https:\/\/www.sonoraenequipo.com.mx\/","logo":{"@type":"ImageObject","inLanguage":"es","@id":"https:\/\/www.sonoraenequipo.com.mx\/#\/schema\/logo\/image\/","url":"https:\/\/www.sonoraenequipo.com.mx\/storage\/2019\/01\/sonoraenequipo_opt.png","contentUrl":"https:\/\/www.sonoraenequipo.com.mx\/storage\/2019\/01\/sonoraenequipo_opt.png","width":375,"height":125,"caption":"Sonoraenequipo.com.mx"},"image":{"@id":"https:\/\/www.sonoraenequipo.com.mx\/#\/schema\/logo\/image\/"},"sameAs":["https:\/\/www.facebook.com\/SonoraEE\/","https:\/\/x.com\/sonoraenequipo","https:\/\/www.youtube.com\/channel\/UC338nW-lPEYmJQs4ZABQ1SQ"]},{"@type":"Person","@id":"https:\/\/www.sonoraenequipo.com.mx\/#\/schema\/person\/50102df0fb23a8fa9e8effad8fa81386","name":"enequipo","image":{"@type":"ImageObject","inLanguage":"es","@id":"https:\/\/www.sonoraenequipo.com.mx\/#\/schema\/person\/image\/","url":"https:\/\/secure.gravatar.com\/avatar\/049821681b589dabc0bc20695993ccebb09f5b5d4d790cd9251b97faac7c652b?s=96&d=blank&r=g","contentUrl":"https:\/\/secure.gravatar.com\/avatar\/049821681b589dabc0bc20695993ccebb09f5b5d4d790cd9251b97faac7c652b?s=96&d=blank&r=g","caption":"enequipo"},"sameAs":["https:\/\/www.facebook.com\/SonoraEE"]}]}},"jetpack_featured_media_url":"https:\/\/www.sonoraenequipo.com.mx\/storage\/2025\/09\/Zelensky-y-Donaldo-Trump-min.jpg","_links":{"self":[{"href":"https:\/\/www.sonoraenequipo.com.mx\/api\/wp\/v2\/posts\/224552","targetHints":{"allow":["GET"]}}],"collection":[{"href":"https:\/\/www.sonoraenequipo.com.mx\/api\/wp\/v2\/posts"}],"about":[{"href":"https:\/\/www.sonoraenequipo.com.mx\/api\/wp\/v2\/types\/post"}],"author":[{"embeddable":true,"href":"https:\/\/www.sonoraenequipo.com.mx\/api\/wp\/v2\/users\/1"}],"replies":[{"embeddable":true,"href":"https:\/\/www.sonoraenequipo.com.mx\/api\/wp\/v2\/comments?post=224552"}],"version-history":[{"count":1,"href":"https:\/\/www.sonoraenequipo.com.mx\/api\/wp\/v2\/posts\/224552\/revisions"}],"predecessor-version":[{"id":224553,"href":"https:\/\/www.sonoraenequipo.com.mx\/api\/wp\/v2\/posts\/224552\/revisions\/224553"}],"wp:featuredmedia":[{"embeddable":true,"href":"https:\/\/www.sonoraenequipo.com.mx\/api\/wp\/v2\/media\/224510"}],"wp:attachment":[{"href":"https:\/\/www.sonoraenequipo.com.mx\/api\/wp\/v2\/media?parent=224552"}],"wp:term":[{"taxonomy":"category","embeddable":true,"href":"https:\/\/www.sonoraenequipo.com.mx\/api\/wp\/v2\/categories?post=224552"},{"taxonomy":"post_tag","embeddable":true,"href":"https:\/\/www.sonoraenequipo.com.mx\/api\/wp\/v2\/tags?post=224552"}],"curies":[{"name":"wp","href":"https:\/\/api.w.org\/{rel}","templated":true}]}}