{"id":224554,"date":"2025-09-23T18:40:05","date_gmt":"2025-09-24T01:40:05","guid":{"rendered":"https:\/\/www.sonoraenequipo.com.mx\/?p=224554"},"modified":"2025-09-23T18:40:48","modified_gmt":"2025-09-24T01:40:48","slug":"la-generacion-z-ahora-usa-la-lengua-para-navegar-en-su-iphone","status":"publish","type":"post","link":"https:\/\/www.sonoraenequipo.com.mx\/la-generacion-z-ahora-usa-la-lengua-para-navegar-en-su-iphone\/","title":{"rendered":"La generaci\u00f3n Z ahora usa la lengua para navegar en su iPhone"},"content":{"rendered":"<p><strong>MOSC\u00da, RUSIA. \u2014<\/strong> A principios de junio, Apple present\u00f3 su nuevo sistema operativo iOS 26, que seg\u00fan el gigante tecnol\u00f3gico estadounidense ofrece un atractivo dise\u00f1o, experiencias inteligentes y mejoras en varias aplicaciones que pueden hacer del iPhone un dispositivo m\u00e1s \u00fatil.<\/p>\n<p>&nbsp;<\/p>\n<p>&nbsp;<\/p>\n<p>&nbsp;<\/p>\n<p>&nbsp;<\/p>\n<p>&nbsp;<\/p>\n<p> <\/p>\n<p>&nbsp;<\/p>\n<blockquote class=\"twitter-tweet\" data-width=\"550\" data-dnt=\"true\">\n<p lang=\"es\" dir=\"ltr\">\ud83d\udc45Ahora se puede usar la lengua para navegar en iPhone<\/p>\n<p>\u27a1\ufe0f<a href=\"https:\/\/t.co\/4s0kkO1EkS\">https:\/\/t.co\/4s0kkO1EkS<\/a> <a href=\"https:\/\/t.co\/5vXBXgv7z1\">pic.twitter.com\/5vXBXgv7z1<\/a><\/p>\n<p>&mdash; RT en Espa\u00f1ol (@ActualidadRT) <a href=\"https:\/\/twitter.com\/ActualidadRT\/status\/1970145760567247210?ref_src=twsrc%5Etfw\">September 22, 2025<\/a><\/p><\/blockquote>\n<p><script async src=\"https:\/\/platform.twitter.com\/widgets.js\" charset=\"utf-8\"><\/script><\/p>\n<p>Tras su lanzamiento, entre usuarios del continente asi\u00e1tico se ha popularizado el control del dispositivo a trav\u00e9s de gestos faciales lo que hace posible la navegaci\u00f3n en el tel\u00e9fono usando solamente la lengua sin necesidad de tocar la pantalla.<\/p>\n<blockquote class=\"twitter-tweet\" data-width=\"550\" data-dnt=\"true\">\n<p lang=\"es\" dir=\"ltr\">\ud83e\udd2fUna nueva funci\u00f3n que se est\u00e1 volviendo viral en Internet.<\/p>\n<p>\u00bfExperiencias inteligentes? \u00bfQu\u00e9 opina? <a href=\"https:\/\/t.co\/fpliDn1gmv\">pic.twitter.com\/fpliDn1gmv<\/a><\/p>\n<p>&mdash; RT en Espa\u00f1ol (@ActualidadRT) <a href=\"https:\/\/twitter.com\/ActualidadRT\/status\/1970145763473653883?ref_src=twsrc%5Etfw\">September 22, 2025<\/a><\/p><\/blockquote>\n<p><script async src=\"https:\/\/platform.twitter.com\/widgets.js\" charset=\"utf-8\"><\/script><\/p>\n<p>La tendencia se hizo viral entre miembros de la generaci\u00f3n Z que usan la lengua para hacer capturas de pantalla o dar &#8216;me gusta&#8217; con un movimiento de labios y, posteriormente, suben sus videos a TikTok.<\/p>\n<p>&nbsp;<\/p>\n<p>Para activar las funciones con gestos faciales es necesario ingresar a &#8216;Configuraci\u00f3n&#8217;, despu\u00e9s a &#8216;Accesibilidad&#8217;, luego a &#8216;Seguimiento de la cabeza&#8217; y por \u00faltimo seleccionar la opci\u00f3n que desea.<\/p>\n<blockquote class=\"twitter-tweet\" data-width=\"550\" data-dnt=\"true\">\n<p lang=\"en\" dir=\"ltr\">The new iPhone 17 lets you scroll TikTok with your tongue. <a href=\"https:\/\/t.co\/gLrmgMNzWK\">pic.twitter.com\/gLrmgMNzWK<\/a><\/p>\n<p>&mdash; Emily Johnson (@Lisa679371) <a href=\"https:\/\/twitter.com\/Lisa679371\/status\/1969398693137678631?ref_src=twsrc%5Etfw\">September 20, 2025<\/a><\/p><\/blockquote>\n<p><script async src=\"https:\/\/platform.twitter.com\/widgets.js\" charset=\"utf-8\"><\/script><\/p>\n<p>&nbsp;<\/p>\n<p>&nbsp;<\/p>\n<p>PUBLICADO EL 23 DE SEPTIEMBRE DE 2025 Con informaci\u00f3n de RT)<\/p>\n","protected":false},"excerpt":{"rendered":"<p>MOSC\u00da, RUSIA. \u2014 A principios de junio, Apple present\u00f3 su nuevo sistema operativo iOS 26,&#8230;<\/p>\n","protected":false},"author":1,"featured_media":224531,"comment_status":"open","ping_status":"open","sticky":false,"template":"","format":"standard","meta":{"_monsterinsights_skip_tracking":false,"_monsterinsights_sitenote_active":false,"_monsterinsights_sitenote_note":"","_monsterinsights_sitenote_category":0,"footnotes":""},"categories":[3],"tags":[],"class_list":["post"],"yoast_head":" \n<title>Sonora en Equipo. La generaci\u00f3n Z ahora usa la lengua para navegar en su iPhone MUNDO<\/title>\n<meta name=\"description\" content=\"MOSC\u00da, RUSIA. \u2014 A principios de junio, Apple present\u00f3 su nuevo sistema operativo iOS 26, que seg\u00fan el gigante tecnol\u00f3gico estadounidense ofrece un En Sonora en Equipo publicamos toda la informaci\u00f3n de Sonora, M\u00e9xico y el Mundo de manera oportuna y busca que la libertad de expresi\u00f3n sea real. Visita nuestro medio informativo publicado desde Hermosillo, Sonora. %\" \/>\n<meta name=\"robots\" content=\"index, follow, max-snippet:-1, max-image-preview:large, max-video-preview:-1\" \/>\n<link rel=\"canonical\" href=\"https:\/\/www.sonoraenequipo.com.mx\/la-generacion-z-ahora-usa-la-lengua-para-navegar-en-su-iphone\/\" \/>\n<meta property=\"og:locale\" content=\"es_ES\" \/>\n<meta property=\"og:type\" content=\"article\" \/>\n<meta property=\"og:title\" content=\"Sonora en Equipo. La generaci\u00f3n Z ahora usa la lengua para navegar en su iPhone MUNDO\" \/>\n<meta property=\"og:description\" content=\"MOSC\u00da, RUSIA. \u2014 A principios de junio, Apple present\u00f3 su nuevo sistema operativo iOS 26, que seg\u00fan el gigante tecnol\u00f3gico estadounidense ofrece un En Sonora en Equipo publicamos toda la informaci\u00f3n de Sonora, M\u00e9xico y el Mundo de manera oportuna y busca que la libertad de expresi\u00f3n sea real. Visita nuestro medio informativo publicado desde Hermosillo, Sonora. %\" \/>\n<meta property=\"og:url\" content=\"https:\/\/www.sonoraenequipo.com.mx\/la-generacion-z-ahora-usa-la-lengua-para-navegar-en-su-iphone\/\" \/>\n<meta property=\"og:site_name\" content=\"Sonora en Equipo.\" \/>\n<meta property=\"article:publisher\" content=\"https:\/\/www.facebook.com\/SonoraEE\/\" \/>\n<meta property=\"article:author\" content=\"https:\/\/www.facebook.com\/SonoraEE\" \/>\n<meta property=\"article:published_time\" content=\"2025-09-24T01:40:05+00:00\" \/>\n<meta property=\"article:modified_time\" content=\"2025-09-24T01:40:48+00:00\" \/>\n<meta property=\"og:image\" content=\"https:\/\/www.sonoraenequipo.com.mx\/storage\/2025\/09\/la-lengua-es-el-nuevo-viral-min-1.jpg\" \/>\n\t<meta property=\"og:image:width\" content=\"1104\" \/>\n\t<meta property=\"og:image:height\" content=\"622\" \/>\n\t<meta property=\"og:image:type\" content=\"image\/jpeg\" \/>\n<meta name=\"author\" content=\"enequipo\" \/>\n<meta name=\"twitter:card\" content=\"summary_large_image\" \/>\n<meta name=\"twitter:creator\" content=\"@sonoraenequipo\" \/>\n<meta name=\"twitter:site\" content=\"@sonoraenequipo\" \/>\n<meta name=\"twitter:label1\" content=\"Escrito por\" \/>\n\t<meta name=\"twitter:data1\" content=\"enequipo\" \/>\n\t<meta name=\"twitter:label2\" content=\"Tiempo de lectura\" \/>\n\t<meta name=\"twitter:data2\" content=\"1 minuto\" \/>\n<script type=\"application\/ld+json\" class=\"yoast-schema-graph\">{\"@context\":\"https:\/\/schema.org\",\"@graph\":[{\"@type\":\"Article\",\"@id\":\"https:\/\/www.sonoraenequipo.com.mx\/la-generacion-z-ahora-usa-la-lengua-para-navegar-en-su-iphone\/#article\",\"isPartOf\":{\"@id\":\"https:\/\/www.sonoraenequipo.com.mx\/la-generacion-z-ahora-usa-la-lengua-para-navegar-en-su-iphone\/\"},\"author\":{\"name\":\"enequipo\",\"@id\":\"https:\/\/www.sonoraenequipo.com.mx\/#\/schema\/person\/50102df0fb23a8fa9e8effad8fa81386\"},\"headline\":\"La generaci\u00f3n Z ahora usa la lengua para navegar en su iPhone\",\"datePublished\":\"2025-09-24T01:40:05+00:00\",\"dateModified\":\"2025-09-24T01:40:48+00:00\",\"mainEntityOfPage\":{\"@id\":\"https:\/\/www.sonoraenequipo.com.mx\/la-generacion-z-ahora-usa-la-lengua-para-navegar-en-su-iphone\/\"},\"wordCount\":202,\"commentCount\":0,\"publisher\":{\"@id\":\"https:\/\/www.sonoraenequipo.com.mx\/#organization\"},\"image\":{\"@id\":\"https:\/\/www.sonoraenequipo.com.mx\/la-generacion-z-ahora-usa-la-lengua-para-navegar-en-su-iphone\/#primaryimage\"},\"thumbnailUrl\":\"https:\/\/www.sonoraenequipo.com.mx\/storage\/2025\/09\/la-lengua-es-el-nuevo-viral-min-1.jpg\",\"articleSection\":[\"MUNDO\"],\"inLanguage\":\"es\",\"potentialAction\":[{\"@type\":\"CommentAction\",\"name\":\"Comment\",\"target\":[\"https:\/\/www.sonoraenequipo.com.mx\/la-generacion-z-ahora-usa-la-lengua-para-navegar-en-su-iphone\/#respond\"]}]},{\"@type\":\"WebPage\",\"@id\":\"https:\/\/www.sonoraenequipo.com.mx\/la-generacion-z-ahora-usa-la-lengua-para-navegar-en-su-iphone\/\",\"url\":\"https:\/\/www.sonoraenequipo.com.mx\/la-generacion-z-ahora-usa-la-lengua-para-navegar-en-su-iphone\/\",\"name\":\"Sonora en Equipo. La generaci\u00f3n Z ahora usa la lengua para navegar en su iPhone MUNDO\",\"isPartOf\":{\"@id\":\"https:\/\/www.sonoraenequipo.com.mx\/#website\"},\"primaryImageOfPage\":{\"@id\":\"https:\/\/www.sonoraenequipo.com.mx\/la-generacion-z-ahora-usa-la-lengua-para-navegar-en-su-iphone\/#primaryimage\"},\"image\":{\"@id\":\"https:\/\/www.sonoraenequipo.com.mx\/la-generacion-z-ahora-usa-la-lengua-para-navegar-en-su-iphone\/#primaryimage\"},\"thumbnailUrl\":\"https:\/\/www.sonoraenequipo.com.mx\/storage\/2025\/09\/la-lengua-es-el-nuevo-viral-min-1.jpg\",\"datePublished\":\"2025-09-24T01:40:05+00:00\",\"dateModified\":\"2025-09-24T01:40:48+00:00\",\"description\":\"MOSC\u00da, RUSIA. \u2014 A principios de junio, Apple present\u00f3 su nuevo sistema operativo iOS 26, que seg\u00fan el gigante tecnol\u00f3gico estadounidense ofrece un En Sonora en Equipo publicamos toda la informaci\u00f3n de Sonora, M\u00e9xico y el Mundo de manera oportuna y busca que la libertad de expresi\u00f3n sea real. Visita nuestro medio informativo publicado desde Hermosillo, Sonora. %\",\"breadcrumb\":{\"@id\":\"https:\/\/www.sonoraenequipo.com.mx\/la-generacion-z-ahora-usa-la-lengua-para-navegar-en-su-iphone\/#breadcrumb\"},\"inLanguage\":\"es\",\"potentialAction\":[{\"@type\":\"ReadAction\",\"target\":[\"https:\/\/www.sonoraenequipo.com.mx\/la-generacion-z-ahora-usa-la-lengua-para-navegar-en-su-iphone\/\"]}]},{\"@type\":\"ImageObject\",\"inLanguage\":\"es\",\"@id\":\"https:\/\/www.sonoraenequipo.com.mx\/la-generacion-z-ahora-usa-la-lengua-para-navegar-en-su-iphone\/#primaryimage\",\"url\":\"https:\/\/www.sonoraenequipo.com.mx\/storage\/2025\/09\/la-lengua-es-el-nuevo-viral-min-1.jpg\",\"contentUrl\":\"https:\/\/www.sonoraenequipo.com.mx\/storage\/2025\/09\/la-lengua-es-el-nuevo-viral-min-1.jpg\",\"width\":1104,\"height\":622},{\"@type\":\"BreadcrumbList\",\"@id\":\"https:\/\/www.sonoraenequipo.com.mx\/la-generacion-z-ahora-usa-la-lengua-para-navegar-en-su-iphone\/#breadcrumb\",\"itemListElement\":[{\"@type\":\"ListItem\",\"position\":1,\"name\":\"Portada\",\"item\":\"https:\/\/www.sonoraenequipo.com.mx\/\"},{\"@type\":\"ListItem\",\"position\":2,\"name\":\"La generaci\u00f3n Z ahora usa la lengua para navegar en su iPhone\"}]},{\"@type\":\"WebSite\",\"@id\":\"https:\/\/www.sonoraenequipo.com.mx\/#website\",\"url\":\"https:\/\/www.sonoraenequipo.com.mx\/\",\"name\":\"Sonora en Equipo.\",\"description\":\"Diario en l\u00ednea con Noticias desde Hermosillo, Sonora\",\"publisher\":{\"@id\":\"https:\/\/www.sonoraenequipo.com.mx\/#organization\"},\"potentialAction\":[{\"@type\":\"SearchAction\",\"target\":{\"@type\":\"EntryPoint\",\"urlTemplate\":\"https:\/\/www.sonoraenequipo.com.mx\/?s={search_term_string}\"},\"query-input\":{\"@type\":\"PropertyValueSpecification\",\"valueRequired\":true,\"valueName\":\"search_term_string\"}}],\"inLanguage\":\"es\"},{\"@type\":\"Organization\",\"@id\":\"https:\/\/www.sonoraenequipo.com.mx\/#organization\",\"name\":\"Sonoraenequipo.com.mx\",\"url\":\"https:\/\/www.sonoraenequipo.com.mx\/\",\"logo\":{\"@type\":\"ImageObject\",\"inLanguage\":\"es\",\"@id\":\"https:\/\/www.sonoraenequipo.com.mx\/#\/schema\/logo\/image\/\",\"url\":\"https:\/\/www.sonoraenequipo.com.mx\/storage\/2019\/01\/sonoraenequipo_opt.png\",\"contentUrl\":\"https:\/\/www.sonoraenequipo.com.mx\/storage\/2019\/01\/sonoraenequipo_opt.png\",\"width\":375,\"height\":125,\"caption\":\"Sonoraenequipo.com.mx\"},\"image\":{\"@id\":\"https:\/\/www.sonoraenequipo.com.mx\/#\/schema\/logo\/image\/\"},\"sameAs\":[\"https:\/\/www.facebook.com\/SonoraEE\/\",\"https:\/\/x.com\/sonoraenequipo\",\"https:\/\/www.youtube.com\/channel\/UC338nW-lPEYmJQs4ZABQ1SQ\"]},{\"@type\":\"Person\",\"@id\":\"https:\/\/www.sonoraenequipo.com.mx\/#\/schema\/person\/50102df0fb23a8fa9e8effad8fa81386\",\"name\":\"enequipo\",\"image\":{\"@type\":\"ImageObject\",\"inLanguage\":\"es\",\"@id\":\"https:\/\/www.sonoraenequipo.com.mx\/#\/schema\/person\/image\/\",\"url\":\"https:\/\/secure.gravatar.com\/avatar\/049821681b589dabc0bc20695993ccebb09f5b5d4d790cd9251b97faac7c652b?s=96&d=blank&r=g\",\"contentUrl\":\"https:\/\/secure.gravatar.com\/avatar\/049821681b589dabc0bc20695993ccebb09f5b5d4d790cd9251b97faac7c652b?s=96&d=blank&r=g\",\"caption\":\"enequipo\"},\"sameAs\":[\"https:\/\/www.facebook.com\/SonoraEE\"]}]}<\/script>\n ","yoast_head_json":{"title":"Sonora en Equipo. La generaci\u00f3n Z ahora usa la lengua para navegar en su iPhone MUNDO","description":"MOSC\u00da, RUSIA. \u2014 A principios de junio, Apple present\u00f3 su nuevo sistema operativo iOS 26, que seg\u00fan el gigante tecnol\u00f3gico estadounidense ofrece un En Sonora en Equipo publicamos toda la informaci\u00f3n de Sonora, M\u00e9xico y el Mundo de manera oportuna y busca que la libertad de expresi\u00f3n sea real. Visita nuestro medio informativo publicado desde Hermosillo, Sonora. %","robots":{"index":"index","follow":"follow","max-snippet":"max-snippet:-1","max-image-preview":"max-image-preview:large","max-video-preview":"max-video-preview:-1"},"canonical":"https:\/\/www.sonoraenequipo.com.mx\/la-generacion-z-ahora-usa-la-lengua-para-navegar-en-su-iphone\/","og_locale":"es_ES","og_type":"article","og_title":"Sonora en Equipo. La generaci\u00f3n Z ahora usa la lengua para navegar en su iPhone MUNDO","og_description":"MOSC\u00da, RUSIA. \u2014 A principios de junio, Apple present\u00f3 su nuevo sistema operativo iOS 26, que seg\u00fan el gigante tecnol\u00f3gico estadounidense ofrece un En Sonora en Equipo publicamos toda la informaci\u00f3n de Sonora, M\u00e9xico y el Mundo de manera oportuna y busca que la libertad de expresi\u00f3n sea real. Visita nuestro medio informativo publicado desde Hermosillo, Sonora. %","og_url":"https:\/\/www.sonoraenequipo.com.mx\/la-generacion-z-ahora-usa-la-lengua-para-navegar-en-su-iphone\/","og_site_name":"Sonora en Equipo.","article_publisher":"https:\/\/www.facebook.com\/SonoraEE\/","article_author":"https:\/\/www.facebook.com\/SonoraEE","article_published_time":"2025-09-24T01:40:05+00:00","article_modified_time":"2025-09-24T01:40:48+00:00","og_image":[{"width":1104,"height":622,"url":"https:\/\/www.sonoraenequipo.com.mx\/storage\/2025\/09\/la-lengua-es-el-nuevo-viral-min-1.jpg","type":"image\/jpeg"}],"author":"enequipo","twitter_card":"summary_large_image","twitter_creator":"@sonoraenequipo","twitter_site":"@sonoraenequipo","twitter_misc":{"Escrito por":"enequipo","Tiempo de lectura":"1 minuto"},"schema":{"@context":"https:\/\/schema.org","@graph":[{"@type":"Article","@id":"https:\/\/www.sonoraenequipo.com.mx\/la-generacion-z-ahora-usa-la-lengua-para-navegar-en-su-iphone\/#article","isPartOf":{"@id":"https:\/\/www.sonoraenequipo.com.mx\/la-generacion-z-ahora-usa-la-lengua-para-navegar-en-su-iphone\/"},"author":{"name":"enequipo","@id":"https:\/\/www.sonoraenequipo.com.mx\/#\/schema\/person\/50102df0fb23a8fa9e8effad8fa81386"},"headline":"La generaci\u00f3n Z ahora usa la lengua para navegar en su iPhone","datePublished":"2025-09-24T01:40:05+00:00","dateModified":"2025-09-24T01:40:48+00:00","mainEntityOfPage":{"@id":"https:\/\/www.sonoraenequipo.com.mx\/la-generacion-z-ahora-usa-la-lengua-para-navegar-en-su-iphone\/"},"wordCount":202,"commentCount":0,"publisher":{"@id":"https:\/\/www.sonoraenequipo.com.mx\/#organization"},"image":{"@id":"https:\/\/www.sonoraenequipo.com.mx\/la-generacion-z-ahora-usa-la-lengua-para-navegar-en-su-iphone\/#primaryimage"},"thumbnailUrl":"https:\/\/www.sonoraenequipo.com.mx\/storage\/2025\/09\/la-lengua-es-el-nuevo-viral-min-1.jpg","articleSection":["MUNDO"],"inLanguage":"es","potentialAction":[{"@type":"CommentAction","name":"Comment","target":["https:\/\/www.sonoraenequipo.com.mx\/la-generacion-z-ahora-usa-la-lengua-para-navegar-en-su-iphone\/#respond"]}]},{"@type":"WebPage","@id":"https:\/\/www.sonoraenequipo.com.mx\/la-generacion-z-ahora-usa-la-lengua-para-navegar-en-su-iphone\/","url":"https:\/\/www.sonoraenequipo.com.mx\/la-generacion-z-ahora-usa-la-lengua-para-navegar-en-su-iphone\/","name":"Sonora en Equipo. La generaci\u00f3n Z ahora usa la lengua para navegar en su iPhone MUNDO","isPartOf":{"@id":"https:\/\/www.sonoraenequipo.com.mx\/#website"},"primaryImageOfPage":{"@id":"https:\/\/www.sonoraenequipo.com.mx\/la-generacion-z-ahora-usa-la-lengua-para-navegar-en-su-iphone\/#primaryimage"},"image":{"@id":"https:\/\/www.sonoraenequipo.com.mx\/la-generacion-z-ahora-usa-la-lengua-para-navegar-en-su-iphone\/#primaryimage"},"thumbnailUrl":"https:\/\/www.sonoraenequipo.com.mx\/storage\/2025\/09\/la-lengua-es-el-nuevo-viral-min-1.jpg","datePublished":"2025-09-24T01:40:05+00:00","dateModified":"2025-09-24T01:40:48+00:00","description":"MOSC\u00da, RUSIA. \u2014 A principios de junio, Apple present\u00f3 su nuevo sistema operativo iOS 26, que seg\u00fan el gigante tecnol\u00f3gico estadounidense ofrece un En Sonora en Equipo publicamos toda la informaci\u00f3n de Sonora, M\u00e9xico y el Mundo de manera oportuna y busca que la libertad de expresi\u00f3n sea real. Visita nuestro medio informativo publicado desde Hermosillo, Sonora. %","breadcrumb":{"@id":"https:\/\/www.sonoraenequipo.com.mx\/la-generacion-z-ahora-usa-la-lengua-para-navegar-en-su-iphone\/#breadcrumb"},"inLanguage":"es","potentialAction":[{"@type":"ReadAction","target":["https:\/\/www.sonoraenequipo.com.mx\/la-generacion-z-ahora-usa-la-lengua-para-navegar-en-su-iphone\/"]}]},{"@type":"ImageObject","inLanguage":"es","@id":"https:\/\/www.sonoraenequipo.com.mx\/la-generacion-z-ahora-usa-la-lengua-para-navegar-en-su-iphone\/#primaryimage","url":"https:\/\/www.sonoraenequipo.com.mx\/storage\/2025\/09\/la-lengua-es-el-nuevo-viral-min-1.jpg","contentUrl":"https:\/\/www.sonoraenequipo.com.mx\/storage\/2025\/09\/la-lengua-es-el-nuevo-viral-min-1.jpg","width":1104,"height":622},{"@type":"BreadcrumbList","@id":"https:\/\/www.sonoraenequipo.com.mx\/la-generacion-z-ahora-usa-la-lengua-para-navegar-en-su-iphone\/#breadcrumb","itemListElement":[{"@type":"ListItem","position":1,"name":"Portada","item":"https:\/\/www.sonoraenequipo.com.mx\/"},{"@type":"ListItem","position":2,"name":"La generaci\u00f3n Z ahora usa la lengua para navegar en su iPhone"}]},{"@type":"WebSite","@id":"https:\/\/www.sonoraenequipo.com.mx\/#website","url":"https:\/\/www.sonoraenequipo.com.mx\/","name":"Sonora en Equipo.","description":"Diario en l\u00ednea con Noticias desde Hermosillo, Sonora","publisher":{"@id":"https:\/\/www.sonoraenequipo.com.mx\/#organization"},"potentialAction":[{"@type":"SearchAction","target":{"@type":"EntryPoint","urlTemplate":"https:\/\/www.sonoraenequipo.com.mx\/?s={search_term_string}"},"query-input":{"@type":"PropertyValueSpecification","valueRequired":true,"valueName":"search_term_string"}}],"inLanguage":"es"},{"@type":"Organization","@id":"https:\/\/www.sonoraenequipo.com.mx\/#organization","name":"Sonoraenequipo.com.mx","url":"https:\/\/www.sonoraenequipo.com.mx\/","logo":{"@type":"ImageObject","inLanguage":"es","@id":"https:\/\/www.sonoraenequipo.com.mx\/#\/schema\/logo\/image\/","url":"https:\/\/www.sonoraenequipo.com.mx\/storage\/2019\/01\/sonoraenequipo_opt.png","contentUrl":"https:\/\/www.sonoraenequipo.com.mx\/storage\/2019\/01\/sonoraenequipo_opt.png","width":375,"height":125,"caption":"Sonoraenequipo.com.mx"},"image":{"@id":"https:\/\/www.sonoraenequipo.com.mx\/#\/schema\/logo\/image\/"},"sameAs":["https:\/\/www.facebook.com\/SonoraEE\/","https:\/\/x.com\/sonoraenequipo","https:\/\/www.youtube.com\/channel\/UC338nW-lPEYmJQs4ZABQ1SQ"]},{"@type":"Person","@id":"https:\/\/www.sonoraenequipo.com.mx\/#\/schema\/person\/50102df0fb23a8fa9e8effad8fa81386","name":"enequipo","image":{"@type":"ImageObject","inLanguage":"es","@id":"https:\/\/www.sonoraenequipo.com.mx\/#\/schema\/person\/image\/","url":"https:\/\/secure.gravatar.com\/avatar\/049821681b589dabc0bc20695993ccebb09f5b5d4d790cd9251b97faac7c652b?s=96&d=blank&r=g","contentUrl":"https:\/\/secure.gravatar.com\/avatar\/049821681b589dabc0bc20695993ccebb09f5b5d4d790cd9251b97faac7c652b?s=96&d=blank&r=g","caption":"enequipo"},"sameAs":["https:\/\/www.facebook.com\/SonoraEE"]}]}},"jetpack_featured_media_url":"https:\/\/www.sonoraenequipo.com.mx\/storage\/2025\/09\/la-lengua-es-el-nuevo-viral-min-1.jpg","_links":{"self":[{"href":"https:\/\/www.sonoraenequipo.com.mx\/api\/wp\/v2\/posts\/224554","targetHints":{"allow":["GET"]}}],"collection":[{"href":"https:\/\/www.sonoraenequipo.com.mx\/api\/wp\/v2\/posts"}],"about":[{"href":"https:\/\/www.sonoraenequipo.com.mx\/api\/wp\/v2\/types\/post"}],"author":[{"embeddable":true,"href":"https:\/\/www.sonoraenequipo.com.mx\/api\/wp\/v2\/users\/1"}],"replies":[{"embeddable":true,"href":"https:\/\/www.sonoraenequipo.com.mx\/api\/wp\/v2\/comments?post=224554"}],"version-history":[{"count":1,"href":"https:\/\/www.sonoraenequipo.com.mx\/api\/wp\/v2\/posts\/224554\/revisions"}],"predecessor-version":[{"id":224555,"href":"https:\/\/www.sonoraenequipo.com.mx\/api\/wp\/v2\/posts\/224554\/revisions\/224555"}],"wp:featuredmedia":[{"embeddable":true,"href":"https:\/\/www.sonoraenequipo.com.mx\/api\/wp\/v2\/media\/224531"}],"wp:attachment":[{"href":"https:\/\/www.sonoraenequipo.com.mx\/api\/wp\/v2\/media?parent=224554"}],"wp:term":[{"taxonomy":"category","embeddable":true,"href":"https:\/\/www.sonoraenequipo.com.mx\/api\/wp\/v2\/categories?post=224554"},{"taxonomy":"post_tag","embeddable":true,"href":"https:\/\/www.sonoraenequipo.com.mx\/api\/wp\/v2\/tags?post=224554"}],"curies":[{"name":"wp","href":"https:\/\/api.w.org\/{rel}","templated":true}]}}