{"id":224597,"date":"2025-09-23T23:42:22","date_gmt":"2025-09-24T06:42:22","guid":{"rendered":"https:\/\/www.sonoraenequipo.com.mx\/?p=224597"},"modified":"2025-09-24T09:44:37","modified_gmt":"2025-09-24T16:44:37","slug":"investigacion-por-desvio-de-recursos-deja-a-cinco-funcionarios-separados-de-sus-cargos","status":"publish","type":"post","link":"https:\/\/www.sonoraenequipo.com.mx\/investigacion-por-desvio-de-recursos-deja-a-cinco-funcionarios-separados-de-sus-cargos\/","title":{"rendered":"Investigaci\u00f3n por desv\u00edo de recursos deja a cinco funcionarios separados de sus cargos"},"content":{"rendered":"<p><strong>HERMOSILLO, SONORA.MX.\u2014<\/strong>\u00a0 La investigaci\u00f3n sobre el desv\u00edo de recursos en el Consejo Estatal de Concertaci\u00f3n para la Obra P\u00fablica (CECOP) avanza positivamente y de forma independiente a la Fiscal\u00eda Anticorrupci\u00f3n, inform\u00f3 Mar\u00eda Dolores del R\u00edo, titular de la Secretar\u00eda de Anticorrupci\u00f3n y Buen Gobierno.<\/p>\n<p>&nbsp;<\/p>\n<p>&nbsp;<\/p>\n<p>&nbsp;<\/p>\n<p> <\/p>\n<p><strong>\u201cLa Fiscal\u00eda Anticorrupci\u00f3n revisa el proceso penal y nosotros estamos en el camino de la falta grave y falta no grave; en el mismo momento que se detect\u00f3 se empez\u00f3 a revisar\u201d<\/strong>, expres\u00f3.<\/p>\n<p>&nbsp;<\/p>\n<p>&nbsp;<\/p>\n<p>&nbsp;<\/p>\n<p>Se\u00f1al\u00f3 que, como medida cautelar, cinco personas fueron separadas de sus cargos mientras se desarrolla la investigaci\u00f3n y permanecer\u00e1n en esa condici\u00f3n hasta que esta concluya.<\/p>\n<p>&nbsp;<\/p>\n<p>&nbsp;<\/p>\n<p>Otra de las medidas cautelares fue el embargo de una propiedad. Al tratarse de un inmueble adquirido con un cr\u00e9dito bancario, se notific\u00f3 de inmediato al banco correspondiente. En caso de comprobarse una falta grave, el caso se turnar\u00e1 al Tribunal de Justicia Administrativa.<\/p>\n<p>&nbsp;<\/p>\n<p>&nbsp;<\/p>\n<p>&nbsp;<\/p>\n<p>PUBLICADO EL 23 DE SEPTIEMBRE DE 2025 Con informaci\u00f3n de GOBSON\/FAC)<\/p>\n","protected":false},"excerpt":{"rendered":"<p>HERMOSILLO, SONORA.MX.\u2014\u00a0 La investigaci\u00f3n sobre el desv\u00edo de recursos en el Consejo Estatal de Concertaci\u00f3n&#8230;<\/p>\n","protected":false},"author":1,"featured_media":224526,"comment_status":"open","ping_status":"open","sticky":false,"template":"","format":"standard","meta":{"_monsterinsights_skip_tracking":false,"_monsterinsights_sitenote_active":false,"_monsterinsights_sitenote_note":"","_monsterinsights_sitenote_category":0,"footnotes":""},"categories":[5],"tags":[],"class_list":["post"],"yoast_head":" \n<title>Sonora en Equipo. Investigaci\u00f3n por desv\u00edo de recursos deja a cinco funcionarios separados de sus cargos Rep\u00fablica<\/title>\n<meta name=\"description\" content=\"HERMOSILLO, SONORA.MX.\u2014\u00a0 La investigaci\u00f3n sobre el desv\u00edo de recursos en el Consejo Estatal de Concertaci\u00f3n para la Obra P\u00fablica (CECOP) avanza En Sonora en Equipo publicamos toda la informaci\u00f3n de Sonora, M\u00e9xico y el Mundo de manera oportuna y busca que la libertad de expresi\u00f3n sea real. Visita nuestro medio informativo publicado desde Hermosillo, Sonora. %\" \/>\n<meta name=\"robots\" content=\"index, follow, max-snippet:-1, max-image-preview:large, max-video-preview:-1\" \/>\n<link rel=\"canonical\" href=\"https:\/\/www.sonoraenequipo.com.mx\/investigacion-por-desvio-de-recursos-deja-a-cinco-funcionarios-separados-de-sus-cargos\/\" \/>\n<meta property=\"og:locale\" content=\"es_ES\" \/>\n<meta property=\"og:type\" content=\"article\" \/>\n<meta property=\"og:title\" content=\"Sonora en Equipo. Investigaci\u00f3n por desv\u00edo de recursos deja a cinco funcionarios separados de sus cargos Rep\u00fablica\" \/>\n<meta property=\"og:description\" content=\"HERMOSILLO, SONORA.MX.\u2014\u00a0 La investigaci\u00f3n sobre el desv\u00edo de recursos en el Consejo Estatal de Concertaci\u00f3n para la Obra P\u00fablica (CECOP) avanza En Sonora en Equipo publicamos toda la informaci\u00f3n de Sonora, M\u00e9xico y el Mundo de manera oportuna y busca que la libertad de expresi\u00f3n sea real. Visita nuestro medio informativo publicado desde Hermosillo, Sonora. %\" \/>\n<meta property=\"og:url\" content=\"https:\/\/www.sonoraenequipo.com.mx\/investigacion-por-desvio-de-recursos-deja-a-cinco-funcionarios-separados-de-sus-cargos\/\" \/>\n<meta property=\"og:site_name\" content=\"Sonora en Equipo.\" \/>\n<meta property=\"article:publisher\" content=\"https:\/\/www.facebook.com\/SonoraEE\/\" \/>\n<meta property=\"article:author\" content=\"https:\/\/www.facebook.com\/SonoraEE\" \/>\n<meta property=\"article:published_time\" content=\"2025-09-24T06:42:22+00:00\" \/>\n<meta property=\"article:modified_time\" content=\"2025-09-24T16:44:37+00:00\" \/>\n<meta property=\"og:image\" content=\"https:\/\/www.sonoraenequipo.com.mx\/storage\/2025\/09\/dolores-del-rio-min.jpg\" \/>\n\t<meta property=\"og:image:width\" content=\"1000\" \/>\n\t<meta property=\"og:image:height\" content=\"680\" \/>\n\t<meta property=\"og:image:type\" content=\"image\/jpeg\" \/>\n<meta name=\"author\" content=\"enequipo\" \/>\n<meta name=\"twitter:card\" content=\"summary_large_image\" \/>\n<meta name=\"twitter:creator\" content=\"@sonoraenequipo\" \/>\n<meta name=\"twitter:site\" content=\"@sonoraenequipo\" \/>\n<meta name=\"twitter:label1\" content=\"Escrito por\" \/>\n\t<meta name=\"twitter:data1\" content=\"enequipo\" \/>\n\t<meta name=\"twitter:label2\" content=\"Tiempo de lectura\" \/>\n\t<meta name=\"twitter:data2\" content=\"1 minuto\" \/>\n<script type=\"application\/ld+json\" class=\"yoast-schema-graph\">{\"@context\":\"https:\/\/schema.org\",\"@graph\":[{\"@type\":\"Article\",\"@id\":\"https:\/\/www.sonoraenequipo.com.mx\/investigacion-por-desvio-de-recursos-deja-a-cinco-funcionarios-separados-de-sus-cargos\/#article\",\"isPartOf\":{\"@id\":\"https:\/\/www.sonoraenequipo.com.mx\/investigacion-por-desvio-de-recursos-deja-a-cinco-funcionarios-separados-de-sus-cargos\/\"},\"author\":{\"name\":\"enequipo\",\"@id\":\"https:\/\/www.sonoraenequipo.com.mx\/#\/schema\/person\/50102df0fb23a8fa9e8effad8fa81386\"},\"headline\":\"Investigaci\u00f3n por desv\u00edo de recursos deja a cinco funcionarios separados de sus cargos\",\"datePublished\":\"2025-09-24T06:42:22+00:00\",\"dateModified\":\"2025-09-24T16:44:37+00:00\",\"mainEntityOfPage\":{\"@id\":\"https:\/\/www.sonoraenequipo.com.mx\/investigacion-por-desvio-de-recursos-deja-a-cinco-funcionarios-separados-de-sus-cargos\/\"},\"wordCount\":202,\"commentCount\":0,\"publisher\":{\"@id\":\"https:\/\/www.sonoraenequipo.com.mx\/#organization\"},\"image\":{\"@id\":\"https:\/\/www.sonoraenequipo.com.mx\/investigacion-por-desvio-de-recursos-deja-a-cinco-funcionarios-separados-de-sus-cargos\/#primaryimage\"},\"thumbnailUrl\":\"https:\/\/www.sonoraenequipo.com.mx\/storage\/2025\/09\/dolores-del-rio-min.jpg\",\"articleSection\":[\"Rep\u00fablica\"],\"inLanguage\":\"es\",\"potentialAction\":[{\"@type\":\"CommentAction\",\"name\":\"Comment\",\"target\":[\"https:\/\/www.sonoraenequipo.com.mx\/investigacion-por-desvio-de-recursos-deja-a-cinco-funcionarios-separados-de-sus-cargos\/#respond\"]}]},{\"@type\":\"WebPage\",\"@id\":\"https:\/\/www.sonoraenequipo.com.mx\/investigacion-por-desvio-de-recursos-deja-a-cinco-funcionarios-separados-de-sus-cargos\/\",\"url\":\"https:\/\/www.sonoraenequipo.com.mx\/investigacion-por-desvio-de-recursos-deja-a-cinco-funcionarios-separados-de-sus-cargos\/\",\"name\":\"Sonora en Equipo. Investigaci\u00f3n por desv\u00edo de recursos deja a cinco funcionarios separados de sus cargos Rep\u00fablica\",\"isPartOf\":{\"@id\":\"https:\/\/www.sonoraenequipo.com.mx\/#website\"},\"primaryImageOfPage\":{\"@id\":\"https:\/\/www.sonoraenequipo.com.mx\/investigacion-por-desvio-de-recursos-deja-a-cinco-funcionarios-separados-de-sus-cargos\/#primaryimage\"},\"image\":{\"@id\":\"https:\/\/www.sonoraenequipo.com.mx\/investigacion-por-desvio-de-recursos-deja-a-cinco-funcionarios-separados-de-sus-cargos\/#primaryimage\"},\"thumbnailUrl\":\"https:\/\/www.sonoraenequipo.com.mx\/storage\/2025\/09\/dolores-del-rio-min.jpg\",\"datePublished\":\"2025-09-24T06:42:22+00:00\",\"dateModified\":\"2025-09-24T16:44:37+00:00\",\"description\":\"HERMOSILLO, SONORA.MX.\u2014\u00a0 La investigaci\u00f3n sobre el desv\u00edo de recursos en el Consejo Estatal de Concertaci\u00f3n para la Obra P\u00fablica (CECOP) avanza En Sonora en Equipo publicamos toda la informaci\u00f3n de Sonora, M\u00e9xico y el Mundo de manera oportuna y busca que la libertad de expresi\u00f3n sea real. Visita nuestro medio informativo publicado desde Hermosillo, Sonora. %\",\"breadcrumb\":{\"@id\":\"https:\/\/www.sonoraenequipo.com.mx\/investigacion-por-desvio-de-recursos-deja-a-cinco-funcionarios-separados-de-sus-cargos\/#breadcrumb\"},\"inLanguage\":\"es\",\"potentialAction\":[{\"@type\":\"ReadAction\",\"target\":[\"https:\/\/www.sonoraenequipo.com.mx\/investigacion-por-desvio-de-recursos-deja-a-cinco-funcionarios-separados-de-sus-cargos\/\"]}]},{\"@type\":\"ImageObject\",\"inLanguage\":\"es\",\"@id\":\"https:\/\/www.sonoraenequipo.com.mx\/investigacion-por-desvio-de-recursos-deja-a-cinco-funcionarios-separados-de-sus-cargos\/#primaryimage\",\"url\":\"https:\/\/www.sonoraenequipo.com.mx\/storage\/2025\/09\/dolores-del-rio-min.jpg\",\"contentUrl\":\"https:\/\/www.sonoraenequipo.com.mx\/storage\/2025\/09\/dolores-del-rio-min.jpg\",\"width\":1000,\"height\":680},{\"@type\":\"BreadcrumbList\",\"@id\":\"https:\/\/www.sonoraenequipo.com.mx\/investigacion-por-desvio-de-recursos-deja-a-cinco-funcionarios-separados-de-sus-cargos\/#breadcrumb\",\"itemListElement\":[{\"@type\":\"ListItem\",\"position\":1,\"name\":\"Portada\",\"item\":\"https:\/\/www.sonoraenequipo.com.mx\/\"},{\"@type\":\"ListItem\",\"position\":2,\"name\":\"Investigaci\u00f3n por desv\u00edo de recursos deja a cinco funcionarios separados de sus cargos\"}]},{\"@type\":\"WebSite\",\"@id\":\"https:\/\/www.sonoraenequipo.com.mx\/#website\",\"url\":\"https:\/\/www.sonoraenequipo.com.mx\/\",\"name\":\"Sonora en Equipo.\",\"description\":\"Diario en l\u00ednea con Noticias desde Hermosillo, Sonora\",\"publisher\":{\"@id\":\"https:\/\/www.sonoraenequipo.com.mx\/#organization\"},\"potentialAction\":[{\"@type\":\"SearchAction\",\"target\":{\"@type\":\"EntryPoint\",\"urlTemplate\":\"https:\/\/www.sonoraenequipo.com.mx\/?s={search_term_string}\"},\"query-input\":{\"@type\":\"PropertyValueSpecification\",\"valueRequired\":true,\"valueName\":\"search_term_string\"}}],\"inLanguage\":\"es\"},{\"@type\":\"Organization\",\"@id\":\"https:\/\/www.sonoraenequipo.com.mx\/#organization\",\"name\":\"Sonoraenequipo.com.mx\",\"url\":\"https:\/\/www.sonoraenequipo.com.mx\/\",\"logo\":{\"@type\":\"ImageObject\",\"inLanguage\":\"es\",\"@id\":\"https:\/\/www.sonoraenequipo.com.mx\/#\/schema\/logo\/image\/\",\"url\":\"https:\/\/www.sonoraenequipo.com.mx\/storage\/2019\/01\/sonoraenequipo_opt.png\",\"contentUrl\":\"https:\/\/www.sonoraenequipo.com.mx\/storage\/2019\/01\/sonoraenequipo_opt.png\",\"width\":375,\"height\":125,\"caption\":\"Sonoraenequipo.com.mx\"},\"image\":{\"@id\":\"https:\/\/www.sonoraenequipo.com.mx\/#\/schema\/logo\/image\/\"},\"sameAs\":[\"https:\/\/www.facebook.com\/SonoraEE\/\",\"https:\/\/x.com\/sonoraenequipo\",\"https:\/\/www.youtube.com\/channel\/UC338nW-lPEYmJQs4ZABQ1SQ\"]},{\"@type\":\"Person\",\"@id\":\"https:\/\/www.sonoraenequipo.com.mx\/#\/schema\/person\/50102df0fb23a8fa9e8effad8fa81386\",\"name\":\"enequipo\",\"image\":{\"@type\":\"ImageObject\",\"inLanguage\":\"es\",\"@id\":\"https:\/\/www.sonoraenequipo.com.mx\/#\/schema\/person\/image\/\",\"url\":\"https:\/\/secure.gravatar.com\/avatar\/049821681b589dabc0bc20695993ccebb09f5b5d4d790cd9251b97faac7c652b?s=96&d=blank&r=g\",\"contentUrl\":\"https:\/\/secure.gravatar.com\/avatar\/049821681b589dabc0bc20695993ccebb09f5b5d4d790cd9251b97faac7c652b?s=96&d=blank&r=g\",\"caption\":\"enequipo\"},\"sameAs\":[\"https:\/\/www.facebook.com\/SonoraEE\"]}]}<\/script>\n ","yoast_head_json":{"title":"Sonora en Equipo. Investigaci\u00f3n por desv\u00edo de recursos deja a cinco funcionarios separados de sus cargos Rep\u00fablica","description":"HERMOSILLO, SONORA.MX.\u2014\u00a0 La investigaci\u00f3n sobre el desv\u00edo de recursos en el Consejo Estatal de Concertaci\u00f3n para la Obra P\u00fablica (CECOP) avanza En Sonora en Equipo publicamos toda la informaci\u00f3n de Sonora, M\u00e9xico y el Mundo de manera oportuna y busca que la libertad de expresi\u00f3n sea real. Visita nuestro medio informativo publicado desde Hermosillo, Sonora. %","robots":{"index":"index","follow":"follow","max-snippet":"max-snippet:-1","max-image-preview":"max-image-preview:large","max-video-preview":"max-video-preview:-1"},"canonical":"https:\/\/www.sonoraenequipo.com.mx\/investigacion-por-desvio-de-recursos-deja-a-cinco-funcionarios-separados-de-sus-cargos\/","og_locale":"es_ES","og_type":"article","og_title":"Sonora en Equipo. Investigaci\u00f3n por desv\u00edo de recursos deja a cinco funcionarios separados de sus cargos Rep\u00fablica","og_description":"HERMOSILLO, SONORA.MX.\u2014\u00a0 La investigaci\u00f3n sobre el desv\u00edo de recursos en el Consejo Estatal de Concertaci\u00f3n para la Obra P\u00fablica (CECOP) avanza En Sonora en Equipo publicamos toda la informaci\u00f3n de Sonora, M\u00e9xico y el Mundo de manera oportuna y busca que la libertad de expresi\u00f3n sea real. Visita nuestro medio informativo publicado desde Hermosillo, Sonora. %","og_url":"https:\/\/www.sonoraenequipo.com.mx\/investigacion-por-desvio-de-recursos-deja-a-cinco-funcionarios-separados-de-sus-cargos\/","og_site_name":"Sonora en Equipo.","article_publisher":"https:\/\/www.facebook.com\/SonoraEE\/","article_author":"https:\/\/www.facebook.com\/SonoraEE","article_published_time":"2025-09-24T06:42:22+00:00","article_modified_time":"2025-09-24T16:44:37+00:00","og_image":[{"width":1000,"height":680,"url":"https:\/\/www.sonoraenequipo.com.mx\/storage\/2025\/09\/dolores-del-rio-min.jpg","type":"image\/jpeg"}],"author":"enequipo","twitter_card":"summary_large_image","twitter_creator":"@sonoraenequipo","twitter_site":"@sonoraenequipo","twitter_misc":{"Escrito por":"enequipo","Tiempo de lectura":"1 minuto"},"schema":{"@context":"https:\/\/schema.org","@graph":[{"@type":"Article","@id":"https:\/\/www.sonoraenequipo.com.mx\/investigacion-por-desvio-de-recursos-deja-a-cinco-funcionarios-separados-de-sus-cargos\/#article","isPartOf":{"@id":"https:\/\/www.sonoraenequipo.com.mx\/investigacion-por-desvio-de-recursos-deja-a-cinco-funcionarios-separados-de-sus-cargos\/"},"author":{"name":"enequipo","@id":"https:\/\/www.sonoraenequipo.com.mx\/#\/schema\/person\/50102df0fb23a8fa9e8effad8fa81386"},"headline":"Investigaci\u00f3n por desv\u00edo de recursos deja a cinco funcionarios separados de sus cargos","datePublished":"2025-09-24T06:42:22+00:00","dateModified":"2025-09-24T16:44:37+00:00","mainEntityOfPage":{"@id":"https:\/\/www.sonoraenequipo.com.mx\/investigacion-por-desvio-de-recursos-deja-a-cinco-funcionarios-separados-de-sus-cargos\/"},"wordCount":202,"commentCount":0,"publisher":{"@id":"https:\/\/www.sonoraenequipo.com.mx\/#organization"},"image":{"@id":"https:\/\/www.sonoraenequipo.com.mx\/investigacion-por-desvio-de-recursos-deja-a-cinco-funcionarios-separados-de-sus-cargos\/#primaryimage"},"thumbnailUrl":"https:\/\/www.sonoraenequipo.com.mx\/storage\/2025\/09\/dolores-del-rio-min.jpg","articleSection":["Rep\u00fablica"],"inLanguage":"es","potentialAction":[{"@type":"CommentAction","name":"Comment","target":["https:\/\/www.sonoraenequipo.com.mx\/investigacion-por-desvio-de-recursos-deja-a-cinco-funcionarios-separados-de-sus-cargos\/#respond"]}]},{"@type":"WebPage","@id":"https:\/\/www.sonoraenequipo.com.mx\/investigacion-por-desvio-de-recursos-deja-a-cinco-funcionarios-separados-de-sus-cargos\/","url":"https:\/\/www.sonoraenequipo.com.mx\/investigacion-por-desvio-de-recursos-deja-a-cinco-funcionarios-separados-de-sus-cargos\/","name":"Sonora en Equipo. Investigaci\u00f3n por desv\u00edo de recursos deja a cinco funcionarios separados de sus cargos Rep\u00fablica","isPartOf":{"@id":"https:\/\/www.sonoraenequipo.com.mx\/#website"},"primaryImageOfPage":{"@id":"https:\/\/www.sonoraenequipo.com.mx\/investigacion-por-desvio-de-recursos-deja-a-cinco-funcionarios-separados-de-sus-cargos\/#primaryimage"},"image":{"@id":"https:\/\/www.sonoraenequipo.com.mx\/investigacion-por-desvio-de-recursos-deja-a-cinco-funcionarios-separados-de-sus-cargos\/#primaryimage"},"thumbnailUrl":"https:\/\/www.sonoraenequipo.com.mx\/storage\/2025\/09\/dolores-del-rio-min.jpg","datePublished":"2025-09-24T06:42:22+00:00","dateModified":"2025-09-24T16:44:37+00:00","description":"HERMOSILLO, SONORA.MX.\u2014\u00a0 La investigaci\u00f3n sobre el desv\u00edo de recursos en el Consejo Estatal de Concertaci\u00f3n para la Obra P\u00fablica (CECOP) avanza En Sonora en Equipo publicamos toda la informaci\u00f3n de Sonora, M\u00e9xico y el Mundo de manera oportuna y busca que la libertad de expresi\u00f3n sea real. Visita nuestro medio informativo publicado desde Hermosillo, Sonora. %","breadcrumb":{"@id":"https:\/\/www.sonoraenequipo.com.mx\/investigacion-por-desvio-de-recursos-deja-a-cinco-funcionarios-separados-de-sus-cargos\/#breadcrumb"},"inLanguage":"es","potentialAction":[{"@type":"ReadAction","target":["https:\/\/www.sonoraenequipo.com.mx\/investigacion-por-desvio-de-recursos-deja-a-cinco-funcionarios-separados-de-sus-cargos\/"]}]},{"@type":"ImageObject","inLanguage":"es","@id":"https:\/\/www.sonoraenequipo.com.mx\/investigacion-por-desvio-de-recursos-deja-a-cinco-funcionarios-separados-de-sus-cargos\/#primaryimage","url":"https:\/\/www.sonoraenequipo.com.mx\/storage\/2025\/09\/dolores-del-rio-min.jpg","contentUrl":"https:\/\/www.sonoraenequipo.com.mx\/storage\/2025\/09\/dolores-del-rio-min.jpg","width":1000,"height":680},{"@type":"BreadcrumbList","@id":"https:\/\/www.sonoraenequipo.com.mx\/investigacion-por-desvio-de-recursos-deja-a-cinco-funcionarios-separados-de-sus-cargos\/#breadcrumb","itemListElement":[{"@type":"ListItem","position":1,"name":"Portada","item":"https:\/\/www.sonoraenequipo.com.mx\/"},{"@type":"ListItem","position":2,"name":"Investigaci\u00f3n por desv\u00edo de recursos deja a cinco funcionarios separados de sus cargos"}]},{"@type":"WebSite","@id":"https:\/\/www.sonoraenequipo.com.mx\/#website","url":"https:\/\/www.sonoraenequipo.com.mx\/","name":"Sonora en Equipo.","description":"Diario en l\u00ednea con Noticias desde Hermosillo, Sonora","publisher":{"@id":"https:\/\/www.sonoraenequipo.com.mx\/#organization"},"potentialAction":[{"@type":"SearchAction","target":{"@type":"EntryPoint","urlTemplate":"https:\/\/www.sonoraenequipo.com.mx\/?s={search_term_string}"},"query-input":{"@type":"PropertyValueSpecification","valueRequired":true,"valueName":"search_term_string"}}],"inLanguage":"es"},{"@type":"Organization","@id":"https:\/\/www.sonoraenequipo.com.mx\/#organization","name":"Sonoraenequipo.com.mx","url":"https:\/\/www.sonoraenequipo.com.mx\/","logo":{"@type":"ImageObject","inLanguage":"es","@id":"https:\/\/www.sonoraenequipo.com.mx\/#\/schema\/logo\/image\/","url":"https:\/\/www.sonoraenequipo.com.mx\/storage\/2019\/01\/sonoraenequipo_opt.png","contentUrl":"https:\/\/www.sonoraenequipo.com.mx\/storage\/2019\/01\/sonoraenequipo_opt.png","width":375,"height":125,"caption":"Sonoraenequipo.com.mx"},"image":{"@id":"https:\/\/www.sonoraenequipo.com.mx\/#\/schema\/logo\/image\/"},"sameAs":["https:\/\/www.facebook.com\/SonoraEE\/","https:\/\/x.com\/sonoraenequipo","https:\/\/www.youtube.com\/channel\/UC338nW-lPEYmJQs4ZABQ1SQ"]},{"@type":"Person","@id":"https:\/\/www.sonoraenequipo.com.mx\/#\/schema\/person\/50102df0fb23a8fa9e8effad8fa81386","name":"enequipo","image":{"@type":"ImageObject","inLanguage":"es","@id":"https:\/\/www.sonoraenequipo.com.mx\/#\/schema\/person\/image\/","url":"https:\/\/secure.gravatar.com\/avatar\/049821681b589dabc0bc20695993ccebb09f5b5d4d790cd9251b97faac7c652b?s=96&d=blank&r=g","contentUrl":"https:\/\/secure.gravatar.com\/avatar\/049821681b589dabc0bc20695993ccebb09f5b5d4d790cd9251b97faac7c652b?s=96&d=blank&r=g","caption":"enequipo"},"sameAs":["https:\/\/www.facebook.com\/SonoraEE"]}]}},"jetpack_featured_media_url":"https:\/\/www.sonoraenequipo.com.mx\/storage\/2025\/09\/dolores-del-rio-min.jpg","_links":{"self":[{"href":"https:\/\/www.sonoraenequipo.com.mx\/api\/wp\/v2\/posts\/224597","targetHints":{"allow":["GET"]}}],"collection":[{"href":"https:\/\/www.sonoraenequipo.com.mx\/api\/wp\/v2\/posts"}],"about":[{"href":"https:\/\/www.sonoraenequipo.com.mx\/api\/wp\/v2\/types\/post"}],"author":[{"embeddable":true,"href":"https:\/\/www.sonoraenequipo.com.mx\/api\/wp\/v2\/users\/1"}],"replies":[{"embeddable":true,"href":"https:\/\/www.sonoraenequipo.com.mx\/api\/wp\/v2\/comments?post=224597"}],"version-history":[{"count":1,"href":"https:\/\/www.sonoraenequipo.com.mx\/api\/wp\/v2\/posts\/224597\/revisions"}],"predecessor-version":[{"id":224600,"href":"https:\/\/www.sonoraenequipo.com.mx\/api\/wp\/v2\/posts\/224597\/revisions\/224600"}],"wp:featuredmedia":[{"embeddable":true,"href":"https:\/\/www.sonoraenequipo.com.mx\/api\/wp\/v2\/media\/224526"}],"wp:attachment":[{"href":"https:\/\/www.sonoraenequipo.com.mx\/api\/wp\/v2\/media?parent=224597"}],"wp:term":[{"taxonomy":"category","embeddable":true,"href":"https:\/\/www.sonoraenequipo.com.mx\/api\/wp\/v2\/categories?post=224597"},{"taxonomy":"post_tag","embeddable":true,"href":"https:\/\/www.sonoraenequipo.com.mx\/api\/wp\/v2\/tags?post=224597"}],"curies":[{"name":"wp","href":"https:\/\/api.w.org\/{rel}","templated":true}]}}