{"id":224602,"date":"2025-09-24T13:20:42","date_gmt":"2025-09-24T20:20:42","guid":{"rendered":"https:\/\/www.sonoraenequipo.com.mx\/?p=224602"},"modified":"2025-09-24T14:32:39","modified_gmt":"2025-09-24T21:32:39","slug":"petro-pide-en-la-onu-abrir-procesos-penales-contra-trump-por-los-bombardeos-a-lanchas-en-el-caribe","status":"publish","type":"post","link":"https:\/\/www.sonoraenequipo.com.mx\/petro-pide-en-la-onu-abrir-procesos-penales-contra-trump-por-los-bombardeos-a-lanchas-en-el-caribe\/","title":{"rendered":"Petro pide en la ONU abrir procesos penales contra Trump por los bombardeos a lanchas en el Caribe"},"content":{"rendered":"<p><strong>NUEVA YORK, ESTADOS UNIDOS DEL NORTE DE AM\u00c9RICA. \u2014<\/strong> El presidente colombiano ha cuestionado las operaciones militares estadounidenses en el Caribe y el asesinato \u00abcon misiles\u00bb de personas a bordo de embarcaciones bajo el argumento de que mov\u00edan narc\u00f3ticos, una versi\u00f3n que el mandatario ha tildado de \u00abmentiras\u00bb.<\/p>\n<p>&nbsp;<\/p>\n<p>&nbsp;<\/p>\n<p>&nbsp;<\/p>\n<p> <br \/>\n<em><strong>\u201cEs mentira que misiles de Estados Unidos en el Caribe son para detener droga\u201d.<\/strong><\/em><\/p>\n<p>&nbsp;<\/p>\n<p>&nbsp;<\/p>\n<p><em><strong>\u00abNo s\u00e9 si Trump sepa que su pol\u00edtica exterior hacia Colombia, Venezuela y el Caribe, es asesorada por colombianos que son aliados pol\u00edticos de la mafia de la coca\u00edna\u00bb.<\/strong><\/em><\/p>\n<p>&nbsp;<\/p>\n<p>&nbsp;<\/p>\n<p><em><strong>\u201cLos narcotraficantes viven en Miami, Nueva York, Par\u00eds, Madrid y Dub\u00e1i. Muchos tienen ojos azules y pelo rubio, y no viven en las lanchas donde caen los misiles. Los narcos viven al lado de la casa de Trump en Miami\u201d.<\/strong><\/em><\/p>\n<p>&nbsp;<\/p>\n<p>&nbsp;<\/p>\n<h3>Gustavo Petro, presidente de Colombia, toma el estrado en la Asamblea General de la ONU.<\/h3>\n<p>&nbsp;<\/p>\n<p>El presidente de Colombia, Gustavo Petro, inicia su intervenci\u00f3n en la Asamblea General de las Naciones Unidos en Nueva York. El mandatario, el primero de izquierda en el pa\u00eds, ha fustigado el bombardeo de embarcaciones en el Caribe por parte de Estados Unidos. \u00abMentira\u00bb, ha dicho sobre la versi\u00f3n de Washington, que asegura que eran narcotraficantes.<\/p>\n<p>&nbsp;<\/p>\n<p>Petro tambi\u00e9n afirm\u00f3 que durante su gobierno se ha incautado la mayor cantidad de coca\u00edna. El gobierno de Estados Unidos agreg\u00f3 al pa\u00eds a una lista de pa\u00edses que han incumplido sus tareas en la lucha contra el narcotr\u00e1fico. <strong><em>\u00abPor eso me descertifican, es una calumnia. En Colombia se ha incautado la mayor cantidad de coca\u00edna en la historia, y lo hizo mi gobierno\u00bb<\/em><\/strong>, dijo.<\/p>\n<p>&nbsp;<\/p>\n<p>&nbsp;<\/p>\n<p>El presidente colombiano, que se autodefine como progresista, asegur\u00f3 que la pol\u00edtica exterior de Washington hacia Colombia, Venezuela y el Caribe <em><strong>\u00abes asesorada por colombianos que tienen nexos con el narcotr\u00e1fico\u00bb.<\/strong><\/em><\/p>\n<p>&nbsp;<\/p>\n<p>&nbsp;<\/p>\n<p>PUBLICADO EL 24 DE SEPTIEMBRE DE 2025 Con informaci\u00f3n de FRANCE 24)<\/p>\n","protected":false},"excerpt":{"rendered":"<p>NUEVA YORK, ESTADOS UNIDOS DEL NORTE DE AM\u00c9RICA. \u2014 El presidente colombiano ha cuestionado las&#8230;<\/p>\n","protected":false},"author":1,"featured_media":224632,"comment_status":"open","ping_status":"open","sticky":false,"template":"","format":"standard","meta":{"_monsterinsights_skip_tracking":false,"_monsterinsights_sitenote_active":false,"_monsterinsights_sitenote_note":"","_monsterinsights_sitenote_category":0,"footnotes":""},"categories":[3],"tags":[],"class_list":["post"],"yoast_head":" \n<title>Sonora en Equipo. Petro pide en la ONU abrir procesos penales contra Trump por los bombardeos a lanchas en el Caribe MUNDO<\/title>\n<meta name=\"description\" content=\"NUEVA YORK, ESTADOS UNIDOS DEL NORTE DE AM\u00c9RICA. \u2014 El presidente colombiano ha cuestionado las operaciones militares estadounidenses en el Caribe y el En Sonora en Equipo publicamos toda la informaci\u00f3n de Sonora, M\u00e9xico y el Mundo de manera oportuna y busca que la libertad de expresi\u00f3n sea real. Visita nuestro medio informativo publicado desde Hermosillo, Sonora. %\" \/>\n<meta name=\"robots\" content=\"index, follow, max-snippet:-1, max-image-preview:large, max-video-preview:-1\" \/>\n<link rel=\"canonical\" href=\"https:\/\/www.sonoraenequipo.com.mx\/petro-pide-en-la-onu-abrir-procesos-penales-contra-trump-por-los-bombardeos-a-lanchas-en-el-caribe\/\" \/>\n<meta property=\"og:locale\" content=\"es_ES\" \/>\n<meta property=\"og:type\" content=\"article\" \/>\n<meta property=\"og:title\" content=\"Sonora en Equipo. Petro pide en la ONU abrir procesos penales contra Trump por los bombardeos a lanchas en el Caribe MUNDO\" \/>\n<meta property=\"og:description\" content=\"NUEVA YORK, ESTADOS UNIDOS DEL NORTE DE AM\u00c9RICA. \u2014 El presidente colombiano ha cuestionado las operaciones militares estadounidenses en el Caribe y el En Sonora en Equipo publicamos toda la informaci\u00f3n de Sonora, M\u00e9xico y el Mundo de manera oportuna y busca que la libertad de expresi\u00f3n sea real. Visita nuestro medio informativo publicado desde Hermosillo, Sonora. %\" \/>\n<meta property=\"og:url\" content=\"https:\/\/www.sonoraenequipo.com.mx\/petro-pide-en-la-onu-abrir-procesos-penales-contra-trump-por-los-bombardeos-a-lanchas-en-el-caribe\/\" \/>\n<meta property=\"og:site_name\" content=\"Sonora en Equipo.\" \/>\n<meta property=\"article:publisher\" content=\"https:\/\/www.facebook.com\/SonoraEE\/\" \/>\n<meta property=\"article:author\" content=\"https:\/\/www.facebook.com\/SonoraEE\" \/>\n<meta property=\"article:published_time\" content=\"2025-09-24T20:20:42+00:00\" \/>\n<meta property=\"article:modified_time\" content=\"2025-09-24T21:32:39+00:00\" \/>\n<meta property=\"og:image\" content=\"https:\/\/www.sonoraenequipo.com.mx\/storage\/2025\/09\/PETRO-en-la-ONU.-duro-discurso-min.jpg\" \/>\n\t<meta property=\"og:image:width\" content=\"1000\" \/>\n\t<meta property=\"og:image:height\" content=\"533\" \/>\n\t<meta property=\"og:image:type\" content=\"image\/jpeg\" \/>\n<meta name=\"author\" content=\"enequipo\" \/>\n<meta name=\"twitter:card\" content=\"summary_large_image\" \/>\n<meta name=\"twitter:creator\" content=\"@sonoraenequipo\" \/>\n<meta name=\"twitter:site\" content=\"@sonoraenequipo\" \/>\n<meta name=\"twitter:label1\" content=\"Escrito por\" \/>\n\t<meta name=\"twitter:data1\" content=\"enequipo\" \/>\n\t<meta name=\"twitter:label2\" content=\"Tiempo de lectura\" \/>\n\t<meta name=\"twitter:data2\" content=\"2 minutos\" \/>\n<script type=\"application\/ld+json\" class=\"yoast-schema-graph\">{\"@context\":\"https:\/\/schema.org\",\"@graph\":[{\"@type\":\"Article\",\"@id\":\"https:\/\/www.sonoraenequipo.com.mx\/petro-pide-en-la-onu-abrir-procesos-penales-contra-trump-por-los-bombardeos-a-lanchas-en-el-caribe\/#article\",\"isPartOf\":{\"@id\":\"https:\/\/www.sonoraenequipo.com.mx\/petro-pide-en-la-onu-abrir-procesos-penales-contra-trump-por-los-bombardeos-a-lanchas-en-el-caribe\/\"},\"author\":{\"name\":\"enequipo\",\"@id\":\"https:\/\/www.sonoraenequipo.com.mx\/#\/schema\/person\/50102df0fb23a8fa9e8effad8fa81386\"},\"headline\":\"Petro pide en la ONU abrir procesos penales contra Trump por los bombardeos a lanchas en el Caribe\",\"datePublished\":\"2025-09-24T20:20:42+00:00\",\"dateModified\":\"2025-09-24T21:32:39+00:00\",\"mainEntityOfPage\":{\"@id\":\"https:\/\/www.sonoraenequipo.com.mx\/petro-pide-en-la-onu-abrir-procesos-penales-contra-trump-por-los-bombardeos-a-lanchas-en-el-caribe\/\"},\"wordCount\":360,\"commentCount\":0,\"publisher\":{\"@id\":\"https:\/\/www.sonoraenequipo.com.mx\/#organization\"},\"image\":{\"@id\":\"https:\/\/www.sonoraenequipo.com.mx\/petro-pide-en-la-onu-abrir-procesos-penales-contra-trump-por-los-bombardeos-a-lanchas-en-el-caribe\/#primaryimage\"},\"thumbnailUrl\":\"https:\/\/www.sonoraenequipo.com.mx\/storage\/2025\/09\/PETRO-en-la-ONU.-duro-discurso-min.jpg\",\"articleSection\":[\"MUNDO\"],\"inLanguage\":\"es\",\"potentialAction\":[{\"@type\":\"CommentAction\",\"name\":\"Comment\",\"target\":[\"https:\/\/www.sonoraenequipo.com.mx\/petro-pide-en-la-onu-abrir-procesos-penales-contra-trump-por-los-bombardeos-a-lanchas-en-el-caribe\/#respond\"]}]},{\"@type\":\"WebPage\",\"@id\":\"https:\/\/www.sonoraenequipo.com.mx\/petro-pide-en-la-onu-abrir-procesos-penales-contra-trump-por-los-bombardeos-a-lanchas-en-el-caribe\/\",\"url\":\"https:\/\/www.sonoraenequipo.com.mx\/petro-pide-en-la-onu-abrir-procesos-penales-contra-trump-por-los-bombardeos-a-lanchas-en-el-caribe\/\",\"name\":\"Sonora en Equipo. Petro pide en la ONU abrir procesos penales contra Trump por los bombardeos a lanchas en el Caribe MUNDO\",\"isPartOf\":{\"@id\":\"https:\/\/www.sonoraenequipo.com.mx\/#website\"},\"primaryImageOfPage\":{\"@id\":\"https:\/\/www.sonoraenequipo.com.mx\/petro-pide-en-la-onu-abrir-procesos-penales-contra-trump-por-los-bombardeos-a-lanchas-en-el-caribe\/#primaryimage\"},\"image\":{\"@id\":\"https:\/\/www.sonoraenequipo.com.mx\/petro-pide-en-la-onu-abrir-procesos-penales-contra-trump-por-los-bombardeos-a-lanchas-en-el-caribe\/#primaryimage\"},\"thumbnailUrl\":\"https:\/\/www.sonoraenequipo.com.mx\/storage\/2025\/09\/PETRO-en-la-ONU.-duro-discurso-min.jpg\",\"datePublished\":\"2025-09-24T20:20:42+00:00\",\"dateModified\":\"2025-09-24T21:32:39+00:00\",\"description\":\"NUEVA YORK, ESTADOS UNIDOS DEL NORTE DE AM\u00c9RICA. \u2014 El presidente colombiano ha cuestionado las operaciones militares estadounidenses en el Caribe y el En Sonora en Equipo publicamos toda la informaci\u00f3n de Sonora, M\u00e9xico y el Mundo de manera oportuna y busca que la libertad de expresi\u00f3n sea real. Visita nuestro medio informativo publicado desde Hermosillo, Sonora. %\",\"breadcrumb\":{\"@id\":\"https:\/\/www.sonoraenequipo.com.mx\/petro-pide-en-la-onu-abrir-procesos-penales-contra-trump-por-los-bombardeos-a-lanchas-en-el-caribe\/#breadcrumb\"},\"inLanguage\":\"es\",\"potentialAction\":[{\"@type\":\"ReadAction\",\"target\":[\"https:\/\/www.sonoraenequipo.com.mx\/petro-pide-en-la-onu-abrir-procesos-penales-contra-trump-por-los-bombardeos-a-lanchas-en-el-caribe\/\"]}]},{\"@type\":\"ImageObject\",\"inLanguage\":\"es\",\"@id\":\"https:\/\/www.sonoraenequipo.com.mx\/petro-pide-en-la-onu-abrir-procesos-penales-contra-trump-por-los-bombardeos-a-lanchas-en-el-caribe\/#primaryimage\",\"url\":\"https:\/\/www.sonoraenequipo.com.mx\/storage\/2025\/09\/PETRO-en-la-ONU.-duro-discurso-min.jpg\",\"contentUrl\":\"https:\/\/www.sonoraenequipo.com.mx\/storage\/2025\/09\/PETRO-en-la-ONU.-duro-discurso-min.jpg\",\"width\":1000,\"height\":533},{\"@type\":\"BreadcrumbList\",\"@id\":\"https:\/\/www.sonoraenequipo.com.mx\/petro-pide-en-la-onu-abrir-procesos-penales-contra-trump-por-los-bombardeos-a-lanchas-en-el-caribe\/#breadcrumb\",\"itemListElement\":[{\"@type\":\"ListItem\",\"position\":1,\"name\":\"Portada\",\"item\":\"https:\/\/www.sonoraenequipo.com.mx\/\"},{\"@type\":\"ListItem\",\"position\":2,\"name\":\"Petro pide en la ONU abrir procesos penales contra Trump por los bombardeos a lanchas en el Caribe\"}]},{\"@type\":\"WebSite\",\"@id\":\"https:\/\/www.sonoraenequipo.com.mx\/#website\",\"url\":\"https:\/\/www.sonoraenequipo.com.mx\/\",\"name\":\"Sonora en Equipo.\",\"description\":\"Diario en l\u00ednea con Noticias desde Hermosillo, Sonora\",\"publisher\":{\"@id\":\"https:\/\/www.sonoraenequipo.com.mx\/#organization\"},\"potentialAction\":[{\"@type\":\"SearchAction\",\"target\":{\"@type\":\"EntryPoint\",\"urlTemplate\":\"https:\/\/www.sonoraenequipo.com.mx\/?s={search_term_string}\"},\"query-input\":{\"@type\":\"PropertyValueSpecification\",\"valueRequired\":true,\"valueName\":\"search_term_string\"}}],\"inLanguage\":\"es\"},{\"@type\":\"Organization\",\"@id\":\"https:\/\/www.sonoraenequipo.com.mx\/#organization\",\"name\":\"Sonoraenequipo.com.mx\",\"url\":\"https:\/\/www.sonoraenequipo.com.mx\/\",\"logo\":{\"@type\":\"ImageObject\",\"inLanguage\":\"es\",\"@id\":\"https:\/\/www.sonoraenequipo.com.mx\/#\/schema\/logo\/image\/\",\"url\":\"https:\/\/www.sonoraenequipo.com.mx\/storage\/2019\/01\/sonoraenequipo_opt.png\",\"contentUrl\":\"https:\/\/www.sonoraenequipo.com.mx\/storage\/2019\/01\/sonoraenequipo_opt.png\",\"width\":375,\"height\":125,\"caption\":\"Sonoraenequipo.com.mx\"},\"image\":{\"@id\":\"https:\/\/www.sonoraenequipo.com.mx\/#\/schema\/logo\/image\/\"},\"sameAs\":[\"https:\/\/www.facebook.com\/SonoraEE\/\",\"https:\/\/x.com\/sonoraenequipo\",\"https:\/\/www.youtube.com\/channel\/UC338nW-lPEYmJQs4ZABQ1SQ\"]},{\"@type\":\"Person\",\"@id\":\"https:\/\/www.sonoraenequipo.com.mx\/#\/schema\/person\/50102df0fb23a8fa9e8effad8fa81386\",\"name\":\"enequipo\",\"image\":{\"@type\":\"ImageObject\",\"inLanguage\":\"es\",\"@id\":\"https:\/\/www.sonoraenequipo.com.mx\/#\/schema\/person\/image\/\",\"url\":\"https:\/\/secure.gravatar.com\/avatar\/049821681b589dabc0bc20695993ccebb09f5b5d4d790cd9251b97faac7c652b?s=96&d=blank&r=g\",\"contentUrl\":\"https:\/\/secure.gravatar.com\/avatar\/049821681b589dabc0bc20695993ccebb09f5b5d4d790cd9251b97faac7c652b?s=96&d=blank&r=g\",\"caption\":\"enequipo\"},\"sameAs\":[\"https:\/\/www.facebook.com\/SonoraEE\"]}]}<\/script>\n ","yoast_head_json":{"title":"Sonora en Equipo. Petro pide en la ONU abrir procesos penales contra Trump por los bombardeos a lanchas en el Caribe MUNDO","description":"NUEVA YORK, ESTADOS UNIDOS DEL NORTE DE AM\u00c9RICA. \u2014 El presidente colombiano ha cuestionado las operaciones militares estadounidenses en el Caribe y el En Sonora en Equipo publicamos toda la informaci\u00f3n de Sonora, M\u00e9xico y el Mundo de manera oportuna y busca que la libertad de expresi\u00f3n sea real. Visita nuestro medio informativo publicado desde Hermosillo, Sonora. %","robots":{"index":"index","follow":"follow","max-snippet":"max-snippet:-1","max-image-preview":"max-image-preview:large","max-video-preview":"max-video-preview:-1"},"canonical":"https:\/\/www.sonoraenequipo.com.mx\/petro-pide-en-la-onu-abrir-procesos-penales-contra-trump-por-los-bombardeos-a-lanchas-en-el-caribe\/","og_locale":"es_ES","og_type":"article","og_title":"Sonora en Equipo. Petro pide en la ONU abrir procesos penales contra Trump por los bombardeos a lanchas en el Caribe MUNDO","og_description":"NUEVA YORK, ESTADOS UNIDOS DEL NORTE DE AM\u00c9RICA. \u2014 El presidente colombiano ha cuestionado las operaciones militares estadounidenses en el Caribe y el En Sonora en Equipo publicamos toda la informaci\u00f3n de Sonora, M\u00e9xico y el Mundo de manera oportuna y busca que la libertad de expresi\u00f3n sea real. Visita nuestro medio informativo publicado desde Hermosillo, Sonora. %","og_url":"https:\/\/www.sonoraenequipo.com.mx\/petro-pide-en-la-onu-abrir-procesos-penales-contra-trump-por-los-bombardeos-a-lanchas-en-el-caribe\/","og_site_name":"Sonora en Equipo.","article_publisher":"https:\/\/www.facebook.com\/SonoraEE\/","article_author":"https:\/\/www.facebook.com\/SonoraEE","article_published_time":"2025-09-24T20:20:42+00:00","article_modified_time":"2025-09-24T21:32:39+00:00","og_image":[{"width":1000,"height":533,"url":"https:\/\/www.sonoraenequipo.com.mx\/storage\/2025\/09\/PETRO-en-la-ONU.-duro-discurso-min.jpg","type":"image\/jpeg"}],"author":"enequipo","twitter_card":"summary_large_image","twitter_creator":"@sonoraenequipo","twitter_site":"@sonoraenequipo","twitter_misc":{"Escrito por":"enequipo","Tiempo de lectura":"2 minutos"},"schema":{"@context":"https:\/\/schema.org","@graph":[{"@type":"Article","@id":"https:\/\/www.sonoraenequipo.com.mx\/petro-pide-en-la-onu-abrir-procesos-penales-contra-trump-por-los-bombardeos-a-lanchas-en-el-caribe\/#article","isPartOf":{"@id":"https:\/\/www.sonoraenequipo.com.mx\/petro-pide-en-la-onu-abrir-procesos-penales-contra-trump-por-los-bombardeos-a-lanchas-en-el-caribe\/"},"author":{"name":"enequipo","@id":"https:\/\/www.sonoraenequipo.com.mx\/#\/schema\/person\/50102df0fb23a8fa9e8effad8fa81386"},"headline":"Petro pide en la ONU abrir procesos penales contra Trump por los bombardeos a lanchas en el Caribe","datePublished":"2025-09-24T20:20:42+00:00","dateModified":"2025-09-24T21:32:39+00:00","mainEntityOfPage":{"@id":"https:\/\/www.sonoraenequipo.com.mx\/petro-pide-en-la-onu-abrir-procesos-penales-contra-trump-por-los-bombardeos-a-lanchas-en-el-caribe\/"},"wordCount":360,"commentCount":0,"publisher":{"@id":"https:\/\/www.sonoraenequipo.com.mx\/#organization"},"image":{"@id":"https:\/\/www.sonoraenequipo.com.mx\/petro-pide-en-la-onu-abrir-procesos-penales-contra-trump-por-los-bombardeos-a-lanchas-en-el-caribe\/#primaryimage"},"thumbnailUrl":"https:\/\/www.sonoraenequipo.com.mx\/storage\/2025\/09\/PETRO-en-la-ONU.-duro-discurso-min.jpg","articleSection":["MUNDO"],"inLanguage":"es","potentialAction":[{"@type":"CommentAction","name":"Comment","target":["https:\/\/www.sonoraenequipo.com.mx\/petro-pide-en-la-onu-abrir-procesos-penales-contra-trump-por-los-bombardeos-a-lanchas-en-el-caribe\/#respond"]}]},{"@type":"WebPage","@id":"https:\/\/www.sonoraenequipo.com.mx\/petro-pide-en-la-onu-abrir-procesos-penales-contra-trump-por-los-bombardeos-a-lanchas-en-el-caribe\/","url":"https:\/\/www.sonoraenequipo.com.mx\/petro-pide-en-la-onu-abrir-procesos-penales-contra-trump-por-los-bombardeos-a-lanchas-en-el-caribe\/","name":"Sonora en Equipo. Petro pide en la ONU abrir procesos penales contra Trump por los bombardeos a lanchas en el Caribe MUNDO","isPartOf":{"@id":"https:\/\/www.sonoraenequipo.com.mx\/#website"},"primaryImageOfPage":{"@id":"https:\/\/www.sonoraenequipo.com.mx\/petro-pide-en-la-onu-abrir-procesos-penales-contra-trump-por-los-bombardeos-a-lanchas-en-el-caribe\/#primaryimage"},"image":{"@id":"https:\/\/www.sonoraenequipo.com.mx\/petro-pide-en-la-onu-abrir-procesos-penales-contra-trump-por-los-bombardeos-a-lanchas-en-el-caribe\/#primaryimage"},"thumbnailUrl":"https:\/\/www.sonoraenequipo.com.mx\/storage\/2025\/09\/PETRO-en-la-ONU.-duro-discurso-min.jpg","datePublished":"2025-09-24T20:20:42+00:00","dateModified":"2025-09-24T21:32:39+00:00","description":"NUEVA YORK, ESTADOS UNIDOS DEL NORTE DE AM\u00c9RICA. \u2014 El presidente colombiano ha cuestionado las operaciones militares estadounidenses en el Caribe y el En Sonora en Equipo publicamos toda la informaci\u00f3n de Sonora, M\u00e9xico y el Mundo de manera oportuna y busca que la libertad de expresi\u00f3n sea real. Visita nuestro medio informativo publicado desde Hermosillo, Sonora. %","breadcrumb":{"@id":"https:\/\/www.sonoraenequipo.com.mx\/petro-pide-en-la-onu-abrir-procesos-penales-contra-trump-por-los-bombardeos-a-lanchas-en-el-caribe\/#breadcrumb"},"inLanguage":"es","potentialAction":[{"@type":"ReadAction","target":["https:\/\/www.sonoraenequipo.com.mx\/petro-pide-en-la-onu-abrir-procesos-penales-contra-trump-por-los-bombardeos-a-lanchas-en-el-caribe\/"]}]},{"@type":"ImageObject","inLanguage":"es","@id":"https:\/\/www.sonoraenequipo.com.mx\/petro-pide-en-la-onu-abrir-procesos-penales-contra-trump-por-los-bombardeos-a-lanchas-en-el-caribe\/#primaryimage","url":"https:\/\/www.sonoraenequipo.com.mx\/storage\/2025\/09\/PETRO-en-la-ONU.-duro-discurso-min.jpg","contentUrl":"https:\/\/www.sonoraenequipo.com.mx\/storage\/2025\/09\/PETRO-en-la-ONU.-duro-discurso-min.jpg","width":1000,"height":533},{"@type":"BreadcrumbList","@id":"https:\/\/www.sonoraenequipo.com.mx\/petro-pide-en-la-onu-abrir-procesos-penales-contra-trump-por-los-bombardeos-a-lanchas-en-el-caribe\/#breadcrumb","itemListElement":[{"@type":"ListItem","position":1,"name":"Portada","item":"https:\/\/www.sonoraenequipo.com.mx\/"},{"@type":"ListItem","position":2,"name":"Petro pide en la ONU abrir procesos penales contra Trump por los bombardeos a lanchas en el Caribe"}]},{"@type":"WebSite","@id":"https:\/\/www.sonoraenequipo.com.mx\/#website","url":"https:\/\/www.sonoraenequipo.com.mx\/","name":"Sonora en Equipo.","description":"Diario en l\u00ednea con Noticias desde Hermosillo, Sonora","publisher":{"@id":"https:\/\/www.sonoraenequipo.com.mx\/#organization"},"potentialAction":[{"@type":"SearchAction","target":{"@type":"EntryPoint","urlTemplate":"https:\/\/www.sonoraenequipo.com.mx\/?s={search_term_string}"},"query-input":{"@type":"PropertyValueSpecification","valueRequired":true,"valueName":"search_term_string"}}],"inLanguage":"es"},{"@type":"Organization","@id":"https:\/\/www.sonoraenequipo.com.mx\/#organization","name":"Sonoraenequipo.com.mx","url":"https:\/\/www.sonoraenequipo.com.mx\/","logo":{"@type":"ImageObject","inLanguage":"es","@id":"https:\/\/www.sonoraenequipo.com.mx\/#\/schema\/logo\/image\/","url":"https:\/\/www.sonoraenequipo.com.mx\/storage\/2019\/01\/sonoraenequipo_opt.png","contentUrl":"https:\/\/www.sonoraenequipo.com.mx\/storage\/2019\/01\/sonoraenequipo_opt.png","width":375,"height":125,"caption":"Sonoraenequipo.com.mx"},"image":{"@id":"https:\/\/www.sonoraenequipo.com.mx\/#\/schema\/logo\/image\/"},"sameAs":["https:\/\/www.facebook.com\/SonoraEE\/","https:\/\/x.com\/sonoraenequipo","https:\/\/www.youtube.com\/channel\/UC338nW-lPEYmJQs4ZABQ1SQ"]},{"@type":"Person","@id":"https:\/\/www.sonoraenequipo.com.mx\/#\/schema\/person\/50102df0fb23a8fa9e8effad8fa81386","name":"enequipo","image":{"@type":"ImageObject","inLanguage":"es","@id":"https:\/\/www.sonoraenequipo.com.mx\/#\/schema\/person\/image\/","url":"https:\/\/secure.gravatar.com\/avatar\/049821681b589dabc0bc20695993ccebb09f5b5d4d790cd9251b97faac7c652b?s=96&d=blank&r=g","contentUrl":"https:\/\/secure.gravatar.com\/avatar\/049821681b589dabc0bc20695993ccebb09f5b5d4d790cd9251b97faac7c652b?s=96&d=blank&r=g","caption":"enequipo"},"sameAs":["https:\/\/www.facebook.com\/SonoraEE"]}]}},"jetpack_featured_media_url":"https:\/\/www.sonoraenequipo.com.mx\/storage\/2025\/09\/PETRO-en-la-ONU.-duro-discurso-min.jpg","_links":{"self":[{"href":"https:\/\/www.sonoraenequipo.com.mx\/api\/wp\/v2\/posts\/224602","targetHints":{"allow":["GET"]}}],"collection":[{"href":"https:\/\/www.sonoraenequipo.com.mx\/api\/wp\/v2\/posts"}],"about":[{"href":"https:\/\/www.sonoraenequipo.com.mx\/api\/wp\/v2\/types\/post"}],"author":[{"embeddable":true,"href":"https:\/\/www.sonoraenequipo.com.mx\/api\/wp\/v2\/users\/1"}],"replies":[{"embeddable":true,"href":"https:\/\/www.sonoraenequipo.com.mx\/api\/wp\/v2\/comments?post=224602"}],"version-history":[{"count":2,"href":"https:\/\/www.sonoraenequipo.com.mx\/api\/wp\/v2\/posts\/224602\/revisions"}],"predecessor-version":[{"id":224635,"href":"https:\/\/www.sonoraenequipo.com.mx\/api\/wp\/v2\/posts\/224602\/revisions\/224635"}],"wp:featuredmedia":[{"embeddable":true,"href":"https:\/\/www.sonoraenequipo.com.mx\/api\/wp\/v2\/media\/224632"}],"wp:attachment":[{"href":"https:\/\/www.sonoraenequipo.com.mx\/api\/wp\/v2\/media?parent=224602"}],"wp:term":[{"taxonomy":"category","embeddable":true,"href":"https:\/\/www.sonoraenequipo.com.mx\/api\/wp\/v2\/categories?post=224602"},{"taxonomy":"post_tag","embeddable":true,"href":"https:\/\/www.sonoraenequipo.com.mx\/api\/wp\/v2\/tags?post=224602"}],"curies":[{"name":"wp","href":"https:\/\/api.w.org\/{rel}","templated":true}]}}