{"id":224606,"date":"2025-09-24T10:03:25","date_gmt":"2025-09-24T17:03:25","guid":{"rendered":"https:\/\/www.sonoraenequipo.com.mx\/?p=224606"},"modified":"2025-09-24T10:03:25","modified_gmt":"2025-09-24T17:03:25","slug":"dos-muertos-tras-tiroteo-en-centro-de-migrantes-de-texas","status":"publish","type":"post","link":"https:\/\/www.sonoraenequipo.com.mx\/dos-muertos-tras-tiroteo-en-centro-de-migrantes-de-texas\/","title":{"rendered":"Dos muertos tras tiroteo en centro de migrantes de Texas"},"content":{"rendered":"<p>Al menos dos muertos, incluyendo el presunto atacante, dej\u00f3 un tiroteo en una oficina del Servicio de Inmigraci\u00f3n y Control de Aduanas (ICE) en Dallas, Texas, seg\u00fan confirmaron autoridades estadounidenses.<\/p>\n<p>&nbsp;<\/p>\n<p>El incidente ocurri\u00f3 alrededor de las 6:40 a.m. de este mi\u00e9rcoles (24.09.2025) en las instalaciones del ICE ubicadas al norte de Dallas. De acuerdo con la Polic\u00eda de Dallas, el sospechoso abri\u00f3 fuego desde un edificio gubernamental adyacente, provocando una r\u00e1pida movilizaci\u00f3n de unidades de emergencia y cierre de v\u00edas en la zona.<\/p>\n<p>&nbsp;<\/p>\n<p>La secretaria del Departamento de Seguridad Nacional (DHS), Kristi Noem, inform\u00f3 que el agresor falleci\u00f3 tras dispararse a s\u00ed mismo. \u00abLos detalles a\u00fan est\u00e1n emergiendo, pero podemos confirmar m\u00faltiples heridos y v\u00edctimas. El tirador muri\u00f3 por una herida de bala autoinfligida\u201d, public\u00f3 Noem en la red social X.<\/p>\n<p>&nbsp;<\/p>\n<p>El motivo del ataque ni la identidad del francotirador se han difundido, pero Noem advirti\u00f3 sobre un aumento en losactos violentos contra agentes del ICE. \u00abNuestro personal que se dedica al cumplimiento de la ley se enfrenta a una violencia sin precedentes. Debe detenerse\u201d, expres\u00f3.<\/p>\n<p>&nbsp;<\/p>\n<p>El vicepresidente de Estados Unidos, JD Vance, tambi\u00e9n se pronunci\u00f3 sobre el suceso, calificando los ataques contra el ICE como \u00abobsesivos\u201d y exigiendo que cesen.<\/p>\n<p>&nbsp;<\/p>\n<p>Sin embargo, los fallecidos son \u00abposiblemente\u00bb migrantes que estaban detenidos en el edificio indic\u00f3 Tricia McLaughlin, portavoz del Departamento de Seguridad Nacional (DHS) a la cadena Fox News. McLaughlin especific\u00f3 que ning\u00fan agente del ICE o Polic\u00eda local se encuentra entre las v\u00edctimas fatales.<\/p>\n<p><strong>Fecha de publicaci\u00f3n mi\u00e9rcoles 22 de septiembre de 2025\/DW<\/strong><\/p>\n","protected":false},"excerpt":{"rendered":"<p>Al menos dos muertos, incluyendo el presunto atacante, dej\u00f3 un tiroteo en una oficina del&#8230;<\/p>\n","protected":false},"author":1,"featured_media":224607,"comment_status":"open","ping_status":"open","sticky":false,"template":"","format":"standard","meta":{"_monsterinsights_skip_tracking":false,"_monsterinsights_sitenote_active":false,"_monsterinsights_sitenote_note":"","_monsterinsights_sitenote_category":0,"footnotes":""},"categories":[3],"tags":[1150,11807],"class_list":["post"],"yoast_head":" \n<title>Sonora en Equipo. Dos muertos tras tiroteo en centro de migrantes de Texas MUNDO<\/title>\n<meta name=\"description\" content=\"Al menos dos muertos, incluyendo el presunto atacante, dej\u00f3 un tiroteo en una oficina del Servicio de Inmigraci\u00f3n y Control de Aduanas (ICE) en Dallas, En Sonora en Equipo publicamos toda la informaci\u00f3n de Sonora, M\u00e9xico y el Mundo de manera oportuna y busca que la libertad de expresi\u00f3n sea real. Visita nuestro medio informativo publicado desde Hermosillo, Sonora. %\" \/>\n<meta name=\"robots\" content=\"index, follow, max-snippet:-1, max-image-preview:large, max-video-preview:-1\" \/>\n<link rel=\"canonical\" href=\"https:\/\/www.sonoraenequipo.com.mx\/dos-muertos-tras-tiroteo-en-centro-de-migrantes-de-texas\/\" \/>\n<meta property=\"og:locale\" content=\"es_ES\" \/>\n<meta property=\"og:type\" content=\"article\" \/>\n<meta property=\"og:title\" content=\"Sonora en Equipo. Dos muertos tras tiroteo en centro de migrantes de Texas MUNDO\" \/>\n<meta property=\"og:description\" content=\"Al menos dos muertos, incluyendo el presunto atacante, dej\u00f3 un tiroteo en una oficina del Servicio de Inmigraci\u00f3n y Control de Aduanas (ICE) en Dallas, En Sonora en Equipo publicamos toda la informaci\u00f3n de Sonora, M\u00e9xico y el Mundo de manera oportuna y busca que la libertad de expresi\u00f3n sea real. Visita nuestro medio informativo publicado desde Hermosillo, Sonora. %\" \/>\n<meta property=\"og:url\" content=\"https:\/\/www.sonoraenequipo.com.mx\/dos-muertos-tras-tiroteo-en-centro-de-migrantes-de-texas\/\" \/>\n<meta property=\"og:site_name\" content=\"Sonora en Equipo.\" \/>\n<meta property=\"article:publisher\" content=\"https:\/\/www.facebook.com\/SonoraEE\/\" \/>\n<meta property=\"article:author\" content=\"https:\/\/www.facebook.com\/SonoraEE\" \/>\n<meta property=\"article:published_time\" content=\"2025-09-24T17:03:25+00:00\" \/>\n<meta property=\"og:image\" content=\"https:\/\/www.sonoraenequipo.com.mx\/storage\/2025\/09\/ice-dallas.jpg\" \/>\n\t<meta property=\"og:image:width\" content=\"600\" \/>\n\t<meta property=\"og:image:height\" content=\"400\" \/>\n\t<meta property=\"og:image:type\" content=\"image\/jpeg\" \/>\n<meta name=\"author\" content=\"enequipo\" \/>\n<meta name=\"twitter:card\" content=\"summary_large_image\" \/>\n<meta name=\"twitter:creator\" content=\"@sonoraenequipo\" \/>\n<meta name=\"twitter:site\" content=\"@sonoraenequipo\" \/>\n<meta name=\"twitter:label1\" content=\"Escrito por\" \/>\n\t<meta name=\"twitter:data1\" content=\"enequipo\" \/>\n\t<meta name=\"twitter:label2\" content=\"Tiempo de lectura\" \/>\n\t<meta name=\"twitter:data2\" content=\"1 minuto\" \/>\n<script type=\"application\/ld+json\" class=\"yoast-schema-graph\">{\"@context\":\"https:\/\/schema.org\",\"@graph\":[{\"@type\":\"Article\",\"@id\":\"https:\/\/www.sonoraenequipo.com.mx\/dos-muertos-tras-tiroteo-en-centro-de-migrantes-de-texas\/#article\",\"isPartOf\":{\"@id\":\"https:\/\/www.sonoraenequipo.com.mx\/dos-muertos-tras-tiroteo-en-centro-de-migrantes-de-texas\/\"},\"author\":{\"name\":\"enequipo\",\"@id\":\"https:\/\/www.sonoraenequipo.com.mx\/#\/schema\/person\/50102df0fb23a8fa9e8effad8fa81386\"},\"headline\":\"Dos muertos tras tiroteo en centro de migrantes de Texas\",\"datePublished\":\"2025-09-24T17:03:25+00:00\",\"mainEntityOfPage\":{\"@id\":\"https:\/\/www.sonoraenequipo.com.mx\/dos-muertos-tras-tiroteo-en-centro-de-migrantes-de-texas\/\"},\"wordCount\":284,\"commentCount\":0,\"publisher\":{\"@id\":\"https:\/\/www.sonoraenequipo.com.mx\/#organization\"},\"image\":{\"@id\":\"https:\/\/www.sonoraenequipo.com.mx\/dos-muertos-tras-tiroteo-en-centro-de-migrantes-de-texas\/#primaryimage\"},\"thumbnailUrl\":\"https:\/\/www.sonoraenequipo.com.mx\/storage\/2025\/09\/ice-dallas.jpg\",\"keywords\":[\"Dallas\",\"ICE\"],\"articleSection\":[\"MUNDO\"],\"inLanguage\":\"es\",\"potentialAction\":[{\"@type\":\"CommentAction\",\"name\":\"Comment\",\"target\":[\"https:\/\/www.sonoraenequipo.com.mx\/dos-muertos-tras-tiroteo-en-centro-de-migrantes-de-texas\/#respond\"]}]},{\"@type\":\"WebPage\",\"@id\":\"https:\/\/www.sonoraenequipo.com.mx\/dos-muertos-tras-tiroteo-en-centro-de-migrantes-de-texas\/\",\"url\":\"https:\/\/www.sonoraenequipo.com.mx\/dos-muertos-tras-tiroteo-en-centro-de-migrantes-de-texas\/\",\"name\":\"Sonora en Equipo. Dos muertos tras tiroteo en centro de migrantes de Texas MUNDO\",\"isPartOf\":{\"@id\":\"https:\/\/www.sonoraenequipo.com.mx\/#website\"},\"primaryImageOfPage\":{\"@id\":\"https:\/\/www.sonoraenequipo.com.mx\/dos-muertos-tras-tiroteo-en-centro-de-migrantes-de-texas\/#primaryimage\"},\"image\":{\"@id\":\"https:\/\/www.sonoraenequipo.com.mx\/dos-muertos-tras-tiroteo-en-centro-de-migrantes-de-texas\/#primaryimage\"},\"thumbnailUrl\":\"https:\/\/www.sonoraenequipo.com.mx\/storage\/2025\/09\/ice-dallas.jpg\",\"datePublished\":\"2025-09-24T17:03:25+00:00\",\"description\":\"Al menos dos muertos, incluyendo el presunto atacante, dej\u00f3 un tiroteo en una oficina del Servicio de Inmigraci\u00f3n y Control de Aduanas (ICE) en Dallas, En Sonora en Equipo publicamos toda la informaci\u00f3n de Sonora, M\u00e9xico y el Mundo de manera oportuna y busca que la libertad de expresi\u00f3n sea real. Visita nuestro medio informativo publicado desde Hermosillo, Sonora. %\",\"breadcrumb\":{\"@id\":\"https:\/\/www.sonoraenequipo.com.mx\/dos-muertos-tras-tiroteo-en-centro-de-migrantes-de-texas\/#breadcrumb\"},\"inLanguage\":\"es\",\"potentialAction\":[{\"@type\":\"ReadAction\",\"target\":[\"https:\/\/www.sonoraenequipo.com.mx\/dos-muertos-tras-tiroteo-en-centro-de-migrantes-de-texas\/\"]}]},{\"@type\":\"ImageObject\",\"inLanguage\":\"es\",\"@id\":\"https:\/\/www.sonoraenequipo.com.mx\/dos-muertos-tras-tiroteo-en-centro-de-migrantes-de-texas\/#primaryimage\",\"url\":\"https:\/\/www.sonoraenequipo.com.mx\/storage\/2025\/09\/ice-dallas.jpg\",\"contentUrl\":\"https:\/\/www.sonoraenequipo.com.mx\/storage\/2025\/09\/ice-dallas.jpg\",\"width\":600,\"height\":400,\"caption\":\"Polic\u00edas y ambulancias en las afueras del centro de detenci\u00f3n para migrantes tras tiroteo en Dallas, TexasImagen: Texas Department Of Transportation\/REUTERS\"},{\"@type\":\"BreadcrumbList\",\"@id\":\"https:\/\/www.sonoraenequipo.com.mx\/dos-muertos-tras-tiroteo-en-centro-de-migrantes-de-texas\/#breadcrumb\",\"itemListElement\":[{\"@type\":\"ListItem\",\"position\":1,\"name\":\"Portada\",\"item\":\"https:\/\/www.sonoraenequipo.com.mx\/\"},{\"@type\":\"ListItem\",\"position\":2,\"name\":\"Dos muertos tras tiroteo en centro de migrantes de Texas\"}]},{\"@type\":\"WebSite\",\"@id\":\"https:\/\/www.sonoraenequipo.com.mx\/#website\",\"url\":\"https:\/\/www.sonoraenequipo.com.mx\/\",\"name\":\"Sonora en Equipo.\",\"description\":\"Diario en l\u00ednea con Noticias desde Hermosillo, Sonora\",\"publisher\":{\"@id\":\"https:\/\/www.sonoraenequipo.com.mx\/#organization\"},\"potentialAction\":[{\"@type\":\"SearchAction\",\"target\":{\"@type\":\"EntryPoint\",\"urlTemplate\":\"https:\/\/www.sonoraenequipo.com.mx\/?s={search_term_string}\"},\"query-input\":{\"@type\":\"PropertyValueSpecification\",\"valueRequired\":true,\"valueName\":\"search_term_string\"}}],\"inLanguage\":\"es\"},{\"@type\":\"Organization\",\"@id\":\"https:\/\/www.sonoraenequipo.com.mx\/#organization\",\"name\":\"Sonoraenequipo.com.mx\",\"url\":\"https:\/\/www.sonoraenequipo.com.mx\/\",\"logo\":{\"@type\":\"ImageObject\",\"inLanguage\":\"es\",\"@id\":\"https:\/\/www.sonoraenequipo.com.mx\/#\/schema\/logo\/image\/\",\"url\":\"https:\/\/www.sonoraenequipo.com.mx\/storage\/2019\/01\/sonoraenequipo_opt.png\",\"contentUrl\":\"https:\/\/www.sonoraenequipo.com.mx\/storage\/2019\/01\/sonoraenequipo_opt.png\",\"width\":375,\"height\":125,\"caption\":\"Sonoraenequipo.com.mx\"},\"image\":{\"@id\":\"https:\/\/www.sonoraenequipo.com.mx\/#\/schema\/logo\/image\/\"},\"sameAs\":[\"https:\/\/www.facebook.com\/SonoraEE\/\",\"https:\/\/x.com\/sonoraenequipo\",\"https:\/\/www.youtube.com\/channel\/UC338nW-lPEYmJQs4ZABQ1SQ\"]},{\"@type\":\"Person\",\"@id\":\"https:\/\/www.sonoraenequipo.com.mx\/#\/schema\/person\/50102df0fb23a8fa9e8effad8fa81386\",\"name\":\"enequipo\",\"image\":{\"@type\":\"ImageObject\",\"inLanguage\":\"es\",\"@id\":\"https:\/\/www.sonoraenequipo.com.mx\/#\/schema\/person\/image\/\",\"url\":\"https:\/\/secure.gravatar.com\/avatar\/049821681b589dabc0bc20695993ccebb09f5b5d4d790cd9251b97faac7c652b?s=96&d=blank&r=g\",\"contentUrl\":\"https:\/\/secure.gravatar.com\/avatar\/049821681b589dabc0bc20695993ccebb09f5b5d4d790cd9251b97faac7c652b?s=96&d=blank&r=g\",\"caption\":\"enequipo\"},\"sameAs\":[\"https:\/\/www.facebook.com\/SonoraEE\"]}]}<\/script>\n ","yoast_head_json":{"title":"Sonora en Equipo. Dos muertos tras tiroteo en centro de migrantes de Texas MUNDO","description":"Al menos dos muertos, incluyendo el presunto atacante, dej\u00f3 un tiroteo en una oficina del Servicio de Inmigraci\u00f3n y Control de Aduanas (ICE) en Dallas, En Sonora en Equipo publicamos toda la informaci\u00f3n de Sonora, M\u00e9xico y el Mundo de manera oportuna y busca que la libertad de expresi\u00f3n sea real. Visita nuestro medio informativo publicado desde Hermosillo, Sonora. %","robots":{"index":"index","follow":"follow","max-snippet":"max-snippet:-1","max-image-preview":"max-image-preview:large","max-video-preview":"max-video-preview:-1"},"canonical":"https:\/\/www.sonoraenequipo.com.mx\/dos-muertos-tras-tiroteo-en-centro-de-migrantes-de-texas\/","og_locale":"es_ES","og_type":"article","og_title":"Sonora en Equipo. Dos muertos tras tiroteo en centro de migrantes de Texas MUNDO","og_description":"Al menos dos muertos, incluyendo el presunto atacante, dej\u00f3 un tiroteo en una oficina del Servicio de Inmigraci\u00f3n y Control de Aduanas (ICE) en Dallas, En Sonora en Equipo publicamos toda la informaci\u00f3n de Sonora, M\u00e9xico y el Mundo de manera oportuna y busca que la libertad de expresi\u00f3n sea real. Visita nuestro medio informativo publicado desde Hermosillo, Sonora. %","og_url":"https:\/\/www.sonoraenequipo.com.mx\/dos-muertos-tras-tiroteo-en-centro-de-migrantes-de-texas\/","og_site_name":"Sonora en Equipo.","article_publisher":"https:\/\/www.facebook.com\/SonoraEE\/","article_author":"https:\/\/www.facebook.com\/SonoraEE","article_published_time":"2025-09-24T17:03:25+00:00","og_image":[{"width":600,"height":400,"url":"https:\/\/www.sonoraenequipo.com.mx\/storage\/2025\/09\/ice-dallas.jpg","type":"image\/jpeg"}],"author":"enequipo","twitter_card":"summary_large_image","twitter_creator":"@sonoraenequipo","twitter_site":"@sonoraenequipo","twitter_misc":{"Escrito por":"enequipo","Tiempo de lectura":"1 minuto"},"schema":{"@context":"https:\/\/schema.org","@graph":[{"@type":"Article","@id":"https:\/\/www.sonoraenequipo.com.mx\/dos-muertos-tras-tiroteo-en-centro-de-migrantes-de-texas\/#article","isPartOf":{"@id":"https:\/\/www.sonoraenequipo.com.mx\/dos-muertos-tras-tiroteo-en-centro-de-migrantes-de-texas\/"},"author":{"name":"enequipo","@id":"https:\/\/www.sonoraenequipo.com.mx\/#\/schema\/person\/50102df0fb23a8fa9e8effad8fa81386"},"headline":"Dos muertos tras tiroteo en centro de migrantes de Texas","datePublished":"2025-09-24T17:03:25+00:00","mainEntityOfPage":{"@id":"https:\/\/www.sonoraenequipo.com.mx\/dos-muertos-tras-tiroteo-en-centro-de-migrantes-de-texas\/"},"wordCount":284,"commentCount":0,"publisher":{"@id":"https:\/\/www.sonoraenequipo.com.mx\/#organization"},"image":{"@id":"https:\/\/www.sonoraenequipo.com.mx\/dos-muertos-tras-tiroteo-en-centro-de-migrantes-de-texas\/#primaryimage"},"thumbnailUrl":"https:\/\/www.sonoraenequipo.com.mx\/storage\/2025\/09\/ice-dallas.jpg","keywords":["Dallas","ICE"],"articleSection":["MUNDO"],"inLanguage":"es","potentialAction":[{"@type":"CommentAction","name":"Comment","target":["https:\/\/www.sonoraenequipo.com.mx\/dos-muertos-tras-tiroteo-en-centro-de-migrantes-de-texas\/#respond"]}]},{"@type":"WebPage","@id":"https:\/\/www.sonoraenequipo.com.mx\/dos-muertos-tras-tiroteo-en-centro-de-migrantes-de-texas\/","url":"https:\/\/www.sonoraenequipo.com.mx\/dos-muertos-tras-tiroteo-en-centro-de-migrantes-de-texas\/","name":"Sonora en Equipo. Dos muertos tras tiroteo en centro de migrantes de Texas MUNDO","isPartOf":{"@id":"https:\/\/www.sonoraenequipo.com.mx\/#website"},"primaryImageOfPage":{"@id":"https:\/\/www.sonoraenequipo.com.mx\/dos-muertos-tras-tiroteo-en-centro-de-migrantes-de-texas\/#primaryimage"},"image":{"@id":"https:\/\/www.sonoraenequipo.com.mx\/dos-muertos-tras-tiroteo-en-centro-de-migrantes-de-texas\/#primaryimage"},"thumbnailUrl":"https:\/\/www.sonoraenequipo.com.mx\/storage\/2025\/09\/ice-dallas.jpg","datePublished":"2025-09-24T17:03:25+00:00","description":"Al menos dos muertos, incluyendo el presunto atacante, dej\u00f3 un tiroteo en una oficina del Servicio de Inmigraci\u00f3n y Control de Aduanas (ICE) en Dallas, En Sonora en Equipo publicamos toda la informaci\u00f3n de Sonora, M\u00e9xico y el Mundo de manera oportuna y busca que la libertad de expresi\u00f3n sea real. Visita nuestro medio informativo publicado desde Hermosillo, Sonora. %","breadcrumb":{"@id":"https:\/\/www.sonoraenequipo.com.mx\/dos-muertos-tras-tiroteo-en-centro-de-migrantes-de-texas\/#breadcrumb"},"inLanguage":"es","potentialAction":[{"@type":"ReadAction","target":["https:\/\/www.sonoraenequipo.com.mx\/dos-muertos-tras-tiroteo-en-centro-de-migrantes-de-texas\/"]}]},{"@type":"ImageObject","inLanguage":"es","@id":"https:\/\/www.sonoraenequipo.com.mx\/dos-muertos-tras-tiroteo-en-centro-de-migrantes-de-texas\/#primaryimage","url":"https:\/\/www.sonoraenequipo.com.mx\/storage\/2025\/09\/ice-dallas.jpg","contentUrl":"https:\/\/www.sonoraenequipo.com.mx\/storage\/2025\/09\/ice-dallas.jpg","width":600,"height":400,"caption":"Polic\u00edas y ambulancias en las afueras del centro de detenci\u00f3n para migrantes tras tiroteo en Dallas, TexasImagen: Texas Department Of Transportation\/REUTERS"},{"@type":"BreadcrumbList","@id":"https:\/\/www.sonoraenequipo.com.mx\/dos-muertos-tras-tiroteo-en-centro-de-migrantes-de-texas\/#breadcrumb","itemListElement":[{"@type":"ListItem","position":1,"name":"Portada","item":"https:\/\/www.sonoraenequipo.com.mx\/"},{"@type":"ListItem","position":2,"name":"Dos muertos tras tiroteo en centro de migrantes de Texas"}]},{"@type":"WebSite","@id":"https:\/\/www.sonoraenequipo.com.mx\/#website","url":"https:\/\/www.sonoraenequipo.com.mx\/","name":"Sonora en Equipo.","description":"Diario en l\u00ednea con Noticias desde Hermosillo, Sonora","publisher":{"@id":"https:\/\/www.sonoraenequipo.com.mx\/#organization"},"potentialAction":[{"@type":"SearchAction","target":{"@type":"EntryPoint","urlTemplate":"https:\/\/www.sonoraenequipo.com.mx\/?s={search_term_string}"},"query-input":{"@type":"PropertyValueSpecification","valueRequired":true,"valueName":"search_term_string"}}],"inLanguage":"es"},{"@type":"Organization","@id":"https:\/\/www.sonoraenequipo.com.mx\/#organization","name":"Sonoraenequipo.com.mx","url":"https:\/\/www.sonoraenequipo.com.mx\/","logo":{"@type":"ImageObject","inLanguage":"es","@id":"https:\/\/www.sonoraenequipo.com.mx\/#\/schema\/logo\/image\/","url":"https:\/\/www.sonoraenequipo.com.mx\/storage\/2019\/01\/sonoraenequipo_opt.png","contentUrl":"https:\/\/www.sonoraenequipo.com.mx\/storage\/2019\/01\/sonoraenequipo_opt.png","width":375,"height":125,"caption":"Sonoraenequipo.com.mx"},"image":{"@id":"https:\/\/www.sonoraenequipo.com.mx\/#\/schema\/logo\/image\/"},"sameAs":["https:\/\/www.facebook.com\/SonoraEE\/","https:\/\/x.com\/sonoraenequipo","https:\/\/www.youtube.com\/channel\/UC338nW-lPEYmJQs4ZABQ1SQ"]},{"@type":"Person","@id":"https:\/\/www.sonoraenequipo.com.mx\/#\/schema\/person\/50102df0fb23a8fa9e8effad8fa81386","name":"enequipo","image":{"@type":"ImageObject","inLanguage":"es","@id":"https:\/\/www.sonoraenequipo.com.mx\/#\/schema\/person\/image\/","url":"https:\/\/secure.gravatar.com\/avatar\/049821681b589dabc0bc20695993ccebb09f5b5d4d790cd9251b97faac7c652b?s=96&d=blank&r=g","contentUrl":"https:\/\/secure.gravatar.com\/avatar\/049821681b589dabc0bc20695993ccebb09f5b5d4d790cd9251b97faac7c652b?s=96&d=blank&r=g","caption":"enequipo"},"sameAs":["https:\/\/www.facebook.com\/SonoraEE"]}]}},"jetpack_featured_media_url":"https:\/\/www.sonoraenequipo.com.mx\/storage\/2025\/09\/ice-dallas.jpg","_links":{"self":[{"href":"https:\/\/www.sonoraenequipo.com.mx\/api\/wp\/v2\/posts\/224606","targetHints":{"allow":["GET"]}}],"collection":[{"href":"https:\/\/www.sonoraenequipo.com.mx\/api\/wp\/v2\/posts"}],"about":[{"href":"https:\/\/www.sonoraenequipo.com.mx\/api\/wp\/v2\/types\/post"}],"author":[{"embeddable":true,"href":"https:\/\/www.sonoraenequipo.com.mx\/api\/wp\/v2\/users\/1"}],"replies":[{"embeddable":true,"href":"https:\/\/www.sonoraenequipo.com.mx\/api\/wp\/v2\/comments?post=224606"}],"version-history":[{"count":1,"href":"https:\/\/www.sonoraenequipo.com.mx\/api\/wp\/v2\/posts\/224606\/revisions"}],"predecessor-version":[{"id":224608,"href":"https:\/\/www.sonoraenequipo.com.mx\/api\/wp\/v2\/posts\/224606\/revisions\/224608"}],"wp:featuredmedia":[{"embeddable":true,"href":"https:\/\/www.sonoraenequipo.com.mx\/api\/wp\/v2\/media\/224607"}],"wp:attachment":[{"href":"https:\/\/www.sonoraenequipo.com.mx\/api\/wp\/v2\/media?parent=224606"}],"wp:term":[{"taxonomy":"category","embeddable":true,"href":"https:\/\/www.sonoraenequipo.com.mx\/api\/wp\/v2\/categories?post=224606"},{"taxonomy":"post_tag","embeddable":true,"href":"https:\/\/www.sonoraenequipo.com.mx\/api\/wp\/v2\/tags?post=224606"}],"curies":[{"name":"wp","href":"https:\/\/api.w.org\/{rel}","templated":true}]}}