{"id":224624,"date":"2025-09-24T11:42:32","date_gmt":"2025-09-24T18:42:32","guid":{"rendered":"https:\/\/www.sonoraenequipo.com.mx\/?p=224624"},"modified":"2025-09-24T14:43:10","modified_gmt":"2025-09-24T21:43:10","slug":"roban-en-la-mansion-de-norona-en-tepoztlan","status":"publish","type":"post","link":"https:\/\/www.sonoraenequipo.com.mx\/roban-en-la-mansion-de-norona-en-tepoztlan\/","title":{"rendered":"Roban en la mansi\u00f3n de Noro\u00f1a en Tepoztl\u00e1n"},"content":{"rendered":"<p><strong>CIUDAD DE M\u00c9XICO. MX.\u2014\u00a0<\/strong><strong> \u0336 \u0336\u00a0 <\/strong>Gerardo Fern\u00e1ndez Noro\u00f1a denunci\u00f3 el robo en su casa en Tepoztl\u00e1n la madrugada de este mi\u00e9rcoles 24 de septiembre, en un hecho que catalog\u00f3 como \u201cgrave y extra\u00f1\u00edsimo\u201d.<\/p>\n<p>&nbsp;<\/p>\n<p>&nbsp;<\/p>\n<p> <\/p>\n<p>El senador de Morena regres\u00f3 a la Ciudad de M\u00e9xico la noche del martes 23 de septiembre desde Chihuahua, y tras llegar a la capital del pa\u00eds comparti\u00f3 la informaci\u00f3n referente al robo de la \u2018pol\u00e9mica\u2019 casa en Tepoztl\u00e1n, Morelos, sin informar si \u00e9l se encontraba all\u00e1 o si estaba en su casa del Centro Hist\u00f3rico.<\/p>\n<p>&nbsp;<\/p>\n<p>&nbsp;<\/p>\n<p><em><strong>\u201cEmma est\u00e1 bien\u201d<\/strong><\/em>, declar\u00f3 Noro\u00f1a en referencia a su pareja, Emma Ocampo, sin especificar si ella estuvo en la casa al momento del robo.<\/p>\n<p>&nbsp;<\/p>\n<p>&nbsp;<\/p>\n<p>Adem\u00e1s del robo, el expresidente del Senado report\u00f3 el robo de la vivienda donde vive la mujer que le vendi\u00f3 su casa en Tepoztl\u00e1n con valor de 12 millones de pesos, que seg\u00fan \u00e9l, est\u00e1 pagando a cr\u00e9dito.<\/p>\n<p>&nbsp;<\/p>\n<p>&nbsp;<\/p>\n<p>Entraron a robar a la casa en Tepoztl\u00e1n, a casa de la due\u00f1a. Grave y extra\u00f1\u00edsimo hecho. Emma est\u00e1 bien.<\/p>\n<p>&nbsp;<\/p>\n<p>&nbsp;<\/p>\n<p><strong>Fecha de publicaci\u00f3n mi\u00e9rcoles 22 de septiembre de 2025\/ El Financiero<\/strong><\/p>\n","protected":false},"excerpt":{"rendered":"<p>CIUDAD DE M\u00c9XICO. MX.\u2014\u00a0 \u0336 \u0336\u00a0 Gerardo Fern\u00e1ndez Noro\u00f1a denunci\u00f3 el robo en su casa&#8230;<\/p>\n","protected":false},"author":1,"featured_media":224625,"comment_status":"open","ping_status":"open","sticky":false,"template":"","format":"standard","meta":{"_monsterinsights_skip_tracking":false,"_monsterinsights_sitenote_active":false,"_monsterinsights_sitenote_note":"","_monsterinsights_sitenote_category":0,"footnotes":""},"categories":[5],"tags":[3319,7253,11812],"class_list":["post"],"yoast_head":" \n<title>Sonora en Equipo. Roban en la mansi\u00f3n de Noro\u00f1a en Tepoztl\u00e1n Rep\u00fablica<\/title>\n<meta name=\"description\" content=\"CIUDAD DE M\u00c9XICO. MX.\u2014\u00a0 \u0336 \u0336\u00a0 Gerardo Fern\u00e1ndez Noro\u00f1a denunci\u00f3 el robo en su casa en Tepoztl\u00e1n la madrugada de este mi\u00e9rcoles 24 de septiembre, en un En Sonora en Equipo publicamos toda la informaci\u00f3n de Sonora, M\u00e9xico y el Mundo de manera oportuna y busca que la libertad de expresi\u00f3n sea real. Visita nuestro medio informativo publicado desde Hermosillo, Sonora. %\" \/>\n<meta name=\"robots\" content=\"index, follow, max-snippet:-1, max-image-preview:large, max-video-preview:-1\" \/>\n<link rel=\"canonical\" href=\"https:\/\/www.sonoraenequipo.com.mx\/roban-en-la-mansion-de-norona-en-tepoztlan\/\" \/>\n<meta property=\"og:locale\" content=\"es_ES\" \/>\n<meta property=\"og:type\" content=\"article\" \/>\n<meta property=\"og:title\" content=\"Sonora en Equipo. Roban en la mansi\u00f3n de Noro\u00f1a en Tepoztl\u00e1n Rep\u00fablica\" \/>\n<meta property=\"og:description\" content=\"CIUDAD DE M\u00c9XICO. MX.\u2014\u00a0 \u0336 \u0336\u00a0 Gerardo Fern\u00e1ndez Noro\u00f1a denunci\u00f3 el robo en su casa en Tepoztl\u00e1n la madrugada de este mi\u00e9rcoles 24 de septiembre, en un En Sonora en Equipo publicamos toda la informaci\u00f3n de Sonora, M\u00e9xico y el Mundo de manera oportuna y busca que la libertad de expresi\u00f3n sea real. Visita nuestro medio informativo publicado desde Hermosillo, Sonora. %\" \/>\n<meta property=\"og:url\" content=\"https:\/\/www.sonoraenequipo.com.mx\/roban-en-la-mansion-de-norona-en-tepoztlan\/\" \/>\n<meta property=\"og:site_name\" content=\"Sonora en Equipo.\" \/>\n<meta property=\"article:publisher\" content=\"https:\/\/www.facebook.com\/SonoraEE\/\" \/>\n<meta property=\"article:author\" content=\"https:\/\/www.facebook.com\/SonoraEE\" \/>\n<meta property=\"article:published_time\" content=\"2025-09-24T18:42:32+00:00\" \/>\n<meta property=\"article:modified_time\" content=\"2025-09-24T21:43:10+00:00\" \/>\n<meta property=\"og:image\" content=\"https:\/\/www.sonoraenequipo.com.mx\/storage\/2025\/09\/norona-y-su-mansion.jpg\" \/>\n\t<meta property=\"og:image:width\" content=\"600\" \/>\n\t<meta property=\"og:image:height\" content=\"400\" \/>\n\t<meta property=\"og:image:type\" content=\"image\/jpeg\" \/>\n<meta name=\"author\" content=\"enequipo\" \/>\n<meta name=\"twitter:card\" content=\"summary_large_image\" \/>\n<meta name=\"twitter:creator\" content=\"@sonoraenequipo\" \/>\n<meta name=\"twitter:site\" content=\"@sonoraenequipo\" \/>\n<meta name=\"twitter:label1\" content=\"Escrito por\" \/>\n\t<meta name=\"twitter:data1\" content=\"enequipo\" \/>\n\t<meta name=\"twitter:label2\" content=\"Tiempo de lectura\" \/>\n\t<meta name=\"twitter:data2\" content=\"1 minuto\" \/>\n<script type=\"application\/ld+json\" class=\"yoast-schema-graph\">{\"@context\":\"https:\/\/schema.org\",\"@graph\":[{\"@type\":\"Article\",\"@id\":\"https:\/\/www.sonoraenequipo.com.mx\/roban-en-la-mansion-de-norona-en-tepoztlan\/#article\",\"isPartOf\":{\"@id\":\"https:\/\/www.sonoraenequipo.com.mx\/roban-en-la-mansion-de-norona-en-tepoztlan\/\"},\"author\":{\"name\":\"enequipo\",\"@id\":\"https:\/\/www.sonoraenequipo.com.mx\/#\/schema\/person\/50102df0fb23a8fa9e8effad8fa81386\"},\"headline\":\"Roban en la mansi\u00f3n de Noro\u00f1a en Tepoztl\u00e1n\",\"datePublished\":\"2025-09-24T18:42:32+00:00\",\"dateModified\":\"2025-09-24T21:43:10+00:00\",\"mainEntityOfPage\":{\"@id\":\"https:\/\/www.sonoraenequipo.com.mx\/roban-en-la-mansion-de-norona-en-tepoztlan\/\"},\"wordCount\":219,\"commentCount\":0,\"publisher\":{\"@id\":\"https:\/\/www.sonoraenequipo.com.mx\/#organization\"},\"image\":{\"@id\":\"https:\/\/www.sonoraenequipo.com.mx\/roban-en-la-mansion-de-norona-en-tepoztlan\/#primaryimage\"},\"thumbnailUrl\":\"https:\/\/www.sonoraenequipo.com.mx\/storage\/2025\/09\/norona-y-su-mansion.jpg\",\"keywords\":[\"mansion\",\"NORO\u00d1A\",\"tepoztlan\"],\"articleSection\":[\"Rep\u00fablica\"],\"inLanguage\":\"es\",\"potentialAction\":[{\"@type\":\"CommentAction\",\"name\":\"Comment\",\"target\":[\"https:\/\/www.sonoraenequipo.com.mx\/roban-en-la-mansion-de-norona-en-tepoztlan\/#respond\"]}]},{\"@type\":\"WebPage\",\"@id\":\"https:\/\/www.sonoraenequipo.com.mx\/roban-en-la-mansion-de-norona-en-tepoztlan\/\",\"url\":\"https:\/\/www.sonoraenequipo.com.mx\/roban-en-la-mansion-de-norona-en-tepoztlan\/\",\"name\":\"Sonora en Equipo. Roban en la mansi\u00f3n de Noro\u00f1a en Tepoztl\u00e1n Rep\u00fablica\",\"isPartOf\":{\"@id\":\"https:\/\/www.sonoraenequipo.com.mx\/#website\"},\"primaryImageOfPage\":{\"@id\":\"https:\/\/www.sonoraenequipo.com.mx\/roban-en-la-mansion-de-norona-en-tepoztlan\/#primaryimage\"},\"image\":{\"@id\":\"https:\/\/www.sonoraenequipo.com.mx\/roban-en-la-mansion-de-norona-en-tepoztlan\/#primaryimage\"},\"thumbnailUrl\":\"https:\/\/www.sonoraenequipo.com.mx\/storage\/2025\/09\/norona-y-su-mansion.jpg\",\"datePublished\":\"2025-09-24T18:42:32+00:00\",\"dateModified\":\"2025-09-24T21:43:10+00:00\",\"description\":\"CIUDAD DE M\u00c9XICO. MX.\u2014\u00a0 \u0336 \u0336\u00a0 Gerardo Fern\u00e1ndez Noro\u00f1a denunci\u00f3 el robo en su casa en Tepoztl\u00e1n la madrugada de este mi\u00e9rcoles 24 de septiembre, en un En Sonora en Equipo publicamos toda la informaci\u00f3n de Sonora, M\u00e9xico y el Mundo de manera oportuna y busca que la libertad de expresi\u00f3n sea real. Visita nuestro medio informativo publicado desde Hermosillo, Sonora. %\",\"breadcrumb\":{\"@id\":\"https:\/\/www.sonoraenequipo.com.mx\/roban-en-la-mansion-de-norona-en-tepoztlan\/#breadcrumb\"},\"inLanguage\":\"es\",\"potentialAction\":[{\"@type\":\"ReadAction\",\"target\":[\"https:\/\/www.sonoraenequipo.com.mx\/roban-en-la-mansion-de-norona-en-tepoztlan\/\"]}]},{\"@type\":\"ImageObject\",\"inLanguage\":\"es\",\"@id\":\"https:\/\/www.sonoraenequipo.com.mx\/roban-en-la-mansion-de-norona-en-tepoztlan\/#primaryimage\",\"url\":\"https:\/\/www.sonoraenequipo.com.mx\/storage\/2025\/09\/norona-y-su-mansion.jpg\",\"contentUrl\":\"https:\/\/www.sonoraenequipo.com.mx\/storage\/2025\/09\/norona-y-su-mansion.jpg\",\"width\":600,\"height\":400,\"caption\":\"Noro\u00f1a y su pol\u00e9mica mansi\u00f3n en Tepoztl\u00e1n, Hidalgo.Foto cuarto oscuro\"},{\"@type\":\"BreadcrumbList\",\"@id\":\"https:\/\/www.sonoraenequipo.com.mx\/roban-en-la-mansion-de-norona-en-tepoztlan\/#breadcrumb\",\"itemListElement\":[{\"@type\":\"ListItem\",\"position\":1,\"name\":\"Portada\",\"item\":\"https:\/\/www.sonoraenequipo.com.mx\/\"},{\"@type\":\"ListItem\",\"position\":2,\"name\":\"Roban en la mansi\u00f3n de Noro\u00f1a en Tepoztl\u00e1n\"}]},{\"@type\":\"WebSite\",\"@id\":\"https:\/\/www.sonoraenequipo.com.mx\/#website\",\"url\":\"https:\/\/www.sonoraenequipo.com.mx\/\",\"name\":\"Sonora en Equipo.\",\"description\":\"Diario en l\u00ednea con Noticias desde Hermosillo, Sonora\",\"publisher\":{\"@id\":\"https:\/\/www.sonoraenequipo.com.mx\/#organization\"},\"potentialAction\":[{\"@type\":\"SearchAction\",\"target\":{\"@type\":\"EntryPoint\",\"urlTemplate\":\"https:\/\/www.sonoraenequipo.com.mx\/?s={search_term_string}\"},\"query-input\":{\"@type\":\"PropertyValueSpecification\",\"valueRequired\":true,\"valueName\":\"search_term_string\"}}],\"inLanguage\":\"es\"},{\"@type\":\"Organization\",\"@id\":\"https:\/\/www.sonoraenequipo.com.mx\/#organization\",\"name\":\"Sonoraenequipo.com.mx\",\"url\":\"https:\/\/www.sonoraenequipo.com.mx\/\",\"logo\":{\"@type\":\"ImageObject\",\"inLanguage\":\"es\",\"@id\":\"https:\/\/www.sonoraenequipo.com.mx\/#\/schema\/logo\/image\/\",\"url\":\"https:\/\/www.sonoraenequipo.com.mx\/storage\/2019\/01\/sonoraenequipo_opt.png\",\"contentUrl\":\"https:\/\/www.sonoraenequipo.com.mx\/storage\/2019\/01\/sonoraenequipo_opt.png\",\"width\":375,\"height\":125,\"caption\":\"Sonoraenequipo.com.mx\"},\"image\":{\"@id\":\"https:\/\/www.sonoraenequipo.com.mx\/#\/schema\/logo\/image\/\"},\"sameAs\":[\"https:\/\/www.facebook.com\/SonoraEE\/\",\"https:\/\/x.com\/sonoraenequipo\",\"https:\/\/www.youtube.com\/channel\/UC338nW-lPEYmJQs4ZABQ1SQ\"]},{\"@type\":\"Person\",\"@id\":\"https:\/\/www.sonoraenequipo.com.mx\/#\/schema\/person\/50102df0fb23a8fa9e8effad8fa81386\",\"name\":\"enequipo\",\"image\":{\"@type\":\"ImageObject\",\"inLanguage\":\"es\",\"@id\":\"https:\/\/www.sonoraenequipo.com.mx\/#\/schema\/person\/image\/\",\"url\":\"https:\/\/secure.gravatar.com\/avatar\/049821681b589dabc0bc20695993ccebb09f5b5d4d790cd9251b97faac7c652b?s=96&d=blank&r=g\",\"contentUrl\":\"https:\/\/secure.gravatar.com\/avatar\/049821681b589dabc0bc20695993ccebb09f5b5d4d790cd9251b97faac7c652b?s=96&d=blank&r=g\",\"caption\":\"enequipo\"},\"sameAs\":[\"https:\/\/www.facebook.com\/SonoraEE\"]}]}<\/script>\n ","yoast_head_json":{"title":"Sonora en Equipo. Roban en la mansi\u00f3n de Noro\u00f1a en Tepoztl\u00e1n Rep\u00fablica","description":"CIUDAD DE M\u00c9XICO. MX.\u2014\u00a0 \u0336 \u0336\u00a0 Gerardo Fern\u00e1ndez Noro\u00f1a denunci\u00f3 el robo en su casa en Tepoztl\u00e1n la madrugada de este mi\u00e9rcoles 24 de septiembre, en un En Sonora en Equipo publicamos toda la informaci\u00f3n de Sonora, M\u00e9xico y el Mundo de manera oportuna y busca que la libertad de expresi\u00f3n sea real. Visita nuestro medio informativo publicado desde Hermosillo, Sonora. %","robots":{"index":"index","follow":"follow","max-snippet":"max-snippet:-1","max-image-preview":"max-image-preview:large","max-video-preview":"max-video-preview:-1"},"canonical":"https:\/\/www.sonoraenequipo.com.mx\/roban-en-la-mansion-de-norona-en-tepoztlan\/","og_locale":"es_ES","og_type":"article","og_title":"Sonora en Equipo. Roban en la mansi\u00f3n de Noro\u00f1a en Tepoztl\u00e1n Rep\u00fablica","og_description":"CIUDAD DE M\u00c9XICO. MX.\u2014\u00a0 \u0336 \u0336\u00a0 Gerardo Fern\u00e1ndez Noro\u00f1a denunci\u00f3 el robo en su casa en Tepoztl\u00e1n la madrugada de este mi\u00e9rcoles 24 de septiembre, en un En Sonora en Equipo publicamos toda la informaci\u00f3n de Sonora, M\u00e9xico y el Mundo de manera oportuna y busca que la libertad de expresi\u00f3n sea real. Visita nuestro medio informativo publicado desde Hermosillo, Sonora. %","og_url":"https:\/\/www.sonoraenequipo.com.mx\/roban-en-la-mansion-de-norona-en-tepoztlan\/","og_site_name":"Sonora en Equipo.","article_publisher":"https:\/\/www.facebook.com\/SonoraEE\/","article_author":"https:\/\/www.facebook.com\/SonoraEE","article_published_time":"2025-09-24T18:42:32+00:00","article_modified_time":"2025-09-24T21:43:10+00:00","og_image":[{"width":600,"height":400,"url":"https:\/\/www.sonoraenequipo.com.mx\/storage\/2025\/09\/norona-y-su-mansion.jpg","type":"image\/jpeg"}],"author":"enequipo","twitter_card":"summary_large_image","twitter_creator":"@sonoraenequipo","twitter_site":"@sonoraenequipo","twitter_misc":{"Escrito por":"enequipo","Tiempo de lectura":"1 minuto"},"schema":{"@context":"https:\/\/schema.org","@graph":[{"@type":"Article","@id":"https:\/\/www.sonoraenequipo.com.mx\/roban-en-la-mansion-de-norona-en-tepoztlan\/#article","isPartOf":{"@id":"https:\/\/www.sonoraenequipo.com.mx\/roban-en-la-mansion-de-norona-en-tepoztlan\/"},"author":{"name":"enequipo","@id":"https:\/\/www.sonoraenequipo.com.mx\/#\/schema\/person\/50102df0fb23a8fa9e8effad8fa81386"},"headline":"Roban en la mansi\u00f3n de Noro\u00f1a en Tepoztl\u00e1n","datePublished":"2025-09-24T18:42:32+00:00","dateModified":"2025-09-24T21:43:10+00:00","mainEntityOfPage":{"@id":"https:\/\/www.sonoraenequipo.com.mx\/roban-en-la-mansion-de-norona-en-tepoztlan\/"},"wordCount":219,"commentCount":0,"publisher":{"@id":"https:\/\/www.sonoraenequipo.com.mx\/#organization"},"image":{"@id":"https:\/\/www.sonoraenequipo.com.mx\/roban-en-la-mansion-de-norona-en-tepoztlan\/#primaryimage"},"thumbnailUrl":"https:\/\/www.sonoraenequipo.com.mx\/storage\/2025\/09\/norona-y-su-mansion.jpg","keywords":["mansion","NORO\u00d1A","tepoztlan"],"articleSection":["Rep\u00fablica"],"inLanguage":"es","potentialAction":[{"@type":"CommentAction","name":"Comment","target":["https:\/\/www.sonoraenequipo.com.mx\/roban-en-la-mansion-de-norona-en-tepoztlan\/#respond"]}]},{"@type":"WebPage","@id":"https:\/\/www.sonoraenequipo.com.mx\/roban-en-la-mansion-de-norona-en-tepoztlan\/","url":"https:\/\/www.sonoraenequipo.com.mx\/roban-en-la-mansion-de-norona-en-tepoztlan\/","name":"Sonora en Equipo. Roban en la mansi\u00f3n de Noro\u00f1a en Tepoztl\u00e1n Rep\u00fablica","isPartOf":{"@id":"https:\/\/www.sonoraenequipo.com.mx\/#website"},"primaryImageOfPage":{"@id":"https:\/\/www.sonoraenequipo.com.mx\/roban-en-la-mansion-de-norona-en-tepoztlan\/#primaryimage"},"image":{"@id":"https:\/\/www.sonoraenequipo.com.mx\/roban-en-la-mansion-de-norona-en-tepoztlan\/#primaryimage"},"thumbnailUrl":"https:\/\/www.sonoraenequipo.com.mx\/storage\/2025\/09\/norona-y-su-mansion.jpg","datePublished":"2025-09-24T18:42:32+00:00","dateModified":"2025-09-24T21:43:10+00:00","description":"CIUDAD DE M\u00c9XICO. MX.\u2014\u00a0 \u0336 \u0336\u00a0 Gerardo Fern\u00e1ndez Noro\u00f1a denunci\u00f3 el robo en su casa en Tepoztl\u00e1n la madrugada de este mi\u00e9rcoles 24 de septiembre, en un En Sonora en Equipo publicamos toda la informaci\u00f3n de Sonora, M\u00e9xico y el Mundo de manera oportuna y busca que la libertad de expresi\u00f3n sea real. Visita nuestro medio informativo publicado desde Hermosillo, Sonora. %","breadcrumb":{"@id":"https:\/\/www.sonoraenequipo.com.mx\/roban-en-la-mansion-de-norona-en-tepoztlan\/#breadcrumb"},"inLanguage":"es","potentialAction":[{"@type":"ReadAction","target":["https:\/\/www.sonoraenequipo.com.mx\/roban-en-la-mansion-de-norona-en-tepoztlan\/"]}]},{"@type":"ImageObject","inLanguage":"es","@id":"https:\/\/www.sonoraenequipo.com.mx\/roban-en-la-mansion-de-norona-en-tepoztlan\/#primaryimage","url":"https:\/\/www.sonoraenequipo.com.mx\/storage\/2025\/09\/norona-y-su-mansion.jpg","contentUrl":"https:\/\/www.sonoraenequipo.com.mx\/storage\/2025\/09\/norona-y-su-mansion.jpg","width":600,"height":400,"caption":"Noro\u00f1a y su pol\u00e9mica mansi\u00f3n en Tepoztl\u00e1n, Hidalgo.Foto cuarto oscuro"},{"@type":"BreadcrumbList","@id":"https:\/\/www.sonoraenequipo.com.mx\/roban-en-la-mansion-de-norona-en-tepoztlan\/#breadcrumb","itemListElement":[{"@type":"ListItem","position":1,"name":"Portada","item":"https:\/\/www.sonoraenequipo.com.mx\/"},{"@type":"ListItem","position":2,"name":"Roban en la mansi\u00f3n de Noro\u00f1a en Tepoztl\u00e1n"}]},{"@type":"WebSite","@id":"https:\/\/www.sonoraenequipo.com.mx\/#website","url":"https:\/\/www.sonoraenequipo.com.mx\/","name":"Sonora en Equipo.","description":"Diario en l\u00ednea con Noticias desde Hermosillo, Sonora","publisher":{"@id":"https:\/\/www.sonoraenequipo.com.mx\/#organization"},"potentialAction":[{"@type":"SearchAction","target":{"@type":"EntryPoint","urlTemplate":"https:\/\/www.sonoraenequipo.com.mx\/?s={search_term_string}"},"query-input":{"@type":"PropertyValueSpecification","valueRequired":true,"valueName":"search_term_string"}}],"inLanguage":"es"},{"@type":"Organization","@id":"https:\/\/www.sonoraenequipo.com.mx\/#organization","name":"Sonoraenequipo.com.mx","url":"https:\/\/www.sonoraenequipo.com.mx\/","logo":{"@type":"ImageObject","inLanguage":"es","@id":"https:\/\/www.sonoraenequipo.com.mx\/#\/schema\/logo\/image\/","url":"https:\/\/www.sonoraenequipo.com.mx\/storage\/2019\/01\/sonoraenequipo_opt.png","contentUrl":"https:\/\/www.sonoraenequipo.com.mx\/storage\/2019\/01\/sonoraenequipo_opt.png","width":375,"height":125,"caption":"Sonoraenequipo.com.mx"},"image":{"@id":"https:\/\/www.sonoraenequipo.com.mx\/#\/schema\/logo\/image\/"},"sameAs":["https:\/\/www.facebook.com\/SonoraEE\/","https:\/\/x.com\/sonoraenequipo","https:\/\/www.youtube.com\/channel\/UC338nW-lPEYmJQs4ZABQ1SQ"]},{"@type":"Person","@id":"https:\/\/www.sonoraenequipo.com.mx\/#\/schema\/person\/50102df0fb23a8fa9e8effad8fa81386","name":"enequipo","image":{"@type":"ImageObject","inLanguage":"es","@id":"https:\/\/www.sonoraenequipo.com.mx\/#\/schema\/person\/image\/","url":"https:\/\/secure.gravatar.com\/avatar\/049821681b589dabc0bc20695993ccebb09f5b5d4d790cd9251b97faac7c652b?s=96&d=blank&r=g","contentUrl":"https:\/\/secure.gravatar.com\/avatar\/049821681b589dabc0bc20695993ccebb09f5b5d4d790cd9251b97faac7c652b?s=96&d=blank&r=g","caption":"enequipo"},"sameAs":["https:\/\/www.facebook.com\/SonoraEE"]}]}},"jetpack_featured_media_url":"https:\/\/www.sonoraenequipo.com.mx\/storage\/2025\/09\/norona-y-su-mansion.jpg","_links":{"self":[{"href":"https:\/\/www.sonoraenequipo.com.mx\/api\/wp\/v2\/posts\/224624","targetHints":{"allow":["GET"]}}],"collection":[{"href":"https:\/\/www.sonoraenequipo.com.mx\/api\/wp\/v2\/posts"}],"about":[{"href":"https:\/\/www.sonoraenequipo.com.mx\/api\/wp\/v2\/types\/post"}],"author":[{"embeddable":true,"href":"https:\/\/www.sonoraenequipo.com.mx\/api\/wp\/v2\/users\/1"}],"replies":[{"embeddable":true,"href":"https:\/\/www.sonoraenequipo.com.mx\/api\/wp\/v2\/comments?post=224624"}],"version-history":[{"count":3,"href":"https:\/\/www.sonoraenequipo.com.mx\/api\/wp\/v2\/posts\/224624\/revisions"}],"predecessor-version":[{"id":224663,"href":"https:\/\/www.sonoraenequipo.com.mx\/api\/wp\/v2\/posts\/224624\/revisions\/224663"}],"wp:featuredmedia":[{"embeddable":true,"href":"https:\/\/www.sonoraenequipo.com.mx\/api\/wp\/v2\/media\/224625"}],"wp:attachment":[{"href":"https:\/\/www.sonoraenequipo.com.mx\/api\/wp\/v2\/media?parent=224624"}],"wp:term":[{"taxonomy":"category","embeddable":true,"href":"https:\/\/www.sonoraenequipo.com.mx\/api\/wp\/v2\/categories?post=224624"},{"taxonomy":"post_tag","embeddable":true,"href":"https:\/\/www.sonoraenequipo.com.mx\/api\/wp\/v2\/tags?post=224624"}],"curies":[{"name":"wp","href":"https:\/\/api.w.org\/{rel}","templated":true}]}}