{"id":224636,"date":"2025-09-24T12:32:54","date_gmt":"2025-09-24T19:32:54","guid":{"rendered":"https:\/\/www.sonoraenequipo.com.mx\/?p=224636"},"modified":"2025-09-24T12:32:54","modified_gmt":"2025-09-24T19:32:54","slug":"inflacion-anual-fue-de-3-74-en-la-primera-quincena-de-septiembre-de-2025","status":"publish","type":"post","link":"https:\/\/www.sonoraenequipo.com.mx\/inflacion-anual-fue-de-3-74-en-la-primera-quincena-de-septiembre-de-2025\/","title":{"rendered":"Inflaci\u00f3n anual fue de 3.74\u2009%, en la primera quincena de septiembre de 2025"},"content":{"rendered":"<p><strong>CIUDAD DE M\u00c9XICO.<\/strong><strong> \u0336 \u0336\u00a0 <\/strong>El \u00cdndice Nacional de Precios al Consumidor (INPC) es una medida de cambio promedio en los precios de los productos que forman una canasta de bienes y servicios representativa del consumo de los hogares del pa\u00eds, a lo largo del tiempo.<\/p>\n<p>&nbsp;<\/p>\n<p>En la primera quincena de septiembre de 2025, el INPC registr\u00f3 un nivel de 141.181: aument\u00f3 0.18\u2009% respecto a la quincena anterior. Con este resultado, la inflaci\u00f3n general anual se ubic\u00f3 en 3.74\u2009por\u2009ciento. En el mismo periodo de 2024, la inflaci\u00f3n quincenal fue de 0.09\u2009% y la anual, de 4.66\u2009% .<\/p>\n<p>&nbsp;<\/p>\n<p>El \u00edndice de precios subyacente, que excluye bienes y servicios con precios m\u00e1s vol\u00e1tiles o que no responden a condiciones de mercado, increment\u00f3 0.22\u2009% a tasa quincenal.<\/p>\n<p>A su interior, los precios de las mercanc\u00edas subieron 0.23\u2009% y los de servicios, 0.20\u2009por\u2009ciento.<\/p>\n<p>&nbsp;<\/p>\n<p>A tasa quincenal, el \u00edndice de precios no subyacente creci\u00f3 0.03\u2009por\u2009ciento. Dentro de este, los precios de los productos pecuarios ascendieron 0.24\u2009% y los de energ\u00e9ticos y tarifas autorizadas por el gobierno cayeron 0.04\u2009%.<\/p>\n<p><strong>Fecha de publicaci\u00f3n mi\u00e9rcoles 22 de septiembre de 2025<\/strong><\/p>\n","protected":false},"excerpt":{"rendered":"<p>CIUDAD DE M\u00c9XICO. \u0336 \u0336\u00a0 El \u00cdndice Nacional de Precios al Consumidor (INPC) es una&#8230;<\/p>\n","protected":false},"author":1,"featured_media":194121,"comment_status":"open","ping_status":"open","sticky":false,"template":"","format":"standard","meta":{"_monsterinsights_skip_tracking":false,"_monsterinsights_sitenote_active":false,"_monsterinsights_sitenote_note":"","_monsterinsights_sitenote_category":0,"footnotes":""},"categories":[3],"tags":[1601],"class_list":["post"],"yoast_head":" \n<title>Sonora en Equipo. Inflaci\u00f3n anual fue de 3.74\u2009%, en la primera quincena de septiembre de 2025 MUNDO<\/title>\n<meta name=\"description\" content=\"CIUDAD DE M\u00c9XICO. \u0336 \u0336\u00a0 El \u00cdndice Nacional de Precios al Consumidor (INPC) es una medida de cambio promedio en los precios de los productos que forman una En Sonora en Equipo publicamos toda la informaci\u00f3n de Sonora, M\u00e9xico y el Mundo de manera oportuna y busca que la libertad de expresi\u00f3n sea real. Visita nuestro medio informativo publicado desde Hermosillo, Sonora. %\" \/>\n<meta name=\"robots\" content=\"index, follow, max-snippet:-1, max-image-preview:large, max-video-preview:-1\" \/>\n<link rel=\"canonical\" href=\"https:\/\/www.sonoraenequipo.com.mx\/inflacion-anual-fue-de-3-74-en-la-primera-quincena-de-septiembre-de-2025\/\" \/>\n<meta property=\"og:locale\" content=\"es_ES\" \/>\n<meta property=\"og:type\" content=\"article\" \/>\n<meta property=\"og:title\" content=\"Sonora en Equipo. Inflaci\u00f3n anual fue de 3.74\u2009%, en la primera quincena de septiembre de 2025 MUNDO\" \/>\n<meta property=\"og:description\" content=\"CIUDAD DE M\u00c9XICO. \u0336 \u0336\u00a0 El \u00cdndice Nacional de Precios al Consumidor (INPC) es una medida de cambio promedio en los precios de los productos que forman una En Sonora en Equipo publicamos toda la informaci\u00f3n de Sonora, M\u00e9xico y el Mundo de manera oportuna y busca que la libertad de expresi\u00f3n sea real. Visita nuestro medio informativo publicado desde Hermosillo, Sonora. %\" \/>\n<meta property=\"og:url\" content=\"https:\/\/www.sonoraenequipo.com.mx\/inflacion-anual-fue-de-3-74-en-la-primera-quincena-de-septiembre-de-2025\/\" \/>\n<meta property=\"og:site_name\" content=\"Sonora en Equipo.\" \/>\n<meta property=\"article:publisher\" content=\"https:\/\/www.facebook.com\/SonoraEE\/\" \/>\n<meta property=\"article:author\" content=\"https:\/\/www.facebook.com\/SonoraEE\" \/>\n<meta property=\"article:published_time\" content=\"2025-09-24T19:32:54+00:00\" \/>\n<meta property=\"og:image\" content=\"https:\/\/www.sonoraenequipo.com.mx\/storage\/2024\/07\/inflacion-se-acelera-a-498-en-junio-de-2024-inegi-min.jpg\" \/>\n\t<meta property=\"og:image:width\" content=\"900\" \/>\n\t<meta property=\"og:image:height\" content=\"479\" \/>\n\t<meta property=\"og:image:type\" content=\"image\/jpeg\" \/>\n<meta name=\"author\" content=\"enequipo\" \/>\n<meta name=\"twitter:card\" content=\"summary_large_image\" \/>\n<meta name=\"twitter:creator\" content=\"@sonoraenequipo\" \/>\n<meta name=\"twitter:site\" content=\"@sonoraenequipo\" \/>\n<meta name=\"twitter:label1\" content=\"Escrito por\" \/>\n\t<meta name=\"twitter:data1\" content=\"enequipo\" \/>\n\t<meta name=\"twitter:label2\" content=\"Tiempo de lectura\" \/>\n\t<meta name=\"twitter:data2\" content=\"1 minuto\" \/>\n<script type=\"application\/ld+json\" class=\"yoast-schema-graph\">{\"@context\":\"https:\/\/schema.org\",\"@graph\":[{\"@type\":\"Article\",\"@id\":\"https:\/\/www.sonoraenequipo.com.mx\/inflacion-anual-fue-de-3-74-en-la-primera-quincena-de-septiembre-de-2025\/#article\",\"isPartOf\":{\"@id\":\"https:\/\/www.sonoraenequipo.com.mx\/inflacion-anual-fue-de-3-74-en-la-primera-quincena-de-septiembre-de-2025\/\"},\"author\":{\"name\":\"enequipo\",\"@id\":\"https:\/\/www.sonoraenequipo.com.mx\/#\/schema\/person\/50102df0fb23a8fa9e8effad8fa81386\"},\"headline\":\"Inflaci\u00f3n anual fue de 3.74\u2009%, en la primera quincena de septiembre de 2025\",\"datePublished\":\"2025-09-24T19:32:54+00:00\",\"mainEntityOfPage\":{\"@id\":\"https:\/\/www.sonoraenequipo.com.mx\/inflacion-anual-fue-de-3-74-en-la-primera-quincena-de-septiembre-de-2025\/\"},\"wordCount\":195,\"commentCount\":0,\"publisher\":{\"@id\":\"https:\/\/www.sonoraenequipo.com.mx\/#organization\"},\"image\":{\"@id\":\"https:\/\/www.sonoraenequipo.com.mx\/inflacion-anual-fue-de-3-74-en-la-primera-quincena-de-septiembre-de-2025\/#primaryimage\"},\"thumbnailUrl\":\"https:\/\/www.sonoraenequipo.com.mx\/storage\/2024\/07\/inflacion-se-acelera-a-498-en-junio-de-2024-inegi-min.jpg\",\"keywords\":[\"inflacion\"],\"articleSection\":[\"MUNDO\"],\"inLanguage\":\"es\",\"potentialAction\":[{\"@type\":\"CommentAction\",\"name\":\"Comment\",\"target\":[\"https:\/\/www.sonoraenequipo.com.mx\/inflacion-anual-fue-de-3-74-en-la-primera-quincena-de-septiembre-de-2025\/#respond\"]}]},{\"@type\":\"WebPage\",\"@id\":\"https:\/\/www.sonoraenequipo.com.mx\/inflacion-anual-fue-de-3-74-en-la-primera-quincena-de-septiembre-de-2025\/\",\"url\":\"https:\/\/www.sonoraenequipo.com.mx\/inflacion-anual-fue-de-3-74-en-la-primera-quincena-de-septiembre-de-2025\/\",\"name\":\"Sonora en Equipo. Inflaci\u00f3n anual fue de 3.74\u2009%, en la primera quincena de septiembre de 2025 MUNDO\",\"isPartOf\":{\"@id\":\"https:\/\/www.sonoraenequipo.com.mx\/#website\"},\"primaryImageOfPage\":{\"@id\":\"https:\/\/www.sonoraenequipo.com.mx\/inflacion-anual-fue-de-3-74-en-la-primera-quincena-de-septiembre-de-2025\/#primaryimage\"},\"image\":{\"@id\":\"https:\/\/www.sonoraenequipo.com.mx\/inflacion-anual-fue-de-3-74-en-la-primera-quincena-de-septiembre-de-2025\/#primaryimage\"},\"thumbnailUrl\":\"https:\/\/www.sonoraenequipo.com.mx\/storage\/2024\/07\/inflacion-se-acelera-a-498-en-junio-de-2024-inegi-min.jpg\",\"datePublished\":\"2025-09-24T19:32:54+00:00\",\"description\":\"CIUDAD DE M\u00c9XICO. \u0336 \u0336\u00a0 El \u00cdndice Nacional de Precios al Consumidor (INPC) es una medida de cambio promedio en los precios de los productos que forman una En Sonora en Equipo publicamos toda la informaci\u00f3n de Sonora, M\u00e9xico y el Mundo de manera oportuna y busca que la libertad de expresi\u00f3n sea real. Visita nuestro medio informativo publicado desde Hermosillo, Sonora. %\",\"breadcrumb\":{\"@id\":\"https:\/\/www.sonoraenequipo.com.mx\/inflacion-anual-fue-de-3-74-en-la-primera-quincena-de-septiembre-de-2025\/#breadcrumb\"},\"inLanguage\":\"es\",\"potentialAction\":[{\"@type\":\"ReadAction\",\"target\":[\"https:\/\/www.sonoraenequipo.com.mx\/inflacion-anual-fue-de-3-74-en-la-primera-quincena-de-septiembre-de-2025\/\"]}]},{\"@type\":\"ImageObject\",\"inLanguage\":\"es\",\"@id\":\"https:\/\/www.sonoraenequipo.com.mx\/inflacion-anual-fue-de-3-74-en-la-primera-quincena-de-septiembre-de-2025\/#primaryimage\",\"url\":\"https:\/\/www.sonoraenequipo.com.mx\/storage\/2024\/07\/inflacion-se-acelera-a-498-en-junio-de-2024-inegi-min.jpg\",\"contentUrl\":\"https:\/\/www.sonoraenequipo.com.mx\/storage\/2024\/07\/inflacion-se-acelera-a-498-en-junio-de-2024-inegi-min.jpg\",\"width\":900,\"height\":479},{\"@type\":\"BreadcrumbList\",\"@id\":\"https:\/\/www.sonoraenequipo.com.mx\/inflacion-anual-fue-de-3-74-en-la-primera-quincena-de-septiembre-de-2025\/#breadcrumb\",\"itemListElement\":[{\"@type\":\"ListItem\",\"position\":1,\"name\":\"Portada\",\"item\":\"https:\/\/www.sonoraenequipo.com.mx\/\"},{\"@type\":\"ListItem\",\"position\":2,\"name\":\"Inflaci\u00f3n anual fue de 3.74\u2009%, en la primera quincena de septiembre de 2025\"}]},{\"@type\":\"WebSite\",\"@id\":\"https:\/\/www.sonoraenequipo.com.mx\/#website\",\"url\":\"https:\/\/www.sonoraenequipo.com.mx\/\",\"name\":\"Sonora en Equipo.\",\"description\":\"Diario en l\u00ednea con Noticias desde Hermosillo, Sonora\",\"publisher\":{\"@id\":\"https:\/\/www.sonoraenequipo.com.mx\/#organization\"},\"potentialAction\":[{\"@type\":\"SearchAction\",\"target\":{\"@type\":\"EntryPoint\",\"urlTemplate\":\"https:\/\/www.sonoraenequipo.com.mx\/?s={search_term_string}\"},\"query-input\":{\"@type\":\"PropertyValueSpecification\",\"valueRequired\":true,\"valueName\":\"search_term_string\"}}],\"inLanguage\":\"es\"},{\"@type\":\"Organization\",\"@id\":\"https:\/\/www.sonoraenequipo.com.mx\/#organization\",\"name\":\"Sonoraenequipo.com.mx\",\"url\":\"https:\/\/www.sonoraenequipo.com.mx\/\",\"logo\":{\"@type\":\"ImageObject\",\"inLanguage\":\"es\",\"@id\":\"https:\/\/www.sonoraenequipo.com.mx\/#\/schema\/logo\/image\/\",\"url\":\"https:\/\/www.sonoraenequipo.com.mx\/storage\/2019\/01\/sonoraenequipo_opt.png\",\"contentUrl\":\"https:\/\/www.sonoraenequipo.com.mx\/storage\/2019\/01\/sonoraenequipo_opt.png\",\"width\":375,\"height\":125,\"caption\":\"Sonoraenequipo.com.mx\"},\"image\":{\"@id\":\"https:\/\/www.sonoraenequipo.com.mx\/#\/schema\/logo\/image\/\"},\"sameAs\":[\"https:\/\/www.facebook.com\/SonoraEE\/\",\"https:\/\/x.com\/sonoraenequipo\",\"https:\/\/www.youtube.com\/channel\/UC338nW-lPEYmJQs4ZABQ1SQ\"]},{\"@type\":\"Person\",\"@id\":\"https:\/\/www.sonoraenequipo.com.mx\/#\/schema\/person\/50102df0fb23a8fa9e8effad8fa81386\",\"name\":\"enequipo\",\"image\":{\"@type\":\"ImageObject\",\"inLanguage\":\"es\",\"@id\":\"https:\/\/www.sonoraenequipo.com.mx\/#\/schema\/person\/image\/\",\"url\":\"https:\/\/secure.gravatar.com\/avatar\/049821681b589dabc0bc20695993ccebb09f5b5d4d790cd9251b97faac7c652b?s=96&d=blank&r=g\",\"contentUrl\":\"https:\/\/secure.gravatar.com\/avatar\/049821681b589dabc0bc20695993ccebb09f5b5d4d790cd9251b97faac7c652b?s=96&d=blank&r=g\",\"caption\":\"enequipo\"},\"sameAs\":[\"https:\/\/www.facebook.com\/SonoraEE\"]}]}<\/script>\n ","yoast_head_json":{"title":"Sonora en Equipo. Inflaci\u00f3n anual fue de 3.74\u2009%, en la primera quincena de septiembre de 2025 MUNDO","description":"CIUDAD DE M\u00c9XICO. \u0336 \u0336\u00a0 El \u00cdndice Nacional de Precios al Consumidor (INPC) es una medida de cambio promedio en los precios de los productos que forman una En Sonora en Equipo publicamos toda la informaci\u00f3n de Sonora, M\u00e9xico y el Mundo de manera oportuna y busca que la libertad de expresi\u00f3n sea real. Visita nuestro medio informativo publicado desde Hermosillo, Sonora. %","robots":{"index":"index","follow":"follow","max-snippet":"max-snippet:-1","max-image-preview":"max-image-preview:large","max-video-preview":"max-video-preview:-1"},"canonical":"https:\/\/www.sonoraenequipo.com.mx\/inflacion-anual-fue-de-3-74-en-la-primera-quincena-de-septiembre-de-2025\/","og_locale":"es_ES","og_type":"article","og_title":"Sonora en Equipo. Inflaci\u00f3n anual fue de 3.74\u2009%, en la primera quincena de septiembre de 2025 MUNDO","og_description":"CIUDAD DE M\u00c9XICO. \u0336 \u0336\u00a0 El \u00cdndice Nacional de Precios al Consumidor (INPC) es una medida de cambio promedio en los precios de los productos que forman una En Sonora en Equipo publicamos toda la informaci\u00f3n de Sonora, M\u00e9xico y el Mundo de manera oportuna y busca que la libertad de expresi\u00f3n sea real. Visita nuestro medio informativo publicado desde Hermosillo, Sonora. %","og_url":"https:\/\/www.sonoraenequipo.com.mx\/inflacion-anual-fue-de-3-74-en-la-primera-quincena-de-septiembre-de-2025\/","og_site_name":"Sonora en Equipo.","article_publisher":"https:\/\/www.facebook.com\/SonoraEE\/","article_author":"https:\/\/www.facebook.com\/SonoraEE","article_published_time":"2025-09-24T19:32:54+00:00","og_image":[{"width":900,"height":479,"url":"https:\/\/www.sonoraenequipo.com.mx\/storage\/2024\/07\/inflacion-se-acelera-a-498-en-junio-de-2024-inegi-min.jpg","type":"image\/jpeg"}],"author":"enequipo","twitter_card":"summary_large_image","twitter_creator":"@sonoraenequipo","twitter_site":"@sonoraenequipo","twitter_misc":{"Escrito por":"enequipo","Tiempo de lectura":"1 minuto"},"schema":{"@context":"https:\/\/schema.org","@graph":[{"@type":"Article","@id":"https:\/\/www.sonoraenequipo.com.mx\/inflacion-anual-fue-de-3-74-en-la-primera-quincena-de-septiembre-de-2025\/#article","isPartOf":{"@id":"https:\/\/www.sonoraenequipo.com.mx\/inflacion-anual-fue-de-3-74-en-la-primera-quincena-de-septiembre-de-2025\/"},"author":{"name":"enequipo","@id":"https:\/\/www.sonoraenequipo.com.mx\/#\/schema\/person\/50102df0fb23a8fa9e8effad8fa81386"},"headline":"Inflaci\u00f3n anual fue de 3.74\u2009%, en la primera quincena de septiembre de 2025","datePublished":"2025-09-24T19:32:54+00:00","mainEntityOfPage":{"@id":"https:\/\/www.sonoraenequipo.com.mx\/inflacion-anual-fue-de-3-74-en-la-primera-quincena-de-septiembre-de-2025\/"},"wordCount":195,"commentCount":0,"publisher":{"@id":"https:\/\/www.sonoraenequipo.com.mx\/#organization"},"image":{"@id":"https:\/\/www.sonoraenequipo.com.mx\/inflacion-anual-fue-de-3-74-en-la-primera-quincena-de-septiembre-de-2025\/#primaryimage"},"thumbnailUrl":"https:\/\/www.sonoraenequipo.com.mx\/storage\/2024\/07\/inflacion-se-acelera-a-498-en-junio-de-2024-inegi-min.jpg","keywords":["inflacion"],"articleSection":["MUNDO"],"inLanguage":"es","potentialAction":[{"@type":"CommentAction","name":"Comment","target":["https:\/\/www.sonoraenequipo.com.mx\/inflacion-anual-fue-de-3-74-en-la-primera-quincena-de-septiembre-de-2025\/#respond"]}]},{"@type":"WebPage","@id":"https:\/\/www.sonoraenequipo.com.mx\/inflacion-anual-fue-de-3-74-en-la-primera-quincena-de-septiembre-de-2025\/","url":"https:\/\/www.sonoraenequipo.com.mx\/inflacion-anual-fue-de-3-74-en-la-primera-quincena-de-septiembre-de-2025\/","name":"Sonora en Equipo. Inflaci\u00f3n anual fue de 3.74\u2009%, en la primera quincena de septiembre de 2025 MUNDO","isPartOf":{"@id":"https:\/\/www.sonoraenequipo.com.mx\/#website"},"primaryImageOfPage":{"@id":"https:\/\/www.sonoraenequipo.com.mx\/inflacion-anual-fue-de-3-74-en-la-primera-quincena-de-septiembre-de-2025\/#primaryimage"},"image":{"@id":"https:\/\/www.sonoraenequipo.com.mx\/inflacion-anual-fue-de-3-74-en-la-primera-quincena-de-septiembre-de-2025\/#primaryimage"},"thumbnailUrl":"https:\/\/www.sonoraenequipo.com.mx\/storage\/2024\/07\/inflacion-se-acelera-a-498-en-junio-de-2024-inegi-min.jpg","datePublished":"2025-09-24T19:32:54+00:00","description":"CIUDAD DE M\u00c9XICO. \u0336 \u0336\u00a0 El \u00cdndice Nacional de Precios al Consumidor (INPC) es una medida de cambio promedio en los precios de los productos que forman una En Sonora en Equipo publicamos toda la informaci\u00f3n de Sonora, M\u00e9xico y el Mundo de manera oportuna y busca que la libertad de expresi\u00f3n sea real. Visita nuestro medio informativo publicado desde Hermosillo, Sonora. %","breadcrumb":{"@id":"https:\/\/www.sonoraenequipo.com.mx\/inflacion-anual-fue-de-3-74-en-la-primera-quincena-de-septiembre-de-2025\/#breadcrumb"},"inLanguage":"es","potentialAction":[{"@type":"ReadAction","target":["https:\/\/www.sonoraenequipo.com.mx\/inflacion-anual-fue-de-3-74-en-la-primera-quincena-de-septiembre-de-2025\/"]}]},{"@type":"ImageObject","inLanguage":"es","@id":"https:\/\/www.sonoraenequipo.com.mx\/inflacion-anual-fue-de-3-74-en-la-primera-quincena-de-septiembre-de-2025\/#primaryimage","url":"https:\/\/www.sonoraenequipo.com.mx\/storage\/2024\/07\/inflacion-se-acelera-a-498-en-junio-de-2024-inegi-min.jpg","contentUrl":"https:\/\/www.sonoraenequipo.com.mx\/storage\/2024\/07\/inflacion-se-acelera-a-498-en-junio-de-2024-inegi-min.jpg","width":900,"height":479},{"@type":"BreadcrumbList","@id":"https:\/\/www.sonoraenequipo.com.mx\/inflacion-anual-fue-de-3-74-en-la-primera-quincena-de-septiembre-de-2025\/#breadcrumb","itemListElement":[{"@type":"ListItem","position":1,"name":"Portada","item":"https:\/\/www.sonoraenequipo.com.mx\/"},{"@type":"ListItem","position":2,"name":"Inflaci\u00f3n anual fue de 3.74\u2009%, en la primera quincena de septiembre de 2025"}]},{"@type":"WebSite","@id":"https:\/\/www.sonoraenequipo.com.mx\/#website","url":"https:\/\/www.sonoraenequipo.com.mx\/","name":"Sonora en Equipo.","description":"Diario en l\u00ednea con Noticias desde Hermosillo, Sonora","publisher":{"@id":"https:\/\/www.sonoraenequipo.com.mx\/#organization"},"potentialAction":[{"@type":"SearchAction","target":{"@type":"EntryPoint","urlTemplate":"https:\/\/www.sonoraenequipo.com.mx\/?s={search_term_string}"},"query-input":{"@type":"PropertyValueSpecification","valueRequired":true,"valueName":"search_term_string"}}],"inLanguage":"es"},{"@type":"Organization","@id":"https:\/\/www.sonoraenequipo.com.mx\/#organization","name":"Sonoraenequipo.com.mx","url":"https:\/\/www.sonoraenequipo.com.mx\/","logo":{"@type":"ImageObject","inLanguage":"es","@id":"https:\/\/www.sonoraenequipo.com.mx\/#\/schema\/logo\/image\/","url":"https:\/\/www.sonoraenequipo.com.mx\/storage\/2019\/01\/sonoraenequipo_opt.png","contentUrl":"https:\/\/www.sonoraenequipo.com.mx\/storage\/2019\/01\/sonoraenequipo_opt.png","width":375,"height":125,"caption":"Sonoraenequipo.com.mx"},"image":{"@id":"https:\/\/www.sonoraenequipo.com.mx\/#\/schema\/logo\/image\/"},"sameAs":["https:\/\/www.facebook.com\/SonoraEE\/","https:\/\/x.com\/sonoraenequipo","https:\/\/www.youtube.com\/channel\/UC338nW-lPEYmJQs4ZABQ1SQ"]},{"@type":"Person","@id":"https:\/\/www.sonoraenequipo.com.mx\/#\/schema\/person\/50102df0fb23a8fa9e8effad8fa81386","name":"enequipo","image":{"@type":"ImageObject","inLanguage":"es","@id":"https:\/\/www.sonoraenequipo.com.mx\/#\/schema\/person\/image\/","url":"https:\/\/secure.gravatar.com\/avatar\/049821681b589dabc0bc20695993ccebb09f5b5d4d790cd9251b97faac7c652b?s=96&d=blank&r=g","contentUrl":"https:\/\/secure.gravatar.com\/avatar\/049821681b589dabc0bc20695993ccebb09f5b5d4d790cd9251b97faac7c652b?s=96&d=blank&r=g","caption":"enequipo"},"sameAs":["https:\/\/www.facebook.com\/SonoraEE"]}]}},"jetpack_featured_media_url":"https:\/\/www.sonoraenequipo.com.mx\/storage\/2024\/07\/inflacion-se-acelera-a-498-en-junio-de-2024-inegi-min.jpg","_links":{"self":[{"href":"https:\/\/www.sonoraenequipo.com.mx\/api\/wp\/v2\/posts\/224636","targetHints":{"allow":["GET"]}}],"collection":[{"href":"https:\/\/www.sonoraenequipo.com.mx\/api\/wp\/v2\/posts"}],"about":[{"href":"https:\/\/www.sonoraenequipo.com.mx\/api\/wp\/v2\/types\/post"}],"author":[{"embeddable":true,"href":"https:\/\/www.sonoraenequipo.com.mx\/api\/wp\/v2\/users\/1"}],"replies":[{"embeddable":true,"href":"https:\/\/www.sonoraenequipo.com.mx\/api\/wp\/v2\/comments?post=224636"}],"version-history":[{"count":1,"href":"https:\/\/www.sonoraenequipo.com.mx\/api\/wp\/v2\/posts\/224636\/revisions"}],"predecessor-version":[{"id":224637,"href":"https:\/\/www.sonoraenequipo.com.mx\/api\/wp\/v2\/posts\/224636\/revisions\/224637"}],"wp:featuredmedia":[{"embeddable":true,"href":"https:\/\/www.sonoraenequipo.com.mx\/api\/wp\/v2\/media\/194121"}],"wp:attachment":[{"href":"https:\/\/www.sonoraenequipo.com.mx\/api\/wp\/v2\/media?parent=224636"}],"wp:term":[{"taxonomy":"category","embeddable":true,"href":"https:\/\/www.sonoraenequipo.com.mx\/api\/wp\/v2\/categories?post=224636"},{"taxonomy":"post_tag","embeddable":true,"href":"https:\/\/www.sonoraenequipo.com.mx\/api\/wp\/v2\/tags?post=224636"}],"curies":[{"name":"wp","href":"https:\/\/api.w.org\/{rel}","templated":true}]}}