{"id":224708,"date":"2025-09-25T13:05:05","date_gmt":"2025-09-25T20:05:05","guid":{"rendered":"https:\/\/www.sonoraenequipo.com.mx\/?p=224708"},"modified":"2025-09-25T13:05:05","modified_gmt":"2025-09-25T20:05:05","slug":"disminuye-tasa-de-nacimientos-registrados-4-5-de-2023-a-2024","status":"publish","type":"post","link":"https:\/\/www.sonoraenequipo.com.mx\/disminuye-tasa-de-nacimientos-registrados-4-5-de-2023-a-2024\/","title":{"rendered":"Disminuye tasa de nacimientos registrados 4.5% de 2023 a 2024"},"content":{"rendered":"<p>Frente fr&iacute;o no cruzar&aacute; Sonora, pero s&iacute; habr&aacute; disminuci&oacute;n de temperatura<\/p>\n<p>&nbsp;<\/p>\n<p>&nbsp;<\/p>\n<p><strong>HERMOSILLO, SONORA, MX.<\/strong> &mdash; Aunque se esperaba la llegada del primer frente fr&iacute;o a Sonora, este no cruzar&aacute; el estado. Sin embargo, en combinaci&oacute;n con otros sistemas, s&iacute; provocar&aacute; un descenso de temperaturas y la posibilidad de lluvias a partir de la tarde de este jueves 25 de septiembre.<\/p>\n<p>Carlos Manuel Minj&aacute;rez Sosa, responsable del Pron&oacute;stico Meteorol&oacute;gico de la Universidad de Sonora (Prometeus), explic&oacute; que en esta &eacute;poca es poco com&uacute;n que los frentes fr&iacute;os afecten directamente a Sonora, pues suelen desviarse hacia el este. En este caso, dijo, el frente fr&iacute;o pasar&aacute; por el norte de Texas y no tendr&aacute; impacto directo en la entidad, pero s&iacute; influir&aacute; de forma indirecta.<\/p>\n<p>Detall&oacute; que la interacci&oacute;n del frente con una corriente en chorro y un sistema de baja presi&oacute;n en niveles medios de la atm&oacute;sfera generar&aacute; nublados y la posibilidad de lluvias en la regi&oacute;n.<\/p>\n<p>Estos efectos, agreg&oacute;, comenzar&aacute;n a sentirse durante la tarde de este jueves, aunque por la ma&ntilde;ana las temperaturas podr&iacute;an superar los 40 grados cent&iacute;grados.<\/p>\n<p>Para el fin de semana, se esperan condiciones que en meteorolog&iacute;a se catalogan como &ldquo;mal tiempo&rdquo;, pero que para los sonorenses representan un respiro: temperaturas m&iacute;nimas de entre 21 y 22 grados cent&iacute;grados y m&aacute;ximas de 30 a 36 grados, as&iacute; como cielo nublado y potencial de tormentas, inform&oacute; el investigador del Departamento de F&iacute;sica.&nbsp;<\/p>\n<p>En cuanto a los siguientes d&iacute;as, el especialista pronostic&oacute; para ma&ntilde;ana viernes nublados y lluvias dispersas en Hermosillo y otras zonas del estado.<\/p>\n<p>Minj&aacute;rez Sosa record&oacute; que el Servicio Meteorol&oacute;gico Nacional prev&eacute; cinco frentes fr&iacute;os para septiembre y otros cinco para octubre en todo el pa&iacute;s, pero subray&oacute; que en Sonora a&uacute;n es necesario mantener precauciones ante el calor.<\/p>\n<p>Recomend&oacute; a la poblaci&oacute;n mantenerse hidratada, evitar la exposici&oacute;n prolongada al sol y aprovechar estos descensos de temperatura para realizar actividades al aire libre de forma segura.<\/p>\n<p><strong>Fecha de publicaci&oacute;n jueves 25 de septiembre de 2025<\/strong><\/p>\n<p>&nbsp;<\/p>\n<p>&nbsp;<\/p>\n<p>Disminuye tasa de nacimientos registrados 4.5% de 2023 a 2024<\/p>\n<p>La tasa de nacimientos registrados por cada mil mujeres en edad f&eacute;rtil (15 a 49 a&ntilde;os) fue de 47.7; disminuy&oacute; 4.5 respecto al a&ntilde;o anterior.<\/p>\n<p>De las personas registradas, 82.0 % obtuvo su acta de nacimiento antes de cumplir un a&ntilde;o.<\/p>\n<p>Chiapas present&oacute; la tasa m&aacute;s alta de nacimientos por cada mil mujeres en edad f&eacute;rtil, con 86.7.<\/p>\n<p>De las personas registradas, 49.4 % correspondi&oacute; a mujeres y 50.6 %, a hombres.<\/p>\n<p>La Estad&iacute;stica de Nacimientos Registrados (ENR) se genera anualmente a partir de la informaci&oacute;n que se capta durante el registro de los nacimientos que realizan las Oficial&iacute;as del Registro Civil en todo el pa&iacute;s. La informaci&oacute;n que integra la ENR la suministraron 4 924 fuentes informantes.<\/p>\n<p>&nbsp;<\/p>\n<ol>\n<li><strong> PRINCIPALES RESULTADOS<\/strong><\/li>\n<\/ol>\n<p>&nbsp;<\/p>\n<p>Caracter&iacute;sticas del nacimiento<\/p>\n<p>&nbsp;<\/p>\n<p>En M&eacute;xico, durante 2024, se contabilizaron 1 672 227 nacimientos registrados. La tasa de nacimientos registrados por cada mil mujeres en edad f&eacute;rtil (15 a 49 a&ntilde;os) fue de 47.7. La disminuci&oacute;n fue de 4.5por ciento &nbsp;respecto al a&ntilde;o anterior.<\/p>\n<p><strong>Fecha de publicaci&oacute;n jueves 25 de septiembre de 2025\/ INEGI<\/strong><\/p>\n","protected":false},"excerpt":{"rendered":"<p>Frente fr&iacute;o no cruzar&aacute; Sonora, pero s&iacute; habr&aacute; disminuci&oacute;n de temperatura &nbsp; &nbsp; HERMOSILLO, SONORA,&#8230;<\/p>\n","protected":false},"author":1,"featured_media":175177,"comment_status":"open","ping_status":"open","sticky":false,"template":"","format":"standard","meta":{"_monsterinsights_skip_tracking":false,"_monsterinsights_sitenote_active":false,"_monsterinsights_sitenote_note":"","_monsterinsights_sitenote_category":0,"footnotes":""},"categories":[6493],"tags":[7542],"class_list":["post"],"yoast_head":" \n<title>Sonora en Equipo. Disminuye tasa de nacimientos registrados 4.5% de 2023 a 2024 PALABRAS Y N\u00daMEROS<\/title>\n<meta name=\"description\" content=\"Frente fr&iacute;o no cruzar&aacute; Sonora, pero s&iacute; habr&aacute; disminuci&oacute;n de temperatura &nbsp; &nbsp; HERMOSILLO, SONORA, MX. &mdash; En Sonora en Equipo publicamos toda la informaci\u00f3n de Sonora, M\u00e9xico y el Mundo de manera oportuna y busca que la libertad de expresi\u00f3n sea real. Visita nuestro medio informativo publicado desde Hermosillo, Sonora. %\" \/>\n<meta name=\"robots\" content=\"index, follow, max-snippet:-1, max-image-preview:large, max-video-preview:-1\" \/>\n<link rel=\"canonical\" href=\"https:\/\/www.sonoraenequipo.com.mx\/disminuye-tasa-de-nacimientos-registrados-4-5-de-2023-a-2024\/\" \/>\n<meta property=\"og:locale\" content=\"es_ES\" \/>\n<meta property=\"og:type\" content=\"article\" \/>\n<meta property=\"og:title\" content=\"Sonora en Equipo. Disminuye tasa de nacimientos registrados 4.5% de 2023 a 2024 PALABRAS Y N\u00daMEROS\" \/>\n<meta property=\"og:description\" content=\"Frente fr&iacute;o no cruzar&aacute; Sonora, pero s&iacute; habr&aacute; disminuci&oacute;n de temperatura &nbsp; &nbsp; HERMOSILLO, SONORA, MX. &mdash; En Sonora en Equipo publicamos toda la informaci\u00f3n de Sonora, M\u00e9xico y el Mundo de manera oportuna y busca que la libertad de expresi\u00f3n sea real. Visita nuestro medio informativo publicado desde Hermosillo, Sonora. %\" \/>\n<meta property=\"og:url\" content=\"https:\/\/www.sonoraenequipo.com.mx\/disminuye-tasa-de-nacimientos-registrados-4-5-de-2023-a-2024\/\" \/>\n<meta property=\"og:site_name\" content=\"Sonora en Equipo.\" \/>\n<meta property=\"article:publisher\" content=\"https:\/\/www.facebook.com\/SonoraEE\/\" \/>\n<meta property=\"article:author\" content=\"https:\/\/www.facebook.com\/SonoraEE\" \/>\n<meta property=\"article:published_time\" content=\"2025-09-25T20:05:05+00:00\" \/>\n<meta property=\"og:image\" content=\"https:\/\/www.sonoraenequipo.com.mx\/storage\/2023\/09\/nacimiento.jpg\" \/>\n\t<meta property=\"og:image:width\" content=\"900\" \/>\n\t<meta property=\"og:image:height\" content=\"598\" \/>\n\t<meta property=\"og:image:type\" content=\"image\/jpeg\" \/>\n<meta name=\"author\" content=\"enequipo\" \/>\n<meta name=\"twitter:card\" content=\"summary_large_image\" \/>\n<meta name=\"twitter:creator\" content=\"@sonoraenequipo\" \/>\n<meta name=\"twitter:site\" content=\"@sonoraenequipo\" \/>\n<meta name=\"twitter:label1\" content=\"Escrito por\" \/>\n\t<meta name=\"twitter:data1\" content=\"enequipo\" \/>\n\t<meta name=\"twitter:label2\" content=\"Tiempo de lectura\" \/>\n\t<meta name=\"twitter:data2\" content=\"3 minutos\" \/>\n<script type=\"application\/ld+json\" class=\"yoast-schema-graph\">{\"@context\":\"https:\/\/schema.org\",\"@graph\":[{\"@type\":\"Article\",\"@id\":\"https:\/\/www.sonoraenequipo.com.mx\/disminuye-tasa-de-nacimientos-registrados-4-5-de-2023-a-2024\/#article\",\"isPartOf\":{\"@id\":\"https:\/\/www.sonoraenequipo.com.mx\/disminuye-tasa-de-nacimientos-registrados-4-5-de-2023-a-2024\/\"},\"author\":{\"name\":\"enequipo\",\"@id\":\"https:\/\/www.sonoraenequipo.com.mx\/#\/schema\/person\/50102df0fb23a8fa9e8effad8fa81386\"},\"headline\":\"Disminuye tasa de nacimientos registrados 4.5% de 2023 a 2024\",\"datePublished\":\"2025-09-25T20:05:05+00:00\",\"mainEntityOfPage\":{\"@id\":\"https:\/\/www.sonoraenequipo.com.mx\/disminuye-tasa-de-nacimientos-registrados-4-5-de-2023-a-2024\/\"},\"wordCount\":625,\"commentCount\":0,\"publisher\":{\"@id\":\"https:\/\/www.sonoraenequipo.com.mx\/#organization\"},\"image\":{\"@id\":\"https:\/\/www.sonoraenequipo.com.mx\/disminuye-tasa-de-nacimientos-registrados-4-5-de-2023-a-2024\/#primaryimage\"},\"thumbnailUrl\":\"https:\/\/www.sonoraenequipo.com.mx\/storage\/2023\/09\/nacimiento.jpg\",\"keywords\":[\"nacimientos\"],\"articleSection\":[\"PALABRAS Y N\u00daMEROS\"],\"inLanguage\":\"es\",\"potentialAction\":[{\"@type\":\"CommentAction\",\"name\":\"Comment\",\"target\":[\"https:\/\/www.sonoraenequipo.com.mx\/disminuye-tasa-de-nacimientos-registrados-4-5-de-2023-a-2024\/#respond\"]}]},{\"@type\":\"WebPage\",\"@id\":\"https:\/\/www.sonoraenequipo.com.mx\/disminuye-tasa-de-nacimientos-registrados-4-5-de-2023-a-2024\/\",\"url\":\"https:\/\/www.sonoraenequipo.com.mx\/disminuye-tasa-de-nacimientos-registrados-4-5-de-2023-a-2024\/\",\"name\":\"Sonora en Equipo. Disminuye tasa de nacimientos registrados 4.5% de 2023 a 2024 PALABRAS Y N\u00daMEROS\",\"isPartOf\":{\"@id\":\"https:\/\/www.sonoraenequipo.com.mx\/#website\"},\"primaryImageOfPage\":{\"@id\":\"https:\/\/www.sonoraenequipo.com.mx\/disminuye-tasa-de-nacimientos-registrados-4-5-de-2023-a-2024\/#primaryimage\"},\"image\":{\"@id\":\"https:\/\/www.sonoraenequipo.com.mx\/disminuye-tasa-de-nacimientos-registrados-4-5-de-2023-a-2024\/#primaryimage\"},\"thumbnailUrl\":\"https:\/\/www.sonoraenequipo.com.mx\/storage\/2023\/09\/nacimiento.jpg\",\"datePublished\":\"2025-09-25T20:05:05+00:00\",\"description\":\"Frente fr&iacute;o no cruzar&aacute; Sonora, pero s&iacute; habr&aacute; disminuci&oacute;n de temperatura &nbsp; &nbsp; HERMOSILLO, SONORA, MX. &mdash; En Sonora en Equipo publicamos toda la informaci\u00f3n de Sonora, M\u00e9xico y el Mundo de manera oportuna y busca que la libertad de expresi\u00f3n sea real. Visita nuestro medio informativo publicado desde Hermosillo, Sonora. %\",\"breadcrumb\":{\"@id\":\"https:\/\/www.sonoraenequipo.com.mx\/disminuye-tasa-de-nacimientos-registrados-4-5-de-2023-a-2024\/#breadcrumb\"},\"inLanguage\":\"es\",\"potentialAction\":[{\"@type\":\"ReadAction\",\"target\":[\"https:\/\/www.sonoraenequipo.com.mx\/disminuye-tasa-de-nacimientos-registrados-4-5-de-2023-a-2024\/\"]}]},{\"@type\":\"ImageObject\",\"inLanguage\":\"es\",\"@id\":\"https:\/\/www.sonoraenequipo.com.mx\/disminuye-tasa-de-nacimientos-registrados-4-5-de-2023-a-2024\/#primaryimage\",\"url\":\"https:\/\/www.sonoraenequipo.com.mx\/storage\/2023\/09\/nacimiento.jpg\",\"contentUrl\":\"https:\/\/www.sonoraenequipo.com.mx\/storage\/2023\/09\/nacimiento.jpg\",\"width\":900,\"height\":598},{\"@type\":\"BreadcrumbList\",\"@id\":\"https:\/\/www.sonoraenequipo.com.mx\/disminuye-tasa-de-nacimientos-registrados-4-5-de-2023-a-2024\/#breadcrumb\",\"itemListElement\":[{\"@type\":\"ListItem\",\"position\":1,\"name\":\"Portada\",\"item\":\"https:\/\/www.sonoraenequipo.com.mx\/\"},{\"@type\":\"ListItem\",\"position\":2,\"name\":\"Disminuye tasa de nacimientos registrados 4.5% de 2023 a 2024\"}]},{\"@type\":\"WebSite\",\"@id\":\"https:\/\/www.sonoraenequipo.com.mx\/#website\",\"url\":\"https:\/\/www.sonoraenequipo.com.mx\/\",\"name\":\"Sonora en Equipo.\",\"description\":\"Diario en l\u00ednea con Noticias desde Hermosillo, Sonora\",\"publisher\":{\"@id\":\"https:\/\/www.sonoraenequipo.com.mx\/#organization\"},\"potentialAction\":[{\"@type\":\"SearchAction\",\"target\":{\"@type\":\"EntryPoint\",\"urlTemplate\":\"https:\/\/www.sonoraenequipo.com.mx\/?s={search_term_string}\"},\"query-input\":{\"@type\":\"PropertyValueSpecification\",\"valueRequired\":true,\"valueName\":\"search_term_string\"}}],\"inLanguage\":\"es\"},{\"@type\":\"Organization\",\"@id\":\"https:\/\/www.sonoraenequipo.com.mx\/#organization\",\"name\":\"Sonoraenequipo.com.mx\",\"url\":\"https:\/\/www.sonoraenequipo.com.mx\/\",\"logo\":{\"@type\":\"ImageObject\",\"inLanguage\":\"es\",\"@id\":\"https:\/\/www.sonoraenequipo.com.mx\/#\/schema\/logo\/image\/\",\"url\":\"https:\/\/www.sonoraenequipo.com.mx\/storage\/2019\/01\/sonoraenequipo_opt.png\",\"contentUrl\":\"https:\/\/www.sonoraenequipo.com.mx\/storage\/2019\/01\/sonoraenequipo_opt.png\",\"width\":375,\"height\":125,\"caption\":\"Sonoraenequipo.com.mx\"},\"image\":{\"@id\":\"https:\/\/www.sonoraenequipo.com.mx\/#\/schema\/logo\/image\/\"},\"sameAs\":[\"https:\/\/www.facebook.com\/SonoraEE\/\",\"https:\/\/x.com\/sonoraenequipo\",\"https:\/\/www.youtube.com\/channel\/UC338nW-lPEYmJQs4ZABQ1SQ\"]},{\"@type\":\"Person\",\"@id\":\"https:\/\/www.sonoraenequipo.com.mx\/#\/schema\/person\/50102df0fb23a8fa9e8effad8fa81386\",\"name\":\"enequipo\",\"image\":{\"@type\":\"ImageObject\",\"inLanguage\":\"es\",\"@id\":\"https:\/\/www.sonoraenequipo.com.mx\/#\/schema\/person\/image\/\",\"url\":\"https:\/\/secure.gravatar.com\/avatar\/049821681b589dabc0bc20695993ccebb09f5b5d4d790cd9251b97faac7c652b?s=96&d=blank&r=g\",\"contentUrl\":\"https:\/\/secure.gravatar.com\/avatar\/049821681b589dabc0bc20695993ccebb09f5b5d4d790cd9251b97faac7c652b?s=96&d=blank&r=g\",\"caption\":\"enequipo\"},\"sameAs\":[\"https:\/\/www.facebook.com\/SonoraEE\"]}]}<\/script>\n ","yoast_head_json":{"title":"Sonora en Equipo. Disminuye tasa de nacimientos registrados 4.5% de 2023 a 2024 PALABRAS Y N\u00daMEROS","description":"Frente fr&iacute;o no cruzar&aacute; Sonora, pero s&iacute; habr&aacute; disminuci&oacute;n de temperatura &nbsp; &nbsp; HERMOSILLO, SONORA, MX. &mdash; En Sonora en Equipo publicamos toda la informaci\u00f3n de Sonora, M\u00e9xico y el Mundo de manera oportuna y busca que la libertad de expresi\u00f3n sea real. Visita nuestro medio informativo publicado desde Hermosillo, Sonora. %","robots":{"index":"index","follow":"follow","max-snippet":"max-snippet:-1","max-image-preview":"max-image-preview:large","max-video-preview":"max-video-preview:-1"},"canonical":"https:\/\/www.sonoraenequipo.com.mx\/disminuye-tasa-de-nacimientos-registrados-4-5-de-2023-a-2024\/","og_locale":"es_ES","og_type":"article","og_title":"Sonora en Equipo. Disminuye tasa de nacimientos registrados 4.5% de 2023 a 2024 PALABRAS Y N\u00daMEROS","og_description":"Frente fr&iacute;o no cruzar&aacute; Sonora, pero s&iacute; habr&aacute; disminuci&oacute;n de temperatura &nbsp; &nbsp; HERMOSILLO, SONORA, MX. &mdash; En Sonora en Equipo publicamos toda la informaci\u00f3n de Sonora, M\u00e9xico y el Mundo de manera oportuna y busca que la libertad de expresi\u00f3n sea real. Visita nuestro medio informativo publicado desde Hermosillo, Sonora. %","og_url":"https:\/\/www.sonoraenequipo.com.mx\/disminuye-tasa-de-nacimientos-registrados-4-5-de-2023-a-2024\/","og_site_name":"Sonora en Equipo.","article_publisher":"https:\/\/www.facebook.com\/SonoraEE\/","article_author":"https:\/\/www.facebook.com\/SonoraEE","article_published_time":"2025-09-25T20:05:05+00:00","og_image":[{"width":900,"height":598,"url":"https:\/\/www.sonoraenequipo.com.mx\/storage\/2023\/09\/nacimiento.jpg","type":"image\/jpeg"}],"author":"enequipo","twitter_card":"summary_large_image","twitter_creator":"@sonoraenequipo","twitter_site":"@sonoraenequipo","twitter_misc":{"Escrito por":"enequipo","Tiempo de lectura":"3 minutos"},"schema":{"@context":"https:\/\/schema.org","@graph":[{"@type":"Article","@id":"https:\/\/www.sonoraenequipo.com.mx\/disminuye-tasa-de-nacimientos-registrados-4-5-de-2023-a-2024\/#article","isPartOf":{"@id":"https:\/\/www.sonoraenequipo.com.mx\/disminuye-tasa-de-nacimientos-registrados-4-5-de-2023-a-2024\/"},"author":{"name":"enequipo","@id":"https:\/\/www.sonoraenequipo.com.mx\/#\/schema\/person\/50102df0fb23a8fa9e8effad8fa81386"},"headline":"Disminuye tasa de nacimientos registrados 4.5% de 2023 a 2024","datePublished":"2025-09-25T20:05:05+00:00","mainEntityOfPage":{"@id":"https:\/\/www.sonoraenequipo.com.mx\/disminuye-tasa-de-nacimientos-registrados-4-5-de-2023-a-2024\/"},"wordCount":625,"commentCount":0,"publisher":{"@id":"https:\/\/www.sonoraenequipo.com.mx\/#organization"},"image":{"@id":"https:\/\/www.sonoraenequipo.com.mx\/disminuye-tasa-de-nacimientos-registrados-4-5-de-2023-a-2024\/#primaryimage"},"thumbnailUrl":"https:\/\/www.sonoraenequipo.com.mx\/storage\/2023\/09\/nacimiento.jpg","keywords":["nacimientos"],"articleSection":["PALABRAS Y N\u00daMEROS"],"inLanguage":"es","potentialAction":[{"@type":"CommentAction","name":"Comment","target":["https:\/\/www.sonoraenequipo.com.mx\/disminuye-tasa-de-nacimientos-registrados-4-5-de-2023-a-2024\/#respond"]}]},{"@type":"WebPage","@id":"https:\/\/www.sonoraenequipo.com.mx\/disminuye-tasa-de-nacimientos-registrados-4-5-de-2023-a-2024\/","url":"https:\/\/www.sonoraenequipo.com.mx\/disminuye-tasa-de-nacimientos-registrados-4-5-de-2023-a-2024\/","name":"Sonora en Equipo. Disminuye tasa de nacimientos registrados 4.5% de 2023 a 2024 PALABRAS Y N\u00daMEROS","isPartOf":{"@id":"https:\/\/www.sonoraenequipo.com.mx\/#website"},"primaryImageOfPage":{"@id":"https:\/\/www.sonoraenequipo.com.mx\/disminuye-tasa-de-nacimientos-registrados-4-5-de-2023-a-2024\/#primaryimage"},"image":{"@id":"https:\/\/www.sonoraenequipo.com.mx\/disminuye-tasa-de-nacimientos-registrados-4-5-de-2023-a-2024\/#primaryimage"},"thumbnailUrl":"https:\/\/www.sonoraenequipo.com.mx\/storage\/2023\/09\/nacimiento.jpg","datePublished":"2025-09-25T20:05:05+00:00","description":"Frente fr&iacute;o no cruzar&aacute; Sonora, pero s&iacute; habr&aacute; disminuci&oacute;n de temperatura &nbsp; &nbsp; HERMOSILLO, SONORA, MX. &mdash; En Sonora en Equipo publicamos toda la informaci\u00f3n de Sonora, M\u00e9xico y el Mundo de manera oportuna y busca que la libertad de expresi\u00f3n sea real. Visita nuestro medio informativo publicado desde Hermosillo, Sonora. %","breadcrumb":{"@id":"https:\/\/www.sonoraenequipo.com.mx\/disminuye-tasa-de-nacimientos-registrados-4-5-de-2023-a-2024\/#breadcrumb"},"inLanguage":"es","potentialAction":[{"@type":"ReadAction","target":["https:\/\/www.sonoraenequipo.com.mx\/disminuye-tasa-de-nacimientos-registrados-4-5-de-2023-a-2024\/"]}]},{"@type":"ImageObject","inLanguage":"es","@id":"https:\/\/www.sonoraenequipo.com.mx\/disminuye-tasa-de-nacimientos-registrados-4-5-de-2023-a-2024\/#primaryimage","url":"https:\/\/www.sonoraenequipo.com.mx\/storage\/2023\/09\/nacimiento.jpg","contentUrl":"https:\/\/www.sonoraenequipo.com.mx\/storage\/2023\/09\/nacimiento.jpg","width":900,"height":598},{"@type":"BreadcrumbList","@id":"https:\/\/www.sonoraenequipo.com.mx\/disminuye-tasa-de-nacimientos-registrados-4-5-de-2023-a-2024\/#breadcrumb","itemListElement":[{"@type":"ListItem","position":1,"name":"Portada","item":"https:\/\/www.sonoraenequipo.com.mx\/"},{"@type":"ListItem","position":2,"name":"Disminuye tasa de nacimientos registrados 4.5% de 2023 a 2024"}]},{"@type":"WebSite","@id":"https:\/\/www.sonoraenequipo.com.mx\/#website","url":"https:\/\/www.sonoraenequipo.com.mx\/","name":"Sonora en Equipo.","description":"Diario en l\u00ednea con Noticias desde Hermosillo, Sonora","publisher":{"@id":"https:\/\/www.sonoraenequipo.com.mx\/#organization"},"potentialAction":[{"@type":"SearchAction","target":{"@type":"EntryPoint","urlTemplate":"https:\/\/www.sonoraenequipo.com.mx\/?s={search_term_string}"},"query-input":{"@type":"PropertyValueSpecification","valueRequired":true,"valueName":"search_term_string"}}],"inLanguage":"es"},{"@type":"Organization","@id":"https:\/\/www.sonoraenequipo.com.mx\/#organization","name":"Sonoraenequipo.com.mx","url":"https:\/\/www.sonoraenequipo.com.mx\/","logo":{"@type":"ImageObject","inLanguage":"es","@id":"https:\/\/www.sonoraenequipo.com.mx\/#\/schema\/logo\/image\/","url":"https:\/\/www.sonoraenequipo.com.mx\/storage\/2019\/01\/sonoraenequipo_opt.png","contentUrl":"https:\/\/www.sonoraenequipo.com.mx\/storage\/2019\/01\/sonoraenequipo_opt.png","width":375,"height":125,"caption":"Sonoraenequipo.com.mx"},"image":{"@id":"https:\/\/www.sonoraenequipo.com.mx\/#\/schema\/logo\/image\/"},"sameAs":["https:\/\/www.facebook.com\/SonoraEE\/","https:\/\/x.com\/sonoraenequipo","https:\/\/www.youtube.com\/channel\/UC338nW-lPEYmJQs4ZABQ1SQ"]},{"@type":"Person","@id":"https:\/\/www.sonoraenequipo.com.mx\/#\/schema\/person\/50102df0fb23a8fa9e8effad8fa81386","name":"enequipo","image":{"@type":"ImageObject","inLanguage":"es","@id":"https:\/\/www.sonoraenequipo.com.mx\/#\/schema\/person\/image\/","url":"https:\/\/secure.gravatar.com\/avatar\/049821681b589dabc0bc20695993ccebb09f5b5d4d790cd9251b97faac7c652b?s=96&d=blank&r=g","contentUrl":"https:\/\/secure.gravatar.com\/avatar\/049821681b589dabc0bc20695993ccebb09f5b5d4d790cd9251b97faac7c652b?s=96&d=blank&r=g","caption":"enequipo"},"sameAs":["https:\/\/www.facebook.com\/SonoraEE"]}]}},"jetpack_featured_media_url":"https:\/\/www.sonoraenequipo.com.mx\/storage\/2023\/09\/nacimiento.jpg","_links":{"self":[{"href":"https:\/\/www.sonoraenequipo.com.mx\/api\/wp\/v2\/posts\/224708","targetHints":{"allow":["GET"]}}],"collection":[{"href":"https:\/\/www.sonoraenequipo.com.mx\/api\/wp\/v2\/posts"}],"about":[{"href":"https:\/\/www.sonoraenequipo.com.mx\/api\/wp\/v2\/types\/post"}],"author":[{"embeddable":true,"href":"https:\/\/www.sonoraenequipo.com.mx\/api\/wp\/v2\/users\/1"}],"replies":[{"embeddable":true,"href":"https:\/\/www.sonoraenequipo.com.mx\/api\/wp\/v2\/comments?post=224708"}],"version-history":[{"count":2,"href":"https:\/\/www.sonoraenequipo.com.mx\/api\/wp\/v2\/posts\/224708\/revisions"}],"predecessor-version":[{"id":224710,"href":"https:\/\/www.sonoraenequipo.com.mx\/api\/wp\/v2\/posts\/224708\/revisions\/224710"}],"wp:featuredmedia":[{"embeddable":true,"href":"https:\/\/www.sonoraenequipo.com.mx\/api\/wp\/v2\/media\/175177"}],"wp:attachment":[{"href":"https:\/\/www.sonoraenequipo.com.mx\/api\/wp\/v2\/media?parent=224708"}],"wp:term":[{"taxonomy":"category","embeddable":true,"href":"https:\/\/www.sonoraenequipo.com.mx\/api\/wp\/v2\/categories?post=224708"},{"taxonomy":"post_tag","embeddable":true,"href":"https:\/\/www.sonoraenequipo.com.mx\/api\/wp\/v2\/tags?post=224708"}],"curies":[{"name":"wp","href":"https:\/\/api.w.org\/{rel}","templated":true}]}}