{"id":225045,"date":"2025-09-30T11:55:38","date_gmt":"2025-09-30T18:55:38","guid":{"rendered":"https:\/\/www.sonoraenequipo.com.mx\/?p=225045"},"modified":"2025-09-30T12:28:26","modified_gmt":"2025-09-30T19:28:26","slug":"invita-comunidad-ciega-a-caminata-por-la-inclusion","status":"publish","type":"post","link":"https:\/\/www.sonoraenequipo.com.mx\/invita-comunidad-ciega-a-caminata-por-la-inclusion\/","title":{"rendered":"Invita comunidad ciega a caminata por la inclusi\u00f3n"},"content":{"rendered":"<p><strong>HERMOSILLO, SONORA, MX.<\/strong> \u2014 se llevar\u00e1 a cabo la cuarta edici\u00f3n de la Caminata a Ciegas, organizada por la Comunidad Ciega y de Baja Visi\u00f3n, un evento que invita a todas las personas a vivir la ciudad desde otra perspectiva: la de la inclusi\u00f3n, la confianza y la empat\u00eda. La caminata iniciar\u00e1 a las 5:00 de la tarde en las escalinatas del Museo UNISON y concluir\u00e1 en la concha ac\u00fastica del Parque Madero, en un recorrido que simboliza la importancia de caminar juntos hacia una sociedad m\u00e1s incluyente.<\/p>\n<p>&nbsp;<\/p>\n<p>Durante la actividad, las y los asistentes podr\u00e1n participar de dos maneras. Quienes lo deseen podr\u00e1n colocarse un antifaz y caminar a ciegas, para experimentar por unos momentos lo que viven las personas con discapacidad visual en su vida cotidiana y descubrir as\u00ed la relevancia de los otros sentidos, la necesidad de confianza y los retos que implica moverse por la ciudad sin la vista. Por otro lado, tambi\u00e9n se podr\u00e1 participar como gu\u00eda,\u00a0 aprendiendo c\u00f3mo acompa\u00f1ar a una persona ciega en sus desplazamientos y sensibiliz\u00e1ndose sobre la empat\u00eda, la paciencia y la responsabilidad que implica ser apoyo de alguien m\u00e1s.<\/p>\n<p>&nbsp;<\/p>\n<p>La Caminata a Ciegas busca sensibilizar a la ciudadan\u00eda sobre la realidad de las personas con discapacidad visual, pero tambi\u00e9n generar un puente de entendimiento entre quienes ven y quienes no, mostrando que la inclusi\u00f3n no es un discurso, sino una pr\u00e1ctica diaria que nos enriquece como comunidad. \u201cQueremos que Hermosillo experimente lo que significa confiar en los dem\u00e1s, escuchar m\u00e1s all\u00e1 de la vista y descubrir la ciudad con otros sentidos. La inclusi\u00f3n no es un discurso, es una pr\u00e1ctica diaria que nos enriquece a todas y todos\u201d, se\u00f1al\u00f3 Gabriela Quintero, vocera de la Comunidad Ciega y de Baja Visi\u00f3n.<\/p>\n<p>&nbsp;<\/p>\n<p>El evento es totalmente gratuito y abierto a todas las edades. Al finalizar el recorrido, habr\u00e1 actividades culturales y un espacio de convivencia en el Parque Madero, con un ambiente familiar y festivo que recordar\u00e1 la importancia de celebrar la diversidad y derribar estigmas.<\/p>\n<p>&nbsp;<\/p>\n<p>La Comunidad Ciega y de Baja Visi\u00f3n hace un llamado a familias, estudiantes, colectivos, instituciones y a toda la ciudadan\u00eda a sumarse a esta experiencia. \u201cDel crucero pa\u2019l Madero\u201d ser\u00e1 m\u00e1s que un trayecto, ser\u00e1 una oportunidad para comprender que Hermosillo puede ser una ciudad para todas y todos si la caminamos con inclusi\u00f3n y respeto.<\/p>\n<p><strong>Fecha de publicaci\u00f3n mi\u00e9rcoles 30 de septiembre de 2025<\/strong><\/p>\n<p>&nbsp;<\/p>\n","protected":false},"excerpt":{"rendered":"<p>HERMOSILLO, SONORA, MX. \u2014 se llevar\u00e1 a cabo la cuarta edici\u00f3n de la Caminata a&#8230;<\/p>\n","protected":false},"author":1,"featured_media":225046,"comment_status":"open","ping_status":"open","sticky":false,"template":"","format":"standard","meta":{"_monsterinsights_skip_tracking":false,"_monsterinsights_sitenote_active":false,"_monsterinsights_sitenote_note":"","_monsterinsights_sitenote_category":0,"footnotes":""},"categories":[4],"tags":[11833,509],"class_list":["post"],"yoast_head":" \n<title>Sonora en Equipo. Invita comunidad ciega a caminata por la inclusi\u00f3n Municipios<\/title>\n<meta name=\"description\" content=\"HERMOSILLO, SONORA, MX. \u2014 se llevar\u00e1 a cabo la cuarta edici\u00f3n de la Caminata a Ciegas, organizada por la Comunidad Ciega y de Baja Visi\u00f3n, un evento que En Sonora en Equipo publicamos toda la informaci\u00f3n de Sonora, M\u00e9xico y el Mundo de manera oportuna y busca que la libertad de expresi\u00f3n sea real. Visita nuestro medio informativo publicado desde Hermosillo, Sonora. %\" \/>\n<meta name=\"robots\" content=\"index, follow, max-snippet:-1, max-image-preview:large, max-video-preview:-1\" \/>\n<link rel=\"canonical\" href=\"https:\/\/www.sonoraenequipo.com.mx\/invita-comunidad-ciega-a-caminata-por-la-inclusion\/\" \/>\n<meta property=\"og:locale\" content=\"es_ES\" \/>\n<meta property=\"og:type\" content=\"article\" \/>\n<meta property=\"og:title\" content=\"Sonora en Equipo. Invita comunidad ciega a caminata por la inclusi\u00f3n Municipios\" \/>\n<meta property=\"og:description\" content=\"HERMOSILLO, SONORA, MX. \u2014 se llevar\u00e1 a cabo la cuarta edici\u00f3n de la Caminata a Ciegas, organizada por la Comunidad Ciega y de Baja Visi\u00f3n, un evento que En Sonora en Equipo publicamos toda la informaci\u00f3n de Sonora, M\u00e9xico y el Mundo de manera oportuna y busca que la libertad de expresi\u00f3n sea real. Visita nuestro medio informativo publicado desde Hermosillo, Sonora. %\" \/>\n<meta property=\"og:url\" content=\"https:\/\/www.sonoraenequipo.com.mx\/invita-comunidad-ciega-a-caminata-por-la-inclusion\/\" \/>\n<meta property=\"og:site_name\" content=\"Sonora en Equipo.\" \/>\n<meta property=\"article:publisher\" content=\"https:\/\/www.facebook.com\/SonoraEE\/\" \/>\n<meta property=\"article:author\" content=\"https:\/\/www.facebook.com\/SonoraEE\" \/>\n<meta property=\"article:published_time\" content=\"2025-09-30T18:55:38+00:00\" \/>\n<meta property=\"article:modified_time\" content=\"2025-09-30T19:28:26+00:00\" \/>\n<meta property=\"og:image\" content=\"https:\/\/www.sonoraenequipo.com.mx\/storage\/2025\/09\/caminata-ciega.jpg\" \/>\n\t<meta property=\"og:image:width\" content=\"600\" \/>\n\t<meta property=\"og:image:height\" content=\"400\" \/>\n\t<meta property=\"og:image:type\" content=\"image\/jpeg\" \/>\n<meta name=\"author\" content=\"enequipo\" \/>\n<meta name=\"twitter:card\" content=\"summary_large_image\" \/>\n<meta name=\"twitter:creator\" content=\"@sonoraenequipo\" \/>\n<meta name=\"twitter:site\" content=\"@sonoraenequipo\" \/>\n<meta name=\"twitter:label1\" content=\"Escrito por\" \/>\n\t<meta name=\"twitter:data1\" content=\"enequipo\" \/>\n\t<meta name=\"twitter:label2\" content=\"Tiempo de lectura\" \/>\n\t<meta name=\"twitter:data2\" content=\"2 minutos\" \/>\n<script type=\"application\/ld+json\" class=\"yoast-schema-graph\">{\"@context\":\"https:\/\/schema.org\",\"@graph\":[{\"@type\":\"Article\",\"@id\":\"https:\/\/www.sonoraenequipo.com.mx\/invita-comunidad-ciega-a-caminata-por-la-inclusion\/#article\",\"isPartOf\":{\"@id\":\"https:\/\/www.sonoraenequipo.com.mx\/invita-comunidad-ciega-a-caminata-por-la-inclusion\/\"},\"author\":{\"name\":\"enequipo\",\"@id\":\"https:\/\/www.sonoraenequipo.com.mx\/#\/schema\/person\/50102df0fb23a8fa9e8effad8fa81386\"},\"headline\":\"Invita comunidad ciega a caminata por la inclusi\u00f3n\",\"datePublished\":\"2025-09-30T18:55:38+00:00\",\"dateModified\":\"2025-09-30T19:28:26+00:00\",\"mainEntityOfPage\":{\"@id\":\"https:\/\/www.sonoraenequipo.com.mx\/invita-comunidad-ciega-a-caminata-por-la-inclusion\/\"},\"wordCount\":441,\"commentCount\":0,\"publisher\":{\"@id\":\"https:\/\/www.sonoraenequipo.com.mx\/#organization\"},\"image\":{\"@id\":\"https:\/\/www.sonoraenequipo.com.mx\/invita-comunidad-ciega-a-caminata-por-la-inclusion\/#primaryimage\"},\"thumbnailUrl\":\"https:\/\/www.sonoraenequipo.com.mx\/storage\/2025\/09\/caminata-ciega.jpg\",\"keywords\":[\"ciega\",\"Comunidad\"],\"articleSection\":[\"Municipios\"],\"inLanguage\":\"es\",\"potentialAction\":[{\"@type\":\"CommentAction\",\"name\":\"Comment\",\"target\":[\"https:\/\/www.sonoraenequipo.com.mx\/invita-comunidad-ciega-a-caminata-por-la-inclusion\/#respond\"]}]},{\"@type\":\"WebPage\",\"@id\":\"https:\/\/www.sonoraenequipo.com.mx\/invita-comunidad-ciega-a-caminata-por-la-inclusion\/\",\"url\":\"https:\/\/www.sonoraenequipo.com.mx\/invita-comunidad-ciega-a-caminata-por-la-inclusion\/\",\"name\":\"Sonora en Equipo. Invita comunidad ciega a caminata por la inclusi\u00f3n Municipios\",\"isPartOf\":{\"@id\":\"https:\/\/www.sonoraenequipo.com.mx\/#website\"},\"primaryImageOfPage\":{\"@id\":\"https:\/\/www.sonoraenequipo.com.mx\/invita-comunidad-ciega-a-caminata-por-la-inclusion\/#primaryimage\"},\"image\":{\"@id\":\"https:\/\/www.sonoraenequipo.com.mx\/invita-comunidad-ciega-a-caminata-por-la-inclusion\/#primaryimage\"},\"thumbnailUrl\":\"https:\/\/www.sonoraenequipo.com.mx\/storage\/2025\/09\/caminata-ciega.jpg\",\"datePublished\":\"2025-09-30T18:55:38+00:00\",\"dateModified\":\"2025-09-30T19:28:26+00:00\",\"description\":\"HERMOSILLO, SONORA, MX. \u2014 se llevar\u00e1 a cabo la cuarta edici\u00f3n de la Caminata a Ciegas, organizada por la Comunidad Ciega y de Baja Visi\u00f3n, un evento que En Sonora en Equipo publicamos toda la informaci\u00f3n de Sonora, M\u00e9xico y el Mundo de manera oportuna y busca que la libertad de expresi\u00f3n sea real. Visita nuestro medio informativo publicado desde Hermosillo, Sonora. %\",\"breadcrumb\":{\"@id\":\"https:\/\/www.sonoraenequipo.com.mx\/invita-comunidad-ciega-a-caminata-por-la-inclusion\/#breadcrumb\"},\"inLanguage\":\"es\",\"potentialAction\":[{\"@type\":\"ReadAction\",\"target\":[\"https:\/\/www.sonoraenequipo.com.mx\/invita-comunidad-ciega-a-caminata-por-la-inclusion\/\"]}]},{\"@type\":\"ImageObject\",\"inLanguage\":\"es\",\"@id\":\"https:\/\/www.sonoraenequipo.com.mx\/invita-comunidad-ciega-a-caminata-por-la-inclusion\/#primaryimage\",\"url\":\"https:\/\/www.sonoraenequipo.com.mx\/storage\/2025\/09\/caminata-ciega.jpg\",\"contentUrl\":\"https:\/\/www.sonoraenequipo.com.mx\/storage\/2025\/09\/caminata-ciega.jpg\",\"width\":600,\"height\":400,\"caption\":\"Imagen: Istock\"},{\"@type\":\"BreadcrumbList\",\"@id\":\"https:\/\/www.sonoraenequipo.com.mx\/invita-comunidad-ciega-a-caminata-por-la-inclusion\/#breadcrumb\",\"itemListElement\":[{\"@type\":\"ListItem\",\"position\":1,\"name\":\"Portada\",\"item\":\"https:\/\/www.sonoraenequipo.com.mx\/\"},{\"@type\":\"ListItem\",\"position\":2,\"name\":\"Invita comunidad ciega a caminata por la inclusi\u00f3n\"}]},{\"@type\":\"WebSite\",\"@id\":\"https:\/\/www.sonoraenequipo.com.mx\/#website\",\"url\":\"https:\/\/www.sonoraenequipo.com.mx\/\",\"name\":\"Sonora en Equipo.\",\"description\":\"Diario en l\u00ednea con Noticias desde Hermosillo, Sonora\",\"publisher\":{\"@id\":\"https:\/\/www.sonoraenequipo.com.mx\/#organization\"},\"potentialAction\":[{\"@type\":\"SearchAction\",\"target\":{\"@type\":\"EntryPoint\",\"urlTemplate\":\"https:\/\/www.sonoraenequipo.com.mx\/?s={search_term_string}\"},\"query-input\":{\"@type\":\"PropertyValueSpecification\",\"valueRequired\":true,\"valueName\":\"search_term_string\"}}],\"inLanguage\":\"es\"},{\"@type\":\"Organization\",\"@id\":\"https:\/\/www.sonoraenequipo.com.mx\/#organization\",\"name\":\"Sonoraenequipo.com.mx\",\"url\":\"https:\/\/www.sonoraenequipo.com.mx\/\",\"logo\":{\"@type\":\"ImageObject\",\"inLanguage\":\"es\",\"@id\":\"https:\/\/www.sonoraenequipo.com.mx\/#\/schema\/logo\/image\/\",\"url\":\"https:\/\/www.sonoraenequipo.com.mx\/storage\/2019\/01\/sonoraenequipo_opt.png\",\"contentUrl\":\"https:\/\/www.sonoraenequipo.com.mx\/storage\/2019\/01\/sonoraenequipo_opt.png\",\"width\":375,\"height\":125,\"caption\":\"Sonoraenequipo.com.mx\"},\"image\":{\"@id\":\"https:\/\/www.sonoraenequipo.com.mx\/#\/schema\/logo\/image\/\"},\"sameAs\":[\"https:\/\/www.facebook.com\/SonoraEE\/\",\"https:\/\/x.com\/sonoraenequipo\",\"https:\/\/www.youtube.com\/channel\/UC338nW-lPEYmJQs4ZABQ1SQ\"]},{\"@type\":\"Person\",\"@id\":\"https:\/\/www.sonoraenequipo.com.mx\/#\/schema\/person\/50102df0fb23a8fa9e8effad8fa81386\",\"name\":\"enequipo\",\"image\":{\"@type\":\"ImageObject\",\"inLanguage\":\"es\",\"@id\":\"https:\/\/www.sonoraenequipo.com.mx\/#\/schema\/person\/image\/\",\"url\":\"https:\/\/secure.gravatar.com\/avatar\/049821681b589dabc0bc20695993ccebb09f5b5d4d790cd9251b97faac7c652b?s=96&d=blank&r=g\",\"contentUrl\":\"https:\/\/secure.gravatar.com\/avatar\/049821681b589dabc0bc20695993ccebb09f5b5d4d790cd9251b97faac7c652b?s=96&d=blank&r=g\",\"caption\":\"enequipo\"},\"sameAs\":[\"https:\/\/www.facebook.com\/SonoraEE\"]}]}<\/script>\n ","yoast_head_json":{"title":"Sonora en Equipo. Invita comunidad ciega a caminata por la inclusi\u00f3n Municipios","description":"HERMOSILLO, SONORA, MX. \u2014 se llevar\u00e1 a cabo la cuarta edici\u00f3n de la Caminata a Ciegas, organizada por la Comunidad Ciega y de Baja Visi\u00f3n, un evento que En Sonora en Equipo publicamos toda la informaci\u00f3n de Sonora, M\u00e9xico y el Mundo de manera oportuna y busca que la libertad de expresi\u00f3n sea real. Visita nuestro medio informativo publicado desde Hermosillo, Sonora. %","robots":{"index":"index","follow":"follow","max-snippet":"max-snippet:-1","max-image-preview":"max-image-preview:large","max-video-preview":"max-video-preview:-1"},"canonical":"https:\/\/www.sonoraenequipo.com.mx\/invita-comunidad-ciega-a-caminata-por-la-inclusion\/","og_locale":"es_ES","og_type":"article","og_title":"Sonora en Equipo. Invita comunidad ciega a caminata por la inclusi\u00f3n Municipios","og_description":"HERMOSILLO, SONORA, MX. \u2014 se llevar\u00e1 a cabo la cuarta edici\u00f3n de la Caminata a Ciegas, organizada por la Comunidad Ciega y de Baja Visi\u00f3n, un evento que En Sonora en Equipo publicamos toda la informaci\u00f3n de Sonora, M\u00e9xico y el Mundo de manera oportuna y busca que la libertad de expresi\u00f3n sea real. Visita nuestro medio informativo publicado desde Hermosillo, Sonora. %","og_url":"https:\/\/www.sonoraenequipo.com.mx\/invita-comunidad-ciega-a-caminata-por-la-inclusion\/","og_site_name":"Sonora en Equipo.","article_publisher":"https:\/\/www.facebook.com\/SonoraEE\/","article_author":"https:\/\/www.facebook.com\/SonoraEE","article_published_time":"2025-09-30T18:55:38+00:00","article_modified_time":"2025-09-30T19:28:26+00:00","og_image":[{"width":600,"height":400,"url":"https:\/\/www.sonoraenequipo.com.mx\/storage\/2025\/09\/caminata-ciega.jpg","type":"image\/jpeg"}],"author":"enequipo","twitter_card":"summary_large_image","twitter_creator":"@sonoraenequipo","twitter_site":"@sonoraenequipo","twitter_misc":{"Escrito por":"enequipo","Tiempo de lectura":"2 minutos"},"schema":{"@context":"https:\/\/schema.org","@graph":[{"@type":"Article","@id":"https:\/\/www.sonoraenequipo.com.mx\/invita-comunidad-ciega-a-caminata-por-la-inclusion\/#article","isPartOf":{"@id":"https:\/\/www.sonoraenequipo.com.mx\/invita-comunidad-ciega-a-caminata-por-la-inclusion\/"},"author":{"name":"enequipo","@id":"https:\/\/www.sonoraenequipo.com.mx\/#\/schema\/person\/50102df0fb23a8fa9e8effad8fa81386"},"headline":"Invita comunidad ciega a caminata por la inclusi\u00f3n","datePublished":"2025-09-30T18:55:38+00:00","dateModified":"2025-09-30T19:28:26+00:00","mainEntityOfPage":{"@id":"https:\/\/www.sonoraenequipo.com.mx\/invita-comunidad-ciega-a-caminata-por-la-inclusion\/"},"wordCount":441,"commentCount":0,"publisher":{"@id":"https:\/\/www.sonoraenequipo.com.mx\/#organization"},"image":{"@id":"https:\/\/www.sonoraenequipo.com.mx\/invita-comunidad-ciega-a-caminata-por-la-inclusion\/#primaryimage"},"thumbnailUrl":"https:\/\/www.sonoraenequipo.com.mx\/storage\/2025\/09\/caminata-ciega.jpg","keywords":["ciega","Comunidad"],"articleSection":["Municipios"],"inLanguage":"es","potentialAction":[{"@type":"CommentAction","name":"Comment","target":["https:\/\/www.sonoraenequipo.com.mx\/invita-comunidad-ciega-a-caminata-por-la-inclusion\/#respond"]}]},{"@type":"WebPage","@id":"https:\/\/www.sonoraenequipo.com.mx\/invita-comunidad-ciega-a-caminata-por-la-inclusion\/","url":"https:\/\/www.sonoraenequipo.com.mx\/invita-comunidad-ciega-a-caminata-por-la-inclusion\/","name":"Sonora en Equipo. Invita comunidad ciega a caminata por la inclusi\u00f3n Municipios","isPartOf":{"@id":"https:\/\/www.sonoraenequipo.com.mx\/#website"},"primaryImageOfPage":{"@id":"https:\/\/www.sonoraenequipo.com.mx\/invita-comunidad-ciega-a-caminata-por-la-inclusion\/#primaryimage"},"image":{"@id":"https:\/\/www.sonoraenequipo.com.mx\/invita-comunidad-ciega-a-caminata-por-la-inclusion\/#primaryimage"},"thumbnailUrl":"https:\/\/www.sonoraenequipo.com.mx\/storage\/2025\/09\/caminata-ciega.jpg","datePublished":"2025-09-30T18:55:38+00:00","dateModified":"2025-09-30T19:28:26+00:00","description":"HERMOSILLO, SONORA, MX. \u2014 se llevar\u00e1 a cabo la cuarta edici\u00f3n de la Caminata a Ciegas, organizada por la Comunidad Ciega y de Baja Visi\u00f3n, un evento que En Sonora en Equipo publicamos toda la informaci\u00f3n de Sonora, M\u00e9xico y el Mundo de manera oportuna y busca que la libertad de expresi\u00f3n sea real. Visita nuestro medio informativo publicado desde Hermosillo, Sonora. %","breadcrumb":{"@id":"https:\/\/www.sonoraenequipo.com.mx\/invita-comunidad-ciega-a-caminata-por-la-inclusion\/#breadcrumb"},"inLanguage":"es","potentialAction":[{"@type":"ReadAction","target":["https:\/\/www.sonoraenequipo.com.mx\/invita-comunidad-ciega-a-caminata-por-la-inclusion\/"]}]},{"@type":"ImageObject","inLanguage":"es","@id":"https:\/\/www.sonoraenequipo.com.mx\/invita-comunidad-ciega-a-caminata-por-la-inclusion\/#primaryimage","url":"https:\/\/www.sonoraenequipo.com.mx\/storage\/2025\/09\/caminata-ciega.jpg","contentUrl":"https:\/\/www.sonoraenequipo.com.mx\/storage\/2025\/09\/caminata-ciega.jpg","width":600,"height":400,"caption":"Imagen: Istock"},{"@type":"BreadcrumbList","@id":"https:\/\/www.sonoraenequipo.com.mx\/invita-comunidad-ciega-a-caminata-por-la-inclusion\/#breadcrumb","itemListElement":[{"@type":"ListItem","position":1,"name":"Portada","item":"https:\/\/www.sonoraenequipo.com.mx\/"},{"@type":"ListItem","position":2,"name":"Invita comunidad ciega a caminata por la inclusi\u00f3n"}]},{"@type":"WebSite","@id":"https:\/\/www.sonoraenequipo.com.mx\/#website","url":"https:\/\/www.sonoraenequipo.com.mx\/","name":"Sonora en Equipo.","description":"Diario en l\u00ednea con Noticias desde Hermosillo, Sonora","publisher":{"@id":"https:\/\/www.sonoraenequipo.com.mx\/#organization"},"potentialAction":[{"@type":"SearchAction","target":{"@type":"EntryPoint","urlTemplate":"https:\/\/www.sonoraenequipo.com.mx\/?s={search_term_string}"},"query-input":{"@type":"PropertyValueSpecification","valueRequired":true,"valueName":"search_term_string"}}],"inLanguage":"es"},{"@type":"Organization","@id":"https:\/\/www.sonoraenequipo.com.mx\/#organization","name":"Sonoraenequipo.com.mx","url":"https:\/\/www.sonoraenequipo.com.mx\/","logo":{"@type":"ImageObject","inLanguage":"es","@id":"https:\/\/www.sonoraenequipo.com.mx\/#\/schema\/logo\/image\/","url":"https:\/\/www.sonoraenequipo.com.mx\/storage\/2019\/01\/sonoraenequipo_opt.png","contentUrl":"https:\/\/www.sonoraenequipo.com.mx\/storage\/2019\/01\/sonoraenequipo_opt.png","width":375,"height":125,"caption":"Sonoraenequipo.com.mx"},"image":{"@id":"https:\/\/www.sonoraenequipo.com.mx\/#\/schema\/logo\/image\/"},"sameAs":["https:\/\/www.facebook.com\/SonoraEE\/","https:\/\/x.com\/sonoraenequipo","https:\/\/www.youtube.com\/channel\/UC338nW-lPEYmJQs4ZABQ1SQ"]},{"@type":"Person","@id":"https:\/\/www.sonoraenequipo.com.mx\/#\/schema\/person\/50102df0fb23a8fa9e8effad8fa81386","name":"enequipo","image":{"@type":"ImageObject","inLanguage":"es","@id":"https:\/\/www.sonoraenequipo.com.mx\/#\/schema\/person\/image\/","url":"https:\/\/secure.gravatar.com\/avatar\/049821681b589dabc0bc20695993ccebb09f5b5d4d790cd9251b97faac7c652b?s=96&d=blank&r=g","contentUrl":"https:\/\/secure.gravatar.com\/avatar\/049821681b589dabc0bc20695993ccebb09f5b5d4d790cd9251b97faac7c652b?s=96&d=blank&r=g","caption":"enequipo"},"sameAs":["https:\/\/www.facebook.com\/SonoraEE"]}]}},"jetpack_featured_media_url":"https:\/\/www.sonoraenequipo.com.mx\/storage\/2025\/09\/caminata-ciega.jpg","_links":{"self":[{"href":"https:\/\/www.sonoraenequipo.com.mx\/api\/wp\/v2\/posts\/225045","targetHints":{"allow":["GET"]}}],"collection":[{"href":"https:\/\/www.sonoraenequipo.com.mx\/api\/wp\/v2\/posts"}],"about":[{"href":"https:\/\/www.sonoraenequipo.com.mx\/api\/wp\/v2\/types\/post"}],"author":[{"embeddable":true,"href":"https:\/\/www.sonoraenequipo.com.mx\/api\/wp\/v2\/users\/1"}],"replies":[{"embeddable":true,"href":"https:\/\/www.sonoraenequipo.com.mx\/api\/wp\/v2\/comments?post=225045"}],"version-history":[{"count":1,"href":"https:\/\/www.sonoraenequipo.com.mx\/api\/wp\/v2\/posts\/225045\/revisions"}],"predecessor-version":[{"id":225047,"href":"https:\/\/www.sonoraenequipo.com.mx\/api\/wp\/v2\/posts\/225045\/revisions\/225047"}],"wp:featuredmedia":[{"embeddable":true,"href":"https:\/\/www.sonoraenequipo.com.mx\/api\/wp\/v2\/media\/225046"}],"wp:attachment":[{"href":"https:\/\/www.sonoraenequipo.com.mx\/api\/wp\/v2\/media?parent=225045"}],"wp:term":[{"taxonomy":"category","embeddable":true,"href":"https:\/\/www.sonoraenequipo.com.mx\/api\/wp\/v2\/categories?post=225045"},{"taxonomy":"post_tag","embeddable":true,"href":"https:\/\/www.sonoraenequipo.com.mx\/api\/wp\/v2\/tags?post=225045"}],"curies":[{"name":"wp","href":"https:\/\/api.w.org\/{rel}","templated":true}]}}