{"id":225057,"date":"2025-09-30T10:32:09","date_gmt":"2025-09-30T17:32:09","guid":{"rendered":"https:\/\/www.sonoraenequipo.com.mx\/?p=225057"},"modified":"2025-09-30T12:20:20","modified_gmt":"2025-09-30T19:20:20","slug":"salinas-pliego-quiere-politizar-su-deuda-las-deudas-no-se-politizan-se-pagan-presidenta","status":"publish","type":"post","link":"https:\/\/www.sonoraenequipo.com.mx\/salinas-pliego-quiere-politizar-su-deuda-las-deudas-no-se-politizan-se-pagan-presidenta\/","title":{"rendered":"Salinas Pliego \u201cquiere politizar su deuda, las deudas no se politizan, se pagan\u201d: Presidenta"},"content":{"rendered":"<p><strong>CIUDAD DE M\u00c9XICO.MX. \u2014<\/strong> El empresario Ricardo Salinas Pliego \u201c<em><strong>quiere politizar su deuda (al fisco), las deudas no se politizan, se pagan. \u00a1As\u00ed de sencillo!\u201d,<\/strong><\/em> se\u00f1al\u00f3 la presidenta Claudia Sheinbaum Pardo.<\/p>\n<p>&nbsp;<\/p>\n<p>&nbsp;<\/p>\n<p>&nbsp;<\/p>\n<p> <\/p>\n<p>Adem\u00e1s, en la ma\u00f1anera de este martes, la jefa del Ejecutivo revel\u00f3 que las personas con las que el due\u00f1o de Grupo Salinas tiene adeudos en Estados Unidos le enviaron una carta para solicitarle una reuni\u00f3n y exponer el caso. Adelant\u00f3 que la pr\u00f3xima semana recibir\u00e1 a estas personas.<\/p>\n<p>&nbsp;<\/p>\n<p>&nbsp;<\/p>\n<p>&nbsp;<\/p>\n<p>Subray\u00f3 que la deuda fiscal en M\u00e9xico del due\u00f1o de Grupo Salinas, al menos en los casos que est\u00e1n por llegar ante la Suprema Corte de Justicia de la Naci\u00f3n, asciende a 48 mil millones de pesos.<\/p>\n<p>&nbsp;<\/p>\n<p>&nbsp;<\/p>\n<p>&nbsp;<\/p>\n<p>Interrogada por la entrevista que el empresario ofreci\u00f3 ayer a una cadena televisiva de Estados Unidos, la mandataria refiri\u00f3: <em><strong>\u201c\u00c9l quiere jugar al papel de la v\u00edctima, cuando no tiene nada qu\u00e9 ver con eso. Y adem\u00e1s, c\u00f3mo ir a Estados Unidos si tiene una televisora que habla todos los d\u00edas en contra del gobierno? \u00bfC\u00f3mo ahora ir a Estados Unidos, a decir mentiras, adem\u00e1s mentiras?\u201d.<\/strong><\/em><\/p>\n<p>&nbsp;<\/p>\n<p>&nbsp;<\/p>\n<p>&nbsp;<\/p>\n<p>Resalt\u00f3 que el propietario de Tv Azteca \u201cdebe aqu\u00ed y debe all\u00e1. Ayer recib\u00ed una carta de las personas a las que le debe all\u00e1 en Estados Unidos, porque quieren reunirse conmigo. Debe aqu\u00ed, debe all\u00e1 y acull\u00e1.<\/p>\n<p>&nbsp;<\/p>\n<p>&nbsp;<\/p>\n<p>&nbsp;<\/p>\n<p><strong><em>\u201cY entonces, quiere politizar este asunto. El que no est\u00e9 de acuerdo con nosotros es su derecho, pero debe cumplir con las normas, con la ley, es todo lo que decimos en todos los sentidos. Ahora yendo a Fox News a decir mentiras, adem\u00e1s en Estados Unidos, donde tiene deudas\u201d.<\/em><\/strong><\/p>\n<p>&nbsp;<\/p>\n<p>&nbsp;<\/p>\n<p>&nbsp;<\/p>\n<p>PUBLICADO EL 30 DE SEPTIEMBRE DE 2025 Con informaci\u00f3n de Emir Olivares y Alonso Urrutia)<\/p>\n","protected":false},"excerpt":{"rendered":"<p>CIUDAD DE M\u00c9XICO.MX. \u2014 El empresario Ricardo Salinas Pliego \u201cquiere politizar su deuda (al fisco),&#8230;<\/p>\n","protected":false},"author":1,"featured_media":225059,"comment_status":"open","ping_status":"open","sticky":false,"template":"","format":"standard","meta":{"_monsterinsights_skip_tracking":false,"_monsterinsights_sitenote_active":false,"_monsterinsights_sitenote_note":"","_monsterinsights_sitenote_category":0,"footnotes":""},"categories":[5],"tags":[],"class_list":["post"],"yoast_head":" \n<title>Sonora en Equipo. Salinas Pliego \u201cquiere politizar su deuda, las deudas no se politizan, se pagan\u201d: Presidenta Rep\u00fablica<\/title>\n<meta name=\"description\" content=\"CIUDAD DE M\u00c9XICO.MX. \u2014 El empresario Ricardo Salinas Pliego \u201cquiere politizar su deuda (al fisco), las deudas no se politizan, se pagan. \u00a1As\u00ed de En Sonora en Equipo publicamos toda la informaci\u00f3n de Sonora, M\u00e9xico y el Mundo de manera oportuna y busca que la libertad de expresi\u00f3n sea real. Visita nuestro medio informativo publicado desde Hermosillo, Sonora. %\" \/>\n<meta name=\"robots\" content=\"index, follow, max-snippet:-1, max-image-preview:large, max-video-preview:-1\" \/>\n<link rel=\"canonical\" href=\"https:\/\/www.sonoraenequipo.com.mx\/salinas-pliego-quiere-politizar-su-deuda-las-deudas-no-se-politizan-se-pagan-presidenta\/\" \/>\n<meta property=\"og:locale\" content=\"es_ES\" \/>\n<meta property=\"og:type\" content=\"article\" \/>\n<meta property=\"og:title\" content=\"Sonora en Equipo. Salinas Pliego \u201cquiere politizar su deuda, las deudas no se politizan, se pagan\u201d: Presidenta Rep\u00fablica\" \/>\n<meta property=\"og:description\" content=\"CIUDAD DE M\u00c9XICO.MX. \u2014 El empresario Ricardo Salinas Pliego \u201cquiere politizar su deuda (al fisco), las deudas no se politizan, se pagan. \u00a1As\u00ed de En Sonora en Equipo publicamos toda la informaci\u00f3n de Sonora, M\u00e9xico y el Mundo de manera oportuna y busca que la libertad de expresi\u00f3n sea real. Visita nuestro medio informativo publicado desde Hermosillo, Sonora. %\" \/>\n<meta property=\"og:url\" content=\"https:\/\/www.sonoraenequipo.com.mx\/salinas-pliego-quiere-politizar-su-deuda-las-deudas-no-se-politizan-se-pagan-presidenta\/\" \/>\n<meta property=\"og:site_name\" content=\"Sonora en Equipo.\" \/>\n<meta property=\"article:publisher\" content=\"https:\/\/www.facebook.com\/SonoraEE\/\" \/>\n<meta property=\"article:author\" content=\"https:\/\/www.facebook.com\/SonoraEE\" \/>\n<meta property=\"article:published_time\" content=\"2025-09-30T17:32:09+00:00\" \/>\n<meta property=\"article:modified_time\" content=\"2025-09-30T19:20:20+00:00\" \/>\n<meta property=\"og:image\" content=\"https:\/\/www.sonoraenequipo.com.mx\/storage\/2025\/09\/Claudia-Sheinbaum-Pardo.-Presidenta-min.jpg\" \/>\n\t<meta property=\"og:image:width\" content=\"1200\" \/>\n\t<meta property=\"og:image:height\" content=\"755\" \/>\n\t<meta property=\"og:image:type\" content=\"image\/jpeg\" \/>\n<meta name=\"author\" content=\"enequipo\" \/>\n<meta name=\"twitter:card\" content=\"summary_large_image\" \/>\n<meta name=\"twitter:creator\" content=\"@sonoraenequipo\" \/>\n<meta name=\"twitter:site\" content=\"@sonoraenequipo\" \/>\n<meta name=\"twitter:label1\" content=\"Escrito por\" \/>\n\t<meta name=\"twitter:data1\" content=\"enequipo\" \/>\n\t<meta name=\"twitter:label2\" content=\"Tiempo de lectura\" \/>\n\t<meta name=\"twitter:data2\" content=\"2 minutos\" \/>\n<script type=\"application\/ld+json\" class=\"yoast-schema-graph\">{\"@context\":\"https:\/\/schema.org\",\"@graph\":[{\"@type\":\"Article\",\"@id\":\"https:\/\/www.sonoraenequipo.com.mx\/salinas-pliego-quiere-politizar-su-deuda-las-deudas-no-se-politizan-se-pagan-presidenta\/#article\",\"isPartOf\":{\"@id\":\"https:\/\/www.sonoraenequipo.com.mx\/salinas-pliego-quiere-politizar-su-deuda-las-deudas-no-se-politizan-se-pagan-presidenta\/\"},\"author\":{\"name\":\"enequipo\",\"@id\":\"https:\/\/www.sonoraenequipo.com.mx\/#\/schema\/person\/50102df0fb23a8fa9e8effad8fa81386\"},\"headline\":\"Salinas Pliego \u201cquiere politizar su deuda, las deudas no se politizan, se pagan\u201d: Presidenta\",\"datePublished\":\"2025-09-30T17:32:09+00:00\",\"dateModified\":\"2025-09-30T19:20:20+00:00\",\"mainEntityOfPage\":{\"@id\":\"https:\/\/www.sonoraenequipo.com.mx\/salinas-pliego-quiere-politizar-su-deuda-las-deudas-no-se-politizan-se-pagan-presidenta\/\"},\"wordCount\":334,\"commentCount\":0,\"publisher\":{\"@id\":\"https:\/\/www.sonoraenequipo.com.mx\/#organization\"},\"image\":{\"@id\":\"https:\/\/www.sonoraenequipo.com.mx\/salinas-pliego-quiere-politizar-su-deuda-las-deudas-no-se-politizan-se-pagan-presidenta\/#primaryimage\"},\"thumbnailUrl\":\"https:\/\/www.sonoraenequipo.com.mx\/storage\/2025\/09\/Claudia-Sheinbaum-Pardo.-Presidenta-min.jpg\",\"articleSection\":[\"Rep\u00fablica\"],\"inLanguage\":\"es\",\"potentialAction\":[{\"@type\":\"CommentAction\",\"name\":\"Comment\",\"target\":[\"https:\/\/www.sonoraenequipo.com.mx\/salinas-pliego-quiere-politizar-su-deuda-las-deudas-no-se-politizan-se-pagan-presidenta\/#respond\"]}]},{\"@type\":\"WebPage\",\"@id\":\"https:\/\/www.sonoraenequipo.com.mx\/salinas-pliego-quiere-politizar-su-deuda-las-deudas-no-se-politizan-se-pagan-presidenta\/\",\"url\":\"https:\/\/www.sonoraenequipo.com.mx\/salinas-pliego-quiere-politizar-su-deuda-las-deudas-no-se-politizan-se-pagan-presidenta\/\",\"name\":\"Sonora en Equipo. Salinas Pliego \u201cquiere politizar su deuda, las deudas no se politizan, se pagan\u201d: Presidenta Rep\u00fablica\",\"isPartOf\":{\"@id\":\"https:\/\/www.sonoraenequipo.com.mx\/#website\"},\"primaryImageOfPage\":{\"@id\":\"https:\/\/www.sonoraenequipo.com.mx\/salinas-pliego-quiere-politizar-su-deuda-las-deudas-no-se-politizan-se-pagan-presidenta\/#primaryimage\"},\"image\":{\"@id\":\"https:\/\/www.sonoraenequipo.com.mx\/salinas-pliego-quiere-politizar-su-deuda-las-deudas-no-se-politizan-se-pagan-presidenta\/#primaryimage\"},\"thumbnailUrl\":\"https:\/\/www.sonoraenequipo.com.mx\/storage\/2025\/09\/Claudia-Sheinbaum-Pardo.-Presidenta-min.jpg\",\"datePublished\":\"2025-09-30T17:32:09+00:00\",\"dateModified\":\"2025-09-30T19:20:20+00:00\",\"description\":\"CIUDAD DE M\u00c9XICO.MX. \u2014 El empresario Ricardo Salinas Pliego \u201cquiere politizar su deuda (al fisco), las deudas no se politizan, se pagan. \u00a1As\u00ed de En Sonora en Equipo publicamos toda la informaci\u00f3n de Sonora, M\u00e9xico y el Mundo de manera oportuna y busca que la libertad de expresi\u00f3n sea real. Visita nuestro medio informativo publicado desde Hermosillo, Sonora. %\",\"breadcrumb\":{\"@id\":\"https:\/\/www.sonoraenequipo.com.mx\/salinas-pliego-quiere-politizar-su-deuda-las-deudas-no-se-politizan-se-pagan-presidenta\/#breadcrumb\"},\"inLanguage\":\"es\",\"potentialAction\":[{\"@type\":\"ReadAction\",\"target\":[\"https:\/\/www.sonoraenequipo.com.mx\/salinas-pliego-quiere-politizar-su-deuda-las-deudas-no-se-politizan-se-pagan-presidenta\/\"]}]},{\"@type\":\"ImageObject\",\"inLanguage\":\"es\",\"@id\":\"https:\/\/www.sonoraenequipo.com.mx\/salinas-pliego-quiere-politizar-su-deuda-las-deudas-no-se-politizan-se-pagan-presidenta\/#primaryimage\",\"url\":\"https:\/\/www.sonoraenequipo.com.mx\/storage\/2025\/09\/Claudia-Sheinbaum-Pardo.-Presidenta-min.jpg\",\"contentUrl\":\"https:\/\/www.sonoraenequipo.com.mx\/storage\/2025\/09\/Claudia-Sheinbaum-Pardo.-Presidenta-min.jpg\",\"width\":1200,\"height\":755},{\"@type\":\"BreadcrumbList\",\"@id\":\"https:\/\/www.sonoraenequipo.com.mx\/salinas-pliego-quiere-politizar-su-deuda-las-deudas-no-se-politizan-se-pagan-presidenta\/#breadcrumb\",\"itemListElement\":[{\"@type\":\"ListItem\",\"position\":1,\"name\":\"Portada\",\"item\":\"https:\/\/www.sonoraenequipo.com.mx\/\"},{\"@type\":\"ListItem\",\"position\":2,\"name\":\"Salinas Pliego \u201cquiere politizar su deuda, las deudas no se politizan, se pagan\u201d: Presidenta\"}]},{\"@type\":\"WebSite\",\"@id\":\"https:\/\/www.sonoraenequipo.com.mx\/#website\",\"url\":\"https:\/\/www.sonoraenequipo.com.mx\/\",\"name\":\"Sonora en Equipo.\",\"description\":\"Diario en l\u00ednea con Noticias desde Hermosillo, Sonora\",\"publisher\":{\"@id\":\"https:\/\/www.sonoraenequipo.com.mx\/#organization\"},\"potentialAction\":[{\"@type\":\"SearchAction\",\"target\":{\"@type\":\"EntryPoint\",\"urlTemplate\":\"https:\/\/www.sonoraenequipo.com.mx\/?s={search_term_string}\"},\"query-input\":{\"@type\":\"PropertyValueSpecification\",\"valueRequired\":true,\"valueName\":\"search_term_string\"}}],\"inLanguage\":\"es\"},{\"@type\":\"Organization\",\"@id\":\"https:\/\/www.sonoraenequipo.com.mx\/#organization\",\"name\":\"Sonoraenequipo.com.mx\",\"url\":\"https:\/\/www.sonoraenequipo.com.mx\/\",\"logo\":{\"@type\":\"ImageObject\",\"inLanguage\":\"es\",\"@id\":\"https:\/\/www.sonoraenequipo.com.mx\/#\/schema\/logo\/image\/\",\"url\":\"https:\/\/www.sonoraenequipo.com.mx\/storage\/2019\/01\/sonoraenequipo_opt.png\",\"contentUrl\":\"https:\/\/www.sonoraenequipo.com.mx\/storage\/2019\/01\/sonoraenequipo_opt.png\",\"width\":375,\"height\":125,\"caption\":\"Sonoraenequipo.com.mx\"},\"image\":{\"@id\":\"https:\/\/www.sonoraenequipo.com.mx\/#\/schema\/logo\/image\/\"},\"sameAs\":[\"https:\/\/www.facebook.com\/SonoraEE\/\",\"https:\/\/x.com\/sonoraenequipo\",\"https:\/\/www.youtube.com\/channel\/UC338nW-lPEYmJQs4ZABQ1SQ\"]},{\"@type\":\"Person\",\"@id\":\"https:\/\/www.sonoraenequipo.com.mx\/#\/schema\/person\/50102df0fb23a8fa9e8effad8fa81386\",\"name\":\"enequipo\",\"image\":{\"@type\":\"ImageObject\",\"inLanguage\":\"es\",\"@id\":\"https:\/\/www.sonoraenequipo.com.mx\/#\/schema\/person\/image\/\",\"url\":\"https:\/\/secure.gravatar.com\/avatar\/049821681b589dabc0bc20695993ccebb09f5b5d4d790cd9251b97faac7c652b?s=96&d=blank&r=g\",\"contentUrl\":\"https:\/\/secure.gravatar.com\/avatar\/049821681b589dabc0bc20695993ccebb09f5b5d4d790cd9251b97faac7c652b?s=96&d=blank&r=g\",\"caption\":\"enequipo\"},\"sameAs\":[\"https:\/\/www.facebook.com\/SonoraEE\"]}]}<\/script>\n ","yoast_head_json":{"title":"Sonora en Equipo. Salinas Pliego \u201cquiere politizar su deuda, las deudas no se politizan, se pagan\u201d: Presidenta Rep\u00fablica","description":"CIUDAD DE M\u00c9XICO.MX. \u2014 El empresario Ricardo Salinas Pliego \u201cquiere politizar su deuda (al fisco), las deudas no se politizan, se pagan. \u00a1As\u00ed de En Sonora en Equipo publicamos toda la informaci\u00f3n de Sonora, M\u00e9xico y el Mundo de manera oportuna y busca que la libertad de expresi\u00f3n sea real. Visita nuestro medio informativo publicado desde Hermosillo, Sonora. %","robots":{"index":"index","follow":"follow","max-snippet":"max-snippet:-1","max-image-preview":"max-image-preview:large","max-video-preview":"max-video-preview:-1"},"canonical":"https:\/\/www.sonoraenequipo.com.mx\/salinas-pliego-quiere-politizar-su-deuda-las-deudas-no-se-politizan-se-pagan-presidenta\/","og_locale":"es_ES","og_type":"article","og_title":"Sonora en Equipo. Salinas Pliego \u201cquiere politizar su deuda, las deudas no se politizan, se pagan\u201d: Presidenta Rep\u00fablica","og_description":"CIUDAD DE M\u00c9XICO.MX. \u2014 El empresario Ricardo Salinas Pliego \u201cquiere politizar su deuda (al fisco), las deudas no se politizan, se pagan. \u00a1As\u00ed de En Sonora en Equipo publicamos toda la informaci\u00f3n de Sonora, M\u00e9xico y el Mundo de manera oportuna y busca que la libertad de expresi\u00f3n sea real. Visita nuestro medio informativo publicado desde Hermosillo, Sonora. %","og_url":"https:\/\/www.sonoraenequipo.com.mx\/salinas-pliego-quiere-politizar-su-deuda-las-deudas-no-se-politizan-se-pagan-presidenta\/","og_site_name":"Sonora en Equipo.","article_publisher":"https:\/\/www.facebook.com\/SonoraEE\/","article_author":"https:\/\/www.facebook.com\/SonoraEE","article_published_time":"2025-09-30T17:32:09+00:00","article_modified_time":"2025-09-30T19:20:20+00:00","og_image":[{"width":1200,"height":755,"url":"https:\/\/www.sonoraenequipo.com.mx\/storage\/2025\/09\/Claudia-Sheinbaum-Pardo.-Presidenta-min.jpg","type":"image\/jpeg"}],"author":"enequipo","twitter_card":"summary_large_image","twitter_creator":"@sonoraenequipo","twitter_site":"@sonoraenequipo","twitter_misc":{"Escrito por":"enequipo","Tiempo de lectura":"2 minutos"},"schema":{"@context":"https:\/\/schema.org","@graph":[{"@type":"Article","@id":"https:\/\/www.sonoraenequipo.com.mx\/salinas-pliego-quiere-politizar-su-deuda-las-deudas-no-se-politizan-se-pagan-presidenta\/#article","isPartOf":{"@id":"https:\/\/www.sonoraenequipo.com.mx\/salinas-pliego-quiere-politizar-su-deuda-las-deudas-no-se-politizan-se-pagan-presidenta\/"},"author":{"name":"enequipo","@id":"https:\/\/www.sonoraenequipo.com.mx\/#\/schema\/person\/50102df0fb23a8fa9e8effad8fa81386"},"headline":"Salinas Pliego \u201cquiere politizar su deuda, las deudas no se politizan, se pagan\u201d: Presidenta","datePublished":"2025-09-30T17:32:09+00:00","dateModified":"2025-09-30T19:20:20+00:00","mainEntityOfPage":{"@id":"https:\/\/www.sonoraenequipo.com.mx\/salinas-pliego-quiere-politizar-su-deuda-las-deudas-no-se-politizan-se-pagan-presidenta\/"},"wordCount":334,"commentCount":0,"publisher":{"@id":"https:\/\/www.sonoraenequipo.com.mx\/#organization"},"image":{"@id":"https:\/\/www.sonoraenequipo.com.mx\/salinas-pliego-quiere-politizar-su-deuda-las-deudas-no-se-politizan-se-pagan-presidenta\/#primaryimage"},"thumbnailUrl":"https:\/\/www.sonoraenequipo.com.mx\/storage\/2025\/09\/Claudia-Sheinbaum-Pardo.-Presidenta-min.jpg","articleSection":["Rep\u00fablica"],"inLanguage":"es","potentialAction":[{"@type":"CommentAction","name":"Comment","target":["https:\/\/www.sonoraenequipo.com.mx\/salinas-pliego-quiere-politizar-su-deuda-las-deudas-no-se-politizan-se-pagan-presidenta\/#respond"]}]},{"@type":"WebPage","@id":"https:\/\/www.sonoraenequipo.com.mx\/salinas-pliego-quiere-politizar-su-deuda-las-deudas-no-se-politizan-se-pagan-presidenta\/","url":"https:\/\/www.sonoraenequipo.com.mx\/salinas-pliego-quiere-politizar-su-deuda-las-deudas-no-se-politizan-se-pagan-presidenta\/","name":"Sonora en Equipo. Salinas Pliego \u201cquiere politizar su deuda, las deudas no se politizan, se pagan\u201d: Presidenta Rep\u00fablica","isPartOf":{"@id":"https:\/\/www.sonoraenequipo.com.mx\/#website"},"primaryImageOfPage":{"@id":"https:\/\/www.sonoraenequipo.com.mx\/salinas-pliego-quiere-politizar-su-deuda-las-deudas-no-se-politizan-se-pagan-presidenta\/#primaryimage"},"image":{"@id":"https:\/\/www.sonoraenequipo.com.mx\/salinas-pliego-quiere-politizar-su-deuda-las-deudas-no-se-politizan-se-pagan-presidenta\/#primaryimage"},"thumbnailUrl":"https:\/\/www.sonoraenequipo.com.mx\/storage\/2025\/09\/Claudia-Sheinbaum-Pardo.-Presidenta-min.jpg","datePublished":"2025-09-30T17:32:09+00:00","dateModified":"2025-09-30T19:20:20+00:00","description":"CIUDAD DE M\u00c9XICO.MX. \u2014 El empresario Ricardo Salinas Pliego \u201cquiere politizar su deuda (al fisco), las deudas no se politizan, se pagan. \u00a1As\u00ed de En Sonora en Equipo publicamos toda la informaci\u00f3n de Sonora, M\u00e9xico y el Mundo de manera oportuna y busca que la libertad de expresi\u00f3n sea real. Visita nuestro medio informativo publicado desde Hermosillo, Sonora. %","breadcrumb":{"@id":"https:\/\/www.sonoraenequipo.com.mx\/salinas-pliego-quiere-politizar-su-deuda-las-deudas-no-se-politizan-se-pagan-presidenta\/#breadcrumb"},"inLanguage":"es","potentialAction":[{"@type":"ReadAction","target":["https:\/\/www.sonoraenequipo.com.mx\/salinas-pliego-quiere-politizar-su-deuda-las-deudas-no-se-politizan-se-pagan-presidenta\/"]}]},{"@type":"ImageObject","inLanguage":"es","@id":"https:\/\/www.sonoraenequipo.com.mx\/salinas-pliego-quiere-politizar-su-deuda-las-deudas-no-se-politizan-se-pagan-presidenta\/#primaryimage","url":"https:\/\/www.sonoraenequipo.com.mx\/storage\/2025\/09\/Claudia-Sheinbaum-Pardo.-Presidenta-min.jpg","contentUrl":"https:\/\/www.sonoraenequipo.com.mx\/storage\/2025\/09\/Claudia-Sheinbaum-Pardo.-Presidenta-min.jpg","width":1200,"height":755},{"@type":"BreadcrumbList","@id":"https:\/\/www.sonoraenequipo.com.mx\/salinas-pliego-quiere-politizar-su-deuda-las-deudas-no-se-politizan-se-pagan-presidenta\/#breadcrumb","itemListElement":[{"@type":"ListItem","position":1,"name":"Portada","item":"https:\/\/www.sonoraenequipo.com.mx\/"},{"@type":"ListItem","position":2,"name":"Salinas Pliego \u201cquiere politizar su deuda, las deudas no se politizan, se pagan\u201d: Presidenta"}]},{"@type":"WebSite","@id":"https:\/\/www.sonoraenequipo.com.mx\/#website","url":"https:\/\/www.sonoraenequipo.com.mx\/","name":"Sonora en Equipo.","description":"Diario en l\u00ednea con Noticias desde Hermosillo, Sonora","publisher":{"@id":"https:\/\/www.sonoraenequipo.com.mx\/#organization"},"potentialAction":[{"@type":"SearchAction","target":{"@type":"EntryPoint","urlTemplate":"https:\/\/www.sonoraenequipo.com.mx\/?s={search_term_string}"},"query-input":{"@type":"PropertyValueSpecification","valueRequired":true,"valueName":"search_term_string"}}],"inLanguage":"es"},{"@type":"Organization","@id":"https:\/\/www.sonoraenequipo.com.mx\/#organization","name":"Sonoraenequipo.com.mx","url":"https:\/\/www.sonoraenequipo.com.mx\/","logo":{"@type":"ImageObject","inLanguage":"es","@id":"https:\/\/www.sonoraenequipo.com.mx\/#\/schema\/logo\/image\/","url":"https:\/\/www.sonoraenequipo.com.mx\/storage\/2019\/01\/sonoraenequipo_opt.png","contentUrl":"https:\/\/www.sonoraenequipo.com.mx\/storage\/2019\/01\/sonoraenequipo_opt.png","width":375,"height":125,"caption":"Sonoraenequipo.com.mx"},"image":{"@id":"https:\/\/www.sonoraenequipo.com.mx\/#\/schema\/logo\/image\/"},"sameAs":["https:\/\/www.facebook.com\/SonoraEE\/","https:\/\/x.com\/sonoraenequipo","https:\/\/www.youtube.com\/channel\/UC338nW-lPEYmJQs4ZABQ1SQ"]},{"@type":"Person","@id":"https:\/\/www.sonoraenequipo.com.mx\/#\/schema\/person\/50102df0fb23a8fa9e8effad8fa81386","name":"enequipo","image":{"@type":"ImageObject","inLanguage":"es","@id":"https:\/\/www.sonoraenequipo.com.mx\/#\/schema\/person\/image\/","url":"https:\/\/secure.gravatar.com\/avatar\/049821681b589dabc0bc20695993ccebb09f5b5d4d790cd9251b97faac7c652b?s=96&d=blank&r=g","contentUrl":"https:\/\/secure.gravatar.com\/avatar\/049821681b589dabc0bc20695993ccebb09f5b5d4d790cd9251b97faac7c652b?s=96&d=blank&r=g","caption":"enequipo"},"sameAs":["https:\/\/www.facebook.com\/SonoraEE"]}]}},"jetpack_featured_media_url":"https:\/\/www.sonoraenequipo.com.mx\/storage\/2025\/09\/Claudia-Sheinbaum-Pardo.-Presidenta-min.jpg","_links":{"self":[{"href":"https:\/\/www.sonoraenequipo.com.mx\/api\/wp\/v2\/posts\/225057","targetHints":{"allow":["GET"]}}],"collection":[{"href":"https:\/\/www.sonoraenequipo.com.mx\/api\/wp\/v2\/posts"}],"about":[{"href":"https:\/\/www.sonoraenequipo.com.mx\/api\/wp\/v2\/types\/post"}],"author":[{"embeddable":true,"href":"https:\/\/www.sonoraenequipo.com.mx\/api\/wp\/v2\/users\/1"}],"replies":[{"embeddable":true,"href":"https:\/\/www.sonoraenequipo.com.mx\/api\/wp\/v2\/comments?post=225057"}],"version-history":[{"count":1,"href":"https:\/\/www.sonoraenequipo.com.mx\/api\/wp\/v2\/posts\/225057\/revisions"}],"predecessor-version":[{"id":225061,"href":"https:\/\/www.sonoraenequipo.com.mx\/api\/wp\/v2\/posts\/225057\/revisions\/225061"}],"wp:featuredmedia":[{"embeddable":true,"href":"https:\/\/www.sonoraenequipo.com.mx\/api\/wp\/v2\/media\/225059"}],"wp:attachment":[{"href":"https:\/\/www.sonoraenequipo.com.mx\/api\/wp\/v2\/media?parent=225057"}],"wp:term":[{"taxonomy":"category","embeddable":true,"href":"https:\/\/www.sonoraenequipo.com.mx\/api\/wp\/v2\/categories?post=225057"},{"taxonomy":"post_tag","embeddable":true,"href":"https:\/\/www.sonoraenequipo.com.mx\/api\/wp\/v2\/tags?post=225057"}],"curies":[{"name":"wp","href":"https:\/\/api.w.org\/{rel}","templated":true}]}}