{"id":225063,"date":"2025-09-30T12:35:06","date_gmt":"2025-09-30T19:35:06","guid":{"rendered":"https:\/\/www.sonoraenequipo.com.mx\/?p=225063"},"modified":"2025-09-30T16:23:43","modified_gmt":"2025-09-30T23:23:43","slug":"diputada-ernestina-castro-arranca-segunda-edicion-de-el-club-unidos-por-la-paz-y-la-prevencion","status":"publish","type":"post","link":"https:\/\/www.sonoraenequipo.com.mx\/diputada-ernestina-castro-arranca-segunda-edicion-de-el-club-unidos-por-la-paz-y-la-prevencion\/","title":{"rendered":"Ernestina Castro arranca segunda edici\u00f3n de  \u00abUnidos por la Paz y la Prevenci\u00f3n\u00bb"},"content":{"rendered":"<p>&nbsp;<\/p>\n<p><strong>HERMOSILLO, SONORA, MX.<\/strong> \u2014 La diputada local por el Distrito 15 en Cajeme, Ernestina Castro Valenzuela, dio inicio ayer (29\/09\/2025) a la segunda edici\u00f3n de El Club \u00abUnidos por la Paz y la Prevenci\u00f3n\u00bb, un programa dise\u00f1ado para fortalecer el tejido social y ofrecer herramientas clave para el desarrollo y el bienestar de la juventud.<\/p>\n<p>&nbsp;<\/p>\n<p>El arranque oficial se llev\u00f3 a cabo en la Secundaria General No. 7 \u00abManuel \u00cd\u00f1iguez Camberos\u00bb, marcando el inicio de un ciclo que beneficiar\u00e1 a m\u00e1s de mil 600 estudiantes de tercer grado de secundaria en el municipio.<\/p>\n<p>&nbsp;<\/p>\n<p>Durante los pr\u00f3ximos cuatro meses, las y los j\u00f3venes participantes trabajar\u00e1n en temas y estrategias enfocadas en la prevenci\u00f3n de adicciones y la construcci\u00f3n de la paz, de la mano de la asociaci\u00f3n Amor y Convicci\u00f3n A.C., que encabeza Tato Balderrama.<\/p>\n<p>&nbsp;<\/p>\n<p>La diputada Castro Valenzuela destac\u00f3 la importancia de la colaboraci\u00f3n y el crecimiento del programa:<\/p>\n<p>&nbsp;<\/p>\n<p>\u201cMe siento muy contenta por la gran aceptaci\u00f3n que ha tenido este programa entre la juventud. Ver su entusiasmo y participaci\u00f3n nos motiva a seguir impulsando acciones que fomenten la prevenci\u00f3n y el bienestar en nuestras comunidades. Hago un reconocimiento especial a Tato (Balderrama), quien ha desempe\u00f1ado un papel clave en este programa, guiando y acompa\u00f1ando a los j\u00f3venes con dedicaci\u00f3n y compromiso\u00bb.<\/p>\n<p>&nbsp;<\/p>\n<p>Las escuelas participantes en esta edici\u00f3n incluyen:<\/p>\n<p>&nbsp;<\/p>\n<p>* \u00a0\u00a0\u00a0\u00a0\u00a0 Secundaria General No. 7 (sede del arranque).<\/p>\n<p>&nbsp;<\/p>\n<p>* \u00a0\u00a0\u00a0\u00a0\u00a0 Estatal No. 11, colonia Primero de Mayo.<\/p>\n<p>&nbsp;<\/p>\n<ul>\n<li>T\u00e9cnica No. 4, colonia Valle Dorado.<\/li>\n<\/ul>\n<p>&nbsp;<\/p>\n<ul>\n<li>Agropecuaria de C\u00f3corit.<\/li>\n<\/ul>\n<p>&nbsp;<\/p>\n<ul>\n<li>Estatal No. 16, colonia Urbi.<\/li>\n<\/ul>\n<p>&nbsp;<\/p>\n<ul>\n<li>General No. 5, colonia Luis Echeverria.<\/li>\n<\/ul>\n<p>&nbsp;<\/p>\n<ul>\n<li>General No. 2, colonia Plan Oriente.<\/li>\n<\/ul>\n<p>&nbsp;<\/p>\n<p>La iniciativa sigue creciendo gracias a la participaci\u00f3n activa de docentes, capacitadores, j\u00f3venes y familias de Cajeme.<\/p>\n<p><strong>Fecha de publicaci\u00f3n lunes 29 de septiembre de 2025<\/strong><\/p>\n<p>&nbsp;<\/p>\n","protected":false},"excerpt":{"rendered":"<p>&nbsp; HERMOSILLO, SONORA, MX. \u2014 La diputada local por el Distrito 15 en Cajeme, Ernestina&#8230;<\/p>\n","protected":false},"author":1,"featured_media":225064,"comment_status":"open","ping_status":"open","sticky":false,"template":"","format":"standard","meta":{"_monsterinsights_skip_tracking":false,"_monsterinsights_sitenote_active":false,"_monsterinsights_sitenote_note":"","_monsterinsights_sitenote_category":0,"footnotes":""},"categories":[3281],"tags":[9146,4567],"class_list":["post"],"yoast_head":" \n<title>Sonora en Equipo. Ernestina Castro arranca segunda edici\u00f3n de &quot;Unidos por la Paz y la Prevenci\u00f3n&quot; Congreso<\/title>\n<meta name=\"description\" content=\"&nbsp; HERMOSILLO, SONORA, MX. \u2014 La diputada local por el Distrito 15 en Cajeme, Ernestina Castro Valenzuela, dio inicio ayer (29\/09\/2025) a la segunda En Sonora en Equipo publicamos toda la informaci\u00f3n de Sonora, M\u00e9xico y el Mundo de manera oportuna y busca que la libertad de expresi\u00f3n sea real. Visita nuestro medio informativo publicado desde Hermosillo, Sonora. %\" \/>\n<meta name=\"robots\" content=\"index, follow, max-snippet:-1, max-image-preview:large, max-video-preview:-1\" \/>\n<link rel=\"canonical\" href=\"https:\/\/www.sonoraenequipo.com.mx\/diputada-ernestina-castro-arranca-segunda-edicion-de-el-club-unidos-por-la-paz-y-la-prevencion\/\" \/>\n<meta property=\"og:locale\" content=\"es_ES\" \/>\n<meta property=\"og:type\" content=\"article\" \/>\n<meta property=\"og:title\" content=\"Sonora en Equipo. Ernestina Castro arranca segunda edici\u00f3n de &quot;Unidos por la Paz y la Prevenci\u00f3n&quot; Congreso\" \/>\n<meta property=\"og:description\" content=\"&nbsp; HERMOSILLO, SONORA, MX. \u2014 La diputada local por el Distrito 15 en Cajeme, Ernestina Castro Valenzuela, dio inicio ayer (29\/09\/2025) a la segunda En Sonora en Equipo publicamos toda la informaci\u00f3n de Sonora, M\u00e9xico y el Mundo de manera oportuna y busca que la libertad de expresi\u00f3n sea real. Visita nuestro medio informativo publicado desde Hermosillo, Sonora. %\" \/>\n<meta property=\"og:url\" content=\"https:\/\/www.sonoraenequipo.com.mx\/diputada-ernestina-castro-arranca-segunda-edicion-de-el-club-unidos-por-la-paz-y-la-prevencion\/\" \/>\n<meta property=\"og:site_name\" content=\"Sonora en Equipo.\" \/>\n<meta property=\"article:publisher\" content=\"https:\/\/www.facebook.com\/SonoraEE\/\" \/>\n<meta property=\"article:author\" content=\"https:\/\/www.facebook.com\/SonoraEE\" \/>\n<meta property=\"article:published_time\" content=\"2025-09-30T19:35:06+00:00\" \/>\n<meta property=\"article:modified_time\" content=\"2025-09-30T23:23:43+00:00\" \/>\n<meta property=\"og:image\" content=\"https:\/\/www.sonoraenequipo.com.mx\/storage\/2025\/09\/ECV.jpg\" \/>\n\t<meta property=\"og:image:width\" content=\"600\" \/>\n\t<meta property=\"og:image:height\" content=\"400\" \/>\n\t<meta property=\"og:image:type\" content=\"image\/jpeg\" \/>\n<meta name=\"author\" content=\"enequipo\" \/>\n<meta name=\"twitter:card\" content=\"summary_large_image\" \/>\n<meta name=\"twitter:creator\" content=\"@sonoraenequipo\" \/>\n<meta name=\"twitter:site\" content=\"@sonoraenequipo\" \/>\n<meta name=\"twitter:label1\" content=\"Escrito por\" \/>\n\t<meta name=\"twitter:data1\" content=\"enequipo\" \/>\n\t<meta name=\"twitter:label2\" content=\"Tiempo de lectura\" \/>\n\t<meta name=\"twitter:data2\" content=\"2 minutos\" \/>\n<script type=\"application\/ld+json\" class=\"yoast-schema-graph\">{\"@context\":\"https:\/\/schema.org\",\"@graph\":[{\"@type\":\"Article\",\"@id\":\"https:\/\/www.sonoraenequipo.com.mx\/diputada-ernestina-castro-arranca-segunda-edicion-de-el-club-unidos-por-la-paz-y-la-prevencion\/#article\",\"isPartOf\":{\"@id\":\"https:\/\/www.sonoraenequipo.com.mx\/diputada-ernestina-castro-arranca-segunda-edicion-de-el-club-unidos-por-la-paz-y-la-prevencion\/\"},\"author\":{\"name\":\"enequipo\",\"@id\":\"https:\/\/www.sonoraenequipo.com.mx\/#\/schema\/person\/50102df0fb23a8fa9e8effad8fa81386\"},\"headline\":\"Ernestina Castro arranca segunda edici\u00f3n de \u00abUnidos por la Paz y la Prevenci\u00f3n\u00bb\",\"datePublished\":\"2025-09-30T19:35:06+00:00\",\"dateModified\":\"2025-09-30T23:23:43+00:00\",\"mainEntityOfPage\":{\"@id\":\"https:\/\/www.sonoraenequipo.com.mx\/diputada-ernestina-castro-arranca-segunda-edicion-de-el-club-unidos-por-la-paz-y-la-prevencion\/\"},\"wordCount\":328,\"commentCount\":0,\"publisher\":{\"@id\":\"https:\/\/www.sonoraenequipo.com.mx\/#organization\"},\"image\":{\"@id\":\"https:\/\/www.sonoraenequipo.com.mx\/diputada-ernestina-castro-arranca-segunda-edicion-de-el-club-unidos-por-la-paz-y-la-prevencion\/#primaryimage\"},\"thumbnailUrl\":\"https:\/\/www.sonoraenequipo.com.mx\/storage\/2025\/09\/ECV.jpg\",\"keywords\":[\"dip\",\"Ernestina Castro\"],\"articleSection\":[\"Congreso\"],\"inLanguage\":\"es\",\"potentialAction\":[{\"@type\":\"CommentAction\",\"name\":\"Comment\",\"target\":[\"https:\/\/www.sonoraenequipo.com.mx\/diputada-ernestina-castro-arranca-segunda-edicion-de-el-club-unidos-por-la-paz-y-la-prevencion\/#respond\"]}]},{\"@type\":\"WebPage\",\"@id\":\"https:\/\/www.sonoraenequipo.com.mx\/diputada-ernestina-castro-arranca-segunda-edicion-de-el-club-unidos-por-la-paz-y-la-prevencion\/\",\"url\":\"https:\/\/www.sonoraenequipo.com.mx\/diputada-ernestina-castro-arranca-segunda-edicion-de-el-club-unidos-por-la-paz-y-la-prevencion\/\",\"name\":\"Sonora en Equipo. Ernestina Castro arranca segunda edici\u00f3n de \\\"Unidos por la Paz y la Prevenci\u00f3n\\\" Congreso\",\"isPartOf\":{\"@id\":\"https:\/\/www.sonoraenequipo.com.mx\/#website\"},\"primaryImageOfPage\":{\"@id\":\"https:\/\/www.sonoraenequipo.com.mx\/diputada-ernestina-castro-arranca-segunda-edicion-de-el-club-unidos-por-la-paz-y-la-prevencion\/#primaryimage\"},\"image\":{\"@id\":\"https:\/\/www.sonoraenequipo.com.mx\/diputada-ernestina-castro-arranca-segunda-edicion-de-el-club-unidos-por-la-paz-y-la-prevencion\/#primaryimage\"},\"thumbnailUrl\":\"https:\/\/www.sonoraenequipo.com.mx\/storage\/2025\/09\/ECV.jpg\",\"datePublished\":\"2025-09-30T19:35:06+00:00\",\"dateModified\":\"2025-09-30T23:23:43+00:00\",\"description\":\"&nbsp; HERMOSILLO, SONORA, MX. \u2014 La diputada local por el Distrito 15 en Cajeme, Ernestina Castro Valenzuela, dio inicio ayer (29\/09\/2025) a la segunda En Sonora en Equipo publicamos toda la informaci\u00f3n de Sonora, M\u00e9xico y el Mundo de manera oportuna y busca que la libertad de expresi\u00f3n sea real. Visita nuestro medio informativo publicado desde Hermosillo, Sonora. %\",\"breadcrumb\":{\"@id\":\"https:\/\/www.sonoraenequipo.com.mx\/diputada-ernestina-castro-arranca-segunda-edicion-de-el-club-unidos-por-la-paz-y-la-prevencion\/#breadcrumb\"},\"inLanguage\":\"es\",\"potentialAction\":[{\"@type\":\"ReadAction\",\"target\":[\"https:\/\/www.sonoraenequipo.com.mx\/diputada-ernestina-castro-arranca-segunda-edicion-de-el-club-unidos-por-la-paz-y-la-prevencion\/\"]}]},{\"@type\":\"ImageObject\",\"inLanguage\":\"es\",\"@id\":\"https:\/\/www.sonoraenequipo.com.mx\/diputada-ernestina-castro-arranca-segunda-edicion-de-el-club-unidos-por-la-paz-y-la-prevencion\/#primaryimage\",\"url\":\"https:\/\/www.sonoraenequipo.com.mx\/storage\/2025\/09\/ECV.jpg\",\"contentUrl\":\"https:\/\/www.sonoraenequipo.com.mx\/storage\/2025\/09\/ECV.jpg\",\"width\":600,\"height\":400},{\"@type\":\"BreadcrumbList\",\"@id\":\"https:\/\/www.sonoraenequipo.com.mx\/diputada-ernestina-castro-arranca-segunda-edicion-de-el-club-unidos-por-la-paz-y-la-prevencion\/#breadcrumb\",\"itemListElement\":[{\"@type\":\"ListItem\",\"position\":1,\"name\":\"Portada\",\"item\":\"https:\/\/www.sonoraenequipo.com.mx\/\"},{\"@type\":\"ListItem\",\"position\":2,\"name\":\"Ernestina Castro arranca segunda edici\u00f3n de \u00abUnidos por la Paz y la Prevenci\u00f3n\u00bb\"}]},{\"@type\":\"WebSite\",\"@id\":\"https:\/\/www.sonoraenequipo.com.mx\/#website\",\"url\":\"https:\/\/www.sonoraenequipo.com.mx\/\",\"name\":\"Sonora en Equipo.\",\"description\":\"Diario en l\u00ednea con Noticias desde Hermosillo, Sonora\",\"publisher\":{\"@id\":\"https:\/\/www.sonoraenequipo.com.mx\/#organization\"},\"potentialAction\":[{\"@type\":\"SearchAction\",\"target\":{\"@type\":\"EntryPoint\",\"urlTemplate\":\"https:\/\/www.sonoraenequipo.com.mx\/?s={search_term_string}\"},\"query-input\":{\"@type\":\"PropertyValueSpecification\",\"valueRequired\":true,\"valueName\":\"search_term_string\"}}],\"inLanguage\":\"es\"},{\"@type\":\"Organization\",\"@id\":\"https:\/\/www.sonoraenequipo.com.mx\/#organization\",\"name\":\"Sonoraenequipo.com.mx\",\"url\":\"https:\/\/www.sonoraenequipo.com.mx\/\",\"logo\":{\"@type\":\"ImageObject\",\"inLanguage\":\"es\",\"@id\":\"https:\/\/www.sonoraenequipo.com.mx\/#\/schema\/logo\/image\/\",\"url\":\"https:\/\/www.sonoraenequipo.com.mx\/storage\/2019\/01\/sonoraenequipo_opt.png\",\"contentUrl\":\"https:\/\/www.sonoraenequipo.com.mx\/storage\/2019\/01\/sonoraenequipo_opt.png\",\"width\":375,\"height\":125,\"caption\":\"Sonoraenequipo.com.mx\"},\"image\":{\"@id\":\"https:\/\/www.sonoraenequipo.com.mx\/#\/schema\/logo\/image\/\"},\"sameAs\":[\"https:\/\/www.facebook.com\/SonoraEE\/\",\"https:\/\/x.com\/sonoraenequipo\",\"https:\/\/www.youtube.com\/channel\/UC338nW-lPEYmJQs4ZABQ1SQ\"]},{\"@type\":\"Person\",\"@id\":\"https:\/\/www.sonoraenequipo.com.mx\/#\/schema\/person\/50102df0fb23a8fa9e8effad8fa81386\",\"name\":\"enequipo\",\"image\":{\"@type\":\"ImageObject\",\"inLanguage\":\"es\",\"@id\":\"https:\/\/www.sonoraenequipo.com.mx\/#\/schema\/person\/image\/\",\"url\":\"https:\/\/secure.gravatar.com\/avatar\/049821681b589dabc0bc20695993ccebb09f5b5d4d790cd9251b97faac7c652b?s=96&d=blank&r=g\",\"contentUrl\":\"https:\/\/secure.gravatar.com\/avatar\/049821681b589dabc0bc20695993ccebb09f5b5d4d790cd9251b97faac7c652b?s=96&d=blank&r=g\",\"caption\":\"enequipo\"},\"sameAs\":[\"https:\/\/www.facebook.com\/SonoraEE\"]}]}<\/script>\n ","yoast_head_json":{"title":"Sonora en Equipo. Ernestina Castro arranca segunda edici\u00f3n de \"Unidos por la Paz y la Prevenci\u00f3n\" Congreso","description":"&nbsp; HERMOSILLO, SONORA, MX. \u2014 La diputada local por el Distrito 15 en Cajeme, Ernestina Castro Valenzuela, dio inicio ayer (29\/09\/2025) a la segunda En Sonora en Equipo publicamos toda la informaci\u00f3n de Sonora, M\u00e9xico y el Mundo de manera oportuna y busca que la libertad de expresi\u00f3n sea real. Visita nuestro medio informativo publicado desde Hermosillo, Sonora. %","robots":{"index":"index","follow":"follow","max-snippet":"max-snippet:-1","max-image-preview":"max-image-preview:large","max-video-preview":"max-video-preview:-1"},"canonical":"https:\/\/www.sonoraenequipo.com.mx\/diputada-ernestina-castro-arranca-segunda-edicion-de-el-club-unidos-por-la-paz-y-la-prevencion\/","og_locale":"es_ES","og_type":"article","og_title":"Sonora en Equipo. Ernestina Castro arranca segunda edici\u00f3n de \"Unidos por la Paz y la Prevenci\u00f3n\" Congreso","og_description":"&nbsp; HERMOSILLO, SONORA, MX. \u2014 La diputada local por el Distrito 15 en Cajeme, Ernestina Castro Valenzuela, dio inicio ayer (29\/09\/2025) a la segunda En Sonora en Equipo publicamos toda la informaci\u00f3n de Sonora, M\u00e9xico y el Mundo de manera oportuna y busca que la libertad de expresi\u00f3n sea real. Visita nuestro medio informativo publicado desde Hermosillo, Sonora. %","og_url":"https:\/\/www.sonoraenequipo.com.mx\/diputada-ernestina-castro-arranca-segunda-edicion-de-el-club-unidos-por-la-paz-y-la-prevencion\/","og_site_name":"Sonora en Equipo.","article_publisher":"https:\/\/www.facebook.com\/SonoraEE\/","article_author":"https:\/\/www.facebook.com\/SonoraEE","article_published_time":"2025-09-30T19:35:06+00:00","article_modified_time":"2025-09-30T23:23:43+00:00","og_image":[{"width":600,"height":400,"url":"https:\/\/www.sonoraenequipo.com.mx\/storage\/2025\/09\/ECV.jpg","type":"image\/jpeg"}],"author":"enequipo","twitter_card":"summary_large_image","twitter_creator":"@sonoraenequipo","twitter_site":"@sonoraenequipo","twitter_misc":{"Escrito por":"enequipo","Tiempo de lectura":"2 minutos"},"schema":{"@context":"https:\/\/schema.org","@graph":[{"@type":"Article","@id":"https:\/\/www.sonoraenequipo.com.mx\/diputada-ernestina-castro-arranca-segunda-edicion-de-el-club-unidos-por-la-paz-y-la-prevencion\/#article","isPartOf":{"@id":"https:\/\/www.sonoraenequipo.com.mx\/diputada-ernestina-castro-arranca-segunda-edicion-de-el-club-unidos-por-la-paz-y-la-prevencion\/"},"author":{"name":"enequipo","@id":"https:\/\/www.sonoraenequipo.com.mx\/#\/schema\/person\/50102df0fb23a8fa9e8effad8fa81386"},"headline":"Ernestina Castro arranca segunda edici\u00f3n de \u00abUnidos por la Paz y la Prevenci\u00f3n\u00bb","datePublished":"2025-09-30T19:35:06+00:00","dateModified":"2025-09-30T23:23:43+00:00","mainEntityOfPage":{"@id":"https:\/\/www.sonoraenequipo.com.mx\/diputada-ernestina-castro-arranca-segunda-edicion-de-el-club-unidos-por-la-paz-y-la-prevencion\/"},"wordCount":328,"commentCount":0,"publisher":{"@id":"https:\/\/www.sonoraenequipo.com.mx\/#organization"},"image":{"@id":"https:\/\/www.sonoraenequipo.com.mx\/diputada-ernestina-castro-arranca-segunda-edicion-de-el-club-unidos-por-la-paz-y-la-prevencion\/#primaryimage"},"thumbnailUrl":"https:\/\/www.sonoraenequipo.com.mx\/storage\/2025\/09\/ECV.jpg","keywords":["dip","Ernestina Castro"],"articleSection":["Congreso"],"inLanguage":"es","potentialAction":[{"@type":"CommentAction","name":"Comment","target":["https:\/\/www.sonoraenequipo.com.mx\/diputada-ernestina-castro-arranca-segunda-edicion-de-el-club-unidos-por-la-paz-y-la-prevencion\/#respond"]}]},{"@type":"WebPage","@id":"https:\/\/www.sonoraenequipo.com.mx\/diputada-ernestina-castro-arranca-segunda-edicion-de-el-club-unidos-por-la-paz-y-la-prevencion\/","url":"https:\/\/www.sonoraenequipo.com.mx\/diputada-ernestina-castro-arranca-segunda-edicion-de-el-club-unidos-por-la-paz-y-la-prevencion\/","name":"Sonora en Equipo. Ernestina Castro arranca segunda edici\u00f3n de \"Unidos por la Paz y la Prevenci\u00f3n\" Congreso","isPartOf":{"@id":"https:\/\/www.sonoraenequipo.com.mx\/#website"},"primaryImageOfPage":{"@id":"https:\/\/www.sonoraenequipo.com.mx\/diputada-ernestina-castro-arranca-segunda-edicion-de-el-club-unidos-por-la-paz-y-la-prevencion\/#primaryimage"},"image":{"@id":"https:\/\/www.sonoraenequipo.com.mx\/diputada-ernestina-castro-arranca-segunda-edicion-de-el-club-unidos-por-la-paz-y-la-prevencion\/#primaryimage"},"thumbnailUrl":"https:\/\/www.sonoraenequipo.com.mx\/storage\/2025\/09\/ECV.jpg","datePublished":"2025-09-30T19:35:06+00:00","dateModified":"2025-09-30T23:23:43+00:00","description":"&nbsp; HERMOSILLO, SONORA, MX. \u2014 La diputada local por el Distrito 15 en Cajeme, Ernestina Castro Valenzuela, dio inicio ayer (29\/09\/2025) a la segunda En Sonora en Equipo publicamos toda la informaci\u00f3n de Sonora, M\u00e9xico y el Mundo de manera oportuna y busca que la libertad de expresi\u00f3n sea real. Visita nuestro medio informativo publicado desde Hermosillo, Sonora. %","breadcrumb":{"@id":"https:\/\/www.sonoraenequipo.com.mx\/diputada-ernestina-castro-arranca-segunda-edicion-de-el-club-unidos-por-la-paz-y-la-prevencion\/#breadcrumb"},"inLanguage":"es","potentialAction":[{"@type":"ReadAction","target":["https:\/\/www.sonoraenequipo.com.mx\/diputada-ernestina-castro-arranca-segunda-edicion-de-el-club-unidos-por-la-paz-y-la-prevencion\/"]}]},{"@type":"ImageObject","inLanguage":"es","@id":"https:\/\/www.sonoraenequipo.com.mx\/diputada-ernestina-castro-arranca-segunda-edicion-de-el-club-unidos-por-la-paz-y-la-prevencion\/#primaryimage","url":"https:\/\/www.sonoraenequipo.com.mx\/storage\/2025\/09\/ECV.jpg","contentUrl":"https:\/\/www.sonoraenequipo.com.mx\/storage\/2025\/09\/ECV.jpg","width":600,"height":400},{"@type":"BreadcrumbList","@id":"https:\/\/www.sonoraenequipo.com.mx\/diputada-ernestina-castro-arranca-segunda-edicion-de-el-club-unidos-por-la-paz-y-la-prevencion\/#breadcrumb","itemListElement":[{"@type":"ListItem","position":1,"name":"Portada","item":"https:\/\/www.sonoraenequipo.com.mx\/"},{"@type":"ListItem","position":2,"name":"Ernestina Castro arranca segunda edici\u00f3n de \u00abUnidos por la Paz y la Prevenci\u00f3n\u00bb"}]},{"@type":"WebSite","@id":"https:\/\/www.sonoraenequipo.com.mx\/#website","url":"https:\/\/www.sonoraenequipo.com.mx\/","name":"Sonora en Equipo.","description":"Diario en l\u00ednea con Noticias desde Hermosillo, Sonora","publisher":{"@id":"https:\/\/www.sonoraenequipo.com.mx\/#organization"},"potentialAction":[{"@type":"SearchAction","target":{"@type":"EntryPoint","urlTemplate":"https:\/\/www.sonoraenequipo.com.mx\/?s={search_term_string}"},"query-input":{"@type":"PropertyValueSpecification","valueRequired":true,"valueName":"search_term_string"}}],"inLanguage":"es"},{"@type":"Organization","@id":"https:\/\/www.sonoraenequipo.com.mx\/#organization","name":"Sonoraenequipo.com.mx","url":"https:\/\/www.sonoraenequipo.com.mx\/","logo":{"@type":"ImageObject","inLanguage":"es","@id":"https:\/\/www.sonoraenequipo.com.mx\/#\/schema\/logo\/image\/","url":"https:\/\/www.sonoraenequipo.com.mx\/storage\/2019\/01\/sonoraenequipo_opt.png","contentUrl":"https:\/\/www.sonoraenequipo.com.mx\/storage\/2019\/01\/sonoraenequipo_opt.png","width":375,"height":125,"caption":"Sonoraenequipo.com.mx"},"image":{"@id":"https:\/\/www.sonoraenequipo.com.mx\/#\/schema\/logo\/image\/"},"sameAs":["https:\/\/www.facebook.com\/SonoraEE\/","https:\/\/x.com\/sonoraenequipo","https:\/\/www.youtube.com\/channel\/UC338nW-lPEYmJQs4ZABQ1SQ"]},{"@type":"Person","@id":"https:\/\/www.sonoraenequipo.com.mx\/#\/schema\/person\/50102df0fb23a8fa9e8effad8fa81386","name":"enequipo","image":{"@type":"ImageObject","inLanguage":"es","@id":"https:\/\/www.sonoraenequipo.com.mx\/#\/schema\/person\/image\/","url":"https:\/\/secure.gravatar.com\/avatar\/049821681b589dabc0bc20695993ccebb09f5b5d4d790cd9251b97faac7c652b?s=96&d=blank&r=g","contentUrl":"https:\/\/secure.gravatar.com\/avatar\/049821681b589dabc0bc20695993ccebb09f5b5d4d790cd9251b97faac7c652b?s=96&d=blank&r=g","caption":"enequipo"},"sameAs":["https:\/\/www.facebook.com\/SonoraEE"]}]}},"jetpack_featured_media_url":"https:\/\/www.sonoraenequipo.com.mx\/storage\/2025\/09\/ECV.jpg","_links":{"self":[{"href":"https:\/\/www.sonoraenequipo.com.mx\/api\/wp\/v2\/posts\/225063","targetHints":{"allow":["GET"]}}],"collection":[{"href":"https:\/\/www.sonoraenequipo.com.mx\/api\/wp\/v2\/posts"}],"about":[{"href":"https:\/\/www.sonoraenequipo.com.mx\/api\/wp\/v2\/types\/post"}],"author":[{"embeddable":true,"href":"https:\/\/www.sonoraenequipo.com.mx\/api\/wp\/v2\/users\/1"}],"replies":[{"embeddable":true,"href":"https:\/\/www.sonoraenequipo.com.mx\/api\/wp\/v2\/comments?post=225063"}],"version-history":[{"count":2,"href":"https:\/\/www.sonoraenequipo.com.mx\/api\/wp\/v2\/posts\/225063\/revisions"}],"predecessor-version":[{"id":225075,"href":"https:\/\/www.sonoraenequipo.com.mx\/api\/wp\/v2\/posts\/225063\/revisions\/225075"}],"wp:featuredmedia":[{"embeddable":true,"href":"https:\/\/www.sonoraenequipo.com.mx\/api\/wp\/v2\/media\/225064"}],"wp:attachment":[{"href":"https:\/\/www.sonoraenequipo.com.mx\/api\/wp\/v2\/media?parent=225063"}],"wp:term":[{"taxonomy":"category","embeddable":true,"href":"https:\/\/www.sonoraenequipo.com.mx\/api\/wp\/v2\/categories?post=225063"},{"taxonomy":"post_tag","embeddable":true,"href":"https:\/\/www.sonoraenequipo.com.mx\/api\/wp\/v2\/tags?post=225063"}],"curies":[{"name":"wp","href":"https:\/\/api.w.org\/{rel}","templated":true}]}}