{"id":225066,"date":"2025-09-30T14:43:05","date_gmt":"2025-09-30T21:43:05","guid":{"rendered":"https:\/\/www.sonoraenequipo.com.mx\/?p=225066"},"modified":"2025-09-30T14:43:05","modified_gmt":"2025-09-30T21:43:05","slug":"rendira-unison-homenaje-a-arturo-merino-y-luis-enrique-garcia-en-el-fitu-17","status":"publish","type":"post","link":"https:\/\/www.sonoraenequipo.com.mx\/rendira-unison-homenaje-a-arturo-merino-y-luis-enrique-garcia-en-el-fitu-17\/","title":{"rendered":"Rendir\u00e1 Unison homenaje a Arturo Merino y Luis Enrique Garc\u00eda en el FITU 17"},"content":{"rendered":"<p>&nbsp;<\/p>\n<p><strong>HERMOSILLO, SONORA, MX.<\/strong> \u2014La Universidad de Sonora, a trav\u00e9s del Departamento de Bellas Artes y la Licenciatura en Artes Esc\u00e9nicas, rendir\u00e1 homenaje a los maestros dramaturgos Arturo Merino y Luis Enrique Garc\u00eda en la edici\u00f3n 17 del Festival Internacional de Teatro Universitario (FITU), a realizarse del 6 al 11 de octubre pr\u00f3ximos.<\/p>\n<p>La edici\u00f3n 2025 del FITU se realizar\u00e1 en tres sedes del campus Hermosillo y participar\u00e1n cinco instituciones de educaci\u00f3n superior, con 40 actores en escena y cinco directores; adem\u00e1s, se desarrollar\u00e1n dos talleres y cinco conferencias magistrales.<\/p>\n<p>En rueda de prensa, el director de Vinculaci\u00f3n y Extensi\u00f3n, Joel Enrique Espejel Blanco; la jefa del Departamento de Bellas Artes, Flor del Carmen Herrera Navarro; el coordinador de la Academia de Teatro, Luis Ricardo Gait\u00e1n Osorio, y el maestro Marcos Gonz\u00e1lez Navarro, dieron a conocer los detalles del programa del FITU 17.<\/p>\n<p>Herrera Navarro abri\u00f3 con una invitaci\u00f3n al p\u00fablico general a presenciar el trabajo, la producci\u00f3n y la creaci\u00f3n art\u00edstica de estudiantes y docentes de nivel superior, ya que se busca vincular el trabajo de las instituciones y llevarlo hasta la comunidad, y as\u00ed, contribuir al enriquecimiento del panorama teatral a nivel estatal y regional.<\/p>\n<p>Adem\u00e1s, resalt\u00f3 que en esta edici\u00f3n del FITU, evento que se realiza de manera bianual, se ha considerado brindar un homenaje a dos grandes maestros del teatro que son Arturo Merino Morales y Luis Enrique Garc\u00eda S\u00e1nchez.<\/p>\n<p>&nbsp;<\/p>\n<p><strong>Programa<\/strong><\/p>\n<p>Luis Ricardo Gait\u00e1n y Marcos Gonz\u00e1lez presentaron los pormenores del programa que se puede consultar en redes sociales del Departamento de Bellas Artes y de la Universidad de Sonora, el cual da inicio el lunes 6 de octubre, con la inauguraci\u00f3n a las 17:45 horas, en el Foro de Bellas Artes.<\/p>\n<p>A las 18:00 horas, continuar\u00e1 la presentaci\u00f3n de la obra \u201cEl Eclipse\u201d, de Carlos Olmos, bajo la direcci\u00f3n de Marcos Gonz\u00e1lez y una ceremonia especial por el reconocimiento al maestro Arturo Merino.<\/p>\n<p>El d\u00eda 7 de octubre se presentar\u00e1 la obra \u201cKaan Eek\u201d, de Emilio Abreu G\u00f3mez y la direcci\u00f3n de Francisco Sol\u00eds de la Universidad de las Artes de Yucat\u00e1n.<\/p>\n<p>Ese mismo d\u00eda ser\u00e1 la ceremonia de reconocimiento al maestro Luis Enrique Garc\u00eda, al iniciar las lecturas dramatizadas en la sala Alberto Estrella, ubicada a un costado del acceso al teatro Emiliana de Zubeldia, donde se presentar\u00e1 durante dos d\u00edas la obra \u201cCiudad Nocturna\u201d, original del propio homenajeado y dirigida por el docente Marcos Gonz\u00e1lez Navarro.<\/p>\n<p>&nbsp;<\/p>\n<p>El d\u00eda mi\u00e9rcoles 8, se representar\u00e1 la obra \u201cOrinoco\u201d, de Emilio Carballido, bajo la direcci\u00f3n de Jos\u00e9 Margarito Avilez, de la Facultad de la Benem\u00e9rita Universidad Aut\u00f3noma de Puebla.<\/p>\n<p>El jueves 9 de octubre ser\u00e1 el turno de la obra \u201cLa Cantante Calva\u201d, de Eug\u00e8ne Lonesco de la Universidad Aut\u00f3noma de Baja California, y el viernes 10, corresponder\u00e1 la presentaci\u00f3n de \u201cRumba Vital\u201d de varios autores y la direcci\u00f3n de Yuly Andrea Valero Rozo, representando a la Universidad Antonio Nari\u00f1o de Colombia.<\/p>\n<p>Habr\u00e1 tambi\u00e9n conferencias y talleres dirigidos a docentes y alumnos del \u00e1rea de teatro de esta casa de estudios y se realizar\u00e1n en horarios matutinos; adem\u00e1s, los d\u00edas que se realice el festival, los asistentes a las obras podr\u00e1n apreciar una exposici\u00f3n fotogr\u00e1fica y de video de la trayectoria de los homenajeados, en el Lobby del Foro de Bellas Artes.<\/p>\n<p>&nbsp;<\/p>\n<p>Homenajeados<\/p>\n<p>Durante la rueda de prensa, el director de Vinculaci\u00f3n y Extensi\u00f3n, Joel Enrique Espejel Blanco habl\u00f3 de los homenajeados resaltando que el maestro Arturo Merino Morales, originario de Jalisco y con formaci\u00f3n en la Universidad de Sonora y la Ciudad de M\u00e9xico, dej\u00f3 huella como actor, director y funcionario universitario.<\/p>\n<p>Mencion\u00f3 entre sus montajes m\u00e1s representativos las obras \u201cBandera Negra\u201d y \u201cPedro y el Capit\u00e1n\u201d, mismas que lo identificaron plenamente como artista, pero tambi\u00e9n como un ser humano excepcional.<\/p>\n<p>Sobre el maestro Luis Enrique Garc\u00eda dijo que ha sido reconocido como narrador y dramaturgo, adem\u00e1s de rescatador de la memoria hist\u00f3rica del teatro en Sonora y en esta casa de estudios, agregando que sus publicaciones, como Memorias Teatrales de la Universidad de Sonora y La Historia del Teatro en Sonora, son referentes para estudiantes e investigadores.<\/p>\n<p><strong>Fecha de publicaci\u00f3n mi\u00e9rcoles 30 de septiembre de 2025<\/strong><\/p>\n","protected":false},"excerpt":{"rendered":"<p>&nbsp; HERMOSILLO, SONORA, MX. \u2014La Universidad de Sonora, a trav\u00e9s del Departamento de Bellas Artes&#8230;<\/p>\n","protected":false},"author":1,"featured_media":225067,"comment_status":"open","ping_status":"open","sticky":false,"template":"","format":"standard","meta":{"_monsterinsights_skip_tracking":false,"_monsterinsights_sitenote_active":false,"_monsterinsights_sitenote_note":"","_monsterinsights_sitenote_category":0,"footnotes":""},"categories":[22],"tags":[11834],"class_list":["post"],"yoast_head":" \n<title>Sonora en Equipo. Rendir\u00e1 Unison homenaje a Arturo Merino y Luis Enrique Garc\u00eda en el FITU 17 Sonora<\/title>\n<meta name=\"description\" content=\"&nbsp; HERMOSILLO, SONORA, MX. \u2014La Universidad de Sonora, a trav\u00e9s del Departamento de Bellas Artes y la Licenciatura en Artes Esc\u00e9nicas, rendir\u00e1 homenaje En Sonora en Equipo publicamos toda la informaci\u00f3n de Sonora, M\u00e9xico y el Mundo de manera oportuna y busca que la libertad de expresi\u00f3n sea real. Visita nuestro medio informativo publicado desde Hermosillo, Sonora. %\" \/>\n<meta name=\"robots\" content=\"index, follow, max-snippet:-1, max-image-preview:large, max-video-preview:-1\" \/>\n<link rel=\"canonical\" href=\"https:\/\/www.sonoraenequipo.com.mx\/rendira-unison-homenaje-a-arturo-merino-y-luis-enrique-garcia-en-el-fitu-17\/\" \/>\n<meta property=\"og:locale\" content=\"es_ES\" \/>\n<meta property=\"og:type\" content=\"article\" \/>\n<meta property=\"og:title\" content=\"Sonora en Equipo. Rendir\u00e1 Unison homenaje a Arturo Merino y Luis Enrique Garc\u00eda en el FITU 17 Sonora\" \/>\n<meta property=\"og:description\" content=\"&nbsp; HERMOSILLO, SONORA, MX. \u2014La Universidad de Sonora, a trav\u00e9s del Departamento de Bellas Artes y la Licenciatura en Artes Esc\u00e9nicas, rendir\u00e1 homenaje En Sonora en Equipo publicamos toda la informaci\u00f3n de Sonora, M\u00e9xico y el Mundo de manera oportuna y busca que la libertad de expresi\u00f3n sea real. Visita nuestro medio informativo publicado desde Hermosillo, Sonora. %\" \/>\n<meta property=\"og:url\" content=\"https:\/\/www.sonoraenequipo.com.mx\/rendira-unison-homenaje-a-arturo-merino-y-luis-enrique-garcia-en-el-fitu-17\/\" \/>\n<meta property=\"og:site_name\" content=\"Sonora en Equipo.\" \/>\n<meta property=\"article:publisher\" content=\"https:\/\/www.facebook.com\/SonoraEE\/\" \/>\n<meta property=\"article:author\" content=\"https:\/\/www.facebook.com\/SonoraEE\" \/>\n<meta property=\"article:published_time\" content=\"2025-09-30T21:43:05+00:00\" \/>\n<meta property=\"og:image\" content=\"https:\/\/www.sonoraenequipo.com.mx\/storage\/2025\/09\/fitu-17.jpg\" \/>\n\t<meta property=\"og:image:width\" content=\"600\" \/>\n\t<meta property=\"og:image:height\" content=\"400\" \/>\n\t<meta property=\"og:image:type\" content=\"image\/jpeg\" \/>\n<meta name=\"author\" content=\"enequipo\" \/>\n<meta name=\"twitter:card\" content=\"summary_large_image\" \/>\n<meta name=\"twitter:creator\" content=\"@sonoraenequipo\" \/>\n<meta name=\"twitter:site\" content=\"@sonoraenequipo\" \/>\n<meta name=\"twitter:label1\" content=\"Escrito por\" \/>\n\t<meta name=\"twitter:data1\" content=\"enequipo\" \/>\n\t<meta name=\"twitter:label2\" content=\"Tiempo de lectura\" \/>\n\t<meta name=\"twitter:data2\" content=\"4 minutos\" \/>\n<script type=\"application\/ld+json\" class=\"yoast-schema-graph\">{\"@context\":\"https:\/\/schema.org\",\"@graph\":[{\"@type\":\"Article\",\"@id\":\"https:\/\/www.sonoraenequipo.com.mx\/rendira-unison-homenaje-a-arturo-merino-y-luis-enrique-garcia-en-el-fitu-17\/#article\",\"isPartOf\":{\"@id\":\"https:\/\/www.sonoraenequipo.com.mx\/rendira-unison-homenaje-a-arturo-merino-y-luis-enrique-garcia-en-el-fitu-17\/\"},\"author\":{\"name\":\"enequipo\",\"@id\":\"https:\/\/www.sonoraenequipo.com.mx\/#\/schema\/person\/50102df0fb23a8fa9e8effad8fa81386\"},\"headline\":\"Rendir\u00e1 Unison homenaje a Arturo Merino y Luis Enrique Garc\u00eda en el FITU 17\",\"datePublished\":\"2025-09-30T21:43:05+00:00\",\"mainEntityOfPage\":{\"@id\":\"https:\/\/www.sonoraenequipo.com.mx\/rendira-unison-homenaje-a-arturo-merino-y-luis-enrique-garcia-en-el-fitu-17\/\"},\"wordCount\":760,\"commentCount\":0,\"publisher\":{\"@id\":\"https:\/\/www.sonoraenequipo.com.mx\/#organization\"},\"image\":{\"@id\":\"https:\/\/www.sonoraenequipo.com.mx\/rendira-unison-homenaje-a-arturo-merino-y-luis-enrique-garcia-en-el-fitu-17\/#primaryimage\"},\"thumbnailUrl\":\"https:\/\/www.sonoraenequipo.com.mx\/storage\/2025\/09\/fitu-17.jpg\",\"keywords\":[\"FITU 17\"],\"articleSection\":[\"Sonora\"],\"inLanguage\":\"es\",\"potentialAction\":[{\"@type\":\"CommentAction\",\"name\":\"Comment\",\"target\":[\"https:\/\/www.sonoraenequipo.com.mx\/rendira-unison-homenaje-a-arturo-merino-y-luis-enrique-garcia-en-el-fitu-17\/#respond\"]}]},{\"@type\":\"WebPage\",\"@id\":\"https:\/\/www.sonoraenequipo.com.mx\/rendira-unison-homenaje-a-arturo-merino-y-luis-enrique-garcia-en-el-fitu-17\/\",\"url\":\"https:\/\/www.sonoraenequipo.com.mx\/rendira-unison-homenaje-a-arturo-merino-y-luis-enrique-garcia-en-el-fitu-17\/\",\"name\":\"Sonora en Equipo. Rendir\u00e1 Unison homenaje a Arturo Merino y Luis Enrique Garc\u00eda en el FITU 17 Sonora\",\"isPartOf\":{\"@id\":\"https:\/\/www.sonoraenequipo.com.mx\/#website\"},\"primaryImageOfPage\":{\"@id\":\"https:\/\/www.sonoraenequipo.com.mx\/rendira-unison-homenaje-a-arturo-merino-y-luis-enrique-garcia-en-el-fitu-17\/#primaryimage\"},\"image\":{\"@id\":\"https:\/\/www.sonoraenequipo.com.mx\/rendira-unison-homenaje-a-arturo-merino-y-luis-enrique-garcia-en-el-fitu-17\/#primaryimage\"},\"thumbnailUrl\":\"https:\/\/www.sonoraenequipo.com.mx\/storage\/2025\/09\/fitu-17.jpg\",\"datePublished\":\"2025-09-30T21:43:05+00:00\",\"description\":\"&nbsp; HERMOSILLO, SONORA, MX. \u2014La Universidad de Sonora, a trav\u00e9s del Departamento de Bellas Artes y la Licenciatura en Artes Esc\u00e9nicas, rendir\u00e1 homenaje En Sonora en Equipo publicamos toda la informaci\u00f3n de Sonora, M\u00e9xico y el Mundo de manera oportuna y busca que la libertad de expresi\u00f3n sea real. Visita nuestro medio informativo publicado desde Hermosillo, Sonora. %\",\"breadcrumb\":{\"@id\":\"https:\/\/www.sonoraenequipo.com.mx\/rendira-unison-homenaje-a-arturo-merino-y-luis-enrique-garcia-en-el-fitu-17\/#breadcrumb\"},\"inLanguage\":\"es\",\"potentialAction\":[{\"@type\":\"ReadAction\",\"target\":[\"https:\/\/www.sonoraenequipo.com.mx\/rendira-unison-homenaje-a-arturo-merino-y-luis-enrique-garcia-en-el-fitu-17\/\"]}]},{\"@type\":\"ImageObject\",\"inLanguage\":\"es\",\"@id\":\"https:\/\/www.sonoraenequipo.com.mx\/rendira-unison-homenaje-a-arturo-merino-y-luis-enrique-garcia-en-el-fitu-17\/#primaryimage\",\"url\":\"https:\/\/www.sonoraenequipo.com.mx\/storage\/2025\/09\/fitu-17.jpg\",\"contentUrl\":\"https:\/\/www.sonoraenequipo.com.mx\/storage\/2025\/09\/fitu-17.jpg\",\"width\":600,\"height\":400},{\"@type\":\"BreadcrumbList\",\"@id\":\"https:\/\/www.sonoraenequipo.com.mx\/rendira-unison-homenaje-a-arturo-merino-y-luis-enrique-garcia-en-el-fitu-17\/#breadcrumb\",\"itemListElement\":[{\"@type\":\"ListItem\",\"position\":1,\"name\":\"Portada\",\"item\":\"https:\/\/www.sonoraenequipo.com.mx\/\"},{\"@type\":\"ListItem\",\"position\":2,\"name\":\"Rendir\u00e1 Unison homenaje a Arturo Merino y Luis Enrique Garc\u00eda en el FITU 17\"}]},{\"@type\":\"WebSite\",\"@id\":\"https:\/\/www.sonoraenequipo.com.mx\/#website\",\"url\":\"https:\/\/www.sonoraenequipo.com.mx\/\",\"name\":\"Sonora en Equipo.\",\"description\":\"Diario en l\u00ednea con Noticias desde Hermosillo, Sonora\",\"publisher\":{\"@id\":\"https:\/\/www.sonoraenequipo.com.mx\/#organization\"},\"potentialAction\":[{\"@type\":\"SearchAction\",\"target\":{\"@type\":\"EntryPoint\",\"urlTemplate\":\"https:\/\/www.sonoraenequipo.com.mx\/?s={search_term_string}\"},\"query-input\":{\"@type\":\"PropertyValueSpecification\",\"valueRequired\":true,\"valueName\":\"search_term_string\"}}],\"inLanguage\":\"es\"},{\"@type\":\"Organization\",\"@id\":\"https:\/\/www.sonoraenequipo.com.mx\/#organization\",\"name\":\"Sonoraenequipo.com.mx\",\"url\":\"https:\/\/www.sonoraenequipo.com.mx\/\",\"logo\":{\"@type\":\"ImageObject\",\"inLanguage\":\"es\",\"@id\":\"https:\/\/www.sonoraenequipo.com.mx\/#\/schema\/logo\/image\/\",\"url\":\"https:\/\/www.sonoraenequipo.com.mx\/storage\/2019\/01\/sonoraenequipo_opt.png\",\"contentUrl\":\"https:\/\/www.sonoraenequipo.com.mx\/storage\/2019\/01\/sonoraenequipo_opt.png\",\"width\":375,\"height\":125,\"caption\":\"Sonoraenequipo.com.mx\"},\"image\":{\"@id\":\"https:\/\/www.sonoraenequipo.com.mx\/#\/schema\/logo\/image\/\"},\"sameAs\":[\"https:\/\/www.facebook.com\/SonoraEE\/\",\"https:\/\/x.com\/sonoraenequipo\",\"https:\/\/www.youtube.com\/channel\/UC338nW-lPEYmJQs4ZABQ1SQ\"]},{\"@type\":\"Person\",\"@id\":\"https:\/\/www.sonoraenequipo.com.mx\/#\/schema\/person\/50102df0fb23a8fa9e8effad8fa81386\",\"name\":\"enequipo\",\"image\":{\"@type\":\"ImageObject\",\"inLanguage\":\"es\",\"@id\":\"https:\/\/www.sonoraenequipo.com.mx\/#\/schema\/person\/image\/\",\"url\":\"https:\/\/secure.gravatar.com\/avatar\/049821681b589dabc0bc20695993ccebb09f5b5d4d790cd9251b97faac7c652b?s=96&d=blank&r=g\",\"contentUrl\":\"https:\/\/secure.gravatar.com\/avatar\/049821681b589dabc0bc20695993ccebb09f5b5d4d790cd9251b97faac7c652b?s=96&d=blank&r=g\",\"caption\":\"enequipo\"},\"sameAs\":[\"https:\/\/www.facebook.com\/SonoraEE\"]}]}<\/script>\n ","yoast_head_json":{"title":"Sonora en Equipo. Rendir\u00e1 Unison homenaje a Arturo Merino y Luis Enrique Garc\u00eda en el FITU 17 Sonora","description":"&nbsp; HERMOSILLO, SONORA, MX. \u2014La Universidad de Sonora, a trav\u00e9s del Departamento de Bellas Artes y la Licenciatura en Artes Esc\u00e9nicas, rendir\u00e1 homenaje En Sonora en Equipo publicamos toda la informaci\u00f3n de Sonora, M\u00e9xico y el Mundo de manera oportuna y busca que la libertad de expresi\u00f3n sea real. Visita nuestro medio informativo publicado desde Hermosillo, Sonora. %","robots":{"index":"index","follow":"follow","max-snippet":"max-snippet:-1","max-image-preview":"max-image-preview:large","max-video-preview":"max-video-preview:-1"},"canonical":"https:\/\/www.sonoraenequipo.com.mx\/rendira-unison-homenaje-a-arturo-merino-y-luis-enrique-garcia-en-el-fitu-17\/","og_locale":"es_ES","og_type":"article","og_title":"Sonora en Equipo. Rendir\u00e1 Unison homenaje a Arturo Merino y Luis Enrique Garc\u00eda en el FITU 17 Sonora","og_description":"&nbsp; HERMOSILLO, SONORA, MX. \u2014La Universidad de Sonora, a trav\u00e9s del Departamento de Bellas Artes y la Licenciatura en Artes Esc\u00e9nicas, rendir\u00e1 homenaje En Sonora en Equipo publicamos toda la informaci\u00f3n de Sonora, M\u00e9xico y el Mundo de manera oportuna y busca que la libertad de expresi\u00f3n sea real. Visita nuestro medio informativo publicado desde Hermosillo, Sonora. %","og_url":"https:\/\/www.sonoraenequipo.com.mx\/rendira-unison-homenaje-a-arturo-merino-y-luis-enrique-garcia-en-el-fitu-17\/","og_site_name":"Sonora en Equipo.","article_publisher":"https:\/\/www.facebook.com\/SonoraEE\/","article_author":"https:\/\/www.facebook.com\/SonoraEE","article_published_time":"2025-09-30T21:43:05+00:00","og_image":[{"width":600,"height":400,"url":"https:\/\/www.sonoraenequipo.com.mx\/storage\/2025\/09\/fitu-17.jpg","type":"image\/jpeg"}],"author":"enequipo","twitter_card":"summary_large_image","twitter_creator":"@sonoraenequipo","twitter_site":"@sonoraenequipo","twitter_misc":{"Escrito por":"enequipo","Tiempo de lectura":"4 minutos"},"schema":{"@context":"https:\/\/schema.org","@graph":[{"@type":"Article","@id":"https:\/\/www.sonoraenequipo.com.mx\/rendira-unison-homenaje-a-arturo-merino-y-luis-enrique-garcia-en-el-fitu-17\/#article","isPartOf":{"@id":"https:\/\/www.sonoraenequipo.com.mx\/rendira-unison-homenaje-a-arturo-merino-y-luis-enrique-garcia-en-el-fitu-17\/"},"author":{"name":"enequipo","@id":"https:\/\/www.sonoraenequipo.com.mx\/#\/schema\/person\/50102df0fb23a8fa9e8effad8fa81386"},"headline":"Rendir\u00e1 Unison homenaje a Arturo Merino y Luis Enrique Garc\u00eda en el FITU 17","datePublished":"2025-09-30T21:43:05+00:00","mainEntityOfPage":{"@id":"https:\/\/www.sonoraenequipo.com.mx\/rendira-unison-homenaje-a-arturo-merino-y-luis-enrique-garcia-en-el-fitu-17\/"},"wordCount":760,"commentCount":0,"publisher":{"@id":"https:\/\/www.sonoraenequipo.com.mx\/#organization"},"image":{"@id":"https:\/\/www.sonoraenequipo.com.mx\/rendira-unison-homenaje-a-arturo-merino-y-luis-enrique-garcia-en-el-fitu-17\/#primaryimage"},"thumbnailUrl":"https:\/\/www.sonoraenequipo.com.mx\/storage\/2025\/09\/fitu-17.jpg","keywords":["FITU 17"],"articleSection":["Sonora"],"inLanguage":"es","potentialAction":[{"@type":"CommentAction","name":"Comment","target":["https:\/\/www.sonoraenequipo.com.mx\/rendira-unison-homenaje-a-arturo-merino-y-luis-enrique-garcia-en-el-fitu-17\/#respond"]}]},{"@type":"WebPage","@id":"https:\/\/www.sonoraenequipo.com.mx\/rendira-unison-homenaje-a-arturo-merino-y-luis-enrique-garcia-en-el-fitu-17\/","url":"https:\/\/www.sonoraenequipo.com.mx\/rendira-unison-homenaje-a-arturo-merino-y-luis-enrique-garcia-en-el-fitu-17\/","name":"Sonora en Equipo. Rendir\u00e1 Unison homenaje a Arturo Merino y Luis Enrique Garc\u00eda en el FITU 17 Sonora","isPartOf":{"@id":"https:\/\/www.sonoraenequipo.com.mx\/#website"},"primaryImageOfPage":{"@id":"https:\/\/www.sonoraenequipo.com.mx\/rendira-unison-homenaje-a-arturo-merino-y-luis-enrique-garcia-en-el-fitu-17\/#primaryimage"},"image":{"@id":"https:\/\/www.sonoraenequipo.com.mx\/rendira-unison-homenaje-a-arturo-merino-y-luis-enrique-garcia-en-el-fitu-17\/#primaryimage"},"thumbnailUrl":"https:\/\/www.sonoraenequipo.com.mx\/storage\/2025\/09\/fitu-17.jpg","datePublished":"2025-09-30T21:43:05+00:00","description":"&nbsp; HERMOSILLO, SONORA, MX. \u2014La Universidad de Sonora, a trav\u00e9s del Departamento de Bellas Artes y la Licenciatura en Artes Esc\u00e9nicas, rendir\u00e1 homenaje En Sonora en Equipo publicamos toda la informaci\u00f3n de Sonora, M\u00e9xico y el Mundo de manera oportuna y busca que la libertad de expresi\u00f3n sea real. Visita nuestro medio informativo publicado desde Hermosillo, Sonora. %","breadcrumb":{"@id":"https:\/\/www.sonoraenequipo.com.mx\/rendira-unison-homenaje-a-arturo-merino-y-luis-enrique-garcia-en-el-fitu-17\/#breadcrumb"},"inLanguage":"es","potentialAction":[{"@type":"ReadAction","target":["https:\/\/www.sonoraenequipo.com.mx\/rendira-unison-homenaje-a-arturo-merino-y-luis-enrique-garcia-en-el-fitu-17\/"]}]},{"@type":"ImageObject","inLanguage":"es","@id":"https:\/\/www.sonoraenequipo.com.mx\/rendira-unison-homenaje-a-arturo-merino-y-luis-enrique-garcia-en-el-fitu-17\/#primaryimage","url":"https:\/\/www.sonoraenequipo.com.mx\/storage\/2025\/09\/fitu-17.jpg","contentUrl":"https:\/\/www.sonoraenequipo.com.mx\/storage\/2025\/09\/fitu-17.jpg","width":600,"height":400},{"@type":"BreadcrumbList","@id":"https:\/\/www.sonoraenequipo.com.mx\/rendira-unison-homenaje-a-arturo-merino-y-luis-enrique-garcia-en-el-fitu-17\/#breadcrumb","itemListElement":[{"@type":"ListItem","position":1,"name":"Portada","item":"https:\/\/www.sonoraenequipo.com.mx\/"},{"@type":"ListItem","position":2,"name":"Rendir\u00e1 Unison homenaje a Arturo Merino y Luis Enrique Garc\u00eda en el FITU 17"}]},{"@type":"WebSite","@id":"https:\/\/www.sonoraenequipo.com.mx\/#website","url":"https:\/\/www.sonoraenequipo.com.mx\/","name":"Sonora en Equipo.","description":"Diario en l\u00ednea con Noticias desde Hermosillo, Sonora","publisher":{"@id":"https:\/\/www.sonoraenequipo.com.mx\/#organization"},"potentialAction":[{"@type":"SearchAction","target":{"@type":"EntryPoint","urlTemplate":"https:\/\/www.sonoraenequipo.com.mx\/?s={search_term_string}"},"query-input":{"@type":"PropertyValueSpecification","valueRequired":true,"valueName":"search_term_string"}}],"inLanguage":"es"},{"@type":"Organization","@id":"https:\/\/www.sonoraenequipo.com.mx\/#organization","name":"Sonoraenequipo.com.mx","url":"https:\/\/www.sonoraenequipo.com.mx\/","logo":{"@type":"ImageObject","inLanguage":"es","@id":"https:\/\/www.sonoraenequipo.com.mx\/#\/schema\/logo\/image\/","url":"https:\/\/www.sonoraenequipo.com.mx\/storage\/2019\/01\/sonoraenequipo_opt.png","contentUrl":"https:\/\/www.sonoraenequipo.com.mx\/storage\/2019\/01\/sonoraenequipo_opt.png","width":375,"height":125,"caption":"Sonoraenequipo.com.mx"},"image":{"@id":"https:\/\/www.sonoraenequipo.com.mx\/#\/schema\/logo\/image\/"},"sameAs":["https:\/\/www.facebook.com\/SonoraEE\/","https:\/\/x.com\/sonoraenequipo","https:\/\/www.youtube.com\/channel\/UC338nW-lPEYmJQs4ZABQ1SQ"]},{"@type":"Person","@id":"https:\/\/www.sonoraenequipo.com.mx\/#\/schema\/person\/50102df0fb23a8fa9e8effad8fa81386","name":"enequipo","image":{"@type":"ImageObject","inLanguage":"es","@id":"https:\/\/www.sonoraenequipo.com.mx\/#\/schema\/person\/image\/","url":"https:\/\/secure.gravatar.com\/avatar\/049821681b589dabc0bc20695993ccebb09f5b5d4d790cd9251b97faac7c652b?s=96&d=blank&r=g","contentUrl":"https:\/\/secure.gravatar.com\/avatar\/049821681b589dabc0bc20695993ccebb09f5b5d4d790cd9251b97faac7c652b?s=96&d=blank&r=g","caption":"enequipo"},"sameAs":["https:\/\/www.facebook.com\/SonoraEE"]}]}},"jetpack_featured_media_url":"https:\/\/www.sonoraenequipo.com.mx\/storage\/2025\/09\/fitu-17.jpg","_links":{"self":[{"href":"https:\/\/www.sonoraenequipo.com.mx\/api\/wp\/v2\/posts\/225066","targetHints":{"allow":["GET"]}}],"collection":[{"href":"https:\/\/www.sonoraenequipo.com.mx\/api\/wp\/v2\/posts"}],"about":[{"href":"https:\/\/www.sonoraenequipo.com.mx\/api\/wp\/v2\/types\/post"}],"author":[{"embeddable":true,"href":"https:\/\/www.sonoraenequipo.com.mx\/api\/wp\/v2\/users\/1"}],"replies":[{"embeddable":true,"href":"https:\/\/www.sonoraenequipo.com.mx\/api\/wp\/v2\/comments?post=225066"}],"version-history":[{"count":1,"href":"https:\/\/www.sonoraenequipo.com.mx\/api\/wp\/v2\/posts\/225066\/revisions"}],"predecessor-version":[{"id":225068,"href":"https:\/\/www.sonoraenequipo.com.mx\/api\/wp\/v2\/posts\/225066\/revisions\/225068"}],"wp:featuredmedia":[{"embeddable":true,"href":"https:\/\/www.sonoraenequipo.com.mx\/api\/wp\/v2\/media\/225067"}],"wp:attachment":[{"href":"https:\/\/www.sonoraenequipo.com.mx\/api\/wp\/v2\/media?parent=225066"}],"wp:term":[{"taxonomy":"category","embeddable":true,"href":"https:\/\/www.sonoraenequipo.com.mx\/api\/wp\/v2\/categories?post=225066"},{"taxonomy":"post_tag","embeddable":true,"href":"https:\/\/www.sonoraenequipo.com.mx\/api\/wp\/v2\/tags?post=225066"}],"curies":[{"name":"wp","href":"https:\/\/api.w.org\/{rel}","templated":true}]}}