{"id":225079,"date":"2025-09-30T13:10:14","date_gmt":"2025-09-30T20:10:14","guid":{"rendered":"https:\/\/www.sonoraenequipo.com.mx\/?p=225079"},"modified":"2025-09-30T16:41:56","modified_gmt":"2025-09-30T23:41:56","slug":"salinas-pliego-en-riesgo-de-ser-acusado-de-desacato-en-ny","status":"publish","type":"post","link":"https:\/\/www.sonoraenequipo.com.mx\/salinas-pliego-en-riesgo-de-ser-acusado-de-desacato-en-ny\/","title":{"rendered":"Salinas Pliego, en riesgo de ser acusado de desacato en NY"},"content":{"rendered":"<p><strong>CIUDAD DE M\u00c9XICO. MX. \u2014<\/strong> Tv Azteca y Ricardo Salinas Pliego podr\u00edan ser acusados de desacato en Nueva York y recibir sanciones \u2013que pueden ir de lo econ\u00f3mico a prisi\u00f3n\u2013, en caso de no desistirse de inmediato de las demandas en M\u00e9xico contra un conjunto de fondos de inversi\u00f3n estadunidenses a los que actualmente debe 580 millones de d\u00f3lares, explic\u00f3 una persona conocedora del caso.<\/p>\n<p>&nbsp;<\/p>\n<p>&nbsp;<\/p>\n<p>&nbsp;<\/p>\n<p> <\/p>\n<p>El juez P<strong>aul G. Gardephe<\/strong>, de la corte del distrito sur de Nueva York, orden\u00f3 a la televisora desistirse de un par de demandas que \u00e9sta present\u00f3 en M\u00e9xico contra sus acreedores, debido a que el acuerdo original establece que cualquier proceso legal relacionado con la emisi\u00f3n de bonos deb\u00eda resolverse en tribunales estadunidenses, expone el documento judicial.<\/p>\n<p>&nbsp;<\/p>\n<p>&nbsp;<\/p>\n<p>En el proceso frente a la corte del distrito sur de Nueva York, que tiene como principal demandante a<strong> The Bank of New York Mellon<\/strong> \u2013el d\u00e9cimo tercer banco m\u00e1s grande de Estados Unidos por activos, seg\u00fan un informe de S&amp;P Global Market Intelligence\u2013, se sostiene que los acreedores de Tv Azteca han tenido un \u201c<strong>da\u00f1o irreparable\u201d<\/strong> al tener que litigar sus deudas en los tribunales mexicanos, fuera de la jurisdicci\u00f3n que de inicio contempla el contrato.<\/p>\n<p>&nbsp;<\/p>\n<p>&nbsp;<\/p>\n<p><em><strong>\u201cAl solicitar la orden judicial en M\u00e9xico, el demandado incumpli\u00f3 la cl\u00e1usula de selecci\u00f3n de foro del acuerdo, que establece de manera inequ\u00edvoca que \u2018la Corte Suprema del Estado de Nueva York, el condado de Nueva York y el tribunal de distrito de Estados Unidos para el distrito sur de Nueva York&#8217; son los foros exclusivos para &#8216;cualquier acci\u00f3n o procedimiento legal que surja de o en relaci\u00f3n con este acuerdo\u2019\u201d,<\/strong><\/em> consigna la orden del juzgado de Nueva York.<\/p>\n<p>&nbsp;<\/p>\n<p>&nbsp;<\/p>\n<p>A partir de ayer, puede llegar el desistimiento en los tribunales mexicanos por parte de la televisora que se endeud\u00f3 por 400 millones de d\u00f3lares en 2017 con un conjunto de inversionistas y luego dej\u00f3 de pagar los bonos.<\/p>\n<p>&nbsp;<\/p>\n<p>&nbsp;<\/p>\n<p>Salinas Pliego fue cr\u00edtico de las medidas de distanciamiento social que buscaban amortiguar el efecto de la pandemia, pero su empresa obtuvo del sexag\u00e9simo tercer juzgado civil del Tribunal Superior de Justicia de la Ciudad de M\u00e9xico, presidido por el juez Miguel \u00c1ngel Robles Villegas, un blindaje judicial frente a sus acreedores, debido a los efectos que la crisis de covid-19 tuvo en su negocio.<\/p>\n<p>&nbsp;<\/p>\n<p>&nbsp;<\/p>\n<p>Este blindaje judicial tambi\u00e9n ha dado paso a que desde 2023 fondos de inversi\u00f3n hayan iniciado un proceso de arbitraje internacional contra M\u00e9xico (bit.ly\/42i8HvL).<\/p>\n<p>&nbsp;<\/p>\n<p>&nbsp;<\/p>\n<p>&nbsp;<\/p>\n<p>Seis de las subsidiarias de Tv Azteca est\u00e1n constituidas bajo las leyes de Estados Unidos, pero en la demanda actualmente hay 39 filiales acusadas por The Bank of New York Mellon, en su calidad de fideicomisario de la escritura de emisi\u00f3n de los Bonos Senior de Tv Azteca SAB de CV con vencimiento en 2024.<\/p>\n<p>&nbsp;<\/p>\n<p>&nbsp;<\/p>\n<p>\u00c9stas son: <strong>Servicios Locales de Producci\u00f3n SA de CV, Producciones Azteca Digital SA de CV, Producciones Especializadas SA de CV, Productora de Television Regional de Tv Azteca SA de CV, Promotora de Futbol Morelia SA de CV, Promotora de Futbol Rojinegros SA de CV, Publicidad Especializada en Medios de Comunicacion de Tv Azteca SA de CV, Redes \u00d3pticas SAC, SCI de Mexico SA de CV, Servicios A\u00e9reos Noticiosos SA de CV, Servicios Especializados Taz SA de CV, Servicios For\u00e1neos de Administraci\u00f3n SA de CV, Organizaci\u00f3n de Torneos y Eventos Deportivos SA de CV, Servicios y Mantenimiento del Futuro en Televisi\u00f3n SA de CV, Stations Group LLC, Tv Azteca Global, SLU, Tv Azteca Honduras SA de CV, Tv Azteca SAB de CV, TVA Guatemala SA, Televisora del Valle de M\u00e9xico SA de CV, Azteca Sports Rights LLC.<\/strong><\/p>\n<p>&nbsp;<\/p>\n<p>&nbsp;<\/p>\n<p>Lo mismo que a <strong>Equipo de Futbol Mazatl\u00e1n SA de CV, Mazatl\u00e1n Promotora de Futbol SA de CV, Producciones Dopamina SA de CV, Alta Empresa SA de CV, Asesor\u00eda Especializada en Aviaci\u00f3n SA de CV, Atl\u00e9tico Morelia SA de CV, Azteca Comunicaciones Per\u00fa SAC, Azteca Conecta Producciones SA de CV, Azteca International Corporation, Azteca Records SA de CV, Operadora Mexicana de Televisi\u00f3n SA de CV, Ganador Azteca SAPI de CV, Multimedia, Espect\u00e1culos y Atracciones SA de CV, Lasimex SA de CV, Incotel SA, Editorial Mandarina SA de CV, Corporaci\u00f3n de Asesor\u00eda T\u00e9cnica y de Producci\u00f3n SA de CV y Comercializadora de Televisi\u00f3n de Honduras SA de CV.<\/strong><\/p>\n<p>&nbsp;<\/p>\n<p>&nbsp;<\/p>\n<p>La orden judicial firmada por <strong>Gardephe<\/strong> obliga a Tv Azteca <em><strong>\u201ca tomar todas las medidas necesarias, de inmediato, para que se desestimen las acciones mexicanas pendientes (&#8230;) Si las acciones de los demandados no llegan a un retiro total o desistimiento de las dos demandas mexicanas pendientes, no cumplir\u00e1n con la orden del tribunal que acompa\u00f1a a esta opini\u00f3n y estar\u00e1n sujetos a sanciones por desacato\u201d.<\/strong><\/em><\/p>\n<p>&nbsp;<\/p>\n<p>&nbsp;<\/p>\n<p>&nbsp;<\/p>\n<p>PUBLICADO EL 30 DE SEPTIEMBRE DE 2025 Con informaci\u00f3n de Dora Villanueva)<\/p>\n","protected":false},"excerpt":{"rendered":"<p>CIUDAD DE M\u00c9XICO. MX. \u2014 Tv Azteca y Ricardo Salinas Pliego podr\u00edan ser acusados de&#8230;<\/p>\n","protected":false},"author":1,"featured_media":225060,"comment_status":"open","ping_status":"open","sticky":false,"template":"","format":"standard","meta":{"_monsterinsights_skip_tracking":false,"_monsterinsights_sitenote_active":false,"_monsterinsights_sitenote_note":"","_monsterinsights_sitenote_category":0,"footnotes":""},"categories":[3,5],"tags":[],"class_list":["post"],"yoast_head":" \n<title>Sonora en Equipo. Salinas Pliego, en riesgo de ser acusado de desacato en NY MUNDO<\/title>\n<meta name=\"description\" content=\"CIUDAD DE M\u00c9XICO. MX. \u2014 Tv Azteca y Ricardo Salinas Pliego podr\u00edan ser acusados de desacato en Nueva York y recibir sanciones \u2013que pueden ir de lo En Sonora en Equipo publicamos toda la informaci\u00f3n de Sonora, M\u00e9xico y el Mundo de manera oportuna y busca que la libertad de expresi\u00f3n sea real. Visita nuestro medio informativo publicado desde Hermosillo, Sonora. %\" \/>\n<meta name=\"robots\" content=\"index, follow, max-snippet:-1, max-image-preview:large, max-video-preview:-1\" \/>\n<link rel=\"canonical\" href=\"https:\/\/www.sonoraenequipo.com.mx\/salinas-pliego-en-riesgo-de-ser-acusado-de-desacato-en-ny\/\" \/>\n<meta property=\"og:locale\" content=\"es_ES\" \/>\n<meta property=\"og:type\" content=\"article\" \/>\n<meta property=\"og:title\" content=\"Sonora en Equipo. Salinas Pliego, en riesgo de ser acusado de desacato en NY MUNDO\" \/>\n<meta property=\"og:description\" content=\"CIUDAD DE M\u00c9XICO. MX. \u2014 Tv Azteca y Ricardo Salinas Pliego podr\u00edan ser acusados de desacato en Nueva York y recibir sanciones \u2013que pueden ir de lo En Sonora en Equipo publicamos toda la informaci\u00f3n de Sonora, M\u00e9xico y el Mundo de manera oportuna y busca que la libertad de expresi\u00f3n sea real. Visita nuestro medio informativo publicado desde Hermosillo, Sonora. %\" \/>\n<meta property=\"og:url\" content=\"https:\/\/www.sonoraenequipo.com.mx\/salinas-pliego-en-riesgo-de-ser-acusado-de-desacato-en-ny\/\" \/>\n<meta property=\"og:site_name\" content=\"Sonora en Equipo.\" \/>\n<meta property=\"article:publisher\" content=\"https:\/\/www.facebook.com\/SonoraEE\/\" \/>\n<meta property=\"article:author\" content=\"https:\/\/www.facebook.com\/SonoraEE\" \/>\n<meta property=\"article:published_time\" content=\"2025-09-30T20:10:14+00:00\" \/>\n<meta property=\"article:modified_time\" content=\"2025-09-30T23:41:56+00:00\" \/>\n<meta property=\"og:image\" content=\"https:\/\/www.sonoraenequipo.com.mx\/storage\/2025\/09\/salinas-pliego-en-desacato-min.jpg\" \/>\n\t<meta property=\"og:image:width\" content=\"1200\" \/>\n\t<meta property=\"og:image:height\" content=\"897\" \/>\n\t<meta property=\"og:image:type\" content=\"image\/jpeg\" \/>\n<meta name=\"author\" content=\"enequipo\" \/>\n<meta name=\"twitter:card\" content=\"summary_large_image\" \/>\n<meta name=\"twitter:creator\" content=\"@sonoraenequipo\" \/>\n<meta name=\"twitter:site\" content=\"@sonoraenequipo\" \/>\n<meta name=\"twitter:label1\" content=\"Escrito por\" \/>\n\t<meta name=\"twitter:data1\" content=\"enequipo\" \/>\n\t<meta name=\"twitter:label2\" content=\"Tiempo de lectura\" \/>\n\t<meta name=\"twitter:data2\" content=\"4 minutos\" \/>\n<script type=\"application\/ld+json\" class=\"yoast-schema-graph\">{\"@context\":\"https:\/\/schema.org\",\"@graph\":[{\"@type\":\"Article\",\"@id\":\"https:\/\/www.sonoraenequipo.com.mx\/salinas-pliego-en-riesgo-de-ser-acusado-de-desacato-en-ny\/#article\",\"isPartOf\":{\"@id\":\"https:\/\/www.sonoraenequipo.com.mx\/salinas-pliego-en-riesgo-de-ser-acusado-de-desacato-en-ny\/\"},\"author\":{\"name\":\"enequipo\",\"@id\":\"https:\/\/www.sonoraenequipo.com.mx\/#\/schema\/person\/50102df0fb23a8fa9e8effad8fa81386\"},\"headline\":\"Salinas Pliego, en riesgo de ser acusado de desacato en NY\",\"datePublished\":\"2025-09-30T20:10:14+00:00\",\"dateModified\":\"2025-09-30T23:41:56+00:00\",\"mainEntityOfPage\":{\"@id\":\"https:\/\/www.sonoraenequipo.com.mx\/salinas-pliego-en-riesgo-de-ser-acusado-de-desacato-en-ny\/\"},\"wordCount\":868,\"commentCount\":0,\"publisher\":{\"@id\":\"https:\/\/www.sonoraenequipo.com.mx\/#organization\"},\"image\":{\"@id\":\"https:\/\/www.sonoraenequipo.com.mx\/salinas-pliego-en-riesgo-de-ser-acusado-de-desacato-en-ny\/#primaryimage\"},\"thumbnailUrl\":\"https:\/\/www.sonoraenequipo.com.mx\/storage\/2025\/09\/salinas-pliego-en-desacato-min.jpg\",\"articleSection\":[\"MUNDO\",\"Rep\u00fablica\"],\"inLanguage\":\"es\",\"potentialAction\":[{\"@type\":\"CommentAction\",\"name\":\"Comment\",\"target\":[\"https:\/\/www.sonoraenequipo.com.mx\/salinas-pliego-en-riesgo-de-ser-acusado-de-desacato-en-ny\/#respond\"]}]},{\"@type\":\"WebPage\",\"@id\":\"https:\/\/www.sonoraenequipo.com.mx\/salinas-pliego-en-riesgo-de-ser-acusado-de-desacato-en-ny\/\",\"url\":\"https:\/\/www.sonoraenequipo.com.mx\/salinas-pliego-en-riesgo-de-ser-acusado-de-desacato-en-ny\/\",\"name\":\"Sonora en Equipo. Salinas Pliego, en riesgo de ser acusado de desacato en NY MUNDO\",\"isPartOf\":{\"@id\":\"https:\/\/www.sonoraenequipo.com.mx\/#website\"},\"primaryImageOfPage\":{\"@id\":\"https:\/\/www.sonoraenequipo.com.mx\/salinas-pliego-en-riesgo-de-ser-acusado-de-desacato-en-ny\/#primaryimage\"},\"image\":{\"@id\":\"https:\/\/www.sonoraenequipo.com.mx\/salinas-pliego-en-riesgo-de-ser-acusado-de-desacato-en-ny\/#primaryimage\"},\"thumbnailUrl\":\"https:\/\/www.sonoraenequipo.com.mx\/storage\/2025\/09\/salinas-pliego-en-desacato-min.jpg\",\"datePublished\":\"2025-09-30T20:10:14+00:00\",\"dateModified\":\"2025-09-30T23:41:56+00:00\",\"description\":\"CIUDAD DE M\u00c9XICO. MX. \u2014 Tv Azteca y Ricardo Salinas Pliego podr\u00edan ser acusados de desacato en Nueva York y recibir sanciones \u2013que pueden ir de lo En Sonora en Equipo publicamos toda la informaci\u00f3n de Sonora, M\u00e9xico y el Mundo de manera oportuna y busca que la libertad de expresi\u00f3n sea real. Visita nuestro medio informativo publicado desde Hermosillo, Sonora. %\",\"breadcrumb\":{\"@id\":\"https:\/\/www.sonoraenequipo.com.mx\/salinas-pliego-en-riesgo-de-ser-acusado-de-desacato-en-ny\/#breadcrumb\"},\"inLanguage\":\"es\",\"potentialAction\":[{\"@type\":\"ReadAction\",\"target\":[\"https:\/\/www.sonoraenequipo.com.mx\/salinas-pliego-en-riesgo-de-ser-acusado-de-desacato-en-ny\/\"]}]},{\"@type\":\"ImageObject\",\"inLanguage\":\"es\",\"@id\":\"https:\/\/www.sonoraenequipo.com.mx\/salinas-pliego-en-riesgo-de-ser-acusado-de-desacato-en-ny\/#primaryimage\",\"url\":\"https:\/\/www.sonoraenequipo.com.mx\/storage\/2025\/09\/salinas-pliego-en-desacato-min.jpg\",\"contentUrl\":\"https:\/\/www.sonoraenequipo.com.mx\/storage\/2025\/09\/salinas-pliego-en-desacato-min.jpg\",\"width\":1200,\"height\":897},{\"@type\":\"BreadcrumbList\",\"@id\":\"https:\/\/www.sonoraenequipo.com.mx\/salinas-pliego-en-riesgo-de-ser-acusado-de-desacato-en-ny\/#breadcrumb\",\"itemListElement\":[{\"@type\":\"ListItem\",\"position\":1,\"name\":\"Portada\",\"item\":\"https:\/\/www.sonoraenequipo.com.mx\/\"},{\"@type\":\"ListItem\",\"position\":2,\"name\":\"Salinas Pliego, en riesgo de ser acusado de desacato en NY\"}]},{\"@type\":\"WebSite\",\"@id\":\"https:\/\/www.sonoraenequipo.com.mx\/#website\",\"url\":\"https:\/\/www.sonoraenequipo.com.mx\/\",\"name\":\"Sonora en Equipo.\",\"description\":\"Diario en l\u00ednea con Noticias desde Hermosillo, Sonora\",\"publisher\":{\"@id\":\"https:\/\/www.sonoraenequipo.com.mx\/#organization\"},\"potentialAction\":[{\"@type\":\"SearchAction\",\"target\":{\"@type\":\"EntryPoint\",\"urlTemplate\":\"https:\/\/www.sonoraenequipo.com.mx\/?s={search_term_string}\"},\"query-input\":{\"@type\":\"PropertyValueSpecification\",\"valueRequired\":true,\"valueName\":\"search_term_string\"}}],\"inLanguage\":\"es\"},{\"@type\":\"Organization\",\"@id\":\"https:\/\/www.sonoraenequipo.com.mx\/#organization\",\"name\":\"Sonoraenequipo.com.mx\",\"url\":\"https:\/\/www.sonoraenequipo.com.mx\/\",\"logo\":{\"@type\":\"ImageObject\",\"inLanguage\":\"es\",\"@id\":\"https:\/\/www.sonoraenequipo.com.mx\/#\/schema\/logo\/image\/\",\"url\":\"https:\/\/www.sonoraenequipo.com.mx\/storage\/2019\/01\/sonoraenequipo_opt.png\",\"contentUrl\":\"https:\/\/www.sonoraenequipo.com.mx\/storage\/2019\/01\/sonoraenequipo_opt.png\",\"width\":375,\"height\":125,\"caption\":\"Sonoraenequipo.com.mx\"},\"image\":{\"@id\":\"https:\/\/www.sonoraenequipo.com.mx\/#\/schema\/logo\/image\/\"},\"sameAs\":[\"https:\/\/www.facebook.com\/SonoraEE\/\",\"https:\/\/x.com\/sonoraenequipo\",\"https:\/\/www.youtube.com\/channel\/UC338nW-lPEYmJQs4ZABQ1SQ\"]},{\"@type\":\"Person\",\"@id\":\"https:\/\/www.sonoraenequipo.com.mx\/#\/schema\/person\/50102df0fb23a8fa9e8effad8fa81386\",\"name\":\"enequipo\",\"image\":{\"@type\":\"ImageObject\",\"inLanguage\":\"es\",\"@id\":\"https:\/\/www.sonoraenequipo.com.mx\/#\/schema\/person\/image\/\",\"url\":\"https:\/\/secure.gravatar.com\/avatar\/049821681b589dabc0bc20695993ccebb09f5b5d4d790cd9251b97faac7c652b?s=96&d=blank&r=g\",\"contentUrl\":\"https:\/\/secure.gravatar.com\/avatar\/049821681b589dabc0bc20695993ccebb09f5b5d4d790cd9251b97faac7c652b?s=96&d=blank&r=g\",\"caption\":\"enequipo\"},\"sameAs\":[\"https:\/\/www.facebook.com\/SonoraEE\"]}]}<\/script>\n ","yoast_head_json":{"title":"Sonora en Equipo. Salinas Pliego, en riesgo de ser acusado de desacato en NY MUNDO","description":"CIUDAD DE M\u00c9XICO. MX. \u2014 Tv Azteca y Ricardo Salinas Pliego podr\u00edan ser acusados de desacato en Nueva York y recibir sanciones \u2013que pueden ir de lo En Sonora en Equipo publicamos toda la informaci\u00f3n de Sonora, M\u00e9xico y el Mundo de manera oportuna y busca que la libertad de expresi\u00f3n sea real. Visita nuestro medio informativo publicado desde Hermosillo, Sonora. %","robots":{"index":"index","follow":"follow","max-snippet":"max-snippet:-1","max-image-preview":"max-image-preview:large","max-video-preview":"max-video-preview:-1"},"canonical":"https:\/\/www.sonoraenequipo.com.mx\/salinas-pliego-en-riesgo-de-ser-acusado-de-desacato-en-ny\/","og_locale":"es_ES","og_type":"article","og_title":"Sonora en Equipo. Salinas Pliego, en riesgo de ser acusado de desacato en NY MUNDO","og_description":"CIUDAD DE M\u00c9XICO. MX. \u2014 Tv Azteca y Ricardo Salinas Pliego podr\u00edan ser acusados de desacato en Nueva York y recibir sanciones \u2013que pueden ir de lo En Sonora en Equipo publicamos toda la informaci\u00f3n de Sonora, M\u00e9xico y el Mundo de manera oportuna y busca que la libertad de expresi\u00f3n sea real. Visita nuestro medio informativo publicado desde Hermosillo, Sonora. %","og_url":"https:\/\/www.sonoraenequipo.com.mx\/salinas-pliego-en-riesgo-de-ser-acusado-de-desacato-en-ny\/","og_site_name":"Sonora en Equipo.","article_publisher":"https:\/\/www.facebook.com\/SonoraEE\/","article_author":"https:\/\/www.facebook.com\/SonoraEE","article_published_time":"2025-09-30T20:10:14+00:00","article_modified_time":"2025-09-30T23:41:56+00:00","og_image":[{"width":1200,"height":897,"url":"https:\/\/www.sonoraenequipo.com.mx\/storage\/2025\/09\/salinas-pliego-en-desacato-min.jpg","type":"image\/jpeg"}],"author":"enequipo","twitter_card":"summary_large_image","twitter_creator":"@sonoraenequipo","twitter_site":"@sonoraenequipo","twitter_misc":{"Escrito por":"enequipo","Tiempo de lectura":"4 minutos"},"schema":{"@context":"https:\/\/schema.org","@graph":[{"@type":"Article","@id":"https:\/\/www.sonoraenequipo.com.mx\/salinas-pliego-en-riesgo-de-ser-acusado-de-desacato-en-ny\/#article","isPartOf":{"@id":"https:\/\/www.sonoraenequipo.com.mx\/salinas-pliego-en-riesgo-de-ser-acusado-de-desacato-en-ny\/"},"author":{"name":"enequipo","@id":"https:\/\/www.sonoraenequipo.com.mx\/#\/schema\/person\/50102df0fb23a8fa9e8effad8fa81386"},"headline":"Salinas Pliego, en riesgo de ser acusado de desacato en NY","datePublished":"2025-09-30T20:10:14+00:00","dateModified":"2025-09-30T23:41:56+00:00","mainEntityOfPage":{"@id":"https:\/\/www.sonoraenequipo.com.mx\/salinas-pliego-en-riesgo-de-ser-acusado-de-desacato-en-ny\/"},"wordCount":868,"commentCount":0,"publisher":{"@id":"https:\/\/www.sonoraenequipo.com.mx\/#organization"},"image":{"@id":"https:\/\/www.sonoraenequipo.com.mx\/salinas-pliego-en-riesgo-de-ser-acusado-de-desacato-en-ny\/#primaryimage"},"thumbnailUrl":"https:\/\/www.sonoraenequipo.com.mx\/storage\/2025\/09\/salinas-pliego-en-desacato-min.jpg","articleSection":["MUNDO","Rep\u00fablica"],"inLanguage":"es","potentialAction":[{"@type":"CommentAction","name":"Comment","target":["https:\/\/www.sonoraenequipo.com.mx\/salinas-pliego-en-riesgo-de-ser-acusado-de-desacato-en-ny\/#respond"]}]},{"@type":"WebPage","@id":"https:\/\/www.sonoraenequipo.com.mx\/salinas-pliego-en-riesgo-de-ser-acusado-de-desacato-en-ny\/","url":"https:\/\/www.sonoraenequipo.com.mx\/salinas-pliego-en-riesgo-de-ser-acusado-de-desacato-en-ny\/","name":"Sonora en Equipo. Salinas Pliego, en riesgo de ser acusado de desacato en NY MUNDO","isPartOf":{"@id":"https:\/\/www.sonoraenequipo.com.mx\/#website"},"primaryImageOfPage":{"@id":"https:\/\/www.sonoraenequipo.com.mx\/salinas-pliego-en-riesgo-de-ser-acusado-de-desacato-en-ny\/#primaryimage"},"image":{"@id":"https:\/\/www.sonoraenequipo.com.mx\/salinas-pliego-en-riesgo-de-ser-acusado-de-desacato-en-ny\/#primaryimage"},"thumbnailUrl":"https:\/\/www.sonoraenequipo.com.mx\/storage\/2025\/09\/salinas-pliego-en-desacato-min.jpg","datePublished":"2025-09-30T20:10:14+00:00","dateModified":"2025-09-30T23:41:56+00:00","description":"CIUDAD DE M\u00c9XICO. MX. \u2014 Tv Azteca y Ricardo Salinas Pliego podr\u00edan ser acusados de desacato en Nueva York y recibir sanciones \u2013que pueden ir de lo En Sonora en Equipo publicamos toda la informaci\u00f3n de Sonora, M\u00e9xico y el Mundo de manera oportuna y busca que la libertad de expresi\u00f3n sea real. Visita nuestro medio informativo publicado desde Hermosillo, Sonora. %","breadcrumb":{"@id":"https:\/\/www.sonoraenequipo.com.mx\/salinas-pliego-en-riesgo-de-ser-acusado-de-desacato-en-ny\/#breadcrumb"},"inLanguage":"es","potentialAction":[{"@type":"ReadAction","target":["https:\/\/www.sonoraenequipo.com.mx\/salinas-pliego-en-riesgo-de-ser-acusado-de-desacato-en-ny\/"]}]},{"@type":"ImageObject","inLanguage":"es","@id":"https:\/\/www.sonoraenequipo.com.mx\/salinas-pliego-en-riesgo-de-ser-acusado-de-desacato-en-ny\/#primaryimage","url":"https:\/\/www.sonoraenequipo.com.mx\/storage\/2025\/09\/salinas-pliego-en-desacato-min.jpg","contentUrl":"https:\/\/www.sonoraenequipo.com.mx\/storage\/2025\/09\/salinas-pliego-en-desacato-min.jpg","width":1200,"height":897},{"@type":"BreadcrumbList","@id":"https:\/\/www.sonoraenequipo.com.mx\/salinas-pliego-en-riesgo-de-ser-acusado-de-desacato-en-ny\/#breadcrumb","itemListElement":[{"@type":"ListItem","position":1,"name":"Portada","item":"https:\/\/www.sonoraenequipo.com.mx\/"},{"@type":"ListItem","position":2,"name":"Salinas Pliego, en riesgo de ser acusado de desacato en NY"}]},{"@type":"WebSite","@id":"https:\/\/www.sonoraenequipo.com.mx\/#website","url":"https:\/\/www.sonoraenequipo.com.mx\/","name":"Sonora en Equipo.","description":"Diario en l\u00ednea con Noticias desde Hermosillo, Sonora","publisher":{"@id":"https:\/\/www.sonoraenequipo.com.mx\/#organization"},"potentialAction":[{"@type":"SearchAction","target":{"@type":"EntryPoint","urlTemplate":"https:\/\/www.sonoraenequipo.com.mx\/?s={search_term_string}"},"query-input":{"@type":"PropertyValueSpecification","valueRequired":true,"valueName":"search_term_string"}}],"inLanguage":"es"},{"@type":"Organization","@id":"https:\/\/www.sonoraenequipo.com.mx\/#organization","name":"Sonoraenequipo.com.mx","url":"https:\/\/www.sonoraenequipo.com.mx\/","logo":{"@type":"ImageObject","inLanguage":"es","@id":"https:\/\/www.sonoraenequipo.com.mx\/#\/schema\/logo\/image\/","url":"https:\/\/www.sonoraenequipo.com.mx\/storage\/2019\/01\/sonoraenequipo_opt.png","contentUrl":"https:\/\/www.sonoraenequipo.com.mx\/storage\/2019\/01\/sonoraenequipo_opt.png","width":375,"height":125,"caption":"Sonoraenequipo.com.mx"},"image":{"@id":"https:\/\/www.sonoraenequipo.com.mx\/#\/schema\/logo\/image\/"},"sameAs":["https:\/\/www.facebook.com\/SonoraEE\/","https:\/\/x.com\/sonoraenequipo","https:\/\/www.youtube.com\/channel\/UC338nW-lPEYmJQs4ZABQ1SQ"]},{"@type":"Person","@id":"https:\/\/www.sonoraenequipo.com.mx\/#\/schema\/person\/50102df0fb23a8fa9e8effad8fa81386","name":"enequipo","image":{"@type":"ImageObject","inLanguage":"es","@id":"https:\/\/www.sonoraenequipo.com.mx\/#\/schema\/person\/image\/","url":"https:\/\/secure.gravatar.com\/avatar\/049821681b589dabc0bc20695993ccebb09f5b5d4d790cd9251b97faac7c652b?s=96&d=blank&r=g","contentUrl":"https:\/\/secure.gravatar.com\/avatar\/049821681b589dabc0bc20695993ccebb09f5b5d4d790cd9251b97faac7c652b?s=96&d=blank&r=g","caption":"enequipo"},"sameAs":["https:\/\/www.facebook.com\/SonoraEE"]}]}},"jetpack_featured_media_url":"https:\/\/www.sonoraenequipo.com.mx\/storage\/2025\/09\/salinas-pliego-en-desacato-min.jpg","_links":{"self":[{"href":"https:\/\/www.sonoraenequipo.com.mx\/api\/wp\/v2\/posts\/225079","targetHints":{"allow":["GET"]}}],"collection":[{"href":"https:\/\/www.sonoraenequipo.com.mx\/api\/wp\/v2\/posts"}],"about":[{"href":"https:\/\/www.sonoraenequipo.com.mx\/api\/wp\/v2\/types\/post"}],"author":[{"embeddable":true,"href":"https:\/\/www.sonoraenequipo.com.mx\/api\/wp\/v2\/users\/1"}],"replies":[{"embeddable":true,"href":"https:\/\/www.sonoraenequipo.com.mx\/api\/wp\/v2\/comments?post=225079"}],"version-history":[{"count":1,"href":"https:\/\/www.sonoraenequipo.com.mx\/api\/wp\/v2\/posts\/225079\/revisions"}],"predecessor-version":[{"id":225083,"href":"https:\/\/www.sonoraenequipo.com.mx\/api\/wp\/v2\/posts\/225079\/revisions\/225083"}],"wp:featuredmedia":[{"embeddable":true,"href":"https:\/\/www.sonoraenequipo.com.mx\/api\/wp\/v2\/media\/225060"}],"wp:attachment":[{"href":"https:\/\/www.sonoraenequipo.com.mx\/api\/wp\/v2\/media?parent=225079"}],"wp:term":[{"taxonomy":"category","embeddable":true,"href":"https:\/\/www.sonoraenequipo.com.mx\/api\/wp\/v2\/categories?post=225079"},{"taxonomy":"post_tag","embeddable":true,"href":"https:\/\/www.sonoraenequipo.com.mx\/api\/wp\/v2\/tags?post=225079"}],"curies":[{"name":"wp","href":"https:\/\/api.w.org\/{rel}","templated":true}]}}