{"id":225123,"date":"2025-10-01T10:08:37","date_gmt":"2025-10-01T17:08:37","guid":{"rendered":"https:\/\/www.sonoraenequipo.com.mx\/?p=225123"},"modified":"2025-10-01T10:08:37","modified_gmt":"2025-10-01T17:08:37","slug":"fgjcdmx-deslinda-a-ocesa-de-caida-de-escenario-durante-evento","status":"publish","type":"post","link":"https:\/\/www.sonoraenequipo.com.mx\/fgjcdmx-deslinda-a-ocesa-de-caida-de-escenario-durante-evento\/","title":{"rendered":"FGJCDMX deslinda a OCESA de ca\u00edda de escenario durante evento"},"content":{"rendered":"<p><strong>CIUDAD DE M\u00c9XICO.<\/strong><strong> \u0336 \u0336\u00a0 <\/strong>La Fiscal\u00eda General de Justicia de la Ciudad de M\u00e9xico (FGJCDMX) tiene como prioridad procurar justicia para las v\u00edctimas y sus familias. Derivado de los hechos ocurridos el 5 de abril de 2025 en el Festival Axe Ceremonia, se desarroll\u00f3 una investigaci\u00f3n amplia y exhaustiva que incluy\u00f3 m\u00e1s de 120 entrevistas, m\u00faltiples peritajes especializados, inspecciones y an\u00e1lisis de videos, as\u00ed como diligencias con servidores p\u00fablicos, personal de emergencias y personas vinculadas con la organizaci\u00f3n del evento; de estas indagatorias se deriv\u00f3 la acci\u00f3n penal contra ocho personas f\u00edsicas y tres personas morales, y se promovieron mecanismos de reparaci\u00f3n del da\u00f1o para las familias de las v\u00edctimas.<\/p>\n<p>&nbsp;<\/p>\n<p>Asimismo, se acredit\u00f3 que Servicios de Protecci\u00f3n Privada Lobo, S.A. de C.V. no ten\u00eda responsabilidad sobre el montaje de las estructuras ni sobre la supervisi\u00f3n del programa de protecci\u00f3n civil. Su labor se limit\u00f3 a tareas de seguridad privada, como control de accesos, verificaci\u00f3n de acreditaciones y boletos, organizaci\u00f3n de filas y mantenimiento del orden durante el evento.<\/p>\n<p>Con base en los datos de prueba recabados, se determin\u00f3 que OCESA no fue organizadora del evento ni tuvo calidad de garante. Su participaci\u00f3n se limit\u00f3 a servicios de control de accesos y a \u00a0comercializaci\u00f3n de patrocinios, sin relaci\u00f3n con la estructura que colaps\u00f3 ni con el Programa Especial de Protecci\u00f3n Civil. La empresa Agencia de los Socios S.A.P.I. de C.V. fue la organizadora del festival y Operadora Eclectic S.A. de C.V. ingres\u00f3 el programa ante la autoridad competente.<\/p>\n<p>&nbsp;<\/p>\n<p>La Fiscal\u00eda CDMX refrenda su compromiso de actuar con objetividad, transparencia y estricto apego a derecho, garantizando justicia para las v\u00edctimas y sus familias.<\/p>\n<p>Como se recordar\u00e1 en el evento se\u00f1alado\u00a0\u00a0 el colapso de una estructura met\u00e1lica fue ocasionada por r\u00e1fagas de fuertes vientos que se abatieron en la regi\u00f3n donde se realiz\u00f3 el Festival.<\/p>\n<p>El saldo fue de dos personas fallecidas y varios lesionados.<\/p>\n<p>OCESA (Operadora de Centros de Espect\u00e1culos S.A). \u00a0es la empresa mexicana l\u00edder en entretenimiento en vivo, fundada en 1990 por Alejandro Sober\u00f3n Kuri, que organiza conciertos, festivales, eventos deportivos, teatrales y corporativos a nivel mundial, con sede en M\u00e9xico. Es subsidiaria de Live Nation Entertainment y Grupo CIE y se dedica a conectar artistas con millones de fans, ofreciendo experiencias memorables a trav\u00e9s de una amplia gama de espect\u00e1culos.<\/p>\n<p><strong>Fecha de publicaci\u00f3n mi\u00e9rcoles 1 de octubre 2025<\/strong><\/p>\n","protected":false},"excerpt":{"rendered":"<p>CIUDAD DE M\u00c9XICO. \u0336 \u0336\u00a0 La Fiscal\u00eda General de Justicia de la Ciudad de M\u00e9xico&#8230;<\/p>\n","protected":false},"author":1,"featured_media":225127,"comment_status":"open","ping_status":"open","sticky":false,"template":"","format":"standard","meta":{"_monsterinsights_skip_tracking":false,"_monsterinsights_sitenote_active":false,"_monsterinsights_sitenote_note":"","_monsterinsights_sitenote_category":0,"footnotes":""},"categories":[1],"tags":[11106,7609],"class_list":["post"],"yoast_head":" \n<title>Sonora en Equipo. FGJCDMX deslinda a OCESA de ca\u00edda de escenario durante evento<\/title>\n<meta name=\"description\" content=\"CIUDAD DE M\u00c9XICO. \u0336 \u0336\u00a0 La Fiscal\u00eda General de Justicia de la Ciudad de M\u00e9xico (FGJCDMX) tiene como prioridad procurar justicia para las v\u00edctimas y sus En Sonora en Equipo publicamos toda la informaci\u00f3n de Sonora, M\u00e9xico y el Mundo de manera oportuna y busca que la libertad de expresi\u00f3n sea real. Visita nuestro medio informativo publicado desde Hermosillo, Sonora. %\" \/>\n<meta name=\"robots\" content=\"index, follow, max-snippet:-1, max-image-preview:large, max-video-preview:-1\" \/>\n<link rel=\"canonical\" href=\"https:\/\/www.sonoraenequipo.com.mx\/fgjcdmx-deslinda-a-ocesa-de-caida-de-escenario-durante-evento\/\" \/>\n<meta property=\"og:locale\" content=\"es_ES\" \/>\n<meta property=\"og:type\" content=\"article\" \/>\n<meta property=\"og:title\" content=\"Sonora en Equipo. FGJCDMX deslinda a OCESA de ca\u00edda de escenario durante evento\" \/>\n<meta property=\"og:description\" content=\"CIUDAD DE M\u00c9XICO. \u0336 \u0336\u00a0 La Fiscal\u00eda General de Justicia de la Ciudad de M\u00e9xico (FGJCDMX) tiene como prioridad procurar justicia para las v\u00edctimas y sus En Sonora en Equipo publicamos toda la informaci\u00f3n de Sonora, M\u00e9xico y el Mundo de manera oportuna y busca que la libertad de expresi\u00f3n sea real. Visita nuestro medio informativo publicado desde Hermosillo, Sonora. %\" \/>\n<meta property=\"og:url\" content=\"https:\/\/www.sonoraenequipo.com.mx\/fgjcdmx-deslinda-a-ocesa-de-caida-de-escenario-durante-evento\/\" \/>\n<meta property=\"og:site_name\" content=\"Sonora en Equipo.\" \/>\n<meta property=\"article:publisher\" content=\"https:\/\/www.facebook.com\/SonoraEE\/\" \/>\n<meta property=\"article:author\" content=\"https:\/\/www.facebook.com\/SonoraEE\" \/>\n<meta property=\"article:published_time\" content=\"2025-10-01T17:08:37+00:00\" \/>\n<meta property=\"og:image\" content=\"https:\/\/www.sonoraenequipo.com.mx\/storage\/2025\/10\/concierto-axe.jpg\" \/>\n\t<meta property=\"og:image:width\" content=\"600\" \/>\n\t<meta property=\"og:image:height\" content=\"400\" \/>\n\t<meta property=\"og:image:type\" content=\"image\/jpeg\" \/>\n<meta name=\"author\" content=\"enequipo\" \/>\n<meta name=\"twitter:card\" content=\"summary_large_image\" \/>\n<meta name=\"twitter:creator\" content=\"@sonoraenequipo\" \/>\n<meta name=\"twitter:site\" content=\"@sonoraenequipo\" \/>\n<meta name=\"twitter:label1\" content=\"Escrito por\" \/>\n\t<meta name=\"twitter:data1\" content=\"enequipo\" \/>\n\t<meta name=\"twitter:label2\" content=\"Tiempo de lectura\" \/>\n\t<meta name=\"twitter:data2\" content=\"2 minutos\" \/>\n<script type=\"application\/ld+json\" class=\"yoast-schema-graph\">{\"@context\":\"https:\/\/schema.org\",\"@graph\":[{\"@type\":\"Article\",\"@id\":\"https:\/\/www.sonoraenequipo.com.mx\/fgjcdmx-deslinda-a-ocesa-de-caida-de-escenario-durante-evento\/#article\",\"isPartOf\":{\"@id\":\"https:\/\/www.sonoraenequipo.com.mx\/fgjcdmx-deslinda-a-ocesa-de-caida-de-escenario-durante-evento\/\"},\"author\":{\"name\":\"enequipo\",\"@id\":\"https:\/\/www.sonoraenequipo.com.mx\/#\/schema\/person\/50102df0fb23a8fa9e8effad8fa81386\"},\"headline\":\"FGJCDMX deslinda a OCESA de ca\u00edda de escenario durante evento\",\"datePublished\":\"2025-10-01T17:08:37+00:00\",\"mainEntityOfPage\":{\"@id\":\"https:\/\/www.sonoraenequipo.com.mx\/fgjcdmx-deslinda-a-ocesa-de-caida-de-escenario-durante-evento\/\"},\"wordCount\":443,\"commentCount\":0,\"publisher\":{\"@id\":\"https:\/\/www.sonoraenequipo.com.mx\/#organization\"},\"image\":{\"@id\":\"https:\/\/www.sonoraenequipo.com.mx\/fgjcdmx-deslinda-a-ocesa-de-caida-de-escenario-durante-evento\/#primaryimage\"},\"thumbnailUrl\":\"https:\/\/www.sonoraenequipo.com.mx\/storage\/2025\/10\/concierto-axe.jpg\",\"keywords\":[\"axe\",\"concierto\"],\"articleSection\":[\"Sin categorizar\"],\"inLanguage\":\"es\",\"potentialAction\":[{\"@type\":\"CommentAction\",\"name\":\"Comment\",\"target\":[\"https:\/\/www.sonoraenequipo.com.mx\/fgjcdmx-deslinda-a-ocesa-de-caida-de-escenario-durante-evento\/#respond\"]}]},{\"@type\":\"WebPage\",\"@id\":\"https:\/\/www.sonoraenequipo.com.mx\/fgjcdmx-deslinda-a-ocesa-de-caida-de-escenario-durante-evento\/\",\"url\":\"https:\/\/www.sonoraenequipo.com.mx\/fgjcdmx-deslinda-a-ocesa-de-caida-de-escenario-durante-evento\/\",\"name\":\"Sonora en Equipo. FGJCDMX deslinda a OCESA de ca\u00edda de escenario durante evento\",\"isPartOf\":{\"@id\":\"https:\/\/www.sonoraenequipo.com.mx\/#website\"},\"primaryImageOfPage\":{\"@id\":\"https:\/\/www.sonoraenequipo.com.mx\/fgjcdmx-deslinda-a-ocesa-de-caida-de-escenario-durante-evento\/#primaryimage\"},\"image\":{\"@id\":\"https:\/\/www.sonoraenequipo.com.mx\/fgjcdmx-deslinda-a-ocesa-de-caida-de-escenario-durante-evento\/#primaryimage\"},\"thumbnailUrl\":\"https:\/\/www.sonoraenequipo.com.mx\/storage\/2025\/10\/concierto-axe.jpg\",\"datePublished\":\"2025-10-01T17:08:37+00:00\",\"description\":\"CIUDAD DE M\u00c9XICO. \u0336 \u0336\u00a0 La Fiscal\u00eda General de Justicia de la Ciudad de M\u00e9xico (FGJCDMX) tiene como prioridad procurar justicia para las v\u00edctimas y sus En Sonora en Equipo publicamos toda la informaci\u00f3n de Sonora, M\u00e9xico y el Mundo de manera oportuna y busca que la libertad de expresi\u00f3n sea real. Visita nuestro medio informativo publicado desde Hermosillo, Sonora. %\",\"breadcrumb\":{\"@id\":\"https:\/\/www.sonoraenequipo.com.mx\/fgjcdmx-deslinda-a-ocesa-de-caida-de-escenario-durante-evento\/#breadcrumb\"},\"inLanguage\":\"es\",\"potentialAction\":[{\"@type\":\"ReadAction\",\"target\":[\"https:\/\/www.sonoraenequipo.com.mx\/fgjcdmx-deslinda-a-ocesa-de-caida-de-escenario-durante-evento\/\"]}]},{\"@type\":\"ImageObject\",\"inLanguage\":\"es\",\"@id\":\"https:\/\/www.sonoraenequipo.com.mx\/fgjcdmx-deslinda-a-ocesa-de-caida-de-escenario-durante-evento\/#primaryimage\",\"url\":\"https:\/\/www.sonoraenequipo.com.mx\/storage\/2025\/10\/concierto-axe.jpg\",\"contentUrl\":\"https:\/\/www.sonoraenequipo.com.mx\/storage\/2025\/10\/concierto-axe.jpg\",\"width\":600,\"height\":400,\"caption\":\"Imagen ReporTV\"},{\"@type\":\"BreadcrumbList\",\"@id\":\"https:\/\/www.sonoraenequipo.com.mx\/fgjcdmx-deslinda-a-ocesa-de-caida-de-escenario-durante-evento\/#breadcrumb\",\"itemListElement\":[{\"@type\":\"ListItem\",\"position\":1,\"name\":\"Portada\",\"item\":\"https:\/\/www.sonoraenequipo.com.mx\/\"},{\"@type\":\"ListItem\",\"position\":2,\"name\":\"FGJCDMX deslinda a OCESA de ca\u00edda de escenario durante evento\"}]},{\"@type\":\"WebSite\",\"@id\":\"https:\/\/www.sonoraenequipo.com.mx\/#website\",\"url\":\"https:\/\/www.sonoraenequipo.com.mx\/\",\"name\":\"Sonora en Equipo.\",\"description\":\"Diario en l\u00ednea con Noticias desde Hermosillo, Sonora\",\"publisher\":{\"@id\":\"https:\/\/www.sonoraenequipo.com.mx\/#organization\"},\"potentialAction\":[{\"@type\":\"SearchAction\",\"target\":{\"@type\":\"EntryPoint\",\"urlTemplate\":\"https:\/\/www.sonoraenequipo.com.mx\/?s={search_term_string}\"},\"query-input\":{\"@type\":\"PropertyValueSpecification\",\"valueRequired\":true,\"valueName\":\"search_term_string\"}}],\"inLanguage\":\"es\"},{\"@type\":\"Organization\",\"@id\":\"https:\/\/www.sonoraenequipo.com.mx\/#organization\",\"name\":\"Sonoraenequipo.com.mx\",\"url\":\"https:\/\/www.sonoraenequipo.com.mx\/\",\"logo\":{\"@type\":\"ImageObject\",\"inLanguage\":\"es\",\"@id\":\"https:\/\/www.sonoraenequipo.com.mx\/#\/schema\/logo\/image\/\",\"url\":\"https:\/\/www.sonoraenequipo.com.mx\/storage\/2019\/01\/sonoraenequipo_opt.png\",\"contentUrl\":\"https:\/\/www.sonoraenequipo.com.mx\/storage\/2019\/01\/sonoraenequipo_opt.png\",\"width\":375,\"height\":125,\"caption\":\"Sonoraenequipo.com.mx\"},\"image\":{\"@id\":\"https:\/\/www.sonoraenequipo.com.mx\/#\/schema\/logo\/image\/\"},\"sameAs\":[\"https:\/\/www.facebook.com\/SonoraEE\/\",\"https:\/\/x.com\/sonoraenequipo\",\"https:\/\/www.youtube.com\/channel\/UC338nW-lPEYmJQs4ZABQ1SQ\"]},{\"@type\":\"Person\",\"@id\":\"https:\/\/www.sonoraenequipo.com.mx\/#\/schema\/person\/50102df0fb23a8fa9e8effad8fa81386\",\"name\":\"enequipo\",\"image\":{\"@type\":\"ImageObject\",\"inLanguage\":\"es\",\"@id\":\"https:\/\/www.sonoraenequipo.com.mx\/#\/schema\/person\/image\/\",\"url\":\"https:\/\/secure.gravatar.com\/avatar\/049821681b589dabc0bc20695993ccebb09f5b5d4d790cd9251b97faac7c652b?s=96&d=blank&r=g\",\"contentUrl\":\"https:\/\/secure.gravatar.com\/avatar\/049821681b589dabc0bc20695993ccebb09f5b5d4d790cd9251b97faac7c652b?s=96&d=blank&r=g\",\"caption\":\"enequipo\"},\"sameAs\":[\"https:\/\/www.facebook.com\/SonoraEE\"]}]}<\/script>\n ","yoast_head_json":{"title":"Sonora en Equipo. FGJCDMX deslinda a OCESA de ca\u00edda de escenario durante evento","description":"CIUDAD DE M\u00c9XICO. \u0336 \u0336\u00a0 La Fiscal\u00eda General de Justicia de la Ciudad de M\u00e9xico (FGJCDMX) tiene como prioridad procurar justicia para las v\u00edctimas y sus En Sonora en Equipo publicamos toda la informaci\u00f3n de Sonora, M\u00e9xico y el Mundo de manera oportuna y busca que la libertad de expresi\u00f3n sea real. Visita nuestro medio informativo publicado desde Hermosillo, Sonora. %","robots":{"index":"index","follow":"follow","max-snippet":"max-snippet:-1","max-image-preview":"max-image-preview:large","max-video-preview":"max-video-preview:-1"},"canonical":"https:\/\/www.sonoraenequipo.com.mx\/fgjcdmx-deslinda-a-ocesa-de-caida-de-escenario-durante-evento\/","og_locale":"es_ES","og_type":"article","og_title":"Sonora en Equipo. FGJCDMX deslinda a OCESA de ca\u00edda de escenario durante evento","og_description":"CIUDAD DE M\u00c9XICO. \u0336 \u0336\u00a0 La Fiscal\u00eda General de Justicia de la Ciudad de M\u00e9xico (FGJCDMX) tiene como prioridad procurar justicia para las v\u00edctimas y sus En Sonora en Equipo publicamos toda la informaci\u00f3n de Sonora, M\u00e9xico y el Mundo de manera oportuna y busca que la libertad de expresi\u00f3n sea real. Visita nuestro medio informativo publicado desde Hermosillo, Sonora. %","og_url":"https:\/\/www.sonoraenequipo.com.mx\/fgjcdmx-deslinda-a-ocesa-de-caida-de-escenario-durante-evento\/","og_site_name":"Sonora en Equipo.","article_publisher":"https:\/\/www.facebook.com\/SonoraEE\/","article_author":"https:\/\/www.facebook.com\/SonoraEE","article_published_time":"2025-10-01T17:08:37+00:00","og_image":[{"width":600,"height":400,"url":"https:\/\/www.sonoraenequipo.com.mx\/storage\/2025\/10\/concierto-axe.jpg","type":"image\/jpeg"}],"author":"enequipo","twitter_card":"summary_large_image","twitter_creator":"@sonoraenequipo","twitter_site":"@sonoraenequipo","twitter_misc":{"Escrito por":"enequipo","Tiempo de lectura":"2 minutos"},"schema":{"@context":"https:\/\/schema.org","@graph":[{"@type":"Article","@id":"https:\/\/www.sonoraenequipo.com.mx\/fgjcdmx-deslinda-a-ocesa-de-caida-de-escenario-durante-evento\/#article","isPartOf":{"@id":"https:\/\/www.sonoraenequipo.com.mx\/fgjcdmx-deslinda-a-ocesa-de-caida-de-escenario-durante-evento\/"},"author":{"name":"enequipo","@id":"https:\/\/www.sonoraenequipo.com.mx\/#\/schema\/person\/50102df0fb23a8fa9e8effad8fa81386"},"headline":"FGJCDMX deslinda a OCESA de ca\u00edda de escenario durante evento","datePublished":"2025-10-01T17:08:37+00:00","mainEntityOfPage":{"@id":"https:\/\/www.sonoraenequipo.com.mx\/fgjcdmx-deslinda-a-ocesa-de-caida-de-escenario-durante-evento\/"},"wordCount":443,"commentCount":0,"publisher":{"@id":"https:\/\/www.sonoraenequipo.com.mx\/#organization"},"image":{"@id":"https:\/\/www.sonoraenequipo.com.mx\/fgjcdmx-deslinda-a-ocesa-de-caida-de-escenario-durante-evento\/#primaryimage"},"thumbnailUrl":"https:\/\/www.sonoraenequipo.com.mx\/storage\/2025\/10\/concierto-axe.jpg","keywords":["axe","concierto"],"articleSection":["Sin categorizar"],"inLanguage":"es","potentialAction":[{"@type":"CommentAction","name":"Comment","target":["https:\/\/www.sonoraenequipo.com.mx\/fgjcdmx-deslinda-a-ocesa-de-caida-de-escenario-durante-evento\/#respond"]}]},{"@type":"WebPage","@id":"https:\/\/www.sonoraenequipo.com.mx\/fgjcdmx-deslinda-a-ocesa-de-caida-de-escenario-durante-evento\/","url":"https:\/\/www.sonoraenequipo.com.mx\/fgjcdmx-deslinda-a-ocesa-de-caida-de-escenario-durante-evento\/","name":"Sonora en Equipo. FGJCDMX deslinda a OCESA de ca\u00edda de escenario durante evento","isPartOf":{"@id":"https:\/\/www.sonoraenequipo.com.mx\/#website"},"primaryImageOfPage":{"@id":"https:\/\/www.sonoraenequipo.com.mx\/fgjcdmx-deslinda-a-ocesa-de-caida-de-escenario-durante-evento\/#primaryimage"},"image":{"@id":"https:\/\/www.sonoraenequipo.com.mx\/fgjcdmx-deslinda-a-ocesa-de-caida-de-escenario-durante-evento\/#primaryimage"},"thumbnailUrl":"https:\/\/www.sonoraenequipo.com.mx\/storage\/2025\/10\/concierto-axe.jpg","datePublished":"2025-10-01T17:08:37+00:00","description":"CIUDAD DE M\u00c9XICO. \u0336 \u0336\u00a0 La Fiscal\u00eda General de Justicia de la Ciudad de M\u00e9xico (FGJCDMX) tiene como prioridad procurar justicia para las v\u00edctimas y sus En Sonora en Equipo publicamos toda la informaci\u00f3n de Sonora, M\u00e9xico y el Mundo de manera oportuna y busca que la libertad de expresi\u00f3n sea real. Visita nuestro medio informativo publicado desde Hermosillo, Sonora. %","breadcrumb":{"@id":"https:\/\/www.sonoraenequipo.com.mx\/fgjcdmx-deslinda-a-ocesa-de-caida-de-escenario-durante-evento\/#breadcrumb"},"inLanguage":"es","potentialAction":[{"@type":"ReadAction","target":["https:\/\/www.sonoraenequipo.com.mx\/fgjcdmx-deslinda-a-ocesa-de-caida-de-escenario-durante-evento\/"]}]},{"@type":"ImageObject","inLanguage":"es","@id":"https:\/\/www.sonoraenequipo.com.mx\/fgjcdmx-deslinda-a-ocesa-de-caida-de-escenario-durante-evento\/#primaryimage","url":"https:\/\/www.sonoraenequipo.com.mx\/storage\/2025\/10\/concierto-axe.jpg","contentUrl":"https:\/\/www.sonoraenequipo.com.mx\/storage\/2025\/10\/concierto-axe.jpg","width":600,"height":400,"caption":"Imagen ReporTV"},{"@type":"BreadcrumbList","@id":"https:\/\/www.sonoraenequipo.com.mx\/fgjcdmx-deslinda-a-ocesa-de-caida-de-escenario-durante-evento\/#breadcrumb","itemListElement":[{"@type":"ListItem","position":1,"name":"Portada","item":"https:\/\/www.sonoraenequipo.com.mx\/"},{"@type":"ListItem","position":2,"name":"FGJCDMX deslinda a OCESA de ca\u00edda de escenario durante evento"}]},{"@type":"WebSite","@id":"https:\/\/www.sonoraenequipo.com.mx\/#website","url":"https:\/\/www.sonoraenequipo.com.mx\/","name":"Sonora en Equipo.","description":"Diario en l\u00ednea con Noticias desde Hermosillo, Sonora","publisher":{"@id":"https:\/\/www.sonoraenequipo.com.mx\/#organization"},"potentialAction":[{"@type":"SearchAction","target":{"@type":"EntryPoint","urlTemplate":"https:\/\/www.sonoraenequipo.com.mx\/?s={search_term_string}"},"query-input":{"@type":"PropertyValueSpecification","valueRequired":true,"valueName":"search_term_string"}}],"inLanguage":"es"},{"@type":"Organization","@id":"https:\/\/www.sonoraenequipo.com.mx\/#organization","name":"Sonoraenequipo.com.mx","url":"https:\/\/www.sonoraenequipo.com.mx\/","logo":{"@type":"ImageObject","inLanguage":"es","@id":"https:\/\/www.sonoraenequipo.com.mx\/#\/schema\/logo\/image\/","url":"https:\/\/www.sonoraenequipo.com.mx\/storage\/2019\/01\/sonoraenequipo_opt.png","contentUrl":"https:\/\/www.sonoraenequipo.com.mx\/storage\/2019\/01\/sonoraenequipo_opt.png","width":375,"height":125,"caption":"Sonoraenequipo.com.mx"},"image":{"@id":"https:\/\/www.sonoraenequipo.com.mx\/#\/schema\/logo\/image\/"},"sameAs":["https:\/\/www.facebook.com\/SonoraEE\/","https:\/\/x.com\/sonoraenequipo","https:\/\/www.youtube.com\/channel\/UC338nW-lPEYmJQs4ZABQ1SQ"]},{"@type":"Person","@id":"https:\/\/www.sonoraenequipo.com.mx\/#\/schema\/person\/50102df0fb23a8fa9e8effad8fa81386","name":"enequipo","image":{"@type":"ImageObject","inLanguage":"es","@id":"https:\/\/www.sonoraenequipo.com.mx\/#\/schema\/person\/image\/","url":"https:\/\/secure.gravatar.com\/avatar\/049821681b589dabc0bc20695993ccebb09f5b5d4d790cd9251b97faac7c652b?s=96&d=blank&r=g","contentUrl":"https:\/\/secure.gravatar.com\/avatar\/049821681b589dabc0bc20695993ccebb09f5b5d4d790cd9251b97faac7c652b?s=96&d=blank&r=g","caption":"enequipo"},"sameAs":["https:\/\/www.facebook.com\/SonoraEE"]}]}},"jetpack_featured_media_url":"https:\/\/www.sonoraenequipo.com.mx\/storage\/2025\/10\/concierto-axe.jpg","_links":{"self":[{"href":"https:\/\/www.sonoraenequipo.com.mx\/api\/wp\/v2\/posts\/225123","targetHints":{"allow":["GET"]}}],"collection":[{"href":"https:\/\/www.sonoraenequipo.com.mx\/api\/wp\/v2\/posts"}],"about":[{"href":"https:\/\/www.sonoraenequipo.com.mx\/api\/wp\/v2\/types\/post"}],"author":[{"embeddable":true,"href":"https:\/\/www.sonoraenequipo.com.mx\/api\/wp\/v2\/users\/1"}],"replies":[{"embeddable":true,"href":"https:\/\/www.sonoraenequipo.com.mx\/api\/wp\/v2\/comments?post=225123"}],"version-history":[{"count":1,"href":"https:\/\/www.sonoraenequipo.com.mx\/api\/wp\/v2\/posts\/225123\/revisions"}],"predecessor-version":[{"id":225128,"href":"https:\/\/www.sonoraenequipo.com.mx\/api\/wp\/v2\/posts\/225123\/revisions\/225128"}],"wp:featuredmedia":[{"embeddable":true,"href":"https:\/\/www.sonoraenequipo.com.mx\/api\/wp\/v2\/media\/225127"}],"wp:attachment":[{"href":"https:\/\/www.sonoraenequipo.com.mx\/api\/wp\/v2\/media?parent=225123"}],"wp:term":[{"taxonomy":"category","embeddable":true,"href":"https:\/\/www.sonoraenequipo.com.mx\/api\/wp\/v2\/categories?post=225123"},{"taxonomy":"post_tag","embeddable":true,"href":"https:\/\/www.sonoraenequipo.com.mx\/api\/wp\/v2\/tags?post=225123"}],"curies":[{"name":"wp","href":"https:\/\/api.w.org\/{rel}","templated":true}]}}