{"id":226155,"date":"2025-10-13T11:52:33","date_gmt":"2025-10-13T18:52:33","guid":{"rendered":"https:\/\/www.sonoraenequipo.com.mx\/?p=226155"},"modified":"2025-10-13T11:52:33","modified_gmt":"2025-10-13T18:52:33","slug":"todo-listo-para-el-cuarto-foro-mundial-de-energia-solar-de-hermosillo","status":"publish","type":"post","link":"https:\/\/www.sonoraenequipo.com.mx\/todo-listo-para-el-cuarto-foro-mundial-de-energia-solar-de-hermosillo\/","title":{"rendered":"Todo listo para el Cuarto Foro Mundial de Energ\u00eda Solar de Hermosillo"},"content":{"rendered":"<p><strong>HERMOSILLO, SONORA, MX.<\/strong> \u2014 El Gobierno Municipal que encabeza Antonio Astiazar\u00e1n Guti\u00e9rrez afina los \u00faltimos detalles de la que ser\u00e1 la cuarta edici\u00f3n del Foro Mundial de Energ\u00eda Solar de Hermosillo, cuya agenda de 2 d\u00edas incluye la participaci\u00f3n de conferencistas de primer nivel, paneles, encuentros de negocios y el debut del Climathon, inform\u00f3 Carla Neudert C\u00f3rdova.<\/p>\n<p>&nbsp;<\/p>\n<p>La directora de la Agencia Municipal de Energ\u00eda y Cambio Clim\u00e1tico (AMECC), destac\u00f3 como parte del programa que Steve Wozniak, cofundador de Apple y creador de la primera computadora personal en el mundo y Antonio Astiazar\u00e1n sostendr\u00e1n una charla de las 9:30 a las 10:30 horas, el 15 de octubre.<\/p>\n<p>&nbsp;<\/p>\n<p>Coment\u00f3 que se espera la asistencia de m\u00e1s de 2 mil personas, as\u00ed como la participaci\u00f3n de m\u00e1s de 70 estudiantes en el reto de innovaci\u00f3n Climathon, en el que los participantes tendr\u00e1n oportunidad de proponer soluciones creativas frente a los desaf\u00edos del cambio clim\u00e1tico.<\/p>\n<p>&nbsp;<\/p>\n<p>Se refiri\u00f3 al Foro Mundial de Energ\u00eda Solar 2025 como una valiosa oportunidad de reflexi\u00f3n y aprendizaje que concentrar\u00e1 en un mismo lugar a las m\u00e1s brillantes y visionarias mentes en temas como energ\u00eda solar, movilidad el\u00e9ctrica, urbanismo verde, innovaci\u00f3n tecnol\u00f3gica y cambio clim\u00e1tico, provenientes de al menos 15 pa\u00edses.<\/p>\n<p>&nbsp;<\/p>\n<p>Este foro confirma el inter\u00e9s del Gobierno Municipal que preside Antonio Astiazar\u00e1n de crear alianzas con empresas, academia, estudiantes y comunidad en general en torno al objetivo de proponer nuevas soluciones a viejos problemas, asegur\u00f3 la directora de la AMECC.<\/p>\n<p>&nbsp;<\/p>\n<p>Las personas interesadas en asistir a\u00fan tienen oportunidad de registrarse y obtener sus carnets a trav\u00e9s de la p\u00e1gina <a href=\"https:\/\/foroenergiahmo.com\">https:\/\/foroenergiahmo.com<\/a> , finaliz\u00f3.<\/p>\n<p><strong>Fecha de publicaci\u00f3n lunes 13 de octubre de 2025<\/strong><\/p>\n<p>&nbsp;<\/p>\n<p>&nbsp;<\/p>\n<p>&nbsp;<\/p>\n","protected":false},"excerpt":{"rendered":"<p>HERMOSILLO, SONORA, MX. \u2014 El Gobierno Municipal que encabeza Antonio Astiazar\u00e1n Guti\u00e9rrez afina los \u00faltimos&#8230;<\/p>\n","protected":false},"author":1,"featured_media":226156,"comment_status":"open","ping_status":"open","sticky":false,"template":"","format":"standard","meta":{"_monsterinsights_skip_tracking":false,"_monsterinsights_sitenote_active":false,"_monsterinsights_sitenote_note":"","_monsterinsights_sitenote_category":0,"footnotes":""},"categories":[4],"tags":[11913,35],"class_list":["post"],"yoast_head":" \n<title>Sonora en Equipo. Todo listo para el Cuarto Foro Mundial de Energ\u00eda Solar de Hermosillo Municipios<\/title>\n<meta name=\"description\" content=\"HERMOSILLO, SONORA, MX. \u2014 El Gobierno Municipal que encabeza Antonio Astiazar\u00e1n Guti\u00e9rrez afina los \u00faltimos detalles de la que ser\u00e1 la cuarta edici\u00f3n del En Sonora en Equipo publicamos toda la informaci\u00f3n de Sonora, M\u00e9xico y el Mundo de manera oportuna y busca que la libertad de expresi\u00f3n sea real. Visita nuestro medio informativo publicado desde Hermosillo, Sonora. %\" \/>\n<meta name=\"robots\" content=\"index, follow, max-snippet:-1, max-image-preview:large, max-video-preview:-1\" \/>\n<link rel=\"canonical\" href=\"https:\/\/www.sonoraenequipo.com.mx\/todo-listo-para-el-cuarto-foro-mundial-de-energia-solar-de-hermosillo\/\" \/>\n<meta property=\"og:locale\" content=\"es_ES\" \/>\n<meta property=\"og:type\" content=\"article\" \/>\n<meta property=\"og:title\" content=\"Sonora en Equipo. Todo listo para el Cuarto Foro Mundial de Energ\u00eda Solar de Hermosillo Municipios\" \/>\n<meta property=\"og:description\" content=\"HERMOSILLO, SONORA, MX. \u2014 El Gobierno Municipal que encabeza Antonio Astiazar\u00e1n Guti\u00e9rrez afina los \u00faltimos detalles de la que ser\u00e1 la cuarta edici\u00f3n del En Sonora en Equipo publicamos toda la informaci\u00f3n de Sonora, M\u00e9xico y el Mundo de manera oportuna y busca que la libertad de expresi\u00f3n sea real. Visita nuestro medio informativo publicado desde Hermosillo, Sonora. %\" \/>\n<meta property=\"og:url\" content=\"https:\/\/www.sonoraenequipo.com.mx\/todo-listo-para-el-cuarto-foro-mundial-de-energia-solar-de-hermosillo\/\" \/>\n<meta property=\"og:site_name\" content=\"Sonora en Equipo.\" \/>\n<meta property=\"article:publisher\" content=\"https:\/\/www.facebook.com\/SonoraEE\/\" \/>\n<meta property=\"article:author\" content=\"https:\/\/www.facebook.com\/SonoraEE\" \/>\n<meta property=\"article:published_time\" content=\"2025-10-13T18:52:33+00:00\" \/>\n<meta property=\"og:image\" content=\"https:\/\/www.sonoraenequipo.com.mx\/storage\/2025\/10\/steve-wozniak.jpg\" \/>\n\t<meta property=\"og:image:width\" content=\"600\" \/>\n\t<meta property=\"og:image:height\" content=\"400\" \/>\n\t<meta property=\"og:image:type\" content=\"image\/jpeg\" \/>\n<meta name=\"author\" content=\"enequipo\" \/>\n<meta name=\"twitter:card\" content=\"summary_large_image\" \/>\n<meta name=\"twitter:creator\" content=\"@sonoraenequipo\" \/>\n<meta name=\"twitter:site\" content=\"@sonoraenequipo\" \/>\n<meta name=\"twitter:label1\" content=\"Escrito por\" \/>\n\t<meta name=\"twitter:data1\" content=\"enequipo\" \/>\n\t<meta name=\"twitter:label2\" content=\"Tiempo de lectura\" \/>\n\t<meta name=\"twitter:data2\" content=\"2 minutos\" \/>\n<script type=\"application\/ld+json\" class=\"yoast-schema-graph\">{\"@context\":\"https:\/\/schema.org\",\"@graph\":[{\"@type\":\"Article\",\"@id\":\"https:\/\/www.sonoraenequipo.com.mx\/todo-listo-para-el-cuarto-foro-mundial-de-energia-solar-de-hermosillo\/#article\",\"isPartOf\":{\"@id\":\"https:\/\/www.sonoraenequipo.com.mx\/todo-listo-para-el-cuarto-foro-mundial-de-energia-solar-de-hermosillo\/\"},\"author\":{\"name\":\"enequipo\",\"@id\":\"https:\/\/www.sonoraenequipo.com.mx\/#\/schema\/person\/50102df0fb23a8fa9e8effad8fa81386\"},\"headline\":\"Todo listo para el Cuarto Foro Mundial de Energ\u00eda Solar de Hermosillo\",\"datePublished\":\"2025-10-13T18:52:33+00:00\",\"mainEntityOfPage\":{\"@id\":\"https:\/\/www.sonoraenequipo.com.mx\/todo-listo-para-el-cuarto-foro-mundial-de-energia-solar-de-hermosillo\/\"},\"wordCount\":317,\"commentCount\":0,\"publisher\":{\"@id\":\"https:\/\/www.sonoraenequipo.com.mx\/#organization\"},\"image\":{\"@id\":\"https:\/\/www.sonoraenequipo.com.mx\/todo-listo-para-el-cuarto-foro-mundial-de-energia-solar-de-hermosillo\/#primaryimage\"},\"thumbnailUrl\":\"https:\/\/www.sonoraenequipo.com.mx\/storage\/2025\/10\/steve-wozniak.jpg\",\"keywords\":[\"foro energ\u00eda solar\",\"hermosillo\"],\"articleSection\":[\"Municipios\"],\"inLanguage\":\"es\",\"potentialAction\":[{\"@type\":\"CommentAction\",\"name\":\"Comment\",\"target\":[\"https:\/\/www.sonoraenequipo.com.mx\/todo-listo-para-el-cuarto-foro-mundial-de-energia-solar-de-hermosillo\/#respond\"]}]},{\"@type\":\"WebPage\",\"@id\":\"https:\/\/www.sonoraenequipo.com.mx\/todo-listo-para-el-cuarto-foro-mundial-de-energia-solar-de-hermosillo\/\",\"url\":\"https:\/\/www.sonoraenequipo.com.mx\/todo-listo-para-el-cuarto-foro-mundial-de-energia-solar-de-hermosillo\/\",\"name\":\"Sonora en Equipo. Todo listo para el Cuarto Foro Mundial de Energ\u00eda Solar de Hermosillo Municipios\",\"isPartOf\":{\"@id\":\"https:\/\/www.sonoraenequipo.com.mx\/#website\"},\"primaryImageOfPage\":{\"@id\":\"https:\/\/www.sonoraenequipo.com.mx\/todo-listo-para-el-cuarto-foro-mundial-de-energia-solar-de-hermosillo\/#primaryimage\"},\"image\":{\"@id\":\"https:\/\/www.sonoraenequipo.com.mx\/todo-listo-para-el-cuarto-foro-mundial-de-energia-solar-de-hermosillo\/#primaryimage\"},\"thumbnailUrl\":\"https:\/\/www.sonoraenequipo.com.mx\/storage\/2025\/10\/steve-wozniak.jpg\",\"datePublished\":\"2025-10-13T18:52:33+00:00\",\"description\":\"HERMOSILLO, SONORA, MX. \u2014 El Gobierno Municipal que encabeza Antonio Astiazar\u00e1n Guti\u00e9rrez afina los \u00faltimos detalles de la que ser\u00e1 la cuarta edici\u00f3n del En Sonora en Equipo publicamos toda la informaci\u00f3n de Sonora, M\u00e9xico y el Mundo de manera oportuna y busca que la libertad de expresi\u00f3n sea real. Visita nuestro medio informativo publicado desde Hermosillo, Sonora. %\",\"breadcrumb\":{\"@id\":\"https:\/\/www.sonoraenequipo.com.mx\/todo-listo-para-el-cuarto-foro-mundial-de-energia-solar-de-hermosillo\/#breadcrumb\"},\"inLanguage\":\"es\",\"potentialAction\":[{\"@type\":\"ReadAction\",\"target\":[\"https:\/\/www.sonoraenequipo.com.mx\/todo-listo-para-el-cuarto-foro-mundial-de-energia-solar-de-hermosillo\/\"]}]},{\"@type\":\"ImageObject\",\"inLanguage\":\"es\",\"@id\":\"https:\/\/www.sonoraenequipo.com.mx\/todo-listo-para-el-cuarto-foro-mundial-de-energia-solar-de-hermosillo\/#primaryimage\",\"url\":\"https:\/\/www.sonoraenequipo.com.mx\/storage\/2025\/10\/steve-wozniak.jpg\",\"contentUrl\":\"https:\/\/www.sonoraenequipo.com.mx\/storage\/2025\/10\/steve-wozniak.jpg\",\"width\":600,\"height\":400,\"caption\":\"The Woz impartir\u00e1 una conferencia magistral el 15 de octubre.Imagen AFP\"},{\"@type\":\"BreadcrumbList\",\"@id\":\"https:\/\/www.sonoraenequipo.com.mx\/todo-listo-para-el-cuarto-foro-mundial-de-energia-solar-de-hermosillo\/#breadcrumb\",\"itemListElement\":[{\"@type\":\"ListItem\",\"position\":1,\"name\":\"Portada\",\"item\":\"https:\/\/www.sonoraenequipo.com.mx\/\"},{\"@type\":\"ListItem\",\"position\":2,\"name\":\"Todo listo para el Cuarto Foro Mundial de Energ\u00eda Solar de Hermosillo\"}]},{\"@type\":\"WebSite\",\"@id\":\"https:\/\/www.sonoraenequipo.com.mx\/#website\",\"url\":\"https:\/\/www.sonoraenequipo.com.mx\/\",\"name\":\"Sonora en Equipo.\",\"description\":\"Diario en l\u00ednea con Noticias desde Hermosillo, Sonora\",\"publisher\":{\"@id\":\"https:\/\/www.sonoraenequipo.com.mx\/#organization\"},\"potentialAction\":[{\"@type\":\"SearchAction\",\"target\":{\"@type\":\"EntryPoint\",\"urlTemplate\":\"https:\/\/www.sonoraenequipo.com.mx\/?s={search_term_string}\"},\"query-input\":{\"@type\":\"PropertyValueSpecification\",\"valueRequired\":true,\"valueName\":\"search_term_string\"}}],\"inLanguage\":\"es\"},{\"@type\":\"Organization\",\"@id\":\"https:\/\/www.sonoraenequipo.com.mx\/#organization\",\"name\":\"Sonoraenequipo.com.mx\",\"url\":\"https:\/\/www.sonoraenequipo.com.mx\/\",\"logo\":{\"@type\":\"ImageObject\",\"inLanguage\":\"es\",\"@id\":\"https:\/\/www.sonoraenequipo.com.mx\/#\/schema\/logo\/image\/\",\"url\":\"https:\/\/www.sonoraenequipo.com.mx\/storage\/2019\/01\/sonoraenequipo_opt.png\",\"contentUrl\":\"https:\/\/www.sonoraenequipo.com.mx\/storage\/2019\/01\/sonoraenequipo_opt.png\",\"width\":375,\"height\":125,\"caption\":\"Sonoraenequipo.com.mx\"},\"image\":{\"@id\":\"https:\/\/www.sonoraenequipo.com.mx\/#\/schema\/logo\/image\/\"},\"sameAs\":[\"https:\/\/www.facebook.com\/SonoraEE\/\",\"https:\/\/x.com\/sonoraenequipo\",\"https:\/\/www.youtube.com\/channel\/UC338nW-lPEYmJQs4ZABQ1SQ\"]},{\"@type\":\"Person\",\"@id\":\"https:\/\/www.sonoraenequipo.com.mx\/#\/schema\/person\/50102df0fb23a8fa9e8effad8fa81386\",\"name\":\"enequipo\",\"image\":{\"@type\":\"ImageObject\",\"inLanguage\":\"es\",\"@id\":\"https:\/\/www.sonoraenequipo.com.mx\/#\/schema\/person\/image\/\",\"url\":\"https:\/\/secure.gravatar.com\/avatar\/049821681b589dabc0bc20695993ccebb09f5b5d4d790cd9251b97faac7c652b?s=96&d=blank&r=g\",\"contentUrl\":\"https:\/\/secure.gravatar.com\/avatar\/049821681b589dabc0bc20695993ccebb09f5b5d4d790cd9251b97faac7c652b?s=96&d=blank&r=g\",\"caption\":\"enequipo\"},\"sameAs\":[\"https:\/\/www.facebook.com\/SonoraEE\"]}]}<\/script>\n ","yoast_head_json":{"title":"Sonora en Equipo. Todo listo para el Cuarto Foro Mundial de Energ\u00eda Solar de Hermosillo Municipios","description":"HERMOSILLO, SONORA, MX. \u2014 El Gobierno Municipal que encabeza Antonio Astiazar\u00e1n Guti\u00e9rrez afina los \u00faltimos detalles de la que ser\u00e1 la cuarta edici\u00f3n del En Sonora en Equipo publicamos toda la informaci\u00f3n de Sonora, M\u00e9xico y el Mundo de manera oportuna y busca que la libertad de expresi\u00f3n sea real. Visita nuestro medio informativo publicado desde Hermosillo, Sonora. %","robots":{"index":"index","follow":"follow","max-snippet":"max-snippet:-1","max-image-preview":"max-image-preview:large","max-video-preview":"max-video-preview:-1"},"canonical":"https:\/\/www.sonoraenequipo.com.mx\/todo-listo-para-el-cuarto-foro-mundial-de-energia-solar-de-hermosillo\/","og_locale":"es_ES","og_type":"article","og_title":"Sonora en Equipo. Todo listo para el Cuarto Foro Mundial de Energ\u00eda Solar de Hermosillo Municipios","og_description":"HERMOSILLO, SONORA, MX. \u2014 El Gobierno Municipal que encabeza Antonio Astiazar\u00e1n Guti\u00e9rrez afina los \u00faltimos detalles de la que ser\u00e1 la cuarta edici\u00f3n del En Sonora en Equipo publicamos toda la informaci\u00f3n de Sonora, M\u00e9xico y el Mundo de manera oportuna y busca que la libertad de expresi\u00f3n sea real. Visita nuestro medio informativo publicado desde Hermosillo, Sonora. %","og_url":"https:\/\/www.sonoraenequipo.com.mx\/todo-listo-para-el-cuarto-foro-mundial-de-energia-solar-de-hermosillo\/","og_site_name":"Sonora en Equipo.","article_publisher":"https:\/\/www.facebook.com\/SonoraEE\/","article_author":"https:\/\/www.facebook.com\/SonoraEE","article_published_time":"2025-10-13T18:52:33+00:00","og_image":[{"width":600,"height":400,"url":"https:\/\/www.sonoraenequipo.com.mx\/storage\/2025\/10\/steve-wozniak.jpg","type":"image\/jpeg"}],"author":"enequipo","twitter_card":"summary_large_image","twitter_creator":"@sonoraenequipo","twitter_site":"@sonoraenequipo","twitter_misc":{"Escrito por":"enequipo","Tiempo de lectura":"2 minutos"},"schema":{"@context":"https:\/\/schema.org","@graph":[{"@type":"Article","@id":"https:\/\/www.sonoraenequipo.com.mx\/todo-listo-para-el-cuarto-foro-mundial-de-energia-solar-de-hermosillo\/#article","isPartOf":{"@id":"https:\/\/www.sonoraenequipo.com.mx\/todo-listo-para-el-cuarto-foro-mundial-de-energia-solar-de-hermosillo\/"},"author":{"name":"enequipo","@id":"https:\/\/www.sonoraenequipo.com.mx\/#\/schema\/person\/50102df0fb23a8fa9e8effad8fa81386"},"headline":"Todo listo para el Cuarto Foro Mundial de Energ\u00eda Solar de Hermosillo","datePublished":"2025-10-13T18:52:33+00:00","mainEntityOfPage":{"@id":"https:\/\/www.sonoraenequipo.com.mx\/todo-listo-para-el-cuarto-foro-mundial-de-energia-solar-de-hermosillo\/"},"wordCount":317,"commentCount":0,"publisher":{"@id":"https:\/\/www.sonoraenequipo.com.mx\/#organization"},"image":{"@id":"https:\/\/www.sonoraenequipo.com.mx\/todo-listo-para-el-cuarto-foro-mundial-de-energia-solar-de-hermosillo\/#primaryimage"},"thumbnailUrl":"https:\/\/www.sonoraenequipo.com.mx\/storage\/2025\/10\/steve-wozniak.jpg","keywords":["foro energ\u00eda solar","hermosillo"],"articleSection":["Municipios"],"inLanguage":"es","potentialAction":[{"@type":"CommentAction","name":"Comment","target":["https:\/\/www.sonoraenequipo.com.mx\/todo-listo-para-el-cuarto-foro-mundial-de-energia-solar-de-hermosillo\/#respond"]}]},{"@type":"WebPage","@id":"https:\/\/www.sonoraenequipo.com.mx\/todo-listo-para-el-cuarto-foro-mundial-de-energia-solar-de-hermosillo\/","url":"https:\/\/www.sonoraenequipo.com.mx\/todo-listo-para-el-cuarto-foro-mundial-de-energia-solar-de-hermosillo\/","name":"Sonora en Equipo. Todo listo para el Cuarto Foro Mundial de Energ\u00eda Solar de Hermosillo Municipios","isPartOf":{"@id":"https:\/\/www.sonoraenequipo.com.mx\/#website"},"primaryImageOfPage":{"@id":"https:\/\/www.sonoraenequipo.com.mx\/todo-listo-para-el-cuarto-foro-mundial-de-energia-solar-de-hermosillo\/#primaryimage"},"image":{"@id":"https:\/\/www.sonoraenequipo.com.mx\/todo-listo-para-el-cuarto-foro-mundial-de-energia-solar-de-hermosillo\/#primaryimage"},"thumbnailUrl":"https:\/\/www.sonoraenequipo.com.mx\/storage\/2025\/10\/steve-wozniak.jpg","datePublished":"2025-10-13T18:52:33+00:00","description":"HERMOSILLO, SONORA, MX. \u2014 El Gobierno Municipal que encabeza Antonio Astiazar\u00e1n Guti\u00e9rrez afina los \u00faltimos detalles de la que ser\u00e1 la cuarta edici\u00f3n del En Sonora en Equipo publicamos toda la informaci\u00f3n de Sonora, M\u00e9xico y el Mundo de manera oportuna y busca que la libertad de expresi\u00f3n sea real. Visita nuestro medio informativo publicado desde Hermosillo, Sonora. %","breadcrumb":{"@id":"https:\/\/www.sonoraenequipo.com.mx\/todo-listo-para-el-cuarto-foro-mundial-de-energia-solar-de-hermosillo\/#breadcrumb"},"inLanguage":"es","potentialAction":[{"@type":"ReadAction","target":["https:\/\/www.sonoraenequipo.com.mx\/todo-listo-para-el-cuarto-foro-mundial-de-energia-solar-de-hermosillo\/"]}]},{"@type":"ImageObject","inLanguage":"es","@id":"https:\/\/www.sonoraenequipo.com.mx\/todo-listo-para-el-cuarto-foro-mundial-de-energia-solar-de-hermosillo\/#primaryimage","url":"https:\/\/www.sonoraenequipo.com.mx\/storage\/2025\/10\/steve-wozniak.jpg","contentUrl":"https:\/\/www.sonoraenequipo.com.mx\/storage\/2025\/10\/steve-wozniak.jpg","width":600,"height":400,"caption":"The Woz impartir\u00e1 una conferencia magistral el 15 de octubre.Imagen AFP"},{"@type":"BreadcrumbList","@id":"https:\/\/www.sonoraenequipo.com.mx\/todo-listo-para-el-cuarto-foro-mundial-de-energia-solar-de-hermosillo\/#breadcrumb","itemListElement":[{"@type":"ListItem","position":1,"name":"Portada","item":"https:\/\/www.sonoraenequipo.com.mx\/"},{"@type":"ListItem","position":2,"name":"Todo listo para el Cuarto Foro Mundial de Energ\u00eda Solar de Hermosillo"}]},{"@type":"WebSite","@id":"https:\/\/www.sonoraenequipo.com.mx\/#website","url":"https:\/\/www.sonoraenequipo.com.mx\/","name":"Sonora en Equipo.","description":"Diario en l\u00ednea con Noticias desde Hermosillo, Sonora","publisher":{"@id":"https:\/\/www.sonoraenequipo.com.mx\/#organization"},"potentialAction":[{"@type":"SearchAction","target":{"@type":"EntryPoint","urlTemplate":"https:\/\/www.sonoraenequipo.com.mx\/?s={search_term_string}"},"query-input":{"@type":"PropertyValueSpecification","valueRequired":true,"valueName":"search_term_string"}}],"inLanguage":"es"},{"@type":"Organization","@id":"https:\/\/www.sonoraenequipo.com.mx\/#organization","name":"Sonoraenequipo.com.mx","url":"https:\/\/www.sonoraenequipo.com.mx\/","logo":{"@type":"ImageObject","inLanguage":"es","@id":"https:\/\/www.sonoraenequipo.com.mx\/#\/schema\/logo\/image\/","url":"https:\/\/www.sonoraenequipo.com.mx\/storage\/2019\/01\/sonoraenequipo_opt.png","contentUrl":"https:\/\/www.sonoraenequipo.com.mx\/storage\/2019\/01\/sonoraenequipo_opt.png","width":375,"height":125,"caption":"Sonoraenequipo.com.mx"},"image":{"@id":"https:\/\/www.sonoraenequipo.com.mx\/#\/schema\/logo\/image\/"},"sameAs":["https:\/\/www.facebook.com\/SonoraEE\/","https:\/\/x.com\/sonoraenequipo","https:\/\/www.youtube.com\/channel\/UC338nW-lPEYmJQs4ZABQ1SQ"]},{"@type":"Person","@id":"https:\/\/www.sonoraenequipo.com.mx\/#\/schema\/person\/50102df0fb23a8fa9e8effad8fa81386","name":"enequipo","image":{"@type":"ImageObject","inLanguage":"es","@id":"https:\/\/www.sonoraenequipo.com.mx\/#\/schema\/person\/image\/","url":"https:\/\/secure.gravatar.com\/avatar\/049821681b589dabc0bc20695993ccebb09f5b5d4d790cd9251b97faac7c652b?s=96&d=blank&r=g","contentUrl":"https:\/\/secure.gravatar.com\/avatar\/049821681b589dabc0bc20695993ccebb09f5b5d4d790cd9251b97faac7c652b?s=96&d=blank&r=g","caption":"enequipo"},"sameAs":["https:\/\/www.facebook.com\/SonoraEE"]}]}},"jetpack_featured_media_url":"https:\/\/www.sonoraenequipo.com.mx\/storage\/2025\/10\/steve-wozniak.jpg","_links":{"self":[{"href":"https:\/\/www.sonoraenequipo.com.mx\/api\/wp\/v2\/posts\/226155","targetHints":{"allow":["GET"]}}],"collection":[{"href":"https:\/\/www.sonoraenequipo.com.mx\/api\/wp\/v2\/posts"}],"about":[{"href":"https:\/\/www.sonoraenequipo.com.mx\/api\/wp\/v2\/types\/post"}],"author":[{"embeddable":true,"href":"https:\/\/www.sonoraenequipo.com.mx\/api\/wp\/v2\/users\/1"}],"replies":[{"embeddable":true,"href":"https:\/\/www.sonoraenequipo.com.mx\/api\/wp\/v2\/comments?post=226155"}],"version-history":[{"count":1,"href":"https:\/\/www.sonoraenequipo.com.mx\/api\/wp\/v2\/posts\/226155\/revisions"}],"predecessor-version":[{"id":226159,"href":"https:\/\/www.sonoraenequipo.com.mx\/api\/wp\/v2\/posts\/226155\/revisions\/226159"}],"wp:featuredmedia":[{"embeddable":true,"href":"https:\/\/www.sonoraenequipo.com.mx\/api\/wp\/v2\/media\/226156"}],"wp:attachment":[{"href":"https:\/\/www.sonoraenequipo.com.mx\/api\/wp\/v2\/media?parent=226155"}],"wp:term":[{"taxonomy":"category","embeddable":true,"href":"https:\/\/www.sonoraenequipo.com.mx\/api\/wp\/v2\/categories?post=226155"},{"taxonomy":"post_tag","embeddable":true,"href":"https:\/\/www.sonoraenequipo.com.mx\/api\/wp\/v2\/tags?post=226155"}],"curies":[{"name":"wp","href":"https:\/\/api.w.org\/{rel}","templated":true}]}}