{"id":226160,"date":"2025-10-13T13:00:12","date_gmt":"2025-10-13T20:00:12","guid":{"rendered":"https:\/\/www.sonoraenequipo.com.mx\/?p=226160"},"modified":"2025-10-13T13:00:59","modified_gmt":"2025-10-13T20:00:59","slug":"impulsa-gobierno-de-sonora-fortalecimiento-del-turismo-regional","status":"publish","type":"post","link":"https:\/\/www.sonoraenequipo.com.mx\/impulsa-gobierno-de-sonora-fortalecimiento-del-turismo-regional\/","title":{"rendered":"Impulsa Gobierno de Sonora fortalecimiento del turismo regional"},"content":{"rendered":"<p>Impulsa Gobierno de Sonora fortalecimiento del turismo regional<\/p>\n<p>&nbsp;<\/p>\n<p><strong>MOCTEZUMA, SONORA, MX.<\/strong><strong> \u0336 \u0336\u00a0 <\/strong>Mediante la colaboraci\u00f3n entre estudiantes, prestadores de servicios, conocedores del patrimonio local, autoridades y comunidad, el Gobierno de Sonora, a trav\u00e9s de la Universidad de la Sierra (Unisierra) impulsa el proyecto Vamos Turisteando 2025.<\/p>\n<p>&nbsp;<\/p>\n<p>&nbsp;<\/p>\n<p>&nbsp;<\/p>\n<p>La iniciativa, promovida por los Embajadores Universitarios del programa educativo de la Licenciatura en Turismo, cuenta con el apoyo del Ayuntamiento de Nacozari de Garc\u00eda y est\u00e1 orientado a fortalecer el turismo regional en la sierra sonorense.<\/p>\n<p>&nbsp;<\/p>\n<p>&nbsp;<\/p>\n<p>&nbsp;<\/p>\n<p>El rector de la Unisierra, Juan Carlos Avil\u00e9s Miranda, abund\u00f3 que la intenci\u00f3n es fomentar el sentido de pertenencia en las comunidades, proyectar las riquezas culturales, hist\u00f3ricas y naturales de la sede anfitriona, y contribuir al desarrollo econ\u00f3mico por medio de actividades tur\u00edsticas vivenciales.<\/p>\n<p>&nbsp;<\/p>\n<p>&nbsp;<\/p>\n<p>&nbsp;<\/p>\n<p>Podr\u00e1n participar en el evento \u2018prestadores de servicios tur\u00edsticos\u2019 cronistas, historiadores y conocedores del pueblo, as\u00ed como empresas o proyectos econ\u00f3micos vinculados al turismo.<\/p>\n<p>&nbsp;<\/p>\n<p>&nbsp;<\/p>\n<p>&nbsp;<\/p>\n<p>La actividad se llevar\u00e1 a cabo el lunes 3 de noviembre en la Plaza Jes\u00fas Garc\u00eda de Nacozari y las personas interesadas pueden consultar las bases en: https:\/\/bit.ly\/vamosturisteando y registrarse como participante en: <a href=\"https:\/\/bit.ly\/vamosturisteando2025\">https:\/\/bit.ly\/vamosturisteando2025<\/a><\/p>\n<p>.<\/p>\n<p>&nbsp;<\/p>\n<p>&nbsp;<\/p>\n<p>&nbsp;<\/p>\n<p>Con este tipo de iniciativas, el Gobierno de Sonora refrenda el compromiso de fomenta el desarrollo econ\u00f3mico, la productividad y competitividad en todas las regiones de la entidad por medio de la innovaci\u00f3n y promoci\u00f3n tur\u00edstica.<\/p>\n<p><strong>Fecha de publicaci\u00f3n lunes 13 de octubre de 2025<\/strong><\/p>\n","protected":false},"excerpt":{"rendered":"<p>Impulsa Gobierno de Sonora fortalecimiento del turismo regional &nbsp; MOCTEZUMA, SONORA, MX. \u0336 \u0336\u00a0 Mediante&#8230;<\/p>\n","protected":false},"author":1,"featured_media":95356,"comment_status":"open","ping_status":"open","sticky":false,"template":"","format":"standard","meta":{"_monsterinsights_skip_tracking":false,"_monsterinsights_sitenote_active":false,"_monsterinsights_sitenote_note":"","_monsterinsights_sitenote_category":0,"footnotes":""},"categories":[22],"tags":[9199,706],"class_list":["post"],"yoast_head":" \n<title>Sonora en Equipo. Impulsa Gobierno de Sonora fortalecimiento del turismo regional Sonora<\/title>\n<meta name=\"description\" content=\"Impulsa Gobierno de Sonora fortalecimiento del turismo regional &nbsp; MOCTEZUMA, SONORA, MX. \u0336 \u0336\u00a0 Mediante la colaboraci\u00f3n entre estudiantes, prestadores En Sonora en Equipo publicamos toda la informaci\u00f3n de Sonora, M\u00e9xico y el Mundo de manera oportuna y busca que la libertad de expresi\u00f3n sea real. Visita nuestro medio informativo publicado desde Hermosillo, Sonora. %\" \/>\n<meta name=\"robots\" content=\"index, follow, max-snippet:-1, max-image-preview:large, max-video-preview:-1\" \/>\n<link rel=\"canonical\" href=\"https:\/\/www.sonoraenequipo.com.mx\/impulsa-gobierno-de-sonora-fortalecimiento-del-turismo-regional\/\" \/>\n<meta property=\"og:locale\" content=\"es_ES\" \/>\n<meta property=\"og:type\" content=\"article\" \/>\n<meta property=\"og:title\" content=\"Sonora en Equipo. Impulsa Gobierno de Sonora fortalecimiento del turismo regional Sonora\" \/>\n<meta property=\"og:description\" content=\"Impulsa Gobierno de Sonora fortalecimiento del turismo regional &nbsp; MOCTEZUMA, SONORA, MX. \u0336 \u0336\u00a0 Mediante la colaboraci\u00f3n entre estudiantes, prestadores En Sonora en Equipo publicamos toda la informaci\u00f3n de Sonora, M\u00e9xico y el Mundo de manera oportuna y busca que la libertad de expresi\u00f3n sea real. Visita nuestro medio informativo publicado desde Hermosillo, Sonora. %\" \/>\n<meta property=\"og:url\" content=\"https:\/\/www.sonoraenequipo.com.mx\/impulsa-gobierno-de-sonora-fortalecimiento-del-turismo-regional\/\" \/>\n<meta property=\"og:site_name\" content=\"Sonora en Equipo.\" \/>\n<meta property=\"article:publisher\" content=\"https:\/\/www.facebook.com\/SonoraEE\/\" \/>\n<meta property=\"article:author\" content=\"https:\/\/www.facebook.com\/SonoraEE\" \/>\n<meta property=\"article:published_time\" content=\"2025-10-13T20:00:12+00:00\" \/>\n<meta property=\"article:modified_time\" content=\"2025-10-13T20:00:59+00:00\" \/>\n<meta property=\"og:image\" content=\"https:\/\/www.sonoraenequipo.com.mx\/storage\/2020\/09\/Isc-fiestas-patrias-2_opt1.jpg\" \/>\n\t<meta property=\"og:image:width\" content=\"700\" \/>\n\t<meta property=\"og:image:height\" content=\"500\" \/>\n\t<meta property=\"og:image:type\" content=\"image\/jpeg\" \/>\n<meta name=\"author\" content=\"enequipo\" \/>\n<meta name=\"twitter:card\" content=\"summary_large_image\" \/>\n<meta name=\"twitter:creator\" content=\"@sonoraenequipo\" \/>\n<meta name=\"twitter:site\" content=\"@sonoraenequipo\" \/>\n<meta name=\"twitter:label1\" content=\"Escrito por\" \/>\n\t<meta name=\"twitter:data1\" content=\"enequipo\" \/>\n\t<meta name=\"twitter:label2\" content=\"Tiempo de lectura\" \/>\n\t<meta name=\"twitter:data2\" content=\"1 minuto\" \/>\n<script type=\"application\/ld+json\" class=\"yoast-schema-graph\">{\"@context\":\"https:\/\/schema.org\",\"@graph\":[{\"@type\":\"Article\",\"@id\":\"https:\/\/www.sonoraenequipo.com.mx\/impulsa-gobierno-de-sonora-fortalecimiento-del-turismo-regional\/#article\",\"isPartOf\":{\"@id\":\"https:\/\/www.sonoraenequipo.com.mx\/impulsa-gobierno-de-sonora-fortalecimiento-del-turismo-regional\/\"},\"author\":{\"name\":\"enequipo\",\"@id\":\"https:\/\/www.sonoraenequipo.com.mx\/#\/schema\/person\/50102df0fb23a8fa9e8effad8fa81386\"},\"headline\":\"Impulsa Gobierno de Sonora fortalecimiento del turismo regional\",\"datePublished\":\"2025-10-13T20:00:12+00:00\",\"dateModified\":\"2025-10-13T20:00:59+00:00\",\"mainEntityOfPage\":{\"@id\":\"https:\/\/www.sonoraenequipo.com.mx\/impulsa-gobierno-de-sonora-fortalecimiento-del-turismo-regional\/\"},\"wordCount\":273,\"commentCount\":0,\"publisher\":{\"@id\":\"https:\/\/www.sonoraenequipo.com.mx\/#organization\"},\"image\":{\"@id\":\"https:\/\/www.sonoraenequipo.com.mx\/impulsa-gobierno-de-sonora-fortalecimiento-del-turismo-regional\/#primaryimage\"},\"thumbnailUrl\":\"https:\/\/www.sonoraenequipo.com.mx\/storage\/2020\/09\/Isc-fiestas-patrias-2_opt1.jpg\",\"keywords\":[\"regional\",\"turismo\"],\"articleSection\":[\"Sonora\"],\"inLanguage\":\"es\",\"potentialAction\":[{\"@type\":\"CommentAction\",\"name\":\"Comment\",\"target\":[\"https:\/\/www.sonoraenequipo.com.mx\/impulsa-gobierno-de-sonora-fortalecimiento-del-turismo-regional\/#respond\"]}]},{\"@type\":\"WebPage\",\"@id\":\"https:\/\/www.sonoraenequipo.com.mx\/impulsa-gobierno-de-sonora-fortalecimiento-del-turismo-regional\/\",\"url\":\"https:\/\/www.sonoraenequipo.com.mx\/impulsa-gobierno-de-sonora-fortalecimiento-del-turismo-regional\/\",\"name\":\"Sonora en Equipo. Impulsa Gobierno de Sonora fortalecimiento del turismo regional Sonora\",\"isPartOf\":{\"@id\":\"https:\/\/www.sonoraenequipo.com.mx\/#website\"},\"primaryImageOfPage\":{\"@id\":\"https:\/\/www.sonoraenequipo.com.mx\/impulsa-gobierno-de-sonora-fortalecimiento-del-turismo-regional\/#primaryimage\"},\"image\":{\"@id\":\"https:\/\/www.sonoraenequipo.com.mx\/impulsa-gobierno-de-sonora-fortalecimiento-del-turismo-regional\/#primaryimage\"},\"thumbnailUrl\":\"https:\/\/www.sonoraenequipo.com.mx\/storage\/2020\/09\/Isc-fiestas-patrias-2_opt1.jpg\",\"datePublished\":\"2025-10-13T20:00:12+00:00\",\"dateModified\":\"2025-10-13T20:00:59+00:00\",\"description\":\"Impulsa Gobierno de Sonora fortalecimiento del turismo regional &nbsp; MOCTEZUMA, SONORA, MX. \u0336 \u0336\u00a0 Mediante la colaboraci\u00f3n entre estudiantes, prestadores En Sonora en Equipo publicamos toda la informaci\u00f3n de Sonora, M\u00e9xico y el Mundo de manera oportuna y busca que la libertad de expresi\u00f3n sea real. Visita nuestro medio informativo publicado desde Hermosillo, Sonora. %\",\"breadcrumb\":{\"@id\":\"https:\/\/www.sonoraenequipo.com.mx\/impulsa-gobierno-de-sonora-fortalecimiento-del-turismo-regional\/#breadcrumb\"},\"inLanguage\":\"es\",\"potentialAction\":[{\"@type\":\"ReadAction\",\"target\":[\"https:\/\/www.sonoraenequipo.com.mx\/impulsa-gobierno-de-sonora-fortalecimiento-del-turismo-regional\/\"]}]},{\"@type\":\"ImageObject\",\"inLanguage\":\"es\",\"@id\":\"https:\/\/www.sonoraenequipo.com.mx\/impulsa-gobierno-de-sonora-fortalecimiento-del-turismo-regional\/#primaryimage\",\"url\":\"https:\/\/www.sonoraenequipo.com.mx\/storage\/2020\/09\/Isc-fiestas-patrias-2_opt1.jpg\",\"contentUrl\":\"https:\/\/www.sonoraenequipo.com.mx\/storage\/2020\/09\/Isc-fiestas-patrias-2_opt1.jpg\",\"width\":700,\"height\":500,\"caption\":\"baile regional\"},{\"@type\":\"BreadcrumbList\",\"@id\":\"https:\/\/www.sonoraenequipo.com.mx\/impulsa-gobierno-de-sonora-fortalecimiento-del-turismo-regional\/#breadcrumb\",\"itemListElement\":[{\"@type\":\"ListItem\",\"position\":1,\"name\":\"Portada\",\"item\":\"https:\/\/www.sonoraenequipo.com.mx\/\"},{\"@type\":\"ListItem\",\"position\":2,\"name\":\"Impulsa Gobierno de Sonora fortalecimiento del turismo regional\"}]},{\"@type\":\"WebSite\",\"@id\":\"https:\/\/www.sonoraenequipo.com.mx\/#website\",\"url\":\"https:\/\/www.sonoraenequipo.com.mx\/\",\"name\":\"Sonora en Equipo.\",\"description\":\"Diario en l\u00ednea con Noticias desde Hermosillo, Sonora\",\"publisher\":{\"@id\":\"https:\/\/www.sonoraenequipo.com.mx\/#organization\"},\"potentialAction\":[{\"@type\":\"SearchAction\",\"target\":{\"@type\":\"EntryPoint\",\"urlTemplate\":\"https:\/\/www.sonoraenequipo.com.mx\/?s={search_term_string}\"},\"query-input\":{\"@type\":\"PropertyValueSpecification\",\"valueRequired\":true,\"valueName\":\"search_term_string\"}}],\"inLanguage\":\"es\"},{\"@type\":\"Organization\",\"@id\":\"https:\/\/www.sonoraenequipo.com.mx\/#organization\",\"name\":\"Sonoraenequipo.com.mx\",\"url\":\"https:\/\/www.sonoraenequipo.com.mx\/\",\"logo\":{\"@type\":\"ImageObject\",\"inLanguage\":\"es\",\"@id\":\"https:\/\/www.sonoraenequipo.com.mx\/#\/schema\/logo\/image\/\",\"url\":\"https:\/\/www.sonoraenequipo.com.mx\/storage\/2019\/01\/sonoraenequipo_opt.png\",\"contentUrl\":\"https:\/\/www.sonoraenequipo.com.mx\/storage\/2019\/01\/sonoraenequipo_opt.png\",\"width\":375,\"height\":125,\"caption\":\"Sonoraenequipo.com.mx\"},\"image\":{\"@id\":\"https:\/\/www.sonoraenequipo.com.mx\/#\/schema\/logo\/image\/\"},\"sameAs\":[\"https:\/\/www.facebook.com\/SonoraEE\/\",\"https:\/\/x.com\/sonoraenequipo\",\"https:\/\/www.youtube.com\/channel\/UC338nW-lPEYmJQs4ZABQ1SQ\"]},{\"@type\":\"Person\",\"@id\":\"https:\/\/www.sonoraenequipo.com.mx\/#\/schema\/person\/50102df0fb23a8fa9e8effad8fa81386\",\"name\":\"enequipo\",\"image\":{\"@type\":\"ImageObject\",\"inLanguage\":\"es\",\"@id\":\"https:\/\/www.sonoraenequipo.com.mx\/#\/schema\/person\/image\/\",\"url\":\"https:\/\/secure.gravatar.com\/avatar\/049821681b589dabc0bc20695993ccebb09f5b5d4d790cd9251b97faac7c652b?s=96&d=blank&r=g\",\"contentUrl\":\"https:\/\/secure.gravatar.com\/avatar\/049821681b589dabc0bc20695993ccebb09f5b5d4d790cd9251b97faac7c652b?s=96&d=blank&r=g\",\"caption\":\"enequipo\"},\"sameAs\":[\"https:\/\/www.facebook.com\/SonoraEE\"]}]}<\/script>\n ","yoast_head_json":{"title":"Sonora en Equipo. Impulsa Gobierno de Sonora fortalecimiento del turismo regional Sonora","description":"Impulsa Gobierno de Sonora fortalecimiento del turismo regional &nbsp; MOCTEZUMA, SONORA, MX. \u0336 \u0336\u00a0 Mediante la colaboraci\u00f3n entre estudiantes, prestadores En Sonora en Equipo publicamos toda la informaci\u00f3n de Sonora, M\u00e9xico y el Mundo de manera oportuna y busca que la libertad de expresi\u00f3n sea real. Visita nuestro medio informativo publicado desde Hermosillo, Sonora. %","robots":{"index":"index","follow":"follow","max-snippet":"max-snippet:-1","max-image-preview":"max-image-preview:large","max-video-preview":"max-video-preview:-1"},"canonical":"https:\/\/www.sonoraenequipo.com.mx\/impulsa-gobierno-de-sonora-fortalecimiento-del-turismo-regional\/","og_locale":"es_ES","og_type":"article","og_title":"Sonora en Equipo. Impulsa Gobierno de Sonora fortalecimiento del turismo regional Sonora","og_description":"Impulsa Gobierno de Sonora fortalecimiento del turismo regional &nbsp; MOCTEZUMA, SONORA, MX. \u0336 \u0336\u00a0 Mediante la colaboraci\u00f3n entre estudiantes, prestadores En Sonora en Equipo publicamos toda la informaci\u00f3n de Sonora, M\u00e9xico y el Mundo de manera oportuna y busca que la libertad de expresi\u00f3n sea real. Visita nuestro medio informativo publicado desde Hermosillo, Sonora. %","og_url":"https:\/\/www.sonoraenequipo.com.mx\/impulsa-gobierno-de-sonora-fortalecimiento-del-turismo-regional\/","og_site_name":"Sonora en Equipo.","article_publisher":"https:\/\/www.facebook.com\/SonoraEE\/","article_author":"https:\/\/www.facebook.com\/SonoraEE","article_published_time":"2025-10-13T20:00:12+00:00","article_modified_time":"2025-10-13T20:00:59+00:00","og_image":[{"width":700,"height":500,"url":"https:\/\/www.sonoraenequipo.com.mx\/storage\/2020\/09\/Isc-fiestas-patrias-2_opt1.jpg","type":"image\/jpeg"}],"author":"enequipo","twitter_card":"summary_large_image","twitter_creator":"@sonoraenequipo","twitter_site":"@sonoraenequipo","twitter_misc":{"Escrito por":"enequipo","Tiempo de lectura":"1 minuto"},"schema":{"@context":"https:\/\/schema.org","@graph":[{"@type":"Article","@id":"https:\/\/www.sonoraenequipo.com.mx\/impulsa-gobierno-de-sonora-fortalecimiento-del-turismo-regional\/#article","isPartOf":{"@id":"https:\/\/www.sonoraenequipo.com.mx\/impulsa-gobierno-de-sonora-fortalecimiento-del-turismo-regional\/"},"author":{"name":"enequipo","@id":"https:\/\/www.sonoraenequipo.com.mx\/#\/schema\/person\/50102df0fb23a8fa9e8effad8fa81386"},"headline":"Impulsa Gobierno de Sonora fortalecimiento del turismo regional","datePublished":"2025-10-13T20:00:12+00:00","dateModified":"2025-10-13T20:00:59+00:00","mainEntityOfPage":{"@id":"https:\/\/www.sonoraenequipo.com.mx\/impulsa-gobierno-de-sonora-fortalecimiento-del-turismo-regional\/"},"wordCount":273,"commentCount":0,"publisher":{"@id":"https:\/\/www.sonoraenequipo.com.mx\/#organization"},"image":{"@id":"https:\/\/www.sonoraenequipo.com.mx\/impulsa-gobierno-de-sonora-fortalecimiento-del-turismo-regional\/#primaryimage"},"thumbnailUrl":"https:\/\/www.sonoraenequipo.com.mx\/storage\/2020\/09\/Isc-fiestas-patrias-2_opt1.jpg","keywords":["regional","turismo"],"articleSection":["Sonora"],"inLanguage":"es","potentialAction":[{"@type":"CommentAction","name":"Comment","target":["https:\/\/www.sonoraenequipo.com.mx\/impulsa-gobierno-de-sonora-fortalecimiento-del-turismo-regional\/#respond"]}]},{"@type":"WebPage","@id":"https:\/\/www.sonoraenequipo.com.mx\/impulsa-gobierno-de-sonora-fortalecimiento-del-turismo-regional\/","url":"https:\/\/www.sonoraenequipo.com.mx\/impulsa-gobierno-de-sonora-fortalecimiento-del-turismo-regional\/","name":"Sonora en Equipo. Impulsa Gobierno de Sonora fortalecimiento del turismo regional Sonora","isPartOf":{"@id":"https:\/\/www.sonoraenequipo.com.mx\/#website"},"primaryImageOfPage":{"@id":"https:\/\/www.sonoraenequipo.com.mx\/impulsa-gobierno-de-sonora-fortalecimiento-del-turismo-regional\/#primaryimage"},"image":{"@id":"https:\/\/www.sonoraenequipo.com.mx\/impulsa-gobierno-de-sonora-fortalecimiento-del-turismo-regional\/#primaryimage"},"thumbnailUrl":"https:\/\/www.sonoraenequipo.com.mx\/storage\/2020\/09\/Isc-fiestas-patrias-2_opt1.jpg","datePublished":"2025-10-13T20:00:12+00:00","dateModified":"2025-10-13T20:00:59+00:00","description":"Impulsa Gobierno de Sonora fortalecimiento del turismo regional &nbsp; MOCTEZUMA, SONORA, MX. \u0336 \u0336\u00a0 Mediante la colaboraci\u00f3n entre estudiantes, prestadores En Sonora en Equipo publicamos toda la informaci\u00f3n de Sonora, M\u00e9xico y el Mundo de manera oportuna y busca que la libertad de expresi\u00f3n sea real. Visita nuestro medio informativo publicado desde Hermosillo, Sonora. %","breadcrumb":{"@id":"https:\/\/www.sonoraenequipo.com.mx\/impulsa-gobierno-de-sonora-fortalecimiento-del-turismo-regional\/#breadcrumb"},"inLanguage":"es","potentialAction":[{"@type":"ReadAction","target":["https:\/\/www.sonoraenequipo.com.mx\/impulsa-gobierno-de-sonora-fortalecimiento-del-turismo-regional\/"]}]},{"@type":"ImageObject","inLanguage":"es","@id":"https:\/\/www.sonoraenequipo.com.mx\/impulsa-gobierno-de-sonora-fortalecimiento-del-turismo-regional\/#primaryimage","url":"https:\/\/www.sonoraenequipo.com.mx\/storage\/2020\/09\/Isc-fiestas-patrias-2_opt1.jpg","contentUrl":"https:\/\/www.sonoraenequipo.com.mx\/storage\/2020\/09\/Isc-fiestas-patrias-2_opt1.jpg","width":700,"height":500,"caption":"baile regional"},{"@type":"BreadcrumbList","@id":"https:\/\/www.sonoraenequipo.com.mx\/impulsa-gobierno-de-sonora-fortalecimiento-del-turismo-regional\/#breadcrumb","itemListElement":[{"@type":"ListItem","position":1,"name":"Portada","item":"https:\/\/www.sonoraenequipo.com.mx\/"},{"@type":"ListItem","position":2,"name":"Impulsa Gobierno de Sonora fortalecimiento del turismo regional"}]},{"@type":"WebSite","@id":"https:\/\/www.sonoraenequipo.com.mx\/#website","url":"https:\/\/www.sonoraenequipo.com.mx\/","name":"Sonora en Equipo.","description":"Diario en l\u00ednea con Noticias desde Hermosillo, Sonora","publisher":{"@id":"https:\/\/www.sonoraenequipo.com.mx\/#organization"},"potentialAction":[{"@type":"SearchAction","target":{"@type":"EntryPoint","urlTemplate":"https:\/\/www.sonoraenequipo.com.mx\/?s={search_term_string}"},"query-input":{"@type":"PropertyValueSpecification","valueRequired":true,"valueName":"search_term_string"}}],"inLanguage":"es"},{"@type":"Organization","@id":"https:\/\/www.sonoraenequipo.com.mx\/#organization","name":"Sonoraenequipo.com.mx","url":"https:\/\/www.sonoraenequipo.com.mx\/","logo":{"@type":"ImageObject","inLanguage":"es","@id":"https:\/\/www.sonoraenequipo.com.mx\/#\/schema\/logo\/image\/","url":"https:\/\/www.sonoraenequipo.com.mx\/storage\/2019\/01\/sonoraenequipo_opt.png","contentUrl":"https:\/\/www.sonoraenequipo.com.mx\/storage\/2019\/01\/sonoraenequipo_opt.png","width":375,"height":125,"caption":"Sonoraenequipo.com.mx"},"image":{"@id":"https:\/\/www.sonoraenequipo.com.mx\/#\/schema\/logo\/image\/"},"sameAs":["https:\/\/www.facebook.com\/SonoraEE\/","https:\/\/x.com\/sonoraenequipo","https:\/\/www.youtube.com\/channel\/UC338nW-lPEYmJQs4ZABQ1SQ"]},{"@type":"Person","@id":"https:\/\/www.sonoraenequipo.com.mx\/#\/schema\/person\/50102df0fb23a8fa9e8effad8fa81386","name":"enequipo","image":{"@type":"ImageObject","inLanguage":"es","@id":"https:\/\/www.sonoraenequipo.com.mx\/#\/schema\/person\/image\/","url":"https:\/\/secure.gravatar.com\/avatar\/049821681b589dabc0bc20695993ccebb09f5b5d4d790cd9251b97faac7c652b?s=96&d=blank&r=g","contentUrl":"https:\/\/secure.gravatar.com\/avatar\/049821681b589dabc0bc20695993ccebb09f5b5d4d790cd9251b97faac7c652b?s=96&d=blank&r=g","caption":"enequipo"},"sameAs":["https:\/\/www.facebook.com\/SonoraEE"]}]}},"jetpack_featured_media_url":"https:\/\/www.sonoraenequipo.com.mx\/storage\/2020\/09\/Isc-fiestas-patrias-2_opt1.jpg","_links":{"self":[{"href":"https:\/\/www.sonoraenequipo.com.mx\/api\/wp\/v2\/posts\/226160","targetHints":{"allow":["GET"]}}],"collection":[{"href":"https:\/\/www.sonoraenequipo.com.mx\/api\/wp\/v2\/posts"}],"about":[{"href":"https:\/\/www.sonoraenequipo.com.mx\/api\/wp\/v2\/types\/post"}],"author":[{"embeddable":true,"href":"https:\/\/www.sonoraenequipo.com.mx\/api\/wp\/v2\/users\/1"}],"replies":[{"embeddable":true,"href":"https:\/\/www.sonoraenequipo.com.mx\/api\/wp\/v2\/comments?post=226160"}],"version-history":[{"count":1,"href":"https:\/\/www.sonoraenequipo.com.mx\/api\/wp\/v2\/posts\/226160\/revisions"}],"predecessor-version":[{"id":226167,"href":"https:\/\/www.sonoraenequipo.com.mx\/api\/wp\/v2\/posts\/226160\/revisions\/226167"}],"wp:featuredmedia":[{"embeddable":true,"href":"https:\/\/www.sonoraenequipo.com.mx\/api\/wp\/v2\/media\/95356"}],"wp:attachment":[{"href":"https:\/\/www.sonoraenequipo.com.mx\/api\/wp\/v2\/media?parent=226160"}],"wp:term":[{"taxonomy":"category","embeddable":true,"href":"https:\/\/www.sonoraenequipo.com.mx\/api\/wp\/v2\/categories?post=226160"},{"taxonomy":"post_tag","embeddable":true,"href":"https:\/\/www.sonoraenequipo.com.mx\/api\/wp\/v2\/tags?post=226160"}],"curies":[{"name":"wp","href":"https:\/\/api.w.org\/{rel}","templated":true}]}}