{"id":226166,"date":"2025-10-13T09:00:46","date_gmt":"2025-10-13T16:00:46","guid":{"rendered":"https:\/\/www.sonoraenequipo.com.mx\/?p=226166"},"modified":"2025-10-13T13:06:02","modified_gmt":"2025-10-13T20:06:02","slug":"suman-10-mil-elementos-de-fuerzas-armadas-en-zonas-afectadas-por-lluvias-para-atender-a-la-poblacion","status":"publish","type":"post","link":"https:\/\/www.sonoraenequipo.com.mx\/suman-10-mil-elementos-de-fuerzas-armadas-en-zonas-afectadas-por-lluvias-para-atender-a-la-poblacion\/","title":{"rendered":"Suman 10 mil elementos de Fuerzas Armadas en zonas afectadas por lluvias para atender a la poblaci\u00f3n"},"content":{"rendered":"<p><strong>CIUDAD DE M\u00c9XICO.MX. \u2014 <\/strong>\u00a0La Secretar\u00eda de la Defensa Nacional reforz\u00f3 hoy el personal desplegado en los municipios de Poza Rica y \u00c1lamo con la llegada de mil elementos para sumarse a los 400 que hab\u00eda desde el pasado viernes, como respuesta a las peticiones que le hicieron a la presidenta Claudia Sheinbaum este domingo.<\/p>\n<p>&nbsp;<\/p>\n<p>&nbsp;<\/p>\n<p>&nbsp;<\/p>\n<p> <\/p>\n<p>El secretario de la Defensa Nacional, Ricardo Trevilla, inform\u00f3 que se han desplegado 7 mil 347 integrantes del Ej\u00e9rcito para aplicar el Plan DN-III con apoyo de helic\u00f3pteros, lanchas, veh\u00edculos pesados, tractores y camiones para remover escombros y evacuarlos. Se est\u00e1n utilizando drones para apoyar las labores; se han distribuido cocinas m\u00f3viles para preparar raciones para los damnificados; se han distribuido miles de despensas y litros de agua.<\/p>\n<p>&nbsp;<\/p>\n<p>&nbsp;<\/p>\n<p>De igual forma, durante la conferencia presidencial, el secretario de Marina, Raymundo Morales, explic\u00f3 que han desplegado a tres mil 300 integrantes de la Marina y se han utilizado lanchas, buques, helic\u00f3pteros y drones.<\/p>\n<p>&nbsp;<\/p>\n<p>&nbsp;<\/p>\n<p>Por su parte, la titular de la Comisi\u00f3n Federal de Electricidad, Emilia Calleja, inform\u00f3 que hasta las seis de la ma\u00f1ana se hab\u00eda restablecido el 84.07 por ciento del servicio en las zonas afectadas. Mencion\u00f3 que a las 24 horas se restableci\u00f3 el 35 por ciento y se super\u00f3 el 80 por ciento a las 56 horas, y se sigue trabajando para restablecerlo en su totalidad.<\/p>\n<p>&nbsp;<\/p>\n<p>&nbsp;<\/p>\n<p>&nbsp;<\/p>\n<p>A su vez, el secretario de Infraestructura, Comunicaciones y Transportes, Jes\u00fas Esteva, dijo que de las 132 carreteras federales afectadas ya se ha restablecido el tr\u00e1nsito en 130 de ellas, destacando que hubo 600 kil\u00f3metros afectados.<\/p>\n<p>&nbsp;<\/p>\n<p>&nbsp;<\/p>\n<p>&nbsp;<\/p>\n<p>Finalmente, el secretario de Salud, David Kershenobich, se\u00f1al\u00f3 que se tienen 161 brigadas de salud distribuidas con personal de las instituciones federales y estatales, con mil 188 integrantes<\/p>\n<p>&nbsp;<\/p>\n<p>&nbsp;<\/p>\n<p>PUBLICADO EL 11 DE OCTUBRE DE 2025 Con informaci\u00f3n de Conferencia matutina presidencial)<\/p>\n","protected":false},"excerpt":{"rendered":"<p>CIUDAD DE M\u00c9XICO.MX. \u2014 \u00a0La Secretar\u00eda de la Defensa Nacional reforz\u00f3 hoy el personal desplegado&#8230;<\/p>\n","protected":false},"author":1,"featured_media":226164,"comment_status":"open","ping_status":"open","sticky":false,"template":"","format":"standard","meta":{"_monsterinsights_skip_tracking":false,"_monsterinsights_sitenote_active":false,"_monsterinsights_sitenote_note":"","_monsterinsights_sitenote_category":0,"footnotes":""},"categories":[5],"tags":[],"class_list":["post"],"yoast_head":" \n<title>Sonora en Equipo. Suman 10 mil elementos de Fuerzas Armadas en zonas afectadas por lluvias para atender a la poblaci\u00f3n Rep\u00fablica<\/title>\n<meta name=\"description\" content=\"CIUDAD DE M\u00c9XICO.MX. \u2014 \u00a0La Secretar\u00eda de la Defensa Nacional reforz\u00f3 hoy el personal desplegado en los municipios de Poza Rica y \u00c1lamo con la llegada de En Sonora en Equipo publicamos toda la informaci\u00f3n de Sonora, M\u00e9xico y el Mundo de manera oportuna y busca que la libertad de expresi\u00f3n sea real. Visita nuestro medio informativo publicado desde Hermosillo, Sonora. %\" \/>\n<meta name=\"robots\" content=\"index, follow, max-snippet:-1, max-image-preview:large, max-video-preview:-1\" \/>\n<link rel=\"canonical\" href=\"https:\/\/www.sonoraenequipo.com.mx\/suman-10-mil-elementos-de-fuerzas-armadas-en-zonas-afectadas-por-lluvias-para-atender-a-la-poblacion\/\" \/>\n<meta property=\"og:locale\" content=\"es_ES\" \/>\n<meta property=\"og:type\" content=\"article\" \/>\n<meta property=\"og:title\" content=\"Sonora en Equipo. Suman 10 mil elementos de Fuerzas Armadas en zonas afectadas por lluvias para atender a la poblaci\u00f3n Rep\u00fablica\" \/>\n<meta property=\"og:description\" content=\"CIUDAD DE M\u00c9XICO.MX. \u2014 \u00a0La Secretar\u00eda de la Defensa Nacional reforz\u00f3 hoy el personal desplegado en los municipios de Poza Rica y \u00c1lamo con la llegada de En Sonora en Equipo publicamos toda la informaci\u00f3n de Sonora, M\u00e9xico y el Mundo de manera oportuna y busca que la libertad de expresi\u00f3n sea real. Visita nuestro medio informativo publicado desde Hermosillo, Sonora. %\" \/>\n<meta property=\"og:url\" content=\"https:\/\/www.sonoraenequipo.com.mx\/suman-10-mil-elementos-de-fuerzas-armadas-en-zonas-afectadas-por-lluvias-para-atender-a-la-poblacion\/\" \/>\n<meta property=\"og:site_name\" content=\"Sonora en Equipo.\" \/>\n<meta property=\"article:publisher\" content=\"https:\/\/www.facebook.com\/SonoraEE\/\" \/>\n<meta property=\"article:author\" content=\"https:\/\/www.facebook.com\/SonoraEE\" \/>\n<meta property=\"article:published_time\" content=\"2025-10-13T16:00:46+00:00\" \/>\n<meta property=\"article:modified_time\" content=\"2025-10-13T20:06:02+00:00\" \/>\n<meta property=\"og:image\" content=\"https:\/\/www.sonoraenequipo.com.mx\/storage\/2025\/10\/plan-DNIII.-min.jpg\" \/>\n\t<meta property=\"og:image:width\" content=\"1000\" \/>\n\t<meta property=\"og:image:height\" content=\"641\" \/>\n\t<meta property=\"og:image:type\" content=\"image\/jpeg\" \/>\n<meta name=\"author\" content=\"enequipo\" \/>\n<meta name=\"twitter:card\" content=\"summary_large_image\" \/>\n<meta name=\"twitter:creator\" content=\"@sonoraenequipo\" \/>\n<meta name=\"twitter:site\" content=\"@sonoraenequipo\" \/>\n<meta name=\"twitter:label1\" content=\"Escrito por\" \/>\n\t<meta name=\"twitter:data1\" content=\"enequipo\" \/>\n\t<meta name=\"twitter:label2\" content=\"Tiempo de lectura\" \/>\n\t<meta name=\"twitter:data2\" content=\"2 minutos\" \/>\n<script type=\"application\/ld+json\" class=\"yoast-schema-graph\">{\"@context\":\"https:\/\/schema.org\",\"@graph\":[{\"@type\":\"Article\",\"@id\":\"https:\/\/www.sonoraenequipo.com.mx\/suman-10-mil-elementos-de-fuerzas-armadas-en-zonas-afectadas-por-lluvias-para-atender-a-la-poblacion\/#article\",\"isPartOf\":{\"@id\":\"https:\/\/www.sonoraenequipo.com.mx\/suman-10-mil-elementos-de-fuerzas-armadas-en-zonas-afectadas-por-lluvias-para-atender-a-la-poblacion\/\"},\"author\":{\"name\":\"enequipo\",\"@id\":\"https:\/\/www.sonoraenequipo.com.mx\/#\/schema\/person\/50102df0fb23a8fa9e8effad8fa81386\"},\"headline\":\"Suman 10 mil elementos de Fuerzas Armadas en zonas afectadas por lluvias para atender a la poblaci\u00f3n\",\"datePublished\":\"2025-10-13T16:00:46+00:00\",\"dateModified\":\"2025-10-13T20:06:02+00:00\",\"mainEntityOfPage\":{\"@id\":\"https:\/\/www.sonoraenequipo.com.mx\/suman-10-mil-elementos-de-fuerzas-armadas-en-zonas-afectadas-por-lluvias-para-atender-a-la-poblacion\/\"},\"wordCount\":333,\"commentCount\":0,\"publisher\":{\"@id\":\"https:\/\/www.sonoraenequipo.com.mx\/#organization\"},\"image\":{\"@id\":\"https:\/\/www.sonoraenequipo.com.mx\/suman-10-mil-elementos-de-fuerzas-armadas-en-zonas-afectadas-por-lluvias-para-atender-a-la-poblacion\/#primaryimage\"},\"thumbnailUrl\":\"https:\/\/www.sonoraenequipo.com.mx\/storage\/2025\/10\/plan-DNIII.-min.jpg\",\"articleSection\":[\"Rep\u00fablica\"],\"inLanguage\":\"es\",\"potentialAction\":[{\"@type\":\"CommentAction\",\"name\":\"Comment\",\"target\":[\"https:\/\/www.sonoraenequipo.com.mx\/suman-10-mil-elementos-de-fuerzas-armadas-en-zonas-afectadas-por-lluvias-para-atender-a-la-poblacion\/#respond\"]}]},{\"@type\":\"WebPage\",\"@id\":\"https:\/\/www.sonoraenequipo.com.mx\/suman-10-mil-elementos-de-fuerzas-armadas-en-zonas-afectadas-por-lluvias-para-atender-a-la-poblacion\/\",\"url\":\"https:\/\/www.sonoraenequipo.com.mx\/suman-10-mil-elementos-de-fuerzas-armadas-en-zonas-afectadas-por-lluvias-para-atender-a-la-poblacion\/\",\"name\":\"Sonora en Equipo. Suman 10 mil elementos de Fuerzas Armadas en zonas afectadas por lluvias para atender a la poblaci\u00f3n Rep\u00fablica\",\"isPartOf\":{\"@id\":\"https:\/\/www.sonoraenequipo.com.mx\/#website\"},\"primaryImageOfPage\":{\"@id\":\"https:\/\/www.sonoraenequipo.com.mx\/suman-10-mil-elementos-de-fuerzas-armadas-en-zonas-afectadas-por-lluvias-para-atender-a-la-poblacion\/#primaryimage\"},\"image\":{\"@id\":\"https:\/\/www.sonoraenequipo.com.mx\/suman-10-mil-elementos-de-fuerzas-armadas-en-zonas-afectadas-por-lluvias-para-atender-a-la-poblacion\/#primaryimage\"},\"thumbnailUrl\":\"https:\/\/www.sonoraenequipo.com.mx\/storage\/2025\/10\/plan-DNIII.-min.jpg\",\"datePublished\":\"2025-10-13T16:00:46+00:00\",\"dateModified\":\"2025-10-13T20:06:02+00:00\",\"description\":\"CIUDAD DE M\u00c9XICO.MX. \u2014 \u00a0La Secretar\u00eda de la Defensa Nacional reforz\u00f3 hoy el personal desplegado en los municipios de Poza Rica y \u00c1lamo con la llegada de En Sonora en Equipo publicamos toda la informaci\u00f3n de Sonora, M\u00e9xico y el Mundo de manera oportuna y busca que la libertad de expresi\u00f3n sea real. Visita nuestro medio informativo publicado desde Hermosillo, Sonora. %\",\"breadcrumb\":{\"@id\":\"https:\/\/www.sonoraenequipo.com.mx\/suman-10-mil-elementos-de-fuerzas-armadas-en-zonas-afectadas-por-lluvias-para-atender-a-la-poblacion\/#breadcrumb\"},\"inLanguage\":\"es\",\"potentialAction\":[{\"@type\":\"ReadAction\",\"target\":[\"https:\/\/www.sonoraenequipo.com.mx\/suman-10-mil-elementos-de-fuerzas-armadas-en-zonas-afectadas-por-lluvias-para-atender-a-la-poblacion\/\"]}]},{\"@type\":\"ImageObject\",\"inLanguage\":\"es\",\"@id\":\"https:\/\/www.sonoraenequipo.com.mx\/suman-10-mil-elementos-de-fuerzas-armadas-en-zonas-afectadas-por-lluvias-para-atender-a-la-poblacion\/#primaryimage\",\"url\":\"https:\/\/www.sonoraenequipo.com.mx\/storage\/2025\/10\/plan-DNIII.-min.jpg\",\"contentUrl\":\"https:\/\/www.sonoraenequipo.com.mx\/storage\/2025\/10\/plan-DNIII.-min.jpg\",\"width\":1000,\"height\":641},{\"@type\":\"BreadcrumbList\",\"@id\":\"https:\/\/www.sonoraenequipo.com.mx\/suman-10-mil-elementos-de-fuerzas-armadas-en-zonas-afectadas-por-lluvias-para-atender-a-la-poblacion\/#breadcrumb\",\"itemListElement\":[{\"@type\":\"ListItem\",\"position\":1,\"name\":\"Portada\",\"item\":\"https:\/\/www.sonoraenequipo.com.mx\/\"},{\"@type\":\"ListItem\",\"position\":2,\"name\":\"Suman 10 mil elementos de Fuerzas Armadas en zonas afectadas por lluvias para atender a la poblaci\u00f3n\"}]},{\"@type\":\"WebSite\",\"@id\":\"https:\/\/www.sonoraenequipo.com.mx\/#website\",\"url\":\"https:\/\/www.sonoraenequipo.com.mx\/\",\"name\":\"Sonora en Equipo.\",\"description\":\"Diario en l\u00ednea con Noticias desde Hermosillo, Sonora\",\"publisher\":{\"@id\":\"https:\/\/www.sonoraenequipo.com.mx\/#organization\"},\"potentialAction\":[{\"@type\":\"SearchAction\",\"target\":{\"@type\":\"EntryPoint\",\"urlTemplate\":\"https:\/\/www.sonoraenequipo.com.mx\/?s={search_term_string}\"},\"query-input\":{\"@type\":\"PropertyValueSpecification\",\"valueRequired\":true,\"valueName\":\"search_term_string\"}}],\"inLanguage\":\"es\"},{\"@type\":\"Organization\",\"@id\":\"https:\/\/www.sonoraenequipo.com.mx\/#organization\",\"name\":\"Sonoraenequipo.com.mx\",\"url\":\"https:\/\/www.sonoraenequipo.com.mx\/\",\"logo\":{\"@type\":\"ImageObject\",\"inLanguage\":\"es\",\"@id\":\"https:\/\/www.sonoraenequipo.com.mx\/#\/schema\/logo\/image\/\",\"url\":\"https:\/\/www.sonoraenequipo.com.mx\/storage\/2019\/01\/sonoraenequipo_opt.png\",\"contentUrl\":\"https:\/\/www.sonoraenequipo.com.mx\/storage\/2019\/01\/sonoraenequipo_opt.png\",\"width\":375,\"height\":125,\"caption\":\"Sonoraenequipo.com.mx\"},\"image\":{\"@id\":\"https:\/\/www.sonoraenequipo.com.mx\/#\/schema\/logo\/image\/\"},\"sameAs\":[\"https:\/\/www.facebook.com\/SonoraEE\/\",\"https:\/\/x.com\/sonoraenequipo\",\"https:\/\/www.youtube.com\/channel\/UC338nW-lPEYmJQs4ZABQ1SQ\"]},{\"@type\":\"Person\",\"@id\":\"https:\/\/www.sonoraenequipo.com.mx\/#\/schema\/person\/50102df0fb23a8fa9e8effad8fa81386\",\"name\":\"enequipo\",\"image\":{\"@type\":\"ImageObject\",\"inLanguage\":\"es\",\"@id\":\"https:\/\/www.sonoraenequipo.com.mx\/#\/schema\/person\/image\/\",\"url\":\"https:\/\/secure.gravatar.com\/avatar\/049821681b589dabc0bc20695993ccebb09f5b5d4d790cd9251b97faac7c652b?s=96&d=blank&r=g\",\"contentUrl\":\"https:\/\/secure.gravatar.com\/avatar\/049821681b589dabc0bc20695993ccebb09f5b5d4d790cd9251b97faac7c652b?s=96&d=blank&r=g\",\"caption\":\"enequipo\"},\"sameAs\":[\"https:\/\/www.facebook.com\/SonoraEE\"]}]}<\/script>\n ","yoast_head_json":{"title":"Sonora en Equipo. Suman 10 mil elementos de Fuerzas Armadas en zonas afectadas por lluvias para atender a la poblaci\u00f3n Rep\u00fablica","description":"CIUDAD DE M\u00c9XICO.MX. \u2014 \u00a0La Secretar\u00eda de la Defensa Nacional reforz\u00f3 hoy el personal desplegado en los municipios de Poza Rica y \u00c1lamo con la llegada de En Sonora en Equipo publicamos toda la informaci\u00f3n de Sonora, M\u00e9xico y el Mundo de manera oportuna y busca que la libertad de expresi\u00f3n sea real. Visita nuestro medio informativo publicado desde Hermosillo, Sonora. %","robots":{"index":"index","follow":"follow","max-snippet":"max-snippet:-1","max-image-preview":"max-image-preview:large","max-video-preview":"max-video-preview:-1"},"canonical":"https:\/\/www.sonoraenequipo.com.mx\/suman-10-mil-elementos-de-fuerzas-armadas-en-zonas-afectadas-por-lluvias-para-atender-a-la-poblacion\/","og_locale":"es_ES","og_type":"article","og_title":"Sonora en Equipo. Suman 10 mil elementos de Fuerzas Armadas en zonas afectadas por lluvias para atender a la poblaci\u00f3n Rep\u00fablica","og_description":"CIUDAD DE M\u00c9XICO.MX. \u2014 \u00a0La Secretar\u00eda de la Defensa Nacional reforz\u00f3 hoy el personal desplegado en los municipios de Poza Rica y \u00c1lamo con la llegada de En Sonora en Equipo publicamos toda la informaci\u00f3n de Sonora, M\u00e9xico y el Mundo de manera oportuna y busca que la libertad de expresi\u00f3n sea real. Visita nuestro medio informativo publicado desde Hermosillo, Sonora. %","og_url":"https:\/\/www.sonoraenequipo.com.mx\/suman-10-mil-elementos-de-fuerzas-armadas-en-zonas-afectadas-por-lluvias-para-atender-a-la-poblacion\/","og_site_name":"Sonora en Equipo.","article_publisher":"https:\/\/www.facebook.com\/SonoraEE\/","article_author":"https:\/\/www.facebook.com\/SonoraEE","article_published_time":"2025-10-13T16:00:46+00:00","article_modified_time":"2025-10-13T20:06:02+00:00","og_image":[{"width":1000,"height":641,"url":"https:\/\/www.sonoraenequipo.com.mx\/storage\/2025\/10\/plan-DNIII.-min.jpg","type":"image\/jpeg"}],"author":"enequipo","twitter_card":"summary_large_image","twitter_creator":"@sonoraenequipo","twitter_site":"@sonoraenequipo","twitter_misc":{"Escrito por":"enequipo","Tiempo de lectura":"2 minutos"},"schema":{"@context":"https:\/\/schema.org","@graph":[{"@type":"Article","@id":"https:\/\/www.sonoraenequipo.com.mx\/suman-10-mil-elementos-de-fuerzas-armadas-en-zonas-afectadas-por-lluvias-para-atender-a-la-poblacion\/#article","isPartOf":{"@id":"https:\/\/www.sonoraenequipo.com.mx\/suman-10-mil-elementos-de-fuerzas-armadas-en-zonas-afectadas-por-lluvias-para-atender-a-la-poblacion\/"},"author":{"name":"enequipo","@id":"https:\/\/www.sonoraenequipo.com.mx\/#\/schema\/person\/50102df0fb23a8fa9e8effad8fa81386"},"headline":"Suman 10 mil elementos de Fuerzas Armadas en zonas afectadas por lluvias para atender a la poblaci\u00f3n","datePublished":"2025-10-13T16:00:46+00:00","dateModified":"2025-10-13T20:06:02+00:00","mainEntityOfPage":{"@id":"https:\/\/www.sonoraenequipo.com.mx\/suman-10-mil-elementos-de-fuerzas-armadas-en-zonas-afectadas-por-lluvias-para-atender-a-la-poblacion\/"},"wordCount":333,"commentCount":0,"publisher":{"@id":"https:\/\/www.sonoraenequipo.com.mx\/#organization"},"image":{"@id":"https:\/\/www.sonoraenequipo.com.mx\/suman-10-mil-elementos-de-fuerzas-armadas-en-zonas-afectadas-por-lluvias-para-atender-a-la-poblacion\/#primaryimage"},"thumbnailUrl":"https:\/\/www.sonoraenequipo.com.mx\/storage\/2025\/10\/plan-DNIII.-min.jpg","articleSection":["Rep\u00fablica"],"inLanguage":"es","potentialAction":[{"@type":"CommentAction","name":"Comment","target":["https:\/\/www.sonoraenequipo.com.mx\/suman-10-mil-elementos-de-fuerzas-armadas-en-zonas-afectadas-por-lluvias-para-atender-a-la-poblacion\/#respond"]}]},{"@type":"WebPage","@id":"https:\/\/www.sonoraenequipo.com.mx\/suman-10-mil-elementos-de-fuerzas-armadas-en-zonas-afectadas-por-lluvias-para-atender-a-la-poblacion\/","url":"https:\/\/www.sonoraenequipo.com.mx\/suman-10-mil-elementos-de-fuerzas-armadas-en-zonas-afectadas-por-lluvias-para-atender-a-la-poblacion\/","name":"Sonora en Equipo. Suman 10 mil elementos de Fuerzas Armadas en zonas afectadas por lluvias para atender a la poblaci\u00f3n Rep\u00fablica","isPartOf":{"@id":"https:\/\/www.sonoraenequipo.com.mx\/#website"},"primaryImageOfPage":{"@id":"https:\/\/www.sonoraenequipo.com.mx\/suman-10-mil-elementos-de-fuerzas-armadas-en-zonas-afectadas-por-lluvias-para-atender-a-la-poblacion\/#primaryimage"},"image":{"@id":"https:\/\/www.sonoraenequipo.com.mx\/suman-10-mil-elementos-de-fuerzas-armadas-en-zonas-afectadas-por-lluvias-para-atender-a-la-poblacion\/#primaryimage"},"thumbnailUrl":"https:\/\/www.sonoraenequipo.com.mx\/storage\/2025\/10\/plan-DNIII.-min.jpg","datePublished":"2025-10-13T16:00:46+00:00","dateModified":"2025-10-13T20:06:02+00:00","description":"CIUDAD DE M\u00c9XICO.MX. \u2014 \u00a0La Secretar\u00eda de la Defensa Nacional reforz\u00f3 hoy el personal desplegado en los municipios de Poza Rica y \u00c1lamo con la llegada de En Sonora en Equipo publicamos toda la informaci\u00f3n de Sonora, M\u00e9xico y el Mundo de manera oportuna y busca que la libertad de expresi\u00f3n sea real. Visita nuestro medio informativo publicado desde Hermosillo, Sonora. %","breadcrumb":{"@id":"https:\/\/www.sonoraenequipo.com.mx\/suman-10-mil-elementos-de-fuerzas-armadas-en-zonas-afectadas-por-lluvias-para-atender-a-la-poblacion\/#breadcrumb"},"inLanguage":"es","potentialAction":[{"@type":"ReadAction","target":["https:\/\/www.sonoraenequipo.com.mx\/suman-10-mil-elementos-de-fuerzas-armadas-en-zonas-afectadas-por-lluvias-para-atender-a-la-poblacion\/"]}]},{"@type":"ImageObject","inLanguage":"es","@id":"https:\/\/www.sonoraenequipo.com.mx\/suman-10-mil-elementos-de-fuerzas-armadas-en-zonas-afectadas-por-lluvias-para-atender-a-la-poblacion\/#primaryimage","url":"https:\/\/www.sonoraenequipo.com.mx\/storage\/2025\/10\/plan-DNIII.-min.jpg","contentUrl":"https:\/\/www.sonoraenequipo.com.mx\/storage\/2025\/10\/plan-DNIII.-min.jpg","width":1000,"height":641},{"@type":"BreadcrumbList","@id":"https:\/\/www.sonoraenequipo.com.mx\/suman-10-mil-elementos-de-fuerzas-armadas-en-zonas-afectadas-por-lluvias-para-atender-a-la-poblacion\/#breadcrumb","itemListElement":[{"@type":"ListItem","position":1,"name":"Portada","item":"https:\/\/www.sonoraenequipo.com.mx\/"},{"@type":"ListItem","position":2,"name":"Suman 10 mil elementos de Fuerzas Armadas en zonas afectadas por lluvias para atender a la poblaci\u00f3n"}]},{"@type":"WebSite","@id":"https:\/\/www.sonoraenequipo.com.mx\/#website","url":"https:\/\/www.sonoraenequipo.com.mx\/","name":"Sonora en Equipo.","description":"Diario en l\u00ednea con Noticias desde Hermosillo, Sonora","publisher":{"@id":"https:\/\/www.sonoraenequipo.com.mx\/#organization"},"potentialAction":[{"@type":"SearchAction","target":{"@type":"EntryPoint","urlTemplate":"https:\/\/www.sonoraenequipo.com.mx\/?s={search_term_string}"},"query-input":{"@type":"PropertyValueSpecification","valueRequired":true,"valueName":"search_term_string"}}],"inLanguage":"es"},{"@type":"Organization","@id":"https:\/\/www.sonoraenequipo.com.mx\/#organization","name":"Sonoraenequipo.com.mx","url":"https:\/\/www.sonoraenequipo.com.mx\/","logo":{"@type":"ImageObject","inLanguage":"es","@id":"https:\/\/www.sonoraenequipo.com.mx\/#\/schema\/logo\/image\/","url":"https:\/\/www.sonoraenequipo.com.mx\/storage\/2019\/01\/sonoraenequipo_opt.png","contentUrl":"https:\/\/www.sonoraenequipo.com.mx\/storage\/2019\/01\/sonoraenequipo_opt.png","width":375,"height":125,"caption":"Sonoraenequipo.com.mx"},"image":{"@id":"https:\/\/www.sonoraenequipo.com.mx\/#\/schema\/logo\/image\/"},"sameAs":["https:\/\/www.facebook.com\/SonoraEE\/","https:\/\/x.com\/sonoraenequipo","https:\/\/www.youtube.com\/channel\/UC338nW-lPEYmJQs4ZABQ1SQ"]},{"@type":"Person","@id":"https:\/\/www.sonoraenequipo.com.mx\/#\/schema\/person\/50102df0fb23a8fa9e8effad8fa81386","name":"enequipo","image":{"@type":"ImageObject","inLanguage":"es","@id":"https:\/\/www.sonoraenequipo.com.mx\/#\/schema\/person\/image\/","url":"https:\/\/secure.gravatar.com\/avatar\/049821681b589dabc0bc20695993ccebb09f5b5d4d790cd9251b97faac7c652b?s=96&d=blank&r=g","contentUrl":"https:\/\/secure.gravatar.com\/avatar\/049821681b589dabc0bc20695993ccebb09f5b5d4d790cd9251b97faac7c652b?s=96&d=blank&r=g","caption":"enequipo"},"sameAs":["https:\/\/www.facebook.com\/SonoraEE"]}]}},"jetpack_featured_media_url":"https:\/\/www.sonoraenequipo.com.mx\/storage\/2025\/10\/plan-DNIII.-min.jpg","_links":{"self":[{"href":"https:\/\/www.sonoraenequipo.com.mx\/api\/wp\/v2\/posts\/226166","targetHints":{"allow":["GET"]}}],"collection":[{"href":"https:\/\/www.sonoraenequipo.com.mx\/api\/wp\/v2\/posts"}],"about":[{"href":"https:\/\/www.sonoraenequipo.com.mx\/api\/wp\/v2\/types\/post"}],"author":[{"embeddable":true,"href":"https:\/\/www.sonoraenequipo.com.mx\/api\/wp\/v2\/users\/1"}],"replies":[{"embeddable":true,"href":"https:\/\/www.sonoraenequipo.com.mx\/api\/wp\/v2\/comments?post=226166"}],"version-history":[{"count":1,"href":"https:\/\/www.sonoraenequipo.com.mx\/api\/wp\/v2\/posts\/226166\/revisions"}],"predecessor-version":[{"id":226169,"href":"https:\/\/www.sonoraenequipo.com.mx\/api\/wp\/v2\/posts\/226166\/revisions\/226169"}],"wp:featuredmedia":[{"embeddable":true,"href":"https:\/\/www.sonoraenequipo.com.mx\/api\/wp\/v2\/media\/226164"}],"wp:attachment":[{"href":"https:\/\/www.sonoraenequipo.com.mx\/api\/wp\/v2\/media?parent=226166"}],"wp:term":[{"taxonomy":"category","embeddable":true,"href":"https:\/\/www.sonoraenequipo.com.mx\/api\/wp\/v2\/categories?post=226166"},{"taxonomy":"post_tag","embeddable":true,"href":"https:\/\/www.sonoraenequipo.com.mx\/api\/wp\/v2\/tags?post=226166"}],"curies":[{"name":"wp","href":"https:\/\/api.w.org\/{rel}","templated":true}]}}