{"id":226175,"date":"2025-10-13T15:44:10","date_gmt":"2025-10-13T22:44:10","guid":{"rendered":"https:\/\/www.sonoraenequipo.com.mx\/?p=226175"},"modified":"2025-10-13T15:44:10","modified_gmt":"2025-10-13T22:44:10","slug":"amic-localiza-con-vida-a-dos-menores-es-reportadas-como-desaparecidas-en-hermosillo","status":"publish","type":"post","link":"https:\/\/www.sonoraenequipo.com.mx\/amic-localiza-con-vida-a-dos-menores-es-reportadas-como-desaparecidas-en-hermosillo\/","title":{"rendered":"AMIC localiza con vida a dos menores es reportadas como desaparecidas en Hermosillo"},"content":{"rendered":"<p><strong>HERMOSILLO, SONORA, MX.<\/strong> \u2014 Como resultado de las acciones inmediatas de b\u00fasqueda emprendidas por la Agencia Ministerial de Investigaci\u00f3n Criminal (AMIC) y el trabajo coordinado con la Unidad Especializada en Personas Desaparecidas, fueron localizadas sanas y a salvo las hermanas Damaris Paola \u201cN\u201d, de 15 a\u00f1os, y G\u00e9nesis Alejandra \u201cN\u201d, de 14 a\u00f1os, quienes contaban con denuncia interpuesta el mismo d\u00eda de su localizaci\u00f3n.<\/p>\n<p>&nbsp;<\/p>\n<p>A partir de los primeros reportes, agentes investigadores implementaron entrevistas y recorridos en diversos puntos de la ciudad, logrando establecer contacto con amistades cercanas de las adolescentes, quienes aportaron informaci\u00f3n clave para ubicarlas.<\/p>\n<p>&nbsp;<\/p>\n<p>Con base en lo anterior la madre de las j\u00f3venes inform\u00f3 a las autoridades que ambas regresaron por su cuenta a su hogar, manifestando que hab\u00edan salido sin permiso a una fiesta y pernoctado en casa de un conocido, sin posibilidad de comunicarse por falta de bater\u00eda en sus tel\u00e9fonos.<\/p>\n<p>&nbsp;<\/p>\n<p>Las menores se encuentran en buen estado f\u00edsico y de salud, confirm\u00e1ndose que no fueron v\u00edctimas de delito alguno, situaci\u00f3n que fue corroborada por su madre.<\/p>\n<p>&nbsp;<\/p>\n<p>La Fiscal\u00eda General de Justicia del Estado de Sonora (FGJES) reafirma su compromiso de actuar con prontitud, profesionalismo y sensibilidad ante todo reporte de desaparici\u00f3n, fortaleciendo las labores de b\u00fasqueda, localizaci\u00f3n y protecci\u00f3n de ni\u00f1as, ni\u00f1os y adolescentes.<\/p>\n<p><strong>Fecha de publicaci\u00f3n lunes 13 de octubre de 2025<\/strong><\/p>\n","protected":false},"excerpt":{"rendered":"<p>HERMOSILLO, SONORA, MX. \u2014 Como resultado de las acciones inmediatas de b\u00fasqueda emprendidas por la&#8230;<\/p>\n","protected":false},"author":1,"featured_media":226176,"comment_status":"open","ping_status":"open","sticky":false,"template":"","format":"standard","meta":{"_monsterinsights_skip_tracking":false,"_monsterinsights_sitenote_active":false,"_monsterinsights_sitenote_note":"","_monsterinsights_sitenote_category":0,"footnotes":""},"categories":[3144],"tags":[11914],"class_list":["post"],"yoast_head":" \n<title>Sonora en Equipo. AMIC localiza con vida a dos menores es reportadas como desaparecidas en Hermosillo Polic\u00edaca<\/title>\n<meta name=\"description\" content=\"HERMOSILLO, SONORA, MX. \u2014 Como resultado de las acciones inmediatas de b\u00fasqueda emprendidas por la Agencia Ministerial de Investigaci\u00f3n Criminal (AMIC) y En Sonora en Equipo publicamos toda la informaci\u00f3n de Sonora, M\u00e9xico y el Mundo de manera oportuna y busca que la libertad de expresi\u00f3n sea real. Visita nuestro medio informativo publicado desde Hermosillo, Sonora. %\" \/>\n<meta name=\"robots\" content=\"index, follow, max-snippet:-1, max-image-preview:large, max-video-preview:-1\" \/>\n<link rel=\"canonical\" href=\"https:\/\/www.sonoraenequipo.com.mx\/amic-localiza-con-vida-a-dos-menores-es-reportadas-como-desaparecidas-en-hermosillo\/\" \/>\n<meta property=\"og:locale\" content=\"es_ES\" \/>\n<meta property=\"og:type\" content=\"article\" \/>\n<meta property=\"og:title\" content=\"Sonora en Equipo. AMIC localiza con vida a dos menores es reportadas como desaparecidas en Hermosillo Polic\u00edaca\" \/>\n<meta property=\"og:description\" content=\"HERMOSILLO, SONORA, MX. \u2014 Como resultado de las acciones inmediatas de b\u00fasqueda emprendidas por la Agencia Ministerial de Investigaci\u00f3n Criminal (AMIC) y En Sonora en Equipo publicamos toda la informaci\u00f3n de Sonora, M\u00e9xico y el Mundo de manera oportuna y busca que la libertad de expresi\u00f3n sea real. Visita nuestro medio informativo publicado desde Hermosillo, Sonora. %\" \/>\n<meta property=\"og:url\" content=\"https:\/\/www.sonoraenequipo.com.mx\/amic-localiza-con-vida-a-dos-menores-es-reportadas-como-desaparecidas-en-hermosillo\/\" \/>\n<meta property=\"og:site_name\" content=\"Sonora en Equipo.\" \/>\n<meta property=\"article:publisher\" content=\"https:\/\/www.facebook.com\/SonoraEE\/\" \/>\n<meta property=\"article:author\" content=\"https:\/\/www.facebook.com\/SonoraEE\" \/>\n<meta property=\"article:published_time\" content=\"2025-10-13T22:44:10+00:00\" \/>\n<meta property=\"og:image\" content=\"https:\/\/www.sonoraenequipo.com.mx\/storage\/2025\/10\/menores-localizadas.jpg\" \/>\n\t<meta property=\"og:image:width\" content=\"600\" \/>\n\t<meta property=\"og:image:height\" content=\"400\" \/>\n\t<meta property=\"og:image:type\" content=\"image\/jpeg\" \/>\n<meta name=\"author\" content=\"enequipo\" \/>\n<meta name=\"twitter:card\" content=\"summary_large_image\" \/>\n<meta name=\"twitter:creator\" content=\"@sonoraenequipo\" \/>\n<meta name=\"twitter:site\" content=\"@sonoraenequipo\" \/>\n<meta name=\"twitter:label1\" content=\"Escrito por\" \/>\n\t<meta name=\"twitter:data1\" content=\"enequipo\" \/>\n\t<meta name=\"twitter:label2\" content=\"Tiempo de lectura\" \/>\n\t<meta name=\"twitter:data2\" content=\"1 minuto\" \/>\n<script type=\"application\/ld+json\" class=\"yoast-schema-graph\">{\"@context\":\"https:\/\/schema.org\",\"@graph\":[{\"@type\":\"Article\",\"@id\":\"https:\/\/www.sonoraenequipo.com.mx\/amic-localiza-con-vida-a-dos-menores-es-reportadas-como-desaparecidas-en-hermosillo\/#article\",\"isPartOf\":{\"@id\":\"https:\/\/www.sonoraenequipo.com.mx\/amic-localiza-con-vida-a-dos-menores-es-reportadas-como-desaparecidas-en-hermosillo\/\"},\"author\":{\"name\":\"enequipo\",\"@id\":\"https:\/\/www.sonoraenequipo.com.mx\/#\/schema\/person\/50102df0fb23a8fa9e8effad8fa81386\"},\"headline\":\"AMIC localiza con vida a dos menores es reportadas como desaparecidas en Hermosillo\",\"datePublished\":\"2025-10-13T22:44:10+00:00\",\"mainEntityOfPage\":{\"@id\":\"https:\/\/www.sonoraenequipo.com.mx\/amic-localiza-con-vida-a-dos-menores-es-reportadas-como-desaparecidas-en-hermosillo\/\"},\"wordCount\":256,\"commentCount\":0,\"publisher\":{\"@id\":\"https:\/\/www.sonoraenequipo.com.mx\/#organization\"},\"image\":{\"@id\":\"https:\/\/www.sonoraenequipo.com.mx\/amic-localiza-con-vida-a-dos-menores-es-reportadas-como-desaparecidas-en-hermosillo\/#primaryimage\"},\"thumbnailUrl\":\"https:\/\/www.sonoraenequipo.com.mx\/storage\/2025\/10\/menores-localizadas.jpg\",\"keywords\":[\"menores desaparecidas\"],\"articleSection\":[\"Polic\u00edaca\"],\"inLanguage\":\"es\",\"potentialAction\":[{\"@type\":\"CommentAction\",\"name\":\"Comment\",\"target\":[\"https:\/\/www.sonoraenequipo.com.mx\/amic-localiza-con-vida-a-dos-menores-es-reportadas-como-desaparecidas-en-hermosillo\/#respond\"]}]},{\"@type\":\"WebPage\",\"@id\":\"https:\/\/www.sonoraenequipo.com.mx\/amic-localiza-con-vida-a-dos-menores-es-reportadas-como-desaparecidas-en-hermosillo\/\",\"url\":\"https:\/\/www.sonoraenequipo.com.mx\/amic-localiza-con-vida-a-dos-menores-es-reportadas-como-desaparecidas-en-hermosillo\/\",\"name\":\"Sonora en Equipo. AMIC localiza con vida a dos menores es reportadas como desaparecidas en Hermosillo Polic\u00edaca\",\"isPartOf\":{\"@id\":\"https:\/\/www.sonoraenequipo.com.mx\/#website\"},\"primaryImageOfPage\":{\"@id\":\"https:\/\/www.sonoraenequipo.com.mx\/amic-localiza-con-vida-a-dos-menores-es-reportadas-como-desaparecidas-en-hermosillo\/#primaryimage\"},\"image\":{\"@id\":\"https:\/\/www.sonoraenequipo.com.mx\/amic-localiza-con-vida-a-dos-menores-es-reportadas-como-desaparecidas-en-hermosillo\/#primaryimage\"},\"thumbnailUrl\":\"https:\/\/www.sonoraenequipo.com.mx\/storage\/2025\/10\/menores-localizadas.jpg\",\"datePublished\":\"2025-10-13T22:44:10+00:00\",\"description\":\"HERMOSILLO, SONORA, MX. \u2014 Como resultado de las acciones inmediatas de b\u00fasqueda emprendidas por la Agencia Ministerial de Investigaci\u00f3n Criminal (AMIC) y En Sonora en Equipo publicamos toda la informaci\u00f3n de Sonora, M\u00e9xico y el Mundo de manera oportuna y busca que la libertad de expresi\u00f3n sea real. Visita nuestro medio informativo publicado desde Hermosillo, Sonora. %\",\"breadcrumb\":{\"@id\":\"https:\/\/www.sonoraenequipo.com.mx\/amic-localiza-con-vida-a-dos-menores-es-reportadas-como-desaparecidas-en-hermosillo\/#breadcrumb\"},\"inLanguage\":\"es\",\"potentialAction\":[{\"@type\":\"ReadAction\",\"target\":[\"https:\/\/www.sonoraenequipo.com.mx\/amic-localiza-con-vida-a-dos-menores-es-reportadas-como-desaparecidas-en-hermosillo\/\"]}]},{\"@type\":\"ImageObject\",\"inLanguage\":\"es\",\"@id\":\"https:\/\/www.sonoraenequipo.com.mx\/amic-localiza-con-vida-a-dos-menores-es-reportadas-como-desaparecidas-en-hermosillo\/#primaryimage\",\"url\":\"https:\/\/www.sonoraenequipo.com.mx\/storage\/2025\/10\/menores-localizadas.jpg\",\"contentUrl\":\"https:\/\/www.sonoraenequipo.com.mx\/storage\/2025\/10\/menores-localizadas.jpg\",\"width\":600,\"height\":400,\"caption\":\"Damaris Paola \u201cN\u201d, de 15 a\u00f1os, y G\u00e9nesis Alejandra \u201cN\u201d, de 14 a\u00f1os.Imagenes tomadas de al alerta Amber\"},{\"@type\":\"BreadcrumbList\",\"@id\":\"https:\/\/www.sonoraenequipo.com.mx\/amic-localiza-con-vida-a-dos-menores-es-reportadas-como-desaparecidas-en-hermosillo\/#breadcrumb\",\"itemListElement\":[{\"@type\":\"ListItem\",\"position\":1,\"name\":\"Portada\",\"item\":\"https:\/\/www.sonoraenequipo.com.mx\/\"},{\"@type\":\"ListItem\",\"position\":2,\"name\":\"AMIC localiza con vida a dos menores es reportadas como desaparecidas en Hermosillo\"}]},{\"@type\":\"WebSite\",\"@id\":\"https:\/\/www.sonoraenequipo.com.mx\/#website\",\"url\":\"https:\/\/www.sonoraenequipo.com.mx\/\",\"name\":\"Sonora en Equipo.\",\"description\":\"Diario en l\u00ednea con Noticias desde Hermosillo, Sonora\",\"publisher\":{\"@id\":\"https:\/\/www.sonoraenequipo.com.mx\/#organization\"},\"potentialAction\":[{\"@type\":\"SearchAction\",\"target\":{\"@type\":\"EntryPoint\",\"urlTemplate\":\"https:\/\/www.sonoraenequipo.com.mx\/?s={search_term_string}\"},\"query-input\":{\"@type\":\"PropertyValueSpecification\",\"valueRequired\":true,\"valueName\":\"search_term_string\"}}],\"inLanguage\":\"es\"},{\"@type\":\"Organization\",\"@id\":\"https:\/\/www.sonoraenequipo.com.mx\/#organization\",\"name\":\"Sonoraenequipo.com.mx\",\"url\":\"https:\/\/www.sonoraenequipo.com.mx\/\",\"logo\":{\"@type\":\"ImageObject\",\"inLanguage\":\"es\",\"@id\":\"https:\/\/www.sonoraenequipo.com.mx\/#\/schema\/logo\/image\/\",\"url\":\"https:\/\/www.sonoraenequipo.com.mx\/storage\/2019\/01\/sonoraenequipo_opt.png\",\"contentUrl\":\"https:\/\/www.sonoraenequipo.com.mx\/storage\/2019\/01\/sonoraenequipo_opt.png\",\"width\":375,\"height\":125,\"caption\":\"Sonoraenequipo.com.mx\"},\"image\":{\"@id\":\"https:\/\/www.sonoraenequipo.com.mx\/#\/schema\/logo\/image\/\"},\"sameAs\":[\"https:\/\/www.facebook.com\/SonoraEE\/\",\"https:\/\/x.com\/sonoraenequipo\",\"https:\/\/www.youtube.com\/channel\/UC338nW-lPEYmJQs4ZABQ1SQ\"]},{\"@type\":\"Person\",\"@id\":\"https:\/\/www.sonoraenequipo.com.mx\/#\/schema\/person\/50102df0fb23a8fa9e8effad8fa81386\",\"name\":\"enequipo\",\"image\":{\"@type\":\"ImageObject\",\"inLanguage\":\"es\",\"@id\":\"https:\/\/www.sonoraenequipo.com.mx\/#\/schema\/person\/image\/\",\"url\":\"https:\/\/secure.gravatar.com\/avatar\/049821681b589dabc0bc20695993ccebb09f5b5d4d790cd9251b97faac7c652b?s=96&d=blank&r=g\",\"contentUrl\":\"https:\/\/secure.gravatar.com\/avatar\/049821681b589dabc0bc20695993ccebb09f5b5d4d790cd9251b97faac7c652b?s=96&d=blank&r=g\",\"caption\":\"enequipo\"},\"sameAs\":[\"https:\/\/www.facebook.com\/SonoraEE\"]}]}<\/script>\n ","yoast_head_json":{"title":"Sonora en Equipo. AMIC localiza con vida a dos menores es reportadas como desaparecidas en Hermosillo Polic\u00edaca","description":"HERMOSILLO, SONORA, MX. \u2014 Como resultado de las acciones inmediatas de b\u00fasqueda emprendidas por la Agencia Ministerial de Investigaci\u00f3n Criminal (AMIC) y En Sonora en Equipo publicamos toda la informaci\u00f3n de Sonora, M\u00e9xico y el Mundo de manera oportuna y busca que la libertad de expresi\u00f3n sea real. Visita nuestro medio informativo publicado desde Hermosillo, Sonora. %","robots":{"index":"index","follow":"follow","max-snippet":"max-snippet:-1","max-image-preview":"max-image-preview:large","max-video-preview":"max-video-preview:-1"},"canonical":"https:\/\/www.sonoraenequipo.com.mx\/amic-localiza-con-vida-a-dos-menores-es-reportadas-como-desaparecidas-en-hermosillo\/","og_locale":"es_ES","og_type":"article","og_title":"Sonora en Equipo. AMIC localiza con vida a dos menores es reportadas como desaparecidas en Hermosillo Polic\u00edaca","og_description":"HERMOSILLO, SONORA, MX. \u2014 Como resultado de las acciones inmediatas de b\u00fasqueda emprendidas por la Agencia Ministerial de Investigaci\u00f3n Criminal (AMIC) y En Sonora en Equipo publicamos toda la informaci\u00f3n de Sonora, M\u00e9xico y el Mundo de manera oportuna y busca que la libertad de expresi\u00f3n sea real. Visita nuestro medio informativo publicado desde Hermosillo, Sonora. %","og_url":"https:\/\/www.sonoraenequipo.com.mx\/amic-localiza-con-vida-a-dos-menores-es-reportadas-como-desaparecidas-en-hermosillo\/","og_site_name":"Sonora en Equipo.","article_publisher":"https:\/\/www.facebook.com\/SonoraEE\/","article_author":"https:\/\/www.facebook.com\/SonoraEE","article_published_time":"2025-10-13T22:44:10+00:00","og_image":[{"width":600,"height":400,"url":"https:\/\/www.sonoraenequipo.com.mx\/storage\/2025\/10\/menores-localizadas.jpg","type":"image\/jpeg"}],"author":"enequipo","twitter_card":"summary_large_image","twitter_creator":"@sonoraenequipo","twitter_site":"@sonoraenequipo","twitter_misc":{"Escrito por":"enequipo","Tiempo de lectura":"1 minuto"},"schema":{"@context":"https:\/\/schema.org","@graph":[{"@type":"Article","@id":"https:\/\/www.sonoraenequipo.com.mx\/amic-localiza-con-vida-a-dos-menores-es-reportadas-como-desaparecidas-en-hermosillo\/#article","isPartOf":{"@id":"https:\/\/www.sonoraenequipo.com.mx\/amic-localiza-con-vida-a-dos-menores-es-reportadas-como-desaparecidas-en-hermosillo\/"},"author":{"name":"enequipo","@id":"https:\/\/www.sonoraenequipo.com.mx\/#\/schema\/person\/50102df0fb23a8fa9e8effad8fa81386"},"headline":"AMIC localiza con vida a dos menores es reportadas como desaparecidas en Hermosillo","datePublished":"2025-10-13T22:44:10+00:00","mainEntityOfPage":{"@id":"https:\/\/www.sonoraenequipo.com.mx\/amic-localiza-con-vida-a-dos-menores-es-reportadas-como-desaparecidas-en-hermosillo\/"},"wordCount":256,"commentCount":0,"publisher":{"@id":"https:\/\/www.sonoraenequipo.com.mx\/#organization"},"image":{"@id":"https:\/\/www.sonoraenequipo.com.mx\/amic-localiza-con-vida-a-dos-menores-es-reportadas-como-desaparecidas-en-hermosillo\/#primaryimage"},"thumbnailUrl":"https:\/\/www.sonoraenequipo.com.mx\/storage\/2025\/10\/menores-localizadas.jpg","keywords":["menores desaparecidas"],"articleSection":["Polic\u00edaca"],"inLanguage":"es","potentialAction":[{"@type":"CommentAction","name":"Comment","target":["https:\/\/www.sonoraenequipo.com.mx\/amic-localiza-con-vida-a-dos-menores-es-reportadas-como-desaparecidas-en-hermosillo\/#respond"]}]},{"@type":"WebPage","@id":"https:\/\/www.sonoraenequipo.com.mx\/amic-localiza-con-vida-a-dos-menores-es-reportadas-como-desaparecidas-en-hermosillo\/","url":"https:\/\/www.sonoraenequipo.com.mx\/amic-localiza-con-vida-a-dos-menores-es-reportadas-como-desaparecidas-en-hermosillo\/","name":"Sonora en Equipo. AMIC localiza con vida a dos menores es reportadas como desaparecidas en Hermosillo Polic\u00edaca","isPartOf":{"@id":"https:\/\/www.sonoraenequipo.com.mx\/#website"},"primaryImageOfPage":{"@id":"https:\/\/www.sonoraenequipo.com.mx\/amic-localiza-con-vida-a-dos-menores-es-reportadas-como-desaparecidas-en-hermosillo\/#primaryimage"},"image":{"@id":"https:\/\/www.sonoraenequipo.com.mx\/amic-localiza-con-vida-a-dos-menores-es-reportadas-como-desaparecidas-en-hermosillo\/#primaryimage"},"thumbnailUrl":"https:\/\/www.sonoraenequipo.com.mx\/storage\/2025\/10\/menores-localizadas.jpg","datePublished":"2025-10-13T22:44:10+00:00","description":"HERMOSILLO, SONORA, MX. \u2014 Como resultado de las acciones inmediatas de b\u00fasqueda emprendidas por la Agencia Ministerial de Investigaci\u00f3n Criminal (AMIC) y En Sonora en Equipo publicamos toda la informaci\u00f3n de Sonora, M\u00e9xico y el Mundo de manera oportuna y busca que la libertad de expresi\u00f3n sea real. Visita nuestro medio informativo publicado desde Hermosillo, Sonora. %","breadcrumb":{"@id":"https:\/\/www.sonoraenequipo.com.mx\/amic-localiza-con-vida-a-dos-menores-es-reportadas-como-desaparecidas-en-hermosillo\/#breadcrumb"},"inLanguage":"es","potentialAction":[{"@type":"ReadAction","target":["https:\/\/www.sonoraenequipo.com.mx\/amic-localiza-con-vida-a-dos-menores-es-reportadas-como-desaparecidas-en-hermosillo\/"]}]},{"@type":"ImageObject","inLanguage":"es","@id":"https:\/\/www.sonoraenequipo.com.mx\/amic-localiza-con-vida-a-dos-menores-es-reportadas-como-desaparecidas-en-hermosillo\/#primaryimage","url":"https:\/\/www.sonoraenequipo.com.mx\/storage\/2025\/10\/menores-localizadas.jpg","contentUrl":"https:\/\/www.sonoraenequipo.com.mx\/storage\/2025\/10\/menores-localizadas.jpg","width":600,"height":400,"caption":"Damaris Paola \u201cN\u201d, de 15 a\u00f1os, y G\u00e9nesis Alejandra \u201cN\u201d, de 14 a\u00f1os.Imagenes tomadas de al alerta Amber"},{"@type":"BreadcrumbList","@id":"https:\/\/www.sonoraenequipo.com.mx\/amic-localiza-con-vida-a-dos-menores-es-reportadas-como-desaparecidas-en-hermosillo\/#breadcrumb","itemListElement":[{"@type":"ListItem","position":1,"name":"Portada","item":"https:\/\/www.sonoraenequipo.com.mx\/"},{"@type":"ListItem","position":2,"name":"AMIC localiza con vida a dos menores es reportadas como desaparecidas en Hermosillo"}]},{"@type":"WebSite","@id":"https:\/\/www.sonoraenequipo.com.mx\/#website","url":"https:\/\/www.sonoraenequipo.com.mx\/","name":"Sonora en Equipo.","description":"Diario en l\u00ednea con Noticias desde Hermosillo, Sonora","publisher":{"@id":"https:\/\/www.sonoraenequipo.com.mx\/#organization"},"potentialAction":[{"@type":"SearchAction","target":{"@type":"EntryPoint","urlTemplate":"https:\/\/www.sonoraenequipo.com.mx\/?s={search_term_string}"},"query-input":{"@type":"PropertyValueSpecification","valueRequired":true,"valueName":"search_term_string"}}],"inLanguage":"es"},{"@type":"Organization","@id":"https:\/\/www.sonoraenequipo.com.mx\/#organization","name":"Sonoraenequipo.com.mx","url":"https:\/\/www.sonoraenequipo.com.mx\/","logo":{"@type":"ImageObject","inLanguage":"es","@id":"https:\/\/www.sonoraenequipo.com.mx\/#\/schema\/logo\/image\/","url":"https:\/\/www.sonoraenequipo.com.mx\/storage\/2019\/01\/sonoraenequipo_opt.png","contentUrl":"https:\/\/www.sonoraenequipo.com.mx\/storage\/2019\/01\/sonoraenequipo_opt.png","width":375,"height":125,"caption":"Sonoraenequipo.com.mx"},"image":{"@id":"https:\/\/www.sonoraenequipo.com.mx\/#\/schema\/logo\/image\/"},"sameAs":["https:\/\/www.facebook.com\/SonoraEE\/","https:\/\/x.com\/sonoraenequipo","https:\/\/www.youtube.com\/channel\/UC338nW-lPEYmJQs4ZABQ1SQ"]},{"@type":"Person","@id":"https:\/\/www.sonoraenequipo.com.mx\/#\/schema\/person\/50102df0fb23a8fa9e8effad8fa81386","name":"enequipo","image":{"@type":"ImageObject","inLanguage":"es","@id":"https:\/\/www.sonoraenequipo.com.mx\/#\/schema\/person\/image\/","url":"https:\/\/secure.gravatar.com\/avatar\/049821681b589dabc0bc20695993ccebb09f5b5d4d790cd9251b97faac7c652b?s=96&d=blank&r=g","contentUrl":"https:\/\/secure.gravatar.com\/avatar\/049821681b589dabc0bc20695993ccebb09f5b5d4d790cd9251b97faac7c652b?s=96&d=blank&r=g","caption":"enequipo"},"sameAs":["https:\/\/www.facebook.com\/SonoraEE"]}]}},"jetpack_featured_media_url":"https:\/\/www.sonoraenequipo.com.mx\/storage\/2025\/10\/menores-localizadas.jpg","_links":{"self":[{"href":"https:\/\/www.sonoraenequipo.com.mx\/api\/wp\/v2\/posts\/226175","targetHints":{"allow":["GET"]}}],"collection":[{"href":"https:\/\/www.sonoraenequipo.com.mx\/api\/wp\/v2\/posts"}],"about":[{"href":"https:\/\/www.sonoraenequipo.com.mx\/api\/wp\/v2\/types\/post"}],"author":[{"embeddable":true,"href":"https:\/\/www.sonoraenequipo.com.mx\/api\/wp\/v2\/users\/1"}],"replies":[{"embeddable":true,"href":"https:\/\/www.sonoraenequipo.com.mx\/api\/wp\/v2\/comments?post=226175"}],"version-history":[{"count":1,"href":"https:\/\/www.sonoraenequipo.com.mx\/api\/wp\/v2\/posts\/226175\/revisions"}],"predecessor-version":[{"id":226178,"href":"https:\/\/www.sonoraenequipo.com.mx\/api\/wp\/v2\/posts\/226175\/revisions\/226178"}],"wp:featuredmedia":[{"embeddable":true,"href":"https:\/\/www.sonoraenequipo.com.mx\/api\/wp\/v2\/media\/226176"}],"wp:attachment":[{"href":"https:\/\/www.sonoraenequipo.com.mx\/api\/wp\/v2\/media?parent=226175"}],"wp:term":[{"taxonomy":"category","embeddable":true,"href":"https:\/\/www.sonoraenequipo.com.mx\/api\/wp\/v2\/categories?post=226175"},{"taxonomy":"post_tag","embeddable":true,"href":"https:\/\/www.sonoraenequipo.com.mx\/api\/wp\/v2\/tags?post=226175"}],"curies":[{"name":"wp","href":"https:\/\/api.w.org\/{rel}","templated":true}]}}