{"id":226183,"date":"2025-10-13T16:13:59","date_gmt":"2025-10-13T23:13:59","guid":{"rendered":"https:\/\/www.sonoraenequipo.com.mx\/?p=226183"},"modified":"2025-10-13T16:13:59","modified_gmt":"2025-10-13T23:13:59","slug":"saldo-blanco-en-sonora-tras-paso-del-ciclon-tropical-raymond-gobernador-durazo","status":"publish","type":"post","link":"https:\/\/www.sonoraenequipo.com.mx\/saldo-blanco-en-sonora-tras-paso-del-ciclon-tropical-raymond-gobernador-durazo\/","title":{"rendered":"Saldo blanco en Sonora tras paso del cicl\u00f3n tropical \u00abRaymond\u00bb: gobernador Durazo"},"content":{"rendered":"<p><strong>HERMOSILLO, SONORA, MX.<\/strong> \u2014 Como resultado de las acciones preventivas implementadas por el gobernador Alfonso Durazo, a trav\u00e9s del Comit\u00e9 de Operaci\u00f3n de Emergencias, en coordinaci\u00f3n con los tres \u00f3rdenes de gobierno, se informa saldo blanco, hasta el momento, tras el paso del cicl\u00f3n tropical \u00abRaymond\u00bb.<\/p>\n<p>&nbsp;<\/p>\n<p>Fueron 6 mil 280 integrantes de bomberos, rescatistas, fuerzas armadas y cuerpos de seguridad, quienes participaron en el operativo para garantizar la seguridad de la poblaci\u00f3n, ante la cercan\u00eda del cicl\u00f3n tropical que se desarroll\u00f3 en el Oc\u00e9ano Pac\u00edfico.<\/p>\n<p>&nbsp;<\/p>\n<p>En total, hasta el momento se han atendido\u00a0 105 reportes durante el fin de semana, sin que se presenten ahora v\u00edctimas por las lluvias intensas, de hasta m\u00e1s de 100 mil\u00edmetros, que se registraron en la entidad.<\/p>\n<p>&nbsp;<\/p>\n<p>Los reportes atendidos ocurrieron en los municipios de Guaymas, Hermosillo, Empalme, San Miguel de Horcasitas, Arizpe Nogales, San Javier, Cajeme, Huatabampo, Ures, Nacozari, Villa Hidalgo, Cananea, Caborca, Bacanora, Tepache, Suaqui y Tecoripa, en La Colorada.<\/p>\n<p>&nbsp;<\/p>\n<p>Se detectaron 30 afectaciones a tramos carreteros de los cuales ocho fueron cierres carreteros temporales en la entidad, durante este fin de semana. Estas suspensiones viales fueron de manera preventiva para evitar que se presentaran tragedias que lamentar.<\/p>\n<p>&nbsp;<\/p>\n<p>Armando Casta\u00f1eda S\u00e1nchez, coordinador estatal de Protecci\u00f3n Civil, destac\u00f3 el gran trabajo coordinado con Gobiernos Municipales, Unidades Municipales de Protecci\u00f3n Civil, Bomberos, Cruz Roja, Polic\u00eda Estatal, Ej\u00e9rcito Mexicano, Marina de M\u00e9xico, Guardia Nacional, Polic\u00edas Municipales as\u00ed como diversas dependencias de los tres \u00f3rdenes de gobierno, para lograr una r\u00e1pida atenci\u00f3n a los reportes y para realizar acciones preventivas que resultaron satisfactorias.<\/p>\n<p>&nbsp;<\/p>\n<p>En cuanto a personas llevadas a refugios temporales, hasta el momento son 60 las que requirieron de ese apoyo de manera preventiva en los municipios de Hermosillo, Guaymas, Empalme, Etchojoa, Caborca, Navojoa y Cajeme.<\/p>\n<p>&nbsp;<\/p>\n<p>Debido a que el cicl\u00f3n tropical se disip\u00f3, no fue necesario recomendar a la Secretar\u00eda de Educaci\u00f3n y Cultura (SEC) que efectuara suspensi\u00f3n de actividades escolares en el estado de Sonora para este lunes 13 de octubre.<\/p>\n","protected":false},"excerpt":{"rendered":"<p>HERMOSILLO, SONORA, MX. \u2014 Como resultado de las acciones preventivas implementadas por el gobernador Alfonso&#8230;<\/p>\n","protected":false},"author":1,"featured_media":226186,"comment_status":"open","ping_status":"open","sticky":false,"template":"","format":"standard","meta":{"_monsterinsights_skip_tracking":false,"_monsterinsights_sitenote_active":false,"_monsterinsights_sitenote_note":"","_monsterinsights_sitenote_category":0,"footnotes":""},"categories":[22],"tags":[11891],"class_list":["post"],"yoast_head":" \n<title>Sonora en Equipo. Saldo blanco en Sonora tras paso del cicl\u00f3n tropical &quot;Raymond&quot;: gobernador Durazo Sonora<\/title>\n<meta name=\"description\" content=\"HERMOSILLO, SONORA, MX. \u2014 Como resultado de las acciones preventivas implementadas por el gobernador Alfonso Durazo, a trav\u00e9s del Comit\u00e9 de Operaci\u00f3n de En Sonora en Equipo publicamos toda la informaci\u00f3n de Sonora, M\u00e9xico y el Mundo de manera oportuna y busca que la libertad de expresi\u00f3n sea real. Visita nuestro medio informativo publicado desde Hermosillo, Sonora. %\" \/>\n<meta name=\"robots\" content=\"index, follow, max-snippet:-1, max-image-preview:large, max-video-preview:-1\" \/>\n<link rel=\"canonical\" href=\"https:\/\/www.sonoraenequipo.com.mx\/saldo-blanco-en-sonora-tras-paso-del-ciclon-tropical-raymond-gobernador-durazo\/\" \/>\n<meta property=\"og:locale\" content=\"es_ES\" \/>\n<meta property=\"og:type\" content=\"article\" \/>\n<meta property=\"og:title\" content=\"Sonora en Equipo. Saldo blanco en Sonora tras paso del cicl\u00f3n tropical &quot;Raymond&quot;: gobernador Durazo Sonora\" \/>\n<meta property=\"og:description\" content=\"HERMOSILLO, SONORA, MX. \u2014 Como resultado de las acciones preventivas implementadas por el gobernador Alfonso Durazo, a trav\u00e9s del Comit\u00e9 de Operaci\u00f3n de En Sonora en Equipo publicamos toda la informaci\u00f3n de Sonora, M\u00e9xico y el Mundo de manera oportuna y busca que la libertad de expresi\u00f3n sea real. Visita nuestro medio informativo publicado desde Hermosillo, Sonora. %\" \/>\n<meta property=\"og:url\" content=\"https:\/\/www.sonoraenequipo.com.mx\/saldo-blanco-en-sonora-tras-paso-del-ciclon-tropical-raymond-gobernador-durazo\/\" \/>\n<meta property=\"og:site_name\" content=\"Sonora en Equipo.\" \/>\n<meta property=\"article:publisher\" content=\"https:\/\/www.facebook.com\/SonoraEE\/\" \/>\n<meta property=\"article:author\" content=\"https:\/\/www.facebook.com\/SonoraEE\" \/>\n<meta property=\"article:published_time\" content=\"2025-10-13T23:13:59+00:00\" \/>\n<meta property=\"og:image\" content=\"https:\/\/www.sonoraenequipo.com.mx\/storage\/2025\/10\/ADM-COE.jpg\" \/>\n\t<meta property=\"og:image:width\" content=\"600\" \/>\n\t<meta property=\"og:image:height\" content=\"400\" \/>\n\t<meta property=\"og:image:type\" content=\"image\/jpeg\" \/>\n<meta name=\"author\" content=\"enequipo\" \/>\n<meta name=\"twitter:card\" content=\"summary_large_image\" \/>\n<meta name=\"twitter:creator\" content=\"@sonoraenequipo\" \/>\n<meta name=\"twitter:site\" content=\"@sonoraenequipo\" \/>\n<meta name=\"twitter:label1\" content=\"Escrito por\" \/>\n\t<meta name=\"twitter:data1\" content=\"enequipo\" \/>\n\t<meta name=\"twitter:label2\" content=\"Tiempo de lectura\" \/>\n\t<meta name=\"twitter:data2\" content=\"2 minutos\" \/>\n<script type=\"application\/ld+json\" class=\"yoast-schema-graph\">{\"@context\":\"https:\/\/schema.org\",\"@graph\":[{\"@type\":\"Article\",\"@id\":\"https:\/\/www.sonoraenequipo.com.mx\/saldo-blanco-en-sonora-tras-paso-del-ciclon-tropical-raymond-gobernador-durazo\/#article\",\"isPartOf\":{\"@id\":\"https:\/\/www.sonoraenequipo.com.mx\/saldo-blanco-en-sonora-tras-paso-del-ciclon-tropical-raymond-gobernador-durazo\/\"},\"author\":{\"name\":\"enequipo\",\"@id\":\"https:\/\/www.sonoraenequipo.com.mx\/#\/schema\/person\/50102df0fb23a8fa9e8effad8fa81386\"},\"headline\":\"Saldo blanco en Sonora tras paso del cicl\u00f3n tropical \u00abRaymond\u00bb: gobernador Durazo\",\"datePublished\":\"2025-10-13T23:13:59+00:00\",\"mainEntityOfPage\":{\"@id\":\"https:\/\/www.sonoraenequipo.com.mx\/saldo-blanco-en-sonora-tras-paso-del-ciclon-tropical-raymond-gobernador-durazo\/\"},\"wordCount\":365,\"commentCount\":0,\"publisher\":{\"@id\":\"https:\/\/www.sonoraenequipo.com.mx\/#organization\"},\"image\":{\"@id\":\"https:\/\/www.sonoraenequipo.com.mx\/saldo-blanco-en-sonora-tras-paso-del-ciclon-tropical-raymond-gobernador-durazo\/#primaryimage\"},\"thumbnailUrl\":\"https:\/\/www.sonoraenequipo.com.mx\/storage\/2025\/10\/ADM-COE.jpg\",\"keywords\":[\"raymond\"],\"articleSection\":[\"Sonora\"],\"inLanguage\":\"es\",\"potentialAction\":[{\"@type\":\"CommentAction\",\"name\":\"Comment\",\"target\":[\"https:\/\/www.sonoraenequipo.com.mx\/saldo-blanco-en-sonora-tras-paso-del-ciclon-tropical-raymond-gobernador-durazo\/#respond\"]}]},{\"@type\":\"WebPage\",\"@id\":\"https:\/\/www.sonoraenequipo.com.mx\/saldo-blanco-en-sonora-tras-paso-del-ciclon-tropical-raymond-gobernador-durazo\/\",\"url\":\"https:\/\/www.sonoraenequipo.com.mx\/saldo-blanco-en-sonora-tras-paso-del-ciclon-tropical-raymond-gobernador-durazo\/\",\"name\":\"Sonora en Equipo. Saldo blanco en Sonora tras paso del cicl\u00f3n tropical \\\"Raymond\\\": gobernador Durazo Sonora\",\"isPartOf\":{\"@id\":\"https:\/\/www.sonoraenequipo.com.mx\/#website\"},\"primaryImageOfPage\":{\"@id\":\"https:\/\/www.sonoraenequipo.com.mx\/saldo-blanco-en-sonora-tras-paso-del-ciclon-tropical-raymond-gobernador-durazo\/#primaryimage\"},\"image\":{\"@id\":\"https:\/\/www.sonoraenequipo.com.mx\/saldo-blanco-en-sonora-tras-paso-del-ciclon-tropical-raymond-gobernador-durazo\/#primaryimage\"},\"thumbnailUrl\":\"https:\/\/www.sonoraenequipo.com.mx\/storage\/2025\/10\/ADM-COE.jpg\",\"datePublished\":\"2025-10-13T23:13:59+00:00\",\"description\":\"HERMOSILLO, SONORA, MX. \u2014 Como resultado de las acciones preventivas implementadas por el gobernador Alfonso Durazo, a trav\u00e9s del Comit\u00e9 de Operaci\u00f3n de En Sonora en Equipo publicamos toda la informaci\u00f3n de Sonora, M\u00e9xico y el Mundo de manera oportuna y busca que la libertad de expresi\u00f3n sea real. Visita nuestro medio informativo publicado desde Hermosillo, Sonora. %\",\"breadcrumb\":{\"@id\":\"https:\/\/www.sonoraenequipo.com.mx\/saldo-blanco-en-sonora-tras-paso-del-ciclon-tropical-raymond-gobernador-durazo\/#breadcrumb\"},\"inLanguage\":\"es\",\"potentialAction\":[{\"@type\":\"ReadAction\",\"target\":[\"https:\/\/www.sonoraenequipo.com.mx\/saldo-blanco-en-sonora-tras-paso-del-ciclon-tropical-raymond-gobernador-durazo\/\"]}]},{\"@type\":\"ImageObject\",\"inLanguage\":\"es\",\"@id\":\"https:\/\/www.sonoraenequipo.com.mx\/saldo-blanco-en-sonora-tras-paso-del-ciclon-tropical-raymond-gobernador-durazo\/#primaryimage\",\"url\":\"https:\/\/www.sonoraenequipo.com.mx\/storage\/2025\/10\/ADM-COE.jpg\",\"contentUrl\":\"https:\/\/www.sonoraenequipo.com.mx\/storage\/2025\/10\/ADM-COE.jpg\",\"width\":600,\"height\":400},{\"@type\":\"BreadcrumbList\",\"@id\":\"https:\/\/www.sonoraenequipo.com.mx\/saldo-blanco-en-sonora-tras-paso-del-ciclon-tropical-raymond-gobernador-durazo\/#breadcrumb\",\"itemListElement\":[{\"@type\":\"ListItem\",\"position\":1,\"name\":\"Portada\",\"item\":\"https:\/\/www.sonoraenequipo.com.mx\/\"},{\"@type\":\"ListItem\",\"position\":2,\"name\":\"Saldo blanco en Sonora tras paso del cicl\u00f3n tropical \u00abRaymond\u00bb: gobernador Durazo\"}]},{\"@type\":\"WebSite\",\"@id\":\"https:\/\/www.sonoraenequipo.com.mx\/#website\",\"url\":\"https:\/\/www.sonoraenequipo.com.mx\/\",\"name\":\"Sonora en Equipo.\",\"description\":\"Diario en l\u00ednea con Noticias desde Hermosillo, Sonora\",\"publisher\":{\"@id\":\"https:\/\/www.sonoraenequipo.com.mx\/#organization\"},\"potentialAction\":[{\"@type\":\"SearchAction\",\"target\":{\"@type\":\"EntryPoint\",\"urlTemplate\":\"https:\/\/www.sonoraenequipo.com.mx\/?s={search_term_string}\"},\"query-input\":{\"@type\":\"PropertyValueSpecification\",\"valueRequired\":true,\"valueName\":\"search_term_string\"}}],\"inLanguage\":\"es\"},{\"@type\":\"Organization\",\"@id\":\"https:\/\/www.sonoraenequipo.com.mx\/#organization\",\"name\":\"Sonoraenequipo.com.mx\",\"url\":\"https:\/\/www.sonoraenequipo.com.mx\/\",\"logo\":{\"@type\":\"ImageObject\",\"inLanguage\":\"es\",\"@id\":\"https:\/\/www.sonoraenequipo.com.mx\/#\/schema\/logo\/image\/\",\"url\":\"https:\/\/www.sonoraenequipo.com.mx\/storage\/2019\/01\/sonoraenequipo_opt.png\",\"contentUrl\":\"https:\/\/www.sonoraenequipo.com.mx\/storage\/2019\/01\/sonoraenequipo_opt.png\",\"width\":375,\"height\":125,\"caption\":\"Sonoraenequipo.com.mx\"},\"image\":{\"@id\":\"https:\/\/www.sonoraenequipo.com.mx\/#\/schema\/logo\/image\/\"},\"sameAs\":[\"https:\/\/www.facebook.com\/SonoraEE\/\",\"https:\/\/x.com\/sonoraenequipo\",\"https:\/\/www.youtube.com\/channel\/UC338nW-lPEYmJQs4ZABQ1SQ\"]},{\"@type\":\"Person\",\"@id\":\"https:\/\/www.sonoraenequipo.com.mx\/#\/schema\/person\/50102df0fb23a8fa9e8effad8fa81386\",\"name\":\"enequipo\",\"image\":{\"@type\":\"ImageObject\",\"inLanguage\":\"es\",\"@id\":\"https:\/\/www.sonoraenequipo.com.mx\/#\/schema\/person\/image\/\",\"url\":\"https:\/\/secure.gravatar.com\/avatar\/049821681b589dabc0bc20695993ccebb09f5b5d4d790cd9251b97faac7c652b?s=96&d=blank&r=g\",\"contentUrl\":\"https:\/\/secure.gravatar.com\/avatar\/049821681b589dabc0bc20695993ccebb09f5b5d4d790cd9251b97faac7c652b?s=96&d=blank&r=g\",\"caption\":\"enequipo\"},\"sameAs\":[\"https:\/\/www.facebook.com\/SonoraEE\"]}]}<\/script>\n ","yoast_head_json":{"title":"Sonora en Equipo. Saldo blanco en Sonora tras paso del cicl\u00f3n tropical \"Raymond\": gobernador Durazo Sonora","description":"HERMOSILLO, SONORA, MX. \u2014 Como resultado de las acciones preventivas implementadas por el gobernador Alfonso Durazo, a trav\u00e9s del Comit\u00e9 de Operaci\u00f3n de En Sonora en Equipo publicamos toda la informaci\u00f3n de Sonora, M\u00e9xico y el Mundo de manera oportuna y busca que la libertad de expresi\u00f3n sea real. Visita nuestro medio informativo publicado desde Hermosillo, Sonora. %","robots":{"index":"index","follow":"follow","max-snippet":"max-snippet:-1","max-image-preview":"max-image-preview:large","max-video-preview":"max-video-preview:-1"},"canonical":"https:\/\/www.sonoraenequipo.com.mx\/saldo-blanco-en-sonora-tras-paso-del-ciclon-tropical-raymond-gobernador-durazo\/","og_locale":"es_ES","og_type":"article","og_title":"Sonora en Equipo. Saldo blanco en Sonora tras paso del cicl\u00f3n tropical \"Raymond\": gobernador Durazo Sonora","og_description":"HERMOSILLO, SONORA, MX. \u2014 Como resultado de las acciones preventivas implementadas por el gobernador Alfonso Durazo, a trav\u00e9s del Comit\u00e9 de Operaci\u00f3n de En Sonora en Equipo publicamos toda la informaci\u00f3n de Sonora, M\u00e9xico y el Mundo de manera oportuna y busca que la libertad de expresi\u00f3n sea real. Visita nuestro medio informativo publicado desde Hermosillo, Sonora. %","og_url":"https:\/\/www.sonoraenequipo.com.mx\/saldo-blanco-en-sonora-tras-paso-del-ciclon-tropical-raymond-gobernador-durazo\/","og_site_name":"Sonora en Equipo.","article_publisher":"https:\/\/www.facebook.com\/SonoraEE\/","article_author":"https:\/\/www.facebook.com\/SonoraEE","article_published_time":"2025-10-13T23:13:59+00:00","og_image":[{"width":600,"height":400,"url":"https:\/\/www.sonoraenequipo.com.mx\/storage\/2025\/10\/ADM-COE.jpg","type":"image\/jpeg"}],"author":"enequipo","twitter_card":"summary_large_image","twitter_creator":"@sonoraenequipo","twitter_site":"@sonoraenequipo","twitter_misc":{"Escrito por":"enequipo","Tiempo de lectura":"2 minutos"},"schema":{"@context":"https:\/\/schema.org","@graph":[{"@type":"Article","@id":"https:\/\/www.sonoraenequipo.com.mx\/saldo-blanco-en-sonora-tras-paso-del-ciclon-tropical-raymond-gobernador-durazo\/#article","isPartOf":{"@id":"https:\/\/www.sonoraenequipo.com.mx\/saldo-blanco-en-sonora-tras-paso-del-ciclon-tropical-raymond-gobernador-durazo\/"},"author":{"name":"enequipo","@id":"https:\/\/www.sonoraenequipo.com.mx\/#\/schema\/person\/50102df0fb23a8fa9e8effad8fa81386"},"headline":"Saldo blanco en Sonora tras paso del cicl\u00f3n tropical \u00abRaymond\u00bb: gobernador Durazo","datePublished":"2025-10-13T23:13:59+00:00","mainEntityOfPage":{"@id":"https:\/\/www.sonoraenequipo.com.mx\/saldo-blanco-en-sonora-tras-paso-del-ciclon-tropical-raymond-gobernador-durazo\/"},"wordCount":365,"commentCount":0,"publisher":{"@id":"https:\/\/www.sonoraenequipo.com.mx\/#organization"},"image":{"@id":"https:\/\/www.sonoraenequipo.com.mx\/saldo-blanco-en-sonora-tras-paso-del-ciclon-tropical-raymond-gobernador-durazo\/#primaryimage"},"thumbnailUrl":"https:\/\/www.sonoraenequipo.com.mx\/storage\/2025\/10\/ADM-COE.jpg","keywords":["raymond"],"articleSection":["Sonora"],"inLanguage":"es","potentialAction":[{"@type":"CommentAction","name":"Comment","target":["https:\/\/www.sonoraenequipo.com.mx\/saldo-blanco-en-sonora-tras-paso-del-ciclon-tropical-raymond-gobernador-durazo\/#respond"]}]},{"@type":"WebPage","@id":"https:\/\/www.sonoraenequipo.com.mx\/saldo-blanco-en-sonora-tras-paso-del-ciclon-tropical-raymond-gobernador-durazo\/","url":"https:\/\/www.sonoraenequipo.com.mx\/saldo-blanco-en-sonora-tras-paso-del-ciclon-tropical-raymond-gobernador-durazo\/","name":"Sonora en Equipo. Saldo blanco en Sonora tras paso del cicl\u00f3n tropical \"Raymond\": gobernador Durazo Sonora","isPartOf":{"@id":"https:\/\/www.sonoraenequipo.com.mx\/#website"},"primaryImageOfPage":{"@id":"https:\/\/www.sonoraenequipo.com.mx\/saldo-blanco-en-sonora-tras-paso-del-ciclon-tropical-raymond-gobernador-durazo\/#primaryimage"},"image":{"@id":"https:\/\/www.sonoraenequipo.com.mx\/saldo-blanco-en-sonora-tras-paso-del-ciclon-tropical-raymond-gobernador-durazo\/#primaryimage"},"thumbnailUrl":"https:\/\/www.sonoraenequipo.com.mx\/storage\/2025\/10\/ADM-COE.jpg","datePublished":"2025-10-13T23:13:59+00:00","description":"HERMOSILLO, SONORA, MX. \u2014 Como resultado de las acciones preventivas implementadas por el gobernador Alfonso Durazo, a trav\u00e9s del Comit\u00e9 de Operaci\u00f3n de En Sonora en Equipo publicamos toda la informaci\u00f3n de Sonora, M\u00e9xico y el Mundo de manera oportuna y busca que la libertad de expresi\u00f3n sea real. Visita nuestro medio informativo publicado desde Hermosillo, Sonora. %","breadcrumb":{"@id":"https:\/\/www.sonoraenequipo.com.mx\/saldo-blanco-en-sonora-tras-paso-del-ciclon-tropical-raymond-gobernador-durazo\/#breadcrumb"},"inLanguage":"es","potentialAction":[{"@type":"ReadAction","target":["https:\/\/www.sonoraenequipo.com.mx\/saldo-blanco-en-sonora-tras-paso-del-ciclon-tropical-raymond-gobernador-durazo\/"]}]},{"@type":"ImageObject","inLanguage":"es","@id":"https:\/\/www.sonoraenequipo.com.mx\/saldo-blanco-en-sonora-tras-paso-del-ciclon-tropical-raymond-gobernador-durazo\/#primaryimage","url":"https:\/\/www.sonoraenequipo.com.mx\/storage\/2025\/10\/ADM-COE.jpg","contentUrl":"https:\/\/www.sonoraenequipo.com.mx\/storage\/2025\/10\/ADM-COE.jpg","width":600,"height":400},{"@type":"BreadcrumbList","@id":"https:\/\/www.sonoraenequipo.com.mx\/saldo-blanco-en-sonora-tras-paso-del-ciclon-tropical-raymond-gobernador-durazo\/#breadcrumb","itemListElement":[{"@type":"ListItem","position":1,"name":"Portada","item":"https:\/\/www.sonoraenequipo.com.mx\/"},{"@type":"ListItem","position":2,"name":"Saldo blanco en Sonora tras paso del cicl\u00f3n tropical \u00abRaymond\u00bb: gobernador Durazo"}]},{"@type":"WebSite","@id":"https:\/\/www.sonoraenequipo.com.mx\/#website","url":"https:\/\/www.sonoraenequipo.com.mx\/","name":"Sonora en Equipo.","description":"Diario en l\u00ednea con Noticias desde Hermosillo, Sonora","publisher":{"@id":"https:\/\/www.sonoraenequipo.com.mx\/#organization"},"potentialAction":[{"@type":"SearchAction","target":{"@type":"EntryPoint","urlTemplate":"https:\/\/www.sonoraenequipo.com.mx\/?s={search_term_string}"},"query-input":{"@type":"PropertyValueSpecification","valueRequired":true,"valueName":"search_term_string"}}],"inLanguage":"es"},{"@type":"Organization","@id":"https:\/\/www.sonoraenequipo.com.mx\/#organization","name":"Sonoraenequipo.com.mx","url":"https:\/\/www.sonoraenequipo.com.mx\/","logo":{"@type":"ImageObject","inLanguage":"es","@id":"https:\/\/www.sonoraenequipo.com.mx\/#\/schema\/logo\/image\/","url":"https:\/\/www.sonoraenequipo.com.mx\/storage\/2019\/01\/sonoraenequipo_opt.png","contentUrl":"https:\/\/www.sonoraenequipo.com.mx\/storage\/2019\/01\/sonoraenequipo_opt.png","width":375,"height":125,"caption":"Sonoraenequipo.com.mx"},"image":{"@id":"https:\/\/www.sonoraenequipo.com.mx\/#\/schema\/logo\/image\/"},"sameAs":["https:\/\/www.facebook.com\/SonoraEE\/","https:\/\/x.com\/sonoraenequipo","https:\/\/www.youtube.com\/channel\/UC338nW-lPEYmJQs4ZABQ1SQ"]},{"@type":"Person","@id":"https:\/\/www.sonoraenequipo.com.mx\/#\/schema\/person\/50102df0fb23a8fa9e8effad8fa81386","name":"enequipo","image":{"@type":"ImageObject","inLanguage":"es","@id":"https:\/\/www.sonoraenequipo.com.mx\/#\/schema\/person\/image\/","url":"https:\/\/secure.gravatar.com\/avatar\/049821681b589dabc0bc20695993ccebb09f5b5d4d790cd9251b97faac7c652b?s=96&d=blank&r=g","contentUrl":"https:\/\/secure.gravatar.com\/avatar\/049821681b589dabc0bc20695993ccebb09f5b5d4d790cd9251b97faac7c652b?s=96&d=blank&r=g","caption":"enequipo"},"sameAs":["https:\/\/www.facebook.com\/SonoraEE"]}]}},"jetpack_featured_media_url":"https:\/\/www.sonoraenequipo.com.mx\/storage\/2025\/10\/ADM-COE.jpg","_links":{"self":[{"href":"https:\/\/www.sonoraenequipo.com.mx\/api\/wp\/v2\/posts\/226183","targetHints":{"allow":["GET"]}}],"collection":[{"href":"https:\/\/www.sonoraenequipo.com.mx\/api\/wp\/v2\/posts"}],"about":[{"href":"https:\/\/www.sonoraenequipo.com.mx\/api\/wp\/v2\/types\/post"}],"author":[{"embeddable":true,"href":"https:\/\/www.sonoraenequipo.com.mx\/api\/wp\/v2\/users\/1"}],"replies":[{"embeddable":true,"href":"https:\/\/www.sonoraenequipo.com.mx\/api\/wp\/v2\/comments?post=226183"}],"version-history":[{"count":1,"href":"https:\/\/www.sonoraenequipo.com.mx\/api\/wp\/v2\/posts\/226183\/revisions"}],"predecessor-version":[{"id":226190,"href":"https:\/\/www.sonoraenequipo.com.mx\/api\/wp\/v2\/posts\/226183\/revisions\/226190"}],"wp:featuredmedia":[{"embeddable":true,"href":"https:\/\/www.sonoraenequipo.com.mx\/api\/wp\/v2\/media\/226186"}],"wp:attachment":[{"href":"https:\/\/www.sonoraenequipo.com.mx\/api\/wp\/v2\/media?parent=226183"}],"wp:term":[{"taxonomy":"category","embeddable":true,"href":"https:\/\/www.sonoraenequipo.com.mx\/api\/wp\/v2\/categories?post=226183"},{"taxonomy":"post_tag","embeddable":true,"href":"https:\/\/www.sonoraenequipo.com.mx\/api\/wp\/v2\/tags?post=226183"}],"curies":[{"name":"wp","href":"https:\/\/api.w.org\/{rel}","templated":true}]}}