{"id":226184,"date":"2025-10-13T13:54:17","date_gmt":"2025-10-13T20:54:17","guid":{"rendered":"https:\/\/www.sonoraenequipo.com.mx\/?p=226184"},"modified":"2025-10-13T16:07:41","modified_gmt":"2025-10-13T23:07:41","slug":"la-temporada-de-huracanes-esta-por-terminar-solo-faltan-3-en-el-pacifico-y-5-en-el-atlantico","status":"publish","type":"post","link":"https:\/\/www.sonoraenequipo.com.mx\/la-temporada-de-huracanes-esta-por-terminar-solo-faltan-3-en-el-pacifico-y-5-en-el-atlantico\/","title":{"rendered":"La temporada de huracanes por terminar, solo faltan 3 en el Pac\u00edfico y 5 en el Atl\u00e1ntico"},"content":{"rendered":"<p><strong>CIUDAD DE M\u00c9XICO.MX.<\/strong> \u2014 La temporada de ciclones tropicales 2025 contin\u00faa muy intensa en nuestro pa\u00eds, pues aunque ya se formaron 29 fen\u00f3menos meteorol\u00f3gicos en los oc\u00e9anos Pac\u00edfico y Atl\u00e1ntico, a\u00fan faltan varios por desarrollarse, de acuerdo con los pron\u00f3sticos de organismos nacionales e internacionales.<\/p>\n<p>&nbsp;<\/p>\n<p>&nbsp;<\/p>\n<p> <\/p>\n<p>Un cicl\u00f3n tropical es una masa de aire c\u00e1lida y h\u00fameda con vientos fuertes que giran en forma de espiral alrededor de una zona central.<\/p>\n<p>&nbsp;<\/p>\n<p>La temporada de ciclones tropicales concluye en noviembre de 2025 en ambos oc\u00e9anos.<\/p>\n<p>&nbsp;<\/p>\n<p>Hasta el momento se han formado 29 fen\u00f3menos meteorol\u00f3gicos: 15 tormentas tropicales y 14 huracanes.<\/p>\n<p>&nbsp;<\/p>\n<p>De los ciclones que se han formado, 17 ocurrieron en el Pac\u00edfico y 12 en el Atl\u00e1ntico.<\/p>\n<p>&nbsp;<\/p>\n<p>&nbsp;<\/p>\n<h3>As\u00ed ha sido la temporada de ciclones 2025<\/h3>\n<p>&nbsp;<\/p>\n<p>&nbsp;<\/p>\n<p>De acuerdo con informaci\u00f3n del Servicio Meteorol\u00f3gico Nacional (SMN), de la Comisi\u00f3n Nacional del Agua (Conagua), en la actual temporada de ciclones se han formado 17 fen\u00f3menos meteorol\u00f3gicos en el oc\u00e9ano Pac\u00edfico:<\/p>\n<p>&nbsp;<\/p>\n<p>&nbsp;<\/p>\n<p><strong>7 Tormentas:<\/strong> Alvin, Cosme, Dalila, Ivo, Juliette, Mario y Raymond.<\/p>\n<p>&nbsp;<\/p>\n<p><strong>10 Huracanes:<\/strong> Barbara (categor\u00eda 1), Erick (categor\u00eda 4), Flossie (categor\u00eda 3), Gil (categor\u00eda 1), Henriette (categor\u00eda 1), Kiko (categor\u00eda 4), Lorena (categor\u00eda 1), Narda (categor\u00eda 2), Octave (categor\u00eda 1) y Priscilla (categor\u00eda 2).<\/p>\n<p>&nbsp;<\/p>\n<p>Mientras que en el Atl\u00e1ntico ya se formaron 12 ciclones, de los cuales 2 se convirtieron en poderosos huracanes categor\u00eda 5, los m\u00e1s intensos hasta el momento:<\/p>\n<p>&nbsp;<\/p>\n<p>&nbsp;<\/p>\n<p><strong>8 Tormentas:<\/strong> Andrea, Barry, Chantal, Dexter, Fernand, Jerry, Karen y Lorenzo.<\/p>\n<p>&nbsp;<\/p>\n<p><strong>4 Huracanes:<\/strong> Erin (categor\u00eda 5), Gabrielle (categor\u00eda 4), Humberto (categor\u00eda 5) e Imelda (categor\u00eda 2).<\/p>\n<p>&nbsp;<\/p>\n<p>&nbsp;<\/p>\n<h3>\u00bfCu\u00e1ntos ciclones falta por formarse?<\/h3>\n<p>&nbsp;<\/p>\n<p>&nbsp;<\/p>\n<p>Seg\u00fan los pron\u00f3sticos para esta temporada 2025, <strong>en el oc\u00e9ano Pac\u00edfico se previ\u00f3 la formaci\u00f3n de entre 16 y 20 ciclones tropicales, por lo cual faltar\u00edan al menos tres.<\/strong><\/p>\n<p>&nbsp;<\/p>\n<p>&nbsp;<\/p>\n<p>Los nombres para los siguientes sistemas en esta cuenca oce\u00e1nica ser\u00edan: Sonia, Tico, Velma, Wallis, Xina, York y Zelda. Se trata de m\u00e1s nombres del n\u00famero de ciclones previstos, en caso de que se formen m\u00e1s.<\/p>\n<p>&nbsp;<\/p>\n<p>&nbsp;<\/p>\n<p>Mientras que <strong>en el Atl\u00e1ntico se pronosticaron entre 13 y 17 ciclones, por lo que faltar\u00edan hasta cinco sistemas m\u00e1s<\/strong>.<\/p>\n<p>&nbsp;<\/p>\n<p>En este caso, los nombres podr\u00edan ser: Melissa, Nestor, Olga, Pablo, Rebekah, Sebastien, Tanya, Van y Wendy.<\/p>\n<p>&nbsp;<\/p>\n<blockquote class=\"twitter-tweet\" data-width=\"550\" data-dnt=\"true\">\n<p lang=\"en\" dir=\"ltr\">An ALPW perspective of Typhoon Ragasa as it travels across the South China Sea. Observed by polar-orbiting satellites over the past 24-hours. <a href=\"https:\/\/t.co\/3JEMy3BbMM\">pic.twitter.com\/3JEMy3BbMM<\/a><\/p>\n<p>&mdash; CIRA (@CIRA_CSU) <a href=\"https:\/\/twitter.com\/CIRA_CSU\/status\/1970543499503423767?ref_src=twsrc%5Etfw\">September 23, 2025<\/a><\/p><\/blockquote>\n<p><script async src=\"https:\/\/platform.twitter.com\/widgets.js\" charset=\"utf-8\"><\/script><\/p>\n<p>Hurricane Erin swirls northward in the Atlantic Ocean. Seen by polar-orbiting satellites over the past 24-hours. pic.twitter.com\/W9ceIXyPmk<\/p>\n<p>\u2014 CIRA (@CIRA_CSU) August 20, 2025<\/p>\n<p>&nbsp;<\/p>\n<h3>La formaci\u00f3n de los ciclones tropicales<\/h3>\n<p>&nbsp;<\/p>\n<p>Los ciclones se forman en aguas tropicales, cuando la temperatura es superior a los 26 grados y existe una zona de baja presi\u00f3n atmosf\u00e9rica.<\/p>\n<p>&nbsp;<\/p>\n<p>Tienen una circulaci\u00f3n organizada y definida en superficie.<\/p>\n<p>&nbsp;<\/p>\n<p>En el hemisferio norte, los vientos de los ciclones tropicales giran en sentido contrario a las manecillas del reloj.<\/p>\n<p>&nbsp;<\/p>\n<p>Se desarrollan en la zona de convergencia intertropical, hacia los 10\u00b0 de latitud Norte.<\/p>\n<p>&nbsp;<\/p>\n<p>Se clasifican de acuerdo con la velocidad de sus vientos m\u00e1ximos en: depresi\u00f3n tropical, tormenta tropical y hurac\u00e1n.<\/p>\n<p>&nbsp;<\/p>\n<p>De acuerdo con informaci\u00f3n de la Comisi\u00f3n Nacional del Agua, la evoluci\u00f3n de un cicl\u00f3n tropical puede llegar a desarrollar cuatro etapas:<\/p>\n<p>&nbsp;<\/p>\n<p><strong>Perturbaci\u00f3n Tropical:<\/strong> Zona de inestabilidad atmosf\u00e9rica asociada a la existencia de un \u00e1rea de baja presi\u00f3n, la cual propicia la generaci\u00f3n incipiente de vientos convergentes cuya organizaci\u00f3n eventual provoca el desarrollo de una depresi\u00f3n tropical.<\/p>\n<p>&nbsp;<\/p>\n<p><strong>Depresi\u00f3n Tropical:<\/strong> Los vientos se incrementan en la superficie producto de la existencia de una zona de baja presi\u00f3n; esos vientos alcanzan una velocidad sostenida menor o igual a 62 kil\u00f3metros por hora.<\/p>\n<p>&nbsp;<\/p>\n<p><strong>Tormenta Tropical<\/strong>: El incremento continuo de los vientos provoca que \u00e9stos alcancen velocidades sostenidas entre los 63 y 118 kil\u00f3metros por hora. Adem\u00e1s, las nubes se distribuyen en forma de espiral. Cuando el cicl\u00f3n alcanza esta intensidad se le asigna un nombre preestablecido por la Organizaci\u00f3n Meteorol\u00f3gica Mundial.<\/p>\n<p>&nbsp;<\/p>\n<p><strong>Hurac\u00e1n:<\/strong> Es el cicl\u00f3n tropical en el cual los vientos m\u00e1ximos sostenidos alcanzan o superan los 119 kil\u00f3metros por hora y su \u00e1rea nubosa cubre una extensi\u00f3n entre los 500 y 900 km de di\u00e1metro, produciendo lluvias intensas. En esta etapa el cicl\u00f3n se clasifica por medio de la escala Saffir-Simpson.<\/p>\n<p>&nbsp;<\/p>\n<p>&nbsp;<\/p>\n<p>&nbsp;<\/p>\n<p>PUBLICADO EL 13 DE OCTUBRE DE 2025 Con informaci\u00f3n de N+)<\/p>\n","protected":false},"excerpt":{"rendered":"<p>CIUDAD DE M\u00c9XICO.MX. \u2014 La temporada de ciclones tropicales 2025 contin\u00faa muy intensa en nuestro&#8230;<\/p>\n","protected":false},"author":1,"featured_media":226147,"comment_status":"open","ping_status":"open","sticky":false,"template":"","format":"standard","meta":{"_monsterinsights_skip_tracking":false,"_monsterinsights_sitenote_active":false,"_monsterinsights_sitenote_note":"","_monsterinsights_sitenote_category":0,"footnotes":""},"categories":[5],"tags":[],"class_list":["post"],"yoast_head":" \n<title>Sonora en Equipo. La temporada de huracanes por terminar, solo faltan 3 en el Pac\u00edfico y 5 en el Atl\u00e1ntico Rep\u00fablica<\/title>\n<meta name=\"description\" content=\"CIUDAD DE M\u00c9XICO.MX. \u2014 La temporada de ciclones tropicales 2025 contin\u00faa muy intensa en nuestro pa\u00eds, pues aunque ya se formaron 29 fen\u00f3menos En Sonora en Equipo publicamos toda la informaci\u00f3n de Sonora, M\u00e9xico y el Mundo de manera oportuna y busca que la libertad de expresi\u00f3n sea real. Visita nuestro medio informativo publicado desde Hermosillo, Sonora. %\" \/>\n<meta name=\"robots\" content=\"index, follow, max-snippet:-1, max-image-preview:large, max-video-preview:-1\" \/>\n<link rel=\"canonical\" href=\"https:\/\/www.sonoraenequipo.com.mx\/la-temporada-de-huracanes-esta-por-terminar-solo-faltan-3-en-el-pacifico-y-5-en-el-atlantico\/\" \/>\n<meta property=\"og:locale\" content=\"es_ES\" \/>\n<meta property=\"og:type\" content=\"article\" \/>\n<meta property=\"og:title\" content=\"Sonora en Equipo. La temporada de huracanes por terminar, solo faltan 3 en el Pac\u00edfico y 5 en el Atl\u00e1ntico Rep\u00fablica\" \/>\n<meta property=\"og:description\" content=\"CIUDAD DE M\u00c9XICO.MX. \u2014 La temporada de ciclones tropicales 2025 contin\u00faa muy intensa en nuestro pa\u00eds, pues aunque ya se formaron 29 fen\u00f3menos En Sonora en Equipo publicamos toda la informaci\u00f3n de Sonora, M\u00e9xico y el Mundo de manera oportuna y busca que la libertad de expresi\u00f3n sea real. Visita nuestro medio informativo publicado desde Hermosillo, Sonora. %\" \/>\n<meta property=\"og:url\" content=\"https:\/\/www.sonoraenequipo.com.mx\/la-temporada-de-huracanes-esta-por-terminar-solo-faltan-3-en-el-pacifico-y-5-en-el-atlantico\/\" \/>\n<meta property=\"og:site_name\" content=\"Sonora en Equipo.\" \/>\n<meta property=\"article:publisher\" content=\"https:\/\/www.facebook.com\/SonoraEE\/\" \/>\n<meta property=\"article:author\" content=\"https:\/\/www.facebook.com\/SonoraEE\" \/>\n<meta property=\"article:published_time\" content=\"2025-10-13T20:54:17+00:00\" \/>\n<meta property=\"article:modified_time\" content=\"2025-10-13T23:07:41+00:00\" \/>\n<meta property=\"og:image\" content=\"https:\/\/www.sonoraenequipo.com.mx\/storage\/2025\/10\/huracan-humberto-atlantico-min.jpg\" \/>\n\t<meta property=\"og:image:width\" content=\"1000\" \/>\n\t<meta property=\"og:image:height\" content=\"562\" \/>\n\t<meta property=\"og:image:type\" content=\"image\/jpeg\" \/>\n<meta name=\"author\" content=\"enequipo\" \/>\n<meta name=\"twitter:card\" content=\"summary_large_image\" \/>\n<meta name=\"twitter:creator\" content=\"@sonoraenequipo\" \/>\n<meta name=\"twitter:site\" content=\"@sonoraenequipo\" \/>\n<meta name=\"twitter:label1\" content=\"Escrito por\" \/>\n\t<meta name=\"twitter:data1\" content=\"enequipo\" \/>\n\t<meta name=\"twitter:label2\" content=\"Tiempo de lectura\" \/>\n\t<meta name=\"twitter:data2\" content=\"4 minutos\" \/>\n<script type=\"application\/ld+json\" class=\"yoast-schema-graph\">{\"@context\":\"https:\/\/schema.org\",\"@graph\":[{\"@type\":\"Article\",\"@id\":\"https:\/\/www.sonoraenequipo.com.mx\/la-temporada-de-huracanes-esta-por-terminar-solo-faltan-3-en-el-pacifico-y-5-en-el-atlantico\/#article\",\"isPartOf\":{\"@id\":\"https:\/\/www.sonoraenequipo.com.mx\/la-temporada-de-huracanes-esta-por-terminar-solo-faltan-3-en-el-pacifico-y-5-en-el-atlantico\/\"},\"author\":{\"name\":\"enequipo\",\"@id\":\"https:\/\/www.sonoraenequipo.com.mx\/#\/schema\/person\/50102df0fb23a8fa9e8effad8fa81386\"},\"headline\":\"La temporada de huracanes por terminar, solo faltan 3 en el Pac\u00edfico y 5 en el Atl\u00e1ntico\",\"datePublished\":\"2025-10-13T20:54:17+00:00\",\"dateModified\":\"2025-10-13T23:07:41+00:00\",\"mainEntityOfPage\":{\"@id\":\"https:\/\/www.sonoraenequipo.com.mx\/la-temporada-de-huracanes-esta-por-terminar-solo-faltan-3-en-el-pacifico-y-5-en-el-atlantico\/\"},\"wordCount\":780,\"commentCount\":0,\"publisher\":{\"@id\":\"https:\/\/www.sonoraenequipo.com.mx\/#organization\"},\"image\":{\"@id\":\"https:\/\/www.sonoraenequipo.com.mx\/la-temporada-de-huracanes-esta-por-terminar-solo-faltan-3-en-el-pacifico-y-5-en-el-atlantico\/#primaryimage\"},\"thumbnailUrl\":\"https:\/\/www.sonoraenequipo.com.mx\/storage\/2025\/10\/huracan-humberto-atlantico-min.jpg\",\"articleSection\":[\"Rep\u00fablica\"],\"inLanguage\":\"es\",\"potentialAction\":[{\"@type\":\"CommentAction\",\"name\":\"Comment\",\"target\":[\"https:\/\/www.sonoraenequipo.com.mx\/la-temporada-de-huracanes-esta-por-terminar-solo-faltan-3-en-el-pacifico-y-5-en-el-atlantico\/#respond\"]}]},{\"@type\":\"WebPage\",\"@id\":\"https:\/\/www.sonoraenequipo.com.mx\/la-temporada-de-huracanes-esta-por-terminar-solo-faltan-3-en-el-pacifico-y-5-en-el-atlantico\/\",\"url\":\"https:\/\/www.sonoraenequipo.com.mx\/la-temporada-de-huracanes-esta-por-terminar-solo-faltan-3-en-el-pacifico-y-5-en-el-atlantico\/\",\"name\":\"Sonora en Equipo. La temporada de huracanes por terminar, solo faltan 3 en el Pac\u00edfico y 5 en el Atl\u00e1ntico Rep\u00fablica\",\"isPartOf\":{\"@id\":\"https:\/\/www.sonoraenequipo.com.mx\/#website\"},\"primaryImageOfPage\":{\"@id\":\"https:\/\/www.sonoraenequipo.com.mx\/la-temporada-de-huracanes-esta-por-terminar-solo-faltan-3-en-el-pacifico-y-5-en-el-atlantico\/#primaryimage\"},\"image\":{\"@id\":\"https:\/\/www.sonoraenequipo.com.mx\/la-temporada-de-huracanes-esta-por-terminar-solo-faltan-3-en-el-pacifico-y-5-en-el-atlantico\/#primaryimage\"},\"thumbnailUrl\":\"https:\/\/www.sonoraenequipo.com.mx\/storage\/2025\/10\/huracan-humberto-atlantico-min.jpg\",\"datePublished\":\"2025-10-13T20:54:17+00:00\",\"dateModified\":\"2025-10-13T23:07:41+00:00\",\"description\":\"CIUDAD DE M\u00c9XICO.MX. \u2014 La temporada de ciclones tropicales 2025 contin\u00faa muy intensa en nuestro pa\u00eds, pues aunque ya se formaron 29 fen\u00f3menos En Sonora en Equipo publicamos toda la informaci\u00f3n de Sonora, M\u00e9xico y el Mundo de manera oportuna y busca que la libertad de expresi\u00f3n sea real. Visita nuestro medio informativo publicado desde Hermosillo, Sonora. %\",\"breadcrumb\":{\"@id\":\"https:\/\/www.sonoraenequipo.com.mx\/la-temporada-de-huracanes-esta-por-terminar-solo-faltan-3-en-el-pacifico-y-5-en-el-atlantico\/#breadcrumb\"},\"inLanguage\":\"es\",\"potentialAction\":[{\"@type\":\"ReadAction\",\"target\":[\"https:\/\/www.sonoraenequipo.com.mx\/la-temporada-de-huracanes-esta-por-terminar-solo-faltan-3-en-el-pacifico-y-5-en-el-atlantico\/\"]}]},{\"@type\":\"ImageObject\",\"inLanguage\":\"es\",\"@id\":\"https:\/\/www.sonoraenequipo.com.mx\/la-temporada-de-huracanes-esta-por-terminar-solo-faltan-3-en-el-pacifico-y-5-en-el-atlantico\/#primaryimage\",\"url\":\"https:\/\/www.sonoraenequipo.com.mx\/storage\/2025\/10\/huracan-humberto-atlantico-min.jpg\",\"contentUrl\":\"https:\/\/www.sonoraenequipo.com.mx\/storage\/2025\/10\/huracan-humberto-atlantico-min.jpg\",\"width\":1000,\"height\":562},{\"@type\":\"BreadcrumbList\",\"@id\":\"https:\/\/www.sonoraenequipo.com.mx\/la-temporada-de-huracanes-esta-por-terminar-solo-faltan-3-en-el-pacifico-y-5-en-el-atlantico\/#breadcrumb\",\"itemListElement\":[{\"@type\":\"ListItem\",\"position\":1,\"name\":\"Portada\",\"item\":\"https:\/\/www.sonoraenequipo.com.mx\/\"},{\"@type\":\"ListItem\",\"position\":2,\"name\":\"La temporada de huracanes por terminar, solo faltan 3 en el Pac\u00edfico y 5 en el Atl\u00e1ntico\"}]},{\"@type\":\"WebSite\",\"@id\":\"https:\/\/www.sonoraenequipo.com.mx\/#website\",\"url\":\"https:\/\/www.sonoraenequipo.com.mx\/\",\"name\":\"Sonora en Equipo.\",\"description\":\"Diario en l\u00ednea con Noticias desde Hermosillo, Sonora\",\"publisher\":{\"@id\":\"https:\/\/www.sonoraenequipo.com.mx\/#organization\"},\"potentialAction\":[{\"@type\":\"SearchAction\",\"target\":{\"@type\":\"EntryPoint\",\"urlTemplate\":\"https:\/\/www.sonoraenequipo.com.mx\/?s={search_term_string}\"},\"query-input\":{\"@type\":\"PropertyValueSpecification\",\"valueRequired\":true,\"valueName\":\"search_term_string\"}}],\"inLanguage\":\"es\"},{\"@type\":\"Organization\",\"@id\":\"https:\/\/www.sonoraenequipo.com.mx\/#organization\",\"name\":\"Sonoraenequipo.com.mx\",\"url\":\"https:\/\/www.sonoraenequipo.com.mx\/\",\"logo\":{\"@type\":\"ImageObject\",\"inLanguage\":\"es\",\"@id\":\"https:\/\/www.sonoraenequipo.com.mx\/#\/schema\/logo\/image\/\",\"url\":\"https:\/\/www.sonoraenequipo.com.mx\/storage\/2019\/01\/sonoraenequipo_opt.png\",\"contentUrl\":\"https:\/\/www.sonoraenequipo.com.mx\/storage\/2019\/01\/sonoraenequipo_opt.png\",\"width\":375,\"height\":125,\"caption\":\"Sonoraenequipo.com.mx\"},\"image\":{\"@id\":\"https:\/\/www.sonoraenequipo.com.mx\/#\/schema\/logo\/image\/\"},\"sameAs\":[\"https:\/\/www.facebook.com\/SonoraEE\/\",\"https:\/\/x.com\/sonoraenequipo\",\"https:\/\/www.youtube.com\/channel\/UC338nW-lPEYmJQs4ZABQ1SQ\"]},{\"@type\":\"Person\",\"@id\":\"https:\/\/www.sonoraenequipo.com.mx\/#\/schema\/person\/50102df0fb23a8fa9e8effad8fa81386\",\"name\":\"enequipo\",\"image\":{\"@type\":\"ImageObject\",\"inLanguage\":\"es\",\"@id\":\"https:\/\/www.sonoraenequipo.com.mx\/#\/schema\/person\/image\/\",\"url\":\"https:\/\/secure.gravatar.com\/avatar\/049821681b589dabc0bc20695993ccebb09f5b5d4d790cd9251b97faac7c652b?s=96&d=blank&r=g\",\"contentUrl\":\"https:\/\/secure.gravatar.com\/avatar\/049821681b589dabc0bc20695993ccebb09f5b5d4d790cd9251b97faac7c652b?s=96&d=blank&r=g\",\"caption\":\"enequipo\"},\"sameAs\":[\"https:\/\/www.facebook.com\/SonoraEE\"]}]}<\/script>\n ","yoast_head_json":{"title":"Sonora en Equipo. La temporada de huracanes por terminar, solo faltan 3 en el Pac\u00edfico y 5 en el Atl\u00e1ntico Rep\u00fablica","description":"CIUDAD DE M\u00c9XICO.MX. \u2014 La temporada de ciclones tropicales 2025 contin\u00faa muy intensa en nuestro pa\u00eds, pues aunque ya se formaron 29 fen\u00f3menos En Sonora en Equipo publicamos toda la informaci\u00f3n de Sonora, M\u00e9xico y el Mundo de manera oportuna y busca que la libertad de expresi\u00f3n sea real. Visita nuestro medio informativo publicado desde Hermosillo, Sonora. %","robots":{"index":"index","follow":"follow","max-snippet":"max-snippet:-1","max-image-preview":"max-image-preview:large","max-video-preview":"max-video-preview:-1"},"canonical":"https:\/\/www.sonoraenequipo.com.mx\/la-temporada-de-huracanes-esta-por-terminar-solo-faltan-3-en-el-pacifico-y-5-en-el-atlantico\/","og_locale":"es_ES","og_type":"article","og_title":"Sonora en Equipo. La temporada de huracanes por terminar, solo faltan 3 en el Pac\u00edfico y 5 en el Atl\u00e1ntico Rep\u00fablica","og_description":"CIUDAD DE M\u00c9XICO.MX. \u2014 La temporada de ciclones tropicales 2025 contin\u00faa muy intensa en nuestro pa\u00eds, pues aunque ya se formaron 29 fen\u00f3menos En Sonora en Equipo publicamos toda la informaci\u00f3n de Sonora, M\u00e9xico y el Mundo de manera oportuna y busca que la libertad de expresi\u00f3n sea real. Visita nuestro medio informativo publicado desde Hermosillo, Sonora. %","og_url":"https:\/\/www.sonoraenequipo.com.mx\/la-temporada-de-huracanes-esta-por-terminar-solo-faltan-3-en-el-pacifico-y-5-en-el-atlantico\/","og_site_name":"Sonora en Equipo.","article_publisher":"https:\/\/www.facebook.com\/SonoraEE\/","article_author":"https:\/\/www.facebook.com\/SonoraEE","article_published_time":"2025-10-13T20:54:17+00:00","article_modified_time":"2025-10-13T23:07:41+00:00","og_image":[{"width":1000,"height":562,"url":"https:\/\/www.sonoraenequipo.com.mx\/storage\/2025\/10\/huracan-humberto-atlantico-min.jpg","type":"image\/jpeg"}],"author":"enequipo","twitter_card":"summary_large_image","twitter_creator":"@sonoraenequipo","twitter_site":"@sonoraenequipo","twitter_misc":{"Escrito por":"enequipo","Tiempo de lectura":"4 minutos"},"schema":{"@context":"https:\/\/schema.org","@graph":[{"@type":"Article","@id":"https:\/\/www.sonoraenequipo.com.mx\/la-temporada-de-huracanes-esta-por-terminar-solo-faltan-3-en-el-pacifico-y-5-en-el-atlantico\/#article","isPartOf":{"@id":"https:\/\/www.sonoraenequipo.com.mx\/la-temporada-de-huracanes-esta-por-terminar-solo-faltan-3-en-el-pacifico-y-5-en-el-atlantico\/"},"author":{"name":"enequipo","@id":"https:\/\/www.sonoraenequipo.com.mx\/#\/schema\/person\/50102df0fb23a8fa9e8effad8fa81386"},"headline":"La temporada de huracanes por terminar, solo faltan 3 en el Pac\u00edfico y 5 en el Atl\u00e1ntico","datePublished":"2025-10-13T20:54:17+00:00","dateModified":"2025-10-13T23:07:41+00:00","mainEntityOfPage":{"@id":"https:\/\/www.sonoraenequipo.com.mx\/la-temporada-de-huracanes-esta-por-terminar-solo-faltan-3-en-el-pacifico-y-5-en-el-atlantico\/"},"wordCount":780,"commentCount":0,"publisher":{"@id":"https:\/\/www.sonoraenequipo.com.mx\/#organization"},"image":{"@id":"https:\/\/www.sonoraenequipo.com.mx\/la-temporada-de-huracanes-esta-por-terminar-solo-faltan-3-en-el-pacifico-y-5-en-el-atlantico\/#primaryimage"},"thumbnailUrl":"https:\/\/www.sonoraenequipo.com.mx\/storage\/2025\/10\/huracan-humberto-atlantico-min.jpg","articleSection":["Rep\u00fablica"],"inLanguage":"es","potentialAction":[{"@type":"CommentAction","name":"Comment","target":["https:\/\/www.sonoraenequipo.com.mx\/la-temporada-de-huracanes-esta-por-terminar-solo-faltan-3-en-el-pacifico-y-5-en-el-atlantico\/#respond"]}]},{"@type":"WebPage","@id":"https:\/\/www.sonoraenequipo.com.mx\/la-temporada-de-huracanes-esta-por-terminar-solo-faltan-3-en-el-pacifico-y-5-en-el-atlantico\/","url":"https:\/\/www.sonoraenequipo.com.mx\/la-temporada-de-huracanes-esta-por-terminar-solo-faltan-3-en-el-pacifico-y-5-en-el-atlantico\/","name":"Sonora en Equipo. La temporada de huracanes por terminar, solo faltan 3 en el Pac\u00edfico y 5 en el Atl\u00e1ntico Rep\u00fablica","isPartOf":{"@id":"https:\/\/www.sonoraenequipo.com.mx\/#website"},"primaryImageOfPage":{"@id":"https:\/\/www.sonoraenequipo.com.mx\/la-temporada-de-huracanes-esta-por-terminar-solo-faltan-3-en-el-pacifico-y-5-en-el-atlantico\/#primaryimage"},"image":{"@id":"https:\/\/www.sonoraenequipo.com.mx\/la-temporada-de-huracanes-esta-por-terminar-solo-faltan-3-en-el-pacifico-y-5-en-el-atlantico\/#primaryimage"},"thumbnailUrl":"https:\/\/www.sonoraenequipo.com.mx\/storage\/2025\/10\/huracan-humberto-atlantico-min.jpg","datePublished":"2025-10-13T20:54:17+00:00","dateModified":"2025-10-13T23:07:41+00:00","description":"CIUDAD DE M\u00c9XICO.MX. \u2014 La temporada de ciclones tropicales 2025 contin\u00faa muy intensa en nuestro pa\u00eds, pues aunque ya se formaron 29 fen\u00f3menos En Sonora en Equipo publicamos toda la informaci\u00f3n de Sonora, M\u00e9xico y el Mundo de manera oportuna y busca que la libertad de expresi\u00f3n sea real. Visita nuestro medio informativo publicado desde Hermosillo, Sonora. %","breadcrumb":{"@id":"https:\/\/www.sonoraenequipo.com.mx\/la-temporada-de-huracanes-esta-por-terminar-solo-faltan-3-en-el-pacifico-y-5-en-el-atlantico\/#breadcrumb"},"inLanguage":"es","potentialAction":[{"@type":"ReadAction","target":["https:\/\/www.sonoraenequipo.com.mx\/la-temporada-de-huracanes-esta-por-terminar-solo-faltan-3-en-el-pacifico-y-5-en-el-atlantico\/"]}]},{"@type":"ImageObject","inLanguage":"es","@id":"https:\/\/www.sonoraenequipo.com.mx\/la-temporada-de-huracanes-esta-por-terminar-solo-faltan-3-en-el-pacifico-y-5-en-el-atlantico\/#primaryimage","url":"https:\/\/www.sonoraenequipo.com.mx\/storage\/2025\/10\/huracan-humberto-atlantico-min.jpg","contentUrl":"https:\/\/www.sonoraenequipo.com.mx\/storage\/2025\/10\/huracan-humberto-atlantico-min.jpg","width":1000,"height":562},{"@type":"BreadcrumbList","@id":"https:\/\/www.sonoraenequipo.com.mx\/la-temporada-de-huracanes-esta-por-terminar-solo-faltan-3-en-el-pacifico-y-5-en-el-atlantico\/#breadcrumb","itemListElement":[{"@type":"ListItem","position":1,"name":"Portada","item":"https:\/\/www.sonoraenequipo.com.mx\/"},{"@type":"ListItem","position":2,"name":"La temporada de huracanes por terminar, solo faltan 3 en el Pac\u00edfico y 5 en el Atl\u00e1ntico"}]},{"@type":"WebSite","@id":"https:\/\/www.sonoraenequipo.com.mx\/#website","url":"https:\/\/www.sonoraenequipo.com.mx\/","name":"Sonora en Equipo.","description":"Diario en l\u00ednea con Noticias desde Hermosillo, Sonora","publisher":{"@id":"https:\/\/www.sonoraenequipo.com.mx\/#organization"},"potentialAction":[{"@type":"SearchAction","target":{"@type":"EntryPoint","urlTemplate":"https:\/\/www.sonoraenequipo.com.mx\/?s={search_term_string}"},"query-input":{"@type":"PropertyValueSpecification","valueRequired":true,"valueName":"search_term_string"}}],"inLanguage":"es"},{"@type":"Organization","@id":"https:\/\/www.sonoraenequipo.com.mx\/#organization","name":"Sonoraenequipo.com.mx","url":"https:\/\/www.sonoraenequipo.com.mx\/","logo":{"@type":"ImageObject","inLanguage":"es","@id":"https:\/\/www.sonoraenequipo.com.mx\/#\/schema\/logo\/image\/","url":"https:\/\/www.sonoraenequipo.com.mx\/storage\/2019\/01\/sonoraenequipo_opt.png","contentUrl":"https:\/\/www.sonoraenequipo.com.mx\/storage\/2019\/01\/sonoraenequipo_opt.png","width":375,"height":125,"caption":"Sonoraenequipo.com.mx"},"image":{"@id":"https:\/\/www.sonoraenequipo.com.mx\/#\/schema\/logo\/image\/"},"sameAs":["https:\/\/www.facebook.com\/SonoraEE\/","https:\/\/x.com\/sonoraenequipo","https:\/\/www.youtube.com\/channel\/UC338nW-lPEYmJQs4ZABQ1SQ"]},{"@type":"Person","@id":"https:\/\/www.sonoraenequipo.com.mx\/#\/schema\/person\/50102df0fb23a8fa9e8effad8fa81386","name":"enequipo","image":{"@type":"ImageObject","inLanguage":"es","@id":"https:\/\/www.sonoraenequipo.com.mx\/#\/schema\/person\/image\/","url":"https:\/\/secure.gravatar.com\/avatar\/049821681b589dabc0bc20695993ccebb09f5b5d4d790cd9251b97faac7c652b?s=96&d=blank&r=g","contentUrl":"https:\/\/secure.gravatar.com\/avatar\/049821681b589dabc0bc20695993ccebb09f5b5d4d790cd9251b97faac7c652b?s=96&d=blank&r=g","caption":"enequipo"},"sameAs":["https:\/\/www.facebook.com\/SonoraEE"]}]}},"jetpack_featured_media_url":"https:\/\/www.sonoraenequipo.com.mx\/storage\/2025\/10\/huracan-humberto-atlantico-min.jpg","_links":{"self":[{"href":"https:\/\/www.sonoraenequipo.com.mx\/api\/wp\/v2\/posts\/226184","targetHints":{"allow":["GET"]}}],"collection":[{"href":"https:\/\/www.sonoraenequipo.com.mx\/api\/wp\/v2\/posts"}],"about":[{"href":"https:\/\/www.sonoraenequipo.com.mx\/api\/wp\/v2\/types\/post"}],"author":[{"embeddable":true,"href":"https:\/\/www.sonoraenequipo.com.mx\/api\/wp\/v2\/users\/1"}],"replies":[{"embeddable":true,"href":"https:\/\/www.sonoraenequipo.com.mx\/api\/wp\/v2\/comments?post=226184"}],"version-history":[{"count":3,"href":"https:\/\/www.sonoraenequipo.com.mx\/api\/wp\/v2\/posts\/226184\/revisions"}],"predecessor-version":[{"id":226188,"href":"https:\/\/www.sonoraenequipo.com.mx\/api\/wp\/v2\/posts\/226184\/revisions\/226188"}],"wp:featuredmedia":[{"embeddable":true,"href":"https:\/\/www.sonoraenequipo.com.mx\/api\/wp\/v2\/media\/226147"}],"wp:attachment":[{"href":"https:\/\/www.sonoraenequipo.com.mx\/api\/wp\/v2\/media?parent=226184"}],"wp:term":[{"taxonomy":"category","embeddable":true,"href":"https:\/\/www.sonoraenequipo.com.mx\/api\/wp\/v2\/categories?post=226184"},{"taxonomy":"post_tag","embeddable":true,"href":"https:\/\/www.sonoraenequipo.com.mx\/api\/wp\/v2\/tags?post=226184"}],"curies":[{"name":"wp","href":"https:\/\/api.w.org\/{rel}","templated":true}]}}