{"id":226191,"date":"2025-10-13T16:17:34","date_gmt":"2025-10-13T23:17:34","guid":{"rendered":"https:\/\/www.sonoraenequipo.com.mx\/?p=226191"},"modified":"2025-10-13T16:17:34","modified_gmt":"2025-10-13T23:17:34","slug":"arranca-torneo-unidos-por-la-paz-y-la-prevencion-organizado-por-ernestina-castro","status":"publish","type":"post","link":"https:\/\/www.sonoraenequipo.com.mx\/arranca-torneo-unidos-por-la-paz-y-la-prevencion-organizado-por-ernestina-castro\/","title":{"rendered":"\u00a1Arranca torneo \u00abUnidos por la Paz y la Prevenci\u00f3n\u00bb organizado por Ernestina Castro"},"content":{"rendered":"<p><strong>CAJEME, SONORA, MX.<\/strong><strong> \u0336 \u0336\u00a0 \u00a0<\/strong>En un ambiente de entusiasmo y compromiso, se llev\u00f3 a cabo la inauguraci\u00f3n de la Copa El Club \u00abUnidos por la Paz y la Prevenci\u00f3n\u00bb, un torneo de f\u00fatbol que encabeza la diputada del Distrito 15, Ernestina Castro Valenzuela, como parte de una estrategia integral para fomentar la convivencia y la prevenci\u00f3n social en la juventud de Cajeme.<\/p>\n<p>&nbsp;<\/p>\n<p>La ceremonia se realiz\u00f3 este viernes en el campo n\u00famero 6 del Deportivo \u00c1lvaro Obreg\u00f3n, contando con la participaci\u00f3n de 19 equipos en las ramas varonil y femenil, provenientes de distintas preparatorias del municipio.<\/p>\n<p>&nbsp;<\/p>\n<p>Una convocatoria que une a la juventud<\/p>\n<p>&nbsp;<\/p>\n<p>El torneo ha logrado convocar a una amplia representaci\u00f3n de instituciones educativas, demostrando el inter\u00e9s de la juventud en el deporte como v\u00eda de desarrollo y paz. Los equipos participantes incluyen estudiantes de:<\/p>\n<p>&nbsp;<\/p>\n<p>Cecytes Cajeme<\/p>\n<p>&nbsp;<\/p>\n<p>Cobach I, II y III<\/p>\n<p>&nbsp;<\/p>\n<p>CBTA 197 y 38<\/p>\n<p>&nbsp;<\/p>\n<p>Cebach<\/p>\n<p>&nbsp;<\/p>\n<p>Cecytes Esperanza<\/p>\n<p>&nbsp;<\/p>\n<p>Cetis 69<\/p>\n<p>&nbsp;<\/p>\n<p>Cbtis 37<\/p>\n<p>&nbsp;<\/p>\n<p>Colegio Progreso<\/p>\n<p>&nbsp;<\/p>\n<p>Instituto La Salle<\/p>\n<p>&nbsp;<\/p>\n<p>La diputada Ernestina Castro Valenzuela, acompa\u00f1ada de Rom\u00e1n Olivas Cece\u00f1a, en representaci\u00f3n del director del Instituto del Deporte, Rodrigo Minjarez Blasco, el Colegio de \u00c1rbitros, y directores de las escuelas participantes, fue la encargada de dar el mensaje de bienvenida y la patada inaugural.<\/p>\n<p>&nbsp;<\/p>\n<p>En su intervenci\u00f3n, la diputada Castro Valenzuela se dirigi\u00f3 a los j\u00f3venes deportistas:<\/p>\n<p>&nbsp;<\/p>\n<p>\u00abA las y los j\u00f3venes que participan en la Copa El<\/p>\n<p>Club quiero decirles que disfruten este torneo con alegr\u00eda, que jueguen con el coraz\u00f3n, pero, sobre todo, que lo hagan con respeto hacia sus compa\u00f1eros y rivales. Porque ganar no solo es levantar un trofeo, sino tambi\u00e9n aprender a convivir, a levantarse despu\u00e9s de una ca\u00edda y a seguir adelante con determinaci\u00f3n.\u00bb<\/p>\n<p>&nbsp;<\/p>\n<p>La legisladora enfatiz\u00f3 el valor del torneo m\u00e1s all\u00e1 de la competencia: \u00abRecuerden que aqu\u00ed no solo se trata de ganar, sino de convivir, de aprender, y de demostrar que en Cajeme hay juventud con talento, con sue\u00f1os y con muchas ganas de salir adelante.\u00bb<\/p>\n<p>&nbsp;<\/p>\n<p>Finalmente, reconoci\u00f3 a quienes hicieron posible el evento: \u00abMi reconocimiento tambi\u00e9n al equipo organizador y a todas las instituciones que suman esfuerzos en este proyecto. Su compromiso demuestra que cuando trabajamos juntos, podemos construir un entorno m\u00e1s sano, solidario y esperanzador para Cajeme.\u00bb<\/p>\n<p>&nbsp;<\/p>\n<p>Con el deseo de \u00e9xito para todos los equipos, la diputada declar\u00f3 formalmente inaugurada la Copa El Club 2025. El torneo se desarrollar\u00e1 durante las pr\u00f3ximas semanas, promoviendo los valores del deporte y la paz entre la comunidad estudiantil de Cajeme.<\/p>\n<p><strong>Fecha de publicaci\u00f3n lunes 13 de octubre de 2025<\/strong><\/p>\n<p>&nbsp;<\/p>\n","protected":false},"excerpt":{"rendered":"<p>CAJEME, SONORA, MX. \u0336 \u0336\u00a0 \u00a0En un ambiente de entusiasmo y compromiso, se llev\u00f3 a&#8230;<\/p>\n","protected":false},"author":1,"featured_media":226192,"comment_status":"open","ping_status":"open","sticky":false,"template":"","format":"standard","meta":{"_monsterinsights_skip_tracking":false,"_monsterinsights_sitenote_active":false,"_monsterinsights_sitenote_note":"","_monsterinsights_sitenote_category":0,"footnotes":""},"categories":[3281],"tags":[4567],"class_list":["post"],"yoast_head":" \n<title>Sonora en Equipo. \u00a1Arranca torneo &quot;Unidos por la Paz y la Prevenci\u00f3n&quot; organizado por Ernestina Castro Congreso<\/title>\n<meta name=\"description\" content=\"CAJEME, SONORA, MX. \u0336 \u0336\u00a0 \u00a0En un ambiente de entusiasmo y compromiso, se llev\u00f3 a cabo la inauguraci\u00f3n de la Copa El Club &quot;Unidos por la Paz y la En Sonora en Equipo publicamos toda la informaci\u00f3n de Sonora, M\u00e9xico y el Mundo de manera oportuna y busca que la libertad de expresi\u00f3n sea real. Visita nuestro medio informativo publicado desde Hermosillo, Sonora. %\" \/>\n<meta name=\"robots\" content=\"index, follow, max-snippet:-1, max-image-preview:large, max-video-preview:-1\" \/>\n<link rel=\"canonical\" href=\"https:\/\/www.sonoraenequipo.com.mx\/arranca-torneo-unidos-por-la-paz-y-la-prevencion-organizado-por-ernestina-castro\/\" \/>\n<meta property=\"og:locale\" content=\"es_ES\" \/>\n<meta property=\"og:type\" content=\"article\" \/>\n<meta property=\"og:title\" content=\"Sonora en Equipo. \u00a1Arranca torneo &quot;Unidos por la Paz y la Prevenci\u00f3n&quot; organizado por Ernestina Castro Congreso\" \/>\n<meta property=\"og:description\" content=\"CAJEME, SONORA, MX. \u0336 \u0336\u00a0 \u00a0En un ambiente de entusiasmo y compromiso, se llev\u00f3 a cabo la inauguraci\u00f3n de la Copa El Club &quot;Unidos por la Paz y la En Sonora en Equipo publicamos toda la informaci\u00f3n de Sonora, M\u00e9xico y el Mundo de manera oportuna y busca que la libertad de expresi\u00f3n sea real. Visita nuestro medio informativo publicado desde Hermosillo, Sonora. %\" \/>\n<meta property=\"og:url\" content=\"https:\/\/www.sonoraenequipo.com.mx\/arranca-torneo-unidos-por-la-paz-y-la-prevencion-organizado-por-ernestina-castro\/\" \/>\n<meta property=\"og:site_name\" content=\"Sonora en Equipo.\" \/>\n<meta property=\"article:publisher\" content=\"https:\/\/www.facebook.com\/SonoraEE\/\" \/>\n<meta property=\"article:author\" content=\"https:\/\/www.facebook.com\/SonoraEE\" \/>\n<meta property=\"article:published_time\" content=\"2025-10-13T23:17:34+00:00\" \/>\n<meta property=\"og:image\" content=\"https:\/\/www.sonoraenequipo.com.mx\/storage\/2025\/10\/ECV-jornada.jpg\" \/>\n\t<meta property=\"og:image:width\" content=\"600\" \/>\n\t<meta property=\"og:image:height\" content=\"400\" \/>\n\t<meta property=\"og:image:type\" content=\"image\/jpeg\" \/>\n<meta name=\"author\" content=\"enequipo\" \/>\n<meta name=\"twitter:card\" content=\"summary_large_image\" \/>\n<meta name=\"twitter:creator\" content=\"@sonoraenequipo\" \/>\n<meta name=\"twitter:site\" content=\"@sonoraenequipo\" \/>\n<meta name=\"twitter:label1\" content=\"Escrito por\" \/>\n\t<meta name=\"twitter:data1\" content=\"enequipo\" \/>\n\t<meta name=\"twitter:label2\" content=\"Tiempo de lectura\" \/>\n\t<meta name=\"twitter:data2\" content=\"2 minutos\" \/>\n<script type=\"application\/ld+json\" class=\"yoast-schema-graph\">{\"@context\":\"https:\/\/schema.org\",\"@graph\":[{\"@type\":\"Article\",\"@id\":\"https:\/\/www.sonoraenequipo.com.mx\/arranca-torneo-unidos-por-la-paz-y-la-prevencion-organizado-por-ernestina-castro\/#article\",\"isPartOf\":{\"@id\":\"https:\/\/www.sonoraenequipo.com.mx\/arranca-torneo-unidos-por-la-paz-y-la-prevencion-organizado-por-ernestina-castro\/\"},\"author\":{\"name\":\"enequipo\",\"@id\":\"https:\/\/www.sonoraenequipo.com.mx\/#\/schema\/person\/50102df0fb23a8fa9e8effad8fa81386\"},\"headline\":\"\u00a1Arranca torneo \u00abUnidos por la Paz y la Prevenci\u00f3n\u00bb organizado por Ernestina Castro\",\"datePublished\":\"2025-10-13T23:17:34+00:00\",\"mainEntityOfPage\":{\"@id\":\"https:\/\/www.sonoraenequipo.com.mx\/arranca-torneo-unidos-por-la-paz-y-la-prevencion-organizado-por-ernestina-castro\/\"},\"wordCount\":469,\"commentCount\":0,\"publisher\":{\"@id\":\"https:\/\/www.sonoraenequipo.com.mx\/#organization\"},\"image\":{\"@id\":\"https:\/\/www.sonoraenequipo.com.mx\/arranca-torneo-unidos-por-la-paz-y-la-prevencion-organizado-por-ernestina-castro\/#primaryimage\"},\"thumbnailUrl\":\"https:\/\/www.sonoraenequipo.com.mx\/storage\/2025\/10\/ECV-jornada.jpg\",\"keywords\":[\"Ernestina Castro\"],\"articleSection\":[\"Congreso\"],\"inLanguage\":\"es\",\"potentialAction\":[{\"@type\":\"CommentAction\",\"name\":\"Comment\",\"target\":[\"https:\/\/www.sonoraenequipo.com.mx\/arranca-torneo-unidos-por-la-paz-y-la-prevencion-organizado-por-ernestina-castro\/#respond\"]}]},{\"@type\":\"WebPage\",\"@id\":\"https:\/\/www.sonoraenequipo.com.mx\/arranca-torneo-unidos-por-la-paz-y-la-prevencion-organizado-por-ernestina-castro\/\",\"url\":\"https:\/\/www.sonoraenequipo.com.mx\/arranca-torneo-unidos-por-la-paz-y-la-prevencion-organizado-por-ernestina-castro\/\",\"name\":\"Sonora en Equipo. \u00a1Arranca torneo \\\"Unidos por la Paz y la Prevenci\u00f3n\\\" organizado por Ernestina Castro Congreso\",\"isPartOf\":{\"@id\":\"https:\/\/www.sonoraenequipo.com.mx\/#website\"},\"primaryImageOfPage\":{\"@id\":\"https:\/\/www.sonoraenequipo.com.mx\/arranca-torneo-unidos-por-la-paz-y-la-prevencion-organizado-por-ernestina-castro\/#primaryimage\"},\"image\":{\"@id\":\"https:\/\/www.sonoraenequipo.com.mx\/arranca-torneo-unidos-por-la-paz-y-la-prevencion-organizado-por-ernestina-castro\/#primaryimage\"},\"thumbnailUrl\":\"https:\/\/www.sonoraenequipo.com.mx\/storage\/2025\/10\/ECV-jornada.jpg\",\"datePublished\":\"2025-10-13T23:17:34+00:00\",\"description\":\"CAJEME, SONORA, MX. \u0336 \u0336\u00a0 \u00a0En un ambiente de entusiasmo y compromiso, se llev\u00f3 a cabo la inauguraci\u00f3n de la Copa El Club \\\"Unidos por la Paz y la En Sonora en Equipo publicamos toda la informaci\u00f3n de Sonora, M\u00e9xico y el Mundo de manera oportuna y busca que la libertad de expresi\u00f3n sea real. Visita nuestro medio informativo publicado desde Hermosillo, Sonora. %\",\"breadcrumb\":{\"@id\":\"https:\/\/www.sonoraenequipo.com.mx\/arranca-torneo-unidos-por-la-paz-y-la-prevencion-organizado-por-ernestina-castro\/#breadcrumb\"},\"inLanguage\":\"es\",\"potentialAction\":[{\"@type\":\"ReadAction\",\"target\":[\"https:\/\/www.sonoraenequipo.com.mx\/arranca-torneo-unidos-por-la-paz-y-la-prevencion-organizado-por-ernestina-castro\/\"]}]},{\"@type\":\"ImageObject\",\"inLanguage\":\"es\",\"@id\":\"https:\/\/www.sonoraenequipo.com.mx\/arranca-torneo-unidos-por-la-paz-y-la-prevencion-organizado-por-ernestina-castro\/#primaryimage\",\"url\":\"https:\/\/www.sonoraenequipo.com.mx\/storage\/2025\/10\/ECV-jornada.jpg\",\"contentUrl\":\"https:\/\/www.sonoraenequipo.com.mx\/storage\/2025\/10\/ECV-jornada.jpg\",\"width\":600,\"height\":400},{\"@type\":\"BreadcrumbList\",\"@id\":\"https:\/\/www.sonoraenequipo.com.mx\/arranca-torneo-unidos-por-la-paz-y-la-prevencion-organizado-por-ernestina-castro\/#breadcrumb\",\"itemListElement\":[{\"@type\":\"ListItem\",\"position\":1,\"name\":\"Portada\",\"item\":\"https:\/\/www.sonoraenequipo.com.mx\/\"},{\"@type\":\"ListItem\",\"position\":2,\"name\":\"\u00a1Arranca torneo \u00abUnidos por la Paz y la Prevenci\u00f3n\u00bb organizado por Ernestina Castro\"}]},{\"@type\":\"WebSite\",\"@id\":\"https:\/\/www.sonoraenequipo.com.mx\/#website\",\"url\":\"https:\/\/www.sonoraenequipo.com.mx\/\",\"name\":\"Sonora en Equipo.\",\"description\":\"Diario en l\u00ednea con Noticias desde Hermosillo, Sonora\",\"publisher\":{\"@id\":\"https:\/\/www.sonoraenequipo.com.mx\/#organization\"},\"potentialAction\":[{\"@type\":\"SearchAction\",\"target\":{\"@type\":\"EntryPoint\",\"urlTemplate\":\"https:\/\/www.sonoraenequipo.com.mx\/?s={search_term_string}\"},\"query-input\":{\"@type\":\"PropertyValueSpecification\",\"valueRequired\":true,\"valueName\":\"search_term_string\"}}],\"inLanguage\":\"es\"},{\"@type\":\"Organization\",\"@id\":\"https:\/\/www.sonoraenequipo.com.mx\/#organization\",\"name\":\"Sonoraenequipo.com.mx\",\"url\":\"https:\/\/www.sonoraenequipo.com.mx\/\",\"logo\":{\"@type\":\"ImageObject\",\"inLanguage\":\"es\",\"@id\":\"https:\/\/www.sonoraenequipo.com.mx\/#\/schema\/logo\/image\/\",\"url\":\"https:\/\/www.sonoraenequipo.com.mx\/storage\/2019\/01\/sonoraenequipo_opt.png\",\"contentUrl\":\"https:\/\/www.sonoraenequipo.com.mx\/storage\/2019\/01\/sonoraenequipo_opt.png\",\"width\":375,\"height\":125,\"caption\":\"Sonoraenequipo.com.mx\"},\"image\":{\"@id\":\"https:\/\/www.sonoraenequipo.com.mx\/#\/schema\/logo\/image\/\"},\"sameAs\":[\"https:\/\/www.facebook.com\/SonoraEE\/\",\"https:\/\/x.com\/sonoraenequipo\",\"https:\/\/www.youtube.com\/channel\/UC338nW-lPEYmJQs4ZABQ1SQ\"]},{\"@type\":\"Person\",\"@id\":\"https:\/\/www.sonoraenequipo.com.mx\/#\/schema\/person\/50102df0fb23a8fa9e8effad8fa81386\",\"name\":\"enequipo\",\"image\":{\"@type\":\"ImageObject\",\"inLanguage\":\"es\",\"@id\":\"https:\/\/www.sonoraenequipo.com.mx\/#\/schema\/person\/image\/\",\"url\":\"https:\/\/secure.gravatar.com\/avatar\/049821681b589dabc0bc20695993ccebb09f5b5d4d790cd9251b97faac7c652b?s=96&d=blank&r=g\",\"contentUrl\":\"https:\/\/secure.gravatar.com\/avatar\/049821681b589dabc0bc20695993ccebb09f5b5d4d790cd9251b97faac7c652b?s=96&d=blank&r=g\",\"caption\":\"enequipo\"},\"sameAs\":[\"https:\/\/www.facebook.com\/SonoraEE\"]}]}<\/script>\n ","yoast_head_json":{"title":"Sonora en Equipo. \u00a1Arranca torneo \"Unidos por la Paz y la Prevenci\u00f3n\" organizado por Ernestina Castro Congreso","description":"CAJEME, SONORA, MX. \u0336 \u0336\u00a0 \u00a0En un ambiente de entusiasmo y compromiso, se llev\u00f3 a cabo la inauguraci\u00f3n de la Copa El Club \"Unidos por la Paz y la En Sonora en Equipo publicamos toda la informaci\u00f3n de Sonora, M\u00e9xico y el Mundo de manera oportuna y busca que la libertad de expresi\u00f3n sea real. Visita nuestro medio informativo publicado desde Hermosillo, Sonora. %","robots":{"index":"index","follow":"follow","max-snippet":"max-snippet:-1","max-image-preview":"max-image-preview:large","max-video-preview":"max-video-preview:-1"},"canonical":"https:\/\/www.sonoraenequipo.com.mx\/arranca-torneo-unidos-por-la-paz-y-la-prevencion-organizado-por-ernestina-castro\/","og_locale":"es_ES","og_type":"article","og_title":"Sonora en Equipo. \u00a1Arranca torneo \"Unidos por la Paz y la Prevenci\u00f3n\" organizado por Ernestina Castro Congreso","og_description":"CAJEME, SONORA, MX. \u0336 \u0336\u00a0 \u00a0En un ambiente de entusiasmo y compromiso, se llev\u00f3 a cabo la inauguraci\u00f3n de la Copa El Club \"Unidos por la Paz y la En Sonora en Equipo publicamos toda la informaci\u00f3n de Sonora, M\u00e9xico y el Mundo de manera oportuna y busca que la libertad de expresi\u00f3n sea real. Visita nuestro medio informativo publicado desde Hermosillo, Sonora. %","og_url":"https:\/\/www.sonoraenequipo.com.mx\/arranca-torneo-unidos-por-la-paz-y-la-prevencion-organizado-por-ernestina-castro\/","og_site_name":"Sonora en Equipo.","article_publisher":"https:\/\/www.facebook.com\/SonoraEE\/","article_author":"https:\/\/www.facebook.com\/SonoraEE","article_published_time":"2025-10-13T23:17:34+00:00","og_image":[{"width":600,"height":400,"url":"https:\/\/www.sonoraenequipo.com.mx\/storage\/2025\/10\/ECV-jornada.jpg","type":"image\/jpeg"}],"author":"enequipo","twitter_card":"summary_large_image","twitter_creator":"@sonoraenequipo","twitter_site":"@sonoraenequipo","twitter_misc":{"Escrito por":"enequipo","Tiempo de lectura":"2 minutos"},"schema":{"@context":"https:\/\/schema.org","@graph":[{"@type":"Article","@id":"https:\/\/www.sonoraenequipo.com.mx\/arranca-torneo-unidos-por-la-paz-y-la-prevencion-organizado-por-ernestina-castro\/#article","isPartOf":{"@id":"https:\/\/www.sonoraenequipo.com.mx\/arranca-torneo-unidos-por-la-paz-y-la-prevencion-organizado-por-ernestina-castro\/"},"author":{"name":"enequipo","@id":"https:\/\/www.sonoraenequipo.com.mx\/#\/schema\/person\/50102df0fb23a8fa9e8effad8fa81386"},"headline":"\u00a1Arranca torneo \u00abUnidos por la Paz y la Prevenci\u00f3n\u00bb organizado por Ernestina Castro","datePublished":"2025-10-13T23:17:34+00:00","mainEntityOfPage":{"@id":"https:\/\/www.sonoraenequipo.com.mx\/arranca-torneo-unidos-por-la-paz-y-la-prevencion-organizado-por-ernestina-castro\/"},"wordCount":469,"commentCount":0,"publisher":{"@id":"https:\/\/www.sonoraenequipo.com.mx\/#organization"},"image":{"@id":"https:\/\/www.sonoraenequipo.com.mx\/arranca-torneo-unidos-por-la-paz-y-la-prevencion-organizado-por-ernestina-castro\/#primaryimage"},"thumbnailUrl":"https:\/\/www.sonoraenequipo.com.mx\/storage\/2025\/10\/ECV-jornada.jpg","keywords":["Ernestina Castro"],"articleSection":["Congreso"],"inLanguage":"es","potentialAction":[{"@type":"CommentAction","name":"Comment","target":["https:\/\/www.sonoraenequipo.com.mx\/arranca-torneo-unidos-por-la-paz-y-la-prevencion-organizado-por-ernestina-castro\/#respond"]}]},{"@type":"WebPage","@id":"https:\/\/www.sonoraenequipo.com.mx\/arranca-torneo-unidos-por-la-paz-y-la-prevencion-organizado-por-ernestina-castro\/","url":"https:\/\/www.sonoraenequipo.com.mx\/arranca-torneo-unidos-por-la-paz-y-la-prevencion-organizado-por-ernestina-castro\/","name":"Sonora en Equipo. \u00a1Arranca torneo \"Unidos por la Paz y la Prevenci\u00f3n\" organizado por Ernestina Castro Congreso","isPartOf":{"@id":"https:\/\/www.sonoraenequipo.com.mx\/#website"},"primaryImageOfPage":{"@id":"https:\/\/www.sonoraenequipo.com.mx\/arranca-torneo-unidos-por-la-paz-y-la-prevencion-organizado-por-ernestina-castro\/#primaryimage"},"image":{"@id":"https:\/\/www.sonoraenequipo.com.mx\/arranca-torneo-unidos-por-la-paz-y-la-prevencion-organizado-por-ernestina-castro\/#primaryimage"},"thumbnailUrl":"https:\/\/www.sonoraenequipo.com.mx\/storage\/2025\/10\/ECV-jornada.jpg","datePublished":"2025-10-13T23:17:34+00:00","description":"CAJEME, SONORA, MX. \u0336 \u0336\u00a0 \u00a0En un ambiente de entusiasmo y compromiso, se llev\u00f3 a cabo la inauguraci\u00f3n de la Copa El Club \"Unidos por la Paz y la En Sonora en Equipo publicamos toda la informaci\u00f3n de Sonora, M\u00e9xico y el Mundo de manera oportuna y busca que la libertad de expresi\u00f3n sea real. Visita nuestro medio informativo publicado desde Hermosillo, Sonora. %","breadcrumb":{"@id":"https:\/\/www.sonoraenequipo.com.mx\/arranca-torneo-unidos-por-la-paz-y-la-prevencion-organizado-por-ernestina-castro\/#breadcrumb"},"inLanguage":"es","potentialAction":[{"@type":"ReadAction","target":["https:\/\/www.sonoraenequipo.com.mx\/arranca-torneo-unidos-por-la-paz-y-la-prevencion-organizado-por-ernestina-castro\/"]}]},{"@type":"ImageObject","inLanguage":"es","@id":"https:\/\/www.sonoraenequipo.com.mx\/arranca-torneo-unidos-por-la-paz-y-la-prevencion-organizado-por-ernestina-castro\/#primaryimage","url":"https:\/\/www.sonoraenequipo.com.mx\/storage\/2025\/10\/ECV-jornada.jpg","contentUrl":"https:\/\/www.sonoraenequipo.com.mx\/storage\/2025\/10\/ECV-jornada.jpg","width":600,"height":400},{"@type":"BreadcrumbList","@id":"https:\/\/www.sonoraenequipo.com.mx\/arranca-torneo-unidos-por-la-paz-y-la-prevencion-organizado-por-ernestina-castro\/#breadcrumb","itemListElement":[{"@type":"ListItem","position":1,"name":"Portada","item":"https:\/\/www.sonoraenequipo.com.mx\/"},{"@type":"ListItem","position":2,"name":"\u00a1Arranca torneo \u00abUnidos por la Paz y la Prevenci\u00f3n\u00bb organizado por Ernestina Castro"}]},{"@type":"WebSite","@id":"https:\/\/www.sonoraenequipo.com.mx\/#website","url":"https:\/\/www.sonoraenequipo.com.mx\/","name":"Sonora en Equipo.","description":"Diario en l\u00ednea con Noticias desde Hermosillo, Sonora","publisher":{"@id":"https:\/\/www.sonoraenequipo.com.mx\/#organization"},"potentialAction":[{"@type":"SearchAction","target":{"@type":"EntryPoint","urlTemplate":"https:\/\/www.sonoraenequipo.com.mx\/?s={search_term_string}"},"query-input":{"@type":"PropertyValueSpecification","valueRequired":true,"valueName":"search_term_string"}}],"inLanguage":"es"},{"@type":"Organization","@id":"https:\/\/www.sonoraenequipo.com.mx\/#organization","name":"Sonoraenequipo.com.mx","url":"https:\/\/www.sonoraenequipo.com.mx\/","logo":{"@type":"ImageObject","inLanguage":"es","@id":"https:\/\/www.sonoraenequipo.com.mx\/#\/schema\/logo\/image\/","url":"https:\/\/www.sonoraenequipo.com.mx\/storage\/2019\/01\/sonoraenequipo_opt.png","contentUrl":"https:\/\/www.sonoraenequipo.com.mx\/storage\/2019\/01\/sonoraenequipo_opt.png","width":375,"height":125,"caption":"Sonoraenequipo.com.mx"},"image":{"@id":"https:\/\/www.sonoraenequipo.com.mx\/#\/schema\/logo\/image\/"},"sameAs":["https:\/\/www.facebook.com\/SonoraEE\/","https:\/\/x.com\/sonoraenequipo","https:\/\/www.youtube.com\/channel\/UC338nW-lPEYmJQs4ZABQ1SQ"]},{"@type":"Person","@id":"https:\/\/www.sonoraenequipo.com.mx\/#\/schema\/person\/50102df0fb23a8fa9e8effad8fa81386","name":"enequipo","image":{"@type":"ImageObject","inLanguage":"es","@id":"https:\/\/www.sonoraenequipo.com.mx\/#\/schema\/person\/image\/","url":"https:\/\/secure.gravatar.com\/avatar\/049821681b589dabc0bc20695993ccebb09f5b5d4d790cd9251b97faac7c652b?s=96&d=blank&r=g","contentUrl":"https:\/\/secure.gravatar.com\/avatar\/049821681b589dabc0bc20695993ccebb09f5b5d4d790cd9251b97faac7c652b?s=96&d=blank&r=g","caption":"enequipo"},"sameAs":["https:\/\/www.facebook.com\/SonoraEE"]}]}},"jetpack_featured_media_url":"https:\/\/www.sonoraenequipo.com.mx\/storage\/2025\/10\/ECV-jornada.jpg","_links":{"self":[{"href":"https:\/\/www.sonoraenequipo.com.mx\/api\/wp\/v2\/posts\/226191","targetHints":{"allow":["GET"]}}],"collection":[{"href":"https:\/\/www.sonoraenequipo.com.mx\/api\/wp\/v2\/posts"}],"about":[{"href":"https:\/\/www.sonoraenequipo.com.mx\/api\/wp\/v2\/types\/post"}],"author":[{"embeddable":true,"href":"https:\/\/www.sonoraenequipo.com.mx\/api\/wp\/v2\/users\/1"}],"replies":[{"embeddable":true,"href":"https:\/\/www.sonoraenequipo.com.mx\/api\/wp\/v2\/comments?post=226191"}],"version-history":[{"count":1,"href":"https:\/\/www.sonoraenequipo.com.mx\/api\/wp\/v2\/posts\/226191\/revisions"}],"predecessor-version":[{"id":226193,"href":"https:\/\/www.sonoraenequipo.com.mx\/api\/wp\/v2\/posts\/226191\/revisions\/226193"}],"wp:featuredmedia":[{"embeddable":true,"href":"https:\/\/www.sonoraenequipo.com.mx\/api\/wp\/v2\/media\/226192"}],"wp:attachment":[{"href":"https:\/\/www.sonoraenequipo.com.mx\/api\/wp\/v2\/media?parent=226191"}],"wp:term":[{"taxonomy":"category","embeddable":true,"href":"https:\/\/www.sonoraenequipo.com.mx\/api\/wp\/v2\/categories?post=226191"},{"taxonomy":"post_tag","embeddable":true,"href":"https:\/\/www.sonoraenequipo.com.mx\/api\/wp\/v2\/tags?post=226191"}],"curies":[{"name":"wp","href":"https:\/\/api.w.org\/{rel}","templated":true}]}}