{"id":226196,"date":"2025-10-13T16:27:28","date_gmt":"2025-10-13T23:27:28","guid":{"rendered":"https:\/\/www.sonoraenequipo.com.mx\/?p=226196"},"modified":"2025-10-13T16:27:28","modified_gmt":"2025-10-13T23:27:28","slug":"invitan-a-jovenes-con-vocacion-de-servicio-a-formarse-como-policia-de-proximidad","status":"publish","type":"post","link":"https:\/\/www.sonoraenequipo.com.mx\/invitan-a-jovenes-con-vocacion-de-servicio-a-formarse-como-policia-de-proximidad\/","title":{"rendered":"Invitan a j\u00f3venes con vocaci\u00f3n de servicio a formarse como Polic\u00eda de Proximidad"},"content":{"rendered":"<p><strong>HERMOSILLO, SONORA, MX.<\/strong> \u2014 Para conformar la pr\u00f3xima generaci\u00f3n de j\u00f3venes con alta vocaci\u00f3n de servicio como Polic\u00edas de Proximidad que habr\u00e1n de sumarse a las filas de la Polic\u00eda Estatal, el Gobierno de Sonora inici\u00f3 esta semana el recorrido por municipios del R\u00edo Sonora para invitar a mujeres y hombres a formarse en la Universidad de la Seguridad P\u00fablica (USP).<\/p>\n<p>&nbsp;<\/p>\n<p>&nbsp;<\/p>\n<p>&nbsp;<\/p>\n<p>Del 13 al 20 de octubre, se continuar\u00e1 con la ruta de reclutamiento en la cual personal de la USP visitar\u00e1:<\/p>\n<p>&nbsp;<\/p>\n<p>&nbsp;<\/p>\n<p>&nbsp;<\/p>\n<p>* Lunes -13 de Octubre: Ures.<\/p>\n<p>&nbsp;<\/p>\n<p>* Martes -14 de Octubre: Bavi\u00e1cora y Aconchi.<\/p>\n<p>&nbsp;<\/p>\n<p>* Mi\u00e9rcoles -15 de Octubre: San Felipe de Jes\u00fas, Hu\u00e9pac y Ban\u00e1michi.<\/p>\n<p>&nbsp;<\/p>\n<p>* Jueves -16 de Octubre: Arizpe y Bacoachi.<\/p>\n<p>&nbsp;<\/p>\n<p>&nbsp;<\/p>\n<p>&nbsp;<\/p>\n<p>La pr\u00f3xima generaci\u00f3n de la Universidad de la Seguridad P\u00fablica, se tiene contemplado sea la m\u00e1s numerosa y est\u00e9 conformada por m\u00e1s de 400 mujeres y hombres, comprometidos con los principios de servir y proteger a las y los sonorenses<\/p>\n<p>&nbsp;<\/p>\n<p>&nbsp;<\/p>\n<p>&nbsp;<\/p>\n<p>Se informa que las y los aspirantes a formarse a partir del 2026 como Polic\u00edas de Proximidad, deber\u00e1n cumplir con los siguientes requerimientos:<\/p>\n<p>&nbsp;<\/p>\n<p>&nbsp;<\/p>\n<p>&nbsp;<\/p>\n<ul>\n<li>18 y 35 a\u00f1os de edad.<\/li>\n<\/ul>\n<p>&nbsp;<\/p>\n<ul>\n<li>Ser ciudadanos mexicanos en pleno ejercicio de sus derechos.<\/li>\n<\/ul>\n<p>&nbsp;<\/p>\n<ul>\n<li>Bachillerato terminado o su equivalente.<\/li>\n<\/ul>\n<p>&nbsp;<\/p>\n<ul>\n<li>Licencia para conducir y habilidades de manejo.<\/li>\n<\/ul>\n<p>&nbsp;<\/p>\n<ul>\n<li>En el caso de hombres, haber cumplido con el Servicio Militar Nacional.<\/li>\n<\/ul>\n<p>&nbsp;<\/p>\n<ul>\n<li>Carta de no antecedentes penales.<\/li>\n<\/ul>\n<p>&nbsp;<\/p>\n<ul>\n<li>Contar con Evaluaci\u00f3n de Control de Confianza.<\/li>\n<\/ul>\n<p>&nbsp;<\/p>\n<p>&nbsp;<\/p>\n<p>&nbsp;<\/p>\n<p>Para mayores informes sobre el presente reclutamiento, pueden dirigirse a las instalaciones de la USP ubicada en carretera a Guaymas km 3.5 colonia \u00abY\u00bb en Hermosillo o comunicarse v\u00eda telef\u00f3nica al 662 690 3700 y correo electr\u00f3nico <a href=\"mailto:reclutamiento@usp-sonora.mx\">reclutamiento@usp-sonora.mx<\/a><\/p>\n<p><strong>Fecha de publicaci\u00f3n lunes 13 de octubre de 2025<\/strong><\/p>\n<p>&nbsp;<\/p>\n","protected":false},"excerpt":{"rendered":"<p>HERMOSILLO, SONORA, MX. \u2014 Para conformar la pr\u00f3xima generaci\u00f3n de j\u00f3venes con alta vocaci\u00f3n de&#8230;<\/p>\n","protected":false},"author":1,"featured_media":224330,"comment_status":"open","ping_status":"open","sticky":false,"template":"","format":"standard","meta":{"_monsterinsights_skip_tracking":false,"_monsterinsights_sitenote_active":false,"_monsterinsights_sitenote_note":"","_monsterinsights_sitenote_category":0,"footnotes":""},"categories":[22],"tags":[248,11916,15],"class_list":["post"],"yoast_head":" \n<title>Sonora en Equipo. Invitan a j\u00f3venes con vocaci\u00f3n de servicio a formarse como Polic\u00eda de Proximidad Sonora<\/title>\n<meta name=\"description\" content=\"HERMOSILLO, SONORA, MX. \u2014 Para conformar la pr\u00f3xima generaci\u00f3n de j\u00f3venes con alta vocaci\u00f3n de servicio como Polic\u00edas de Proximidad que habr\u00e1n de sumarse En Sonora en Equipo publicamos toda la informaci\u00f3n de Sonora, M\u00e9xico y el Mundo de manera oportuna y busca que la libertad de expresi\u00f3n sea real. Visita nuestro medio informativo publicado desde Hermosillo, Sonora. %\" \/>\n<meta name=\"robots\" content=\"index, follow, max-snippet:-1, max-image-preview:large, max-video-preview:-1\" \/>\n<link rel=\"canonical\" href=\"https:\/\/www.sonoraenequipo.com.mx\/invitan-a-jovenes-con-vocacion-de-servicio-a-formarse-como-policia-de-proximidad\/\" \/>\n<meta property=\"og:locale\" content=\"es_ES\" \/>\n<meta property=\"og:type\" content=\"article\" \/>\n<meta property=\"og:title\" content=\"Sonora en Equipo. Invitan a j\u00f3venes con vocaci\u00f3n de servicio a formarse como Polic\u00eda de Proximidad Sonora\" \/>\n<meta property=\"og:description\" content=\"HERMOSILLO, SONORA, MX. \u2014 Para conformar la pr\u00f3xima generaci\u00f3n de j\u00f3venes con alta vocaci\u00f3n de servicio como Polic\u00edas de Proximidad que habr\u00e1n de sumarse En Sonora en Equipo publicamos toda la informaci\u00f3n de Sonora, M\u00e9xico y el Mundo de manera oportuna y busca que la libertad de expresi\u00f3n sea real. Visita nuestro medio informativo publicado desde Hermosillo, Sonora. %\" \/>\n<meta property=\"og:url\" content=\"https:\/\/www.sonoraenequipo.com.mx\/invitan-a-jovenes-con-vocacion-de-servicio-a-formarse-como-policia-de-proximidad\/\" \/>\n<meta property=\"og:site_name\" content=\"Sonora en Equipo.\" \/>\n<meta property=\"article:publisher\" content=\"https:\/\/www.facebook.com\/SonoraEE\/\" \/>\n<meta property=\"article:author\" content=\"https:\/\/www.facebook.com\/SonoraEE\" \/>\n<meta property=\"article:published_time\" content=\"2025-10-13T23:27:28+00:00\" \/>\n<meta property=\"og:image\" content=\"https:\/\/www.sonoraenequipo.com.mx\/storage\/2025\/09\/adm-con-pesp.jpg\" \/>\n\t<meta property=\"og:image:width\" content=\"600\" \/>\n\t<meta property=\"og:image:height\" content=\"400\" \/>\n\t<meta property=\"og:image:type\" content=\"image\/jpeg\" \/>\n<meta name=\"author\" content=\"enequipo\" \/>\n<meta name=\"twitter:card\" content=\"summary_large_image\" \/>\n<meta name=\"twitter:creator\" content=\"@sonoraenequipo\" \/>\n<meta name=\"twitter:site\" content=\"@sonoraenequipo\" \/>\n<meta name=\"twitter:label1\" content=\"Escrito por\" \/>\n\t<meta name=\"twitter:data1\" content=\"enequipo\" \/>\n\t<meta name=\"twitter:label2\" content=\"Tiempo de lectura\" \/>\n\t<meta name=\"twitter:data2\" content=\"2 minutos\" \/>\n<script type=\"application\/ld+json\" class=\"yoast-schema-graph\">{\"@context\":\"https:\/\/schema.org\",\"@graph\":[{\"@type\":\"Article\",\"@id\":\"https:\/\/www.sonoraenequipo.com.mx\/invitan-a-jovenes-con-vocacion-de-servicio-a-formarse-como-policia-de-proximidad\/#article\",\"isPartOf\":{\"@id\":\"https:\/\/www.sonoraenequipo.com.mx\/invitan-a-jovenes-con-vocacion-de-servicio-a-formarse-como-policia-de-proximidad\/\"},\"author\":{\"name\":\"enequipo\",\"@id\":\"https:\/\/www.sonoraenequipo.com.mx\/#\/schema\/person\/50102df0fb23a8fa9e8effad8fa81386\"},\"headline\":\"Invitan a j\u00f3venes con vocaci\u00f3n de servicio a formarse como Polic\u00eda de Proximidad\",\"datePublished\":\"2025-10-13T23:27:28+00:00\",\"mainEntityOfPage\":{\"@id\":\"https:\/\/www.sonoraenequipo.com.mx\/invitan-a-jovenes-con-vocacion-de-servicio-a-formarse-como-policia-de-proximidad\/\"},\"wordCount\":333,\"commentCount\":0,\"publisher\":{\"@id\":\"https:\/\/www.sonoraenequipo.com.mx\/#organization\"},\"image\":{\"@id\":\"https:\/\/www.sonoraenequipo.com.mx\/invitan-a-jovenes-con-vocacion-de-servicio-a-formarse-como-policia-de-proximidad\/#primaryimage\"},\"thumbnailUrl\":\"https:\/\/www.sonoraenequipo.com.mx\/storage\/2025\/09\/adm-con-pesp.jpg\",\"keywords\":[\"PESP\",\"policia proximidad\",\"Sonora\"],\"articleSection\":[\"Sonora\"],\"inLanguage\":\"es\",\"potentialAction\":[{\"@type\":\"CommentAction\",\"name\":\"Comment\",\"target\":[\"https:\/\/www.sonoraenequipo.com.mx\/invitan-a-jovenes-con-vocacion-de-servicio-a-formarse-como-policia-de-proximidad\/#respond\"]}]},{\"@type\":\"WebPage\",\"@id\":\"https:\/\/www.sonoraenequipo.com.mx\/invitan-a-jovenes-con-vocacion-de-servicio-a-formarse-como-policia-de-proximidad\/\",\"url\":\"https:\/\/www.sonoraenequipo.com.mx\/invitan-a-jovenes-con-vocacion-de-servicio-a-formarse-como-policia-de-proximidad\/\",\"name\":\"Sonora en Equipo. Invitan a j\u00f3venes con vocaci\u00f3n de servicio a formarse como Polic\u00eda de Proximidad Sonora\",\"isPartOf\":{\"@id\":\"https:\/\/www.sonoraenequipo.com.mx\/#website\"},\"primaryImageOfPage\":{\"@id\":\"https:\/\/www.sonoraenequipo.com.mx\/invitan-a-jovenes-con-vocacion-de-servicio-a-formarse-como-policia-de-proximidad\/#primaryimage\"},\"image\":{\"@id\":\"https:\/\/www.sonoraenequipo.com.mx\/invitan-a-jovenes-con-vocacion-de-servicio-a-formarse-como-policia-de-proximidad\/#primaryimage\"},\"thumbnailUrl\":\"https:\/\/www.sonoraenequipo.com.mx\/storage\/2025\/09\/adm-con-pesp.jpg\",\"datePublished\":\"2025-10-13T23:27:28+00:00\",\"description\":\"HERMOSILLO, SONORA, MX. \u2014 Para conformar la pr\u00f3xima generaci\u00f3n de j\u00f3venes con alta vocaci\u00f3n de servicio como Polic\u00edas de Proximidad que habr\u00e1n de sumarse En Sonora en Equipo publicamos toda la informaci\u00f3n de Sonora, M\u00e9xico y el Mundo de manera oportuna y busca que la libertad de expresi\u00f3n sea real. Visita nuestro medio informativo publicado desde Hermosillo, Sonora. %\",\"breadcrumb\":{\"@id\":\"https:\/\/www.sonoraenequipo.com.mx\/invitan-a-jovenes-con-vocacion-de-servicio-a-formarse-como-policia-de-proximidad\/#breadcrumb\"},\"inLanguage\":\"es\",\"potentialAction\":[{\"@type\":\"ReadAction\",\"target\":[\"https:\/\/www.sonoraenequipo.com.mx\/invitan-a-jovenes-con-vocacion-de-servicio-a-formarse-como-policia-de-proximidad\/\"]}]},{\"@type\":\"ImageObject\",\"inLanguage\":\"es\",\"@id\":\"https:\/\/www.sonoraenequipo.com.mx\/invitan-a-jovenes-con-vocacion-de-servicio-a-formarse-como-policia-de-proximidad\/#primaryimage\",\"url\":\"https:\/\/www.sonoraenequipo.com.mx\/storage\/2025\/09\/adm-con-pesp.jpg\",\"contentUrl\":\"https:\/\/www.sonoraenequipo.com.mx\/storage\/2025\/09\/adm-con-pesp.jpg\",\"width\":600,\"height\":400,\"caption\":\"Gobernador Durazo saluda a nuevos polic\u00edas estatales\"},{\"@type\":\"BreadcrumbList\",\"@id\":\"https:\/\/www.sonoraenequipo.com.mx\/invitan-a-jovenes-con-vocacion-de-servicio-a-formarse-como-policia-de-proximidad\/#breadcrumb\",\"itemListElement\":[{\"@type\":\"ListItem\",\"position\":1,\"name\":\"Portada\",\"item\":\"https:\/\/www.sonoraenequipo.com.mx\/\"},{\"@type\":\"ListItem\",\"position\":2,\"name\":\"Invitan a j\u00f3venes con vocaci\u00f3n de servicio a formarse como Polic\u00eda de Proximidad\"}]},{\"@type\":\"WebSite\",\"@id\":\"https:\/\/www.sonoraenequipo.com.mx\/#website\",\"url\":\"https:\/\/www.sonoraenequipo.com.mx\/\",\"name\":\"Sonora en Equipo.\",\"description\":\"Diario en l\u00ednea con Noticias desde Hermosillo, Sonora\",\"publisher\":{\"@id\":\"https:\/\/www.sonoraenequipo.com.mx\/#organization\"},\"potentialAction\":[{\"@type\":\"SearchAction\",\"target\":{\"@type\":\"EntryPoint\",\"urlTemplate\":\"https:\/\/www.sonoraenequipo.com.mx\/?s={search_term_string}\"},\"query-input\":{\"@type\":\"PropertyValueSpecification\",\"valueRequired\":true,\"valueName\":\"search_term_string\"}}],\"inLanguage\":\"es\"},{\"@type\":\"Organization\",\"@id\":\"https:\/\/www.sonoraenequipo.com.mx\/#organization\",\"name\":\"Sonoraenequipo.com.mx\",\"url\":\"https:\/\/www.sonoraenequipo.com.mx\/\",\"logo\":{\"@type\":\"ImageObject\",\"inLanguage\":\"es\",\"@id\":\"https:\/\/www.sonoraenequipo.com.mx\/#\/schema\/logo\/image\/\",\"url\":\"https:\/\/www.sonoraenequipo.com.mx\/storage\/2019\/01\/sonoraenequipo_opt.png\",\"contentUrl\":\"https:\/\/www.sonoraenequipo.com.mx\/storage\/2019\/01\/sonoraenequipo_opt.png\",\"width\":375,\"height\":125,\"caption\":\"Sonoraenequipo.com.mx\"},\"image\":{\"@id\":\"https:\/\/www.sonoraenequipo.com.mx\/#\/schema\/logo\/image\/\"},\"sameAs\":[\"https:\/\/www.facebook.com\/SonoraEE\/\",\"https:\/\/x.com\/sonoraenequipo\",\"https:\/\/www.youtube.com\/channel\/UC338nW-lPEYmJQs4ZABQ1SQ\"]},{\"@type\":\"Person\",\"@id\":\"https:\/\/www.sonoraenequipo.com.mx\/#\/schema\/person\/50102df0fb23a8fa9e8effad8fa81386\",\"name\":\"enequipo\",\"image\":{\"@type\":\"ImageObject\",\"inLanguage\":\"es\",\"@id\":\"https:\/\/www.sonoraenequipo.com.mx\/#\/schema\/person\/image\/\",\"url\":\"https:\/\/secure.gravatar.com\/avatar\/049821681b589dabc0bc20695993ccebb09f5b5d4d790cd9251b97faac7c652b?s=96&d=blank&r=g\",\"contentUrl\":\"https:\/\/secure.gravatar.com\/avatar\/049821681b589dabc0bc20695993ccebb09f5b5d4d790cd9251b97faac7c652b?s=96&d=blank&r=g\",\"caption\":\"enequipo\"},\"sameAs\":[\"https:\/\/www.facebook.com\/SonoraEE\"]}]}<\/script>\n ","yoast_head_json":{"title":"Sonora en Equipo. Invitan a j\u00f3venes con vocaci\u00f3n de servicio a formarse como Polic\u00eda de Proximidad Sonora","description":"HERMOSILLO, SONORA, MX. \u2014 Para conformar la pr\u00f3xima generaci\u00f3n de j\u00f3venes con alta vocaci\u00f3n de servicio como Polic\u00edas de Proximidad que habr\u00e1n de sumarse En Sonora en Equipo publicamos toda la informaci\u00f3n de Sonora, M\u00e9xico y el Mundo de manera oportuna y busca que la libertad de expresi\u00f3n sea real. Visita nuestro medio informativo publicado desde Hermosillo, Sonora. %","robots":{"index":"index","follow":"follow","max-snippet":"max-snippet:-1","max-image-preview":"max-image-preview:large","max-video-preview":"max-video-preview:-1"},"canonical":"https:\/\/www.sonoraenequipo.com.mx\/invitan-a-jovenes-con-vocacion-de-servicio-a-formarse-como-policia-de-proximidad\/","og_locale":"es_ES","og_type":"article","og_title":"Sonora en Equipo. Invitan a j\u00f3venes con vocaci\u00f3n de servicio a formarse como Polic\u00eda de Proximidad Sonora","og_description":"HERMOSILLO, SONORA, MX. \u2014 Para conformar la pr\u00f3xima generaci\u00f3n de j\u00f3venes con alta vocaci\u00f3n de servicio como Polic\u00edas de Proximidad que habr\u00e1n de sumarse En Sonora en Equipo publicamos toda la informaci\u00f3n de Sonora, M\u00e9xico y el Mundo de manera oportuna y busca que la libertad de expresi\u00f3n sea real. Visita nuestro medio informativo publicado desde Hermosillo, Sonora. %","og_url":"https:\/\/www.sonoraenequipo.com.mx\/invitan-a-jovenes-con-vocacion-de-servicio-a-formarse-como-policia-de-proximidad\/","og_site_name":"Sonora en Equipo.","article_publisher":"https:\/\/www.facebook.com\/SonoraEE\/","article_author":"https:\/\/www.facebook.com\/SonoraEE","article_published_time":"2025-10-13T23:27:28+00:00","og_image":[{"width":600,"height":400,"url":"https:\/\/www.sonoraenequipo.com.mx\/storage\/2025\/09\/adm-con-pesp.jpg","type":"image\/jpeg"}],"author":"enequipo","twitter_card":"summary_large_image","twitter_creator":"@sonoraenequipo","twitter_site":"@sonoraenequipo","twitter_misc":{"Escrito por":"enequipo","Tiempo de lectura":"2 minutos"},"schema":{"@context":"https:\/\/schema.org","@graph":[{"@type":"Article","@id":"https:\/\/www.sonoraenequipo.com.mx\/invitan-a-jovenes-con-vocacion-de-servicio-a-formarse-como-policia-de-proximidad\/#article","isPartOf":{"@id":"https:\/\/www.sonoraenequipo.com.mx\/invitan-a-jovenes-con-vocacion-de-servicio-a-formarse-como-policia-de-proximidad\/"},"author":{"name":"enequipo","@id":"https:\/\/www.sonoraenequipo.com.mx\/#\/schema\/person\/50102df0fb23a8fa9e8effad8fa81386"},"headline":"Invitan a j\u00f3venes con vocaci\u00f3n de servicio a formarse como Polic\u00eda de Proximidad","datePublished":"2025-10-13T23:27:28+00:00","mainEntityOfPage":{"@id":"https:\/\/www.sonoraenequipo.com.mx\/invitan-a-jovenes-con-vocacion-de-servicio-a-formarse-como-policia-de-proximidad\/"},"wordCount":333,"commentCount":0,"publisher":{"@id":"https:\/\/www.sonoraenequipo.com.mx\/#organization"},"image":{"@id":"https:\/\/www.sonoraenequipo.com.mx\/invitan-a-jovenes-con-vocacion-de-servicio-a-formarse-como-policia-de-proximidad\/#primaryimage"},"thumbnailUrl":"https:\/\/www.sonoraenequipo.com.mx\/storage\/2025\/09\/adm-con-pesp.jpg","keywords":["PESP","policia proximidad","Sonora"],"articleSection":["Sonora"],"inLanguage":"es","potentialAction":[{"@type":"CommentAction","name":"Comment","target":["https:\/\/www.sonoraenequipo.com.mx\/invitan-a-jovenes-con-vocacion-de-servicio-a-formarse-como-policia-de-proximidad\/#respond"]}]},{"@type":"WebPage","@id":"https:\/\/www.sonoraenequipo.com.mx\/invitan-a-jovenes-con-vocacion-de-servicio-a-formarse-como-policia-de-proximidad\/","url":"https:\/\/www.sonoraenequipo.com.mx\/invitan-a-jovenes-con-vocacion-de-servicio-a-formarse-como-policia-de-proximidad\/","name":"Sonora en Equipo. Invitan a j\u00f3venes con vocaci\u00f3n de servicio a formarse como Polic\u00eda de Proximidad Sonora","isPartOf":{"@id":"https:\/\/www.sonoraenequipo.com.mx\/#website"},"primaryImageOfPage":{"@id":"https:\/\/www.sonoraenequipo.com.mx\/invitan-a-jovenes-con-vocacion-de-servicio-a-formarse-como-policia-de-proximidad\/#primaryimage"},"image":{"@id":"https:\/\/www.sonoraenequipo.com.mx\/invitan-a-jovenes-con-vocacion-de-servicio-a-formarse-como-policia-de-proximidad\/#primaryimage"},"thumbnailUrl":"https:\/\/www.sonoraenequipo.com.mx\/storage\/2025\/09\/adm-con-pesp.jpg","datePublished":"2025-10-13T23:27:28+00:00","description":"HERMOSILLO, SONORA, MX. \u2014 Para conformar la pr\u00f3xima generaci\u00f3n de j\u00f3venes con alta vocaci\u00f3n de servicio como Polic\u00edas de Proximidad que habr\u00e1n de sumarse En Sonora en Equipo publicamos toda la informaci\u00f3n de Sonora, M\u00e9xico y el Mundo de manera oportuna y busca que la libertad de expresi\u00f3n sea real. Visita nuestro medio informativo publicado desde Hermosillo, Sonora. %","breadcrumb":{"@id":"https:\/\/www.sonoraenequipo.com.mx\/invitan-a-jovenes-con-vocacion-de-servicio-a-formarse-como-policia-de-proximidad\/#breadcrumb"},"inLanguage":"es","potentialAction":[{"@type":"ReadAction","target":["https:\/\/www.sonoraenequipo.com.mx\/invitan-a-jovenes-con-vocacion-de-servicio-a-formarse-como-policia-de-proximidad\/"]}]},{"@type":"ImageObject","inLanguage":"es","@id":"https:\/\/www.sonoraenequipo.com.mx\/invitan-a-jovenes-con-vocacion-de-servicio-a-formarse-como-policia-de-proximidad\/#primaryimage","url":"https:\/\/www.sonoraenequipo.com.mx\/storage\/2025\/09\/adm-con-pesp.jpg","contentUrl":"https:\/\/www.sonoraenequipo.com.mx\/storage\/2025\/09\/adm-con-pesp.jpg","width":600,"height":400,"caption":"Gobernador Durazo saluda a nuevos polic\u00edas estatales"},{"@type":"BreadcrumbList","@id":"https:\/\/www.sonoraenequipo.com.mx\/invitan-a-jovenes-con-vocacion-de-servicio-a-formarse-como-policia-de-proximidad\/#breadcrumb","itemListElement":[{"@type":"ListItem","position":1,"name":"Portada","item":"https:\/\/www.sonoraenequipo.com.mx\/"},{"@type":"ListItem","position":2,"name":"Invitan a j\u00f3venes con vocaci\u00f3n de servicio a formarse como Polic\u00eda de Proximidad"}]},{"@type":"WebSite","@id":"https:\/\/www.sonoraenequipo.com.mx\/#website","url":"https:\/\/www.sonoraenequipo.com.mx\/","name":"Sonora en Equipo.","description":"Diario en l\u00ednea con Noticias desde Hermosillo, Sonora","publisher":{"@id":"https:\/\/www.sonoraenequipo.com.mx\/#organization"},"potentialAction":[{"@type":"SearchAction","target":{"@type":"EntryPoint","urlTemplate":"https:\/\/www.sonoraenequipo.com.mx\/?s={search_term_string}"},"query-input":{"@type":"PropertyValueSpecification","valueRequired":true,"valueName":"search_term_string"}}],"inLanguage":"es"},{"@type":"Organization","@id":"https:\/\/www.sonoraenequipo.com.mx\/#organization","name":"Sonoraenequipo.com.mx","url":"https:\/\/www.sonoraenequipo.com.mx\/","logo":{"@type":"ImageObject","inLanguage":"es","@id":"https:\/\/www.sonoraenequipo.com.mx\/#\/schema\/logo\/image\/","url":"https:\/\/www.sonoraenequipo.com.mx\/storage\/2019\/01\/sonoraenequipo_opt.png","contentUrl":"https:\/\/www.sonoraenequipo.com.mx\/storage\/2019\/01\/sonoraenequipo_opt.png","width":375,"height":125,"caption":"Sonoraenequipo.com.mx"},"image":{"@id":"https:\/\/www.sonoraenequipo.com.mx\/#\/schema\/logo\/image\/"},"sameAs":["https:\/\/www.facebook.com\/SonoraEE\/","https:\/\/x.com\/sonoraenequipo","https:\/\/www.youtube.com\/channel\/UC338nW-lPEYmJQs4ZABQ1SQ"]},{"@type":"Person","@id":"https:\/\/www.sonoraenequipo.com.mx\/#\/schema\/person\/50102df0fb23a8fa9e8effad8fa81386","name":"enequipo","image":{"@type":"ImageObject","inLanguage":"es","@id":"https:\/\/www.sonoraenequipo.com.mx\/#\/schema\/person\/image\/","url":"https:\/\/secure.gravatar.com\/avatar\/049821681b589dabc0bc20695993ccebb09f5b5d4d790cd9251b97faac7c652b?s=96&d=blank&r=g","contentUrl":"https:\/\/secure.gravatar.com\/avatar\/049821681b589dabc0bc20695993ccebb09f5b5d4d790cd9251b97faac7c652b?s=96&d=blank&r=g","caption":"enequipo"},"sameAs":["https:\/\/www.facebook.com\/SonoraEE"]}]}},"jetpack_featured_media_url":"https:\/\/www.sonoraenequipo.com.mx\/storage\/2025\/09\/adm-con-pesp.jpg","_links":{"self":[{"href":"https:\/\/www.sonoraenequipo.com.mx\/api\/wp\/v2\/posts\/226196","targetHints":{"allow":["GET"]}}],"collection":[{"href":"https:\/\/www.sonoraenequipo.com.mx\/api\/wp\/v2\/posts"}],"about":[{"href":"https:\/\/www.sonoraenequipo.com.mx\/api\/wp\/v2\/types\/post"}],"author":[{"embeddable":true,"href":"https:\/\/www.sonoraenequipo.com.mx\/api\/wp\/v2\/users\/1"}],"replies":[{"embeddable":true,"href":"https:\/\/www.sonoraenequipo.com.mx\/api\/wp\/v2\/comments?post=226196"}],"version-history":[{"count":1,"href":"https:\/\/www.sonoraenequipo.com.mx\/api\/wp\/v2\/posts\/226196\/revisions"}],"predecessor-version":[{"id":226197,"href":"https:\/\/www.sonoraenequipo.com.mx\/api\/wp\/v2\/posts\/226196\/revisions\/226197"}],"wp:featuredmedia":[{"embeddable":true,"href":"https:\/\/www.sonoraenequipo.com.mx\/api\/wp\/v2\/media\/224330"}],"wp:attachment":[{"href":"https:\/\/www.sonoraenequipo.com.mx\/api\/wp\/v2\/media?parent=226196"}],"wp:term":[{"taxonomy":"category","embeddable":true,"href":"https:\/\/www.sonoraenequipo.com.mx\/api\/wp\/v2\/categories?post=226196"},{"taxonomy":"post_tag","embeddable":true,"href":"https:\/\/www.sonoraenequipo.com.mx\/api\/wp\/v2\/tags?post=226196"}],"curies":[{"name":"wp","href":"https:\/\/api.w.org\/{rel}","templated":true}]}}