{"id":226199,"date":"2025-10-13T17:18:26","date_gmt":"2025-10-14T00:18:26","guid":{"rendered":"https:\/\/www.sonoraenequipo.com.mx\/?p=226199"},"modified":"2025-10-13T17:29:09","modified_gmt":"2025-10-14T00:29:09","slug":"se-reune-la-diputada-gabriela-tapia-con-la-rectora-de-la-unison-dena-camarena","status":"publish","type":"post","link":"https:\/\/www.sonoraenequipo.com.mx\/se-reune-la-diputada-gabriela-tapia-con-la-rectora-de-la-unison-dena-camarena\/","title":{"rendered":"Se re\u00fane la diputada Gabriela Tapia con \u00a0la rectora de la Unison Dena Camarena"},"content":{"rendered":"<p><strong>HERMOSILLO, SONORA, MX.<\/strong> \u2014 Con el firme prop\u00f3sito de impulsar la educaci\u00f3n superior y fortalecer v\u00ednculos entre el Poder Legislativo y las instituciones acad\u00e9micas, la diputada del PRD Sonora, Ana Gabriela Tapia Fonllem, sostuvo una \u00a0reuni\u00f3n con la rectora de la Universidad de Sonora, Dena Mar\u00eda Jes\u00fas Camarena\u00a0 G\u00f3mez, en las oficinas de rector\u00eda de la m\u00e1xima casa de estudios.<\/p>\n<p><img loading=\"lazy\" decoding=\"async\" class=\"size-full  x-center\" src=\"https:\/\/www.sonoraenequipo.com.mx\/storage\/2025\/10\/gabriela-tapia-y-dena-camarena-2.jpg\" alt=\"\" width=\"350\" height=\"343\" \/><\/p>\n<p>Durante el encuentro se abordaron diversos temas relacionados con la vida universitaria y los preparativos para los eventos conmemorativos del Aniversario de la Unison.<\/p>\n<p>Asimismo, la legisladora extendi\u00f3 una cordial invitaci\u00f3n a la rectora para acudir al Congreso del Estado, con el fin de exponer las actividades, proyectos y requerimientos presupuestales de la Universidad de Sonora para el ejercicio 2026.<\/p>\n<p>&nbsp;<\/p>\n<p>La diputada Tapia Fonllem destac\u00f3 la importancia de que las y los legisladores mantengan una comunicaci\u00f3n directa con las instituciones educativas, subrayando que \u201capostar por la Universidad de Sonora es apostar por el desarrollo, la innovaci\u00f3n y el futuro de nuestro estado\u201d, mencion\u00f3.<\/p>\n<p><strong>Fecha de publicaci\u00f3n lunes 13 de octubre de 2025<\/strong><\/p>\n","protected":false},"excerpt":{"rendered":"<p>HERMOSILLO, SONORA, MX. \u2014 Con el firme prop\u00f3sito de impulsar la educaci\u00f3n superior y fortalecer&#8230;<\/p>\n","protected":false},"author":1,"featured_media":226200,"comment_status":"open","ping_status":"open","sticky":false,"template":"","format":"standard","meta":{"_monsterinsights_skip_tracking":false,"_monsterinsights_sitenote_active":false,"_monsterinsights_sitenote_note":"","_monsterinsights_sitenote_category":0,"footnotes":""},"categories":[3281],"tags":[11917,11073,63],"class_list":["post"],"yoast_head":" \n<title>Sonora en Equipo. Se re\u00fane la diputada Gabriela Tapia con \u00a0la rectora de la Unison Dena Camarena Congreso<\/title>\n<meta name=\"description\" content=\"HERMOSILLO, SONORA, MX. \u2014 Con el firme prop\u00f3sito de impulsar la educaci\u00f3n superior y fortalecer v\u00ednculos entre el Poder Legislativo y las instituciones En Sonora en Equipo publicamos toda la informaci\u00f3n de Sonora, M\u00e9xico y el Mundo de manera oportuna y busca que la libertad de expresi\u00f3n sea real. Visita nuestro medio informativo publicado desde Hermosillo, Sonora. %\" \/>\n<meta name=\"robots\" content=\"index, follow, max-snippet:-1, max-image-preview:large, max-video-preview:-1\" \/>\n<link rel=\"canonical\" href=\"https:\/\/www.sonoraenequipo.com.mx\/se-reune-la-diputada-gabriela-tapia-con-la-rectora-de-la-unison-dena-camarena\/\" \/>\n<meta property=\"og:locale\" content=\"es_ES\" \/>\n<meta property=\"og:type\" content=\"article\" \/>\n<meta property=\"og:title\" content=\"Sonora en Equipo. Se re\u00fane la diputada Gabriela Tapia con \u00a0la rectora de la Unison Dena Camarena Congreso\" \/>\n<meta property=\"og:description\" content=\"HERMOSILLO, SONORA, MX. \u2014 Con el firme prop\u00f3sito de impulsar la educaci\u00f3n superior y fortalecer v\u00ednculos entre el Poder Legislativo y las instituciones En Sonora en Equipo publicamos toda la informaci\u00f3n de Sonora, M\u00e9xico y el Mundo de manera oportuna y busca que la libertad de expresi\u00f3n sea real. Visita nuestro medio informativo publicado desde Hermosillo, Sonora. %\" \/>\n<meta property=\"og:url\" content=\"https:\/\/www.sonoraenequipo.com.mx\/se-reune-la-diputada-gabriela-tapia-con-la-rectora-de-la-unison-dena-camarena\/\" \/>\n<meta property=\"og:site_name\" content=\"Sonora en Equipo.\" \/>\n<meta property=\"article:publisher\" content=\"https:\/\/www.facebook.com\/SonoraEE\/\" \/>\n<meta property=\"article:author\" content=\"https:\/\/www.facebook.com\/SonoraEE\" \/>\n<meta property=\"article:published_time\" content=\"2025-10-14T00:18:26+00:00\" \/>\n<meta property=\"article:modified_time\" content=\"2025-10-14T00:29:09+00:00\" \/>\n<meta property=\"og:image\" content=\"https:\/\/www.sonoraenequipo.com.mx\/storage\/2025\/10\/gabriela-tapia-y-dena-camarena.jpg\" \/>\n\t<meta property=\"og:image:width\" content=\"600\" \/>\n\t<meta property=\"og:image:height\" content=\"400\" \/>\n\t<meta property=\"og:image:type\" content=\"image\/jpeg\" \/>\n<meta name=\"author\" content=\"enequipo\" \/>\n<meta name=\"twitter:card\" content=\"summary_large_image\" \/>\n<meta name=\"twitter:creator\" content=\"@sonoraenequipo\" \/>\n<meta name=\"twitter:site\" content=\"@sonoraenequipo\" \/>\n<meta name=\"twitter:label1\" content=\"Escrito por\" \/>\n\t<meta name=\"twitter:data1\" content=\"enequipo\" \/>\n\t<meta name=\"twitter:label2\" content=\"Tiempo de lectura\" \/>\n\t<meta name=\"twitter:data2\" content=\"1 minuto\" \/>\n<script type=\"application\/ld+json\" class=\"yoast-schema-graph\">{\"@context\":\"https:\/\/schema.org\",\"@graph\":[{\"@type\":\"Article\",\"@id\":\"https:\/\/www.sonoraenequipo.com.mx\/se-reune-la-diputada-gabriela-tapia-con-la-rectora-de-la-unison-dena-camarena\/#article\",\"isPartOf\":{\"@id\":\"https:\/\/www.sonoraenequipo.com.mx\/se-reune-la-diputada-gabriela-tapia-con-la-rectora-de-la-unison-dena-camarena\/\"},\"author\":{\"name\":\"enequipo\",\"@id\":\"https:\/\/www.sonoraenequipo.com.mx\/#\/schema\/person\/50102df0fb23a8fa9e8effad8fa81386\"},\"headline\":\"Se re\u00fane la diputada Gabriela Tapia con \u00a0la rectora de la Unison Dena Camarena\",\"datePublished\":\"2025-10-14T00:18:26+00:00\",\"dateModified\":\"2025-10-14T00:29:09+00:00\",\"mainEntityOfPage\":{\"@id\":\"https:\/\/www.sonoraenequipo.com.mx\/se-reune-la-diputada-gabriela-tapia-con-la-rectora-de-la-unison-dena-camarena\/\"},\"wordCount\":198,\"commentCount\":0,\"publisher\":{\"@id\":\"https:\/\/www.sonoraenequipo.com.mx\/#organization\"},\"image\":{\"@id\":\"https:\/\/www.sonoraenequipo.com.mx\/se-reune-la-diputada-gabriela-tapia-con-la-rectora-de-la-unison-dena-camarena\/#primaryimage\"},\"thumbnailUrl\":\"https:\/\/www.sonoraenequipo.com.mx\/storage\/2025\/10\/gabriela-tapia-y-dena-camarena.jpg\",\"keywords\":[\"dena camarena\",\"gabriela tapia\",\"UniSon\"],\"articleSection\":[\"Congreso\"],\"inLanguage\":\"es\",\"potentialAction\":[{\"@type\":\"CommentAction\",\"name\":\"Comment\",\"target\":[\"https:\/\/www.sonoraenequipo.com.mx\/se-reune-la-diputada-gabriela-tapia-con-la-rectora-de-la-unison-dena-camarena\/#respond\"]}]},{\"@type\":\"WebPage\",\"@id\":\"https:\/\/www.sonoraenequipo.com.mx\/se-reune-la-diputada-gabriela-tapia-con-la-rectora-de-la-unison-dena-camarena\/\",\"url\":\"https:\/\/www.sonoraenequipo.com.mx\/se-reune-la-diputada-gabriela-tapia-con-la-rectora-de-la-unison-dena-camarena\/\",\"name\":\"Sonora en Equipo. Se re\u00fane la diputada Gabriela Tapia con \u00a0la rectora de la Unison Dena Camarena Congreso\",\"isPartOf\":{\"@id\":\"https:\/\/www.sonoraenequipo.com.mx\/#website\"},\"primaryImageOfPage\":{\"@id\":\"https:\/\/www.sonoraenequipo.com.mx\/se-reune-la-diputada-gabriela-tapia-con-la-rectora-de-la-unison-dena-camarena\/#primaryimage\"},\"image\":{\"@id\":\"https:\/\/www.sonoraenequipo.com.mx\/se-reune-la-diputada-gabriela-tapia-con-la-rectora-de-la-unison-dena-camarena\/#primaryimage\"},\"thumbnailUrl\":\"https:\/\/www.sonoraenequipo.com.mx\/storage\/2025\/10\/gabriela-tapia-y-dena-camarena.jpg\",\"datePublished\":\"2025-10-14T00:18:26+00:00\",\"dateModified\":\"2025-10-14T00:29:09+00:00\",\"description\":\"HERMOSILLO, SONORA, MX. \u2014 Con el firme prop\u00f3sito de impulsar la educaci\u00f3n superior y fortalecer v\u00ednculos entre el Poder Legislativo y las instituciones En Sonora en Equipo publicamos toda la informaci\u00f3n de Sonora, M\u00e9xico y el Mundo de manera oportuna y busca que la libertad de expresi\u00f3n sea real. Visita nuestro medio informativo publicado desde Hermosillo, Sonora. %\",\"breadcrumb\":{\"@id\":\"https:\/\/www.sonoraenequipo.com.mx\/se-reune-la-diputada-gabriela-tapia-con-la-rectora-de-la-unison-dena-camarena\/#breadcrumb\"},\"inLanguage\":\"es\",\"potentialAction\":[{\"@type\":\"ReadAction\",\"target\":[\"https:\/\/www.sonoraenequipo.com.mx\/se-reune-la-diputada-gabriela-tapia-con-la-rectora-de-la-unison-dena-camarena\/\"]}]},{\"@type\":\"ImageObject\",\"inLanguage\":\"es\",\"@id\":\"https:\/\/www.sonoraenequipo.com.mx\/se-reune-la-diputada-gabriela-tapia-con-la-rectora-de-la-unison-dena-camarena\/#primaryimage\",\"url\":\"https:\/\/www.sonoraenequipo.com.mx\/storage\/2025\/10\/gabriela-tapia-y-dena-camarena.jpg\",\"contentUrl\":\"https:\/\/www.sonoraenequipo.com.mx\/storage\/2025\/10\/gabriela-tapia-y-dena-camarena.jpg\",\"width\":600,\"height\":400},{\"@type\":\"BreadcrumbList\",\"@id\":\"https:\/\/www.sonoraenequipo.com.mx\/se-reune-la-diputada-gabriela-tapia-con-la-rectora-de-la-unison-dena-camarena\/#breadcrumb\",\"itemListElement\":[{\"@type\":\"ListItem\",\"position\":1,\"name\":\"Portada\",\"item\":\"https:\/\/www.sonoraenequipo.com.mx\/\"},{\"@type\":\"ListItem\",\"position\":2,\"name\":\"Se re\u00fane la diputada Gabriela Tapia con \u00a0la rectora de la Unison Dena Camarena\"}]},{\"@type\":\"WebSite\",\"@id\":\"https:\/\/www.sonoraenequipo.com.mx\/#website\",\"url\":\"https:\/\/www.sonoraenequipo.com.mx\/\",\"name\":\"Sonora en Equipo.\",\"description\":\"Diario en l\u00ednea con Noticias desde Hermosillo, Sonora\",\"publisher\":{\"@id\":\"https:\/\/www.sonoraenequipo.com.mx\/#organization\"},\"potentialAction\":[{\"@type\":\"SearchAction\",\"target\":{\"@type\":\"EntryPoint\",\"urlTemplate\":\"https:\/\/www.sonoraenequipo.com.mx\/?s={search_term_string}\"},\"query-input\":{\"@type\":\"PropertyValueSpecification\",\"valueRequired\":true,\"valueName\":\"search_term_string\"}}],\"inLanguage\":\"es\"},{\"@type\":\"Organization\",\"@id\":\"https:\/\/www.sonoraenequipo.com.mx\/#organization\",\"name\":\"Sonoraenequipo.com.mx\",\"url\":\"https:\/\/www.sonoraenequipo.com.mx\/\",\"logo\":{\"@type\":\"ImageObject\",\"inLanguage\":\"es\",\"@id\":\"https:\/\/www.sonoraenequipo.com.mx\/#\/schema\/logo\/image\/\",\"url\":\"https:\/\/www.sonoraenequipo.com.mx\/storage\/2019\/01\/sonoraenequipo_opt.png\",\"contentUrl\":\"https:\/\/www.sonoraenequipo.com.mx\/storage\/2019\/01\/sonoraenequipo_opt.png\",\"width\":375,\"height\":125,\"caption\":\"Sonoraenequipo.com.mx\"},\"image\":{\"@id\":\"https:\/\/www.sonoraenequipo.com.mx\/#\/schema\/logo\/image\/\"},\"sameAs\":[\"https:\/\/www.facebook.com\/SonoraEE\/\",\"https:\/\/x.com\/sonoraenequipo\",\"https:\/\/www.youtube.com\/channel\/UC338nW-lPEYmJQs4ZABQ1SQ\"]},{\"@type\":\"Person\",\"@id\":\"https:\/\/www.sonoraenequipo.com.mx\/#\/schema\/person\/50102df0fb23a8fa9e8effad8fa81386\",\"name\":\"enequipo\",\"image\":{\"@type\":\"ImageObject\",\"inLanguage\":\"es\",\"@id\":\"https:\/\/www.sonoraenequipo.com.mx\/#\/schema\/person\/image\/\",\"url\":\"https:\/\/secure.gravatar.com\/avatar\/049821681b589dabc0bc20695993ccebb09f5b5d4d790cd9251b97faac7c652b?s=96&d=blank&r=g\",\"contentUrl\":\"https:\/\/secure.gravatar.com\/avatar\/049821681b589dabc0bc20695993ccebb09f5b5d4d790cd9251b97faac7c652b?s=96&d=blank&r=g\",\"caption\":\"enequipo\"},\"sameAs\":[\"https:\/\/www.facebook.com\/SonoraEE\"]}]}<\/script>\n ","yoast_head_json":{"title":"Sonora en Equipo. Se re\u00fane la diputada Gabriela Tapia con \u00a0la rectora de la Unison Dena Camarena Congreso","description":"HERMOSILLO, SONORA, MX. \u2014 Con el firme prop\u00f3sito de impulsar la educaci\u00f3n superior y fortalecer v\u00ednculos entre el Poder Legislativo y las instituciones En Sonora en Equipo publicamos toda la informaci\u00f3n de Sonora, M\u00e9xico y el Mundo de manera oportuna y busca que la libertad de expresi\u00f3n sea real. Visita nuestro medio informativo publicado desde Hermosillo, Sonora. %","robots":{"index":"index","follow":"follow","max-snippet":"max-snippet:-1","max-image-preview":"max-image-preview:large","max-video-preview":"max-video-preview:-1"},"canonical":"https:\/\/www.sonoraenequipo.com.mx\/se-reune-la-diputada-gabriela-tapia-con-la-rectora-de-la-unison-dena-camarena\/","og_locale":"es_ES","og_type":"article","og_title":"Sonora en Equipo. Se re\u00fane la diputada Gabriela Tapia con \u00a0la rectora de la Unison Dena Camarena Congreso","og_description":"HERMOSILLO, SONORA, MX. \u2014 Con el firme prop\u00f3sito de impulsar la educaci\u00f3n superior y fortalecer v\u00ednculos entre el Poder Legislativo y las instituciones En Sonora en Equipo publicamos toda la informaci\u00f3n de Sonora, M\u00e9xico y el Mundo de manera oportuna y busca que la libertad de expresi\u00f3n sea real. Visita nuestro medio informativo publicado desde Hermosillo, Sonora. %","og_url":"https:\/\/www.sonoraenequipo.com.mx\/se-reune-la-diputada-gabriela-tapia-con-la-rectora-de-la-unison-dena-camarena\/","og_site_name":"Sonora en Equipo.","article_publisher":"https:\/\/www.facebook.com\/SonoraEE\/","article_author":"https:\/\/www.facebook.com\/SonoraEE","article_published_time":"2025-10-14T00:18:26+00:00","article_modified_time":"2025-10-14T00:29:09+00:00","og_image":[{"width":600,"height":400,"url":"https:\/\/www.sonoraenequipo.com.mx\/storage\/2025\/10\/gabriela-tapia-y-dena-camarena.jpg","type":"image\/jpeg"}],"author":"enequipo","twitter_card":"summary_large_image","twitter_creator":"@sonoraenequipo","twitter_site":"@sonoraenequipo","twitter_misc":{"Escrito por":"enequipo","Tiempo de lectura":"1 minuto"},"schema":{"@context":"https:\/\/schema.org","@graph":[{"@type":"Article","@id":"https:\/\/www.sonoraenequipo.com.mx\/se-reune-la-diputada-gabriela-tapia-con-la-rectora-de-la-unison-dena-camarena\/#article","isPartOf":{"@id":"https:\/\/www.sonoraenequipo.com.mx\/se-reune-la-diputada-gabriela-tapia-con-la-rectora-de-la-unison-dena-camarena\/"},"author":{"name":"enequipo","@id":"https:\/\/www.sonoraenequipo.com.mx\/#\/schema\/person\/50102df0fb23a8fa9e8effad8fa81386"},"headline":"Se re\u00fane la diputada Gabriela Tapia con \u00a0la rectora de la Unison Dena Camarena","datePublished":"2025-10-14T00:18:26+00:00","dateModified":"2025-10-14T00:29:09+00:00","mainEntityOfPage":{"@id":"https:\/\/www.sonoraenequipo.com.mx\/se-reune-la-diputada-gabriela-tapia-con-la-rectora-de-la-unison-dena-camarena\/"},"wordCount":198,"commentCount":0,"publisher":{"@id":"https:\/\/www.sonoraenequipo.com.mx\/#organization"},"image":{"@id":"https:\/\/www.sonoraenequipo.com.mx\/se-reune-la-diputada-gabriela-tapia-con-la-rectora-de-la-unison-dena-camarena\/#primaryimage"},"thumbnailUrl":"https:\/\/www.sonoraenequipo.com.mx\/storage\/2025\/10\/gabriela-tapia-y-dena-camarena.jpg","keywords":["dena camarena","gabriela tapia","UniSon"],"articleSection":["Congreso"],"inLanguage":"es","potentialAction":[{"@type":"CommentAction","name":"Comment","target":["https:\/\/www.sonoraenequipo.com.mx\/se-reune-la-diputada-gabriela-tapia-con-la-rectora-de-la-unison-dena-camarena\/#respond"]}]},{"@type":"WebPage","@id":"https:\/\/www.sonoraenequipo.com.mx\/se-reune-la-diputada-gabriela-tapia-con-la-rectora-de-la-unison-dena-camarena\/","url":"https:\/\/www.sonoraenequipo.com.mx\/se-reune-la-diputada-gabriela-tapia-con-la-rectora-de-la-unison-dena-camarena\/","name":"Sonora en Equipo. Se re\u00fane la diputada Gabriela Tapia con \u00a0la rectora de la Unison Dena Camarena Congreso","isPartOf":{"@id":"https:\/\/www.sonoraenequipo.com.mx\/#website"},"primaryImageOfPage":{"@id":"https:\/\/www.sonoraenequipo.com.mx\/se-reune-la-diputada-gabriela-tapia-con-la-rectora-de-la-unison-dena-camarena\/#primaryimage"},"image":{"@id":"https:\/\/www.sonoraenequipo.com.mx\/se-reune-la-diputada-gabriela-tapia-con-la-rectora-de-la-unison-dena-camarena\/#primaryimage"},"thumbnailUrl":"https:\/\/www.sonoraenequipo.com.mx\/storage\/2025\/10\/gabriela-tapia-y-dena-camarena.jpg","datePublished":"2025-10-14T00:18:26+00:00","dateModified":"2025-10-14T00:29:09+00:00","description":"HERMOSILLO, SONORA, MX. \u2014 Con el firme prop\u00f3sito de impulsar la educaci\u00f3n superior y fortalecer v\u00ednculos entre el Poder Legislativo y las instituciones En Sonora en Equipo publicamos toda la informaci\u00f3n de Sonora, M\u00e9xico y el Mundo de manera oportuna y busca que la libertad de expresi\u00f3n sea real. Visita nuestro medio informativo publicado desde Hermosillo, Sonora. %","breadcrumb":{"@id":"https:\/\/www.sonoraenequipo.com.mx\/se-reune-la-diputada-gabriela-tapia-con-la-rectora-de-la-unison-dena-camarena\/#breadcrumb"},"inLanguage":"es","potentialAction":[{"@type":"ReadAction","target":["https:\/\/www.sonoraenequipo.com.mx\/se-reune-la-diputada-gabriela-tapia-con-la-rectora-de-la-unison-dena-camarena\/"]}]},{"@type":"ImageObject","inLanguage":"es","@id":"https:\/\/www.sonoraenequipo.com.mx\/se-reune-la-diputada-gabriela-tapia-con-la-rectora-de-la-unison-dena-camarena\/#primaryimage","url":"https:\/\/www.sonoraenequipo.com.mx\/storage\/2025\/10\/gabriela-tapia-y-dena-camarena.jpg","contentUrl":"https:\/\/www.sonoraenequipo.com.mx\/storage\/2025\/10\/gabriela-tapia-y-dena-camarena.jpg","width":600,"height":400},{"@type":"BreadcrumbList","@id":"https:\/\/www.sonoraenequipo.com.mx\/se-reune-la-diputada-gabriela-tapia-con-la-rectora-de-la-unison-dena-camarena\/#breadcrumb","itemListElement":[{"@type":"ListItem","position":1,"name":"Portada","item":"https:\/\/www.sonoraenequipo.com.mx\/"},{"@type":"ListItem","position":2,"name":"Se re\u00fane la diputada Gabriela Tapia con \u00a0la rectora de la Unison Dena Camarena"}]},{"@type":"WebSite","@id":"https:\/\/www.sonoraenequipo.com.mx\/#website","url":"https:\/\/www.sonoraenequipo.com.mx\/","name":"Sonora en Equipo.","description":"Diario en l\u00ednea con Noticias desde Hermosillo, Sonora","publisher":{"@id":"https:\/\/www.sonoraenequipo.com.mx\/#organization"},"potentialAction":[{"@type":"SearchAction","target":{"@type":"EntryPoint","urlTemplate":"https:\/\/www.sonoraenequipo.com.mx\/?s={search_term_string}"},"query-input":{"@type":"PropertyValueSpecification","valueRequired":true,"valueName":"search_term_string"}}],"inLanguage":"es"},{"@type":"Organization","@id":"https:\/\/www.sonoraenequipo.com.mx\/#organization","name":"Sonoraenequipo.com.mx","url":"https:\/\/www.sonoraenequipo.com.mx\/","logo":{"@type":"ImageObject","inLanguage":"es","@id":"https:\/\/www.sonoraenequipo.com.mx\/#\/schema\/logo\/image\/","url":"https:\/\/www.sonoraenequipo.com.mx\/storage\/2019\/01\/sonoraenequipo_opt.png","contentUrl":"https:\/\/www.sonoraenequipo.com.mx\/storage\/2019\/01\/sonoraenequipo_opt.png","width":375,"height":125,"caption":"Sonoraenequipo.com.mx"},"image":{"@id":"https:\/\/www.sonoraenequipo.com.mx\/#\/schema\/logo\/image\/"},"sameAs":["https:\/\/www.facebook.com\/SonoraEE\/","https:\/\/x.com\/sonoraenequipo","https:\/\/www.youtube.com\/channel\/UC338nW-lPEYmJQs4ZABQ1SQ"]},{"@type":"Person","@id":"https:\/\/www.sonoraenequipo.com.mx\/#\/schema\/person\/50102df0fb23a8fa9e8effad8fa81386","name":"enequipo","image":{"@type":"ImageObject","inLanguage":"es","@id":"https:\/\/www.sonoraenequipo.com.mx\/#\/schema\/person\/image\/","url":"https:\/\/secure.gravatar.com\/avatar\/049821681b589dabc0bc20695993ccebb09f5b5d4d790cd9251b97faac7c652b?s=96&d=blank&r=g","contentUrl":"https:\/\/secure.gravatar.com\/avatar\/049821681b589dabc0bc20695993ccebb09f5b5d4d790cd9251b97faac7c652b?s=96&d=blank&r=g","caption":"enequipo"},"sameAs":["https:\/\/www.facebook.com\/SonoraEE"]}]}},"jetpack_featured_media_url":"https:\/\/www.sonoraenequipo.com.mx\/storage\/2025\/10\/gabriela-tapia-y-dena-camarena.jpg","_links":{"self":[{"href":"https:\/\/www.sonoraenequipo.com.mx\/api\/wp\/v2\/posts\/226199","targetHints":{"allow":["GET"]}}],"collection":[{"href":"https:\/\/www.sonoraenequipo.com.mx\/api\/wp\/v2\/posts"}],"about":[{"href":"https:\/\/www.sonoraenequipo.com.mx\/api\/wp\/v2\/types\/post"}],"author":[{"embeddable":true,"href":"https:\/\/www.sonoraenequipo.com.mx\/api\/wp\/v2\/users\/1"}],"replies":[{"embeddable":true,"href":"https:\/\/www.sonoraenequipo.com.mx\/api\/wp\/v2\/comments?post=226199"}],"version-history":[{"count":3,"href":"https:\/\/www.sonoraenequipo.com.mx\/api\/wp\/v2\/posts\/226199\/revisions"}],"predecessor-version":[{"id":226204,"href":"https:\/\/www.sonoraenequipo.com.mx\/api\/wp\/v2\/posts\/226199\/revisions\/226204"}],"wp:featuredmedia":[{"embeddable":true,"href":"https:\/\/www.sonoraenequipo.com.mx\/api\/wp\/v2\/media\/226200"}],"wp:attachment":[{"href":"https:\/\/www.sonoraenequipo.com.mx\/api\/wp\/v2\/media?parent=226199"}],"wp:term":[{"taxonomy":"category","embeddable":true,"href":"https:\/\/www.sonoraenequipo.com.mx\/api\/wp\/v2\/categories?post=226199"},{"taxonomy":"post_tag","embeddable":true,"href":"https:\/\/www.sonoraenequipo.com.mx\/api\/wp\/v2\/tags?post=226199"}],"curies":[{"name":"wp","href":"https:\/\/api.w.org\/{rel}","templated":true}]}}