{"id":226217,"date":"2025-10-14T08:12:20","date_gmt":"2025-10-14T15:12:20","guid":{"rendered":"https:\/\/www.sonoraenequipo.com.mx\/?p=226217"},"modified":"2025-10-14T09:18:26","modified_gmt":"2025-10-14T16:18:26","slug":"ofrece-gobierno-de-sonora-jornada-de-atencion-medica-en-la-comunidad-de-guasimas-de-belem-guaymas","status":"publish","type":"post","link":"https:\/\/www.sonoraenequipo.com.mx\/ofrece-gobierno-de-sonora-jornada-de-atencion-medica-en-la-comunidad-de-guasimas-de-belem-guaymas\/","title":{"rendered":"Ofrece Gobierno de Sonora jornada de atenci\u00f3n m\u00e9dica en la comunidad de Gu\u00e1simas de Belem, Guaymas"},"content":{"rendered":"<p>HERMOSILLO, SONORA.MX. \u2014 En atenci\u00f3n a las familias de la comunidad de Gu\u00e1simas de Belem, tambi\u00e9n conocida como \u201cLas Gu\u00e1simas\u201d, el Gobierno de Sonora, a trav\u00e9s de la Secretar\u00eda de Salud, y en coordinaci\u00f3n con IMSS-Bienestar y el Ayuntamiento de Guaymas, llev\u00f3 a cabo una jornada de atenci\u00f3n m\u00e9dica gratuita dirigida a las y los habitantes de esta localidad costera.<\/p>\n<p>&nbsp;<\/p>\n<p>&nbsp;<\/p>\n<p>&nbsp;<\/p>\n<p> <br \/>\nA solicitud del municipio de Guaymas, se acudi\u00f3 a brindar atenci\u00f3n m\u00e9dica a la poblaci\u00f3n local. Durante la actividad se ofrecieron m\u00e1s de 100 atenciones, con el objetivo de acercar los servicios de salud a las personas que m\u00e1s lo necesitan, especialmente a quienes, por su ubicaci\u00f3n o condiciones laborales, tienen dificultades para trasladarse a centros m\u00e9dicos.<\/p>\n<p>&nbsp;<\/p>\n<p>&nbsp;<\/p>\n<p><img loading=\"lazy\" decoding=\"async\" class=\"x-center size-full \" src=\"https:\/\/www.sonoraenequipo.com.mx\/storage\/2025\/10\/atencion-medica-en-la-comunidad-de-Guasimas-de-Belem-Guaymas-min.jpg\" alt=\"\" width=\"1000\" height=\"673\" \/><\/p>\n<p>En la jornada se ofrecieron consultas m\u00e9dicas preventivas, revisi\u00f3n general de salud, entrega de medicamentos b\u00e1sicos, as\u00ed como orientaci\u00f3n sobre nutrici\u00f3n, higiene y enfermedades cr\u00f3nicas. Adem\u00e1s, se difundi\u00f3 informaci\u00f3n sobre los programas estatales de salud y bienestar, con el prop\u00f3sito de que la poblaci\u00f3n conozca y aproveche los servicios disponibles.<\/p>\n<p>&nbsp;<\/p>\n<p>&nbsp;<\/p>\n<p><img loading=\"lazy\" decoding=\"async\" class=\"x-center size-full \" src=\"https:\/\/www.sonoraenequipo.com.mx\/storage\/2025\/10\/Guasimas-de-Belem-Guaymas-min.jpg\" alt=\"\" width=\"1000\" height=\"667\" \/>Cabe destacar que una gran parte de la poblaci\u00f3n de Gu\u00e1simas de Belem se dedica a la pesca, por lo que este tipo de acciones son fundamentales para promover la salud y el bienestar en comunidades que dependen del mar como principal fuente de sustento.<\/p>\n<p>&nbsp;<\/p>\n<p>&nbsp;<\/p>\n<p>Esta jornada de atenci\u00f3n forma parte del compromiso del Gobierno de Sonora de mantener un acompa\u00f1amiento constante con las comunidades tras el paso reciente de la depresi\u00f3n tropical \u201cRaymond\u201d, garantizando una respuesta oportuna ante posibles riesgos sanitarios.<\/p>\n<p>&nbsp;<\/p>\n<p>PUBLICADO EL 14 DE OCTUBRE DE 2025 Con informaci\u00f3n de GOBSON 1025\/151)<\/p>\n","protected":false},"excerpt":{"rendered":"<p>HERMOSILLO, SONORA.MX. \u2014 En atenci\u00f3n a las familias de la comunidad de Gu\u00e1simas de Belem,&#8230;<\/p>\n","protected":false},"author":1,"featured_media":226221,"comment_status":"open","ping_status":"open","sticky":false,"template":"","format":"standard","meta":{"_monsterinsights_skip_tracking":false,"_monsterinsights_sitenote_active":false,"_monsterinsights_sitenote_note":"","_monsterinsights_sitenote_category":0,"footnotes":""},"categories":[22],"tags":[],"class_list":["post"],"yoast_head":" \n<title>Sonora en Equipo. Ofrece Gobierno de Sonora jornada de atenci\u00f3n m\u00e9dica en la comunidad de Gu\u00e1simas de Belem, Guaymas Sonora<\/title>\n<meta name=\"description\" content=\"HERMOSILLO, SONORA.MX. \u2014 En atenci\u00f3n a las familias de la comunidad de Gu\u00e1simas de Belem, tambi\u00e9n conocida como \u201cLas Gu\u00e1simas\u201d, el Gobierno de Sonora, a En Sonora en Equipo publicamos toda la informaci\u00f3n de Sonora, M\u00e9xico y el Mundo de manera oportuna y busca que la libertad de expresi\u00f3n sea real. Visita nuestro medio informativo publicado desde Hermosillo, Sonora. %\" \/>\n<meta name=\"robots\" content=\"index, follow, max-snippet:-1, max-image-preview:large, max-video-preview:-1\" \/>\n<link rel=\"canonical\" href=\"https:\/\/www.sonoraenequipo.com.mx\/ofrece-gobierno-de-sonora-jornada-de-atencion-medica-en-la-comunidad-de-guasimas-de-belem-guaymas\/\" \/>\n<meta property=\"og:locale\" content=\"es_ES\" \/>\n<meta property=\"og:type\" content=\"article\" \/>\n<meta property=\"og:title\" content=\"Sonora en Equipo. Ofrece Gobierno de Sonora jornada de atenci\u00f3n m\u00e9dica en la comunidad de Gu\u00e1simas de Belem, Guaymas Sonora\" \/>\n<meta property=\"og:description\" content=\"HERMOSILLO, SONORA.MX. \u2014 En atenci\u00f3n a las familias de la comunidad de Gu\u00e1simas de Belem, tambi\u00e9n conocida como \u201cLas Gu\u00e1simas\u201d, el Gobierno de Sonora, a En Sonora en Equipo publicamos toda la informaci\u00f3n de Sonora, M\u00e9xico y el Mundo de manera oportuna y busca que la libertad de expresi\u00f3n sea real. Visita nuestro medio informativo publicado desde Hermosillo, Sonora. %\" \/>\n<meta property=\"og:url\" content=\"https:\/\/www.sonoraenequipo.com.mx\/ofrece-gobierno-de-sonora-jornada-de-atencion-medica-en-la-comunidad-de-guasimas-de-belem-guaymas\/\" \/>\n<meta property=\"og:site_name\" content=\"Sonora en Equipo.\" \/>\n<meta property=\"article:publisher\" content=\"https:\/\/www.facebook.com\/SonoraEE\/\" \/>\n<meta property=\"article:author\" content=\"https:\/\/www.facebook.com\/SonoraEE\" \/>\n<meta property=\"article:published_time\" content=\"2025-10-14T15:12:20+00:00\" \/>\n<meta property=\"article:modified_time\" content=\"2025-10-14T16:18:26+00:00\" \/>\n<meta property=\"og:image\" content=\"https:\/\/www.sonoraenequipo.com.mx\/storage\/2025\/10\/Ofrece-Gobierno-de-Sonora.-atencion-medica-en-Guasimas-de-Belem-Guaymas-min.jpg\" \/>\n\t<meta property=\"og:image:width\" content=\"1000\" \/>\n\t<meta property=\"og:image:height\" content=\"728\" \/>\n\t<meta property=\"og:image:type\" content=\"image\/jpeg\" \/>\n<meta name=\"author\" content=\"enequipo\" \/>\n<meta name=\"twitter:card\" content=\"summary_large_image\" \/>\n<meta name=\"twitter:creator\" content=\"@sonoraenequipo\" \/>\n<meta name=\"twitter:site\" content=\"@sonoraenequipo\" \/>\n<meta name=\"twitter:label1\" content=\"Escrito por\" \/>\n\t<meta name=\"twitter:data1\" content=\"enequipo\" \/>\n\t<meta name=\"twitter:label2\" content=\"Tiempo de lectura\" \/>\n\t<meta name=\"twitter:data2\" content=\"1 minuto\" \/>\n<script type=\"application\/ld+json\" class=\"yoast-schema-graph\">{\"@context\":\"https:\/\/schema.org\",\"@graph\":[{\"@type\":\"Article\",\"@id\":\"https:\/\/www.sonoraenequipo.com.mx\/ofrece-gobierno-de-sonora-jornada-de-atencion-medica-en-la-comunidad-de-guasimas-de-belem-guaymas\/#article\",\"isPartOf\":{\"@id\":\"https:\/\/www.sonoraenequipo.com.mx\/ofrece-gobierno-de-sonora-jornada-de-atencion-medica-en-la-comunidad-de-guasimas-de-belem-guaymas\/\"},\"author\":{\"name\":\"enequipo\",\"@id\":\"https:\/\/www.sonoraenequipo.com.mx\/#\/schema\/person\/50102df0fb23a8fa9e8effad8fa81386\"},\"headline\":\"Ofrece Gobierno de Sonora jornada de atenci\u00f3n m\u00e9dica en la comunidad de Gu\u00e1simas de Belem, Guaymas\",\"datePublished\":\"2025-10-14T15:12:20+00:00\",\"dateModified\":\"2025-10-14T16:18:26+00:00\",\"mainEntityOfPage\":{\"@id\":\"https:\/\/www.sonoraenequipo.com.mx\/ofrece-gobierno-de-sonora-jornada-de-atencion-medica-en-la-comunidad-de-guasimas-de-belem-guaymas\/\"},\"wordCount\":318,\"commentCount\":0,\"publisher\":{\"@id\":\"https:\/\/www.sonoraenequipo.com.mx\/#organization\"},\"image\":{\"@id\":\"https:\/\/www.sonoraenequipo.com.mx\/ofrece-gobierno-de-sonora-jornada-de-atencion-medica-en-la-comunidad-de-guasimas-de-belem-guaymas\/#primaryimage\"},\"thumbnailUrl\":\"https:\/\/www.sonoraenequipo.com.mx\/storage\/2025\/10\/Ofrece-Gobierno-de-Sonora.-atencion-medica-en-Guasimas-de-Belem-Guaymas-min.jpg\",\"articleSection\":[\"Sonora\"],\"inLanguage\":\"es\",\"potentialAction\":[{\"@type\":\"CommentAction\",\"name\":\"Comment\",\"target\":[\"https:\/\/www.sonoraenequipo.com.mx\/ofrece-gobierno-de-sonora-jornada-de-atencion-medica-en-la-comunidad-de-guasimas-de-belem-guaymas\/#respond\"]}]},{\"@type\":\"WebPage\",\"@id\":\"https:\/\/www.sonoraenequipo.com.mx\/ofrece-gobierno-de-sonora-jornada-de-atencion-medica-en-la-comunidad-de-guasimas-de-belem-guaymas\/\",\"url\":\"https:\/\/www.sonoraenequipo.com.mx\/ofrece-gobierno-de-sonora-jornada-de-atencion-medica-en-la-comunidad-de-guasimas-de-belem-guaymas\/\",\"name\":\"Sonora en Equipo. Ofrece Gobierno de Sonora jornada de atenci\u00f3n m\u00e9dica en la comunidad de Gu\u00e1simas de Belem, Guaymas Sonora\",\"isPartOf\":{\"@id\":\"https:\/\/www.sonoraenequipo.com.mx\/#website\"},\"primaryImageOfPage\":{\"@id\":\"https:\/\/www.sonoraenequipo.com.mx\/ofrece-gobierno-de-sonora-jornada-de-atencion-medica-en-la-comunidad-de-guasimas-de-belem-guaymas\/#primaryimage\"},\"image\":{\"@id\":\"https:\/\/www.sonoraenequipo.com.mx\/ofrece-gobierno-de-sonora-jornada-de-atencion-medica-en-la-comunidad-de-guasimas-de-belem-guaymas\/#primaryimage\"},\"thumbnailUrl\":\"https:\/\/www.sonoraenequipo.com.mx\/storage\/2025\/10\/Ofrece-Gobierno-de-Sonora.-atencion-medica-en-Guasimas-de-Belem-Guaymas-min.jpg\",\"datePublished\":\"2025-10-14T15:12:20+00:00\",\"dateModified\":\"2025-10-14T16:18:26+00:00\",\"description\":\"HERMOSILLO, SONORA.MX. \u2014 En atenci\u00f3n a las familias de la comunidad de Gu\u00e1simas de Belem, tambi\u00e9n conocida como \u201cLas Gu\u00e1simas\u201d, el Gobierno de Sonora, a En Sonora en Equipo publicamos toda la informaci\u00f3n de Sonora, M\u00e9xico y el Mundo de manera oportuna y busca que la libertad de expresi\u00f3n sea real. Visita nuestro medio informativo publicado desde Hermosillo, Sonora. %\",\"breadcrumb\":{\"@id\":\"https:\/\/www.sonoraenequipo.com.mx\/ofrece-gobierno-de-sonora-jornada-de-atencion-medica-en-la-comunidad-de-guasimas-de-belem-guaymas\/#breadcrumb\"},\"inLanguage\":\"es\",\"potentialAction\":[{\"@type\":\"ReadAction\",\"target\":[\"https:\/\/www.sonoraenequipo.com.mx\/ofrece-gobierno-de-sonora-jornada-de-atencion-medica-en-la-comunidad-de-guasimas-de-belem-guaymas\/\"]}]},{\"@type\":\"ImageObject\",\"inLanguage\":\"es\",\"@id\":\"https:\/\/www.sonoraenequipo.com.mx\/ofrece-gobierno-de-sonora-jornada-de-atencion-medica-en-la-comunidad-de-guasimas-de-belem-guaymas\/#primaryimage\",\"url\":\"https:\/\/www.sonoraenequipo.com.mx\/storage\/2025\/10\/Ofrece-Gobierno-de-Sonora.-atencion-medica-en-Guasimas-de-Belem-Guaymas-min.jpg\",\"contentUrl\":\"https:\/\/www.sonoraenequipo.com.mx\/storage\/2025\/10\/Ofrece-Gobierno-de-Sonora.-atencion-medica-en-Guasimas-de-Belem-Guaymas-min.jpg\",\"width\":1000,\"height\":728},{\"@type\":\"BreadcrumbList\",\"@id\":\"https:\/\/www.sonoraenequipo.com.mx\/ofrece-gobierno-de-sonora-jornada-de-atencion-medica-en-la-comunidad-de-guasimas-de-belem-guaymas\/#breadcrumb\",\"itemListElement\":[{\"@type\":\"ListItem\",\"position\":1,\"name\":\"Portada\",\"item\":\"https:\/\/www.sonoraenequipo.com.mx\/\"},{\"@type\":\"ListItem\",\"position\":2,\"name\":\"Ofrece Gobierno de Sonora jornada de atenci\u00f3n m\u00e9dica en la comunidad de Gu\u00e1simas de Belem, Guaymas\"}]},{\"@type\":\"WebSite\",\"@id\":\"https:\/\/www.sonoraenequipo.com.mx\/#website\",\"url\":\"https:\/\/www.sonoraenequipo.com.mx\/\",\"name\":\"Sonora en Equipo.\",\"description\":\"Diario en l\u00ednea con Noticias desde Hermosillo, Sonora\",\"publisher\":{\"@id\":\"https:\/\/www.sonoraenequipo.com.mx\/#organization\"},\"potentialAction\":[{\"@type\":\"SearchAction\",\"target\":{\"@type\":\"EntryPoint\",\"urlTemplate\":\"https:\/\/www.sonoraenequipo.com.mx\/?s={search_term_string}\"},\"query-input\":{\"@type\":\"PropertyValueSpecification\",\"valueRequired\":true,\"valueName\":\"search_term_string\"}}],\"inLanguage\":\"es\"},{\"@type\":\"Organization\",\"@id\":\"https:\/\/www.sonoraenequipo.com.mx\/#organization\",\"name\":\"Sonoraenequipo.com.mx\",\"url\":\"https:\/\/www.sonoraenequipo.com.mx\/\",\"logo\":{\"@type\":\"ImageObject\",\"inLanguage\":\"es\",\"@id\":\"https:\/\/www.sonoraenequipo.com.mx\/#\/schema\/logo\/image\/\",\"url\":\"https:\/\/www.sonoraenequipo.com.mx\/storage\/2019\/01\/sonoraenequipo_opt.png\",\"contentUrl\":\"https:\/\/www.sonoraenequipo.com.mx\/storage\/2019\/01\/sonoraenequipo_opt.png\",\"width\":375,\"height\":125,\"caption\":\"Sonoraenequipo.com.mx\"},\"image\":{\"@id\":\"https:\/\/www.sonoraenequipo.com.mx\/#\/schema\/logo\/image\/\"},\"sameAs\":[\"https:\/\/www.facebook.com\/SonoraEE\/\",\"https:\/\/x.com\/sonoraenequipo\",\"https:\/\/www.youtube.com\/channel\/UC338nW-lPEYmJQs4ZABQ1SQ\"]},{\"@type\":\"Person\",\"@id\":\"https:\/\/www.sonoraenequipo.com.mx\/#\/schema\/person\/50102df0fb23a8fa9e8effad8fa81386\",\"name\":\"enequipo\",\"image\":{\"@type\":\"ImageObject\",\"inLanguage\":\"es\",\"@id\":\"https:\/\/www.sonoraenequipo.com.mx\/#\/schema\/person\/image\/\",\"url\":\"https:\/\/secure.gravatar.com\/avatar\/049821681b589dabc0bc20695993ccebb09f5b5d4d790cd9251b97faac7c652b?s=96&d=blank&r=g\",\"contentUrl\":\"https:\/\/secure.gravatar.com\/avatar\/049821681b589dabc0bc20695993ccebb09f5b5d4d790cd9251b97faac7c652b?s=96&d=blank&r=g\",\"caption\":\"enequipo\"},\"sameAs\":[\"https:\/\/www.facebook.com\/SonoraEE\"]}]}<\/script>\n ","yoast_head_json":{"title":"Sonora en Equipo. Ofrece Gobierno de Sonora jornada de atenci\u00f3n m\u00e9dica en la comunidad de Gu\u00e1simas de Belem, Guaymas Sonora","description":"HERMOSILLO, SONORA.MX. \u2014 En atenci\u00f3n a las familias de la comunidad de Gu\u00e1simas de Belem, tambi\u00e9n conocida como \u201cLas Gu\u00e1simas\u201d, el Gobierno de Sonora, a En Sonora en Equipo publicamos toda la informaci\u00f3n de Sonora, M\u00e9xico y el Mundo de manera oportuna y busca que la libertad de expresi\u00f3n sea real. Visita nuestro medio informativo publicado desde Hermosillo, Sonora. %","robots":{"index":"index","follow":"follow","max-snippet":"max-snippet:-1","max-image-preview":"max-image-preview:large","max-video-preview":"max-video-preview:-1"},"canonical":"https:\/\/www.sonoraenequipo.com.mx\/ofrece-gobierno-de-sonora-jornada-de-atencion-medica-en-la-comunidad-de-guasimas-de-belem-guaymas\/","og_locale":"es_ES","og_type":"article","og_title":"Sonora en Equipo. Ofrece Gobierno de Sonora jornada de atenci\u00f3n m\u00e9dica en la comunidad de Gu\u00e1simas de Belem, Guaymas Sonora","og_description":"HERMOSILLO, SONORA.MX. \u2014 En atenci\u00f3n a las familias de la comunidad de Gu\u00e1simas de Belem, tambi\u00e9n conocida como \u201cLas Gu\u00e1simas\u201d, el Gobierno de Sonora, a En Sonora en Equipo publicamos toda la informaci\u00f3n de Sonora, M\u00e9xico y el Mundo de manera oportuna y busca que la libertad de expresi\u00f3n sea real. Visita nuestro medio informativo publicado desde Hermosillo, Sonora. %","og_url":"https:\/\/www.sonoraenequipo.com.mx\/ofrece-gobierno-de-sonora-jornada-de-atencion-medica-en-la-comunidad-de-guasimas-de-belem-guaymas\/","og_site_name":"Sonora en Equipo.","article_publisher":"https:\/\/www.facebook.com\/SonoraEE\/","article_author":"https:\/\/www.facebook.com\/SonoraEE","article_published_time":"2025-10-14T15:12:20+00:00","article_modified_time":"2025-10-14T16:18:26+00:00","og_image":[{"width":1000,"height":728,"url":"https:\/\/www.sonoraenequipo.com.mx\/storage\/2025\/10\/Ofrece-Gobierno-de-Sonora.-atencion-medica-en-Guasimas-de-Belem-Guaymas-min.jpg","type":"image\/jpeg"}],"author":"enequipo","twitter_card":"summary_large_image","twitter_creator":"@sonoraenequipo","twitter_site":"@sonoraenequipo","twitter_misc":{"Escrito por":"enequipo","Tiempo de lectura":"1 minuto"},"schema":{"@context":"https:\/\/schema.org","@graph":[{"@type":"Article","@id":"https:\/\/www.sonoraenequipo.com.mx\/ofrece-gobierno-de-sonora-jornada-de-atencion-medica-en-la-comunidad-de-guasimas-de-belem-guaymas\/#article","isPartOf":{"@id":"https:\/\/www.sonoraenequipo.com.mx\/ofrece-gobierno-de-sonora-jornada-de-atencion-medica-en-la-comunidad-de-guasimas-de-belem-guaymas\/"},"author":{"name":"enequipo","@id":"https:\/\/www.sonoraenequipo.com.mx\/#\/schema\/person\/50102df0fb23a8fa9e8effad8fa81386"},"headline":"Ofrece Gobierno de Sonora jornada de atenci\u00f3n m\u00e9dica en la comunidad de Gu\u00e1simas de Belem, Guaymas","datePublished":"2025-10-14T15:12:20+00:00","dateModified":"2025-10-14T16:18:26+00:00","mainEntityOfPage":{"@id":"https:\/\/www.sonoraenequipo.com.mx\/ofrece-gobierno-de-sonora-jornada-de-atencion-medica-en-la-comunidad-de-guasimas-de-belem-guaymas\/"},"wordCount":318,"commentCount":0,"publisher":{"@id":"https:\/\/www.sonoraenequipo.com.mx\/#organization"},"image":{"@id":"https:\/\/www.sonoraenequipo.com.mx\/ofrece-gobierno-de-sonora-jornada-de-atencion-medica-en-la-comunidad-de-guasimas-de-belem-guaymas\/#primaryimage"},"thumbnailUrl":"https:\/\/www.sonoraenequipo.com.mx\/storage\/2025\/10\/Ofrece-Gobierno-de-Sonora.-atencion-medica-en-Guasimas-de-Belem-Guaymas-min.jpg","articleSection":["Sonora"],"inLanguage":"es","potentialAction":[{"@type":"CommentAction","name":"Comment","target":["https:\/\/www.sonoraenequipo.com.mx\/ofrece-gobierno-de-sonora-jornada-de-atencion-medica-en-la-comunidad-de-guasimas-de-belem-guaymas\/#respond"]}]},{"@type":"WebPage","@id":"https:\/\/www.sonoraenequipo.com.mx\/ofrece-gobierno-de-sonora-jornada-de-atencion-medica-en-la-comunidad-de-guasimas-de-belem-guaymas\/","url":"https:\/\/www.sonoraenequipo.com.mx\/ofrece-gobierno-de-sonora-jornada-de-atencion-medica-en-la-comunidad-de-guasimas-de-belem-guaymas\/","name":"Sonora en Equipo. Ofrece Gobierno de Sonora jornada de atenci\u00f3n m\u00e9dica en la comunidad de Gu\u00e1simas de Belem, Guaymas Sonora","isPartOf":{"@id":"https:\/\/www.sonoraenequipo.com.mx\/#website"},"primaryImageOfPage":{"@id":"https:\/\/www.sonoraenequipo.com.mx\/ofrece-gobierno-de-sonora-jornada-de-atencion-medica-en-la-comunidad-de-guasimas-de-belem-guaymas\/#primaryimage"},"image":{"@id":"https:\/\/www.sonoraenequipo.com.mx\/ofrece-gobierno-de-sonora-jornada-de-atencion-medica-en-la-comunidad-de-guasimas-de-belem-guaymas\/#primaryimage"},"thumbnailUrl":"https:\/\/www.sonoraenequipo.com.mx\/storage\/2025\/10\/Ofrece-Gobierno-de-Sonora.-atencion-medica-en-Guasimas-de-Belem-Guaymas-min.jpg","datePublished":"2025-10-14T15:12:20+00:00","dateModified":"2025-10-14T16:18:26+00:00","description":"HERMOSILLO, SONORA.MX. \u2014 En atenci\u00f3n a las familias de la comunidad de Gu\u00e1simas de Belem, tambi\u00e9n conocida como \u201cLas Gu\u00e1simas\u201d, el Gobierno de Sonora, a En Sonora en Equipo publicamos toda la informaci\u00f3n de Sonora, M\u00e9xico y el Mundo de manera oportuna y busca que la libertad de expresi\u00f3n sea real. Visita nuestro medio informativo publicado desde Hermosillo, Sonora. %","breadcrumb":{"@id":"https:\/\/www.sonoraenequipo.com.mx\/ofrece-gobierno-de-sonora-jornada-de-atencion-medica-en-la-comunidad-de-guasimas-de-belem-guaymas\/#breadcrumb"},"inLanguage":"es","potentialAction":[{"@type":"ReadAction","target":["https:\/\/www.sonoraenequipo.com.mx\/ofrece-gobierno-de-sonora-jornada-de-atencion-medica-en-la-comunidad-de-guasimas-de-belem-guaymas\/"]}]},{"@type":"ImageObject","inLanguage":"es","@id":"https:\/\/www.sonoraenequipo.com.mx\/ofrece-gobierno-de-sonora-jornada-de-atencion-medica-en-la-comunidad-de-guasimas-de-belem-guaymas\/#primaryimage","url":"https:\/\/www.sonoraenequipo.com.mx\/storage\/2025\/10\/Ofrece-Gobierno-de-Sonora.-atencion-medica-en-Guasimas-de-Belem-Guaymas-min.jpg","contentUrl":"https:\/\/www.sonoraenequipo.com.mx\/storage\/2025\/10\/Ofrece-Gobierno-de-Sonora.-atencion-medica-en-Guasimas-de-Belem-Guaymas-min.jpg","width":1000,"height":728},{"@type":"BreadcrumbList","@id":"https:\/\/www.sonoraenequipo.com.mx\/ofrece-gobierno-de-sonora-jornada-de-atencion-medica-en-la-comunidad-de-guasimas-de-belem-guaymas\/#breadcrumb","itemListElement":[{"@type":"ListItem","position":1,"name":"Portada","item":"https:\/\/www.sonoraenequipo.com.mx\/"},{"@type":"ListItem","position":2,"name":"Ofrece Gobierno de Sonora jornada de atenci\u00f3n m\u00e9dica en la comunidad de Gu\u00e1simas de Belem, Guaymas"}]},{"@type":"WebSite","@id":"https:\/\/www.sonoraenequipo.com.mx\/#website","url":"https:\/\/www.sonoraenequipo.com.mx\/","name":"Sonora en Equipo.","description":"Diario en l\u00ednea con Noticias desde Hermosillo, Sonora","publisher":{"@id":"https:\/\/www.sonoraenequipo.com.mx\/#organization"},"potentialAction":[{"@type":"SearchAction","target":{"@type":"EntryPoint","urlTemplate":"https:\/\/www.sonoraenequipo.com.mx\/?s={search_term_string}"},"query-input":{"@type":"PropertyValueSpecification","valueRequired":true,"valueName":"search_term_string"}}],"inLanguage":"es"},{"@type":"Organization","@id":"https:\/\/www.sonoraenequipo.com.mx\/#organization","name":"Sonoraenequipo.com.mx","url":"https:\/\/www.sonoraenequipo.com.mx\/","logo":{"@type":"ImageObject","inLanguage":"es","@id":"https:\/\/www.sonoraenequipo.com.mx\/#\/schema\/logo\/image\/","url":"https:\/\/www.sonoraenequipo.com.mx\/storage\/2019\/01\/sonoraenequipo_opt.png","contentUrl":"https:\/\/www.sonoraenequipo.com.mx\/storage\/2019\/01\/sonoraenequipo_opt.png","width":375,"height":125,"caption":"Sonoraenequipo.com.mx"},"image":{"@id":"https:\/\/www.sonoraenequipo.com.mx\/#\/schema\/logo\/image\/"},"sameAs":["https:\/\/www.facebook.com\/SonoraEE\/","https:\/\/x.com\/sonoraenequipo","https:\/\/www.youtube.com\/channel\/UC338nW-lPEYmJQs4ZABQ1SQ"]},{"@type":"Person","@id":"https:\/\/www.sonoraenequipo.com.mx\/#\/schema\/person\/50102df0fb23a8fa9e8effad8fa81386","name":"enequipo","image":{"@type":"ImageObject","inLanguage":"es","@id":"https:\/\/www.sonoraenequipo.com.mx\/#\/schema\/person\/image\/","url":"https:\/\/secure.gravatar.com\/avatar\/049821681b589dabc0bc20695993ccebb09f5b5d4d790cd9251b97faac7c652b?s=96&d=blank&r=g","contentUrl":"https:\/\/secure.gravatar.com\/avatar\/049821681b589dabc0bc20695993ccebb09f5b5d4d790cd9251b97faac7c652b?s=96&d=blank&r=g","caption":"enequipo"},"sameAs":["https:\/\/www.facebook.com\/SonoraEE"]}]}},"jetpack_featured_media_url":"https:\/\/www.sonoraenequipo.com.mx\/storage\/2025\/10\/Ofrece-Gobierno-de-Sonora.-atencion-medica-en-Guasimas-de-Belem-Guaymas-min.jpg","_links":{"self":[{"href":"https:\/\/www.sonoraenequipo.com.mx\/api\/wp\/v2\/posts\/226217","targetHints":{"allow":["GET"]}}],"collection":[{"href":"https:\/\/www.sonoraenequipo.com.mx\/api\/wp\/v2\/posts"}],"about":[{"href":"https:\/\/www.sonoraenequipo.com.mx\/api\/wp\/v2\/types\/post"}],"author":[{"embeddable":true,"href":"https:\/\/www.sonoraenequipo.com.mx\/api\/wp\/v2\/users\/1"}],"replies":[{"embeddable":true,"href":"https:\/\/www.sonoraenequipo.com.mx\/api\/wp\/v2\/comments?post=226217"}],"version-history":[{"count":1,"href":"https:\/\/www.sonoraenequipo.com.mx\/api\/wp\/v2\/posts\/226217\/revisions"}],"predecessor-version":[{"id":226222,"href":"https:\/\/www.sonoraenequipo.com.mx\/api\/wp\/v2\/posts\/226217\/revisions\/226222"}],"wp:featuredmedia":[{"embeddable":true,"href":"https:\/\/www.sonoraenequipo.com.mx\/api\/wp\/v2\/media\/226221"}],"wp:attachment":[{"href":"https:\/\/www.sonoraenequipo.com.mx\/api\/wp\/v2\/media?parent=226217"}],"wp:term":[{"taxonomy":"category","embeddable":true,"href":"https:\/\/www.sonoraenequipo.com.mx\/api\/wp\/v2\/categories?post=226217"},{"taxonomy":"post_tag","embeddable":true,"href":"https:\/\/www.sonoraenequipo.com.mx\/api\/wp\/v2\/tags?post=226217"}],"curies":[{"name":"wp","href":"https:\/\/api.w.org\/{rel}","templated":true}]}}