{"id":226229,"date":"2025-10-14T11:13:52","date_gmt":"2025-10-14T18:13:52","guid":{"rendered":"https:\/\/www.sonoraenequipo.com.mx\/?p=226229"},"modified":"2025-10-14T11:19:13","modified_gmt":"2025-10-14T18:19:13","slug":"rebasa-metas-de-capacitacion-en-derechos-humanos-la-cedh-sonora","status":"publish","type":"post","link":"https:\/\/www.sonoraenequipo.com.mx\/rebasa-metas-de-capacitacion-en-derechos-humanos-la-cedh-sonora\/","title":{"rendered":"Rebasa metas de capacitaci\u00f3n en derechos humanos la CEDH Sonora"},"content":{"rendered":"<p><strong>HERMOSILLO, SONORA, MX.<\/strong> \u2014 Cifras hist\u00f3ricas en su trabajo de promoci\u00f3n alcanza ya la Comisi\u00f3n Estatal de Derechos Humanos, pues con los 79 nuevos cursos de capacitaci\u00f3n impartidos tan s\u00f3lo la semana pasada, suma 853 en lo que va del a\u00f1o, cifra que rebasa la alcanzada en cualquier otro ejercicio.<\/p>\n<p>&nbsp;<\/p>\n<p>El presidente de la CEDH Sonora, Luis Fernando Renter\u00eda Barrag\u00e1n, subray\u00f3 que \u201clo m\u00e1s importante es que con estos cursos llegamos a 39,117 personas capacitadas y sensibilizadas durante este a\u00f1o sobre el cumplimiento y el ejercicio de los derechos fundamentales\u201d.<\/p>\n<p>&nbsp;<\/p>\n<p>El a\u00f1o pasado la Comisi\u00f3n imparti\u00f3 810 cursos con 29,510 asistentes, pero hasta antes de la actual administraci\u00f3n el promedio era de 257 eventos de este tipo anualmente.<\/p>\n<p>&nbsp;<\/p>\n<p>La CEDH ofrece un cat\u00e1logo de 34 temas a desarrollar, como \u201cDerechos de las personas con discapacidad\u201d, \u201cInclusi\u00f3n en el \u00e1mbito educativo\u201d, \u201cPrevenci\u00f3n y manejo de crisis sensoriales en personas neurodivergentes\u201d, \u201cG\u00e9nero y derechos humanos\u201d, \u201cProtocolos de atenci\u00f3n a casos de violencia escolar\u201d y, entre otros, \u201cQu\u00e9 es y qu\u00e9 hace la CEDH\u201d.<\/p>\n<p>&nbsp;<\/p>\n<p>Los cursos de este 2025 se han llevado a cabo en 91 instituciones p\u00fablicas y empresas privadas en varios municipios, entre ellas la Minera \u00c1lamos Gold Inc, la Cl\u00ednica del Noroeste y la Asociaci\u00f3n de Hoteles y Moteles de Sonora.<\/p>\n<p>&nbsp;<\/p>\n<p>Asimismo, en escuelas primarias y secundarias y en los campus de la Universidad de Sonora, planteles del Cecytes, Cbtas, ITSON, Conalep, Cobach y el Tecnol\u00f3gico de Monterrey; adem\u00e1s, en ayuntamientos y dependencias estatales como el Centro Especializado de Internamiento para Adolescentes (ITAMA), el Sistema de Atenci\u00f3n a la Violencia Familiar y de G\u00e9nero (SALVA), el Instituto Sonorense de Educaci\u00f3n para los Adultos, y los centros de reinserci\u00f3n social en el estado, entre otros.<\/p>\n<p>&nbsp;<\/p>\n<p><strong>Fecha de publicaci\u00f3n martes 14 de octubre de 2025<\/strong><\/p>\n","protected":false},"excerpt":{"rendered":"<p>HERMOSILLO, SONORA, MX. \u2014 Cifras hist\u00f3ricas en su trabajo de promoci\u00f3n alcanza ya la Comisi\u00f3n&#8230;<\/p>\n","protected":false},"author":1,"featured_media":106274,"comment_status":"open","ping_status":"open","sticky":false,"template":"","format":"standard","meta":{"_monsterinsights_skip_tracking":false,"_monsterinsights_sitenote_active":false,"_monsterinsights_sitenote_note":"","_monsterinsights_sitenote_category":0,"footnotes":""},"categories":[22],"tags":[4158,15],"class_list":["post"],"yoast_head":" \n<title>Sonora en Equipo. Rebasa metas de capacitaci\u00f3n en derechos humanos la CEDH Sonora Sonora<\/title>\n<meta name=\"description\" content=\"HERMOSILLO, SONORA, MX. \u2014 Cifras hist\u00f3ricas en su trabajo de promoci\u00f3n alcanza ya la Comisi\u00f3n Estatal de Derechos Humanos, pues con los 79 nuevos cursos En Sonora en Equipo publicamos toda la informaci\u00f3n de Sonora, M\u00e9xico y el Mundo de manera oportuna y busca que la libertad de expresi\u00f3n sea real. Visita nuestro medio informativo publicado desde Hermosillo, Sonora. %\" \/>\n<meta name=\"robots\" content=\"index, follow, max-snippet:-1, max-image-preview:large, max-video-preview:-1\" \/>\n<link rel=\"canonical\" href=\"https:\/\/www.sonoraenequipo.com.mx\/rebasa-metas-de-capacitacion-en-derechos-humanos-la-cedh-sonora\/\" \/>\n<meta property=\"og:locale\" content=\"es_ES\" \/>\n<meta property=\"og:type\" content=\"article\" \/>\n<meta property=\"og:title\" content=\"Sonora en Equipo. Rebasa metas de capacitaci\u00f3n en derechos humanos la CEDH Sonora Sonora\" \/>\n<meta property=\"og:description\" content=\"HERMOSILLO, SONORA, MX. \u2014 Cifras hist\u00f3ricas en su trabajo de promoci\u00f3n alcanza ya la Comisi\u00f3n Estatal de Derechos Humanos, pues con los 79 nuevos cursos En Sonora en Equipo publicamos toda la informaci\u00f3n de Sonora, M\u00e9xico y el Mundo de manera oportuna y busca que la libertad de expresi\u00f3n sea real. Visita nuestro medio informativo publicado desde Hermosillo, Sonora. %\" \/>\n<meta property=\"og:url\" content=\"https:\/\/www.sonoraenequipo.com.mx\/rebasa-metas-de-capacitacion-en-derechos-humanos-la-cedh-sonora\/\" \/>\n<meta property=\"og:site_name\" content=\"Sonora en Equipo.\" \/>\n<meta property=\"article:publisher\" content=\"https:\/\/www.facebook.com\/SonoraEE\/\" \/>\n<meta property=\"article:author\" content=\"https:\/\/www.facebook.com\/SonoraEE\" \/>\n<meta property=\"article:published_time\" content=\"2025-10-14T18:13:52+00:00\" \/>\n<meta property=\"article:modified_time\" content=\"2025-10-14T18:19:13+00:00\" \/>\n<meta property=\"og:image\" content=\"https:\/\/www.sonoraenequipo.com.mx\/storage\/2021\/02\/CEDH.jpg\" \/>\n\t<meta property=\"og:image:width\" content=\"500\" \/>\n\t<meta property=\"og:image:height\" content=\"300\" \/>\n\t<meta property=\"og:image:type\" content=\"image\/jpeg\" \/>\n<meta name=\"author\" content=\"enequipo\" \/>\n<meta name=\"twitter:card\" content=\"summary_large_image\" \/>\n<meta name=\"twitter:creator\" content=\"@sonoraenequipo\" \/>\n<meta name=\"twitter:site\" content=\"@sonoraenequipo\" \/>\n<meta name=\"twitter:label1\" content=\"Escrito por\" \/>\n\t<meta name=\"twitter:data1\" content=\"enequipo\" \/>\n\t<meta name=\"twitter:label2\" content=\"Tiempo de lectura\" \/>\n\t<meta name=\"twitter:data2\" content=\"2 minutos\" \/>\n<script type=\"application\/ld+json\" class=\"yoast-schema-graph\">{\"@context\":\"https:\/\/schema.org\",\"@graph\":[{\"@type\":\"Article\",\"@id\":\"https:\/\/www.sonoraenequipo.com.mx\/rebasa-metas-de-capacitacion-en-derechos-humanos-la-cedh-sonora\/#article\",\"isPartOf\":{\"@id\":\"https:\/\/www.sonoraenequipo.com.mx\/rebasa-metas-de-capacitacion-en-derechos-humanos-la-cedh-sonora\/\"},\"author\":{\"name\":\"enequipo\",\"@id\":\"https:\/\/www.sonoraenequipo.com.mx\/#\/schema\/person\/50102df0fb23a8fa9e8effad8fa81386\"},\"headline\":\"Rebasa metas de capacitaci\u00f3n en derechos humanos la CEDH Sonora\",\"datePublished\":\"2025-10-14T18:13:52+00:00\",\"dateModified\":\"2025-10-14T18:19:13+00:00\",\"mainEntityOfPage\":{\"@id\":\"https:\/\/www.sonoraenequipo.com.mx\/rebasa-metas-de-capacitacion-en-derechos-humanos-la-cedh-sonora\/\"},\"wordCount\":326,\"commentCount\":0,\"publisher\":{\"@id\":\"https:\/\/www.sonoraenequipo.com.mx\/#organization\"},\"image\":{\"@id\":\"https:\/\/www.sonoraenequipo.com.mx\/rebasa-metas-de-capacitacion-en-derechos-humanos-la-cedh-sonora\/#primaryimage\"},\"thumbnailUrl\":\"https:\/\/www.sonoraenequipo.com.mx\/storage\/2021\/02\/CEDH.jpg\",\"keywords\":[\"CEDH\",\"Sonora\"],\"articleSection\":[\"Sonora\"],\"inLanguage\":\"es\",\"potentialAction\":[{\"@type\":\"CommentAction\",\"name\":\"Comment\",\"target\":[\"https:\/\/www.sonoraenequipo.com.mx\/rebasa-metas-de-capacitacion-en-derechos-humanos-la-cedh-sonora\/#respond\"]}]},{\"@type\":\"WebPage\",\"@id\":\"https:\/\/www.sonoraenequipo.com.mx\/rebasa-metas-de-capacitacion-en-derechos-humanos-la-cedh-sonora\/\",\"url\":\"https:\/\/www.sonoraenequipo.com.mx\/rebasa-metas-de-capacitacion-en-derechos-humanos-la-cedh-sonora\/\",\"name\":\"Sonora en Equipo. Rebasa metas de capacitaci\u00f3n en derechos humanos la CEDH Sonora Sonora\",\"isPartOf\":{\"@id\":\"https:\/\/www.sonoraenequipo.com.mx\/#website\"},\"primaryImageOfPage\":{\"@id\":\"https:\/\/www.sonoraenequipo.com.mx\/rebasa-metas-de-capacitacion-en-derechos-humanos-la-cedh-sonora\/#primaryimage\"},\"image\":{\"@id\":\"https:\/\/www.sonoraenequipo.com.mx\/rebasa-metas-de-capacitacion-en-derechos-humanos-la-cedh-sonora\/#primaryimage\"},\"thumbnailUrl\":\"https:\/\/www.sonoraenequipo.com.mx\/storage\/2021\/02\/CEDH.jpg\",\"datePublished\":\"2025-10-14T18:13:52+00:00\",\"dateModified\":\"2025-10-14T18:19:13+00:00\",\"description\":\"HERMOSILLO, SONORA, MX. \u2014 Cifras hist\u00f3ricas en su trabajo de promoci\u00f3n alcanza ya la Comisi\u00f3n Estatal de Derechos Humanos, pues con los 79 nuevos cursos En Sonora en Equipo publicamos toda la informaci\u00f3n de Sonora, M\u00e9xico y el Mundo de manera oportuna y busca que la libertad de expresi\u00f3n sea real. Visita nuestro medio informativo publicado desde Hermosillo, Sonora. %\",\"breadcrumb\":{\"@id\":\"https:\/\/www.sonoraenequipo.com.mx\/rebasa-metas-de-capacitacion-en-derechos-humanos-la-cedh-sonora\/#breadcrumb\"},\"inLanguage\":\"es\",\"potentialAction\":[{\"@type\":\"ReadAction\",\"target\":[\"https:\/\/www.sonoraenequipo.com.mx\/rebasa-metas-de-capacitacion-en-derechos-humanos-la-cedh-sonora\/\"]}]},{\"@type\":\"ImageObject\",\"inLanguage\":\"es\",\"@id\":\"https:\/\/www.sonoraenequipo.com.mx\/rebasa-metas-de-capacitacion-en-derechos-humanos-la-cedh-sonora\/#primaryimage\",\"url\":\"https:\/\/www.sonoraenequipo.com.mx\/storage\/2021\/02\/CEDH.jpg\",\"contentUrl\":\"https:\/\/www.sonoraenequipo.com.mx\/storage\/2021\/02\/CEDH.jpg\",\"width\":500,\"height\":300},{\"@type\":\"BreadcrumbList\",\"@id\":\"https:\/\/www.sonoraenequipo.com.mx\/rebasa-metas-de-capacitacion-en-derechos-humanos-la-cedh-sonora\/#breadcrumb\",\"itemListElement\":[{\"@type\":\"ListItem\",\"position\":1,\"name\":\"Portada\",\"item\":\"https:\/\/www.sonoraenequipo.com.mx\/\"},{\"@type\":\"ListItem\",\"position\":2,\"name\":\"Rebasa metas de capacitaci\u00f3n en derechos humanos la CEDH Sonora\"}]},{\"@type\":\"WebSite\",\"@id\":\"https:\/\/www.sonoraenequipo.com.mx\/#website\",\"url\":\"https:\/\/www.sonoraenequipo.com.mx\/\",\"name\":\"Sonora en Equipo.\",\"description\":\"Diario en l\u00ednea con Noticias desde Hermosillo, Sonora\",\"publisher\":{\"@id\":\"https:\/\/www.sonoraenequipo.com.mx\/#organization\"},\"potentialAction\":[{\"@type\":\"SearchAction\",\"target\":{\"@type\":\"EntryPoint\",\"urlTemplate\":\"https:\/\/www.sonoraenequipo.com.mx\/?s={search_term_string}\"},\"query-input\":{\"@type\":\"PropertyValueSpecification\",\"valueRequired\":true,\"valueName\":\"search_term_string\"}}],\"inLanguage\":\"es\"},{\"@type\":\"Organization\",\"@id\":\"https:\/\/www.sonoraenequipo.com.mx\/#organization\",\"name\":\"Sonoraenequipo.com.mx\",\"url\":\"https:\/\/www.sonoraenequipo.com.mx\/\",\"logo\":{\"@type\":\"ImageObject\",\"inLanguage\":\"es\",\"@id\":\"https:\/\/www.sonoraenequipo.com.mx\/#\/schema\/logo\/image\/\",\"url\":\"https:\/\/www.sonoraenequipo.com.mx\/storage\/2019\/01\/sonoraenequipo_opt.png\",\"contentUrl\":\"https:\/\/www.sonoraenequipo.com.mx\/storage\/2019\/01\/sonoraenequipo_opt.png\",\"width\":375,\"height\":125,\"caption\":\"Sonoraenequipo.com.mx\"},\"image\":{\"@id\":\"https:\/\/www.sonoraenequipo.com.mx\/#\/schema\/logo\/image\/\"},\"sameAs\":[\"https:\/\/www.facebook.com\/SonoraEE\/\",\"https:\/\/x.com\/sonoraenequipo\",\"https:\/\/www.youtube.com\/channel\/UC338nW-lPEYmJQs4ZABQ1SQ\"]},{\"@type\":\"Person\",\"@id\":\"https:\/\/www.sonoraenequipo.com.mx\/#\/schema\/person\/50102df0fb23a8fa9e8effad8fa81386\",\"name\":\"enequipo\",\"image\":{\"@type\":\"ImageObject\",\"inLanguage\":\"es\",\"@id\":\"https:\/\/www.sonoraenequipo.com.mx\/#\/schema\/person\/image\/\",\"url\":\"https:\/\/secure.gravatar.com\/avatar\/049821681b589dabc0bc20695993ccebb09f5b5d4d790cd9251b97faac7c652b?s=96&d=blank&r=g\",\"contentUrl\":\"https:\/\/secure.gravatar.com\/avatar\/049821681b589dabc0bc20695993ccebb09f5b5d4d790cd9251b97faac7c652b?s=96&d=blank&r=g\",\"caption\":\"enequipo\"},\"sameAs\":[\"https:\/\/www.facebook.com\/SonoraEE\"]}]}<\/script>\n ","yoast_head_json":{"title":"Sonora en Equipo. Rebasa metas de capacitaci\u00f3n en derechos humanos la CEDH Sonora Sonora","description":"HERMOSILLO, SONORA, MX. \u2014 Cifras hist\u00f3ricas en su trabajo de promoci\u00f3n alcanza ya la Comisi\u00f3n Estatal de Derechos Humanos, pues con los 79 nuevos cursos En Sonora en Equipo publicamos toda la informaci\u00f3n de Sonora, M\u00e9xico y el Mundo de manera oportuna y busca que la libertad de expresi\u00f3n sea real. Visita nuestro medio informativo publicado desde Hermosillo, Sonora. %","robots":{"index":"index","follow":"follow","max-snippet":"max-snippet:-1","max-image-preview":"max-image-preview:large","max-video-preview":"max-video-preview:-1"},"canonical":"https:\/\/www.sonoraenequipo.com.mx\/rebasa-metas-de-capacitacion-en-derechos-humanos-la-cedh-sonora\/","og_locale":"es_ES","og_type":"article","og_title":"Sonora en Equipo. Rebasa metas de capacitaci\u00f3n en derechos humanos la CEDH Sonora Sonora","og_description":"HERMOSILLO, SONORA, MX. \u2014 Cifras hist\u00f3ricas en su trabajo de promoci\u00f3n alcanza ya la Comisi\u00f3n Estatal de Derechos Humanos, pues con los 79 nuevos cursos En Sonora en Equipo publicamos toda la informaci\u00f3n de Sonora, M\u00e9xico y el Mundo de manera oportuna y busca que la libertad de expresi\u00f3n sea real. Visita nuestro medio informativo publicado desde Hermosillo, Sonora. %","og_url":"https:\/\/www.sonoraenequipo.com.mx\/rebasa-metas-de-capacitacion-en-derechos-humanos-la-cedh-sonora\/","og_site_name":"Sonora en Equipo.","article_publisher":"https:\/\/www.facebook.com\/SonoraEE\/","article_author":"https:\/\/www.facebook.com\/SonoraEE","article_published_time":"2025-10-14T18:13:52+00:00","article_modified_time":"2025-10-14T18:19:13+00:00","og_image":[{"width":500,"height":300,"url":"https:\/\/www.sonoraenequipo.com.mx\/storage\/2021\/02\/CEDH.jpg","type":"image\/jpeg"}],"author":"enequipo","twitter_card":"summary_large_image","twitter_creator":"@sonoraenequipo","twitter_site":"@sonoraenequipo","twitter_misc":{"Escrito por":"enequipo","Tiempo de lectura":"2 minutos"},"schema":{"@context":"https:\/\/schema.org","@graph":[{"@type":"Article","@id":"https:\/\/www.sonoraenequipo.com.mx\/rebasa-metas-de-capacitacion-en-derechos-humanos-la-cedh-sonora\/#article","isPartOf":{"@id":"https:\/\/www.sonoraenequipo.com.mx\/rebasa-metas-de-capacitacion-en-derechos-humanos-la-cedh-sonora\/"},"author":{"name":"enequipo","@id":"https:\/\/www.sonoraenequipo.com.mx\/#\/schema\/person\/50102df0fb23a8fa9e8effad8fa81386"},"headline":"Rebasa metas de capacitaci\u00f3n en derechos humanos la CEDH Sonora","datePublished":"2025-10-14T18:13:52+00:00","dateModified":"2025-10-14T18:19:13+00:00","mainEntityOfPage":{"@id":"https:\/\/www.sonoraenequipo.com.mx\/rebasa-metas-de-capacitacion-en-derechos-humanos-la-cedh-sonora\/"},"wordCount":326,"commentCount":0,"publisher":{"@id":"https:\/\/www.sonoraenequipo.com.mx\/#organization"},"image":{"@id":"https:\/\/www.sonoraenequipo.com.mx\/rebasa-metas-de-capacitacion-en-derechos-humanos-la-cedh-sonora\/#primaryimage"},"thumbnailUrl":"https:\/\/www.sonoraenequipo.com.mx\/storage\/2021\/02\/CEDH.jpg","keywords":["CEDH","Sonora"],"articleSection":["Sonora"],"inLanguage":"es","potentialAction":[{"@type":"CommentAction","name":"Comment","target":["https:\/\/www.sonoraenequipo.com.mx\/rebasa-metas-de-capacitacion-en-derechos-humanos-la-cedh-sonora\/#respond"]}]},{"@type":"WebPage","@id":"https:\/\/www.sonoraenequipo.com.mx\/rebasa-metas-de-capacitacion-en-derechos-humanos-la-cedh-sonora\/","url":"https:\/\/www.sonoraenequipo.com.mx\/rebasa-metas-de-capacitacion-en-derechos-humanos-la-cedh-sonora\/","name":"Sonora en Equipo. Rebasa metas de capacitaci\u00f3n en derechos humanos la CEDH Sonora Sonora","isPartOf":{"@id":"https:\/\/www.sonoraenequipo.com.mx\/#website"},"primaryImageOfPage":{"@id":"https:\/\/www.sonoraenequipo.com.mx\/rebasa-metas-de-capacitacion-en-derechos-humanos-la-cedh-sonora\/#primaryimage"},"image":{"@id":"https:\/\/www.sonoraenequipo.com.mx\/rebasa-metas-de-capacitacion-en-derechos-humanos-la-cedh-sonora\/#primaryimage"},"thumbnailUrl":"https:\/\/www.sonoraenequipo.com.mx\/storage\/2021\/02\/CEDH.jpg","datePublished":"2025-10-14T18:13:52+00:00","dateModified":"2025-10-14T18:19:13+00:00","description":"HERMOSILLO, SONORA, MX. \u2014 Cifras hist\u00f3ricas en su trabajo de promoci\u00f3n alcanza ya la Comisi\u00f3n Estatal de Derechos Humanos, pues con los 79 nuevos cursos En Sonora en Equipo publicamos toda la informaci\u00f3n de Sonora, M\u00e9xico y el Mundo de manera oportuna y busca que la libertad de expresi\u00f3n sea real. Visita nuestro medio informativo publicado desde Hermosillo, Sonora. %","breadcrumb":{"@id":"https:\/\/www.sonoraenequipo.com.mx\/rebasa-metas-de-capacitacion-en-derechos-humanos-la-cedh-sonora\/#breadcrumb"},"inLanguage":"es","potentialAction":[{"@type":"ReadAction","target":["https:\/\/www.sonoraenequipo.com.mx\/rebasa-metas-de-capacitacion-en-derechos-humanos-la-cedh-sonora\/"]}]},{"@type":"ImageObject","inLanguage":"es","@id":"https:\/\/www.sonoraenequipo.com.mx\/rebasa-metas-de-capacitacion-en-derechos-humanos-la-cedh-sonora\/#primaryimage","url":"https:\/\/www.sonoraenequipo.com.mx\/storage\/2021\/02\/CEDH.jpg","contentUrl":"https:\/\/www.sonoraenequipo.com.mx\/storage\/2021\/02\/CEDH.jpg","width":500,"height":300},{"@type":"BreadcrumbList","@id":"https:\/\/www.sonoraenequipo.com.mx\/rebasa-metas-de-capacitacion-en-derechos-humanos-la-cedh-sonora\/#breadcrumb","itemListElement":[{"@type":"ListItem","position":1,"name":"Portada","item":"https:\/\/www.sonoraenequipo.com.mx\/"},{"@type":"ListItem","position":2,"name":"Rebasa metas de capacitaci\u00f3n en derechos humanos la CEDH Sonora"}]},{"@type":"WebSite","@id":"https:\/\/www.sonoraenequipo.com.mx\/#website","url":"https:\/\/www.sonoraenequipo.com.mx\/","name":"Sonora en Equipo.","description":"Diario en l\u00ednea con Noticias desde Hermosillo, Sonora","publisher":{"@id":"https:\/\/www.sonoraenequipo.com.mx\/#organization"},"potentialAction":[{"@type":"SearchAction","target":{"@type":"EntryPoint","urlTemplate":"https:\/\/www.sonoraenequipo.com.mx\/?s={search_term_string}"},"query-input":{"@type":"PropertyValueSpecification","valueRequired":true,"valueName":"search_term_string"}}],"inLanguage":"es"},{"@type":"Organization","@id":"https:\/\/www.sonoraenequipo.com.mx\/#organization","name":"Sonoraenequipo.com.mx","url":"https:\/\/www.sonoraenequipo.com.mx\/","logo":{"@type":"ImageObject","inLanguage":"es","@id":"https:\/\/www.sonoraenequipo.com.mx\/#\/schema\/logo\/image\/","url":"https:\/\/www.sonoraenequipo.com.mx\/storage\/2019\/01\/sonoraenequipo_opt.png","contentUrl":"https:\/\/www.sonoraenequipo.com.mx\/storage\/2019\/01\/sonoraenequipo_opt.png","width":375,"height":125,"caption":"Sonoraenequipo.com.mx"},"image":{"@id":"https:\/\/www.sonoraenequipo.com.mx\/#\/schema\/logo\/image\/"},"sameAs":["https:\/\/www.facebook.com\/SonoraEE\/","https:\/\/x.com\/sonoraenequipo","https:\/\/www.youtube.com\/channel\/UC338nW-lPEYmJQs4ZABQ1SQ"]},{"@type":"Person","@id":"https:\/\/www.sonoraenequipo.com.mx\/#\/schema\/person\/50102df0fb23a8fa9e8effad8fa81386","name":"enequipo","image":{"@type":"ImageObject","inLanguage":"es","@id":"https:\/\/www.sonoraenequipo.com.mx\/#\/schema\/person\/image\/","url":"https:\/\/secure.gravatar.com\/avatar\/049821681b589dabc0bc20695993ccebb09f5b5d4d790cd9251b97faac7c652b?s=96&d=blank&r=g","contentUrl":"https:\/\/secure.gravatar.com\/avatar\/049821681b589dabc0bc20695993ccebb09f5b5d4d790cd9251b97faac7c652b?s=96&d=blank&r=g","caption":"enequipo"},"sameAs":["https:\/\/www.facebook.com\/SonoraEE"]}]}},"jetpack_featured_media_url":"https:\/\/www.sonoraenequipo.com.mx\/storage\/2021\/02\/CEDH.jpg","_links":{"self":[{"href":"https:\/\/www.sonoraenequipo.com.mx\/api\/wp\/v2\/posts\/226229","targetHints":{"allow":["GET"]}}],"collection":[{"href":"https:\/\/www.sonoraenequipo.com.mx\/api\/wp\/v2\/posts"}],"about":[{"href":"https:\/\/www.sonoraenequipo.com.mx\/api\/wp\/v2\/types\/post"}],"author":[{"embeddable":true,"href":"https:\/\/www.sonoraenequipo.com.mx\/api\/wp\/v2\/users\/1"}],"replies":[{"embeddable":true,"href":"https:\/\/www.sonoraenequipo.com.mx\/api\/wp\/v2\/comments?post=226229"}],"version-history":[{"count":1,"href":"https:\/\/www.sonoraenequipo.com.mx\/api\/wp\/v2\/posts\/226229\/revisions"}],"predecessor-version":[{"id":226230,"href":"https:\/\/www.sonoraenequipo.com.mx\/api\/wp\/v2\/posts\/226229\/revisions\/226230"}],"wp:featuredmedia":[{"embeddable":true,"href":"https:\/\/www.sonoraenequipo.com.mx\/api\/wp\/v2\/media\/106274"}],"wp:attachment":[{"href":"https:\/\/www.sonoraenequipo.com.mx\/api\/wp\/v2\/media?parent=226229"}],"wp:term":[{"taxonomy":"category","embeddable":true,"href":"https:\/\/www.sonoraenequipo.com.mx\/api\/wp\/v2\/categories?post=226229"},{"taxonomy":"post_tag","embeddable":true,"href":"https:\/\/www.sonoraenequipo.com.mx\/api\/wp\/v2\/tags?post=226229"}],"curies":[{"name":"wp","href":"https:\/\/api.w.org\/{rel}","templated":true}]}}