{"id":226231,"date":"2025-10-14T11:37:31","date_gmt":"2025-10-14T18:37:31","guid":{"rendered":"https:\/\/www.sonoraenequipo.com.mx\/?p=226231"},"modified":"2025-10-14T11:37:31","modified_gmt":"2025-10-14T18:37:31","slug":"gaza-reporta-tres-civiles-muertos-por-ataque-de-israel-pese-a-tregua","status":"publish","type":"post","link":"https:\/\/www.sonoraenequipo.com.mx\/gaza-reporta-tres-civiles-muertos-por-ataque-de-israel-pese-a-tregua\/","title":{"rendered":"Gaza reporta tres civiles muertos por ataque de Israel pese a tregua"},"content":{"rendered":"<p>Un ataque a\u00e9reo de Israel tuvo lugar en la Franja de Gaza, pese al alto al fuego acordado, reporta la radio p\u00fablica alemana Deutschlandfunk.<\/p>\n<p>&nbsp;<\/p>\n<p>Seg\u00fan la agencia de noticias palestina Wafa, se trata\u00a0 de tres civiles palestinos que murieron por disparos de drones en el barrio de Shujaia, en la ciudad de Gaza. Al parecer regresaban a sus hogares para ver el estado de la edificaci\u00f3n.<\/p>\n<p>&nbsp;<\/p>\n<p>El Ej\u00e9rcito israel\u00ed mat\u00f3 este martes 14 de octubre a tres personas en el barrio de Shujaia de la ciudad de Gaza, confirm\u00f3 a la agencia espa\u00f1ola de noticias EFE el Ministerio de Sanidad gazat\u00ed, en manos de Ham\u00e1s, una organizaci\u00f3n considerada terrorista por Israel, EE. UU., la UE y otros pa\u00edses, pero que ha llevado hasta ahora un recuento internacionalmente reconocido de los muertos en la guerra en Gaza.<\/p>\n<p>&nbsp;<\/p>\n<p>El Ej\u00e9rcito israel\u00ed, por su parte, confirm\u00f3 haber disparado contra gazat\u00edes que hab\u00edan traspasado la \u00abl\u00ednea amarilla\u00bb del acuerdo de alto el fuego, alcanzado en d\u00edas pasados tras dos a\u00f1os de guerra de Israel contra Ham\u00e1s en Gaza, en represalia por los ataques de Ham\u00e1s a Israel del 7 de octubre de 2023.<\/p>\n<p><strong>Fecha de publicaci\u00f3n martes 14 de octubre de 2025<\/strong><\/p>\n","protected":false},"excerpt":{"rendered":"<p>Un ataque a\u00e9reo de Israel tuvo lugar en la Franja de Gaza, pese al alto&#8230;<\/p>\n","protected":false},"author":1,"featured_media":221177,"comment_status":"open","ping_status":"open","sticky":false,"template":"","format":"standard","meta":{"_monsterinsights_skip_tracking":false,"_monsterinsights_sitenote_active":false,"_monsterinsights_sitenote_note":"","_monsterinsights_sitenote_category":0,"footnotes":""},"categories":[3],"tags":[144,9036,911],"class_list":["post"],"yoast_head":" \n<title>Sonora en Equipo. Gaza reporta tres civiles muertos por ataque de Israel pese a tregua MUNDO<\/title>\n<meta name=\"description\" content=\"Un ataque a\u00e9reo de Israel tuvo lugar en la Franja de Gaza, pese al alto al fuego acordado, reporta la radio p\u00fablica alemana Deutschlandfunk. &nbsp; Seg\u00fan En Sonora en Equipo publicamos toda la informaci\u00f3n de Sonora, M\u00e9xico y el Mundo de manera oportuna y busca que la libertad de expresi\u00f3n sea real. Visita nuestro medio informativo publicado desde Hermosillo, Sonora. %\" \/>\n<meta name=\"robots\" content=\"index, follow, max-snippet:-1, max-image-preview:large, max-video-preview:-1\" \/>\n<link rel=\"canonical\" href=\"https:\/\/www.sonoraenequipo.com.mx\/gaza-reporta-tres-civiles-muertos-por-ataque-de-israel-pese-a-tregua\/\" \/>\n<meta property=\"og:locale\" content=\"es_ES\" \/>\n<meta property=\"og:type\" content=\"article\" \/>\n<meta property=\"og:title\" content=\"Sonora en Equipo. Gaza reporta tres civiles muertos por ataque de Israel pese a tregua MUNDO\" \/>\n<meta property=\"og:description\" content=\"Un ataque a\u00e9reo de Israel tuvo lugar en la Franja de Gaza, pese al alto al fuego acordado, reporta la radio p\u00fablica alemana Deutschlandfunk. &nbsp; Seg\u00fan En Sonora en Equipo publicamos toda la informaci\u00f3n de Sonora, M\u00e9xico y el Mundo de manera oportuna y busca que la libertad de expresi\u00f3n sea real. Visita nuestro medio informativo publicado desde Hermosillo, Sonora. %\" \/>\n<meta property=\"og:url\" content=\"https:\/\/www.sonoraenequipo.com.mx\/gaza-reporta-tres-civiles-muertos-por-ataque-de-israel-pese-a-tregua\/\" \/>\n<meta property=\"og:site_name\" content=\"Sonora en Equipo.\" \/>\n<meta property=\"article:publisher\" content=\"https:\/\/www.facebook.com\/SonoraEE\/\" \/>\n<meta property=\"article:author\" content=\"https:\/\/www.facebook.com\/SonoraEE\" \/>\n<meta property=\"article:published_time\" content=\"2025-10-14T18:37:31+00:00\" \/>\n<meta property=\"og:image\" content=\"https:\/\/www.sonoraenequipo.com.mx\/storage\/2025\/08\/la-guerra-en-Gaza-min-min.jpg\" \/>\n\t<meta property=\"og:image:width\" content=\"1000\" \/>\n\t<meta property=\"og:image:height\" content=\"666\" \/>\n\t<meta property=\"og:image:type\" content=\"image\/jpeg\" \/>\n<meta name=\"author\" content=\"enequipo\" \/>\n<meta name=\"twitter:card\" content=\"summary_large_image\" \/>\n<meta name=\"twitter:creator\" content=\"@sonoraenequipo\" \/>\n<meta name=\"twitter:site\" content=\"@sonoraenequipo\" \/>\n<meta name=\"twitter:label1\" content=\"Escrito por\" \/>\n\t<meta name=\"twitter:data1\" content=\"enequipo\" \/>\n\t<meta name=\"twitter:label2\" content=\"Tiempo de lectura\" \/>\n\t<meta name=\"twitter:data2\" content=\"1 minuto\" \/>\n<script type=\"application\/ld+json\" class=\"yoast-schema-graph\">{\"@context\":\"https:\/\/schema.org\",\"@graph\":[{\"@type\":\"Article\",\"@id\":\"https:\/\/www.sonoraenequipo.com.mx\/gaza-reporta-tres-civiles-muertos-por-ataque-de-israel-pese-a-tregua\/#article\",\"isPartOf\":{\"@id\":\"https:\/\/www.sonoraenequipo.com.mx\/gaza-reporta-tres-civiles-muertos-por-ataque-de-israel-pese-a-tregua\/\"},\"author\":{\"name\":\"enequipo\",\"@id\":\"https:\/\/www.sonoraenequipo.com.mx\/#\/schema\/person\/50102df0fb23a8fa9e8effad8fa81386\"},\"headline\":\"Gaza reporta tres civiles muertos por ataque de Israel pese a tregua\",\"datePublished\":\"2025-10-14T18:37:31+00:00\",\"mainEntityOfPage\":{\"@id\":\"https:\/\/www.sonoraenequipo.com.mx\/gaza-reporta-tres-civiles-muertos-por-ataque-de-israel-pese-a-tregua\/\"},\"wordCount\":226,\"commentCount\":0,\"publisher\":{\"@id\":\"https:\/\/www.sonoraenequipo.com.mx\/#organization\"},\"image\":{\"@id\":\"https:\/\/www.sonoraenequipo.com.mx\/gaza-reporta-tres-civiles-muertos-por-ataque-de-israel-pese-a-tregua\/#primaryimage\"},\"thumbnailUrl\":\"https:\/\/www.sonoraenequipo.com.mx\/storage\/2025\/08\/la-guerra-en-Gaza-min-min.jpg\",\"keywords\":[\"guerra\",\"ham\u00e0s\",\"ISRAEL\"],\"articleSection\":[\"MUNDO\"],\"inLanguage\":\"es\",\"potentialAction\":[{\"@type\":\"CommentAction\",\"name\":\"Comment\",\"target\":[\"https:\/\/www.sonoraenequipo.com.mx\/gaza-reporta-tres-civiles-muertos-por-ataque-de-israel-pese-a-tregua\/#respond\"]}]},{\"@type\":\"WebPage\",\"@id\":\"https:\/\/www.sonoraenequipo.com.mx\/gaza-reporta-tres-civiles-muertos-por-ataque-de-israel-pese-a-tregua\/\",\"url\":\"https:\/\/www.sonoraenequipo.com.mx\/gaza-reporta-tres-civiles-muertos-por-ataque-de-israel-pese-a-tregua\/\",\"name\":\"Sonora en Equipo. Gaza reporta tres civiles muertos por ataque de Israel pese a tregua MUNDO\",\"isPartOf\":{\"@id\":\"https:\/\/www.sonoraenequipo.com.mx\/#website\"},\"primaryImageOfPage\":{\"@id\":\"https:\/\/www.sonoraenequipo.com.mx\/gaza-reporta-tres-civiles-muertos-por-ataque-de-israel-pese-a-tregua\/#primaryimage\"},\"image\":{\"@id\":\"https:\/\/www.sonoraenequipo.com.mx\/gaza-reporta-tres-civiles-muertos-por-ataque-de-israel-pese-a-tregua\/#primaryimage\"},\"thumbnailUrl\":\"https:\/\/www.sonoraenequipo.com.mx\/storage\/2025\/08\/la-guerra-en-Gaza-min-min.jpg\",\"datePublished\":\"2025-10-14T18:37:31+00:00\",\"description\":\"Un ataque a\u00e9reo de Israel tuvo lugar en la Franja de Gaza, pese al alto al fuego acordado, reporta la radio p\u00fablica alemana Deutschlandfunk. &nbsp; Seg\u00fan En Sonora en Equipo publicamos toda la informaci\u00f3n de Sonora, M\u00e9xico y el Mundo de manera oportuna y busca que la libertad de expresi\u00f3n sea real. Visita nuestro medio informativo publicado desde Hermosillo, Sonora. %\",\"breadcrumb\":{\"@id\":\"https:\/\/www.sonoraenequipo.com.mx\/gaza-reporta-tres-civiles-muertos-por-ataque-de-israel-pese-a-tregua\/#breadcrumb\"},\"inLanguage\":\"es\",\"potentialAction\":[{\"@type\":\"ReadAction\",\"target\":[\"https:\/\/www.sonoraenequipo.com.mx\/gaza-reporta-tres-civiles-muertos-por-ataque-de-israel-pese-a-tregua\/\"]}]},{\"@type\":\"ImageObject\",\"inLanguage\":\"es\",\"@id\":\"https:\/\/www.sonoraenequipo.com.mx\/gaza-reporta-tres-civiles-muertos-por-ataque-de-israel-pese-a-tregua\/#primaryimage\",\"url\":\"https:\/\/www.sonoraenequipo.com.mx\/storage\/2025\/08\/la-guerra-en-Gaza-min-min.jpg\",\"contentUrl\":\"https:\/\/www.sonoraenequipo.com.mx\/storage\/2025\/08\/la-guerra-en-Gaza-min-min.jpg\",\"width\":1000,\"height\":666,\"caption\":\"Imagen de archivo\"},{\"@type\":\"BreadcrumbList\",\"@id\":\"https:\/\/www.sonoraenequipo.com.mx\/gaza-reporta-tres-civiles-muertos-por-ataque-de-israel-pese-a-tregua\/#breadcrumb\",\"itemListElement\":[{\"@type\":\"ListItem\",\"position\":1,\"name\":\"Portada\",\"item\":\"https:\/\/www.sonoraenequipo.com.mx\/\"},{\"@type\":\"ListItem\",\"position\":2,\"name\":\"Gaza reporta tres civiles muertos por ataque de Israel pese a tregua\"}]},{\"@type\":\"WebSite\",\"@id\":\"https:\/\/www.sonoraenequipo.com.mx\/#website\",\"url\":\"https:\/\/www.sonoraenequipo.com.mx\/\",\"name\":\"Sonora en Equipo.\",\"description\":\"Diario en l\u00ednea con Noticias desde Hermosillo, Sonora\",\"publisher\":{\"@id\":\"https:\/\/www.sonoraenequipo.com.mx\/#organization\"},\"potentialAction\":[{\"@type\":\"SearchAction\",\"target\":{\"@type\":\"EntryPoint\",\"urlTemplate\":\"https:\/\/www.sonoraenequipo.com.mx\/?s={search_term_string}\"},\"query-input\":{\"@type\":\"PropertyValueSpecification\",\"valueRequired\":true,\"valueName\":\"search_term_string\"}}],\"inLanguage\":\"es\"},{\"@type\":\"Organization\",\"@id\":\"https:\/\/www.sonoraenequipo.com.mx\/#organization\",\"name\":\"Sonoraenequipo.com.mx\",\"url\":\"https:\/\/www.sonoraenequipo.com.mx\/\",\"logo\":{\"@type\":\"ImageObject\",\"inLanguage\":\"es\",\"@id\":\"https:\/\/www.sonoraenequipo.com.mx\/#\/schema\/logo\/image\/\",\"url\":\"https:\/\/www.sonoraenequipo.com.mx\/storage\/2019\/01\/sonoraenequipo_opt.png\",\"contentUrl\":\"https:\/\/www.sonoraenequipo.com.mx\/storage\/2019\/01\/sonoraenequipo_opt.png\",\"width\":375,\"height\":125,\"caption\":\"Sonoraenequipo.com.mx\"},\"image\":{\"@id\":\"https:\/\/www.sonoraenequipo.com.mx\/#\/schema\/logo\/image\/\"},\"sameAs\":[\"https:\/\/www.facebook.com\/SonoraEE\/\",\"https:\/\/x.com\/sonoraenequipo\",\"https:\/\/www.youtube.com\/channel\/UC338nW-lPEYmJQs4ZABQ1SQ\"]},{\"@type\":\"Person\",\"@id\":\"https:\/\/www.sonoraenequipo.com.mx\/#\/schema\/person\/50102df0fb23a8fa9e8effad8fa81386\",\"name\":\"enequipo\",\"image\":{\"@type\":\"ImageObject\",\"inLanguage\":\"es\",\"@id\":\"https:\/\/www.sonoraenequipo.com.mx\/#\/schema\/person\/image\/\",\"url\":\"https:\/\/secure.gravatar.com\/avatar\/049821681b589dabc0bc20695993ccebb09f5b5d4d790cd9251b97faac7c652b?s=96&d=blank&r=g\",\"contentUrl\":\"https:\/\/secure.gravatar.com\/avatar\/049821681b589dabc0bc20695993ccebb09f5b5d4d790cd9251b97faac7c652b?s=96&d=blank&r=g\",\"caption\":\"enequipo\"},\"sameAs\":[\"https:\/\/www.facebook.com\/SonoraEE\"]}]}<\/script>\n ","yoast_head_json":{"title":"Sonora en Equipo. Gaza reporta tres civiles muertos por ataque de Israel pese a tregua MUNDO","description":"Un ataque a\u00e9reo de Israel tuvo lugar en la Franja de Gaza, pese al alto al fuego acordado, reporta la radio p\u00fablica alemana Deutschlandfunk. &nbsp; Seg\u00fan En Sonora en Equipo publicamos toda la informaci\u00f3n de Sonora, M\u00e9xico y el Mundo de manera oportuna y busca que la libertad de expresi\u00f3n sea real. Visita nuestro medio informativo publicado desde Hermosillo, Sonora. %","robots":{"index":"index","follow":"follow","max-snippet":"max-snippet:-1","max-image-preview":"max-image-preview:large","max-video-preview":"max-video-preview:-1"},"canonical":"https:\/\/www.sonoraenequipo.com.mx\/gaza-reporta-tres-civiles-muertos-por-ataque-de-israel-pese-a-tregua\/","og_locale":"es_ES","og_type":"article","og_title":"Sonora en Equipo. Gaza reporta tres civiles muertos por ataque de Israel pese a tregua MUNDO","og_description":"Un ataque a\u00e9reo de Israel tuvo lugar en la Franja de Gaza, pese al alto al fuego acordado, reporta la radio p\u00fablica alemana Deutschlandfunk. &nbsp; Seg\u00fan En Sonora en Equipo publicamos toda la informaci\u00f3n de Sonora, M\u00e9xico y el Mundo de manera oportuna y busca que la libertad de expresi\u00f3n sea real. Visita nuestro medio informativo publicado desde Hermosillo, Sonora. %","og_url":"https:\/\/www.sonoraenequipo.com.mx\/gaza-reporta-tres-civiles-muertos-por-ataque-de-israel-pese-a-tregua\/","og_site_name":"Sonora en Equipo.","article_publisher":"https:\/\/www.facebook.com\/SonoraEE\/","article_author":"https:\/\/www.facebook.com\/SonoraEE","article_published_time":"2025-10-14T18:37:31+00:00","og_image":[{"width":1000,"height":666,"url":"https:\/\/www.sonoraenequipo.com.mx\/storage\/2025\/08\/la-guerra-en-Gaza-min-min.jpg","type":"image\/jpeg"}],"author":"enequipo","twitter_card":"summary_large_image","twitter_creator":"@sonoraenequipo","twitter_site":"@sonoraenequipo","twitter_misc":{"Escrito por":"enequipo","Tiempo de lectura":"1 minuto"},"schema":{"@context":"https:\/\/schema.org","@graph":[{"@type":"Article","@id":"https:\/\/www.sonoraenequipo.com.mx\/gaza-reporta-tres-civiles-muertos-por-ataque-de-israel-pese-a-tregua\/#article","isPartOf":{"@id":"https:\/\/www.sonoraenequipo.com.mx\/gaza-reporta-tres-civiles-muertos-por-ataque-de-israel-pese-a-tregua\/"},"author":{"name":"enequipo","@id":"https:\/\/www.sonoraenequipo.com.mx\/#\/schema\/person\/50102df0fb23a8fa9e8effad8fa81386"},"headline":"Gaza reporta tres civiles muertos por ataque de Israel pese a tregua","datePublished":"2025-10-14T18:37:31+00:00","mainEntityOfPage":{"@id":"https:\/\/www.sonoraenequipo.com.mx\/gaza-reporta-tres-civiles-muertos-por-ataque-de-israel-pese-a-tregua\/"},"wordCount":226,"commentCount":0,"publisher":{"@id":"https:\/\/www.sonoraenequipo.com.mx\/#organization"},"image":{"@id":"https:\/\/www.sonoraenequipo.com.mx\/gaza-reporta-tres-civiles-muertos-por-ataque-de-israel-pese-a-tregua\/#primaryimage"},"thumbnailUrl":"https:\/\/www.sonoraenequipo.com.mx\/storage\/2025\/08\/la-guerra-en-Gaza-min-min.jpg","keywords":["guerra","ham\u00e0s","ISRAEL"],"articleSection":["MUNDO"],"inLanguage":"es","potentialAction":[{"@type":"CommentAction","name":"Comment","target":["https:\/\/www.sonoraenequipo.com.mx\/gaza-reporta-tres-civiles-muertos-por-ataque-de-israel-pese-a-tregua\/#respond"]}]},{"@type":"WebPage","@id":"https:\/\/www.sonoraenequipo.com.mx\/gaza-reporta-tres-civiles-muertos-por-ataque-de-israel-pese-a-tregua\/","url":"https:\/\/www.sonoraenequipo.com.mx\/gaza-reporta-tres-civiles-muertos-por-ataque-de-israel-pese-a-tregua\/","name":"Sonora en Equipo. Gaza reporta tres civiles muertos por ataque de Israel pese a tregua MUNDO","isPartOf":{"@id":"https:\/\/www.sonoraenequipo.com.mx\/#website"},"primaryImageOfPage":{"@id":"https:\/\/www.sonoraenequipo.com.mx\/gaza-reporta-tres-civiles-muertos-por-ataque-de-israel-pese-a-tregua\/#primaryimage"},"image":{"@id":"https:\/\/www.sonoraenequipo.com.mx\/gaza-reporta-tres-civiles-muertos-por-ataque-de-israel-pese-a-tregua\/#primaryimage"},"thumbnailUrl":"https:\/\/www.sonoraenequipo.com.mx\/storage\/2025\/08\/la-guerra-en-Gaza-min-min.jpg","datePublished":"2025-10-14T18:37:31+00:00","description":"Un ataque a\u00e9reo de Israel tuvo lugar en la Franja de Gaza, pese al alto al fuego acordado, reporta la radio p\u00fablica alemana Deutschlandfunk. &nbsp; Seg\u00fan En Sonora en Equipo publicamos toda la informaci\u00f3n de Sonora, M\u00e9xico y el Mundo de manera oportuna y busca que la libertad de expresi\u00f3n sea real. Visita nuestro medio informativo publicado desde Hermosillo, Sonora. %","breadcrumb":{"@id":"https:\/\/www.sonoraenequipo.com.mx\/gaza-reporta-tres-civiles-muertos-por-ataque-de-israel-pese-a-tregua\/#breadcrumb"},"inLanguage":"es","potentialAction":[{"@type":"ReadAction","target":["https:\/\/www.sonoraenequipo.com.mx\/gaza-reporta-tres-civiles-muertos-por-ataque-de-israel-pese-a-tregua\/"]}]},{"@type":"ImageObject","inLanguage":"es","@id":"https:\/\/www.sonoraenequipo.com.mx\/gaza-reporta-tres-civiles-muertos-por-ataque-de-israel-pese-a-tregua\/#primaryimage","url":"https:\/\/www.sonoraenequipo.com.mx\/storage\/2025\/08\/la-guerra-en-Gaza-min-min.jpg","contentUrl":"https:\/\/www.sonoraenequipo.com.mx\/storage\/2025\/08\/la-guerra-en-Gaza-min-min.jpg","width":1000,"height":666,"caption":"Imagen de archivo"},{"@type":"BreadcrumbList","@id":"https:\/\/www.sonoraenequipo.com.mx\/gaza-reporta-tres-civiles-muertos-por-ataque-de-israel-pese-a-tregua\/#breadcrumb","itemListElement":[{"@type":"ListItem","position":1,"name":"Portada","item":"https:\/\/www.sonoraenequipo.com.mx\/"},{"@type":"ListItem","position":2,"name":"Gaza reporta tres civiles muertos por ataque de Israel pese a tregua"}]},{"@type":"WebSite","@id":"https:\/\/www.sonoraenequipo.com.mx\/#website","url":"https:\/\/www.sonoraenequipo.com.mx\/","name":"Sonora en Equipo.","description":"Diario en l\u00ednea con Noticias desde Hermosillo, Sonora","publisher":{"@id":"https:\/\/www.sonoraenequipo.com.mx\/#organization"},"potentialAction":[{"@type":"SearchAction","target":{"@type":"EntryPoint","urlTemplate":"https:\/\/www.sonoraenequipo.com.mx\/?s={search_term_string}"},"query-input":{"@type":"PropertyValueSpecification","valueRequired":true,"valueName":"search_term_string"}}],"inLanguage":"es"},{"@type":"Organization","@id":"https:\/\/www.sonoraenequipo.com.mx\/#organization","name":"Sonoraenequipo.com.mx","url":"https:\/\/www.sonoraenequipo.com.mx\/","logo":{"@type":"ImageObject","inLanguage":"es","@id":"https:\/\/www.sonoraenequipo.com.mx\/#\/schema\/logo\/image\/","url":"https:\/\/www.sonoraenequipo.com.mx\/storage\/2019\/01\/sonoraenequipo_opt.png","contentUrl":"https:\/\/www.sonoraenequipo.com.mx\/storage\/2019\/01\/sonoraenequipo_opt.png","width":375,"height":125,"caption":"Sonoraenequipo.com.mx"},"image":{"@id":"https:\/\/www.sonoraenequipo.com.mx\/#\/schema\/logo\/image\/"},"sameAs":["https:\/\/www.facebook.com\/SonoraEE\/","https:\/\/x.com\/sonoraenequipo","https:\/\/www.youtube.com\/channel\/UC338nW-lPEYmJQs4ZABQ1SQ"]},{"@type":"Person","@id":"https:\/\/www.sonoraenequipo.com.mx\/#\/schema\/person\/50102df0fb23a8fa9e8effad8fa81386","name":"enequipo","image":{"@type":"ImageObject","inLanguage":"es","@id":"https:\/\/www.sonoraenequipo.com.mx\/#\/schema\/person\/image\/","url":"https:\/\/secure.gravatar.com\/avatar\/049821681b589dabc0bc20695993ccebb09f5b5d4d790cd9251b97faac7c652b?s=96&d=blank&r=g","contentUrl":"https:\/\/secure.gravatar.com\/avatar\/049821681b589dabc0bc20695993ccebb09f5b5d4d790cd9251b97faac7c652b?s=96&d=blank&r=g","caption":"enequipo"},"sameAs":["https:\/\/www.facebook.com\/SonoraEE"]}]}},"jetpack_featured_media_url":"https:\/\/www.sonoraenequipo.com.mx\/storage\/2025\/08\/la-guerra-en-Gaza-min-min.jpg","_links":{"self":[{"href":"https:\/\/www.sonoraenequipo.com.mx\/api\/wp\/v2\/posts\/226231","targetHints":{"allow":["GET"]}}],"collection":[{"href":"https:\/\/www.sonoraenequipo.com.mx\/api\/wp\/v2\/posts"}],"about":[{"href":"https:\/\/www.sonoraenequipo.com.mx\/api\/wp\/v2\/types\/post"}],"author":[{"embeddable":true,"href":"https:\/\/www.sonoraenequipo.com.mx\/api\/wp\/v2\/users\/1"}],"replies":[{"embeddable":true,"href":"https:\/\/www.sonoraenequipo.com.mx\/api\/wp\/v2\/comments?post=226231"}],"version-history":[{"count":1,"href":"https:\/\/www.sonoraenequipo.com.mx\/api\/wp\/v2\/posts\/226231\/revisions"}],"predecessor-version":[{"id":226232,"href":"https:\/\/www.sonoraenequipo.com.mx\/api\/wp\/v2\/posts\/226231\/revisions\/226232"}],"wp:featuredmedia":[{"embeddable":true,"href":"https:\/\/www.sonoraenequipo.com.mx\/api\/wp\/v2\/media\/221177"}],"wp:attachment":[{"href":"https:\/\/www.sonoraenequipo.com.mx\/api\/wp\/v2\/media?parent=226231"}],"wp:term":[{"taxonomy":"category","embeddable":true,"href":"https:\/\/www.sonoraenequipo.com.mx\/api\/wp\/v2\/categories?post=226231"},{"taxonomy":"post_tag","embeddable":true,"href":"https:\/\/www.sonoraenequipo.com.mx\/api\/wp\/v2\/tags?post=226231"}],"curies":[{"name":"wp","href":"https:\/\/api.w.org\/{rel}","templated":true}]}}