{"id":226234,"date":"2025-10-14T13:40:05","date_gmt":"2025-10-14T20:40:05","guid":{"rendered":"https:\/\/www.sonoraenequipo.com.mx\/?p=226234"},"modified":"2025-10-14T13:40:05","modified_gmt":"2025-10-14T20:40:05","slug":"invita-congreso-de-sonora-a-participar-en-foro-de-consulta-en-materia-de-alimentacion-adecuada-y-sostenible","status":"publish","type":"post","link":"https:\/\/www.sonoraenequipo.com.mx\/invita-congreso-de-sonora-a-participar-en-foro-de-consulta-en-materia-de-alimentacion-adecuada-y-sostenible\/","title":{"rendered":"Invita Congreso de Sonora a participar en foro de consulta en materia de alimentaci\u00f3n adecuada y sostenible"},"content":{"rendered":"<p>Invita Congreso de Sonora a participar en foro de consulta en materia de alimentaci\u00f3n adecuada y sostenible<\/p>\n<p>&nbsp;<\/p>\n<p><strong>HERMOSILLO, SONORA, MX.<\/strong> \u2014 Con el prop\u00f3sito de promover la participaci\u00f3n de las y los sonorenses, el Congreso del Estado de Sonora invit\u00f3 al Foro de Consulta Ciudadana sobre el Proyecto de Ley de Alimentaci\u00f3n Adecuada y Sostenible del Estado.<\/p>\n<p>&nbsp;<\/p>\n<p>&nbsp;<\/p>\n<p>&nbsp;<\/p>\n<p>La diputada Rebeca Silva Gallardo (NAS), promotora de la iniciativa, destac\u00f3 que esta nueva legislaci\u00f3n tiene como objetivo garantizar el derecho a una alimentaci\u00f3n suficiente, nutritiva, saludable y culturalmente adecuada, colocando en el centro de las pol\u00edticas p\u00fablicas a las personas y su entorno.<\/p>\n<p>&nbsp;<\/p>\n<p>&nbsp;<\/p>\n<p>&nbsp;<\/p>\n<p>Silva Gallardo explic\u00f3 que la propuesta legislativa prioriza derechos fundamentales como la salud, el medio ambiente sano, el acceso al agua y el inter\u00e9s superior de la ni\u00f1ez, los cuales fungen como ejes rectores en el dise\u00f1o e implementaci\u00f3n de pol\u00edticas relacionadas con la alimentaci\u00f3n y la sostenibilidad.<\/p>\n<p>&nbsp;<\/p>\n<p>&nbsp;<\/p>\n<p>&nbsp;<\/p>\n<p>Asimismo, se\u00f1al\u00f3 que el planteamiento busca armonizarse con la Ley General de Alimentaci\u00f3n Adecuada y Sostenible, mediante la promoci\u00f3n de entornos alimentarios saludables, el consumo informado de alimentos nutritivos y el fortalecimiento de los sistemas locales de producci\u00f3n y distribuci\u00f3n de alimentos.<\/p>\n<p>&nbsp;<\/p>\n<p>&nbsp;<\/p>\n<p>&nbsp;<\/p>\n<p>El foro de consulta se llevar\u00e1 a cabo el pr\u00f3ximo viernes 17 de octubre, a las 11:00 horas, en la Sala de Comisiones del Congreso del Estado, donde especialistas, representantes de instituciones, organizaciones civiles y ciudadan\u00eda en general podr\u00e1n compartir sus propuestas.<\/p>\n<p><strong>Fecha de publicaci\u00f3n martes 14 de octubre de 2025<\/strong><\/p>\n<p>&nbsp;<\/p>\n","protected":false},"excerpt":{"rendered":"<p>Invita Congreso de Sonora a participar en foro de consulta en materia de alimentaci\u00f3n adecuada&#8230;<\/p>\n","protected":false},"author":1,"featured_media":226235,"comment_status":"open","ping_status":"open","sticky":false,"template":"","format":"standard","meta":{"_monsterinsights_skip_tracking":false,"_monsterinsights_sitenote_active":false,"_monsterinsights_sitenote_note":"","_monsterinsights_sitenote_category":0,"footnotes":""},"categories":[3281],"tags":[1248,15],"class_list":["post"],"yoast_head":" \n<title>Sonora en Equipo. Invita Congreso de Sonora a participar en foro de consulta en materia de alimentaci\u00f3n adecuada y sostenible Congreso<\/title>\n<meta name=\"description\" content=\"Invita Congreso de Sonora a participar en foro de consulta en materia de alimentaci\u00f3n adecuada y sostenible &nbsp; HERMOSILLO, SONORA, MX. \u2014 Con el En Sonora en Equipo publicamos toda la informaci\u00f3n de Sonora, M\u00e9xico y el Mundo de manera oportuna y busca que la libertad de expresi\u00f3n sea real. Visita nuestro medio informativo publicado desde Hermosillo, Sonora. %\" \/>\n<meta name=\"robots\" content=\"index, follow, max-snippet:-1, max-image-preview:large, max-video-preview:-1\" \/>\n<link rel=\"canonical\" href=\"https:\/\/www.sonoraenequipo.com.mx\/invita-congreso-de-sonora-a-participar-en-foro-de-consulta-en-materia-de-alimentacion-adecuada-y-sostenible\/\" \/>\n<meta property=\"og:locale\" content=\"es_ES\" \/>\n<meta property=\"og:type\" content=\"article\" \/>\n<meta property=\"og:title\" content=\"Sonora en Equipo. Invita Congreso de Sonora a participar en foro de consulta en materia de alimentaci\u00f3n adecuada y sostenible Congreso\" \/>\n<meta property=\"og:description\" content=\"Invita Congreso de Sonora a participar en foro de consulta en materia de alimentaci\u00f3n adecuada y sostenible &nbsp; HERMOSILLO, SONORA, MX. \u2014 Con el En Sonora en Equipo publicamos toda la informaci\u00f3n de Sonora, M\u00e9xico y el Mundo de manera oportuna y busca que la libertad de expresi\u00f3n sea real. Visita nuestro medio informativo publicado desde Hermosillo, Sonora. %\" \/>\n<meta property=\"og:url\" content=\"https:\/\/www.sonoraenequipo.com.mx\/invita-congreso-de-sonora-a-participar-en-foro-de-consulta-en-materia-de-alimentacion-adecuada-y-sostenible\/\" \/>\n<meta property=\"og:site_name\" content=\"Sonora en Equipo.\" \/>\n<meta property=\"article:publisher\" content=\"https:\/\/www.facebook.com\/SonoraEE\/\" \/>\n<meta property=\"article:author\" content=\"https:\/\/www.facebook.com\/SonoraEE\" \/>\n<meta property=\"article:published_time\" content=\"2025-10-14T20:40:05+00:00\" \/>\n<meta property=\"og:image\" content=\"https:\/\/www.sonoraenequipo.com.mx\/storage\/2025\/10\/rebeca-irene-silva-gallardo.jpg\" \/>\n\t<meta property=\"og:image:width\" content=\"600\" \/>\n\t<meta property=\"og:image:height\" content=\"400\" \/>\n\t<meta property=\"og:image:type\" content=\"image\/jpeg\" \/>\n<meta name=\"author\" content=\"enequipo\" \/>\n<meta name=\"twitter:card\" content=\"summary_large_image\" \/>\n<meta name=\"twitter:creator\" content=\"@sonoraenequipo\" \/>\n<meta name=\"twitter:site\" content=\"@sonoraenequipo\" \/>\n<meta name=\"twitter:label1\" content=\"Escrito por\" \/>\n\t<meta name=\"twitter:data1\" content=\"enequipo\" \/>\n\t<meta name=\"twitter:label2\" content=\"Tiempo de lectura\" \/>\n\t<meta name=\"twitter:data2\" content=\"1 minuto\" \/>\n<script type=\"application\/ld+json\" class=\"yoast-schema-graph\">{\"@context\":\"https:\/\/schema.org\",\"@graph\":[{\"@type\":\"Article\",\"@id\":\"https:\/\/www.sonoraenequipo.com.mx\/invita-congreso-de-sonora-a-participar-en-foro-de-consulta-en-materia-de-alimentacion-adecuada-y-sostenible\/#article\",\"isPartOf\":{\"@id\":\"https:\/\/www.sonoraenequipo.com.mx\/invita-congreso-de-sonora-a-participar-en-foro-de-consulta-en-materia-de-alimentacion-adecuada-y-sostenible\/\"},\"author\":{\"name\":\"enequipo\",\"@id\":\"https:\/\/www.sonoraenequipo.com.mx\/#\/schema\/person\/50102df0fb23a8fa9e8effad8fa81386\"},\"headline\":\"Invita Congreso de Sonora a participar en foro de consulta en materia de alimentaci\u00f3n adecuada y sostenible\",\"datePublished\":\"2025-10-14T20:40:05+00:00\",\"mainEntityOfPage\":{\"@id\":\"https:\/\/www.sonoraenequipo.com.mx\/invita-congreso-de-sonora-a-participar-en-foro-de-consulta-en-materia-de-alimentacion-adecuada-y-sostenible\/\"},\"wordCount\":292,\"commentCount\":0,\"publisher\":{\"@id\":\"https:\/\/www.sonoraenequipo.com.mx\/#organization\"},\"image\":{\"@id\":\"https:\/\/www.sonoraenequipo.com.mx\/invita-congreso-de-sonora-a-participar-en-foro-de-consulta-en-materia-de-alimentacion-adecuada-y-sostenible\/#primaryimage\"},\"thumbnailUrl\":\"https:\/\/www.sonoraenequipo.com.mx\/storage\/2025\/10\/rebeca-irene-silva-gallardo.jpg\",\"keywords\":[\"CONGRESO\",\"Sonora\"],\"articleSection\":[\"Congreso\"],\"inLanguage\":\"es\",\"potentialAction\":[{\"@type\":\"CommentAction\",\"name\":\"Comment\",\"target\":[\"https:\/\/www.sonoraenequipo.com.mx\/invita-congreso-de-sonora-a-participar-en-foro-de-consulta-en-materia-de-alimentacion-adecuada-y-sostenible\/#respond\"]}]},{\"@type\":\"WebPage\",\"@id\":\"https:\/\/www.sonoraenequipo.com.mx\/invita-congreso-de-sonora-a-participar-en-foro-de-consulta-en-materia-de-alimentacion-adecuada-y-sostenible\/\",\"url\":\"https:\/\/www.sonoraenequipo.com.mx\/invita-congreso-de-sonora-a-participar-en-foro-de-consulta-en-materia-de-alimentacion-adecuada-y-sostenible\/\",\"name\":\"Sonora en Equipo. Invita Congreso de Sonora a participar en foro de consulta en materia de alimentaci\u00f3n adecuada y sostenible Congreso\",\"isPartOf\":{\"@id\":\"https:\/\/www.sonoraenequipo.com.mx\/#website\"},\"primaryImageOfPage\":{\"@id\":\"https:\/\/www.sonoraenequipo.com.mx\/invita-congreso-de-sonora-a-participar-en-foro-de-consulta-en-materia-de-alimentacion-adecuada-y-sostenible\/#primaryimage\"},\"image\":{\"@id\":\"https:\/\/www.sonoraenequipo.com.mx\/invita-congreso-de-sonora-a-participar-en-foro-de-consulta-en-materia-de-alimentacion-adecuada-y-sostenible\/#primaryimage\"},\"thumbnailUrl\":\"https:\/\/www.sonoraenequipo.com.mx\/storage\/2025\/10\/rebeca-irene-silva-gallardo.jpg\",\"datePublished\":\"2025-10-14T20:40:05+00:00\",\"description\":\"Invita Congreso de Sonora a participar en foro de consulta en materia de alimentaci\u00f3n adecuada y sostenible &nbsp; HERMOSILLO, SONORA, MX. \u2014 Con el En Sonora en Equipo publicamos toda la informaci\u00f3n de Sonora, M\u00e9xico y el Mundo de manera oportuna y busca que la libertad de expresi\u00f3n sea real. Visita nuestro medio informativo publicado desde Hermosillo, Sonora. %\",\"breadcrumb\":{\"@id\":\"https:\/\/www.sonoraenequipo.com.mx\/invita-congreso-de-sonora-a-participar-en-foro-de-consulta-en-materia-de-alimentacion-adecuada-y-sostenible\/#breadcrumb\"},\"inLanguage\":\"es\",\"potentialAction\":[{\"@type\":\"ReadAction\",\"target\":[\"https:\/\/www.sonoraenequipo.com.mx\/invita-congreso-de-sonora-a-participar-en-foro-de-consulta-en-materia-de-alimentacion-adecuada-y-sostenible\/\"]}]},{\"@type\":\"ImageObject\",\"inLanguage\":\"es\",\"@id\":\"https:\/\/www.sonoraenequipo.com.mx\/invita-congreso-de-sonora-a-participar-en-foro-de-consulta-en-materia-de-alimentacion-adecuada-y-sostenible\/#primaryimage\",\"url\":\"https:\/\/www.sonoraenequipo.com.mx\/storage\/2025\/10\/rebeca-irene-silva-gallardo.jpg\",\"contentUrl\":\"https:\/\/www.sonoraenequipo.com.mx\/storage\/2025\/10\/rebeca-irene-silva-gallardo.jpg\",\"width\":600,\"height\":400,\"caption\":\"Diputada local rebeca irene silva Gallarda (Nueva Alianza Sonora\"},{\"@type\":\"BreadcrumbList\",\"@id\":\"https:\/\/www.sonoraenequipo.com.mx\/invita-congreso-de-sonora-a-participar-en-foro-de-consulta-en-materia-de-alimentacion-adecuada-y-sostenible\/#breadcrumb\",\"itemListElement\":[{\"@type\":\"ListItem\",\"position\":1,\"name\":\"Portada\",\"item\":\"https:\/\/www.sonoraenequipo.com.mx\/\"},{\"@type\":\"ListItem\",\"position\":2,\"name\":\"Invita Congreso de Sonora a participar en foro de consulta en materia de alimentaci\u00f3n adecuada y sostenible\"}]},{\"@type\":\"WebSite\",\"@id\":\"https:\/\/www.sonoraenequipo.com.mx\/#website\",\"url\":\"https:\/\/www.sonoraenequipo.com.mx\/\",\"name\":\"Sonora en Equipo.\",\"description\":\"Diario en l\u00ednea con Noticias desde Hermosillo, Sonora\",\"publisher\":{\"@id\":\"https:\/\/www.sonoraenequipo.com.mx\/#organization\"},\"potentialAction\":[{\"@type\":\"SearchAction\",\"target\":{\"@type\":\"EntryPoint\",\"urlTemplate\":\"https:\/\/www.sonoraenequipo.com.mx\/?s={search_term_string}\"},\"query-input\":{\"@type\":\"PropertyValueSpecification\",\"valueRequired\":true,\"valueName\":\"search_term_string\"}}],\"inLanguage\":\"es\"},{\"@type\":\"Organization\",\"@id\":\"https:\/\/www.sonoraenequipo.com.mx\/#organization\",\"name\":\"Sonoraenequipo.com.mx\",\"url\":\"https:\/\/www.sonoraenequipo.com.mx\/\",\"logo\":{\"@type\":\"ImageObject\",\"inLanguage\":\"es\",\"@id\":\"https:\/\/www.sonoraenequipo.com.mx\/#\/schema\/logo\/image\/\",\"url\":\"https:\/\/www.sonoraenequipo.com.mx\/storage\/2019\/01\/sonoraenequipo_opt.png\",\"contentUrl\":\"https:\/\/www.sonoraenequipo.com.mx\/storage\/2019\/01\/sonoraenequipo_opt.png\",\"width\":375,\"height\":125,\"caption\":\"Sonoraenequipo.com.mx\"},\"image\":{\"@id\":\"https:\/\/www.sonoraenequipo.com.mx\/#\/schema\/logo\/image\/\"},\"sameAs\":[\"https:\/\/www.facebook.com\/SonoraEE\/\",\"https:\/\/x.com\/sonoraenequipo\",\"https:\/\/www.youtube.com\/channel\/UC338nW-lPEYmJQs4ZABQ1SQ\"]},{\"@type\":\"Person\",\"@id\":\"https:\/\/www.sonoraenequipo.com.mx\/#\/schema\/person\/50102df0fb23a8fa9e8effad8fa81386\",\"name\":\"enequipo\",\"image\":{\"@type\":\"ImageObject\",\"inLanguage\":\"es\",\"@id\":\"https:\/\/www.sonoraenequipo.com.mx\/#\/schema\/person\/image\/\",\"url\":\"https:\/\/secure.gravatar.com\/avatar\/049821681b589dabc0bc20695993ccebb09f5b5d4d790cd9251b97faac7c652b?s=96&d=blank&r=g\",\"contentUrl\":\"https:\/\/secure.gravatar.com\/avatar\/049821681b589dabc0bc20695993ccebb09f5b5d4d790cd9251b97faac7c652b?s=96&d=blank&r=g\",\"caption\":\"enequipo\"},\"sameAs\":[\"https:\/\/www.facebook.com\/SonoraEE\"]}]}<\/script>\n ","yoast_head_json":{"title":"Sonora en Equipo. Invita Congreso de Sonora a participar en foro de consulta en materia de alimentaci\u00f3n adecuada y sostenible Congreso","description":"Invita Congreso de Sonora a participar en foro de consulta en materia de alimentaci\u00f3n adecuada y sostenible &nbsp; HERMOSILLO, SONORA, MX. \u2014 Con el En Sonora en Equipo publicamos toda la informaci\u00f3n de Sonora, M\u00e9xico y el Mundo de manera oportuna y busca que la libertad de expresi\u00f3n sea real. Visita nuestro medio informativo publicado desde Hermosillo, Sonora. %","robots":{"index":"index","follow":"follow","max-snippet":"max-snippet:-1","max-image-preview":"max-image-preview:large","max-video-preview":"max-video-preview:-1"},"canonical":"https:\/\/www.sonoraenequipo.com.mx\/invita-congreso-de-sonora-a-participar-en-foro-de-consulta-en-materia-de-alimentacion-adecuada-y-sostenible\/","og_locale":"es_ES","og_type":"article","og_title":"Sonora en Equipo. Invita Congreso de Sonora a participar en foro de consulta en materia de alimentaci\u00f3n adecuada y sostenible Congreso","og_description":"Invita Congreso de Sonora a participar en foro de consulta en materia de alimentaci\u00f3n adecuada y sostenible &nbsp; HERMOSILLO, SONORA, MX. \u2014 Con el En Sonora en Equipo publicamos toda la informaci\u00f3n de Sonora, M\u00e9xico y el Mundo de manera oportuna y busca que la libertad de expresi\u00f3n sea real. Visita nuestro medio informativo publicado desde Hermosillo, Sonora. %","og_url":"https:\/\/www.sonoraenequipo.com.mx\/invita-congreso-de-sonora-a-participar-en-foro-de-consulta-en-materia-de-alimentacion-adecuada-y-sostenible\/","og_site_name":"Sonora en Equipo.","article_publisher":"https:\/\/www.facebook.com\/SonoraEE\/","article_author":"https:\/\/www.facebook.com\/SonoraEE","article_published_time":"2025-10-14T20:40:05+00:00","og_image":[{"width":600,"height":400,"url":"https:\/\/www.sonoraenequipo.com.mx\/storage\/2025\/10\/rebeca-irene-silva-gallardo.jpg","type":"image\/jpeg"}],"author":"enequipo","twitter_card":"summary_large_image","twitter_creator":"@sonoraenequipo","twitter_site":"@sonoraenequipo","twitter_misc":{"Escrito por":"enequipo","Tiempo de lectura":"1 minuto"},"schema":{"@context":"https:\/\/schema.org","@graph":[{"@type":"Article","@id":"https:\/\/www.sonoraenequipo.com.mx\/invita-congreso-de-sonora-a-participar-en-foro-de-consulta-en-materia-de-alimentacion-adecuada-y-sostenible\/#article","isPartOf":{"@id":"https:\/\/www.sonoraenequipo.com.mx\/invita-congreso-de-sonora-a-participar-en-foro-de-consulta-en-materia-de-alimentacion-adecuada-y-sostenible\/"},"author":{"name":"enequipo","@id":"https:\/\/www.sonoraenequipo.com.mx\/#\/schema\/person\/50102df0fb23a8fa9e8effad8fa81386"},"headline":"Invita Congreso de Sonora a participar en foro de consulta en materia de alimentaci\u00f3n adecuada y sostenible","datePublished":"2025-10-14T20:40:05+00:00","mainEntityOfPage":{"@id":"https:\/\/www.sonoraenequipo.com.mx\/invita-congreso-de-sonora-a-participar-en-foro-de-consulta-en-materia-de-alimentacion-adecuada-y-sostenible\/"},"wordCount":292,"commentCount":0,"publisher":{"@id":"https:\/\/www.sonoraenequipo.com.mx\/#organization"},"image":{"@id":"https:\/\/www.sonoraenequipo.com.mx\/invita-congreso-de-sonora-a-participar-en-foro-de-consulta-en-materia-de-alimentacion-adecuada-y-sostenible\/#primaryimage"},"thumbnailUrl":"https:\/\/www.sonoraenequipo.com.mx\/storage\/2025\/10\/rebeca-irene-silva-gallardo.jpg","keywords":["CONGRESO","Sonora"],"articleSection":["Congreso"],"inLanguage":"es","potentialAction":[{"@type":"CommentAction","name":"Comment","target":["https:\/\/www.sonoraenequipo.com.mx\/invita-congreso-de-sonora-a-participar-en-foro-de-consulta-en-materia-de-alimentacion-adecuada-y-sostenible\/#respond"]}]},{"@type":"WebPage","@id":"https:\/\/www.sonoraenequipo.com.mx\/invita-congreso-de-sonora-a-participar-en-foro-de-consulta-en-materia-de-alimentacion-adecuada-y-sostenible\/","url":"https:\/\/www.sonoraenequipo.com.mx\/invita-congreso-de-sonora-a-participar-en-foro-de-consulta-en-materia-de-alimentacion-adecuada-y-sostenible\/","name":"Sonora en Equipo. Invita Congreso de Sonora a participar en foro de consulta en materia de alimentaci\u00f3n adecuada y sostenible Congreso","isPartOf":{"@id":"https:\/\/www.sonoraenequipo.com.mx\/#website"},"primaryImageOfPage":{"@id":"https:\/\/www.sonoraenequipo.com.mx\/invita-congreso-de-sonora-a-participar-en-foro-de-consulta-en-materia-de-alimentacion-adecuada-y-sostenible\/#primaryimage"},"image":{"@id":"https:\/\/www.sonoraenequipo.com.mx\/invita-congreso-de-sonora-a-participar-en-foro-de-consulta-en-materia-de-alimentacion-adecuada-y-sostenible\/#primaryimage"},"thumbnailUrl":"https:\/\/www.sonoraenequipo.com.mx\/storage\/2025\/10\/rebeca-irene-silva-gallardo.jpg","datePublished":"2025-10-14T20:40:05+00:00","description":"Invita Congreso de Sonora a participar en foro de consulta en materia de alimentaci\u00f3n adecuada y sostenible &nbsp; HERMOSILLO, SONORA, MX. \u2014 Con el En Sonora en Equipo publicamos toda la informaci\u00f3n de Sonora, M\u00e9xico y el Mundo de manera oportuna y busca que la libertad de expresi\u00f3n sea real. Visita nuestro medio informativo publicado desde Hermosillo, Sonora. %","breadcrumb":{"@id":"https:\/\/www.sonoraenequipo.com.mx\/invita-congreso-de-sonora-a-participar-en-foro-de-consulta-en-materia-de-alimentacion-adecuada-y-sostenible\/#breadcrumb"},"inLanguage":"es","potentialAction":[{"@type":"ReadAction","target":["https:\/\/www.sonoraenequipo.com.mx\/invita-congreso-de-sonora-a-participar-en-foro-de-consulta-en-materia-de-alimentacion-adecuada-y-sostenible\/"]}]},{"@type":"ImageObject","inLanguage":"es","@id":"https:\/\/www.sonoraenequipo.com.mx\/invita-congreso-de-sonora-a-participar-en-foro-de-consulta-en-materia-de-alimentacion-adecuada-y-sostenible\/#primaryimage","url":"https:\/\/www.sonoraenequipo.com.mx\/storage\/2025\/10\/rebeca-irene-silva-gallardo.jpg","contentUrl":"https:\/\/www.sonoraenequipo.com.mx\/storage\/2025\/10\/rebeca-irene-silva-gallardo.jpg","width":600,"height":400,"caption":"Diputada local rebeca irene silva Gallarda (Nueva Alianza Sonora"},{"@type":"BreadcrumbList","@id":"https:\/\/www.sonoraenequipo.com.mx\/invita-congreso-de-sonora-a-participar-en-foro-de-consulta-en-materia-de-alimentacion-adecuada-y-sostenible\/#breadcrumb","itemListElement":[{"@type":"ListItem","position":1,"name":"Portada","item":"https:\/\/www.sonoraenequipo.com.mx\/"},{"@type":"ListItem","position":2,"name":"Invita Congreso de Sonora a participar en foro de consulta en materia de alimentaci\u00f3n adecuada y sostenible"}]},{"@type":"WebSite","@id":"https:\/\/www.sonoraenequipo.com.mx\/#website","url":"https:\/\/www.sonoraenequipo.com.mx\/","name":"Sonora en Equipo.","description":"Diario en l\u00ednea con Noticias desde Hermosillo, Sonora","publisher":{"@id":"https:\/\/www.sonoraenequipo.com.mx\/#organization"},"potentialAction":[{"@type":"SearchAction","target":{"@type":"EntryPoint","urlTemplate":"https:\/\/www.sonoraenequipo.com.mx\/?s={search_term_string}"},"query-input":{"@type":"PropertyValueSpecification","valueRequired":true,"valueName":"search_term_string"}}],"inLanguage":"es"},{"@type":"Organization","@id":"https:\/\/www.sonoraenequipo.com.mx\/#organization","name":"Sonoraenequipo.com.mx","url":"https:\/\/www.sonoraenequipo.com.mx\/","logo":{"@type":"ImageObject","inLanguage":"es","@id":"https:\/\/www.sonoraenequipo.com.mx\/#\/schema\/logo\/image\/","url":"https:\/\/www.sonoraenequipo.com.mx\/storage\/2019\/01\/sonoraenequipo_opt.png","contentUrl":"https:\/\/www.sonoraenequipo.com.mx\/storage\/2019\/01\/sonoraenequipo_opt.png","width":375,"height":125,"caption":"Sonoraenequipo.com.mx"},"image":{"@id":"https:\/\/www.sonoraenequipo.com.mx\/#\/schema\/logo\/image\/"},"sameAs":["https:\/\/www.facebook.com\/SonoraEE\/","https:\/\/x.com\/sonoraenequipo","https:\/\/www.youtube.com\/channel\/UC338nW-lPEYmJQs4ZABQ1SQ"]},{"@type":"Person","@id":"https:\/\/www.sonoraenequipo.com.mx\/#\/schema\/person\/50102df0fb23a8fa9e8effad8fa81386","name":"enequipo","image":{"@type":"ImageObject","inLanguage":"es","@id":"https:\/\/www.sonoraenequipo.com.mx\/#\/schema\/person\/image\/","url":"https:\/\/secure.gravatar.com\/avatar\/049821681b589dabc0bc20695993ccebb09f5b5d4d790cd9251b97faac7c652b?s=96&d=blank&r=g","contentUrl":"https:\/\/secure.gravatar.com\/avatar\/049821681b589dabc0bc20695993ccebb09f5b5d4d790cd9251b97faac7c652b?s=96&d=blank&r=g","caption":"enequipo"},"sameAs":["https:\/\/www.facebook.com\/SonoraEE"]}]}},"jetpack_featured_media_url":"https:\/\/www.sonoraenequipo.com.mx\/storage\/2025\/10\/rebeca-irene-silva-gallardo.jpg","_links":{"self":[{"href":"https:\/\/www.sonoraenequipo.com.mx\/api\/wp\/v2\/posts\/226234","targetHints":{"allow":["GET"]}}],"collection":[{"href":"https:\/\/www.sonoraenequipo.com.mx\/api\/wp\/v2\/posts"}],"about":[{"href":"https:\/\/www.sonoraenequipo.com.mx\/api\/wp\/v2\/types\/post"}],"author":[{"embeddable":true,"href":"https:\/\/www.sonoraenequipo.com.mx\/api\/wp\/v2\/users\/1"}],"replies":[{"embeddable":true,"href":"https:\/\/www.sonoraenequipo.com.mx\/api\/wp\/v2\/comments?post=226234"}],"version-history":[{"count":2,"href":"https:\/\/www.sonoraenequipo.com.mx\/api\/wp\/v2\/posts\/226234\/revisions"}],"predecessor-version":[{"id":226237,"href":"https:\/\/www.sonoraenequipo.com.mx\/api\/wp\/v2\/posts\/226234\/revisions\/226237"}],"wp:featuredmedia":[{"embeddable":true,"href":"https:\/\/www.sonoraenequipo.com.mx\/api\/wp\/v2\/media\/226235"}],"wp:attachment":[{"href":"https:\/\/www.sonoraenequipo.com.mx\/api\/wp\/v2\/media?parent=226234"}],"wp:term":[{"taxonomy":"category","embeddable":true,"href":"https:\/\/www.sonoraenequipo.com.mx\/api\/wp\/v2\/categories?post=226234"},{"taxonomy":"post_tag","embeddable":true,"href":"https:\/\/www.sonoraenequipo.com.mx\/api\/wp\/v2\/tags?post=226234"}],"curies":[{"name":"wp","href":"https:\/\/api.w.org\/{rel}","templated":true}]}}